{"id":31828,"date":"2026-05-20T17:07:05","date_gmt":"2026-05-20T17:07:05","guid":{"rendered":"https:\/\/dpress.ma\/fr\/?p=31828"},"modified":"2026-05-20T17:07:07","modified_gmt":"2026-05-20T17:07:07","slug":"maintien-de-la-paix-le-partenariat-dexception-renforce-entre-le-maroc-et-la-france-un-outil-puissant-pour-projeter-de-la-stabilite","status":"publish","type":"post","link":"https:\/\/dpress.ma\/fr\/2026\/05\/20\/maintien-de-la-paix-le-partenariat-dexception-renforce-entre-le-maroc-et-la-france-un-outil-puissant-pour-projeter-de-la-stabilite\/","title":{"rendered":"Maintien de la paix : Le partenariat d\u2019exception renforc\u00e9 entre le Maroc et la France, un outil puissant pour projeter de la stabilit\u00e9"},"content":{"rendered":"\n<p class=\"wp-block-paragraph\">Dpress<\/p>\n\n\n\n<p class=\"wp-block-paragraph\">&nbsp;Le partenariat d\u2019exception renforc\u00e9 entre le Maroc et la France s\u2019impose comme un outil puissant pour projeter de la stabilit\u00e9, face aux transformations majeures que conna\u00eet le monde, a soulign\u00e9, mercredi \u00e0 Rabat, le ministre fran\u00e7ais de l\u2019Europe et des Affaires \u00e9trang\u00e8res, Jean-No\u00ebl Barrot.<\/p>\n\n\n\n<p class=\"wp-block-paragraph\">\u201cFace aux bouleversements du monde, notre partenariat d\u2019exception renforc\u00e9 s\u2019impose comme un outil puissant pour projeter de la stabilit\u00e9 et impulser des solutions concr\u00e8tes\u201d, a d\u00e9clar\u00e9&nbsp;M. Barrot lors d\u2019un point de presse conjoint \u00e0 l\u2019issue de ses entretiens avec le ministre des Affaires \u00e9trang\u00e8res, de la Coop\u00e9ration africaine et des Marocains r\u00e9sidant \u00e0 l\u2019\u00e9tranger, Nasser Bourita, en marge de la 2e Conf\u00e9rence minist\u00e9rielle sur le maintien de la paix en environnement francophone.<\/p>\n\n\n\n<p class=\"wp-block-paragraph\">Les relations franco-marocaines s\u2019\u00e9rigent d\u00e9cid\u00e9ment en \u201cun&nbsp;mod\u00e8le d\u2019exception\u201d marqu\u00e9 par une coop\u00e9ration fructueuse couvrant divers domaines, dont l\u2019industrie, l\u2019\u00e9nergie, la s\u00e9curit\u00e9, la d\u00e9fense, la culture et le num\u00e9rique, au service des int\u00e9r\u00eats des deux peuples, a-t-il relev\u00e9, notant que les deux pays travaillent ensemble pour b\u00e2tir des projets d\u2019avenir en Afrique et pour l\u2019Afrique.<\/p>\n\n\n\n<p class=\"wp-block-paragraph\">Le Maroc est le premier partenaire \u00e9conomique de la France en Afrique et un hub logistique, \u00e9nerg\u00e9tique et financier majeur, a-t-il dit.<\/p>\n\n\n\n<p class=\"wp-block-paragraph\">Se f\u00e9licitant de la dynamique du partenariat franco-marocain, M. Barrot a soulign\u00e9 que les deux pays ont fait le choix d\u2019explorer de nouveaux domaines de coop\u00e9ration pour promouvoir davantage leurs relations bilat\u00e9rales \u201cuniques\u201d, pr\u00e9cisant&nbsp;que depuis la visite d\u2019Etat effectu\u00e9e en 2024, par le Pr\u00e9sident Emmanuel Macron dans le Royaume, d\u2019importantes r\u00e9alisations ont \u00e9t\u00e9 accomplies.<\/p>\n\n\n\n<p class=\"wp-block-paragraph\">Lors de cette visite, Sa Majest\u00e9 le Roi Mohammed VI et le Pr\u00e9sident fran\u00e7ais avaient \u201cfix\u00e9 une feuille de route claire et ambitieuse, que nous avons mis en oeuvre en veillant \u00e0 faire grandir encore l\u2019\u00e9lan de notre partenariat\u201d, a-t-il ajout\u00e9.<\/p>\n\n\n\n<p class=\"wp-block-paragraph\">M. Barrot a \u00e9galement salu\u00e9 \u201cla dynamique positive\u201d que conna\u00eet la question du Sahara marocain, r\u00e9it\u00e9rant le soutien de la France au plan d\u2019autonomie propos\u00e9 par le Maroc comme seule base d\u2019une solution politique \u201cjuste, durable et n\u00e9goci\u00e9e\u201d.<\/p>\n\n\n\n<p class=\"wp-block-paragraph\">Aussi, il a r\u00e9affirm\u00e9 la d\u00e9termination de la France \u00e0 soutenir les importants efforts entrepris par le Maroc pour d\u00e9velopper ces&nbsp;r\u00e9gions, rappelant que la France a accru sa pr\u00e9sence consulaire et ses activit\u00e9s culturelles, avec l\u2019ouverture d\u2019un centre de d\u00e9p\u00f4t des demandes de visa et la cr\u00e9ation d\u2019une Alliance fran\u00e7aise \u00e0 La\u00e2youne.<\/p>\n\n\n\n<p class=\"wp-block-paragraph\">Evoquant la Conf\u00e9rence minist\u00e9rielle sur le maintien de la paix en environnement francophone, le ministre a soulign\u00e9 qu\u2019il s\u2019agit d\u2019une nouvelle d\u00e9monstration de ce que le Maroc et la France peuvent accomplir ensemble pour promouvoir un multilat\u00e9ralisme efficace.<\/p>\n\n\n\n<p class=\"wp-block-paragraph\">Et d\u2019ajouter que cette Conf\u00e9rence illustre \u00e9galement l\u2019ambition de la France de b\u00e2tir un partenariat renouvel\u00e9 et r\u00e9nov\u00e9 avec le continent africain et sa volont\u00e9 de travailler avec le Royaume.<\/p>\n","protected":false},"excerpt":{"rendered":"<p>Dpress &nbsp;Le partenariat d\u2019exception renforc\u00e9 entre le Maroc et la France s\u2019impose comme un outil puissant pour projeter de la stabilit\u00e9, face aux transformations majeures que conna\u00eet le monde, a soulign\u00e9, mercredi \u00e0 Rabat, le ministre fran\u00e7ais de l\u2019Europe et des Affaires \u00e9trang\u00e8res, Jean-No\u00ebl Barrot. \u201cFace aux bouleversements du monde, notre partenariat d\u2019exception renforc\u00e9 s\u2019impose &hellip;<\/p>\n","protected":false},"author":2,"featured_media":31829,"comment_status":"open","ping_status":"open","sticky":false,"template":"","format":"standard","meta":{"footnotes":""},"categories":[41,26],"tags":[],"class_list":["post-31828","post","type-post","status-publish","format-standard","has-post-thumbnail","hentry","category-opinions-et-debats","category-politiques"],"yoast_head":"<!-- This site is optimized with the Yoast SEO plugin v28.0 - https:\/\/yoast.com\/product\/yoast-seo-wordpress\/ -->\n<title>Maintien de la paix : Le partenariat d\u2019exception renforc\u00e9 entre le Maroc et la France, un outil puissant pour projeter de la stabilit\u00e9 - Dpress.ma\/fr<\/title>\n<meta name=\"robots\" content=\"index, follow, max-snippet:-1, max-image-preview:large, max-video-preview:-1\" \/>\n<link rel=\"canonical\" href=\"https:\/\/dpress.ma\/fr\/2026\/05\/20\/maintien-de-la-paix-le-partenariat-dexception-renforce-entre-le-maroc-et-la-france-un-outil-puissant-pour-projeter-de-la-stabilite\/\" \/>\n<meta property=\"og:locale\" content=\"fr_FR\" \/>\n<meta property=\"og:type\" content=\"article\" \/>\n<meta property=\"og:title\" content=\"Maintien de la paix : Le partenariat d\u2019exception renforc\u00e9 entre le Maroc et la France, un outil puissant pour projeter de la stabilit\u00e9 - Dpress.ma\/fr\" \/>\n<meta property=\"og:description\" content=\"Dpress &nbsp;Le partenariat d\u2019exception renforc\u00e9 entre le Maroc et la France s\u2019impose comme un outil puissant pour projeter de la stabilit\u00e9, face aux transformations majeures que conna\u00eet le monde, a soulign\u00e9, mercredi \u00e0 Rabat, le ministre fran\u00e7ais de l\u2019Europe et des Affaires \u00e9trang\u00e8res, Jean-No\u00ebl Barrot. \u201cFace aux bouleversements du monde, notre partenariat d\u2019exception renforc\u00e9 s\u2019impose &hellip;\" \/>\n<meta property=\"og:url\" content=\"https:\/\/dpress.ma\/fr\/2026\/05\/20\/maintien-de-la-paix-le-partenariat-dexception-renforce-entre-le-maroc-et-la-france-un-outil-puissant-pour-projeter-de-la-stabilite\/\" \/>\n<meta property=\"og:site_name\" content=\"Dpress.ma\/fr\" \/>\n<meta property=\"article:published_time\" content=\"2026-05-20T17:07:05+00:00\" \/>\n<meta property=\"article:modified_time\" content=\"2026-05-20T17:07:07+00:00\" \/>\n<meta property=\"og:image\" content=\"https:\/\/dpress.ma\/fr\/wp-content\/uploads\/sites\/2\/2026\/05\/121-4.jpg\" \/>\n\t<meta property=\"og:image:width\" content=\"2539\" \/>\n\t<meta property=\"og:image:height\" content=\"1594\" \/>\n\t<meta property=\"og:image:type\" content=\"image\/jpeg\" \/>\n<meta name=\"author\" content=\"Dpress.ma\" \/>\n<meta name=\"twitter:card\" content=\"summary_large_image\" \/>\n<meta name=\"twitter:label1\" content=\"\u00c9crit par\" \/>\n\t<meta name=\"twitter:data1\" content=\"Dpress.ma\" \/>\n\t<meta name=\"twitter:label2\" content=\"Dur\u00e9e de lecture estim\u00e9e\" \/>\n\t<meta name=\"twitter:data2\" content=\"3 minutes\" \/>\n<script type=\"application\/ld+json\" class=\"yoast-schema-graph\">{\"@context\":\"https:\\\/\\\/schema.org\",\"@graph\":[{\"@type\":\"Article\",\"@id\":\"https:\\\/\\\/dpress.ma\\\/fr\\\/2026\\\/05\\\/20\\\/maintien-de-la-paix-le-partenariat-dexception-renforce-entre-le-maroc-et-la-france-un-outil-puissant-pour-projeter-de-la-stabilite\\\/#article\",\"isPartOf\":{\"@id\":\"https:\\\/\\\/dpress.ma\\\/fr\\\/2026\\\/05\\\/20\\\/maintien-de-la-paix-le-partenariat-dexception-renforce-entre-le-maroc-et-la-france-un-outil-puissant-pour-projeter-de-la-stabilite\\\/\"},\"author\":{\"name\":\"Dpress.ma\",\"@id\":\"https:\\\/\\\/dpress.ma\\\/fr\\\/#\\\/schema\\\/person\\\/4898febf3ccd59e6578d838656a306a0\"},\"headline\":\"Maintien de la paix : Le partenariat d\u2019exception renforc\u00e9 entre le Maroc et la France, un outil puissant pour projeter de la stabilit\u00e9\",\"datePublished\":\"2026-05-20T17:07:05+00:00\",\"dateModified\":\"2026-05-20T17:07:07+00:00\",\"mainEntityOfPage\":{\"@id\":\"https:\\\/\\\/dpress.ma\\\/fr\\\/2026\\\/05\\\/20\\\/maintien-de-la-paix-le-partenariat-dexception-renforce-entre-le-maroc-et-la-france-un-outil-puissant-pour-projeter-de-la-stabilite\\\/\"},\"wordCount\":553,\"commentCount\":0,\"image\":{\"@id\":\"https:\\\/\\\/dpress.ma\\\/fr\\\/2026\\\/05\\\/20\\\/maintien-de-la-paix-le-partenariat-dexception-renforce-entre-le-maroc-et-la-france-un-outil-puissant-pour-projeter-de-la-stabilite\\\/#primaryimage\"},\"thumbnailUrl\":\"https:\\\/\\\/dpress.ma\\\/fr\\\/wp-content\\\/uploads\\\/sites\\\/2\\\/2026\\\/05\\\/121-4.jpg\",\"articleSection\":[\"opinions-et-debats\",\"Politiques\"],\"inLanguage\":\"fr-FR\",\"potentialAction\":[{\"@type\":\"CommentAction\",\"name\":\"Comment\",\"target\":[\"https:\\\/\\\/dpress.ma\\\/fr\\\/2026\\\/05\\\/20\\\/maintien-de-la-paix-le-partenariat-dexception-renforce-entre-le-maroc-et-la-france-un-outil-puissant-pour-projeter-de-la-stabilite\\\/#respond\"]}]},{\"@type\":\"WebPage\",\"@id\":\"https:\\\/\\\/dpress.ma\\\/fr\\\/2026\\\/05\\\/20\\\/maintien-de-la-paix-le-partenariat-dexception-renforce-entre-le-maroc-et-la-france-un-outil-puissant-pour-projeter-de-la-stabilite\\\/\",\"url\":\"https:\\\/\\\/dpress.ma\\\/fr\\\/2026\\\/05\\\/20\\\/maintien-de-la-paix-le-partenariat-dexception-renforce-entre-le-maroc-et-la-france-un-outil-puissant-pour-projeter-de-la-stabilite\\\/\",\"name\":\"Maintien de la paix : Le partenariat d\u2019exception renforc\u00e9 entre le Maroc et la France, un outil puissant pour projeter de la stabilit\u00e9 - Dpress.ma\\\/fr\",\"isPartOf\":{\"@id\":\"https:\\\/\\\/dpress.ma\\\/fr\\\/#website\"},\"primaryImageOfPage\":{\"@id\":\"https:\\\/\\\/dpress.ma\\\/fr\\\/2026\\\/05\\\/20\\\/maintien-de-la-paix-le-partenariat-dexception-renforce-entre-le-maroc-et-la-france-un-outil-puissant-pour-projeter-de-la-stabilite\\\/#primaryimage\"},\"image\":{\"@id\":\"https:\\\/\\\/dpress.ma\\\/fr\\\/2026\\\/05\\\/20\\\/maintien-de-la-paix-le-partenariat-dexception-renforce-entre-le-maroc-et-la-france-un-outil-puissant-pour-projeter-de-la-stabilite\\\/#primaryimage\"},\"thumbnailUrl\":\"https:\\\/\\\/dpress.ma\\\/fr\\\/wp-content\\\/uploads\\\/sites\\\/2\\\/2026\\\/05\\\/121-4.jpg\",\"datePublished\":\"2026-05-20T17:07:05+00:00\",\"dateModified\":\"2026-05-20T17:07:07+00:00\",\"author\":{\"@id\":\"https:\\\/\\\/dpress.ma\\\/fr\\\/#\\\/schema\\\/person\\\/4898febf3ccd59e6578d838656a306a0\"},\"breadcrumb\":{\"@id\":\"https:\\\/\\\/dpress.ma\\\/fr\\\/2026\\\/05\\\/20\\\/maintien-de-la-paix-le-partenariat-dexception-renforce-entre-le-maroc-et-la-france-un-outil-puissant-pour-projeter-de-la-stabilite\\\/#breadcrumb\"},\"inLanguage\":\"fr-FR\",\"potentialAction\":[{\"@type\":\"ReadAction\",\"target\":[\"https:\\\/\\\/dpress.ma\\\/fr\\\/2026\\\/05\\\/20\\\/maintien-de-la-paix-le-partenariat-dexception-renforce-entre-le-maroc-et-la-france-un-outil-puissant-pour-projeter-de-la-stabilite\\\/\"]}]},{\"@type\":\"ImageObject\",\"inLanguage\":\"fr-FR\",\"@id\":\"https:\\\/\\\/dpress.ma\\\/fr\\\/2026\\\/05\\\/20\\\/maintien-de-la-paix-le-partenariat-dexception-renforce-entre-le-maroc-et-la-france-un-outil-puissant-pour-projeter-de-la-stabilite\\\/#primaryimage\",\"url\":\"https:\\\/\\\/dpress.ma\\\/fr\\\/wp-content\\\/uploads\\\/sites\\\/2\\\/2026\\\/05\\\/121-4.jpg\",\"contentUrl\":\"https:\\\/\\\/dpress.ma\\\/fr\\\/wp-content\\\/uploads\\\/sites\\\/2\\\/2026\\\/05\\\/121-4.jpg\",\"width\":2539,\"height\":1594},{\"@type\":\"BreadcrumbList\",\"@id\":\"https:\\\/\\\/dpress.ma\\\/fr\\\/2026\\\/05\\\/20\\\/maintien-de-la-paix-le-partenariat-dexception-renforce-entre-le-maroc-et-la-france-un-outil-puissant-pour-projeter-de-la-stabilite\\\/#breadcrumb\",\"itemListElement\":[{\"@type\":\"ListItem\",\"position\":1,\"name\":\"Home\",\"item\":\"https:\\\/\\\/dpress.ma\\\/fr\\\/\"},{\"@type\":\"ListItem\",\"position\":2,\"name\":\"Maintien de la paix : Le partenariat d\u2019exception renforc\u00e9 entre le Maroc et la France, un outil puissant pour projeter de la stabilit\u00e9\"}]},{\"@type\":\"WebSite\",\"@id\":\"https:\\\/\\\/dpress.ma\\\/fr\\\/#website\",\"url\":\"https:\\\/\\\/dpress.ma\\\/fr\\\/\",\"name\":\"Dpress.ma\\\/fr\",\"description\":\"\",\"potentialAction\":[{\"@type\":\"SearchAction\",\"target\":{\"@type\":\"EntryPoint\",\"urlTemplate\":\"https:\\\/\\\/dpress.ma\\\/fr\\\/?s={search_term_string}\"},\"query-input\":{\"@type\":\"PropertyValueSpecification\",\"valueRequired\":true,\"valueName\":\"search_term_string\"}}],\"inLanguage\":\"fr-FR\"},{\"@type\":\"Person\",\"@id\":\"https:\\\/\\\/dpress.ma\\\/fr\\\/#\\\/schema\\\/person\\\/4898febf3ccd59e6578d838656a306a0\",\"name\":\"Dpress.ma\",\"image\":{\"@type\":\"ImageObject\",\"inLanguage\":\"fr-FR\",\"@id\":\"https:\\\/\\\/secure.gravatar.com\\\/avatar\\\/72ecc30e9db047a2e0e7176561eb9d564ed77c8108376495b19bd8336405198a?s=96&d=mm&r=g\",\"url\":\"https:\\\/\\\/secure.gravatar.com\\\/avatar\\\/72ecc30e9db047a2e0e7176561eb9d564ed77c8108376495b19bd8336405198a?s=96&d=mm&r=g\",\"contentUrl\":\"https:\\\/\\\/secure.gravatar.com\\\/avatar\\\/72ecc30e9db047a2e0e7176561eb9d564ed77c8108376495b19bd8336405198a?s=96&d=mm&r=g\",\"caption\":\"Dpress.ma\"},\"sameAs\":[\"https:\\\/\\\/www.dpress.ma\"],\"url\":\"https:\\\/\\\/dpress.ma\\\/fr\\\/author\\\/dpress-ma\\\/\"}]}<\/script>\n<!-- \/ Yoast SEO plugin. -->","yoast_head_json":{"title":"Maintien de la paix : Le partenariat d\u2019exception renforc\u00e9 entre le Maroc et la France, un outil puissant pour projeter de la stabilit\u00e9 - Dpress.ma\/fr","robots":{"index":"index","follow":"follow","max-snippet":"max-snippet:-1","max-image-preview":"max-image-preview:large","max-video-preview":"max-video-preview:-1"},"canonical":"https:\/\/dpress.ma\/fr\/2026\/05\/20\/maintien-de-la-paix-le-partenariat-dexception-renforce-entre-le-maroc-et-la-france-un-outil-puissant-pour-projeter-de-la-stabilite\/","og_locale":"fr_FR","og_type":"article","og_title":"Maintien de la paix : Le partenariat d\u2019exception renforc\u00e9 entre le Maroc et la France, un outil puissant pour projeter de la stabilit\u00e9 - Dpress.ma\/fr","og_description":"Dpress &nbsp;Le partenariat d\u2019exception renforc\u00e9 entre le Maroc et la France s\u2019impose comme un outil puissant pour projeter de la stabilit\u00e9, face aux transformations majeures que conna\u00eet le monde, a soulign\u00e9, mercredi \u00e0 Rabat, le ministre fran\u00e7ais de l\u2019Europe et des Affaires \u00e9trang\u00e8res, Jean-No\u00ebl Barrot. \u201cFace aux bouleversements du monde, notre partenariat d\u2019exception renforc\u00e9 s\u2019impose &hellip;","og_url":"https:\/\/dpress.ma\/fr\/2026\/05\/20\/maintien-de-la-paix-le-partenariat-dexception-renforce-entre-le-maroc-et-la-france-un-outil-puissant-pour-projeter-de-la-stabilite\/","og_site_name":"Dpress.ma\/fr","article_published_time":"2026-05-20T17:07:05+00:00","article_modified_time":"2026-05-20T17:07:07+00:00","og_image":[{"width":2539,"height":1594,"url":"https:\/\/dpress.ma\/fr\/wp-content\/uploads\/sites\/2\/2026\/05\/121-4.jpg","type":"image\/jpeg"}],"author":"Dpress.ma","twitter_card":"summary_large_image","twitter_misc":{"\u00c9crit par":"Dpress.ma","Dur\u00e9e de lecture estim\u00e9e":"3 minutes"},"schema":{"@context":"https:\/\/schema.org","@graph":[{"@type":"Article","@id":"https:\/\/dpress.ma\/fr\/2026\/05\/20\/maintien-de-la-paix-le-partenariat-dexception-renforce-entre-le-maroc-et-la-france-un-outil-puissant-pour-projeter-de-la-stabilite\/#article","isPartOf":{"@id":"https:\/\/dpress.ma\/fr\/2026\/05\/20\/maintien-de-la-paix-le-partenariat-dexception-renforce-entre-le-maroc-et-la-france-un-outil-puissant-pour-projeter-de-la-stabilite\/"},"author":{"name":"Dpress.ma","@id":"https:\/\/dpress.ma\/fr\/#\/schema\/person\/4898febf3ccd59e6578d838656a306a0"},"headline":"Maintien de la paix : Le partenariat d\u2019exception renforc\u00e9 entre le Maroc et la France, un outil puissant pour projeter de la stabilit\u00e9","datePublished":"2026-05-20T17:07:05+00:00","dateModified":"2026-05-20T17:07:07+00:00","mainEntityOfPage":{"@id":"https:\/\/dpress.ma\/fr\/2026\/05\/20\/maintien-de-la-paix-le-partenariat-dexception-renforce-entre-le-maroc-et-la-france-un-outil-puissant-pour-projeter-de-la-stabilite\/"},"wordCount":553,"commentCount":0,"image":{"@id":"https:\/\/dpress.ma\/fr\/2026\/05\/20\/maintien-de-la-paix-le-partenariat-dexception-renforce-entre-le-maroc-et-la-france-un-outil-puissant-pour-projeter-de-la-stabilite\/#primaryimage"},"thumbnailUrl":"https:\/\/dpress.ma\/fr\/wp-content\/uploads\/sites\/2\/2026\/05\/121-4.jpg","articleSection":["opinions-et-debats","Politiques"],"inLanguage":"fr-FR","potentialAction":[{"@type":"CommentAction","name":"Comment","target":["https:\/\/dpress.ma\/fr\/2026\/05\/20\/maintien-de-la-paix-le-partenariat-dexception-renforce-entre-le-maroc-et-la-france-un-outil-puissant-pour-projeter-de-la-stabilite\/#respond"]}]},{"@type":"WebPage","@id":"https:\/\/dpress.ma\/fr\/2026\/05\/20\/maintien-de-la-paix-le-partenariat-dexception-renforce-entre-le-maroc-et-la-france-un-outil-puissant-pour-projeter-de-la-stabilite\/","url":"https:\/\/dpress.ma\/fr\/2026\/05\/20\/maintien-de-la-paix-le-partenariat-dexception-renforce-entre-le-maroc-et-la-france-un-outil-puissant-pour-projeter-de-la-stabilite\/","name":"Maintien de la paix : Le partenariat d\u2019exception renforc\u00e9 entre le Maroc et la France, un outil puissant pour projeter de la stabilit\u00e9 - Dpress.ma\/fr","isPartOf":{"@id":"https:\/\/dpress.ma\/fr\/#website"},"primaryImageOfPage":{"@id":"https:\/\/dpress.ma\/fr\/2026\/05\/20\/maintien-de-la-paix-le-partenariat-dexception-renforce-entre-le-maroc-et-la-france-un-outil-puissant-pour-projeter-de-la-stabilite\/#primaryimage"},"image":{"@id":"https:\/\/dpress.ma\/fr\/2026\/05\/20\/maintien-de-la-paix-le-partenariat-dexception-renforce-entre-le-maroc-et-la-france-un-outil-puissant-pour-projeter-de-la-stabilite\/#primaryimage"},"thumbnailUrl":"https:\/\/dpress.ma\/fr\/wp-content\/uploads\/sites\/2\/2026\/05\/121-4.jpg","datePublished":"2026-05-20T17:07:05+00:00","dateModified":"2026-05-20T17:07:07+00:00","author":{"@id":"https:\/\/dpress.ma\/fr\/#\/schema\/person\/4898febf3ccd59e6578d838656a306a0"},"breadcrumb":{"@id":"https:\/\/dpress.ma\/fr\/2026\/05\/20\/maintien-de-la-paix-le-partenariat-dexception-renforce-entre-le-maroc-et-la-france-un-outil-puissant-pour-projeter-de-la-stabilite\/#breadcrumb"},"inLanguage":"fr-FR","potentialAction":[{"@type":"ReadAction","target":["https:\/\/dpress.ma\/fr\/2026\/05\/20\/maintien-de-la-paix-le-partenariat-dexception-renforce-entre-le-maroc-et-la-france-un-outil-puissant-pour-projeter-de-la-stabilite\/"]}]},{"@type":"ImageObject","inLanguage":"fr-FR","@id":"https:\/\/dpress.ma\/fr\/2026\/05\/20\/maintien-de-la-paix-le-partenariat-dexception-renforce-entre-le-maroc-et-la-france-un-outil-puissant-pour-projeter-de-la-stabilite\/#primaryimage","url":"https:\/\/dpress.ma\/fr\/wp-content\/uploads\/sites\/2\/2026\/05\/121-4.jpg","contentUrl":"https:\/\/dpress.ma\/fr\/wp-content\/uploads\/sites\/2\/2026\/05\/121-4.jpg","width":2539,"height":1594},{"@type":"BreadcrumbList","@id":"https:\/\/dpress.ma\/fr\/2026\/05\/20\/maintien-de-la-paix-le-partenariat-dexception-renforce-entre-le-maroc-et-la-france-un-outil-puissant-pour-projeter-de-la-stabilite\/#breadcrumb","itemListElement":[{"@type":"ListItem","position":1,"name":"Home","item":"https:\/\/dpress.ma\/fr\/"},{"@type":"ListItem","position":2,"name":"Maintien de la paix : Le partenariat d\u2019exception renforc\u00e9 entre le Maroc et la France, un outil puissant pour projeter de la stabilit\u00e9"}]},{"@type":"WebSite","@id":"https:\/\/dpress.ma\/fr\/#website","url":"https:\/\/dpress.ma\/fr\/","name":"Dpress.ma\/fr","description":"","potentialAction":[{"@type":"SearchAction","target":{"@type":"EntryPoint","urlTemplate":"https:\/\/dpress.ma\/fr\/?s={search_term_string}"},"query-input":{"@type":"PropertyValueSpecification","valueRequired":true,"valueName":"search_term_string"}}],"inLanguage":"fr-FR"},{"@type":"Person","@id":"https:\/\/dpress.ma\/fr\/#\/schema\/person\/4898febf3ccd59e6578d838656a306a0","name":"Dpress.ma","image":{"@type":"ImageObject","inLanguage":"fr-FR","@id":"https:\/\/secure.gravatar.com\/avatar\/72ecc30e9db047a2e0e7176561eb9d564ed77c8108376495b19bd8336405198a?s=96&d=mm&r=g","url":"https:\/\/secure.gravatar.com\/avatar\/72ecc30e9db047a2e0e7176561eb9d564ed77c8108376495b19bd8336405198a?s=96&d=mm&r=g","contentUrl":"https:\/\/secure.gravatar.com\/avatar\/72ecc30e9db047a2e0e7176561eb9d564ed77c8108376495b19bd8336405198a?s=96&d=mm&r=g","caption":"Dpress.ma"},"sameAs":["https:\/\/www.dpress.ma"],"url":"https:\/\/dpress.ma\/fr\/author\/dpress-ma\/"}]}},"amp_enabled":true,"_links":{"self":[{"href":"https:\/\/dpress.ma\/fr\/wp-json\/wp\/v2\/posts\/31828","targetHints":{"allow":["GET"]}}],"collection":[{"href":"https:\/\/dpress.ma\/fr\/wp-json\/wp\/v2\/posts"}],"about":[{"href":"https:\/\/dpress.ma\/fr\/wp-json\/wp\/v2\/types\/post"}],"author":[{"embeddable":true,"href":"https:\/\/dpress.ma\/fr\/wp-json\/wp\/v2\/users\/2"}],"replies":[{"embeddable":true,"href":"https:\/\/dpress.ma\/fr\/wp-json\/wp\/v2\/comments?post=31828"}],"version-history":[{"count":1,"href":"https:\/\/dpress.ma\/fr\/wp-json\/wp\/v2\/posts\/31828\/revisions"}],"predecessor-version":[{"id":31830,"href":"https:\/\/dpress.ma\/fr\/wp-json\/wp\/v2\/posts\/31828\/revisions\/31830"}],"wp:featuredmedia":[{"embeddable":true,"href":"https:\/\/dpress.ma\/fr\/wp-json\/wp\/v2\/media\/31829"}],"wp:attachment":[{"href":"https:\/\/dpress.ma\/fr\/wp-json\/wp\/v2\/media?parent=31828"}],"wp:term":[{"taxonomy":"category","embeddable":true,"href":"https:\/\/dpress.ma\/fr\/wp-json\/wp\/v2\/categories?post=31828"},{"taxonomy":"post_tag","embeddable":true,"href":"https:\/\/dpress.ma\/fr\/wp-json\/wp\/v2\/tags?post=31828"}],"curies":[{"name":"wp","href":"https:\/\/api.w.org\/{rel}","templated":true}]}}