{"id":31633,"date":"2026-05-19T13:47:12","date_gmt":"2026-05-19T13:47:12","guid":{"rendered":"https:\/\/dpress.ma\/fr\/?p=31633"},"modified":"2026-05-19T13:47:17","modified_gmt":"2026-05-19T13:47:17","slug":"chambre-des-representants-approbation-dun-projet-de-loi-relatif-aux-etablissements-de-credit-et-de-la-loi-portant-statut-de-bam","status":"publish","type":"post","link":"https:\/\/dpress.ma\/fr\/2026\/05\/19\/chambre-des-representants-approbation-dun-projet-de-loi-relatif-aux-etablissements-de-credit-et-de-la-loi-portant-statut-de-bam\/","title":{"rendered":"Chambre des repr\u00e9sentants : approbation d\u2019un projet de loi relatif aux \u00e9tablissements de cr\u00e9dit et de la loi portant statut de BAM"},"content":{"rendered":"\n<p class=\"wp-block-paragraph\">Dpress<\/p>\n\n\n\n<p class=\"wp-block-paragraph\">La Chambre des repr\u00e9sentants a adopt\u00e9, mardi, le projet de loi n\u00b0 87.21 modifiant et compl\u00e9tant la loi n\u00b0 103.12 relative aux \u00e9tablissements de cr\u00e9dit et organismes assimil\u00e9s, ainsi que la loi n\u00b0 40.17 portant statut de Bank Al-Maghrib.<\/p>\n\n\n\n<p class=\"wp-block-paragraph\">A cette occasion,&nbsp;le ministre de l\u2019Enseignement sup\u00e9rieur, de la Recherche scientifique et de l\u2019Innovation, Azzedine El Midaoui, a indiqu\u00e9 que ce projet de loi, qui a r\u00e9colt\u00e9 66 votes positifs et et 28 votes n\u00e9gatifs,&nbsp;intervient dans une conjoncture nationale et internationale marqu\u00e9e par&nbsp;le besoin croissant de renforcer les m\u00e9canismes de pr\u00e9vention et de gestion proactive des risques auxquels peuvent \u00eatre confront\u00e9s les \u00e9tablissements bancaires, en particulier ceux ayant un caract\u00e8re syst\u00e9mique ou dont la d\u00e9faillance pourrait avoir un impact sur la stabilit\u00e9 financi\u00e8re.<\/p>\n\n\n\n<p class=\"wp-block-paragraph\">Dans une allocution lue au nom de la ministre de l\u2019\u00c9conomie et des Finances, M. El Midaoui a pr\u00e9cis\u00e9 que ce texte l\u00e9gislatif intervient aussi dans un contexte de mutations \u00e9conomiques et financi\u00e8res acc\u00e9l\u00e9r\u00e9es de par le monde,&nbsp;avec l\u2019interconnexion croissante des syst\u00e8mes financiers et le besoin accru en cadres juridiques et r\u00e9glementaires plus aptes \u00e0 faire face aux crises et \u00e0 en att\u00e9nuer les effets.<\/p>\n\n\n\n<p class=\"wp-block-paragraph\">Le ministre a soulign\u00e9, par ailleurs, que la mise en \u0153uvre optimale de ce projet de loi constitue un pilier essentiel pour compl\u00e9ter et renforcer le cadre juridique relatif au traitement des difficult\u00e9s des \u00e9tablissements de cr\u00e9dit, notant que cela passe par l\u2019\u00e9tablissement de m\u00e9canismes plus efficaces d\u2019intervention pr\u00e9coce et de r\u00e9solution et la mise \u00e0 la disposition des autorit\u00e9s comp\u00e9tentes des moyens l\u00e9gaux et r\u00e9glementaires n\u00e9cessaires pour pr\u00e9server la stabilit\u00e9 du secteur bancaire et assurer la p\u00e9rennit\u00e9 de ses fonctions vitales.<\/p>\n\n\n\n<p class=\"wp-block-paragraph\">La commission des finances et du d\u00e9veloppement \u00e9conomique \u00e0 la Chambre des repr\u00e9sentants avait adopt\u00e9 ce projet de loi&nbsp;apr\u00e8s l\u2019introduction de plusieurs amendements visant notamment \u00e0 renforcer la gouvernance et la transparence dans l\u2019octroi et le retrait des agr\u00e9ments des \u00e9tablissements de cr\u00e9dit, \u00e0 pr\u00e9ciser certaines notions li\u00e9es aux risques syst\u00e9miques et \u00e0 la stabilit\u00e9 financi\u00e8re et \u00e0 clarifier la nature de l\u2019intervention du Fonds de garantie des d\u00e9p\u00f4ts et de financement de la r\u00e9solution des crises, en tant que contributeur au financement des mesures de r\u00e9solution selon une approche multi-sources.<\/p>\n","protected":false},"excerpt":{"rendered":"<p>Dpress La Chambre des repr\u00e9sentants a adopt\u00e9, mardi, le projet de loi n\u00b0 87.21 modifiant et compl\u00e9tant la loi n\u00b0 103.12 relative aux \u00e9tablissements de cr\u00e9dit et organismes assimil\u00e9s, ainsi que la loi n\u00b0 40.17 portant statut de Bank Al-Maghrib. A cette occasion,&nbsp;le ministre de l\u2019Enseignement sup\u00e9rieur, de la Recherche scientifique et de l\u2019Innovation, Azzedine &hellip;<\/p>\n","protected":false},"author":2,"featured_media":31634,"comment_status":"open","ping_status":"open","sticky":false,"template":"","format":"standard","meta":{"footnotes":""},"categories":[26],"tags":[],"class_list":["post-31633","post","type-post","status-publish","format-standard","has-post-thumbnail","hentry","category-politiques"],"yoast_head":"<!-- This site is optimized with the Yoast SEO plugin v28.0 - https:\/\/yoast.com\/product\/yoast-seo-wordpress\/ -->\n<title>Chambre des repr\u00e9sentants : approbation d\u2019un projet de loi relatif aux \u00e9tablissements de cr\u00e9dit et de la loi portant statut de BAM - Dpress.ma\/fr<\/title>\n<meta name=\"robots\" content=\"index, follow, max-snippet:-1, max-image-preview:large, max-video-preview:-1\" \/>\n<link rel=\"canonical\" href=\"https:\/\/dpress.ma\/fr\/2026\/05\/19\/chambre-des-representants-approbation-dun-projet-de-loi-relatif-aux-etablissements-de-credit-et-de-la-loi-portant-statut-de-bam\/\" \/>\n<meta property=\"og:locale\" content=\"fr_FR\" \/>\n<meta property=\"og:type\" content=\"article\" \/>\n<meta property=\"og:title\" content=\"Chambre des repr\u00e9sentants : approbation d\u2019un projet de loi relatif aux \u00e9tablissements de cr\u00e9dit et de la loi portant statut de BAM - Dpress.ma\/fr\" \/>\n<meta property=\"og:description\" content=\"Dpress La Chambre des repr\u00e9sentants a adopt\u00e9, mardi, le projet de loi n\u00b0 87.21 modifiant et compl\u00e9tant la loi n\u00b0 103.12 relative aux \u00e9tablissements de cr\u00e9dit et organismes assimil\u00e9s, ainsi que la loi n\u00b0 40.17 portant statut de Bank Al-Maghrib. A cette occasion,&nbsp;le ministre de l\u2019Enseignement sup\u00e9rieur, de la Recherche scientifique et de l\u2019Innovation, Azzedine &hellip;\" \/>\n<meta property=\"og:url\" content=\"https:\/\/dpress.ma\/fr\/2026\/05\/19\/chambre-des-representants-approbation-dun-projet-de-loi-relatif-aux-etablissements-de-credit-et-de-la-loi-portant-statut-de-bam\/\" \/>\n<meta property=\"og:site_name\" content=\"Dpress.ma\/fr\" \/>\n<meta property=\"article:published_time\" content=\"2026-05-19T13:47:12+00:00\" \/>\n<meta property=\"article:modified_time\" content=\"2026-05-19T13:47:17+00:00\" \/>\n<meta property=\"og:image\" content=\"https:\/\/dpress.ma\/fr\/wp-content\/uploads\/sites\/2\/2026\/05\/84-2.jpg\" \/>\n\t<meta property=\"og:image:width\" content=\"2539\" \/>\n\t<meta property=\"og:image:height\" content=\"1594\" \/>\n\t<meta property=\"og:image:type\" content=\"image\/jpeg\" \/>\n<meta name=\"author\" content=\"Dpress.ma\" \/>\n<meta name=\"twitter:card\" content=\"summary_large_image\" \/>\n<meta name=\"twitter:label1\" content=\"\u00c9crit par\" \/>\n\t<meta name=\"twitter:data1\" content=\"Dpress.ma\" \/>\n\t<meta name=\"twitter:label2\" content=\"Dur\u00e9e de lecture estim\u00e9e\" \/>\n\t<meta name=\"twitter:data2\" content=\"3 minutes\" \/>\n<script type=\"application\/ld+json\" class=\"yoast-schema-graph\">{\"@context\":\"https:\\\/\\\/schema.org\",\"@graph\":[{\"@type\":\"Article\",\"@id\":\"https:\\\/\\\/dpress.ma\\\/fr\\\/2026\\\/05\\\/19\\\/chambre-des-representants-approbation-dun-projet-de-loi-relatif-aux-etablissements-de-credit-et-de-la-loi-portant-statut-de-bam\\\/#article\",\"isPartOf\":{\"@id\":\"https:\\\/\\\/dpress.ma\\\/fr\\\/2026\\\/05\\\/19\\\/chambre-des-representants-approbation-dun-projet-de-loi-relatif-aux-etablissements-de-credit-et-de-la-loi-portant-statut-de-bam\\\/\"},\"author\":{\"name\":\"Dpress.ma\",\"@id\":\"https:\\\/\\\/dpress.ma\\\/fr\\\/#\\\/schema\\\/person\\\/4898febf3ccd59e6578d838656a306a0\"},\"headline\":\"Chambre des repr\u00e9sentants : approbation d\u2019un projet de loi relatif aux \u00e9tablissements de cr\u00e9dit et de la loi portant statut de BAM\",\"datePublished\":\"2026-05-19T13:47:12+00:00\",\"dateModified\":\"2026-05-19T13:47:17+00:00\",\"mainEntityOfPage\":{\"@id\":\"https:\\\/\\\/dpress.ma\\\/fr\\\/2026\\\/05\\\/19\\\/chambre-des-representants-approbation-dun-projet-de-loi-relatif-aux-etablissements-de-credit-et-de-la-loi-portant-statut-de-bam\\\/\"},\"wordCount\":441,\"commentCount\":0,\"image\":{\"@id\":\"https:\\\/\\\/dpress.ma\\\/fr\\\/2026\\\/05\\\/19\\\/chambre-des-representants-approbation-dun-projet-de-loi-relatif-aux-etablissements-de-credit-et-de-la-loi-portant-statut-de-bam\\\/#primaryimage\"},\"thumbnailUrl\":\"https:\\\/\\\/dpress.ma\\\/fr\\\/wp-content\\\/uploads\\\/sites\\\/2\\\/2026\\\/05\\\/84-2.jpg\",\"articleSection\":[\"Politiques\"],\"inLanguage\":\"fr-FR\",\"potentialAction\":[{\"@type\":\"CommentAction\",\"name\":\"Comment\",\"target\":[\"https:\\\/\\\/dpress.ma\\\/fr\\\/2026\\\/05\\\/19\\\/chambre-des-representants-approbation-dun-projet-de-loi-relatif-aux-etablissements-de-credit-et-de-la-loi-portant-statut-de-bam\\\/#respond\"]}]},{\"@type\":\"WebPage\",\"@id\":\"https:\\\/\\\/dpress.ma\\\/fr\\\/2026\\\/05\\\/19\\\/chambre-des-representants-approbation-dun-projet-de-loi-relatif-aux-etablissements-de-credit-et-de-la-loi-portant-statut-de-bam\\\/\",\"url\":\"https:\\\/\\\/dpress.ma\\\/fr\\\/2026\\\/05\\\/19\\\/chambre-des-representants-approbation-dun-projet-de-loi-relatif-aux-etablissements-de-credit-et-de-la-loi-portant-statut-de-bam\\\/\",\"name\":\"Chambre des repr\u00e9sentants : approbation d\u2019un projet de loi relatif aux \u00e9tablissements de cr\u00e9dit et de la loi portant statut de BAM - Dpress.ma\\\/fr\",\"isPartOf\":{\"@id\":\"https:\\\/\\\/dpress.ma\\\/fr\\\/#website\"},\"primaryImageOfPage\":{\"@id\":\"https:\\\/\\\/dpress.ma\\\/fr\\\/2026\\\/05\\\/19\\\/chambre-des-representants-approbation-dun-projet-de-loi-relatif-aux-etablissements-de-credit-et-de-la-loi-portant-statut-de-bam\\\/#primaryimage\"},\"image\":{\"@id\":\"https:\\\/\\\/dpress.ma\\\/fr\\\/2026\\\/05\\\/19\\\/chambre-des-representants-approbation-dun-projet-de-loi-relatif-aux-etablissements-de-credit-et-de-la-loi-portant-statut-de-bam\\\/#primaryimage\"},\"thumbnailUrl\":\"https:\\\/\\\/dpress.ma\\\/fr\\\/wp-content\\\/uploads\\\/sites\\\/2\\\/2026\\\/05\\\/84-2.jpg\",\"datePublished\":\"2026-05-19T13:47:12+00:00\",\"dateModified\":\"2026-05-19T13:47:17+00:00\",\"author\":{\"@id\":\"https:\\\/\\\/dpress.ma\\\/fr\\\/#\\\/schema\\\/person\\\/4898febf3ccd59e6578d838656a306a0\"},\"breadcrumb\":{\"@id\":\"https:\\\/\\\/dpress.ma\\\/fr\\\/2026\\\/05\\\/19\\\/chambre-des-representants-approbation-dun-projet-de-loi-relatif-aux-etablissements-de-credit-et-de-la-loi-portant-statut-de-bam\\\/#breadcrumb\"},\"inLanguage\":\"fr-FR\",\"potentialAction\":[{\"@type\":\"ReadAction\",\"target\":[\"https:\\\/\\\/dpress.ma\\\/fr\\\/2026\\\/05\\\/19\\\/chambre-des-representants-approbation-dun-projet-de-loi-relatif-aux-etablissements-de-credit-et-de-la-loi-portant-statut-de-bam\\\/\"]}]},{\"@type\":\"ImageObject\",\"inLanguage\":\"fr-FR\",\"@id\":\"https:\\\/\\\/dpress.ma\\\/fr\\\/2026\\\/05\\\/19\\\/chambre-des-representants-approbation-dun-projet-de-loi-relatif-aux-etablissements-de-credit-et-de-la-loi-portant-statut-de-bam\\\/#primaryimage\",\"url\":\"https:\\\/\\\/dpress.ma\\\/fr\\\/wp-content\\\/uploads\\\/sites\\\/2\\\/2026\\\/05\\\/84-2.jpg\",\"contentUrl\":\"https:\\\/\\\/dpress.ma\\\/fr\\\/wp-content\\\/uploads\\\/sites\\\/2\\\/2026\\\/05\\\/84-2.jpg\",\"width\":2539,\"height\":1594},{\"@type\":\"BreadcrumbList\",\"@id\":\"https:\\\/\\\/dpress.ma\\\/fr\\\/2026\\\/05\\\/19\\\/chambre-des-representants-approbation-dun-projet-de-loi-relatif-aux-etablissements-de-credit-et-de-la-loi-portant-statut-de-bam\\\/#breadcrumb\",\"itemListElement\":[{\"@type\":\"ListItem\",\"position\":1,\"name\":\"Home\",\"item\":\"https:\\\/\\\/dpress.ma\\\/fr\\\/\"},{\"@type\":\"ListItem\",\"position\":2,\"name\":\"Chambre des repr\u00e9sentants : approbation d\u2019un projet de loi relatif aux \u00e9tablissements de cr\u00e9dit et de la loi portant statut de BAM\"}]},{\"@type\":\"WebSite\",\"@id\":\"https:\\\/\\\/dpress.ma\\\/fr\\\/#website\",\"url\":\"https:\\\/\\\/dpress.ma\\\/fr\\\/\",\"name\":\"Dpress.ma\\\/fr\",\"description\":\"\",\"potentialAction\":[{\"@type\":\"SearchAction\",\"target\":{\"@type\":\"EntryPoint\",\"urlTemplate\":\"https:\\\/\\\/dpress.ma\\\/fr\\\/?s={search_term_string}\"},\"query-input\":{\"@type\":\"PropertyValueSpecification\",\"valueRequired\":true,\"valueName\":\"search_term_string\"}}],\"inLanguage\":\"fr-FR\"},{\"@type\":\"Person\",\"@id\":\"https:\\\/\\\/dpress.ma\\\/fr\\\/#\\\/schema\\\/person\\\/4898febf3ccd59e6578d838656a306a0\",\"name\":\"Dpress.ma\",\"image\":{\"@type\":\"ImageObject\",\"inLanguage\":\"fr-FR\",\"@id\":\"https:\\\/\\\/secure.gravatar.com\\\/avatar\\\/72ecc30e9db047a2e0e7176561eb9d564ed77c8108376495b19bd8336405198a?s=96&d=mm&r=g\",\"url\":\"https:\\\/\\\/secure.gravatar.com\\\/avatar\\\/72ecc30e9db047a2e0e7176561eb9d564ed77c8108376495b19bd8336405198a?s=96&d=mm&r=g\",\"contentUrl\":\"https:\\\/\\\/secure.gravatar.com\\\/avatar\\\/72ecc30e9db047a2e0e7176561eb9d564ed77c8108376495b19bd8336405198a?s=96&d=mm&r=g\",\"caption\":\"Dpress.ma\"},\"sameAs\":[\"https:\\\/\\\/www.dpress.ma\"],\"url\":\"https:\\\/\\\/dpress.ma\\\/fr\\\/author\\\/dpress-ma\\\/\"}]}<\/script>\n<!-- \/ Yoast SEO plugin. -->","yoast_head_json":{"title":"Chambre des repr\u00e9sentants : approbation d\u2019un projet de loi relatif aux \u00e9tablissements de cr\u00e9dit et de la loi portant statut de BAM - Dpress.ma\/fr","robots":{"index":"index","follow":"follow","max-snippet":"max-snippet:-1","max-image-preview":"max-image-preview:large","max-video-preview":"max-video-preview:-1"},"canonical":"https:\/\/dpress.ma\/fr\/2026\/05\/19\/chambre-des-representants-approbation-dun-projet-de-loi-relatif-aux-etablissements-de-credit-et-de-la-loi-portant-statut-de-bam\/","og_locale":"fr_FR","og_type":"article","og_title":"Chambre des repr\u00e9sentants : approbation d\u2019un projet de loi relatif aux \u00e9tablissements de cr\u00e9dit et de la loi portant statut de BAM - Dpress.ma\/fr","og_description":"Dpress La Chambre des repr\u00e9sentants a adopt\u00e9, mardi, le projet de loi n\u00b0 87.21 modifiant et compl\u00e9tant la loi n\u00b0 103.12 relative aux \u00e9tablissements de cr\u00e9dit et organismes assimil\u00e9s, ainsi que la loi n\u00b0 40.17 portant statut de Bank Al-Maghrib. A cette occasion,&nbsp;le ministre de l\u2019Enseignement sup\u00e9rieur, de la Recherche scientifique et de l\u2019Innovation, Azzedine &hellip;","og_url":"https:\/\/dpress.ma\/fr\/2026\/05\/19\/chambre-des-representants-approbation-dun-projet-de-loi-relatif-aux-etablissements-de-credit-et-de-la-loi-portant-statut-de-bam\/","og_site_name":"Dpress.ma\/fr","article_published_time":"2026-05-19T13:47:12+00:00","article_modified_time":"2026-05-19T13:47:17+00:00","og_image":[{"width":2539,"height":1594,"url":"https:\/\/dpress.ma\/fr\/wp-content\/uploads\/sites\/2\/2026\/05\/84-2.jpg","type":"image\/jpeg"}],"author":"Dpress.ma","twitter_card":"summary_large_image","twitter_misc":{"\u00c9crit par":"Dpress.ma","Dur\u00e9e de lecture estim\u00e9e":"3 minutes"},"schema":{"@context":"https:\/\/schema.org","@graph":[{"@type":"Article","@id":"https:\/\/dpress.ma\/fr\/2026\/05\/19\/chambre-des-representants-approbation-dun-projet-de-loi-relatif-aux-etablissements-de-credit-et-de-la-loi-portant-statut-de-bam\/#article","isPartOf":{"@id":"https:\/\/dpress.ma\/fr\/2026\/05\/19\/chambre-des-representants-approbation-dun-projet-de-loi-relatif-aux-etablissements-de-credit-et-de-la-loi-portant-statut-de-bam\/"},"author":{"name":"Dpress.ma","@id":"https:\/\/dpress.ma\/fr\/#\/schema\/person\/4898febf3ccd59e6578d838656a306a0"},"headline":"Chambre des repr\u00e9sentants : approbation d\u2019un projet de loi relatif aux \u00e9tablissements de cr\u00e9dit et de la loi portant statut de BAM","datePublished":"2026-05-19T13:47:12+00:00","dateModified":"2026-05-19T13:47:17+00:00","mainEntityOfPage":{"@id":"https:\/\/dpress.ma\/fr\/2026\/05\/19\/chambre-des-representants-approbation-dun-projet-de-loi-relatif-aux-etablissements-de-credit-et-de-la-loi-portant-statut-de-bam\/"},"wordCount":441,"commentCount":0,"image":{"@id":"https:\/\/dpress.ma\/fr\/2026\/05\/19\/chambre-des-representants-approbation-dun-projet-de-loi-relatif-aux-etablissements-de-credit-et-de-la-loi-portant-statut-de-bam\/#primaryimage"},"thumbnailUrl":"https:\/\/dpress.ma\/fr\/wp-content\/uploads\/sites\/2\/2026\/05\/84-2.jpg","articleSection":["Politiques"],"inLanguage":"fr-FR","potentialAction":[{"@type":"CommentAction","name":"Comment","target":["https:\/\/dpress.ma\/fr\/2026\/05\/19\/chambre-des-representants-approbation-dun-projet-de-loi-relatif-aux-etablissements-de-credit-et-de-la-loi-portant-statut-de-bam\/#respond"]}]},{"@type":"WebPage","@id":"https:\/\/dpress.ma\/fr\/2026\/05\/19\/chambre-des-representants-approbation-dun-projet-de-loi-relatif-aux-etablissements-de-credit-et-de-la-loi-portant-statut-de-bam\/","url":"https:\/\/dpress.ma\/fr\/2026\/05\/19\/chambre-des-representants-approbation-dun-projet-de-loi-relatif-aux-etablissements-de-credit-et-de-la-loi-portant-statut-de-bam\/","name":"Chambre des repr\u00e9sentants : approbation d\u2019un projet de loi relatif aux \u00e9tablissements de cr\u00e9dit et de la loi portant statut de BAM - Dpress.ma\/fr","isPartOf":{"@id":"https:\/\/dpress.ma\/fr\/#website"},"primaryImageOfPage":{"@id":"https:\/\/dpress.ma\/fr\/2026\/05\/19\/chambre-des-representants-approbation-dun-projet-de-loi-relatif-aux-etablissements-de-credit-et-de-la-loi-portant-statut-de-bam\/#primaryimage"},"image":{"@id":"https:\/\/dpress.ma\/fr\/2026\/05\/19\/chambre-des-representants-approbation-dun-projet-de-loi-relatif-aux-etablissements-de-credit-et-de-la-loi-portant-statut-de-bam\/#primaryimage"},"thumbnailUrl":"https:\/\/dpress.ma\/fr\/wp-content\/uploads\/sites\/2\/2026\/05\/84-2.jpg","datePublished":"2026-05-19T13:47:12+00:00","dateModified":"2026-05-19T13:47:17+00:00","author":{"@id":"https:\/\/dpress.ma\/fr\/#\/schema\/person\/4898febf3ccd59e6578d838656a306a0"},"breadcrumb":{"@id":"https:\/\/dpress.ma\/fr\/2026\/05\/19\/chambre-des-representants-approbation-dun-projet-de-loi-relatif-aux-etablissements-de-credit-et-de-la-loi-portant-statut-de-bam\/#breadcrumb"},"inLanguage":"fr-FR","potentialAction":[{"@type":"ReadAction","target":["https:\/\/dpress.ma\/fr\/2026\/05\/19\/chambre-des-representants-approbation-dun-projet-de-loi-relatif-aux-etablissements-de-credit-et-de-la-loi-portant-statut-de-bam\/"]}]},{"@type":"ImageObject","inLanguage":"fr-FR","@id":"https:\/\/dpress.ma\/fr\/2026\/05\/19\/chambre-des-representants-approbation-dun-projet-de-loi-relatif-aux-etablissements-de-credit-et-de-la-loi-portant-statut-de-bam\/#primaryimage","url":"https:\/\/dpress.ma\/fr\/wp-content\/uploads\/sites\/2\/2026\/05\/84-2.jpg","contentUrl":"https:\/\/dpress.ma\/fr\/wp-content\/uploads\/sites\/2\/2026\/05\/84-2.jpg","width":2539,"height":1594},{"@type":"BreadcrumbList","@id":"https:\/\/dpress.ma\/fr\/2026\/05\/19\/chambre-des-representants-approbation-dun-projet-de-loi-relatif-aux-etablissements-de-credit-et-de-la-loi-portant-statut-de-bam\/#breadcrumb","itemListElement":[{"@type":"ListItem","position":1,"name":"Home","item":"https:\/\/dpress.ma\/fr\/"},{"@type":"ListItem","position":2,"name":"Chambre des repr\u00e9sentants : approbation d\u2019un projet de loi relatif aux \u00e9tablissements de cr\u00e9dit et de la loi portant statut de BAM"}]},{"@type":"WebSite","@id":"https:\/\/dpress.ma\/fr\/#website","url":"https:\/\/dpress.ma\/fr\/","name":"Dpress.ma\/fr","description":"","potentialAction":[{"@type":"SearchAction","target":{"@type":"EntryPoint","urlTemplate":"https:\/\/dpress.ma\/fr\/?s={search_term_string}"},"query-input":{"@type":"PropertyValueSpecification","valueRequired":true,"valueName":"search_term_string"}}],"inLanguage":"fr-FR"},{"@type":"Person","@id":"https:\/\/dpress.ma\/fr\/#\/schema\/person\/4898febf3ccd59e6578d838656a306a0","name":"Dpress.ma","image":{"@type":"ImageObject","inLanguage":"fr-FR","@id":"https:\/\/secure.gravatar.com\/avatar\/72ecc30e9db047a2e0e7176561eb9d564ed77c8108376495b19bd8336405198a?s=96&d=mm&r=g","url":"https:\/\/secure.gravatar.com\/avatar\/72ecc30e9db047a2e0e7176561eb9d564ed77c8108376495b19bd8336405198a?s=96&d=mm&r=g","contentUrl":"https:\/\/secure.gravatar.com\/avatar\/72ecc30e9db047a2e0e7176561eb9d564ed77c8108376495b19bd8336405198a?s=96&d=mm&r=g","caption":"Dpress.ma"},"sameAs":["https:\/\/www.dpress.ma"],"url":"https:\/\/dpress.ma\/fr\/author\/dpress-ma\/"}]}},"amp_enabled":true,"_links":{"self":[{"href":"https:\/\/dpress.ma\/fr\/wp-json\/wp\/v2\/posts\/31633","targetHints":{"allow":["GET"]}}],"collection":[{"href":"https:\/\/dpress.ma\/fr\/wp-json\/wp\/v2\/posts"}],"about":[{"href":"https:\/\/dpress.ma\/fr\/wp-json\/wp\/v2\/types\/post"}],"author":[{"embeddable":true,"href":"https:\/\/dpress.ma\/fr\/wp-json\/wp\/v2\/users\/2"}],"replies":[{"embeddable":true,"href":"https:\/\/dpress.ma\/fr\/wp-json\/wp\/v2\/comments?post=31633"}],"version-history":[{"count":1,"href":"https:\/\/dpress.ma\/fr\/wp-json\/wp\/v2\/posts\/31633\/revisions"}],"predecessor-version":[{"id":31635,"href":"https:\/\/dpress.ma\/fr\/wp-json\/wp\/v2\/posts\/31633\/revisions\/31635"}],"wp:featuredmedia":[{"embeddable":true,"href":"https:\/\/dpress.ma\/fr\/wp-json\/wp\/v2\/media\/31634"}],"wp:attachment":[{"href":"https:\/\/dpress.ma\/fr\/wp-json\/wp\/v2\/media?parent=31633"}],"wp:term":[{"taxonomy":"category","embeddable":true,"href":"https:\/\/dpress.ma\/fr\/wp-json\/wp\/v2\/categories?post=31633"},{"taxonomy":"post_tag","embeddable":true,"href":"https:\/\/dpress.ma\/fr\/wp-json\/wp\/v2\/tags?post=31633"}],"curies":[{"name":"wp","href":"https:\/\/api.w.org\/{rel}","templated":true}]}}