{"id":3163,"date":"2023-01-02T14:32:12","date_gmt":"2023-01-02T14:32:12","guid":{"rendered":"https:\/\/dpress.ma\/fr\/?p=3163"},"modified":"2023-01-02T14:32:14","modified_gmt":"2023-01-02T14:32:14","slug":"sntl-le-conseil-dadministration-approuve-le-budget-de-2023","status":"publish","type":"post","link":"https:\/\/dpress.ma\/fr\/2023\/01\/02\/sntl-le-conseil-dadministration-approuve-le-budget-de-2023\/","title":{"rendered":"SNTL: Le Conseil d\u2019Administration approuve le Budget de 2023"},"content":{"rendered":"\n<p>Dpress<\/p>\n\n\n\n<p>&nbsp;Le Conseil d\u2019Administration de la Soci\u00e9t\u00e9 Nationale des Transports et de la Logistique (SNTL), r\u00e9uni vendredi sous la pr\u00e9sidence du ministre du Transport et de la Logistique, Mohamed Abdeljalil, a approuv\u00e9 le budget de l\u2019ann\u00e9e 2023.<\/p>\n\n\n\n<p>Dans son allocution d\u2019ouverture, M. Abdeljalil a rappel\u00e9 ses orientations au management tout en soulignant l\u2019importance d\u2019un nouveau positionnement strat\u00e9gique de la soci\u00e9t\u00e9 et de sa restructuration afin d\u2019\u00eatre en phase avec les mutations majeures du secteur du transport et de la logistique, indique la Soci\u00e9t\u00e9 dans un communiqu\u00e9.<\/p>\n\n\n\n<p>Pour sa part, le Directeur G\u00e9n\u00e9ral de la SNTL, Hassan Oubaha, a annonc\u00e9 le lancement de l\u2019\u00e9tude de positionnement strat\u00e9gique et de restructuration de la soci\u00e9t\u00e9, dans une optique de la r\u00e9vision de sa strat\u00e9gie, ses missions et son mod\u00e8le \u00e9conomique dans un contexte en mutation, caract\u00e9ris\u00e9 par de nouvelles perspectives actionnariales de l\u2019\u00c9tat d\u2019une part, et des changements majeurs du secteur de la logistique et du transport aussi bien \u00e0 l\u2019\u00e9chelle nationale qu\u2019internationale, d\u2019autre part.<\/p>\n\n\n\n<p>Les travaux de ce Conseil ont connu la pr\u00e9sentation des r\u00e9alisations de l\u2019ann\u00e9e 2022, et celle du projet de budget de fonctionnement et d\u2019investissement pour l\u2019ann\u00e9e 2023, qui s\u2019inscrit dans la continuit\u00e9 de ses engagements vis-\u00e0-vis de ses partenaires ainsi que l\u2019am\u00e9lioration de la qualit\u00e9 de service.<\/p>\n","protected":false},"excerpt":{"rendered":"<p>Dpress &nbsp;Le Conseil d\u2019Administration de la Soci\u00e9t\u00e9 Nationale des Transports et de la Logistique (SNTL), r\u00e9uni vendredi sous la pr\u00e9sidence du ministre du Transport et de la Logistique, Mohamed Abdeljalil, a approuv\u00e9 le budget de l\u2019ann\u00e9e 2023. Dans son allocution d\u2019ouverture, M. Abdeljalil a rappel\u00e9 ses orientations au management tout en soulignant l\u2019importance d\u2019un nouveau &hellip;<\/p>\n","protected":false},"author":2,"featured_media":3164,"comment_status":"open","ping_status":"open","sticky":false,"template":"","format":"standard","meta":{"footnotes":""},"categories":[25],"tags":[],"class_list":["post-3163","post","type-post","status-publish","format-standard","has-post-thumbnail","hentry","category-economie"],"yoast_head":"<!-- This site is optimized with the Yoast SEO plugin v27.5 - https:\/\/yoast.com\/product\/yoast-seo-wordpress\/ -->\n<title>SNTL: Le Conseil d\u2019Administration approuve le Budget de 2023 - Dpress.ma\/fr<\/title>\n<meta name=\"description\" content=\"Le Conseil d\u2019Administration de la Soci\u00e9t\u00e9 Nationale des Transports et de la Logistique (SNTL), r\u00e9uni vendredi sous la pr\u00e9sidence du ministre du Transport et de la Logistique, Mohamed Abdeljalil, a approuv\u00e9 le budget de l\u2019ann\u00e9e 2023.\" \/>\n<meta name=\"robots\" content=\"index, follow, max-snippet:-1, max-image-preview:large, max-video-preview:-1\" \/>\n<link rel=\"canonical\" href=\"https:\/\/dpress.ma\/fr\/2023\/01\/02\/sntl-le-conseil-dadministration-approuve-le-budget-de-2023\/\" \/>\n<meta property=\"og:locale\" content=\"fr_FR\" \/>\n<meta property=\"og:type\" content=\"article\" \/>\n<meta property=\"og:title\" content=\"SNTL: Le Conseil d\u2019Administration approuve le Budget de 2023 - Dpress.ma\/fr\" \/>\n<meta property=\"og:description\" content=\"Le Conseil d\u2019Administration de la Soci\u00e9t\u00e9 Nationale des Transports et de la Logistique (SNTL), r\u00e9uni vendredi sous la pr\u00e9sidence du ministre du Transport et de la Logistique, Mohamed Abdeljalil, a approuv\u00e9 le budget de l\u2019ann\u00e9e 2023.\" \/>\n<meta property=\"og:url\" content=\"https:\/\/dpress.ma\/fr\/2023\/01\/02\/sntl-le-conseil-dadministration-approuve-le-budget-de-2023\/\" \/>\n<meta property=\"og:site_name\" content=\"Dpress.ma\/fr\" \/>\n<meta property=\"article:published_time\" content=\"2023-01-02T14:32:12+00:00\" \/>\n<meta property=\"article:modified_time\" content=\"2023-01-02T14:32:14+00:00\" \/>\n<meta property=\"og:image\" content=\"https:\/\/dpress.ma\/fr\/wp-content\/uploads\/sites\/2\/2023\/01\/dimensions2-3.jpg\" \/>\n\t<meta property=\"og:image:width\" content=\"2539\" \/>\n\t<meta property=\"og:image:height\" content=\"1594\" \/>\n\t<meta property=\"og:image:type\" content=\"image\/jpeg\" \/>\n<meta name=\"author\" content=\"Dpress.ma\" \/>\n<meta name=\"twitter:card\" content=\"summary_large_image\" \/>\n<meta name=\"twitter:label1\" content=\"\u00c9crit par\" \/>\n\t<meta name=\"twitter:data1\" content=\"Dpress.ma\" \/>\n\t<meta name=\"twitter:label2\" content=\"Dur\u00e9e de lecture estim\u00e9e\" \/>\n\t<meta name=\"twitter:data2\" content=\"2 minutes\" \/>\n<script type=\"application\/ld+json\" class=\"yoast-schema-graph\">{\"@context\":\"https:\\\/\\\/schema.org\",\"@graph\":[{\"@type\":\"Article\",\"@id\":\"https:\\\/\\\/dpress.ma\\\/fr\\\/2023\\\/01\\\/02\\\/sntl-le-conseil-dadministration-approuve-le-budget-de-2023\\\/#article\",\"isPartOf\":{\"@id\":\"https:\\\/\\\/dpress.ma\\\/fr\\\/2023\\\/01\\\/02\\\/sntl-le-conseil-dadministration-approuve-le-budget-de-2023\\\/\"},\"author\":{\"name\":\"Dpress.ma\",\"@id\":\"https:\\\/\\\/dpress.ma\\\/fr\\\/#\\\/schema\\\/person\\\/4898febf3ccd59e6578d838656a306a0\"},\"headline\":\"SNTL: Le Conseil d\u2019Administration approuve le Budget de 2023\",\"datePublished\":\"2023-01-02T14:32:12+00:00\",\"dateModified\":\"2023-01-02T14:32:14+00:00\",\"mainEntityOfPage\":{\"@id\":\"https:\\\/\\\/dpress.ma\\\/fr\\\/2023\\\/01\\\/02\\\/sntl-le-conseil-dadministration-approuve-le-budget-de-2023\\\/\"},\"wordCount\":253,\"commentCount\":0,\"image\":{\"@id\":\"https:\\\/\\\/dpress.ma\\\/fr\\\/2023\\\/01\\\/02\\\/sntl-le-conseil-dadministration-approuve-le-budget-de-2023\\\/#primaryimage\"},\"thumbnailUrl\":\"https:\\\/\\\/dpress.ma\\\/fr\\\/wp-content\\\/uploads\\\/sites\\\/2\\\/2023\\\/01\\\/dimensions2-3.jpg\",\"articleSection\":[\"\u00c9conomie\"],\"inLanguage\":\"fr-FR\",\"potentialAction\":[{\"@type\":\"CommentAction\",\"name\":\"Comment\",\"target\":[\"https:\\\/\\\/dpress.ma\\\/fr\\\/2023\\\/01\\\/02\\\/sntl-le-conseil-dadministration-approuve-le-budget-de-2023\\\/#respond\"]}]},{\"@type\":\"WebPage\",\"@id\":\"https:\\\/\\\/dpress.ma\\\/fr\\\/2023\\\/01\\\/02\\\/sntl-le-conseil-dadministration-approuve-le-budget-de-2023\\\/\",\"url\":\"https:\\\/\\\/dpress.ma\\\/fr\\\/2023\\\/01\\\/02\\\/sntl-le-conseil-dadministration-approuve-le-budget-de-2023\\\/\",\"name\":\"SNTL: Le Conseil d\u2019Administration approuve le Budget de 2023 - Dpress.ma\\\/fr\",\"isPartOf\":{\"@id\":\"https:\\\/\\\/dpress.ma\\\/fr\\\/#website\"},\"primaryImageOfPage\":{\"@id\":\"https:\\\/\\\/dpress.ma\\\/fr\\\/2023\\\/01\\\/02\\\/sntl-le-conseil-dadministration-approuve-le-budget-de-2023\\\/#primaryimage\"},\"image\":{\"@id\":\"https:\\\/\\\/dpress.ma\\\/fr\\\/2023\\\/01\\\/02\\\/sntl-le-conseil-dadministration-approuve-le-budget-de-2023\\\/#primaryimage\"},\"thumbnailUrl\":\"https:\\\/\\\/dpress.ma\\\/fr\\\/wp-content\\\/uploads\\\/sites\\\/2\\\/2023\\\/01\\\/dimensions2-3.jpg\",\"datePublished\":\"2023-01-02T14:32:12+00:00\",\"dateModified\":\"2023-01-02T14:32:14+00:00\",\"author\":{\"@id\":\"https:\\\/\\\/dpress.ma\\\/fr\\\/#\\\/schema\\\/person\\\/4898febf3ccd59e6578d838656a306a0\"},\"description\":\"Le Conseil d\u2019Administration de la Soci\u00e9t\u00e9 Nationale des Transports et de la Logistique (SNTL), r\u00e9uni vendredi sous la pr\u00e9sidence du ministre du Transport et de la Logistique, Mohamed Abdeljalil, a approuv\u00e9 le budget de l\u2019ann\u00e9e 2023.\",\"breadcrumb\":{\"@id\":\"https:\\\/\\\/dpress.ma\\\/fr\\\/2023\\\/01\\\/02\\\/sntl-le-conseil-dadministration-approuve-le-budget-de-2023\\\/#breadcrumb\"},\"inLanguage\":\"fr-FR\",\"potentialAction\":[{\"@type\":\"ReadAction\",\"target\":[\"https:\\\/\\\/dpress.ma\\\/fr\\\/2023\\\/01\\\/02\\\/sntl-le-conseil-dadministration-approuve-le-budget-de-2023\\\/\"]}]},{\"@type\":\"ImageObject\",\"inLanguage\":\"fr-FR\",\"@id\":\"https:\\\/\\\/dpress.ma\\\/fr\\\/2023\\\/01\\\/02\\\/sntl-le-conseil-dadministration-approuve-le-budget-de-2023\\\/#primaryimage\",\"url\":\"https:\\\/\\\/dpress.ma\\\/fr\\\/wp-content\\\/uploads\\\/sites\\\/2\\\/2023\\\/01\\\/dimensions2-3.jpg\",\"contentUrl\":\"https:\\\/\\\/dpress.ma\\\/fr\\\/wp-content\\\/uploads\\\/sites\\\/2\\\/2023\\\/01\\\/dimensions2-3.jpg\",\"width\":2539,\"height\":1594},{\"@type\":\"BreadcrumbList\",\"@id\":\"https:\\\/\\\/dpress.ma\\\/fr\\\/2023\\\/01\\\/02\\\/sntl-le-conseil-dadministration-approuve-le-budget-de-2023\\\/#breadcrumb\",\"itemListElement\":[{\"@type\":\"ListItem\",\"position\":1,\"name\":\"Home\",\"item\":\"https:\\\/\\\/dpress.ma\\\/fr\\\/\"},{\"@type\":\"ListItem\",\"position\":2,\"name\":\"SNTL: Le Conseil d\u2019Administration approuve le Budget de 2023\"}]},{\"@type\":\"WebSite\",\"@id\":\"https:\\\/\\\/dpress.ma\\\/fr\\\/#website\",\"url\":\"https:\\\/\\\/dpress.ma\\\/fr\\\/\",\"name\":\"Dpress.ma\\\/fr\",\"description\":\"\",\"potentialAction\":[{\"@type\":\"SearchAction\",\"target\":{\"@type\":\"EntryPoint\",\"urlTemplate\":\"https:\\\/\\\/dpress.ma\\\/fr\\\/?s={search_term_string}\"},\"query-input\":{\"@type\":\"PropertyValueSpecification\",\"valueRequired\":true,\"valueName\":\"search_term_string\"}}],\"inLanguage\":\"fr-FR\"},{\"@type\":\"Person\",\"@id\":\"https:\\\/\\\/dpress.ma\\\/fr\\\/#\\\/schema\\\/person\\\/4898febf3ccd59e6578d838656a306a0\",\"name\":\"Dpress.ma\",\"image\":{\"@type\":\"ImageObject\",\"inLanguage\":\"fr-FR\",\"@id\":\"https:\\\/\\\/secure.gravatar.com\\\/avatar\\\/72ecc30e9db047a2e0e7176561eb9d564ed77c8108376495b19bd8336405198a?s=96&d=mm&r=g\",\"url\":\"https:\\\/\\\/secure.gravatar.com\\\/avatar\\\/72ecc30e9db047a2e0e7176561eb9d564ed77c8108376495b19bd8336405198a?s=96&d=mm&r=g\",\"contentUrl\":\"https:\\\/\\\/secure.gravatar.com\\\/avatar\\\/72ecc30e9db047a2e0e7176561eb9d564ed77c8108376495b19bd8336405198a?s=96&d=mm&r=g\",\"caption\":\"Dpress.ma\"},\"sameAs\":[\"https:\\\/\\\/www.dpress.ma\"],\"url\":\"https:\\\/\\\/dpress.ma\\\/fr\\\/author\\\/dpress-ma\\\/\"}]}<\/script>\n<!-- \/ Yoast SEO plugin. -->","yoast_head_json":{"title":"SNTL: Le Conseil d\u2019Administration approuve le Budget de 2023 - Dpress.ma\/fr","description":"Le Conseil d\u2019Administration de la Soci\u00e9t\u00e9 Nationale des Transports et de la Logistique (SNTL), r\u00e9uni vendredi sous la pr\u00e9sidence du ministre du Transport et de la Logistique, Mohamed Abdeljalil, a approuv\u00e9 le budget de l\u2019ann\u00e9e 2023.","robots":{"index":"index","follow":"follow","max-snippet":"max-snippet:-1","max-image-preview":"max-image-preview:large","max-video-preview":"max-video-preview:-1"},"canonical":"https:\/\/dpress.ma\/fr\/2023\/01\/02\/sntl-le-conseil-dadministration-approuve-le-budget-de-2023\/","og_locale":"fr_FR","og_type":"article","og_title":"SNTL: Le Conseil d\u2019Administration approuve le Budget de 2023 - Dpress.ma\/fr","og_description":"Le Conseil d\u2019Administration de la Soci\u00e9t\u00e9 Nationale des Transports et de la Logistique (SNTL), r\u00e9uni vendredi sous la pr\u00e9sidence du ministre du Transport et de la Logistique, Mohamed Abdeljalil, a approuv\u00e9 le budget de l\u2019ann\u00e9e 2023.","og_url":"https:\/\/dpress.ma\/fr\/2023\/01\/02\/sntl-le-conseil-dadministration-approuve-le-budget-de-2023\/","og_site_name":"Dpress.ma\/fr","article_published_time":"2023-01-02T14:32:12+00:00","article_modified_time":"2023-01-02T14:32:14+00:00","og_image":[{"width":2539,"height":1594,"url":"https:\/\/dpress.ma\/fr\/wp-content\/uploads\/sites\/2\/2023\/01\/dimensions2-3.jpg","type":"image\/jpeg"}],"author":"Dpress.ma","twitter_card":"summary_large_image","twitter_misc":{"\u00c9crit par":"Dpress.ma","Dur\u00e9e de lecture estim\u00e9e":"2 minutes"},"schema":{"@context":"https:\/\/schema.org","@graph":[{"@type":"Article","@id":"https:\/\/dpress.ma\/fr\/2023\/01\/02\/sntl-le-conseil-dadministration-approuve-le-budget-de-2023\/#article","isPartOf":{"@id":"https:\/\/dpress.ma\/fr\/2023\/01\/02\/sntl-le-conseil-dadministration-approuve-le-budget-de-2023\/"},"author":{"name":"Dpress.ma","@id":"https:\/\/dpress.ma\/fr\/#\/schema\/person\/4898febf3ccd59e6578d838656a306a0"},"headline":"SNTL: Le Conseil d\u2019Administration approuve le Budget de 2023","datePublished":"2023-01-02T14:32:12+00:00","dateModified":"2023-01-02T14:32:14+00:00","mainEntityOfPage":{"@id":"https:\/\/dpress.ma\/fr\/2023\/01\/02\/sntl-le-conseil-dadministration-approuve-le-budget-de-2023\/"},"wordCount":253,"commentCount":0,"image":{"@id":"https:\/\/dpress.ma\/fr\/2023\/01\/02\/sntl-le-conseil-dadministration-approuve-le-budget-de-2023\/#primaryimage"},"thumbnailUrl":"https:\/\/dpress.ma\/fr\/wp-content\/uploads\/sites\/2\/2023\/01\/dimensions2-3.jpg","articleSection":["\u00c9conomie"],"inLanguage":"fr-FR","potentialAction":[{"@type":"CommentAction","name":"Comment","target":["https:\/\/dpress.ma\/fr\/2023\/01\/02\/sntl-le-conseil-dadministration-approuve-le-budget-de-2023\/#respond"]}]},{"@type":"WebPage","@id":"https:\/\/dpress.ma\/fr\/2023\/01\/02\/sntl-le-conseil-dadministration-approuve-le-budget-de-2023\/","url":"https:\/\/dpress.ma\/fr\/2023\/01\/02\/sntl-le-conseil-dadministration-approuve-le-budget-de-2023\/","name":"SNTL: Le Conseil d\u2019Administration approuve le Budget de 2023 - Dpress.ma\/fr","isPartOf":{"@id":"https:\/\/dpress.ma\/fr\/#website"},"primaryImageOfPage":{"@id":"https:\/\/dpress.ma\/fr\/2023\/01\/02\/sntl-le-conseil-dadministration-approuve-le-budget-de-2023\/#primaryimage"},"image":{"@id":"https:\/\/dpress.ma\/fr\/2023\/01\/02\/sntl-le-conseil-dadministration-approuve-le-budget-de-2023\/#primaryimage"},"thumbnailUrl":"https:\/\/dpress.ma\/fr\/wp-content\/uploads\/sites\/2\/2023\/01\/dimensions2-3.jpg","datePublished":"2023-01-02T14:32:12+00:00","dateModified":"2023-01-02T14:32:14+00:00","author":{"@id":"https:\/\/dpress.ma\/fr\/#\/schema\/person\/4898febf3ccd59e6578d838656a306a0"},"description":"Le Conseil d\u2019Administration de la Soci\u00e9t\u00e9 Nationale des Transports et de la Logistique (SNTL), r\u00e9uni vendredi sous la pr\u00e9sidence du ministre du Transport et de la Logistique, Mohamed Abdeljalil, a approuv\u00e9 le budget de l\u2019ann\u00e9e 2023.","breadcrumb":{"@id":"https:\/\/dpress.ma\/fr\/2023\/01\/02\/sntl-le-conseil-dadministration-approuve-le-budget-de-2023\/#breadcrumb"},"inLanguage":"fr-FR","potentialAction":[{"@type":"ReadAction","target":["https:\/\/dpress.ma\/fr\/2023\/01\/02\/sntl-le-conseil-dadministration-approuve-le-budget-de-2023\/"]}]},{"@type":"ImageObject","inLanguage":"fr-FR","@id":"https:\/\/dpress.ma\/fr\/2023\/01\/02\/sntl-le-conseil-dadministration-approuve-le-budget-de-2023\/#primaryimage","url":"https:\/\/dpress.ma\/fr\/wp-content\/uploads\/sites\/2\/2023\/01\/dimensions2-3.jpg","contentUrl":"https:\/\/dpress.ma\/fr\/wp-content\/uploads\/sites\/2\/2023\/01\/dimensions2-3.jpg","width":2539,"height":1594},{"@type":"BreadcrumbList","@id":"https:\/\/dpress.ma\/fr\/2023\/01\/02\/sntl-le-conseil-dadministration-approuve-le-budget-de-2023\/#breadcrumb","itemListElement":[{"@type":"ListItem","position":1,"name":"Home","item":"https:\/\/dpress.ma\/fr\/"},{"@type":"ListItem","position":2,"name":"SNTL: Le Conseil d\u2019Administration approuve le Budget de 2023"}]},{"@type":"WebSite","@id":"https:\/\/dpress.ma\/fr\/#website","url":"https:\/\/dpress.ma\/fr\/","name":"Dpress.ma\/fr","description":"","potentialAction":[{"@type":"SearchAction","target":{"@type":"EntryPoint","urlTemplate":"https:\/\/dpress.ma\/fr\/?s={search_term_string}"},"query-input":{"@type":"PropertyValueSpecification","valueRequired":true,"valueName":"search_term_string"}}],"inLanguage":"fr-FR"},{"@type":"Person","@id":"https:\/\/dpress.ma\/fr\/#\/schema\/person\/4898febf3ccd59e6578d838656a306a0","name":"Dpress.ma","image":{"@type":"ImageObject","inLanguage":"fr-FR","@id":"https:\/\/secure.gravatar.com\/avatar\/72ecc30e9db047a2e0e7176561eb9d564ed77c8108376495b19bd8336405198a?s=96&d=mm&r=g","url":"https:\/\/secure.gravatar.com\/avatar\/72ecc30e9db047a2e0e7176561eb9d564ed77c8108376495b19bd8336405198a?s=96&d=mm&r=g","contentUrl":"https:\/\/secure.gravatar.com\/avatar\/72ecc30e9db047a2e0e7176561eb9d564ed77c8108376495b19bd8336405198a?s=96&d=mm&r=g","caption":"Dpress.ma"},"sameAs":["https:\/\/www.dpress.ma"],"url":"https:\/\/dpress.ma\/fr\/author\/dpress-ma\/"}]}},"amp_enabled":true,"_links":{"self":[{"href":"https:\/\/dpress.ma\/fr\/wp-json\/wp\/v2\/posts\/3163","targetHints":{"allow":["GET"]}}],"collection":[{"href":"https:\/\/dpress.ma\/fr\/wp-json\/wp\/v2\/posts"}],"about":[{"href":"https:\/\/dpress.ma\/fr\/wp-json\/wp\/v2\/types\/post"}],"author":[{"embeddable":true,"href":"https:\/\/dpress.ma\/fr\/wp-json\/wp\/v2\/users\/2"}],"replies":[{"embeddable":true,"href":"https:\/\/dpress.ma\/fr\/wp-json\/wp\/v2\/comments?post=3163"}],"version-history":[{"count":1,"href":"https:\/\/dpress.ma\/fr\/wp-json\/wp\/v2\/posts\/3163\/revisions"}],"predecessor-version":[{"id":3165,"href":"https:\/\/dpress.ma\/fr\/wp-json\/wp\/v2\/posts\/3163\/revisions\/3165"}],"wp:featuredmedia":[{"embeddable":true,"href":"https:\/\/dpress.ma\/fr\/wp-json\/wp\/v2\/media\/3164"}],"wp:attachment":[{"href":"https:\/\/dpress.ma\/fr\/wp-json\/wp\/v2\/media?parent=3163"}],"wp:term":[{"taxonomy":"category","embeddable":true,"href":"https:\/\/dpress.ma\/fr\/wp-json\/wp\/v2\/categories?post=3163"},{"taxonomy":"post_tag","embeddable":true,"href":"https:\/\/dpress.ma\/fr\/wp-json\/wp\/v2\/tags?post=3163"}],"curies":[{"name":"wp","href":"https:\/\/api.w.org\/{rel}","templated":true}]}}