{"id":3108,"date":"2022-12-29T14:50:36","date_gmt":"2022-12-29T14:50:36","guid":{"rendered":"https:\/\/dpress.ma\/fr\/?p=3108"},"modified":"2022-12-29T14:50:37","modified_gmt":"2022-12-29T14:50:37","slug":"m-benmoussa-visite-plusieurs-etablissements-scolaires-a-es-semara","status":"publish","type":"post","link":"https:\/\/dpress.ma\/fr\/2022\/12\/29\/m-benmoussa-visite-plusieurs-etablissements-scolaires-a-es-semara\/","title":{"rendered":"M. Benmoussa visite plusieurs \u00e9tablissements scolaires \u00e0 Es-Semara"},"content":{"rendered":"\n<p>Dpress<\/p>\n\n\n\n<p>Le ministre de l&rsquo;\u00c9ducation nationale, du pr\u00e9scolaire et des sports, Chakib Benmoussa, a effectu\u00e9, mercredi \u00e0 Es-Semara, des visites dans plusieurs \u00e9tablissements scolaires.<\/p>\n\n\n\n<p>A cette occasion, le ministre, accompagn\u00e9 notamment du wali de la r\u00e9gion de La\u00e2youne-Sakia El Hamra, gouverneur de la province de La\u00e2youne, Abdeslam Bikrat, des gouverneurs des provinces d\u2019Es-Semara, de Tarfaya et de Boujdour, des \u00e9lus et du directeur de l\u2019Acad\u00e9mie r\u00e9gionale de l\u2019\u00e9ducation et de la formation (AREF) de La\u00e2youne-Sakia El Hamra, Mbark El Hansali, s&rsquo;est inform\u00e9 du d\u00e9roulement des \u00e9tudes au lyc\u00e9e qualifiant \u00ab\u00a0Lahbib Oueld El Bilal\u00a0\u00bb, au niveau duquel les \u00e9tudes ont \u00e9t\u00e9 entam\u00e9s d\u00e8s le d\u00e9but de l\u2019ann\u00e9e scolaire.<\/p>\n\n\n\n<p>Dans ce cadre, ils ont pris connaissance des d\u00e9pendances de cet \u00e9tablissement d&rsquo;enseignement, mis en place dans le cadre du programme de r\u00e9habilitation int\u00e9gr\u00e9e des \u00e9tablissements d&rsquo;\u00e9ducation et du programme du soutien scolaire dans la province.<\/p>\n\n\n\n<p>Par la suite, M. Benmoussa et la d\u00e9l\u00e9gation l&rsquo;accompagnant s&rsquo;est rendu au Centre de la deuxi\u00e8me chance nouvelle g\u00e9n\u00e9ration \u00e0 Es-Semara, cr\u00e9\u00e9 par l\u2019Initiative nationale pour le d\u00e9veloppement humain (INDH), en partenariat avec la Direction provinciale de l\u2019Education nationale, qui offre aux b\u00e9n\u00e9ficiaires la possibilit\u00e9 de r\u00e9int\u00e9grer l\u2019\u00e9ducation formelle, favorisant ainsi leur int\u00e9gration socio-professionnelle.<\/p>\n\n\n\n<p>Le Centre baptis\u00e9 \u00ab\u00a0Marche verte\u00a0\u00bb propose une s\u00e9rie de services \u00e9ducatifs et de formation, dans le but de fournir aux enfants et aux jeunes qui n\u2019ont pas fr\u00e9quent\u00e9 l\u2019\u00e9cole ou qui n\u2019ont pas pu poursuivre leurs \u00e9tudes, les comp\u00e9tences n\u00e9cessaires, en vue de rejoindre des \u00e9tablissements d\u2019enseignement et de les pr\u00e9parer \u00e0 la vie socio-professionnelle.<\/p>\n\n\n\n<p>Cette structure, pour laquelle une enveloppe budg\u00e9taire de 850.000 dirhams a \u00e9t\u00e9 allou\u00e9e, cible 50 b\u00e9n\u00e9ficiaires d\u2019enfants non scolaris\u00e9s ou en d\u00e9crochage scolaire, ainsi que des jeunes sans qualification professionnelle.<\/p>\n\n\n\n<p>Le Centre, qui constitue un mod\u00e8le prometteur visant \u00e0 aider cette cat\u00e9gorie sociale \u00e0 reconstruire son avenir par l\u2019apprentissage et l\u2019acquisition de comp\u00e9tences, dispense des formations dans les domaines de la coiffure, de la cuisine et de l\u2019informatique.<\/p>\n","protected":false},"excerpt":{"rendered":"<p>Dpress Le ministre de l&rsquo;\u00c9ducation nationale, du pr\u00e9scolaire et des sports, Chakib Benmoussa, a effectu\u00e9, mercredi \u00e0 Es-Semara, des visites dans plusieurs \u00e9tablissements scolaires. A cette occasion, le ministre, accompagn\u00e9 notamment du wali de la r\u00e9gion de La\u00e2youne-Sakia El Hamra, gouverneur de la province de La\u00e2youne, Abdeslam Bikrat, des gouverneurs des provinces d\u2019Es-Semara, de Tarfaya &hellip;<\/p>\n","protected":false},"author":2,"featured_media":3109,"comment_status":"open","ping_status":"open","sticky":false,"template":"","format":"standard","meta":{"footnotes":""},"categories":[26],"tags":[],"class_list":["post-3108","post","type-post","status-publish","format-standard","has-post-thumbnail","hentry","category-politiques"],"yoast_head":"<!-- This site is optimized with the Yoast SEO plugin v27.5 - https:\/\/yoast.com\/product\/yoast-seo-wordpress\/ -->\n<title>M. Benmoussa visite plusieurs \u00e9tablissements scolaires \u00e0 Es-Semara - Dpress.ma\/fr<\/title>\n<meta name=\"description\" content=\"Le ministre de l&#039;\u00c9ducation nationale, du pr\u00e9scolaire et des sports, Chakib Benmoussa, a effectu\u00e9, mercredi \u00e0 Es-Semara, des visites dans plusieurs \u00e9tablissements scolaires.\" \/>\n<meta name=\"robots\" content=\"index, follow, max-snippet:-1, max-image-preview:large, max-video-preview:-1\" \/>\n<link rel=\"canonical\" href=\"https:\/\/dpress.ma\/fr\/2022\/12\/29\/m-benmoussa-visite-plusieurs-etablissements-scolaires-a-es-semara\/\" \/>\n<meta property=\"og:locale\" content=\"fr_FR\" \/>\n<meta property=\"og:type\" content=\"article\" \/>\n<meta property=\"og:title\" content=\"M. Benmoussa visite plusieurs \u00e9tablissements scolaires \u00e0 Es-Semara - Dpress.ma\/fr\" \/>\n<meta property=\"og:description\" content=\"Le ministre de l&#039;\u00c9ducation nationale, du pr\u00e9scolaire et des sports, Chakib Benmoussa, a effectu\u00e9, mercredi \u00e0 Es-Semara, des visites dans plusieurs \u00e9tablissements scolaires.\" \/>\n<meta property=\"og:url\" content=\"https:\/\/dpress.ma\/fr\/2022\/12\/29\/m-benmoussa-visite-plusieurs-etablissements-scolaires-a-es-semara\/\" \/>\n<meta property=\"og:site_name\" content=\"Dpress.ma\/fr\" \/>\n<meta property=\"article:published_time\" content=\"2022-12-29T14:50:36+00:00\" \/>\n<meta property=\"article:modified_time\" content=\"2022-12-29T14:50:37+00:00\" \/>\n<meta property=\"og:image\" content=\"https:\/\/dpress.ma\/fr\/wp-content\/uploads\/sites\/2\/2022\/12\/dimensions2-96.jpg\" \/>\n\t<meta property=\"og:image:width\" content=\"2539\" \/>\n\t<meta property=\"og:image:height\" content=\"1594\" \/>\n\t<meta property=\"og:image:type\" content=\"image\/jpeg\" \/>\n<meta name=\"author\" content=\"Dpress.ma\" \/>\n<meta name=\"twitter:card\" content=\"summary_large_image\" \/>\n<meta name=\"twitter:label1\" content=\"\u00c9crit par\" \/>\n\t<meta name=\"twitter:data1\" content=\"Dpress.ma\" \/>\n\t<meta name=\"twitter:label2\" content=\"Dur\u00e9e de lecture estim\u00e9e\" \/>\n\t<meta name=\"twitter:data2\" content=\"2 minutes\" \/>\n<script type=\"application\/ld+json\" class=\"yoast-schema-graph\">{\"@context\":\"https:\\\/\\\/schema.org\",\"@graph\":[{\"@type\":\"Article\",\"@id\":\"https:\\\/\\\/dpress.ma\\\/fr\\\/2022\\\/12\\\/29\\\/m-benmoussa-visite-plusieurs-etablissements-scolaires-a-es-semara\\\/#article\",\"isPartOf\":{\"@id\":\"https:\\\/\\\/dpress.ma\\\/fr\\\/2022\\\/12\\\/29\\\/m-benmoussa-visite-plusieurs-etablissements-scolaires-a-es-semara\\\/\"},\"author\":{\"name\":\"Dpress.ma\",\"@id\":\"https:\\\/\\\/dpress.ma\\\/fr\\\/#\\\/schema\\\/person\\\/4898febf3ccd59e6578d838656a306a0\"},\"headline\":\"M. Benmoussa visite plusieurs \u00e9tablissements scolaires \u00e0 Es-Semara\",\"datePublished\":\"2022-12-29T14:50:36+00:00\",\"dateModified\":\"2022-12-29T14:50:37+00:00\",\"mainEntityOfPage\":{\"@id\":\"https:\\\/\\\/dpress.ma\\\/fr\\\/2022\\\/12\\\/29\\\/m-benmoussa-visite-plusieurs-etablissements-scolaires-a-es-semara\\\/\"},\"wordCount\":379,\"commentCount\":0,\"image\":{\"@id\":\"https:\\\/\\\/dpress.ma\\\/fr\\\/2022\\\/12\\\/29\\\/m-benmoussa-visite-plusieurs-etablissements-scolaires-a-es-semara\\\/#primaryimage\"},\"thumbnailUrl\":\"https:\\\/\\\/dpress.ma\\\/fr\\\/wp-content\\\/uploads\\\/sites\\\/2\\\/2022\\\/12\\\/dimensions2-96.jpg\",\"articleSection\":[\"Politiques\"],\"inLanguage\":\"fr-FR\",\"potentialAction\":[{\"@type\":\"CommentAction\",\"name\":\"Comment\",\"target\":[\"https:\\\/\\\/dpress.ma\\\/fr\\\/2022\\\/12\\\/29\\\/m-benmoussa-visite-plusieurs-etablissements-scolaires-a-es-semara\\\/#respond\"]}]},{\"@type\":\"WebPage\",\"@id\":\"https:\\\/\\\/dpress.ma\\\/fr\\\/2022\\\/12\\\/29\\\/m-benmoussa-visite-plusieurs-etablissements-scolaires-a-es-semara\\\/\",\"url\":\"https:\\\/\\\/dpress.ma\\\/fr\\\/2022\\\/12\\\/29\\\/m-benmoussa-visite-plusieurs-etablissements-scolaires-a-es-semara\\\/\",\"name\":\"M. Benmoussa visite plusieurs \u00e9tablissements scolaires \u00e0 Es-Semara - Dpress.ma\\\/fr\",\"isPartOf\":{\"@id\":\"https:\\\/\\\/dpress.ma\\\/fr\\\/#website\"},\"primaryImageOfPage\":{\"@id\":\"https:\\\/\\\/dpress.ma\\\/fr\\\/2022\\\/12\\\/29\\\/m-benmoussa-visite-plusieurs-etablissements-scolaires-a-es-semara\\\/#primaryimage\"},\"image\":{\"@id\":\"https:\\\/\\\/dpress.ma\\\/fr\\\/2022\\\/12\\\/29\\\/m-benmoussa-visite-plusieurs-etablissements-scolaires-a-es-semara\\\/#primaryimage\"},\"thumbnailUrl\":\"https:\\\/\\\/dpress.ma\\\/fr\\\/wp-content\\\/uploads\\\/sites\\\/2\\\/2022\\\/12\\\/dimensions2-96.jpg\",\"datePublished\":\"2022-12-29T14:50:36+00:00\",\"dateModified\":\"2022-12-29T14:50:37+00:00\",\"author\":{\"@id\":\"https:\\\/\\\/dpress.ma\\\/fr\\\/#\\\/schema\\\/person\\\/4898febf3ccd59e6578d838656a306a0\"},\"description\":\"Le ministre de l'\u00c9ducation nationale, du pr\u00e9scolaire et des sports, Chakib Benmoussa, a effectu\u00e9, mercredi \u00e0 Es-Semara, des visites dans plusieurs \u00e9tablissements scolaires.\",\"breadcrumb\":{\"@id\":\"https:\\\/\\\/dpress.ma\\\/fr\\\/2022\\\/12\\\/29\\\/m-benmoussa-visite-plusieurs-etablissements-scolaires-a-es-semara\\\/#breadcrumb\"},\"inLanguage\":\"fr-FR\",\"potentialAction\":[{\"@type\":\"ReadAction\",\"target\":[\"https:\\\/\\\/dpress.ma\\\/fr\\\/2022\\\/12\\\/29\\\/m-benmoussa-visite-plusieurs-etablissements-scolaires-a-es-semara\\\/\"]}]},{\"@type\":\"ImageObject\",\"inLanguage\":\"fr-FR\",\"@id\":\"https:\\\/\\\/dpress.ma\\\/fr\\\/2022\\\/12\\\/29\\\/m-benmoussa-visite-plusieurs-etablissements-scolaires-a-es-semara\\\/#primaryimage\",\"url\":\"https:\\\/\\\/dpress.ma\\\/fr\\\/wp-content\\\/uploads\\\/sites\\\/2\\\/2022\\\/12\\\/dimensions2-96.jpg\",\"contentUrl\":\"https:\\\/\\\/dpress.ma\\\/fr\\\/wp-content\\\/uploads\\\/sites\\\/2\\\/2022\\\/12\\\/dimensions2-96.jpg\",\"width\":2539,\"height\":1594},{\"@type\":\"BreadcrumbList\",\"@id\":\"https:\\\/\\\/dpress.ma\\\/fr\\\/2022\\\/12\\\/29\\\/m-benmoussa-visite-plusieurs-etablissements-scolaires-a-es-semara\\\/#breadcrumb\",\"itemListElement\":[{\"@type\":\"ListItem\",\"position\":1,\"name\":\"Home\",\"item\":\"https:\\\/\\\/dpress.ma\\\/fr\\\/\"},{\"@type\":\"ListItem\",\"position\":2,\"name\":\"M. Benmoussa visite plusieurs \u00e9tablissements scolaires \u00e0 Es-Semara\"}]},{\"@type\":\"WebSite\",\"@id\":\"https:\\\/\\\/dpress.ma\\\/fr\\\/#website\",\"url\":\"https:\\\/\\\/dpress.ma\\\/fr\\\/\",\"name\":\"Dpress.ma\\\/fr\",\"description\":\"\",\"potentialAction\":[{\"@type\":\"SearchAction\",\"target\":{\"@type\":\"EntryPoint\",\"urlTemplate\":\"https:\\\/\\\/dpress.ma\\\/fr\\\/?s={search_term_string}\"},\"query-input\":{\"@type\":\"PropertyValueSpecification\",\"valueRequired\":true,\"valueName\":\"search_term_string\"}}],\"inLanguage\":\"fr-FR\"},{\"@type\":\"Person\",\"@id\":\"https:\\\/\\\/dpress.ma\\\/fr\\\/#\\\/schema\\\/person\\\/4898febf3ccd59e6578d838656a306a0\",\"name\":\"Dpress.ma\",\"image\":{\"@type\":\"ImageObject\",\"inLanguage\":\"fr-FR\",\"@id\":\"https:\\\/\\\/secure.gravatar.com\\\/avatar\\\/72ecc30e9db047a2e0e7176561eb9d564ed77c8108376495b19bd8336405198a?s=96&d=mm&r=g\",\"url\":\"https:\\\/\\\/secure.gravatar.com\\\/avatar\\\/72ecc30e9db047a2e0e7176561eb9d564ed77c8108376495b19bd8336405198a?s=96&d=mm&r=g\",\"contentUrl\":\"https:\\\/\\\/secure.gravatar.com\\\/avatar\\\/72ecc30e9db047a2e0e7176561eb9d564ed77c8108376495b19bd8336405198a?s=96&d=mm&r=g\",\"caption\":\"Dpress.ma\"},\"sameAs\":[\"https:\\\/\\\/www.dpress.ma\"],\"url\":\"https:\\\/\\\/dpress.ma\\\/fr\\\/author\\\/dpress-ma\\\/\"}]}<\/script>\n<!-- \/ Yoast SEO plugin. -->","yoast_head_json":{"title":"M. Benmoussa visite plusieurs \u00e9tablissements scolaires \u00e0 Es-Semara - Dpress.ma\/fr","description":"Le ministre de l'\u00c9ducation nationale, du pr\u00e9scolaire et des sports, Chakib Benmoussa, a effectu\u00e9, mercredi \u00e0 Es-Semara, des visites dans plusieurs \u00e9tablissements scolaires.","robots":{"index":"index","follow":"follow","max-snippet":"max-snippet:-1","max-image-preview":"max-image-preview:large","max-video-preview":"max-video-preview:-1"},"canonical":"https:\/\/dpress.ma\/fr\/2022\/12\/29\/m-benmoussa-visite-plusieurs-etablissements-scolaires-a-es-semara\/","og_locale":"fr_FR","og_type":"article","og_title":"M. Benmoussa visite plusieurs \u00e9tablissements scolaires \u00e0 Es-Semara - Dpress.ma\/fr","og_description":"Le ministre de l'\u00c9ducation nationale, du pr\u00e9scolaire et des sports, Chakib Benmoussa, a effectu\u00e9, mercredi \u00e0 Es-Semara, des visites dans plusieurs \u00e9tablissements scolaires.","og_url":"https:\/\/dpress.ma\/fr\/2022\/12\/29\/m-benmoussa-visite-plusieurs-etablissements-scolaires-a-es-semara\/","og_site_name":"Dpress.ma\/fr","article_published_time":"2022-12-29T14:50:36+00:00","article_modified_time":"2022-12-29T14:50:37+00:00","og_image":[{"width":2539,"height":1594,"url":"https:\/\/dpress.ma\/fr\/wp-content\/uploads\/sites\/2\/2022\/12\/dimensions2-96.jpg","type":"image\/jpeg"}],"author":"Dpress.ma","twitter_card":"summary_large_image","twitter_misc":{"\u00c9crit par":"Dpress.ma","Dur\u00e9e de lecture estim\u00e9e":"2 minutes"},"schema":{"@context":"https:\/\/schema.org","@graph":[{"@type":"Article","@id":"https:\/\/dpress.ma\/fr\/2022\/12\/29\/m-benmoussa-visite-plusieurs-etablissements-scolaires-a-es-semara\/#article","isPartOf":{"@id":"https:\/\/dpress.ma\/fr\/2022\/12\/29\/m-benmoussa-visite-plusieurs-etablissements-scolaires-a-es-semara\/"},"author":{"name":"Dpress.ma","@id":"https:\/\/dpress.ma\/fr\/#\/schema\/person\/4898febf3ccd59e6578d838656a306a0"},"headline":"M. Benmoussa visite plusieurs \u00e9tablissements scolaires \u00e0 Es-Semara","datePublished":"2022-12-29T14:50:36+00:00","dateModified":"2022-12-29T14:50:37+00:00","mainEntityOfPage":{"@id":"https:\/\/dpress.ma\/fr\/2022\/12\/29\/m-benmoussa-visite-plusieurs-etablissements-scolaires-a-es-semara\/"},"wordCount":379,"commentCount":0,"image":{"@id":"https:\/\/dpress.ma\/fr\/2022\/12\/29\/m-benmoussa-visite-plusieurs-etablissements-scolaires-a-es-semara\/#primaryimage"},"thumbnailUrl":"https:\/\/dpress.ma\/fr\/wp-content\/uploads\/sites\/2\/2022\/12\/dimensions2-96.jpg","articleSection":["Politiques"],"inLanguage":"fr-FR","potentialAction":[{"@type":"CommentAction","name":"Comment","target":["https:\/\/dpress.ma\/fr\/2022\/12\/29\/m-benmoussa-visite-plusieurs-etablissements-scolaires-a-es-semara\/#respond"]}]},{"@type":"WebPage","@id":"https:\/\/dpress.ma\/fr\/2022\/12\/29\/m-benmoussa-visite-plusieurs-etablissements-scolaires-a-es-semara\/","url":"https:\/\/dpress.ma\/fr\/2022\/12\/29\/m-benmoussa-visite-plusieurs-etablissements-scolaires-a-es-semara\/","name":"M. Benmoussa visite plusieurs \u00e9tablissements scolaires \u00e0 Es-Semara - Dpress.ma\/fr","isPartOf":{"@id":"https:\/\/dpress.ma\/fr\/#website"},"primaryImageOfPage":{"@id":"https:\/\/dpress.ma\/fr\/2022\/12\/29\/m-benmoussa-visite-plusieurs-etablissements-scolaires-a-es-semara\/#primaryimage"},"image":{"@id":"https:\/\/dpress.ma\/fr\/2022\/12\/29\/m-benmoussa-visite-plusieurs-etablissements-scolaires-a-es-semara\/#primaryimage"},"thumbnailUrl":"https:\/\/dpress.ma\/fr\/wp-content\/uploads\/sites\/2\/2022\/12\/dimensions2-96.jpg","datePublished":"2022-12-29T14:50:36+00:00","dateModified":"2022-12-29T14:50:37+00:00","author":{"@id":"https:\/\/dpress.ma\/fr\/#\/schema\/person\/4898febf3ccd59e6578d838656a306a0"},"description":"Le ministre de l'\u00c9ducation nationale, du pr\u00e9scolaire et des sports, Chakib Benmoussa, a effectu\u00e9, mercredi \u00e0 Es-Semara, des visites dans plusieurs \u00e9tablissements scolaires.","breadcrumb":{"@id":"https:\/\/dpress.ma\/fr\/2022\/12\/29\/m-benmoussa-visite-plusieurs-etablissements-scolaires-a-es-semara\/#breadcrumb"},"inLanguage":"fr-FR","potentialAction":[{"@type":"ReadAction","target":["https:\/\/dpress.ma\/fr\/2022\/12\/29\/m-benmoussa-visite-plusieurs-etablissements-scolaires-a-es-semara\/"]}]},{"@type":"ImageObject","inLanguage":"fr-FR","@id":"https:\/\/dpress.ma\/fr\/2022\/12\/29\/m-benmoussa-visite-plusieurs-etablissements-scolaires-a-es-semara\/#primaryimage","url":"https:\/\/dpress.ma\/fr\/wp-content\/uploads\/sites\/2\/2022\/12\/dimensions2-96.jpg","contentUrl":"https:\/\/dpress.ma\/fr\/wp-content\/uploads\/sites\/2\/2022\/12\/dimensions2-96.jpg","width":2539,"height":1594},{"@type":"BreadcrumbList","@id":"https:\/\/dpress.ma\/fr\/2022\/12\/29\/m-benmoussa-visite-plusieurs-etablissements-scolaires-a-es-semara\/#breadcrumb","itemListElement":[{"@type":"ListItem","position":1,"name":"Home","item":"https:\/\/dpress.ma\/fr\/"},{"@type":"ListItem","position":2,"name":"M. Benmoussa visite plusieurs \u00e9tablissements scolaires \u00e0 Es-Semara"}]},{"@type":"WebSite","@id":"https:\/\/dpress.ma\/fr\/#website","url":"https:\/\/dpress.ma\/fr\/","name":"Dpress.ma\/fr","description":"","potentialAction":[{"@type":"SearchAction","target":{"@type":"EntryPoint","urlTemplate":"https:\/\/dpress.ma\/fr\/?s={search_term_string}"},"query-input":{"@type":"PropertyValueSpecification","valueRequired":true,"valueName":"search_term_string"}}],"inLanguage":"fr-FR"},{"@type":"Person","@id":"https:\/\/dpress.ma\/fr\/#\/schema\/person\/4898febf3ccd59e6578d838656a306a0","name":"Dpress.ma","image":{"@type":"ImageObject","inLanguage":"fr-FR","@id":"https:\/\/secure.gravatar.com\/avatar\/72ecc30e9db047a2e0e7176561eb9d564ed77c8108376495b19bd8336405198a?s=96&d=mm&r=g","url":"https:\/\/secure.gravatar.com\/avatar\/72ecc30e9db047a2e0e7176561eb9d564ed77c8108376495b19bd8336405198a?s=96&d=mm&r=g","contentUrl":"https:\/\/secure.gravatar.com\/avatar\/72ecc30e9db047a2e0e7176561eb9d564ed77c8108376495b19bd8336405198a?s=96&d=mm&r=g","caption":"Dpress.ma"},"sameAs":["https:\/\/www.dpress.ma"],"url":"https:\/\/dpress.ma\/fr\/author\/dpress-ma\/"}]}},"amp_enabled":true,"_links":{"self":[{"href":"https:\/\/dpress.ma\/fr\/wp-json\/wp\/v2\/posts\/3108","targetHints":{"allow":["GET"]}}],"collection":[{"href":"https:\/\/dpress.ma\/fr\/wp-json\/wp\/v2\/posts"}],"about":[{"href":"https:\/\/dpress.ma\/fr\/wp-json\/wp\/v2\/types\/post"}],"author":[{"embeddable":true,"href":"https:\/\/dpress.ma\/fr\/wp-json\/wp\/v2\/users\/2"}],"replies":[{"embeddable":true,"href":"https:\/\/dpress.ma\/fr\/wp-json\/wp\/v2\/comments?post=3108"}],"version-history":[{"count":1,"href":"https:\/\/dpress.ma\/fr\/wp-json\/wp\/v2\/posts\/3108\/revisions"}],"predecessor-version":[{"id":3110,"href":"https:\/\/dpress.ma\/fr\/wp-json\/wp\/v2\/posts\/3108\/revisions\/3110"}],"wp:featuredmedia":[{"embeddable":true,"href":"https:\/\/dpress.ma\/fr\/wp-json\/wp\/v2\/media\/3109"}],"wp:attachment":[{"href":"https:\/\/dpress.ma\/fr\/wp-json\/wp\/v2\/media?parent=3108"}],"wp:term":[{"taxonomy":"category","embeddable":true,"href":"https:\/\/dpress.ma\/fr\/wp-json\/wp\/v2\/categories?post=3108"},{"taxonomy":"post_tag","embeddable":true,"href":"https:\/\/dpress.ma\/fr\/wp-json\/wp\/v2\/tags?post=3108"}],"curies":[{"name":"wp","href":"https:\/\/api.w.org\/{rel}","templated":true}]}}