{"id":31064,"date":"2026-05-14T10:34:48","date_gmt":"2026-05-14T10:34:48","guid":{"rendered":"https:\/\/dpress.ma\/fr\/?p=31064"},"modified":"2026-05-14T10:34:49","modified_gmt":"2026-05-14T10:34:49","slug":"entretiens-maroco-rwandais-a-kigali-sur-le-renforcement-de-la-cooperation-economique-et-linvestissement","status":"publish","type":"post","link":"https:\/\/dpress.ma\/fr\/2026\/05\/14\/entretiens-maroco-rwandais-a-kigali-sur-le-renforcement-de-la-cooperation-economique-et-linvestissement\/","title":{"rendered":"Entretiens maroco-rwandais \u00e0 Kigali sur le renforcement de la coop\u00e9ration \u00e9conomique et l\u2019investissement"},"content":{"rendered":"\n<p class=\"wp-block-paragraph\">Dpress<\/p>\n\n\n\n<p class=\"wp-block-paragraph\">&nbsp;Le renforcement de la coop\u00e9ration \u00e9conomique et des investissements entre le Maroc et le Rwanda a \u00e9t\u00e9 au centre des entretiens, mercredi \u00e0 Kigali, entre le ministre d\u00e9l\u00e9gu\u00e9 charg\u00e9 de l\u2019Investissement, de la Convergence et de l\u2019\u00c9valuation des politiques publiques, Karim Zidane, et la ministre d\u2019\u00c9tat charg\u00e9e de la Mobilisation des ressources et de l\u2019Investissement public au Rwanda, Mutesii Rusagara.<\/p>\n\n\n\n<p class=\"wp-block-paragraph\">Lors de cette entrevue, les deux parties ont \u00e9chang\u00e9 les vues sur les moyens \u00e0 m\u00eame de d\u00e9velopper les m\u00e9canismes de coop\u00e9ration \u00e9conomique et d\u2019investissement entre le Maroc et le Rwanda, de promouvoir l\u2019\u00e9change d\u2019exp\u00e9riences et d\u2019expertises, ainsi que d\u2019explorer de nouvelles perspectives de partenariat et d\u2019investissement dans divers domaines.<\/p>\n\n\n\n<p class=\"wp-block-paragraph\">\u00c0 cette occasion, la ministre rwandaise a r\u00e9affirm\u00e9 la disposition de son pays \u00e0 consolider la coop\u00e9ration avec le Maroc et d\u2019explorer de nouvelles perspectives de partenariat bilat\u00e9ral, se f\u00e9licitant de la qualit\u00e9 des relations qui unissent Rabat et Kigali, notamment \u00e0 la suite de la visite effectu\u00e9e par Sa Majest\u00e9 le Roi Mohammed VI au Rwanda.<\/p>\n\n\n\n<p class=\"wp-block-paragraph\">Elle a soulign\u00e9 qu\u2019un certain nombre d\u2019entreprises marocaines, notamment dans le secteur bancaire et l\u2019industrie pharmaceutique, ont r\u00e9ussi \u00e0 s\u2019implanter au Rwanda, estimant que ces exp\u00e9riences refl\u00e8tent la solidit\u00e9 de la coop\u00e9ration \u00e9conomique entre les deux pays.<\/p>\n\n\n\n<p class=\"wp-block-paragraph\">Elle a \u00e9galement salu\u00e9 le r\u00f4le jou\u00e9 par le Groupe OCP en tant que partenaire strat\u00e9gique du Rwanda, notamment en mati\u00e8re d\u2019approvisionnement en engrais, mettant l\u2019accent sur l\u2019importance de cette coop\u00e9ration face aux d\u00e9fis et aux crises actuels.<\/p>\n\n\n\n<p class=\"wp-block-paragraph\">La responsable rwandaise a fait part de l\u2019int\u00e9r\u00eat port\u00e9 par son pays \u00e0 l\u2019\u00e9largissement des domaines de coop\u00e9ration avec le Maroc, notamment dans les secteurs o\u00f9 le Royaume a accumul\u00e9 une expertise et une exp\u00e9rience pionni\u00e8res, dont l\u2019agriculture, le textile et l\u2019industrie, ainsi qu\u2019au renforcement de la coop\u00e9ration entre les fonds souverains des deux pays.<\/p>\n\n\n\n<p class=\"wp-block-paragraph\">Pour sa part, M. Zidane a r\u00e9affirm\u00e9 l\u2019int\u00e9r\u00eat du Maroc pour le renforcement de son engagement \u00e9conomique et en mati\u00e8re d\u2019investissement au Rwanda, mettant l\u2019accent sur l\u2019importance de d\u00e9velopper des partenariats concrets et durables avec Kigali dans les domaines d\u2019int\u00e9r\u00eat commun.<\/p>\n\n\n\n<p class=\"wp-block-paragraph\">Le ministre a, en outre, mis l\u2019accent sur l\u2019importance de promouvoir la coop\u00e9ration institutionnelle et d\u2019intensifier la coordination entre les acteurs \u00e9conomiques et financiers des deux pays, afin de contribuer \u00e0 la cr\u00e9ation de nouvelles opportunit\u00e9s d\u2019investissement et de soutenir l\u2019int\u00e9gration \u00e9conomique africaine.<\/p>\n\n\n\n<p class=\"wp-block-paragraph\">Dans ce sens, M. Zidane a fait part de la disposition du Royaume \u00e0 partager son exp\u00e9rience r\u00e9ussie en mati\u00e8re d\u2019am\u00e9lioration du climat des affaires, ainsi que de promotion et de facilitation des investissements dans les secteurs \u00e0 forte valeur ajout\u00e9e et prometteurs, notamment l\u2019industrie automobile, l\u2019a\u00e9ronautique, les \u00e9nergies renouvelables et l\u2019hydrog\u00e8ne vert.<\/p>\n\n\n\n<p class=\"wp-block-paragraph\">Cet entretien s\u2019inscrit dans le cadre de la participation de M. Zidane aux travaux de l\u2019Africa CEO Forum, pr\u00e9vu les 14 et 15 mai \u00e0 Kigali.<\/p>\n","protected":false},"excerpt":{"rendered":"<p>Dpress &nbsp;Le renforcement de la coop\u00e9ration \u00e9conomique et des investissements entre le Maroc et le Rwanda a \u00e9t\u00e9 au centre des entretiens, mercredi \u00e0 Kigali, entre le ministre d\u00e9l\u00e9gu\u00e9 charg\u00e9 de l\u2019Investissement, de la Convergence et de l\u2019\u00c9valuation des politiques publiques, Karim Zidane, et la ministre d\u2019\u00c9tat charg\u00e9e de la Mobilisation des ressources et de &hellip;<\/p>\n","protected":false},"author":2,"featured_media":30987,"comment_status":"open","ping_status":"open","sticky":false,"template":"","format":"standard","meta":{"footnotes":""},"categories":[33],"tags":[],"class_list":["post-31064","post","type-post","status-publish","format-standard","has-post-thumbnail","hentry","category-diplomatie-parallele"],"yoast_head":"<!-- This site is optimized with the Yoast SEO plugin v28.0 - https:\/\/yoast.com\/product\/yoast-seo-wordpress\/ -->\n<title>Entretiens maroco-rwandais \u00e0 Kigali sur le renforcement de la coop\u00e9ration \u00e9conomique et l\u2019investissement - Dpress.ma\/fr<\/title>\n<meta name=\"robots\" content=\"index, follow, max-snippet:-1, max-image-preview:large, max-video-preview:-1\" \/>\n<link rel=\"canonical\" href=\"https:\/\/dpress.ma\/fr\/2026\/05\/14\/entretiens-maroco-rwandais-a-kigali-sur-le-renforcement-de-la-cooperation-economique-et-linvestissement\/\" \/>\n<meta property=\"og:locale\" content=\"fr_FR\" \/>\n<meta property=\"og:type\" content=\"article\" \/>\n<meta property=\"og:title\" content=\"Entretiens maroco-rwandais \u00e0 Kigali sur le renforcement de la coop\u00e9ration \u00e9conomique et l\u2019investissement - Dpress.ma\/fr\" \/>\n<meta property=\"og:description\" content=\"Dpress &nbsp;Le renforcement de la coop\u00e9ration \u00e9conomique et des investissements entre le Maroc et le Rwanda a \u00e9t\u00e9 au centre des entretiens, mercredi \u00e0 Kigali, entre le ministre d\u00e9l\u00e9gu\u00e9 charg\u00e9 de l\u2019Investissement, de la Convergence et de l\u2019\u00c9valuation des politiques publiques, Karim Zidane, et la ministre d\u2019\u00c9tat charg\u00e9e de la Mobilisation des ressources et de &hellip;\" \/>\n<meta property=\"og:url\" content=\"https:\/\/dpress.ma\/fr\/2026\/05\/14\/entretiens-maroco-rwandais-a-kigali-sur-le-renforcement-de-la-cooperation-economique-et-linvestissement\/\" \/>\n<meta property=\"og:site_name\" content=\"Dpress.ma\/fr\" \/>\n<meta property=\"article:published_time\" content=\"2026-05-14T10:34:48+00:00\" \/>\n<meta property=\"article:modified_time\" content=\"2026-05-14T10:34:49+00:00\" \/>\n<meta property=\"og:image\" content=\"https:\/\/dpress.ma\/fr\/wp-content\/uploads\/sites\/2\/2026\/05\/121-3.jpg\" \/>\n\t<meta property=\"og:image:width\" content=\"2539\" \/>\n\t<meta property=\"og:image:height\" content=\"1594\" \/>\n\t<meta property=\"og:image:type\" content=\"image\/jpeg\" \/>\n<meta name=\"author\" content=\"Dpress.ma\" \/>\n<meta name=\"twitter:card\" content=\"summary_large_image\" \/>\n<meta name=\"twitter:label1\" content=\"\u00c9crit par\" \/>\n\t<meta name=\"twitter:data1\" content=\"Dpress.ma\" \/>\n\t<meta name=\"twitter:label2\" content=\"Dur\u00e9e de lecture estim\u00e9e\" \/>\n\t<meta name=\"twitter:data2\" content=\"3 minutes\" \/>\n<script type=\"application\/ld+json\" class=\"yoast-schema-graph\">{\"@context\":\"https:\\\/\\\/schema.org\",\"@graph\":[{\"@type\":\"Article\",\"@id\":\"https:\\\/\\\/dpress.ma\\\/fr\\\/2026\\\/05\\\/14\\\/entretiens-maroco-rwandais-a-kigali-sur-le-renforcement-de-la-cooperation-economique-et-linvestissement\\\/#article\",\"isPartOf\":{\"@id\":\"https:\\\/\\\/dpress.ma\\\/fr\\\/2026\\\/05\\\/14\\\/entretiens-maroco-rwandais-a-kigali-sur-le-renforcement-de-la-cooperation-economique-et-linvestissement\\\/\"},\"author\":{\"name\":\"Dpress.ma\",\"@id\":\"https:\\\/\\\/dpress.ma\\\/fr\\\/#\\\/schema\\\/person\\\/4898febf3ccd59e6578d838656a306a0\"},\"headline\":\"Entretiens maroco-rwandais \u00e0 Kigali sur le renforcement de la coop\u00e9ration \u00e9conomique et l\u2019investissement\",\"datePublished\":\"2026-05-14T10:34:48+00:00\",\"dateModified\":\"2026-05-14T10:34:49+00:00\",\"mainEntityOfPage\":{\"@id\":\"https:\\\/\\\/dpress.ma\\\/fr\\\/2026\\\/05\\\/14\\\/entretiens-maroco-rwandais-a-kigali-sur-le-renforcement-de-la-cooperation-economique-et-linvestissement\\\/\"},\"wordCount\":550,\"commentCount\":0,\"image\":{\"@id\":\"https:\\\/\\\/dpress.ma\\\/fr\\\/2026\\\/05\\\/14\\\/entretiens-maroco-rwandais-a-kigali-sur-le-renforcement-de-la-cooperation-economique-et-linvestissement\\\/#primaryimage\"},\"thumbnailUrl\":\"https:\\\/\\\/dpress.ma\\\/fr\\\/wp-content\\\/uploads\\\/sites\\\/2\\\/2026\\\/05\\\/121-3.jpg\",\"articleSection\":[\"Diplomatie Parall\u00e8le\"],\"inLanguage\":\"fr-FR\",\"potentialAction\":[{\"@type\":\"CommentAction\",\"name\":\"Comment\",\"target\":[\"https:\\\/\\\/dpress.ma\\\/fr\\\/2026\\\/05\\\/14\\\/entretiens-maroco-rwandais-a-kigali-sur-le-renforcement-de-la-cooperation-economique-et-linvestissement\\\/#respond\"]}]},{\"@type\":\"WebPage\",\"@id\":\"https:\\\/\\\/dpress.ma\\\/fr\\\/2026\\\/05\\\/14\\\/entretiens-maroco-rwandais-a-kigali-sur-le-renforcement-de-la-cooperation-economique-et-linvestissement\\\/\",\"url\":\"https:\\\/\\\/dpress.ma\\\/fr\\\/2026\\\/05\\\/14\\\/entretiens-maroco-rwandais-a-kigali-sur-le-renforcement-de-la-cooperation-economique-et-linvestissement\\\/\",\"name\":\"Entretiens maroco-rwandais \u00e0 Kigali sur le renforcement de la coop\u00e9ration \u00e9conomique et l\u2019investissement - Dpress.ma\\\/fr\",\"isPartOf\":{\"@id\":\"https:\\\/\\\/dpress.ma\\\/fr\\\/#website\"},\"primaryImageOfPage\":{\"@id\":\"https:\\\/\\\/dpress.ma\\\/fr\\\/2026\\\/05\\\/14\\\/entretiens-maroco-rwandais-a-kigali-sur-le-renforcement-de-la-cooperation-economique-et-linvestissement\\\/#primaryimage\"},\"image\":{\"@id\":\"https:\\\/\\\/dpress.ma\\\/fr\\\/2026\\\/05\\\/14\\\/entretiens-maroco-rwandais-a-kigali-sur-le-renforcement-de-la-cooperation-economique-et-linvestissement\\\/#primaryimage\"},\"thumbnailUrl\":\"https:\\\/\\\/dpress.ma\\\/fr\\\/wp-content\\\/uploads\\\/sites\\\/2\\\/2026\\\/05\\\/121-3.jpg\",\"datePublished\":\"2026-05-14T10:34:48+00:00\",\"dateModified\":\"2026-05-14T10:34:49+00:00\",\"author\":{\"@id\":\"https:\\\/\\\/dpress.ma\\\/fr\\\/#\\\/schema\\\/person\\\/4898febf3ccd59e6578d838656a306a0\"},\"breadcrumb\":{\"@id\":\"https:\\\/\\\/dpress.ma\\\/fr\\\/2026\\\/05\\\/14\\\/entretiens-maroco-rwandais-a-kigali-sur-le-renforcement-de-la-cooperation-economique-et-linvestissement\\\/#breadcrumb\"},\"inLanguage\":\"fr-FR\",\"potentialAction\":[{\"@type\":\"ReadAction\",\"target\":[\"https:\\\/\\\/dpress.ma\\\/fr\\\/2026\\\/05\\\/14\\\/entretiens-maroco-rwandais-a-kigali-sur-le-renforcement-de-la-cooperation-economique-et-linvestissement\\\/\"]}]},{\"@type\":\"ImageObject\",\"inLanguage\":\"fr-FR\",\"@id\":\"https:\\\/\\\/dpress.ma\\\/fr\\\/2026\\\/05\\\/14\\\/entretiens-maroco-rwandais-a-kigali-sur-le-renforcement-de-la-cooperation-economique-et-linvestissement\\\/#primaryimage\",\"url\":\"https:\\\/\\\/dpress.ma\\\/fr\\\/wp-content\\\/uploads\\\/sites\\\/2\\\/2026\\\/05\\\/121-3.jpg\",\"contentUrl\":\"https:\\\/\\\/dpress.ma\\\/fr\\\/wp-content\\\/uploads\\\/sites\\\/2\\\/2026\\\/05\\\/121-3.jpg\",\"width\":2539,\"height\":1594},{\"@type\":\"BreadcrumbList\",\"@id\":\"https:\\\/\\\/dpress.ma\\\/fr\\\/2026\\\/05\\\/14\\\/entretiens-maroco-rwandais-a-kigali-sur-le-renforcement-de-la-cooperation-economique-et-linvestissement\\\/#breadcrumb\",\"itemListElement\":[{\"@type\":\"ListItem\",\"position\":1,\"name\":\"Home\",\"item\":\"https:\\\/\\\/dpress.ma\\\/fr\\\/\"},{\"@type\":\"ListItem\",\"position\":2,\"name\":\"Entretiens maroco-rwandais \u00e0 Kigali sur le renforcement de la coop\u00e9ration \u00e9conomique et l\u2019investissement\"}]},{\"@type\":\"WebSite\",\"@id\":\"https:\\\/\\\/dpress.ma\\\/fr\\\/#website\",\"url\":\"https:\\\/\\\/dpress.ma\\\/fr\\\/\",\"name\":\"Dpress.ma\\\/fr\",\"description\":\"\",\"potentialAction\":[{\"@type\":\"SearchAction\",\"target\":{\"@type\":\"EntryPoint\",\"urlTemplate\":\"https:\\\/\\\/dpress.ma\\\/fr\\\/?s={search_term_string}\"},\"query-input\":{\"@type\":\"PropertyValueSpecification\",\"valueRequired\":true,\"valueName\":\"search_term_string\"}}],\"inLanguage\":\"fr-FR\"},{\"@type\":\"Person\",\"@id\":\"https:\\\/\\\/dpress.ma\\\/fr\\\/#\\\/schema\\\/person\\\/4898febf3ccd59e6578d838656a306a0\",\"name\":\"Dpress.ma\",\"image\":{\"@type\":\"ImageObject\",\"inLanguage\":\"fr-FR\",\"@id\":\"https:\\\/\\\/secure.gravatar.com\\\/avatar\\\/72ecc30e9db047a2e0e7176561eb9d564ed77c8108376495b19bd8336405198a?s=96&d=mm&r=g\",\"url\":\"https:\\\/\\\/secure.gravatar.com\\\/avatar\\\/72ecc30e9db047a2e0e7176561eb9d564ed77c8108376495b19bd8336405198a?s=96&d=mm&r=g\",\"contentUrl\":\"https:\\\/\\\/secure.gravatar.com\\\/avatar\\\/72ecc30e9db047a2e0e7176561eb9d564ed77c8108376495b19bd8336405198a?s=96&d=mm&r=g\",\"caption\":\"Dpress.ma\"},\"sameAs\":[\"https:\\\/\\\/www.dpress.ma\"],\"url\":\"https:\\\/\\\/dpress.ma\\\/fr\\\/author\\\/dpress-ma\\\/\"}]}<\/script>\n<!-- \/ Yoast SEO plugin. -->","yoast_head_json":{"title":"Entretiens maroco-rwandais \u00e0 Kigali sur le renforcement de la coop\u00e9ration \u00e9conomique et l\u2019investissement - Dpress.ma\/fr","robots":{"index":"index","follow":"follow","max-snippet":"max-snippet:-1","max-image-preview":"max-image-preview:large","max-video-preview":"max-video-preview:-1"},"canonical":"https:\/\/dpress.ma\/fr\/2026\/05\/14\/entretiens-maroco-rwandais-a-kigali-sur-le-renforcement-de-la-cooperation-economique-et-linvestissement\/","og_locale":"fr_FR","og_type":"article","og_title":"Entretiens maroco-rwandais \u00e0 Kigali sur le renforcement de la coop\u00e9ration \u00e9conomique et l\u2019investissement - Dpress.ma\/fr","og_description":"Dpress &nbsp;Le renforcement de la coop\u00e9ration \u00e9conomique et des investissements entre le Maroc et le Rwanda a \u00e9t\u00e9 au centre des entretiens, mercredi \u00e0 Kigali, entre le ministre d\u00e9l\u00e9gu\u00e9 charg\u00e9 de l\u2019Investissement, de la Convergence et de l\u2019\u00c9valuation des politiques publiques, Karim Zidane, et la ministre d\u2019\u00c9tat charg\u00e9e de la Mobilisation des ressources et de &hellip;","og_url":"https:\/\/dpress.ma\/fr\/2026\/05\/14\/entretiens-maroco-rwandais-a-kigali-sur-le-renforcement-de-la-cooperation-economique-et-linvestissement\/","og_site_name":"Dpress.ma\/fr","article_published_time":"2026-05-14T10:34:48+00:00","article_modified_time":"2026-05-14T10:34:49+00:00","og_image":[{"width":2539,"height":1594,"url":"https:\/\/dpress.ma\/fr\/wp-content\/uploads\/sites\/2\/2026\/05\/121-3.jpg","type":"image\/jpeg"}],"author":"Dpress.ma","twitter_card":"summary_large_image","twitter_misc":{"\u00c9crit par":"Dpress.ma","Dur\u00e9e de lecture estim\u00e9e":"3 minutes"},"schema":{"@context":"https:\/\/schema.org","@graph":[{"@type":"Article","@id":"https:\/\/dpress.ma\/fr\/2026\/05\/14\/entretiens-maroco-rwandais-a-kigali-sur-le-renforcement-de-la-cooperation-economique-et-linvestissement\/#article","isPartOf":{"@id":"https:\/\/dpress.ma\/fr\/2026\/05\/14\/entretiens-maroco-rwandais-a-kigali-sur-le-renforcement-de-la-cooperation-economique-et-linvestissement\/"},"author":{"name":"Dpress.ma","@id":"https:\/\/dpress.ma\/fr\/#\/schema\/person\/4898febf3ccd59e6578d838656a306a0"},"headline":"Entretiens maroco-rwandais \u00e0 Kigali sur le renforcement de la coop\u00e9ration \u00e9conomique et l\u2019investissement","datePublished":"2026-05-14T10:34:48+00:00","dateModified":"2026-05-14T10:34:49+00:00","mainEntityOfPage":{"@id":"https:\/\/dpress.ma\/fr\/2026\/05\/14\/entretiens-maroco-rwandais-a-kigali-sur-le-renforcement-de-la-cooperation-economique-et-linvestissement\/"},"wordCount":550,"commentCount":0,"image":{"@id":"https:\/\/dpress.ma\/fr\/2026\/05\/14\/entretiens-maroco-rwandais-a-kigali-sur-le-renforcement-de-la-cooperation-economique-et-linvestissement\/#primaryimage"},"thumbnailUrl":"https:\/\/dpress.ma\/fr\/wp-content\/uploads\/sites\/2\/2026\/05\/121-3.jpg","articleSection":["Diplomatie Parall\u00e8le"],"inLanguage":"fr-FR","potentialAction":[{"@type":"CommentAction","name":"Comment","target":["https:\/\/dpress.ma\/fr\/2026\/05\/14\/entretiens-maroco-rwandais-a-kigali-sur-le-renforcement-de-la-cooperation-economique-et-linvestissement\/#respond"]}]},{"@type":"WebPage","@id":"https:\/\/dpress.ma\/fr\/2026\/05\/14\/entretiens-maroco-rwandais-a-kigali-sur-le-renforcement-de-la-cooperation-economique-et-linvestissement\/","url":"https:\/\/dpress.ma\/fr\/2026\/05\/14\/entretiens-maroco-rwandais-a-kigali-sur-le-renforcement-de-la-cooperation-economique-et-linvestissement\/","name":"Entretiens maroco-rwandais \u00e0 Kigali sur le renforcement de la coop\u00e9ration \u00e9conomique et l\u2019investissement - Dpress.ma\/fr","isPartOf":{"@id":"https:\/\/dpress.ma\/fr\/#website"},"primaryImageOfPage":{"@id":"https:\/\/dpress.ma\/fr\/2026\/05\/14\/entretiens-maroco-rwandais-a-kigali-sur-le-renforcement-de-la-cooperation-economique-et-linvestissement\/#primaryimage"},"image":{"@id":"https:\/\/dpress.ma\/fr\/2026\/05\/14\/entretiens-maroco-rwandais-a-kigali-sur-le-renforcement-de-la-cooperation-economique-et-linvestissement\/#primaryimage"},"thumbnailUrl":"https:\/\/dpress.ma\/fr\/wp-content\/uploads\/sites\/2\/2026\/05\/121-3.jpg","datePublished":"2026-05-14T10:34:48+00:00","dateModified":"2026-05-14T10:34:49+00:00","author":{"@id":"https:\/\/dpress.ma\/fr\/#\/schema\/person\/4898febf3ccd59e6578d838656a306a0"},"breadcrumb":{"@id":"https:\/\/dpress.ma\/fr\/2026\/05\/14\/entretiens-maroco-rwandais-a-kigali-sur-le-renforcement-de-la-cooperation-economique-et-linvestissement\/#breadcrumb"},"inLanguage":"fr-FR","potentialAction":[{"@type":"ReadAction","target":["https:\/\/dpress.ma\/fr\/2026\/05\/14\/entretiens-maroco-rwandais-a-kigali-sur-le-renforcement-de-la-cooperation-economique-et-linvestissement\/"]}]},{"@type":"ImageObject","inLanguage":"fr-FR","@id":"https:\/\/dpress.ma\/fr\/2026\/05\/14\/entretiens-maroco-rwandais-a-kigali-sur-le-renforcement-de-la-cooperation-economique-et-linvestissement\/#primaryimage","url":"https:\/\/dpress.ma\/fr\/wp-content\/uploads\/sites\/2\/2026\/05\/121-3.jpg","contentUrl":"https:\/\/dpress.ma\/fr\/wp-content\/uploads\/sites\/2\/2026\/05\/121-3.jpg","width":2539,"height":1594},{"@type":"BreadcrumbList","@id":"https:\/\/dpress.ma\/fr\/2026\/05\/14\/entretiens-maroco-rwandais-a-kigali-sur-le-renforcement-de-la-cooperation-economique-et-linvestissement\/#breadcrumb","itemListElement":[{"@type":"ListItem","position":1,"name":"Home","item":"https:\/\/dpress.ma\/fr\/"},{"@type":"ListItem","position":2,"name":"Entretiens maroco-rwandais \u00e0 Kigali sur le renforcement de la coop\u00e9ration \u00e9conomique et l\u2019investissement"}]},{"@type":"WebSite","@id":"https:\/\/dpress.ma\/fr\/#website","url":"https:\/\/dpress.ma\/fr\/","name":"Dpress.ma\/fr","description":"","potentialAction":[{"@type":"SearchAction","target":{"@type":"EntryPoint","urlTemplate":"https:\/\/dpress.ma\/fr\/?s={search_term_string}"},"query-input":{"@type":"PropertyValueSpecification","valueRequired":true,"valueName":"search_term_string"}}],"inLanguage":"fr-FR"},{"@type":"Person","@id":"https:\/\/dpress.ma\/fr\/#\/schema\/person\/4898febf3ccd59e6578d838656a306a0","name":"Dpress.ma","image":{"@type":"ImageObject","inLanguage":"fr-FR","@id":"https:\/\/secure.gravatar.com\/avatar\/72ecc30e9db047a2e0e7176561eb9d564ed77c8108376495b19bd8336405198a?s=96&d=mm&r=g","url":"https:\/\/secure.gravatar.com\/avatar\/72ecc30e9db047a2e0e7176561eb9d564ed77c8108376495b19bd8336405198a?s=96&d=mm&r=g","contentUrl":"https:\/\/secure.gravatar.com\/avatar\/72ecc30e9db047a2e0e7176561eb9d564ed77c8108376495b19bd8336405198a?s=96&d=mm&r=g","caption":"Dpress.ma"},"sameAs":["https:\/\/www.dpress.ma"],"url":"https:\/\/dpress.ma\/fr\/author\/dpress-ma\/"}]}},"amp_enabled":true,"_links":{"self":[{"href":"https:\/\/dpress.ma\/fr\/wp-json\/wp\/v2\/posts\/31064","targetHints":{"allow":["GET"]}}],"collection":[{"href":"https:\/\/dpress.ma\/fr\/wp-json\/wp\/v2\/posts"}],"about":[{"href":"https:\/\/dpress.ma\/fr\/wp-json\/wp\/v2\/types\/post"}],"author":[{"embeddable":true,"href":"https:\/\/dpress.ma\/fr\/wp-json\/wp\/v2\/users\/2"}],"replies":[{"embeddable":true,"href":"https:\/\/dpress.ma\/fr\/wp-json\/wp\/v2\/comments?post=31064"}],"version-history":[{"count":1,"href":"https:\/\/dpress.ma\/fr\/wp-json\/wp\/v2\/posts\/31064\/revisions"}],"predecessor-version":[{"id":31065,"href":"https:\/\/dpress.ma\/fr\/wp-json\/wp\/v2\/posts\/31064\/revisions\/31065"}],"wp:featuredmedia":[{"embeddable":true,"href":"https:\/\/dpress.ma\/fr\/wp-json\/wp\/v2\/media\/30987"}],"wp:attachment":[{"href":"https:\/\/dpress.ma\/fr\/wp-json\/wp\/v2\/media?parent=31064"}],"wp:term":[{"taxonomy":"category","embeddable":true,"href":"https:\/\/dpress.ma\/fr\/wp-json\/wp\/v2\/categories?post=31064"},{"taxonomy":"post_tag","embeddable":true,"href":"https:\/\/dpress.ma\/fr\/wp-json\/wp\/v2\/tags?post=31064"}],"curies":[{"name":"wp","href":"https:\/\/api.w.org\/{rel}","templated":true}]}}