{"id":3104,"date":"2022-12-28T15:58:46","date_gmt":"2022-12-28T15:58:46","guid":{"rendered":"https:\/\/dpress.ma\/fr\/?p=3104"},"modified":"2022-12-28T15:58:48","modified_gmt":"2022-12-28T15:58:48","slug":"le-maroc-ne-participera-pas-au-chan-2023-si-le-deplacement-de-la-selection-nationale-nest-pas-assure-via-un-vol-special-de-la-ram-rabat-constantine-frmf","status":"publish","type":"post","link":"https:\/\/dpress.ma\/fr\/2022\/12\/28\/le-maroc-ne-participera-pas-au-chan-2023-si-le-deplacement-de-la-selection-nationale-nest-pas-assure-via-un-vol-special-de-la-ram-rabat-constantine-frmf\/","title":{"rendered":"Le Maroc ne participera pas au CHAN-2023 si le d\u00e9placement de la s\u00e9lection nationale n\u2019est pas assur\u00e9 via un vol sp\u00e9cial de la RAM Rabat-Constantine (FRMF)"},"content":{"rendered":"\n<p>Dpress<\/p>\n\n\n\n<p>Le Comit\u00e9 directeur de la F\u00e9d\u00e9ration royale marocaine de football (FRMF) a d\u00e9cid\u00e9 \u00e0 l\u2019unanimit\u00e9 de ne pas participer \u00e0 l\u2019\u00e9dition 2023 du Championnat d\u2019Afrique des nations de football (CHAN), pr\u00e9vu du 13 janvier au 4 f\u00e9vrier prochains en Alg\u00e9rie, si le d\u00e9placement de la s\u00e9lection nationale n\u2019est pas assur\u00e9 via un vol sp\u00e9cial de la Royale Air Maroc (RAM), transporteur officiel, depuis Rabat vers Constantine, ville h\u00f4te des matchs du Onze national.<\/p>\n\n\n\n<p>Cette d\u00e9cision a \u00e9t\u00e9 prise lors d\u2019une r\u00e9union du comit\u00e9 directeur de la FRMF, tenue mardi au Complexe Mohammed VI de football \u00e0 Sal\u00e9, indique un communiqu\u00e9 de la FRMF.<\/p>\n\n\n\n<p>La FRMF avait adress\u00e9 une correspondance \u00e0 la Conf\u00e9d\u00e9ration Africaine de football (CAF) au sujet du respect des clauses du cahier de charges des comp\u00e9titions africaines notamment en mati\u00e8re de la facilitation des conditions des s\u00e9lections nationales participantes, o\u00f9 elle avait demand\u00e9 le d\u00e9placement de la s\u00e9lection marocaine via un vol sp\u00e9cial de la Royale Air Maroc (RAM), transporteur officiel, depuis Rabat vers Constantine, ville h\u00f4te des matchs du Onze national, rel\u00e8ve la m\u00eame source, notant que dans le cas du non-respect de ce point, le comit\u00e9 directeur de la FRMF a d\u00e9cid\u00e9 \u00e0 l\u2019unanimit\u00e9 de ne pas participer \u00e0 cette \u00e9dition du CHAN.<\/p>\n\n\n\n<p>Le pr\u00e9sident de la F\u00e9d\u00e9ration royale marocaine de football, Fouzi Lekjaa, a, en outre, rappel\u00e9 la d\u00e9cision prise lors du dernier comit\u00e9 directeur de la FRMF qui pr\u00e9voit la participation de la s\u00e9lection marocaine U23 \u00e0 ce championnat.<\/p>\n\n\n\n<p>Par ailleurs, le comit\u00e9 directeur de la FRMF a convenu que si la s\u00e9lection marocaine participera au CHAN, les matchs du championnat national ne connaitront aucune interruption.<\/p>\n\n\n\n<p>Outre le Championnat d\u2019Afrique des nations de football, cette r\u00e9union du comit\u00e9 directeur de la FRMF a port\u00e9 \u00e9galement sur la participation de l\u2019\u00e9quipe nationale \u00e0 la Coupe du monde Qatar 2022 et l\u2019organisation de la Coupe du monde des clubs pr\u00e9vue du 1er au 11 f\u00e9vrier 2023 au Maroc.<\/p>\n","protected":false},"excerpt":{"rendered":"<p>Dpress Le Comit\u00e9 directeur de la F\u00e9d\u00e9ration royale marocaine de football (FRMF) a d\u00e9cid\u00e9 \u00e0 l\u2019unanimit\u00e9 de ne pas participer \u00e0 l\u2019\u00e9dition 2023 du Championnat d\u2019Afrique des nations de football (CHAN), pr\u00e9vu du 13 janvier au 4 f\u00e9vrier prochains en Alg\u00e9rie, si le d\u00e9placement de la s\u00e9lection nationale n\u2019est pas assur\u00e9 via un vol sp\u00e9cial &hellip;<\/p>\n","protected":false},"author":2,"featured_media":3105,"comment_status":"open","ping_status":"open","sticky":false,"template":"","format":"standard","meta":{"footnotes":""},"categories":[27],"tags":[],"class_list":["post-3104","post","type-post","status-publish","format-standard","has-post-thumbnail","hentry","category-sport"],"yoast_head":"<!-- This site is optimized with the Yoast SEO plugin v27.5 - https:\/\/yoast.com\/product\/yoast-seo-wordpress\/ -->\n<title>Le Maroc ne participera pas au CHAN-2023 si le d\u00e9placement de la s\u00e9lection nationale n\u2019est pas assur\u00e9 via un vol sp\u00e9cial de la RAM Rabat-Constantine (FRMF) - Dpress.ma\/fr<\/title>\n<meta name=\"description\" content=\"Le Comit\u00e9 directeur de la F\u00e9d\u00e9ration royale marocaine de football (FRMF) a d\u00e9cid\u00e9 \u00e0 l\u2019unanimit\u00e9 de ne pas participer \u00e0 l\u2019\u00e9dition 2023 du Championnat d\u2019Afrique des nations de football (CHAN), pr\u00e9vu du 13 janvier au 4 f\u00e9vrier prochains en Alg\u00e9rie, si le d\u00e9placement de la s\u00e9lection nationale n\u2019est pas assur\u00e9 via un vol sp\u00e9cial de la Royale Air Maroc (RAM), transporteur officiel, depuis Rabat vers Constantine, ville h\u00f4te des matchs du Onze national.\" \/>\n<meta name=\"robots\" content=\"index, follow, max-snippet:-1, max-image-preview:large, max-video-preview:-1\" \/>\n<link rel=\"canonical\" href=\"https:\/\/dpress.ma\/fr\/2022\/12\/28\/le-maroc-ne-participera-pas-au-chan-2023-si-le-deplacement-de-la-selection-nationale-nest-pas-assure-via-un-vol-special-de-la-ram-rabat-constantine-frmf\/\" \/>\n<meta property=\"og:locale\" content=\"fr_FR\" \/>\n<meta property=\"og:type\" content=\"article\" \/>\n<meta property=\"og:title\" content=\"Le Maroc ne participera pas au CHAN-2023 si le d\u00e9placement de la s\u00e9lection nationale n\u2019est pas assur\u00e9 via un vol sp\u00e9cial de la RAM Rabat-Constantine (FRMF) - Dpress.ma\/fr\" \/>\n<meta property=\"og:description\" content=\"Le Comit\u00e9 directeur de la F\u00e9d\u00e9ration royale marocaine de football (FRMF) a d\u00e9cid\u00e9 \u00e0 l\u2019unanimit\u00e9 de ne pas participer \u00e0 l\u2019\u00e9dition 2023 du Championnat d\u2019Afrique des nations de football (CHAN), pr\u00e9vu du 13 janvier au 4 f\u00e9vrier prochains en Alg\u00e9rie, si le d\u00e9placement de la s\u00e9lection nationale n\u2019est pas assur\u00e9 via un vol sp\u00e9cial de la Royale Air Maroc (RAM), transporteur officiel, depuis Rabat vers Constantine, ville h\u00f4te des matchs du Onze national.\" \/>\n<meta property=\"og:url\" content=\"https:\/\/dpress.ma\/fr\/2022\/12\/28\/le-maroc-ne-participera-pas-au-chan-2023-si-le-deplacement-de-la-selection-nationale-nest-pas-assure-via-un-vol-special-de-la-ram-rabat-constantine-frmf\/\" \/>\n<meta property=\"og:site_name\" content=\"Dpress.ma\/fr\" \/>\n<meta property=\"article:published_time\" content=\"2022-12-28T15:58:46+00:00\" \/>\n<meta property=\"article:modified_time\" content=\"2022-12-28T15:58:48+00:00\" \/>\n<meta property=\"og:image\" content=\"https:\/\/dpress.ma\/fr\/wp-content\/uploads\/sites\/2\/2022\/12\/dimensions2-95.jpg\" \/>\n\t<meta property=\"og:image:width\" content=\"2539\" \/>\n\t<meta property=\"og:image:height\" content=\"1594\" \/>\n\t<meta property=\"og:image:type\" content=\"image\/jpeg\" \/>\n<meta name=\"author\" content=\"Dpress.ma\" \/>\n<meta name=\"twitter:card\" content=\"summary_large_image\" \/>\n<meta name=\"twitter:label1\" content=\"\u00c9crit par\" \/>\n\t<meta name=\"twitter:data1\" content=\"Dpress.ma\" \/>\n\t<meta name=\"twitter:label2\" content=\"Dur\u00e9e de lecture estim\u00e9e\" \/>\n\t<meta name=\"twitter:data2\" content=\"2 minutes\" \/>\n<script type=\"application\/ld+json\" class=\"yoast-schema-graph\">{\"@context\":\"https:\\\/\\\/schema.org\",\"@graph\":[{\"@type\":\"Article\",\"@id\":\"https:\\\/\\\/dpress.ma\\\/fr\\\/2022\\\/12\\\/28\\\/le-maroc-ne-participera-pas-au-chan-2023-si-le-deplacement-de-la-selection-nationale-nest-pas-assure-via-un-vol-special-de-la-ram-rabat-constantine-frmf\\\/#article\",\"isPartOf\":{\"@id\":\"https:\\\/\\\/dpress.ma\\\/fr\\\/2022\\\/12\\\/28\\\/le-maroc-ne-participera-pas-au-chan-2023-si-le-deplacement-de-la-selection-nationale-nest-pas-assure-via-un-vol-special-de-la-ram-rabat-constantine-frmf\\\/\"},\"author\":{\"name\":\"Dpress.ma\",\"@id\":\"https:\\\/\\\/dpress.ma\\\/fr\\\/#\\\/schema\\\/person\\\/4898febf3ccd59e6578d838656a306a0\"},\"headline\":\"Le Maroc ne participera pas au CHAN-2023 si le d\u00e9placement de la s\u00e9lection nationale n\u2019est pas assur\u00e9 via un vol sp\u00e9cial de la RAM Rabat-Constantine (FRMF)\",\"datePublished\":\"2022-12-28T15:58:46+00:00\",\"dateModified\":\"2022-12-28T15:58:48+00:00\",\"mainEntityOfPage\":{\"@id\":\"https:\\\/\\\/dpress.ma\\\/fr\\\/2022\\\/12\\\/28\\\/le-maroc-ne-participera-pas-au-chan-2023-si-le-deplacement-de-la-selection-nationale-nest-pas-assure-via-un-vol-special-de-la-ram-rabat-constantine-frmf\\\/\"},\"wordCount\":382,\"commentCount\":0,\"image\":{\"@id\":\"https:\\\/\\\/dpress.ma\\\/fr\\\/2022\\\/12\\\/28\\\/le-maroc-ne-participera-pas-au-chan-2023-si-le-deplacement-de-la-selection-nationale-nest-pas-assure-via-un-vol-special-de-la-ram-rabat-constantine-frmf\\\/#primaryimage\"},\"thumbnailUrl\":\"https:\\\/\\\/dpress.ma\\\/fr\\\/wp-content\\\/uploads\\\/sites\\\/2\\\/2022\\\/12\\\/dimensions2-95.jpg\",\"articleSection\":[\"Sport\"],\"inLanguage\":\"fr-FR\",\"potentialAction\":[{\"@type\":\"CommentAction\",\"name\":\"Comment\",\"target\":[\"https:\\\/\\\/dpress.ma\\\/fr\\\/2022\\\/12\\\/28\\\/le-maroc-ne-participera-pas-au-chan-2023-si-le-deplacement-de-la-selection-nationale-nest-pas-assure-via-un-vol-special-de-la-ram-rabat-constantine-frmf\\\/#respond\"]}]},{\"@type\":\"WebPage\",\"@id\":\"https:\\\/\\\/dpress.ma\\\/fr\\\/2022\\\/12\\\/28\\\/le-maroc-ne-participera-pas-au-chan-2023-si-le-deplacement-de-la-selection-nationale-nest-pas-assure-via-un-vol-special-de-la-ram-rabat-constantine-frmf\\\/\",\"url\":\"https:\\\/\\\/dpress.ma\\\/fr\\\/2022\\\/12\\\/28\\\/le-maroc-ne-participera-pas-au-chan-2023-si-le-deplacement-de-la-selection-nationale-nest-pas-assure-via-un-vol-special-de-la-ram-rabat-constantine-frmf\\\/\",\"name\":\"Le Maroc ne participera pas au CHAN-2023 si le d\u00e9placement de la s\u00e9lection nationale n\u2019est pas assur\u00e9 via un vol sp\u00e9cial de la RAM Rabat-Constantine (FRMF) - Dpress.ma\\\/fr\",\"isPartOf\":{\"@id\":\"https:\\\/\\\/dpress.ma\\\/fr\\\/#website\"},\"primaryImageOfPage\":{\"@id\":\"https:\\\/\\\/dpress.ma\\\/fr\\\/2022\\\/12\\\/28\\\/le-maroc-ne-participera-pas-au-chan-2023-si-le-deplacement-de-la-selection-nationale-nest-pas-assure-via-un-vol-special-de-la-ram-rabat-constantine-frmf\\\/#primaryimage\"},\"image\":{\"@id\":\"https:\\\/\\\/dpress.ma\\\/fr\\\/2022\\\/12\\\/28\\\/le-maroc-ne-participera-pas-au-chan-2023-si-le-deplacement-de-la-selection-nationale-nest-pas-assure-via-un-vol-special-de-la-ram-rabat-constantine-frmf\\\/#primaryimage\"},\"thumbnailUrl\":\"https:\\\/\\\/dpress.ma\\\/fr\\\/wp-content\\\/uploads\\\/sites\\\/2\\\/2022\\\/12\\\/dimensions2-95.jpg\",\"datePublished\":\"2022-12-28T15:58:46+00:00\",\"dateModified\":\"2022-12-28T15:58:48+00:00\",\"author\":{\"@id\":\"https:\\\/\\\/dpress.ma\\\/fr\\\/#\\\/schema\\\/person\\\/4898febf3ccd59e6578d838656a306a0\"},\"description\":\"Le Comit\u00e9 directeur de la F\u00e9d\u00e9ration royale marocaine de football (FRMF) a d\u00e9cid\u00e9 \u00e0 l\u2019unanimit\u00e9 de ne pas participer \u00e0 l\u2019\u00e9dition 2023 du Championnat d\u2019Afrique des nations de football (CHAN), pr\u00e9vu du 13 janvier au 4 f\u00e9vrier prochains en Alg\u00e9rie, si le d\u00e9placement de la s\u00e9lection nationale n\u2019est pas assur\u00e9 via un vol sp\u00e9cial de la Royale Air Maroc (RAM), transporteur officiel, depuis Rabat vers Constantine, ville h\u00f4te des matchs du Onze national.\",\"breadcrumb\":{\"@id\":\"https:\\\/\\\/dpress.ma\\\/fr\\\/2022\\\/12\\\/28\\\/le-maroc-ne-participera-pas-au-chan-2023-si-le-deplacement-de-la-selection-nationale-nest-pas-assure-via-un-vol-special-de-la-ram-rabat-constantine-frmf\\\/#breadcrumb\"},\"inLanguage\":\"fr-FR\",\"potentialAction\":[{\"@type\":\"ReadAction\",\"target\":[\"https:\\\/\\\/dpress.ma\\\/fr\\\/2022\\\/12\\\/28\\\/le-maroc-ne-participera-pas-au-chan-2023-si-le-deplacement-de-la-selection-nationale-nest-pas-assure-via-un-vol-special-de-la-ram-rabat-constantine-frmf\\\/\"]}]},{\"@type\":\"ImageObject\",\"inLanguage\":\"fr-FR\",\"@id\":\"https:\\\/\\\/dpress.ma\\\/fr\\\/2022\\\/12\\\/28\\\/le-maroc-ne-participera-pas-au-chan-2023-si-le-deplacement-de-la-selection-nationale-nest-pas-assure-via-un-vol-special-de-la-ram-rabat-constantine-frmf\\\/#primaryimage\",\"url\":\"https:\\\/\\\/dpress.ma\\\/fr\\\/wp-content\\\/uploads\\\/sites\\\/2\\\/2022\\\/12\\\/dimensions2-95.jpg\",\"contentUrl\":\"https:\\\/\\\/dpress.ma\\\/fr\\\/wp-content\\\/uploads\\\/sites\\\/2\\\/2022\\\/12\\\/dimensions2-95.jpg\",\"width\":2539,\"height\":1594},{\"@type\":\"BreadcrumbList\",\"@id\":\"https:\\\/\\\/dpress.ma\\\/fr\\\/2022\\\/12\\\/28\\\/le-maroc-ne-participera-pas-au-chan-2023-si-le-deplacement-de-la-selection-nationale-nest-pas-assure-via-un-vol-special-de-la-ram-rabat-constantine-frmf\\\/#breadcrumb\",\"itemListElement\":[{\"@type\":\"ListItem\",\"position\":1,\"name\":\"Home\",\"item\":\"https:\\\/\\\/dpress.ma\\\/fr\\\/\"},{\"@type\":\"ListItem\",\"position\":2,\"name\":\"Le Maroc ne participera pas au CHAN-2023 si le d\u00e9placement de la s\u00e9lection nationale n\u2019est pas assur\u00e9 via un vol sp\u00e9cial de la RAM Rabat-Constantine (FRMF)\"}]},{\"@type\":\"WebSite\",\"@id\":\"https:\\\/\\\/dpress.ma\\\/fr\\\/#website\",\"url\":\"https:\\\/\\\/dpress.ma\\\/fr\\\/\",\"name\":\"Dpress.ma\\\/fr\",\"description\":\"\",\"potentialAction\":[{\"@type\":\"SearchAction\",\"target\":{\"@type\":\"EntryPoint\",\"urlTemplate\":\"https:\\\/\\\/dpress.ma\\\/fr\\\/?s={search_term_string}\"},\"query-input\":{\"@type\":\"PropertyValueSpecification\",\"valueRequired\":true,\"valueName\":\"search_term_string\"}}],\"inLanguage\":\"fr-FR\"},{\"@type\":\"Person\",\"@id\":\"https:\\\/\\\/dpress.ma\\\/fr\\\/#\\\/schema\\\/person\\\/4898febf3ccd59e6578d838656a306a0\",\"name\":\"Dpress.ma\",\"image\":{\"@type\":\"ImageObject\",\"inLanguage\":\"fr-FR\",\"@id\":\"https:\\\/\\\/secure.gravatar.com\\\/avatar\\\/72ecc30e9db047a2e0e7176561eb9d564ed77c8108376495b19bd8336405198a?s=96&d=mm&r=g\",\"url\":\"https:\\\/\\\/secure.gravatar.com\\\/avatar\\\/72ecc30e9db047a2e0e7176561eb9d564ed77c8108376495b19bd8336405198a?s=96&d=mm&r=g\",\"contentUrl\":\"https:\\\/\\\/secure.gravatar.com\\\/avatar\\\/72ecc30e9db047a2e0e7176561eb9d564ed77c8108376495b19bd8336405198a?s=96&d=mm&r=g\",\"caption\":\"Dpress.ma\"},\"sameAs\":[\"https:\\\/\\\/www.dpress.ma\"],\"url\":\"https:\\\/\\\/dpress.ma\\\/fr\\\/author\\\/dpress-ma\\\/\"}]}<\/script>\n<!-- \/ Yoast SEO plugin. -->","yoast_head_json":{"title":"Le Maroc ne participera pas au CHAN-2023 si le d\u00e9placement de la s\u00e9lection nationale n\u2019est pas assur\u00e9 via un vol sp\u00e9cial de la RAM Rabat-Constantine (FRMF) - Dpress.ma\/fr","description":"Le Comit\u00e9 directeur de la F\u00e9d\u00e9ration royale marocaine de football (FRMF) a d\u00e9cid\u00e9 \u00e0 l\u2019unanimit\u00e9 de ne pas participer \u00e0 l\u2019\u00e9dition 2023 du Championnat d\u2019Afrique des nations de football (CHAN), pr\u00e9vu du 13 janvier au 4 f\u00e9vrier prochains en Alg\u00e9rie, si le d\u00e9placement de la s\u00e9lection nationale n\u2019est pas assur\u00e9 via un vol sp\u00e9cial de la Royale Air Maroc (RAM), transporteur officiel, depuis Rabat vers Constantine, ville h\u00f4te des matchs du Onze national.","robots":{"index":"index","follow":"follow","max-snippet":"max-snippet:-1","max-image-preview":"max-image-preview:large","max-video-preview":"max-video-preview:-1"},"canonical":"https:\/\/dpress.ma\/fr\/2022\/12\/28\/le-maroc-ne-participera-pas-au-chan-2023-si-le-deplacement-de-la-selection-nationale-nest-pas-assure-via-un-vol-special-de-la-ram-rabat-constantine-frmf\/","og_locale":"fr_FR","og_type":"article","og_title":"Le Maroc ne participera pas au CHAN-2023 si le d\u00e9placement de la s\u00e9lection nationale n\u2019est pas assur\u00e9 via un vol sp\u00e9cial de la RAM Rabat-Constantine (FRMF) - Dpress.ma\/fr","og_description":"Le Comit\u00e9 directeur de la F\u00e9d\u00e9ration royale marocaine de football (FRMF) a d\u00e9cid\u00e9 \u00e0 l\u2019unanimit\u00e9 de ne pas participer \u00e0 l\u2019\u00e9dition 2023 du Championnat d\u2019Afrique des nations de football (CHAN), pr\u00e9vu du 13 janvier au 4 f\u00e9vrier prochains en Alg\u00e9rie, si le d\u00e9placement de la s\u00e9lection nationale n\u2019est pas assur\u00e9 via un vol sp\u00e9cial de la Royale Air Maroc (RAM), transporteur officiel, depuis Rabat vers Constantine, ville h\u00f4te des matchs du Onze national.","og_url":"https:\/\/dpress.ma\/fr\/2022\/12\/28\/le-maroc-ne-participera-pas-au-chan-2023-si-le-deplacement-de-la-selection-nationale-nest-pas-assure-via-un-vol-special-de-la-ram-rabat-constantine-frmf\/","og_site_name":"Dpress.ma\/fr","article_published_time":"2022-12-28T15:58:46+00:00","article_modified_time":"2022-12-28T15:58:48+00:00","og_image":[{"width":2539,"height":1594,"url":"https:\/\/dpress.ma\/fr\/wp-content\/uploads\/sites\/2\/2022\/12\/dimensions2-95.jpg","type":"image\/jpeg"}],"author":"Dpress.ma","twitter_card":"summary_large_image","twitter_misc":{"\u00c9crit par":"Dpress.ma","Dur\u00e9e de lecture estim\u00e9e":"2 minutes"},"schema":{"@context":"https:\/\/schema.org","@graph":[{"@type":"Article","@id":"https:\/\/dpress.ma\/fr\/2022\/12\/28\/le-maroc-ne-participera-pas-au-chan-2023-si-le-deplacement-de-la-selection-nationale-nest-pas-assure-via-un-vol-special-de-la-ram-rabat-constantine-frmf\/#article","isPartOf":{"@id":"https:\/\/dpress.ma\/fr\/2022\/12\/28\/le-maroc-ne-participera-pas-au-chan-2023-si-le-deplacement-de-la-selection-nationale-nest-pas-assure-via-un-vol-special-de-la-ram-rabat-constantine-frmf\/"},"author":{"name":"Dpress.ma","@id":"https:\/\/dpress.ma\/fr\/#\/schema\/person\/4898febf3ccd59e6578d838656a306a0"},"headline":"Le Maroc ne participera pas au CHAN-2023 si le d\u00e9placement de la s\u00e9lection nationale n\u2019est pas assur\u00e9 via un vol sp\u00e9cial de la RAM Rabat-Constantine (FRMF)","datePublished":"2022-12-28T15:58:46+00:00","dateModified":"2022-12-28T15:58:48+00:00","mainEntityOfPage":{"@id":"https:\/\/dpress.ma\/fr\/2022\/12\/28\/le-maroc-ne-participera-pas-au-chan-2023-si-le-deplacement-de-la-selection-nationale-nest-pas-assure-via-un-vol-special-de-la-ram-rabat-constantine-frmf\/"},"wordCount":382,"commentCount":0,"image":{"@id":"https:\/\/dpress.ma\/fr\/2022\/12\/28\/le-maroc-ne-participera-pas-au-chan-2023-si-le-deplacement-de-la-selection-nationale-nest-pas-assure-via-un-vol-special-de-la-ram-rabat-constantine-frmf\/#primaryimage"},"thumbnailUrl":"https:\/\/dpress.ma\/fr\/wp-content\/uploads\/sites\/2\/2022\/12\/dimensions2-95.jpg","articleSection":["Sport"],"inLanguage":"fr-FR","potentialAction":[{"@type":"CommentAction","name":"Comment","target":["https:\/\/dpress.ma\/fr\/2022\/12\/28\/le-maroc-ne-participera-pas-au-chan-2023-si-le-deplacement-de-la-selection-nationale-nest-pas-assure-via-un-vol-special-de-la-ram-rabat-constantine-frmf\/#respond"]}]},{"@type":"WebPage","@id":"https:\/\/dpress.ma\/fr\/2022\/12\/28\/le-maroc-ne-participera-pas-au-chan-2023-si-le-deplacement-de-la-selection-nationale-nest-pas-assure-via-un-vol-special-de-la-ram-rabat-constantine-frmf\/","url":"https:\/\/dpress.ma\/fr\/2022\/12\/28\/le-maroc-ne-participera-pas-au-chan-2023-si-le-deplacement-de-la-selection-nationale-nest-pas-assure-via-un-vol-special-de-la-ram-rabat-constantine-frmf\/","name":"Le Maroc ne participera pas au CHAN-2023 si le d\u00e9placement de la s\u00e9lection nationale n\u2019est pas assur\u00e9 via un vol sp\u00e9cial de la RAM Rabat-Constantine (FRMF) - Dpress.ma\/fr","isPartOf":{"@id":"https:\/\/dpress.ma\/fr\/#website"},"primaryImageOfPage":{"@id":"https:\/\/dpress.ma\/fr\/2022\/12\/28\/le-maroc-ne-participera-pas-au-chan-2023-si-le-deplacement-de-la-selection-nationale-nest-pas-assure-via-un-vol-special-de-la-ram-rabat-constantine-frmf\/#primaryimage"},"image":{"@id":"https:\/\/dpress.ma\/fr\/2022\/12\/28\/le-maroc-ne-participera-pas-au-chan-2023-si-le-deplacement-de-la-selection-nationale-nest-pas-assure-via-un-vol-special-de-la-ram-rabat-constantine-frmf\/#primaryimage"},"thumbnailUrl":"https:\/\/dpress.ma\/fr\/wp-content\/uploads\/sites\/2\/2022\/12\/dimensions2-95.jpg","datePublished":"2022-12-28T15:58:46+00:00","dateModified":"2022-12-28T15:58:48+00:00","author":{"@id":"https:\/\/dpress.ma\/fr\/#\/schema\/person\/4898febf3ccd59e6578d838656a306a0"},"description":"Le Comit\u00e9 directeur de la F\u00e9d\u00e9ration royale marocaine de football (FRMF) a d\u00e9cid\u00e9 \u00e0 l\u2019unanimit\u00e9 de ne pas participer \u00e0 l\u2019\u00e9dition 2023 du Championnat d\u2019Afrique des nations de football (CHAN), pr\u00e9vu du 13 janvier au 4 f\u00e9vrier prochains en Alg\u00e9rie, si le d\u00e9placement de la s\u00e9lection nationale n\u2019est pas assur\u00e9 via un vol sp\u00e9cial de la Royale Air Maroc (RAM), transporteur officiel, depuis Rabat vers Constantine, ville h\u00f4te des matchs du Onze national.","breadcrumb":{"@id":"https:\/\/dpress.ma\/fr\/2022\/12\/28\/le-maroc-ne-participera-pas-au-chan-2023-si-le-deplacement-de-la-selection-nationale-nest-pas-assure-via-un-vol-special-de-la-ram-rabat-constantine-frmf\/#breadcrumb"},"inLanguage":"fr-FR","potentialAction":[{"@type":"ReadAction","target":["https:\/\/dpress.ma\/fr\/2022\/12\/28\/le-maroc-ne-participera-pas-au-chan-2023-si-le-deplacement-de-la-selection-nationale-nest-pas-assure-via-un-vol-special-de-la-ram-rabat-constantine-frmf\/"]}]},{"@type":"ImageObject","inLanguage":"fr-FR","@id":"https:\/\/dpress.ma\/fr\/2022\/12\/28\/le-maroc-ne-participera-pas-au-chan-2023-si-le-deplacement-de-la-selection-nationale-nest-pas-assure-via-un-vol-special-de-la-ram-rabat-constantine-frmf\/#primaryimage","url":"https:\/\/dpress.ma\/fr\/wp-content\/uploads\/sites\/2\/2022\/12\/dimensions2-95.jpg","contentUrl":"https:\/\/dpress.ma\/fr\/wp-content\/uploads\/sites\/2\/2022\/12\/dimensions2-95.jpg","width":2539,"height":1594},{"@type":"BreadcrumbList","@id":"https:\/\/dpress.ma\/fr\/2022\/12\/28\/le-maroc-ne-participera-pas-au-chan-2023-si-le-deplacement-de-la-selection-nationale-nest-pas-assure-via-un-vol-special-de-la-ram-rabat-constantine-frmf\/#breadcrumb","itemListElement":[{"@type":"ListItem","position":1,"name":"Home","item":"https:\/\/dpress.ma\/fr\/"},{"@type":"ListItem","position":2,"name":"Le Maroc ne participera pas au CHAN-2023 si le d\u00e9placement de la s\u00e9lection nationale n\u2019est pas assur\u00e9 via un vol sp\u00e9cial de la RAM Rabat-Constantine (FRMF)"}]},{"@type":"WebSite","@id":"https:\/\/dpress.ma\/fr\/#website","url":"https:\/\/dpress.ma\/fr\/","name":"Dpress.ma\/fr","description":"","potentialAction":[{"@type":"SearchAction","target":{"@type":"EntryPoint","urlTemplate":"https:\/\/dpress.ma\/fr\/?s={search_term_string}"},"query-input":{"@type":"PropertyValueSpecification","valueRequired":true,"valueName":"search_term_string"}}],"inLanguage":"fr-FR"},{"@type":"Person","@id":"https:\/\/dpress.ma\/fr\/#\/schema\/person\/4898febf3ccd59e6578d838656a306a0","name":"Dpress.ma","image":{"@type":"ImageObject","inLanguage":"fr-FR","@id":"https:\/\/secure.gravatar.com\/avatar\/72ecc30e9db047a2e0e7176561eb9d564ed77c8108376495b19bd8336405198a?s=96&d=mm&r=g","url":"https:\/\/secure.gravatar.com\/avatar\/72ecc30e9db047a2e0e7176561eb9d564ed77c8108376495b19bd8336405198a?s=96&d=mm&r=g","contentUrl":"https:\/\/secure.gravatar.com\/avatar\/72ecc30e9db047a2e0e7176561eb9d564ed77c8108376495b19bd8336405198a?s=96&d=mm&r=g","caption":"Dpress.ma"},"sameAs":["https:\/\/www.dpress.ma"],"url":"https:\/\/dpress.ma\/fr\/author\/dpress-ma\/"}]}},"amp_enabled":true,"_links":{"self":[{"href":"https:\/\/dpress.ma\/fr\/wp-json\/wp\/v2\/posts\/3104","targetHints":{"allow":["GET"]}}],"collection":[{"href":"https:\/\/dpress.ma\/fr\/wp-json\/wp\/v2\/posts"}],"about":[{"href":"https:\/\/dpress.ma\/fr\/wp-json\/wp\/v2\/types\/post"}],"author":[{"embeddable":true,"href":"https:\/\/dpress.ma\/fr\/wp-json\/wp\/v2\/users\/2"}],"replies":[{"embeddable":true,"href":"https:\/\/dpress.ma\/fr\/wp-json\/wp\/v2\/comments?post=3104"}],"version-history":[{"count":1,"href":"https:\/\/dpress.ma\/fr\/wp-json\/wp\/v2\/posts\/3104\/revisions"}],"predecessor-version":[{"id":3106,"href":"https:\/\/dpress.ma\/fr\/wp-json\/wp\/v2\/posts\/3104\/revisions\/3106"}],"wp:featuredmedia":[{"embeddable":true,"href":"https:\/\/dpress.ma\/fr\/wp-json\/wp\/v2\/media\/3105"}],"wp:attachment":[{"href":"https:\/\/dpress.ma\/fr\/wp-json\/wp\/v2\/media?parent=3104"}],"wp:term":[{"taxonomy":"category","embeddable":true,"href":"https:\/\/dpress.ma\/fr\/wp-json\/wp\/v2\/categories?post=3104"},{"taxonomy":"post_tag","embeddable":true,"href":"https:\/\/dpress.ma\/fr\/wp-json\/wp\/v2\/tags?post=3104"}],"curies":[{"name":"wp","href":"https:\/\/api.w.org\/{rel}","templated":true}]}}