{"id":2997,"date":"2022-12-21T09:45:44","date_gmt":"2022-12-21T09:45:44","guid":{"rendered":"https:\/\/dpress.ma\/fr\/?p=2997"},"modified":"2022-12-21T09:45:45","modified_gmt":"2022-12-21T09:45:45","slug":"aeroport-rabat-sale-les-lions-de-latlas-accueillis-en-heros","status":"publish","type":"post","link":"https:\/\/dpress.ma\/fr\/2022\/12\/21\/aeroport-rabat-sale-les-lions-de-latlas-accueillis-en-heros\/","title":{"rendered":"A\u00e9roport Rabat-Sal\u00e9 : Les Lions de l\u2019Atlas accueillis en h\u00e9ros"},"content":{"rendered":"\n<p>Dpress<\/p>\n\n\n\n<p>Une foule enthousiaste a accueilli en h\u00e9ros les membres de l\u2019\u00e9quipe nationale de football, \u00e0 leur arriv\u00e9e, mardi, \u00e0 l\u2019a\u00e9roport Rabat-Sal\u00e9, au terme d\u2019une quatri\u00e8me place historique \u00e0 la Coupe du Monde Qatar-2022.<\/p>\n\n\n\n<p>Des citoyens, enfants, jeunes et moins jeunes, hommes et femmes, venus de plusieurs r\u00e9gions du Maroc, ont afflu\u00e9 bien avant l\u2019heure H pour s\u2019offrir une place \u201caux premi\u00e8res loges\u201d et pouvoir contempler de pr\u00e8s, voire toucher les joueurs de l\u2019\u00e9quipe nationale et le coach Walid Regragui, qui leur ont offert un mois de r\u00eave.<\/p>\n\n\n\n<p>Drapeaux marocains, maillots et autres accessoires aux couleurs de l\u2019\u00e9quipe nationale\u2026Chacun a choisi sa propre mani\u00e8re de dire sa fiert\u00e9 pour la r\u00e9alisation in\u00e9dite des Lions de l\u2019Atlas, premi\u00e8re \u00e9quipe arabe et africaine \u00e0 atteindre le dernier carr\u00e9 d\u2019un Mondial.<\/p>\n\n\n\n<p>C\u2019est une ambiance festive qui a r\u00e9gn\u00e9 aux alentours de l\u2019a\u00e9roport de Rabat-Sal\u00e9 lors de ce jour sp\u00e9cial, pour c\u00e9l\u00e9brer le parcours brillant de l\u2019\u00e9quipe nationale au Mondial qatari.<\/p>\n\n\n\n<p>\u201cNous sommes venus rendre hommage \u00e0 nos Lions qui nous fait r\u00eaver pendant le Mondial, ils \u00e9taient merveilleux et nous ont fait r\u00eaver\u201d, a indiqu\u00e9 \u00e0 la MAP Malika, venue d\u2019Agadir.<\/p>\n\n\n\n<p>\u201cC\u2019est un moment historique, Walid Regragui et les joueurs ont honor\u00e9 tous les Marocains, africains et arabes\u2026 nous n\u2019oublierons jamais ce Mondial\u201d, a ajout\u00e9 pour sa part, Mohammed.<\/p>\n\n\n\n<p>Enfin, le moment attendu est venu et les h\u00e9ros de la soir\u00e9e apparurent un \u00e0 un pour emprunter le bus d\u00e9couvert am\u00e9nag\u00e9 \u00e0 l\u2019occasion, accueillis par un v\u00e9ritable festival sonore, m\u00e9lange de youyous et de slogans glorifiant l\u2019\u00e9quipe nationale et sa performance historique.<\/p>\n\n\n\n<p>Ce moment de communion n\u2019\u00e9tait qu\u2019un avant-go\u00fbt du bain de foule qu\u2019allaient s\u2019offrir les Lions de l\u2019Atlas lors d\u2019une parade qui les m\u00e8ne \u00e0 l\u2019Avenue Hassan II, Place 16 Novembre, Place Chellah, Place Roi Hussein, Avenue Mohammed V, Place Al Barid, Place Mohammed V, Place 11 Janvier, Avenue Moulay El Hassan et Bab Essoufara.<\/p>\n\n\n\n<p>Le point d\u2019orgue de cet accueil grandiose aura lieu au Palais Royal, o\u00f9 Sa Majest\u00e9 le Roi, que Dieu L\u2019assiste, honorera l\u2019\u00e9quipe nationale d\u2019une c\u00e9r\u00e9monie d\u2019accueil et de c\u00e9l\u00e9bration en reconnaissance \u00e0 son exploit historique.<\/p>\n\n\n\n<p>Les Lions de l\u2019Atlas ont grav\u00e9 leur nom dans les annales du football mondial, avec un parcours \u00e9poustouflant, marqu\u00e9 par un nul (0-0) face \u00e0 la Croatie et une s\u00e9rie de victoires face \u00e0 de grosses pointures de ballon rond, en l\u2019occurrence la Belgique (2-0) en phase de poules, avec \u00e0 la cl\u00e9 une place de leader du groupe F (7 points), puis l\u2019Espagne 3-0 aux tirs au but (0-0 apr\u00e8s prolongations) et le Portugal de Cristiano Ronaldo (1-0), en huiti\u00e8mes et quarts de finale, respectivement.<\/p>\n\n\n\n<p>A bout de forces apr\u00e8s ce parcours intense, ils terminent quatri\u00e8mes suite \u00e0 une bataille h\u00e9ro\u00efque face \u00e0 la France en demi-finale et la Croatie en match de classement.<\/p>\n","protected":false},"excerpt":{"rendered":"<p>Dpress Une foule enthousiaste a accueilli en h\u00e9ros les membres de l\u2019\u00e9quipe nationale de football, \u00e0 leur arriv\u00e9e, mardi, \u00e0 l\u2019a\u00e9roport Rabat-Sal\u00e9, au terme d\u2019une quatri\u00e8me place historique \u00e0 la Coupe du Monde Qatar-2022. Des citoyens, enfants, jeunes et moins jeunes, hommes et femmes, venus de plusieurs r\u00e9gions du Maroc, ont afflu\u00e9 bien avant l\u2019heure &hellip;<\/p>\n","protected":false},"author":2,"featured_media":2998,"comment_status":"open","ping_status":"open","sticky":false,"template":"","format":"standard","meta":{"footnotes":""},"categories":[27],"tags":[],"class_list":["post-2997","post","type-post","status-publish","format-standard","has-post-thumbnail","hentry","category-sport"],"yoast_head":"<!-- This site is optimized with the Yoast SEO plugin v27.5 - https:\/\/yoast.com\/product\/yoast-seo-wordpress\/ -->\n<title>A\u00e9roport Rabat-Sal\u00e9 : Les Lions de l\u2019Atlas accueillis en h\u00e9ros - Dpress.ma\/fr<\/title>\n<meta name=\"description\" content=\"Une foule enthousiaste a accueilli en h\u00e9ros les membres de l\u2019\u00e9quipe nationale de football, \u00e0 leur arriv\u00e9e, mardi, \u00e0 l\u2019a\u00e9roport Rabat-Sal\u00e9, au terme d\u2019une quatri\u00e8me place historique \u00e0 la Coupe du Monde Qatar-2022.\" \/>\n<meta name=\"robots\" content=\"index, follow, max-snippet:-1, max-image-preview:large, max-video-preview:-1\" \/>\n<link rel=\"canonical\" href=\"https:\/\/dpress.ma\/fr\/2022\/12\/21\/aeroport-rabat-sale-les-lions-de-latlas-accueillis-en-heros\/\" \/>\n<meta property=\"og:locale\" content=\"fr_FR\" \/>\n<meta property=\"og:type\" content=\"article\" \/>\n<meta property=\"og:title\" content=\"A\u00e9roport Rabat-Sal\u00e9 : Les Lions de l\u2019Atlas accueillis en h\u00e9ros - Dpress.ma\/fr\" \/>\n<meta property=\"og:description\" content=\"Une foule enthousiaste a accueilli en h\u00e9ros les membres de l\u2019\u00e9quipe nationale de football, \u00e0 leur arriv\u00e9e, mardi, \u00e0 l\u2019a\u00e9roport Rabat-Sal\u00e9, au terme d\u2019une quatri\u00e8me place historique \u00e0 la Coupe du Monde Qatar-2022.\" \/>\n<meta property=\"og:url\" content=\"https:\/\/dpress.ma\/fr\/2022\/12\/21\/aeroport-rabat-sale-les-lions-de-latlas-accueillis-en-heros\/\" \/>\n<meta property=\"og:site_name\" content=\"Dpress.ma\/fr\" \/>\n<meta property=\"article:published_time\" content=\"2022-12-21T09:45:44+00:00\" \/>\n<meta property=\"article:modified_time\" content=\"2022-12-21T09:45:45+00:00\" \/>\n<meta property=\"og:image\" content=\"https:\/\/dpress.ma\/fr\/wp-content\/uploads\/sites\/2\/2022\/12\/dimensions2-69.jpg\" \/>\n\t<meta property=\"og:image:width\" content=\"2539\" \/>\n\t<meta property=\"og:image:height\" content=\"1594\" \/>\n\t<meta property=\"og:image:type\" content=\"image\/jpeg\" \/>\n<meta name=\"author\" content=\"Dpress.ma\" \/>\n<meta name=\"twitter:card\" content=\"summary_large_image\" \/>\n<meta name=\"twitter:label1\" content=\"\u00c9crit par\" \/>\n\t<meta name=\"twitter:data1\" content=\"Dpress.ma\" \/>\n\t<meta name=\"twitter:label2\" content=\"Dur\u00e9e de lecture estim\u00e9e\" \/>\n\t<meta name=\"twitter:data2\" content=\"3 minutes\" \/>\n<script type=\"application\/ld+json\" class=\"yoast-schema-graph\">{\"@context\":\"https:\\\/\\\/schema.org\",\"@graph\":[{\"@type\":\"Article\",\"@id\":\"https:\\\/\\\/dpress.ma\\\/fr\\\/2022\\\/12\\\/21\\\/aeroport-rabat-sale-les-lions-de-latlas-accueillis-en-heros\\\/#article\",\"isPartOf\":{\"@id\":\"https:\\\/\\\/dpress.ma\\\/fr\\\/2022\\\/12\\\/21\\\/aeroport-rabat-sale-les-lions-de-latlas-accueillis-en-heros\\\/\"},\"author\":{\"name\":\"Dpress.ma\",\"@id\":\"https:\\\/\\\/dpress.ma\\\/fr\\\/#\\\/schema\\\/person\\\/4898febf3ccd59e6578d838656a306a0\"},\"headline\":\"A\u00e9roport Rabat-Sal\u00e9 : Les Lions de l\u2019Atlas accueillis en h\u00e9ros\",\"datePublished\":\"2022-12-21T09:45:44+00:00\",\"dateModified\":\"2022-12-21T09:45:45+00:00\",\"mainEntityOfPage\":{\"@id\":\"https:\\\/\\\/dpress.ma\\\/fr\\\/2022\\\/12\\\/21\\\/aeroport-rabat-sale-les-lions-de-latlas-accueillis-en-heros\\\/\"},\"wordCount\":528,\"commentCount\":0,\"image\":{\"@id\":\"https:\\\/\\\/dpress.ma\\\/fr\\\/2022\\\/12\\\/21\\\/aeroport-rabat-sale-les-lions-de-latlas-accueillis-en-heros\\\/#primaryimage\"},\"thumbnailUrl\":\"https:\\\/\\\/dpress.ma\\\/fr\\\/wp-content\\\/uploads\\\/sites\\\/2\\\/2022\\\/12\\\/dimensions2-69.jpg\",\"articleSection\":[\"Sport\"],\"inLanguage\":\"fr-FR\",\"potentialAction\":[{\"@type\":\"CommentAction\",\"name\":\"Comment\",\"target\":[\"https:\\\/\\\/dpress.ma\\\/fr\\\/2022\\\/12\\\/21\\\/aeroport-rabat-sale-les-lions-de-latlas-accueillis-en-heros\\\/#respond\"]}]},{\"@type\":\"WebPage\",\"@id\":\"https:\\\/\\\/dpress.ma\\\/fr\\\/2022\\\/12\\\/21\\\/aeroport-rabat-sale-les-lions-de-latlas-accueillis-en-heros\\\/\",\"url\":\"https:\\\/\\\/dpress.ma\\\/fr\\\/2022\\\/12\\\/21\\\/aeroport-rabat-sale-les-lions-de-latlas-accueillis-en-heros\\\/\",\"name\":\"A\u00e9roport Rabat-Sal\u00e9 : Les Lions de l\u2019Atlas accueillis en h\u00e9ros - Dpress.ma\\\/fr\",\"isPartOf\":{\"@id\":\"https:\\\/\\\/dpress.ma\\\/fr\\\/#website\"},\"primaryImageOfPage\":{\"@id\":\"https:\\\/\\\/dpress.ma\\\/fr\\\/2022\\\/12\\\/21\\\/aeroport-rabat-sale-les-lions-de-latlas-accueillis-en-heros\\\/#primaryimage\"},\"image\":{\"@id\":\"https:\\\/\\\/dpress.ma\\\/fr\\\/2022\\\/12\\\/21\\\/aeroport-rabat-sale-les-lions-de-latlas-accueillis-en-heros\\\/#primaryimage\"},\"thumbnailUrl\":\"https:\\\/\\\/dpress.ma\\\/fr\\\/wp-content\\\/uploads\\\/sites\\\/2\\\/2022\\\/12\\\/dimensions2-69.jpg\",\"datePublished\":\"2022-12-21T09:45:44+00:00\",\"dateModified\":\"2022-12-21T09:45:45+00:00\",\"author\":{\"@id\":\"https:\\\/\\\/dpress.ma\\\/fr\\\/#\\\/schema\\\/person\\\/4898febf3ccd59e6578d838656a306a0\"},\"description\":\"Une foule enthousiaste a accueilli en h\u00e9ros les membres de l\u2019\u00e9quipe nationale de football, \u00e0 leur arriv\u00e9e, mardi, \u00e0 l\u2019a\u00e9roport Rabat-Sal\u00e9, au terme d\u2019une quatri\u00e8me place historique \u00e0 la Coupe du Monde Qatar-2022.\",\"breadcrumb\":{\"@id\":\"https:\\\/\\\/dpress.ma\\\/fr\\\/2022\\\/12\\\/21\\\/aeroport-rabat-sale-les-lions-de-latlas-accueillis-en-heros\\\/#breadcrumb\"},\"inLanguage\":\"fr-FR\",\"potentialAction\":[{\"@type\":\"ReadAction\",\"target\":[\"https:\\\/\\\/dpress.ma\\\/fr\\\/2022\\\/12\\\/21\\\/aeroport-rabat-sale-les-lions-de-latlas-accueillis-en-heros\\\/\"]}]},{\"@type\":\"ImageObject\",\"inLanguage\":\"fr-FR\",\"@id\":\"https:\\\/\\\/dpress.ma\\\/fr\\\/2022\\\/12\\\/21\\\/aeroport-rabat-sale-les-lions-de-latlas-accueillis-en-heros\\\/#primaryimage\",\"url\":\"https:\\\/\\\/dpress.ma\\\/fr\\\/wp-content\\\/uploads\\\/sites\\\/2\\\/2022\\\/12\\\/dimensions2-69.jpg\",\"contentUrl\":\"https:\\\/\\\/dpress.ma\\\/fr\\\/wp-content\\\/uploads\\\/sites\\\/2\\\/2022\\\/12\\\/dimensions2-69.jpg\",\"width\":2539,\"height\":1594},{\"@type\":\"BreadcrumbList\",\"@id\":\"https:\\\/\\\/dpress.ma\\\/fr\\\/2022\\\/12\\\/21\\\/aeroport-rabat-sale-les-lions-de-latlas-accueillis-en-heros\\\/#breadcrumb\",\"itemListElement\":[{\"@type\":\"ListItem\",\"position\":1,\"name\":\"Home\",\"item\":\"https:\\\/\\\/dpress.ma\\\/fr\\\/\"},{\"@type\":\"ListItem\",\"position\":2,\"name\":\"A\u00e9roport Rabat-Sal\u00e9 : Les Lions de l\u2019Atlas accueillis en h\u00e9ros\"}]},{\"@type\":\"WebSite\",\"@id\":\"https:\\\/\\\/dpress.ma\\\/fr\\\/#website\",\"url\":\"https:\\\/\\\/dpress.ma\\\/fr\\\/\",\"name\":\"Dpress.ma\\\/fr\",\"description\":\"\",\"potentialAction\":[{\"@type\":\"SearchAction\",\"target\":{\"@type\":\"EntryPoint\",\"urlTemplate\":\"https:\\\/\\\/dpress.ma\\\/fr\\\/?s={search_term_string}\"},\"query-input\":{\"@type\":\"PropertyValueSpecification\",\"valueRequired\":true,\"valueName\":\"search_term_string\"}}],\"inLanguage\":\"fr-FR\"},{\"@type\":\"Person\",\"@id\":\"https:\\\/\\\/dpress.ma\\\/fr\\\/#\\\/schema\\\/person\\\/4898febf3ccd59e6578d838656a306a0\",\"name\":\"Dpress.ma\",\"image\":{\"@type\":\"ImageObject\",\"inLanguage\":\"fr-FR\",\"@id\":\"https:\\\/\\\/secure.gravatar.com\\\/avatar\\\/72ecc30e9db047a2e0e7176561eb9d564ed77c8108376495b19bd8336405198a?s=96&d=mm&r=g\",\"url\":\"https:\\\/\\\/secure.gravatar.com\\\/avatar\\\/72ecc30e9db047a2e0e7176561eb9d564ed77c8108376495b19bd8336405198a?s=96&d=mm&r=g\",\"contentUrl\":\"https:\\\/\\\/secure.gravatar.com\\\/avatar\\\/72ecc30e9db047a2e0e7176561eb9d564ed77c8108376495b19bd8336405198a?s=96&d=mm&r=g\",\"caption\":\"Dpress.ma\"},\"sameAs\":[\"https:\\\/\\\/www.dpress.ma\"],\"url\":\"https:\\\/\\\/dpress.ma\\\/fr\\\/author\\\/dpress-ma\\\/\"}]}<\/script>\n<!-- \/ Yoast SEO plugin. -->","yoast_head_json":{"title":"A\u00e9roport Rabat-Sal\u00e9 : Les Lions de l\u2019Atlas accueillis en h\u00e9ros - Dpress.ma\/fr","description":"Une foule enthousiaste a accueilli en h\u00e9ros les membres de l\u2019\u00e9quipe nationale de football, \u00e0 leur arriv\u00e9e, mardi, \u00e0 l\u2019a\u00e9roport Rabat-Sal\u00e9, au terme d\u2019une quatri\u00e8me place historique \u00e0 la Coupe du Monde Qatar-2022.","robots":{"index":"index","follow":"follow","max-snippet":"max-snippet:-1","max-image-preview":"max-image-preview:large","max-video-preview":"max-video-preview:-1"},"canonical":"https:\/\/dpress.ma\/fr\/2022\/12\/21\/aeroport-rabat-sale-les-lions-de-latlas-accueillis-en-heros\/","og_locale":"fr_FR","og_type":"article","og_title":"A\u00e9roport Rabat-Sal\u00e9 : Les Lions de l\u2019Atlas accueillis en h\u00e9ros - Dpress.ma\/fr","og_description":"Une foule enthousiaste a accueilli en h\u00e9ros les membres de l\u2019\u00e9quipe nationale de football, \u00e0 leur arriv\u00e9e, mardi, \u00e0 l\u2019a\u00e9roport Rabat-Sal\u00e9, au terme d\u2019une quatri\u00e8me place historique \u00e0 la Coupe du Monde Qatar-2022.","og_url":"https:\/\/dpress.ma\/fr\/2022\/12\/21\/aeroport-rabat-sale-les-lions-de-latlas-accueillis-en-heros\/","og_site_name":"Dpress.ma\/fr","article_published_time":"2022-12-21T09:45:44+00:00","article_modified_time":"2022-12-21T09:45:45+00:00","og_image":[{"width":2539,"height":1594,"url":"https:\/\/dpress.ma\/fr\/wp-content\/uploads\/sites\/2\/2022\/12\/dimensions2-69.jpg","type":"image\/jpeg"}],"author":"Dpress.ma","twitter_card":"summary_large_image","twitter_misc":{"\u00c9crit par":"Dpress.ma","Dur\u00e9e de lecture estim\u00e9e":"3 minutes"},"schema":{"@context":"https:\/\/schema.org","@graph":[{"@type":"Article","@id":"https:\/\/dpress.ma\/fr\/2022\/12\/21\/aeroport-rabat-sale-les-lions-de-latlas-accueillis-en-heros\/#article","isPartOf":{"@id":"https:\/\/dpress.ma\/fr\/2022\/12\/21\/aeroport-rabat-sale-les-lions-de-latlas-accueillis-en-heros\/"},"author":{"name":"Dpress.ma","@id":"https:\/\/dpress.ma\/fr\/#\/schema\/person\/4898febf3ccd59e6578d838656a306a0"},"headline":"A\u00e9roport Rabat-Sal\u00e9 : Les Lions de l\u2019Atlas accueillis en h\u00e9ros","datePublished":"2022-12-21T09:45:44+00:00","dateModified":"2022-12-21T09:45:45+00:00","mainEntityOfPage":{"@id":"https:\/\/dpress.ma\/fr\/2022\/12\/21\/aeroport-rabat-sale-les-lions-de-latlas-accueillis-en-heros\/"},"wordCount":528,"commentCount":0,"image":{"@id":"https:\/\/dpress.ma\/fr\/2022\/12\/21\/aeroport-rabat-sale-les-lions-de-latlas-accueillis-en-heros\/#primaryimage"},"thumbnailUrl":"https:\/\/dpress.ma\/fr\/wp-content\/uploads\/sites\/2\/2022\/12\/dimensions2-69.jpg","articleSection":["Sport"],"inLanguage":"fr-FR","potentialAction":[{"@type":"CommentAction","name":"Comment","target":["https:\/\/dpress.ma\/fr\/2022\/12\/21\/aeroport-rabat-sale-les-lions-de-latlas-accueillis-en-heros\/#respond"]}]},{"@type":"WebPage","@id":"https:\/\/dpress.ma\/fr\/2022\/12\/21\/aeroport-rabat-sale-les-lions-de-latlas-accueillis-en-heros\/","url":"https:\/\/dpress.ma\/fr\/2022\/12\/21\/aeroport-rabat-sale-les-lions-de-latlas-accueillis-en-heros\/","name":"A\u00e9roport Rabat-Sal\u00e9 : Les Lions de l\u2019Atlas accueillis en h\u00e9ros - Dpress.ma\/fr","isPartOf":{"@id":"https:\/\/dpress.ma\/fr\/#website"},"primaryImageOfPage":{"@id":"https:\/\/dpress.ma\/fr\/2022\/12\/21\/aeroport-rabat-sale-les-lions-de-latlas-accueillis-en-heros\/#primaryimage"},"image":{"@id":"https:\/\/dpress.ma\/fr\/2022\/12\/21\/aeroport-rabat-sale-les-lions-de-latlas-accueillis-en-heros\/#primaryimage"},"thumbnailUrl":"https:\/\/dpress.ma\/fr\/wp-content\/uploads\/sites\/2\/2022\/12\/dimensions2-69.jpg","datePublished":"2022-12-21T09:45:44+00:00","dateModified":"2022-12-21T09:45:45+00:00","author":{"@id":"https:\/\/dpress.ma\/fr\/#\/schema\/person\/4898febf3ccd59e6578d838656a306a0"},"description":"Une foule enthousiaste a accueilli en h\u00e9ros les membres de l\u2019\u00e9quipe nationale de football, \u00e0 leur arriv\u00e9e, mardi, \u00e0 l\u2019a\u00e9roport Rabat-Sal\u00e9, au terme d\u2019une quatri\u00e8me place historique \u00e0 la Coupe du Monde Qatar-2022.","breadcrumb":{"@id":"https:\/\/dpress.ma\/fr\/2022\/12\/21\/aeroport-rabat-sale-les-lions-de-latlas-accueillis-en-heros\/#breadcrumb"},"inLanguage":"fr-FR","potentialAction":[{"@type":"ReadAction","target":["https:\/\/dpress.ma\/fr\/2022\/12\/21\/aeroport-rabat-sale-les-lions-de-latlas-accueillis-en-heros\/"]}]},{"@type":"ImageObject","inLanguage":"fr-FR","@id":"https:\/\/dpress.ma\/fr\/2022\/12\/21\/aeroport-rabat-sale-les-lions-de-latlas-accueillis-en-heros\/#primaryimage","url":"https:\/\/dpress.ma\/fr\/wp-content\/uploads\/sites\/2\/2022\/12\/dimensions2-69.jpg","contentUrl":"https:\/\/dpress.ma\/fr\/wp-content\/uploads\/sites\/2\/2022\/12\/dimensions2-69.jpg","width":2539,"height":1594},{"@type":"BreadcrumbList","@id":"https:\/\/dpress.ma\/fr\/2022\/12\/21\/aeroport-rabat-sale-les-lions-de-latlas-accueillis-en-heros\/#breadcrumb","itemListElement":[{"@type":"ListItem","position":1,"name":"Home","item":"https:\/\/dpress.ma\/fr\/"},{"@type":"ListItem","position":2,"name":"A\u00e9roport Rabat-Sal\u00e9 : Les Lions de l\u2019Atlas accueillis en h\u00e9ros"}]},{"@type":"WebSite","@id":"https:\/\/dpress.ma\/fr\/#website","url":"https:\/\/dpress.ma\/fr\/","name":"Dpress.ma\/fr","description":"","potentialAction":[{"@type":"SearchAction","target":{"@type":"EntryPoint","urlTemplate":"https:\/\/dpress.ma\/fr\/?s={search_term_string}"},"query-input":{"@type":"PropertyValueSpecification","valueRequired":true,"valueName":"search_term_string"}}],"inLanguage":"fr-FR"},{"@type":"Person","@id":"https:\/\/dpress.ma\/fr\/#\/schema\/person\/4898febf3ccd59e6578d838656a306a0","name":"Dpress.ma","image":{"@type":"ImageObject","inLanguage":"fr-FR","@id":"https:\/\/secure.gravatar.com\/avatar\/72ecc30e9db047a2e0e7176561eb9d564ed77c8108376495b19bd8336405198a?s=96&d=mm&r=g","url":"https:\/\/secure.gravatar.com\/avatar\/72ecc30e9db047a2e0e7176561eb9d564ed77c8108376495b19bd8336405198a?s=96&d=mm&r=g","contentUrl":"https:\/\/secure.gravatar.com\/avatar\/72ecc30e9db047a2e0e7176561eb9d564ed77c8108376495b19bd8336405198a?s=96&d=mm&r=g","caption":"Dpress.ma"},"sameAs":["https:\/\/www.dpress.ma"],"url":"https:\/\/dpress.ma\/fr\/author\/dpress-ma\/"}]}},"amp_enabled":true,"_links":{"self":[{"href":"https:\/\/dpress.ma\/fr\/wp-json\/wp\/v2\/posts\/2997","targetHints":{"allow":["GET"]}}],"collection":[{"href":"https:\/\/dpress.ma\/fr\/wp-json\/wp\/v2\/posts"}],"about":[{"href":"https:\/\/dpress.ma\/fr\/wp-json\/wp\/v2\/types\/post"}],"author":[{"embeddable":true,"href":"https:\/\/dpress.ma\/fr\/wp-json\/wp\/v2\/users\/2"}],"replies":[{"embeddable":true,"href":"https:\/\/dpress.ma\/fr\/wp-json\/wp\/v2\/comments?post=2997"}],"version-history":[{"count":1,"href":"https:\/\/dpress.ma\/fr\/wp-json\/wp\/v2\/posts\/2997\/revisions"}],"predecessor-version":[{"id":2999,"href":"https:\/\/dpress.ma\/fr\/wp-json\/wp\/v2\/posts\/2997\/revisions\/2999"}],"wp:featuredmedia":[{"embeddable":true,"href":"https:\/\/dpress.ma\/fr\/wp-json\/wp\/v2\/media\/2998"}],"wp:attachment":[{"href":"https:\/\/dpress.ma\/fr\/wp-json\/wp\/v2\/media?parent=2997"}],"wp:term":[{"taxonomy":"category","embeddable":true,"href":"https:\/\/dpress.ma\/fr\/wp-json\/wp\/v2\/categories?post=2997"},{"taxonomy":"post_tag","embeddable":true,"href":"https:\/\/dpress.ma\/fr\/wp-json\/wp\/v2\/tags?post=2997"}],"curies":[{"name":"wp","href":"https:\/\/api.w.org\/{rel}","templated":true}]}}