{"id":29864,"date":"2026-05-02T19:06:00","date_gmt":"2026-05-02T19:06:00","guid":{"rendered":"https:\/\/dpress.ma\/fr\/?p=29864"},"modified":"2026-05-03T13:40:18","modified_gmt":"2026-05-03T13:40:18","slug":"communique-du-cabinet-royal-18","status":"publish","type":"post","link":"https:\/\/dpress.ma\/fr\/2026\/05\/02\/communique-du-cabinet-royal-18\/","title":{"rendered":"Communiqu\u00e9 du Cabinet Royal"},"content":{"rendered":"\n<p>Dpress<\/p>\n\n\n\n<p>&nbsp;Voici un communiqu\u00e9 du Cabinet Royal :<\/p>\n\n\n\n<p>\u201cSa Majest\u00e9 le Roi Mohammed VI, que Dieu L\u2019assiste, a assur\u00e9 lorsqu\u2019Il \u00e9tait Prince H\u00e9ritier la coordination des Bureaux et Services de l\u2019Etat-Major G\u00e9n\u00e9ral des Forces Arm\u00e9es Royales, depuis 1985, date de Sa nomination \u00e0 ce poste par Son Auguste P\u00e8re, feu Sa Majest\u00e9 le Roi Hassan II, que Dieu ait son \u00e2me en Sa sainte mis\u00e9ricorde.<\/p>\n\n\n\n<p>Sa Majest\u00e9 le Roi Mohammed VI, Chef Supr\u00eame et Chef d\u2019Etat-Major G\u00e9n\u00e9ral des Forces Arm\u00e9es Royales, a bien voulu nommer, ce jour, Son Altesse Royale le Prince H\u00e9ritier Moulay El Hassan Coordinateur des Bureaux et Services de l\u2019Etat-Major G\u00e9n\u00e9ral des Forces Arm\u00e9es Royales.<\/p>\n\n\n\n<p>Les Forces Arm\u00e9es Royales se basent, dans l\u2019accomplissement de leur devoir national et de leurs missions humanitaires et sociales, sous la conduite \u00e9clair\u00e9e de Sa Majest\u00e9 le Roi, Chef Supr\u00eame et Chef d\u2019Etat-Major G\u00e9n\u00e9ral des Forces Arm\u00e9es Royales, que Dieu Le pr\u00e9serve, sur un ensemble de nobles valeurs, notamment celles de comp\u00e9tence et de discipline, de droiture et d\u2019engagement, de patriotisme sinc\u00e8re, et de sens \u00e9lev\u00e9 de responsabilit\u00e9 dont s\u2019impr\u00e8gnent leurs diff\u00e9rentes composantes et ce, en demeurant constamment attach\u00e9es et fid\u00e8les \u00e0 leur devise \u00e9ternelle : Dieu, la Patrie, le Roi\u201d.<\/p>\n","protected":false},"excerpt":{"rendered":"<p>Dpress &nbsp;Voici un communiqu\u00e9 du Cabinet Royal : \u201cSa Majest\u00e9 le Roi Mohammed VI, que Dieu L\u2019assiste, a assur\u00e9 lorsqu\u2019Il \u00e9tait Prince H\u00e9ritier la coordination des Bureaux et Services de l\u2019Etat-Major G\u00e9n\u00e9ral des Forces Arm\u00e9es Royales, depuis 1985, date de Sa nomination \u00e0 ce poste par Son Auguste P\u00e8re, feu Sa Majest\u00e9 le Roi Hassan &hellip;<\/p>\n","protected":false},"author":2,"featured_media":29865,"comment_status":"open","ping_status":"open","sticky":false,"template":"","format":"standard","meta":{"footnotes":""},"categories":[29],"tags":[],"class_list":["post-29864","post","type-post","status-publish","format-standard","has-post-thumbnail","hentry","category-activites-royales"],"yoast_head":"<!-- This site is optimized with the Yoast SEO plugin v27.5 - https:\/\/yoast.com\/product\/yoast-seo-wordpress\/ -->\n<title>Communiqu\u00e9 du Cabinet Royal - Dpress.ma\/fr<\/title>\n<meta name=\"robots\" content=\"index, follow, max-snippet:-1, max-image-preview:large, max-video-preview:-1\" \/>\n<link rel=\"canonical\" href=\"https:\/\/dpress.ma\/fr\/2026\/05\/02\/communique-du-cabinet-royal-18\/\" \/>\n<meta property=\"og:locale\" content=\"fr_FR\" \/>\n<meta property=\"og:type\" content=\"article\" \/>\n<meta property=\"og:title\" content=\"Communiqu\u00e9 du Cabinet Royal - Dpress.ma\/fr\" \/>\n<meta property=\"og:description\" content=\"Dpress &nbsp;Voici un communiqu\u00e9 du Cabinet Royal : \u201cSa Majest\u00e9 le Roi Mohammed VI, que Dieu L\u2019assiste, a assur\u00e9 lorsqu\u2019Il \u00e9tait Prince H\u00e9ritier la coordination des Bureaux et Services de l\u2019Etat-Major G\u00e9n\u00e9ral des Forces Arm\u00e9es Royales, depuis 1985, date de Sa nomination \u00e0 ce poste par Son Auguste P\u00e8re, feu Sa Majest\u00e9 le Roi Hassan &hellip;\" \/>\n<meta property=\"og:url\" content=\"https:\/\/dpress.ma\/fr\/2026\/05\/02\/communique-du-cabinet-royal-18\/\" \/>\n<meta property=\"og:site_name\" content=\"Dpress.ma\/fr\" \/>\n<meta property=\"article:published_time\" content=\"2026-05-02T19:06:00+00:00\" \/>\n<meta property=\"article:modified_time\" content=\"2026-05-03T13:40:18+00:00\" \/>\n<meta property=\"og:image\" content=\"https:\/\/dpress.ma\/fr\/wp-content\/uploads\/sites\/2\/2026\/05\/roi.png\" \/>\n\t<meta property=\"og:image:width\" content=\"780\" \/>\n\t<meta property=\"og:image:height\" content=\"470\" \/>\n\t<meta property=\"og:image:type\" content=\"image\/png\" \/>\n<meta name=\"author\" content=\"Dpress.ma\" \/>\n<meta name=\"twitter:card\" content=\"summary_large_image\" \/>\n<meta name=\"twitter:label1\" content=\"\u00c9crit par\" \/>\n\t<meta name=\"twitter:data1\" content=\"Dpress.ma\" \/>\n\t<meta name=\"twitter:label2\" content=\"Dur\u00e9e de lecture estim\u00e9e\" \/>\n\t<meta name=\"twitter:data2\" content=\"2 minutes\" \/>\n<script type=\"application\/ld+json\" class=\"yoast-schema-graph\">{\"@context\":\"https:\\\/\\\/schema.org\",\"@graph\":[{\"@type\":\"Article\",\"@id\":\"https:\\\/\\\/dpress.ma\\\/fr\\\/2026\\\/05\\\/02\\\/communique-du-cabinet-royal-18\\\/#article\",\"isPartOf\":{\"@id\":\"https:\\\/\\\/dpress.ma\\\/fr\\\/2026\\\/05\\\/02\\\/communique-du-cabinet-royal-18\\\/\"},\"author\":{\"name\":\"Dpress.ma\",\"@id\":\"https:\\\/\\\/dpress.ma\\\/fr\\\/#\\\/schema\\\/person\\\/4898febf3ccd59e6578d838656a306a0\"},\"headline\":\"Communiqu\u00e9 du Cabinet Royal\",\"datePublished\":\"2026-05-02T19:06:00+00:00\",\"dateModified\":\"2026-05-03T13:40:18+00:00\",\"mainEntityOfPage\":{\"@id\":\"https:\\\/\\\/dpress.ma\\\/fr\\\/2026\\\/05\\\/02\\\/communique-du-cabinet-royal-18\\\/\"},\"wordCount\":235,\"commentCount\":0,\"image\":{\"@id\":\"https:\\\/\\\/dpress.ma\\\/fr\\\/2026\\\/05\\\/02\\\/communique-du-cabinet-royal-18\\\/#primaryimage\"},\"thumbnailUrl\":\"https:\\\/\\\/dpress.ma\\\/fr\\\/wp-content\\\/uploads\\\/sites\\\/2\\\/2026\\\/05\\\/roi.png\",\"articleSection\":[\"Activit\u00e9s Royales\"],\"inLanguage\":\"fr-FR\",\"potentialAction\":[{\"@type\":\"CommentAction\",\"name\":\"Comment\",\"target\":[\"https:\\\/\\\/dpress.ma\\\/fr\\\/2026\\\/05\\\/02\\\/communique-du-cabinet-royal-18\\\/#respond\"]}]},{\"@type\":\"WebPage\",\"@id\":\"https:\\\/\\\/dpress.ma\\\/fr\\\/2026\\\/05\\\/02\\\/communique-du-cabinet-royal-18\\\/\",\"url\":\"https:\\\/\\\/dpress.ma\\\/fr\\\/2026\\\/05\\\/02\\\/communique-du-cabinet-royal-18\\\/\",\"name\":\"Communiqu\u00e9 du Cabinet Royal - Dpress.ma\\\/fr\",\"isPartOf\":{\"@id\":\"https:\\\/\\\/dpress.ma\\\/fr\\\/#website\"},\"primaryImageOfPage\":{\"@id\":\"https:\\\/\\\/dpress.ma\\\/fr\\\/2026\\\/05\\\/02\\\/communique-du-cabinet-royal-18\\\/#primaryimage\"},\"image\":{\"@id\":\"https:\\\/\\\/dpress.ma\\\/fr\\\/2026\\\/05\\\/02\\\/communique-du-cabinet-royal-18\\\/#primaryimage\"},\"thumbnailUrl\":\"https:\\\/\\\/dpress.ma\\\/fr\\\/wp-content\\\/uploads\\\/sites\\\/2\\\/2026\\\/05\\\/roi.png\",\"datePublished\":\"2026-05-02T19:06:00+00:00\",\"dateModified\":\"2026-05-03T13:40:18+00:00\",\"author\":{\"@id\":\"https:\\\/\\\/dpress.ma\\\/fr\\\/#\\\/schema\\\/person\\\/4898febf3ccd59e6578d838656a306a0\"},\"breadcrumb\":{\"@id\":\"https:\\\/\\\/dpress.ma\\\/fr\\\/2026\\\/05\\\/02\\\/communique-du-cabinet-royal-18\\\/#breadcrumb\"},\"inLanguage\":\"fr-FR\",\"potentialAction\":[{\"@type\":\"ReadAction\",\"target\":[\"https:\\\/\\\/dpress.ma\\\/fr\\\/2026\\\/05\\\/02\\\/communique-du-cabinet-royal-18\\\/\"]}]},{\"@type\":\"ImageObject\",\"inLanguage\":\"fr-FR\",\"@id\":\"https:\\\/\\\/dpress.ma\\\/fr\\\/2026\\\/05\\\/02\\\/communique-du-cabinet-royal-18\\\/#primaryimage\",\"url\":\"https:\\\/\\\/dpress.ma\\\/fr\\\/wp-content\\\/uploads\\\/sites\\\/2\\\/2026\\\/05\\\/roi.png\",\"contentUrl\":\"https:\\\/\\\/dpress.ma\\\/fr\\\/wp-content\\\/uploads\\\/sites\\\/2\\\/2026\\\/05\\\/roi.png\",\"width\":780,\"height\":470},{\"@type\":\"BreadcrumbList\",\"@id\":\"https:\\\/\\\/dpress.ma\\\/fr\\\/2026\\\/05\\\/02\\\/communique-du-cabinet-royal-18\\\/#breadcrumb\",\"itemListElement\":[{\"@type\":\"ListItem\",\"position\":1,\"name\":\"Home\",\"item\":\"https:\\\/\\\/dpress.ma\\\/fr\\\/\"},{\"@type\":\"ListItem\",\"position\":2,\"name\":\"Communiqu\u00e9 du Cabinet Royal\"}]},{\"@type\":\"WebSite\",\"@id\":\"https:\\\/\\\/dpress.ma\\\/fr\\\/#website\",\"url\":\"https:\\\/\\\/dpress.ma\\\/fr\\\/\",\"name\":\"Dpress.ma\\\/fr\",\"description\":\"\",\"potentialAction\":[{\"@type\":\"SearchAction\",\"target\":{\"@type\":\"EntryPoint\",\"urlTemplate\":\"https:\\\/\\\/dpress.ma\\\/fr\\\/?s={search_term_string}\"},\"query-input\":{\"@type\":\"PropertyValueSpecification\",\"valueRequired\":true,\"valueName\":\"search_term_string\"}}],\"inLanguage\":\"fr-FR\"},{\"@type\":\"Person\",\"@id\":\"https:\\\/\\\/dpress.ma\\\/fr\\\/#\\\/schema\\\/person\\\/4898febf3ccd59e6578d838656a306a0\",\"name\":\"Dpress.ma\",\"image\":{\"@type\":\"ImageObject\",\"inLanguage\":\"fr-FR\",\"@id\":\"https:\\\/\\\/secure.gravatar.com\\\/avatar\\\/72ecc30e9db047a2e0e7176561eb9d564ed77c8108376495b19bd8336405198a?s=96&d=mm&r=g\",\"url\":\"https:\\\/\\\/secure.gravatar.com\\\/avatar\\\/72ecc30e9db047a2e0e7176561eb9d564ed77c8108376495b19bd8336405198a?s=96&d=mm&r=g\",\"contentUrl\":\"https:\\\/\\\/secure.gravatar.com\\\/avatar\\\/72ecc30e9db047a2e0e7176561eb9d564ed77c8108376495b19bd8336405198a?s=96&d=mm&r=g\",\"caption\":\"Dpress.ma\"},\"sameAs\":[\"https:\\\/\\\/www.dpress.ma\"],\"url\":\"https:\\\/\\\/dpress.ma\\\/fr\\\/author\\\/dpress-ma\\\/\"}]}<\/script>\n<!-- \/ Yoast SEO plugin. -->","yoast_head_json":{"title":"Communiqu\u00e9 du Cabinet Royal - Dpress.ma\/fr","robots":{"index":"index","follow":"follow","max-snippet":"max-snippet:-1","max-image-preview":"max-image-preview:large","max-video-preview":"max-video-preview:-1"},"canonical":"https:\/\/dpress.ma\/fr\/2026\/05\/02\/communique-du-cabinet-royal-18\/","og_locale":"fr_FR","og_type":"article","og_title":"Communiqu\u00e9 du Cabinet Royal - Dpress.ma\/fr","og_description":"Dpress &nbsp;Voici un communiqu\u00e9 du Cabinet Royal : \u201cSa Majest\u00e9 le Roi Mohammed VI, que Dieu L\u2019assiste, a assur\u00e9 lorsqu\u2019Il \u00e9tait Prince H\u00e9ritier la coordination des Bureaux et Services de l\u2019Etat-Major G\u00e9n\u00e9ral des Forces Arm\u00e9es Royales, depuis 1985, date de Sa nomination \u00e0 ce poste par Son Auguste P\u00e8re, feu Sa Majest\u00e9 le Roi Hassan &hellip;","og_url":"https:\/\/dpress.ma\/fr\/2026\/05\/02\/communique-du-cabinet-royal-18\/","og_site_name":"Dpress.ma\/fr","article_published_time":"2026-05-02T19:06:00+00:00","article_modified_time":"2026-05-03T13:40:18+00:00","og_image":[{"width":780,"height":470,"url":"https:\/\/dpress.ma\/fr\/wp-content\/uploads\/sites\/2\/2026\/05\/roi.png","type":"image\/png"}],"author":"Dpress.ma","twitter_card":"summary_large_image","twitter_misc":{"\u00c9crit par":"Dpress.ma","Dur\u00e9e de lecture estim\u00e9e":"2 minutes"},"schema":{"@context":"https:\/\/schema.org","@graph":[{"@type":"Article","@id":"https:\/\/dpress.ma\/fr\/2026\/05\/02\/communique-du-cabinet-royal-18\/#article","isPartOf":{"@id":"https:\/\/dpress.ma\/fr\/2026\/05\/02\/communique-du-cabinet-royal-18\/"},"author":{"name":"Dpress.ma","@id":"https:\/\/dpress.ma\/fr\/#\/schema\/person\/4898febf3ccd59e6578d838656a306a0"},"headline":"Communiqu\u00e9 du Cabinet Royal","datePublished":"2026-05-02T19:06:00+00:00","dateModified":"2026-05-03T13:40:18+00:00","mainEntityOfPage":{"@id":"https:\/\/dpress.ma\/fr\/2026\/05\/02\/communique-du-cabinet-royal-18\/"},"wordCount":235,"commentCount":0,"image":{"@id":"https:\/\/dpress.ma\/fr\/2026\/05\/02\/communique-du-cabinet-royal-18\/#primaryimage"},"thumbnailUrl":"https:\/\/dpress.ma\/fr\/wp-content\/uploads\/sites\/2\/2026\/05\/roi.png","articleSection":["Activit\u00e9s Royales"],"inLanguage":"fr-FR","potentialAction":[{"@type":"CommentAction","name":"Comment","target":["https:\/\/dpress.ma\/fr\/2026\/05\/02\/communique-du-cabinet-royal-18\/#respond"]}]},{"@type":"WebPage","@id":"https:\/\/dpress.ma\/fr\/2026\/05\/02\/communique-du-cabinet-royal-18\/","url":"https:\/\/dpress.ma\/fr\/2026\/05\/02\/communique-du-cabinet-royal-18\/","name":"Communiqu\u00e9 du Cabinet Royal - Dpress.ma\/fr","isPartOf":{"@id":"https:\/\/dpress.ma\/fr\/#website"},"primaryImageOfPage":{"@id":"https:\/\/dpress.ma\/fr\/2026\/05\/02\/communique-du-cabinet-royal-18\/#primaryimage"},"image":{"@id":"https:\/\/dpress.ma\/fr\/2026\/05\/02\/communique-du-cabinet-royal-18\/#primaryimage"},"thumbnailUrl":"https:\/\/dpress.ma\/fr\/wp-content\/uploads\/sites\/2\/2026\/05\/roi.png","datePublished":"2026-05-02T19:06:00+00:00","dateModified":"2026-05-03T13:40:18+00:00","author":{"@id":"https:\/\/dpress.ma\/fr\/#\/schema\/person\/4898febf3ccd59e6578d838656a306a0"},"breadcrumb":{"@id":"https:\/\/dpress.ma\/fr\/2026\/05\/02\/communique-du-cabinet-royal-18\/#breadcrumb"},"inLanguage":"fr-FR","potentialAction":[{"@type":"ReadAction","target":["https:\/\/dpress.ma\/fr\/2026\/05\/02\/communique-du-cabinet-royal-18\/"]}]},{"@type":"ImageObject","inLanguage":"fr-FR","@id":"https:\/\/dpress.ma\/fr\/2026\/05\/02\/communique-du-cabinet-royal-18\/#primaryimage","url":"https:\/\/dpress.ma\/fr\/wp-content\/uploads\/sites\/2\/2026\/05\/roi.png","contentUrl":"https:\/\/dpress.ma\/fr\/wp-content\/uploads\/sites\/2\/2026\/05\/roi.png","width":780,"height":470},{"@type":"BreadcrumbList","@id":"https:\/\/dpress.ma\/fr\/2026\/05\/02\/communique-du-cabinet-royal-18\/#breadcrumb","itemListElement":[{"@type":"ListItem","position":1,"name":"Home","item":"https:\/\/dpress.ma\/fr\/"},{"@type":"ListItem","position":2,"name":"Communiqu\u00e9 du Cabinet Royal"}]},{"@type":"WebSite","@id":"https:\/\/dpress.ma\/fr\/#website","url":"https:\/\/dpress.ma\/fr\/","name":"Dpress.ma\/fr","description":"","potentialAction":[{"@type":"SearchAction","target":{"@type":"EntryPoint","urlTemplate":"https:\/\/dpress.ma\/fr\/?s={search_term_string}"},"query-input":{"@type":"PropertyValueSpecification","valueRequired":true,"valueName":"search_term_string"}}],"inLanguage":"fr-FR"},{"@type":"Person","@id":"https:\/\/dpress.ma\/fr\/#\/schema\/person\/4898febf3ccd59e6578d838656a306a0","name":"Dpress.ma","image":{"@type":"ImageObject","inLanguage":"fr-FR","@id":"https:\/\/secure.gravatar.com\/avatar\/72ecc30e9db047a2e0e7176561eb9d564ed77c8108376495b19bd8336405198a?s=96&d=mm&r=g","url":"https:\/\/secure.gravatar.com\/avatar\/72ecc30e9db047a2e0e7176561eb9d564ed77c8108376495b19bd8336405198a?s=96&d=mm&r=g","contentUrl":"https:\/\/secure.gravatar.com\/avatar\/72ecc30e9db047a2e0e7176561eb9d564ed77c8108376495b19bd8336405198a?s=96&d=mm&r=g","caption":"Dpress.ma"},"sameAs":["https:\/\/www.dpress.ma"],"url":"https:\/\/dpress.ma\/fr\/author\/dpress-ma\/"}]}},"amp_enabled":true,"_links":{"self":[{"href":"https:\/\/dpress.ma\/fr\/wp-json\/wp\/v2\/posts\/29864","targetHints":{"allow":["GET"]}}],"collection":[{"href":"https:\/\/dpress.ma\/fr\/wp-json\/wp\/v2\/posts"}],"about":[{"href":"https:\/\/dpress.ma\/fr\/wp-json\/wp\/v2\/types\/post"}],"author":[{"embeddable":true,"href":"https:\/\/dpress.ma\/fr\/wp-json\/wp\/v2\/users\/2"}],"replies":[{"embeddable":true,"href":"https:\/\/dpress.ma\/fr\/wp-json\/wp\/v2\/comments?post=29864"}],"version-history":[{"count":1,"href":"https:\/\/dpress.ma\/fr\/wp-json\/wp\/v2\/posts\/29864\/revisions"}],"predecessor-version":[{"id":29866,"href":"https:\/\/dpress.ma\/fr\/wp-json\/wp\/v2\/posts\/29864\/revisions\/29866"}],"wp:featuredmedia":[{"embeddable":true,"href":"https:\/\/dpress.ma\/fr\/wp-json\/wp\/v2\/media\/29865"}],"wp:attachment":[{"href":"https:\/\/dpress.ma\/fr\/wp-json\/wp\/v2\/media?parent=29864"}],"wp:term":[{"taxonomy":"category","embeddable":true,"href":"https:\/\/dpress.ma\/fr\/wp-json\/wp\/v2\/categories?post=29864"},{"taxonomy":"post_tag","embeddable":true,"href":"https:\/\/dpress.ma\/fr\/wp-json\/wp\/v2\/tags?post=29864"}],"curies":[{"name":"wp","href":"https:\/\/api.w.org\/{rel}","templated":true}]}}