{"id":29858,"date":"2026-05-02T11:23:30","date_gmt":"2026-05-02T11:23:30","guid":{"rendered":"https:\/\/dpress.ma\/fr\/?p=29858"},"modified":"2026-05-02T11:23:32","modified_gmt":"2026-05-02T11:23:32","slug":"siel-le-csefrs-pour-une-strategie-nationale-dintegration-de-lia-dans-le-systeme-educatif","status":"publish","type":"post","link":"https:\/\/dpress.ma\/fr\/2026\/05\/02\/siel-le-csefrs-pour-une-strategie-nationale-dintegration-de-lia-dans-le-systeme-educatif\/","title":{"rendered":"SIEL : le CSEFRS pour une strat\u00e9gie nationale d\u2019int\u00e9gration de l\u2019IA dans le syst\u00e8me \u00e9ducatif"},"content":{"rendered":"\n<p>Dpress<\/p>\n\n\n\n<p>Le Conseil sup\u00e9rieur de l\u2019\u00e9ducation, de la formation et de la recherche scientifique (CSEFRS) a plaid\u00e9, vendredi \u00e0 Rabat, en faveur d\u2019une strat\u00e9gie nationale pour int\u00e9grer l\u2019intelligence artificielle (IA) dans le syst\u00e8me \u00e9ducatif national.<\/p>\n\n\n\n<p>Lors d\u2019une table ronde organis\u00e9 le cadre de la participation du Conseil au 31e Salon international de l\u2019\u00e9dition et du livre (SIEL),&nbsp;plac\u00e9e sous le th\u00e8me \u201cIntelligence artificielle et \u00e9ducation : enjeux et pistes de r\u00e9flexion\u201d, les intervenants ont soulign\u00e9 la n\u00e9cessit\u00e9 d\u2019une gouvernance souveraine et \u00e9thique de l\u2019IA g\u00e9n\u00e9rative dans l\u2019enseignement, la formation et la recherche scientifique.<\/p>\n\n\n\n<p>A cette occasion, le secr\u00e9taire g\u00e9n\u00e9ral du CSEFRS, Fouad Chafiqi, a indiqu\u00e9 que l\u2019\u00e9mergence de l\u2019IA est une transformation qui affecte les dimensions cognitives et \u00e9motionnelles des apprenants, faisant \u00e9tat d\u2019un d\u00e9calage entre un apprentissage fond\u00e9 sur l\u2019effort et le temps long et l\u2019instantan\u00e9it\u00e9 de l\u2019IA g\u00e9n\u00e9rative.<\/p>\n\n\n\n<p>Il a, dans ce sens, mis en garde contre les risques de d\u00e9pendance technologique et le recul de l\u2019effort intellectuel en l\u2019absence d\u2019un cadre de r\u00e9f\u00e9rence d\u00e9finissant les usages autoris\u00e9s et interdits de cette technologie disruptive.<\/p>\n\n\n\n<p>Par ailleurs, M. Chafiqi a insist\u00e9 sur le vide normatif qui fragilise l\u2019int\u00e9grit\u00e9 du parcours \u00e9ducatif dans tous ses cycles, du scolaire au sup\u00e9rieur, plaidant pour une r\u00e9ponse urgente afin d\u2019immuniser la pens\u00e9e et l\u2019identit\u00e9 de l\u2019\u00e9cole marocaine face \u00e0 une automatisation qui s\u2019installe de mani\u00e8re non r\u00e9gul\u00e9e dans les pratiques quotidiennes des apprenants.<\/p>\n\n\n\n<p>Pour sa part, le pr\u00e9sident du groupe sp\u00e9cial de travail sur l\u2019IA dans l\u2019\u00e9ducation au CSEFRS, Hamid Bouchikhi, a indiqu\u00e9 que cette recommandation fait suite \u00e0 la progression rapide des usages de l\u2019IA g\u00e9n\u00e9rative chez les \u00e9l\u00e8ves et les enseignants face \u00e0 un retard institutionnel, ajoutant que l\u2019avis du Conseil vise \u00e0 doter le pays d\u2019un cadre national pour mobiliser l\u2019IA au service de la r\u00e9forme du syst\u00e8me \u00e9ducatif, en accordant la priorit\u00e9 \u00e0 l\u2019humain.<\/p>\n\n\n\n<p>M. Bouchikhi a \u00e0 cet \u00e9gard d\u00e9taill\u00e9 l\u2019approche gradu\u00e9e recommand\u00e9e par le CSEFRS, fond\u00e9e sur une protection du d\u00e9veloppement cognitif au cycle primaire et le renforcement de l\u2019esprit critique au secondaire ainsi que sur l\u2019int\u00e9grit\u00e9 acad\u00e9mique dans l\u2019enseignement sup\u00e9rieur. Cette strat\u00e9gie, selon lui, repose sur une souverainet\u00e9 num\u00e9rique renforc\u00e9e, incluant la protection des donn\u00e9es personnelles et une \u00e9quit\u00e9 d\u2019acc\u00e8s aux outils technologiques.<\/p>\n\n\n\n<p>La participation du CSEFRS au SIEL 2026 intervient dans le sillage de l\u2019exercice de ses missions constitutionnelles ainsi que dans le cadre de sa volont\u00e9 de renforcer son ouverture institutionnelle et de nourrir le d\u00e9bat public autour des enjeux du syst\u00e8me d\u2019\u00e9ducation, de formation et de recherche scientifique, afin de contribuer \u00e0 la mobilisation soci\u00e9tale autour de l\u2019\u00c9cole marocaine.<\/p>\n","protected":false},"excerpt":{"rendered":"<p>Dpress Le Conseil sup\u00e9rieur de l\u2019\u00e9ducation, de la formation et de la recherche scientifique (CSEFRS) a plaid\u00e9, vendredi \u00e0 Rabat, en faveur d\u2019une strat\u00e9gie nationale pour int\u00e9grer l\u2019intelligence artificielle (IA) dans le syst\u00e8me \u00e9ducatif national. Lors d\u2019une table ronde organis\u00e9 le cadre de la participation du Conseil au 31e Salon international de l\u2019\u00e9dition et du &hellip;<\/p>\n","protected":false},"author":2,"featured_media":29859,"comment_status":"open","ping_status":"open","sticky":false,"template":"","format":"standard","meta":{"footnotes":""},"categories":[31],"tags":[],"class_list":["post-29858","post","type-post","status-publish","format-standard","has-post-thumbnail","hentry","category-art-et-culture"],"yoast_head":"<!-- This site is optimized with the Yoast SEO plugin v27.5 - https:\/\/yoast.com\/product\/yoast-seo-wordpress\/ -->\n<title>SIEL : le CSEFRS pour une strat\u00e9gie nationale d\u2019int\u00e9gration de l\u2019IA dans le syst\u00e8me \u00e9ducatif - Dpress.ma\/fr<\/title>\n<meta name=\"robots\" content=\"index, follow, max-snippet:-1, max-image-preview:large, max-video-preview:-1\" \/>\n<link rel=\"canonical\" href=\"https:\/\/dpress.ma\/fr\/2026\/05\/02\/siel-le-csefrs-pour-une-strategie-nationale-dintegration-de-lia-dans-le-systeme-educatif\/\" \/>\n<meta property=\"og:locale\" content=\"fr_FR\" \/>\n<meta property=\"og:type\" content=\"article\" \/>\n<meta property=\"og:title\" content=\"SIEL : le CSEFRS pour une strat\u00e9gie nationale d\u2019int\u00e9gration de l\u2019IA dans le syst\u00e8me \u00e9ducatif - Dpress.ma\/fr\" \/>\n<meta property=\"og:description\" content=\"Dpress Le Conseil sup\u00e9rieur de l\u2019\u00e9ducation, de la formation et de la recherche scientifique (CSEFRS) a plaid\u00e9, vendredi \u00e0 Rabat, en faveur d\u2019une strat\u00e9gie nationale pour int\u00e9grer l\u2019intelligence artificielle (IA) dans le syst\u00e8me \u00e9ducatif national. Lors d\u2019une table ronde organis\u00e9 le cadre de la participation du Conseil au 31e Salon international de l\u2019\u00e9dition et du &hellip;\" \/>\n<meta property=\"og:url\" content=\"https:\/\/dpress.ma\/fr\/2026\/05\/02\/siel-le-csefrs-pour-une-strategie-nationale-dintegration-de-lia-dans-le-systeme-educatif\/\" \/>\n<meta property=\"og:site_name\" content=\"Dpress.ma\/fr\" \/>\n<meta property=\"article:published_time\" content=\"2026-05-02T11:23:30+00:00\" \/>\n<meta property=\"article:modified_time\" content=\"2026-05-02T11:23:32+00:00\" \/>\n<meta property=\"og:image\" content=\"https:\/\/dpress.ma\/fr\/wp-content\/uploads\/sites\/2\/2026\/05\/49.jpg\" \/>\n\t<meta property=\"og:image:width\" content=\"2539\" \/>\n\t<meta property=\"og:image:height\" content=\"1594\" \/>\n\t<meta property=\"og:image:type\" content=\"image\/jpeg\" \/>\n<meta name=\"author\" content=\"Dpress.ma\" \/>\n<meta name=\"twitter:card\" content=\"summary_large_image\" \/>\n<meta name=\"twitter:label1\" content=\"\u00c9crit par\" \/>\n\t<meta name=\"twitter:data1\" content=\"Dpress.ma\" \/>\n\t<meta name=\"twitter:label2\" content=\"Dur\u00e9e de lecture estim\u00e9e\" \/>\n\t<meta name=\"twitter:data2\" content=\"3 minutes\" \/>\n<script type=\"application\/ld+json\" class=\"yoast-schema-graph\">{\"@context\":\"https:\\\/\\\/schema.org\",\"@graph\":[{\"@type\":\"Article\",\"@id\":\"https:\\\/\\\/dpress.ma\\\/fr\\\/2026\\\/05\\\/02\\\/siel-le-csefrs-pour-une-strategie-nationale-dintegration-de-lia-dans-le-systeme-educatif\\\/#article\",\"isPartOf\":{\"@id\":\"https:\\\/\\\/dpress.ma\\\/fr\\\/2026\\\/05\\\/02\\\/siel-le-csefrs-pour-une-strategie-nationale-dintegration-de-lia-dans-le-systeme-educatif\\\/\"},\"author\":{\"name\":\"Dpress.ma\",\"@id\":\"https:\\\/\\\/dpress.ma\\\/fr\\\/#\\\/schema\\\/person\\\/4898febf3ccd59e6578d838656a306a0\"},\"headline\":\"SIEL : le CSEFRS pour une strat\u00e9gie nationale d\u2019int\u00e9gration de l\u2019IA dans le syst\u00e8me \u00e9ducatif\",\"datePublished\":\"2026-05-02T11:23:30+00:00\",\"dateModified\":\"2026-05-02T11:23:32+00:00\",\"mainEntityOfPage\":{\"@id\":\"https:\\\/\\\/dpress.ma\\\/fr\\\/2026\\\/05\\\/02\\\/siel-le-csefrs-pour-une-strategie-nationale-dintegration-de-lia-dans-le-systeme-educatif\\\/\"},\"wordCount\":525,\"commentCount\":0,\"image\":{\"@id\":\"https:\\\/\\\/dpress.ma\\\/fr\\\/2026\\\/05\\\/02\\\/siel-le-csefrs-pour-une-strategie-nationale-dintegration-de-lia-dans-le-systeme-educatif\\\/#primaryimage\"},\"thumbnailUrl\":\"https:\\\/\\\/dpress.ma\\\/fr\\\/wp-content\\\/uploads\\\/sites\\\/2\\\/2026\\\/05\\\/49.jpg\",\"articleSection\":[\"Art et Culture\"],\"inLanguage\":\"fr-FR\",\"potentialAction\":[{\"@type\":\"CommentAction\",\"name\":\"Comment\",\"target\":[\"https:\\\/\\\/dpress.ma\\\/fr\\\/2026\\\/05\\\/02\\\/siel-le-csefrs-pour-une-strategie-nationale-dintegration-de-lia-dans-le-systeme-educatif\\\/#respond\"]}]},{\"@type\":\"WebPage\",\"@id\":\"https:\\\/\\\/dpress.ma\\\/fr\\\/2026\\\/05\\\/02\\\/siel-le-csefrs-pour-une-strategie-nationale-dintegration-de-lia-dans-le-systeme-educatif\\\/\",\"url\":\"https:\\\/\\\/dpress.ma\\\/fr\\\/2026\\\/05\\\/02\\\/siel-le-csefrs-pour-une-strategie-nationale-dintegration-de-lia-dans-le-systeme-educatif\\\/\",\"name\":\"SIEL : le CSEFRS pour une strat\u00e9gie nationale d\u2019int\u00e9gration de l\u2019IA dans le syst\u00e8me \u00e9ducatif - Dpress.ma\\\/fr\",\"isPartOf\":{\"@id\":\"https:\\\/\\\/dpress.ma\\\/fr\\\/#website\"},\"primaryImageOfPage\":{\"@id\":\"https:\\\/\\\/dpress.ma\\\/fr\\\/2026\\\/05\\\/02\\\/siel-le-csefrs-pour-une-strategie-nationale-dintegration-de-lia-dans-le-systeme-educatif\\\/#primaryimage\"},\"image\":{\"@id\":\"https:\\\/\\\/dpress.ma\\\/fr\\\/2026\\\/05\\\/02\\\/siel-le-csefrs-pour-une-strategie-nationale-dintegration-de-lia-dans-le-systeme-educatif\\\/#primaryimage\"},\"thumbnailUrl\":\"https:\\\/\\\/dpress.ma\\\/fr\\\/wp-content\\\/uploads\\\/sites\\\/2\\\/2026\\\/05\\\/49.jpg\",\"datePublished\":\"2026-05-02T11:23:30+00:00\",\"dateModified\":\"2026-05-02T11:23:32+00:00\",\"author\":{\"@id\":\"https:\\\/\\\/dpress.ma\\\/fr\\\/#\\\/schema\\\/person\\\/4898febf3ccd59e6578d838656a306a0\"},\"breadcrumb\":{\"@id\":\"https:\\\/\\\/dpress.ma\\\/fr\\\/2026\\\/05\\\/02\\\/siel-le-csefrs-pour-une-strategie-nationale-dintegration-de-lia-dans-le-systeme-educatif\\\/#breadcrumb\"},\"inLanguage\":\"fr-FR\",\"potentialAction\":[{\"@type\":\"ReadAction\",\"target\":[\"https:\\\/\\\/dpress.ma\\\/fr\\\/2026\\\/05\\\/02\\\/siel-le-csefrs-pour-une-strategie-nationale-dintegration-de-lia-dans-le-systeme-educatif\\\/\"]}]},{\"@type\":\"ImageObject\",\"inLanguage\":\"fr-FR\",\"@id\":\"https:\\\/\\\/dpress.ma\\\/fr\\\/2026\\\/05\\\/02\\\/siel-le-csefrs-pour-une-strategie-nationale-dintegration-de-lia-dans-le-systeme-educatif\\\/#primaryimage\",\"url\":\"https:\\\/\\\/dpress.ma\\\/fr\\\/wp-content\\\/uploads\\\/sites\\\/2\\\/2026\\\/05\\\/49.jpg\",\"contentUrl\":\"https:\\\/\\\/dpress.ma\\\/fr\\\/wp-content\\\/uploads\\\/sites\\\/2\\\/2026\\\/05\\\/49.jpg\",\"width\":2539,\"height\":1594},{\"@type\":\"BreadcrumbList\",\"@id\":\"https:\\\/\\\/dpress.ma\\\/fr\\\/2026\\\/05\\\/02\\\/siel-le-csefrs-pour-une-strategie-nationale-dintegration-de-lia-dans-le-systeme-educatif\\\/#breadcrumb\",\"itemListElement\":[{\"@type\":\"ListItem\",\"position\":1,\"name\":\"Home\",\"item\":\"https:\\\/\\\/dpress.ma\\\/fr\\\/\"},{\"@type\":\"ListItem\",\"position\":2,\"name\":\"SIEL : le CSEFRS pour une strat\u00e9gie nationale d\u2019int\u00e9gration de l\u2019IA dans le syst\u00e8me \u00e9ducatif\"}]},{\"@type\":\"WebSite\",\"@id\":\"https:\\\/\\\/dpress.ma\\\/fr\\\/#website\",\"url\":\"https:\\\/\\\/dpress.ma\\\/fr\\\/\",\"name\":\"Dpress.ma\\\/fr\",\"description\":\"\",\"potentialAction\":[{\"@type\":\"SearchAction\",\"target\":{\"@type\":\"EntryPoint\",\"urlTemplate\":\"https:\\\/\\\/dpress.ma\\\/fr\\\/?s={search_term_string}\"},\"query-input\":{\"@type\":\"PropertyValueSpecification\",\"valueRequired\":true,\"valueName\":\"search_term_string\"}}],\"inLanguage\":\"fr-FR\"},{\"@type\":\"Person\",\"@id\":\"https:\\\/\\\/dpress.ma\\\/fr\\\/#\\\/schema\\\/person\\\/4898febf3ccd59e6578d838656a306a0\",\"name\":\"Dpress.ma\",\"image\":{\"@type\":\"ImageObject\",\"inLanguage\":\"fr-FR\",\"@id\":\"https:\\\/\\\/secure.gravatar.com\\\/avatar\\\/72ecc30e9db047a2e0e7176561eb9d564ed77c8108376495b19bd8336405198a?s=96&d=mm&r=g\",\"url\":\"https:\\\/\\\/secure.gravatar.com\\\/avatar\\\/72ecc30e9db047a2e0e7176561eb9d564ed77c8108376495b19bd8336405198a?s=96&d=mm&r=g\",\"contentUrl\":\"https:\\\/\\\/secure.gravatar.com\\\/avatar\\\/72ecc30e9db047a2e0e7176561eb9d564ed77c8108376495b19bd8336405198a?s=96&d=mm&r=g\",\"caption\":\"Dpress.ma\"},\"sameAs\":[\"https:\\\/\\\/www.dpress.ma\"],\"url\":\"https:\\\/\\\/dpress.ma\\\/fr\\\/author\\\/dpress-ma\\\/\"}]}<\/script>\n<!-- \/ Yoast SEO plugin. -->","yoast_head_json":{"title":"SIEL : le CSEFRS pour une strat\u00e9gie nationale d\u2019int\u00e9gration de l\u2019IA dans le syst\u00e8me \u00e9ducatif - Dpress.ma\/fr","robots":{"index":"index","follow":"follow","max-snippet":"max-snippet:-1","max-image-preview":"max-image-preview:large","max-video-preview":"max-video-preview:-1"},"canonical":"https:\/\/dpress.ma\/fr\/2026\/05\/02\/siel-le-csefrs-pour-une-strategie-nationale-dintegration-de-lia-dans-le-systeme-educatif\/","og_locale":"fr_FR","og_type":"article","og_title":"SIEL : le CSEFRS pour une strat\u00e9gie nationale d\u2019int\u00e9gration de l\u2019IA dans le syst\u00e8me \u00e9ducatif - Dpress.ma\/fr","og_description":"Dpress Le Conseil sup\u00e9rieur de l\u2019\u00e9ducation, de la formation et de la recherche scientifique (CSEFRS) a plaid\u00e9, vendredi \u00e0 Rabat, en faveur d\u2019une strat\u00e9gie nationale pour int\u00e9grer l\u2019intelligence artificielle (IA) dans le syst\u00e8me \u00e9ducatif national. Lors d\u2019une table ronde organis\u00e9 le cadre de la participation du Conseil au 31e Salon international de l\u2019\u00e9dition et du &hellip;","og_url":"https:\/\/dpress.ma\/fr\/2026\/05\/02\/siel-le-csefrs-pour-une-strategie-nationale-dintegration-de-lia-dans-le-systeme-educatif\/","og_site_name":"Dpress.ma\/fr","article_published_time":"2026-05-02T11:23:30+00:00","article_modified_time":"2026-05-02T11:23:32+00:00","og_image":[{"width":2539,"height":1594,"url":"https:\/\/dpress.ma\/fr\/wp-content\/uploads\/sites\/2\/2026\/05\/49.jpg","type":"image\/jpeg"}],"author":"Dpress.ma","twitter_card":"summary_large_image","twitter_misc":{"\u00c9crit par":"Dpress.ma","Dur\u00e9e de lecture estim\u00e9e":"3 minutes"},"schema":{"@context":"https:\/\/schema.org","@graph":[{"@type":"Article","@id":"https:\/\/dpress.ma\/fr\/2026\/05\/02\/siel-le-csefrs-pour-une-strategie-nationale-dintegration-de-lia-dans-le-systeme-educatif\/#article","isPartOf":{"@id":"https:\/\/dpress.ma\/fr\/2026\/05\/02\/siel-le-csefrs-pour-une-strategie-nationale-dintegration-de-lia-dans-le-systeme-educatif\/"},"author":{"name":"Dpress.ma","@id":"https:\/\/dpress.ma\/fr\/#\/schema\/person\/4898febf3ccd59e6578d838656a306a0"},"headline":"SIEL : le CSEFRS pour une strat\u00e9gie nationale d\u2019int\u00e9gration de l\u2019IA dans le syst\u00e8me \u00e9ducatif","datePublished":"2026-05-02T11:23:30+00:00","dateModified":"2026-05-02T11:23:32+00:00","mainEntityOfPage":{"@id":"https:\/\/dpress.ma\/fr\/2026\/05\/02\/siel-le-csefrs-pour-une-strategie-nationale-dintegration-de-lia-dans-le-systeme-educatif\/"},"wordCount":525,"commentCount":0,"image":{"@id":"https:\/\/dpress.ma\/fr\/2026\/05\/02\/siel-le-csefrs-pour-une-strategie-nationale-dintegration-de-lia-dans-le-systeme-educatif\/#primaryimage"},"thumbnailUrl":"https:\/\/dpress.ma\/fr\/wp-content\/uploads\/sites\/2\/2026\/05\/49.jpg","articleSection":["Art et Culture"],"inLanguage":"fr-FR","potentialAction":[{"@type":"CommentAction","name":"Comment","target":["https:\/\/dpress.ma\/fr\/2026\/05\/02\/siel-le-csefrs-pour-une-strategie-nationale-dintegration-de-lia-dans-le-systeme-educatif\/#respond"]}]},{"@type":"WebPage","@id":"https:\/\/dpress.ma\/fr\/2026\/05\/02\/siel-le-csefrs-pour-une-strategie-nationale-dintegration-de-lia-dans-le-systeme-educatif\/","url":"https:\/\/dpress.ma\/fr\/2026\/05\/02\/siel-le-csefrs-pour-une-strategie-nationale-dintegration-de-lia-dans-le-systeme-educatif\/","name":"SIEL : le CSEFRS pour une strat\u00e9gie nationale d\u2019int\u00e9gration de l\u2019IA dans le syst\u00e8me \u00e9ducatif - Dpress.ma\/fr","isPartOf":{"@id":"https:\/\/dpress.ma\/fr\/#website"},"primaryImageOfPage":{"@id":"https:\/\/dpress.ma\/fr\/2026\/05\/02\/siel-le-csefrs-pour-une-strategie-nationale-dintegration-de-lia-dans-le-systeme-educatif\/#primaryimage"},"image":{"@id":"https:\/\/dpress.ma\/fr\/2026\/05\/02\/siel-le-csefrs-pour-une-strategie-nationale-dintegration-de-lia-dans-le-systeme-educatif\/#primaryimage"},"thumbnailUrl":"https:\/\/dpress.ma\/fr\/wp-content\/uploads\/sites\/2\/2026\/05\/49.jpg","datePublished":"2026-05-02T11:23:30+00:00","dateModified":"2026-05-02T11:23:32+00:00","author":{"@id":"https:\/\/dpress.ma\/fr\/#\/schema\/person\/4898febf3ccd59e6578d838656a306a0"},"breadcrumb":{"@id":"https:\/\/dpress.ma\/fr\/2026\/05\/02\/siel-le-csefrs-pour-une-strategie-nationale-dintegration-de-lia-dans-le-systeme-educatif\/#breadcrumb"},"inLanguage":"fr-FR","potentialAction":[{"@type":"ReadAction","target":["https:\/\/dpress.ma\/fr\/2026\/05\/02\/siel-le-csefrs-pour-une-strategie-nationale-dintegration-de-lia-dans-le-systeme-educatif\/"]}]},{"@type":"ImageObject","inLanguage":"fr-FR","@id":"https:\/\/dpress.ma\/fr\/2026\/05\/02\/siel-le-csefrs-pour-une-strategie-nationale-dintegration-de-lia-dans-le-systeme-educatif\/#primaryimage","url":"https:\/\/dpress.ma\/fr\/wp-content\/uploads\/sites\/2\/2026\/05\/49.jpg","contentUrl":"https:\/\/dpress.ma\/fr\/wp-content\/uploads\/sites\/2\/2026\/05\/49.jpg","width":2539,"height":1594},{"@type":"BreadcrumbList","@id":"https:\/\/dpress.ma\/fr\/2026\/05\/02\/siel-le-csefrs-pour-une-strategie-nationale-dintegration-de-lia-dans-le-systeme-educatif\/#breadcrumb","itemListElement":[{"@type":"ListItem","position":1,"name":"Home","item":"https:\/\/dpress.ma\/fr\/"},{"@type":"ListItem","position":2,"name":"SIEL : le CSEFRS pour une strat\u00e9gie nationale d\u2019int\u00e9gration de l\u2019IA dans le syst\u00e8me \u00e9ducatif"}]},{"@type":"WebSite","@id":"https:\/\/dpress.ma\/fr\/#website","url":"https:\/\/dpress.ma\/fr\/","name":"Dpress.ma\/fr","description":"","potentialAction":[{"@type":"SearchAction","target":{"@type":"EntryPoint","urlTemplate":"https:\/\/dpress.ma\/fr\/?s={search_term_string}"},"query-input":{"@type":"PropertyValueSpecification","valueRequired":true,"valueName":"search_term_string"}}],"inLanguage":"fr-FR"},{"@type":"Person","@id":"https:\/\/dpress.ma\/fr\/#\/schema\/person\/4898febf3ccd59e6578d838656a306a0","name":"Dpress.ma","image":{"@type":"ImageObject","inLanguage":"fr-FR","@id":"https:\/\/secure.gravatar.com\/avatar\/72ecc30e9db047a2e0e7176561eb9d564ed77c8108376495b19bd8336405198a?s=96&d=mm&r=g","url":"https:\/\/secure.gravatar.com\/avatar\/72ecc30e9db047a2e0e7176561eb9d564ed77c8108376495b19bd8336405198a?s=96&d=mm&r=g","contentUrl":"https:\/\/secure.gravatar.com\/avatar\/72ecc30e9db047a2e0e7176561eb9d564ed77c8108376495b19bd8336405198a?s=96&d=mm&r=g","caption":"Dpress.ma"},"sameAs":["https:\/\/www.dpress.ma"],"url":"https:\/\/dpress.ma\/fr\/author\/dpress-ma\/"}]}},"amp_enabled":true,"_links":{"self":[{"href":"https:\/\/dpress.ma\/fr\/wp-json\/wp\/v2\/posts\/29858","targetHints":{"allow":["GET"]}}],"collection":[{"href":"https:\/\/dpress.ma\/fr\/wp-json\/wp\/v2\/posts"}],"about":[{"href":"https:\/\/dpress.ma\/fr\/wp-json\/wp\/v2\/types\/post"}],"author":[{"embeddable":true,"href":"https:\/\/dpress.ma\/fr\/wp-json\/wp\/v2\/users\/2"}],"replies":[{"embeddable":true,"href":"https:\/\/dpress.ma\/fr\/wp-json\/wp\/v2\/comments?post=29858"}],"version-history":[{"count":1,"href":"https:\/\/dpress.ma\/fr\/wp-json\/wp\/v2\/posts\/29858\/revisions"}],"predecessor-version":[{"id":29860,"href":"https:\/\/dpress.ma\/fr\/wp-json\/wp\/v2\/posts\/29858\/revisions\/29860"}],"wp:featuredmedia":[{"embeddable":true,"href":"https:\/\/dpress.ma\/fr\/wp-json\/wp\/v2\/media\/29859"}],"wp:attachment":[{"href":"https:\/\/dpress.ma\/fr\/wp-json\/wp\/v2\/media?parent=29858"}],"wp:term":[{"taxonomy":"category","embeddable":true,"href":"https:\/\/dpress.ma\/fr\/wp-json\/wp\/v2\/categories?post=29858"},{"taxonomy":"post_tag","embeddable":true,"href":"https:\/\/dpress.ma\/fr\/wp-json\/wp\/v2\/tags?post=29858"}],"curies":[{"name":"wp","href":"https:\/\/api.w.org\/{rel}","templated":true}]}}