{"id":29849,"date":"2026-05-02T11:17:02","date_gmt":"2026-05-02T11:17:02","guid":{"rendered":"https:\/\/dpress.ma\/fr\/?p=29849"},"modified":"2026-05-02T11:17:04","modified_gmt":"2026-05-02T11:17:04","slug":"siel-participation-du-ministere-de-lhabitat-sous-le-theme-une-identite-culturelle-enracinee-et-un-patrimoine-bati-authentique-renouvele","status":"publish","type":"post","link":"https:\/\/dpress.ma\/fr\/2026\/05\/02\/siel-participation-du-ministere-de-lhabitat-sous-le-theme-une-identite-culturelle-enracinee-et-un-patrimoine-bati-authentique-renouvele\/","title":{"rendered":"SIEL : participation du minist\u00e8re de l\u2019Habitat sous le th\u00e8me \u201cune identit\u00e9 culturelle enracin\u00e9e et un patrimoine b\u00e2ti authentique renouvel\u00e9\u201d"},"content":{"rendered":"\n<p>Dpress<\/p>\n\n\n\n<p>Le minist\u00e8re de l\u2019Am\u00e9nagement du territoire national, de l\u2019Urbanisme, de l\u2019Habitat et de la Politique de la ville participe \u00e0 la 31e \u00e9dition du Salon International de l\u2019\u00c9dition et du Livre (SIEL) de Rabat, organis\u00e9e sous le Haut Patronage de Sa Majest\u00e9 le Roi Mohammed VI.<\/p>\n\n\n\n<p>Plac\u00e9e sous le th\u00e8me \u201cUne identit\u00e9 culturelle enracin\u00e9e et un patrimoine b\u00e2ti authentique renouvel\u00e9\u201d, la participation du minist\u00e8re vise le renforcement de son ouverture sur son environnement acad\u00e9mique et culturel et des passerelles de communication avec les diff\u00e9rents acteurs et partenaires, indique un communiqu\u00e9 du minist\u00e8re.<\/p>\n\n\n\n<p>Dans ce contexte, la ministre de l\u2019Am\u00e9nagement du Territoire National, de l\u2019Urbanisme, de l\u2019Habitat et de la Politique de la Ville,&nbsp;Fatima Ezzahra El Mansouri, a fait valoir que la participation au SIEL constitue une \u00e9tape importante pour renforcer l\u2019ouverture du secteur sur son environnement culturel et acad\u00e9mique, et une opportunit\u00e9 de rapprocher les projets et les grands chantiers men\u00e9s par le minist\u00e8re et ses composantes des citoyennes et des citoyens, tout en consolidant la dimension humaine et culturelle des politiques publiques, et en faisant de l\u2019habitat et de l\u2019urbanisme un levier de d\u00e9veloppement durable, conform\u00e9ment aux Hautes Instructions Royales.<\/p>\n\n\n\n<p>\u201cLe choix du th\u00e8me refl\u00e8te notre conviction que la pr\u00e9servation de l\u2019identit\u00e9 culturelle et la valorisation du patrimoine b\u00e2ti constituent un fondement essentiel pour un d\u00e9veloppement territorial \u00e9quilibr\u00e9 et durable, r\u00e9pondant aux besoins des citoyennes et des citoyens\u201d, a ajout\u00e9 la ministre, cit\u00e9e dans le communiqu\u00e9.<\/p>\n\n\n\n<p>Cette premi\u00e8re participation \u00e0 cet \u00e9v\u00e9nement culturel national majeur s\u2019inscrit dans une dynamique visant \u00e0 rapprocher les politiques publiques sectorielles des citoyennes et des citoyens, et \u00e0 faire conna\u00eetre les projets et programmes en cours, tout en reliant l\u2019action culturelle aux chantiers de d\u00e9veloppement port\u00e9s par le secteur.<\/p>\n\n\n\n<p>Elle vise \u00e9galement \u00e0 renforcer la communication institutionnelle avec les diff\u00e9rents acteurs et \u00e0 encourager l\u2019engagement des enseignants, des chercheurs, des \u00e9tudiants et des stagiaires dans le dialogue culturel et soci\u00e9tal, contribuant ainsi \u00e0 la diffusion du savoir et au renforcement des \u00e9changes autour des enjeux de l\u2019urbanisme et de l\u2019habitat et du d\u00e9veloppement territorial<\/p>\n\n\n\n<p>Cette participation se mat\u00e9rialise par un stand d\u00e9di\u00e9 au minist\u00e8re qui constitue un espace d\u2019\u00e9change et d\u2019interaction, \u00e0 travers l\u2019organisation de rencontres directes avec les cadres et responsables du secteur, ainsi que de conf\u00e9rences scientifiques anim\u00e9es par des enseignants-chercheurs des \u00c9coles Nationales d\u2019Architecture (ENA) et de l\u2019Institut National d\u2019Am\u00e9nagement et d\u2019Urbanisme (INAU).<\/p>\n\n\n\n<p>Ces \u00e9v\u00e9nements seront \u00e9galement marqu\u00e9s par la participation des \u00e9tudiants, afin d\u2019aborder des th\u00e9matiques li\u00e9es aux transformations du secteur, en plus d\u2019autres activit\u00e9s acad\u00e9miques portant sur des sujets \u00e9mergents en lien avec les domaines d\u2019intervention du minist\u00e8re.<\/p>\n\n\n\n<p>Compte tenu de l\u2019importance de cet \u00e9v\u00e9nement, le minist\u00e8re est mobilis\u00e9 pour accueillir l\u2019ensemble des visiteurs, et appelle toutes ses composantes \u00e0 participer activement \u00e0 cette \u00e9dition, conclut le communiqu\u00e9.<\/p>\n","protected":false},"excerpt":{"rendered":"<p>Dpress Le minist\u00e8re de l\u2019Am\u00e9nagement du territoire national, de l\u2019Urbanisme, de l\u2019Habitat et de la Politique de la ville participe \u00e0 la 31e \u00e9dition du Salon International de l\u2019\u00c9dition et du Livre (SIEL) de Rabat, organis\u00e9e sous le Haut Patronage de Sa Majest\u00e9 le Roi Mohammed VI. Plac\u00e9e sous le th\u00e8me \u201cUne identit\u00e9 culturelle enracin\u00e9e &hellip;<\/p>\n","protected":false},"author":2,"featured_media":29850,"comment_status":"open","ping_status":"open","sticky":false,"template":"","format":"standard","meta":{"footnotes":""},"categories":[31],"tags":[],"class_list":["post-29849","post","type-post","status-publish","format-standard","has-post-thumbnail","hentry","category-art-et-culture"],"yoast_head":"<!-- This site is optimized with the Yoast SEO plugin v27.5 - https:\/\/yoast.com\/product\/yoast-seo-wordpress\/ -->\n<title>SIEL : participation du minist\u00e8re de l\u2019Habitat sous le th\u00e8me \u201cune identit\u00e9 culturelle enracin\u00e9e et un patrimoine b\u00e2ti authentique renouvel\u00e9\u201d - Dpress.ma\/fr<\/title>\n<meta name=\"robots\" content=\"index, follow, max-snippet:-1, max-image-preview:large, max-video-preview:-1\" \/>\n<link rel=\"canonical\" href=\"https:\/\/dpress.ma\/fr\/2026\/05\/02\/siel-participation-du-ministere-de-lhabitat-sous-le-theme-une-identite-culturelle-enracinee-et-un-patrimoine-bati-authentique-renouvele\/\" \/>\n<meta property=\"og:locale\" content=\"fr_FR\" \/>\n<meta property=\"og:type\" content=\"article\" \/>\n<meta property=\"og:title\" content=\"SIEL : participation du minist\u00e8re de l\u2019Habitat sous le th\u00e8me \u201cune identit\u00e9 culturelle enracin\u00e9e et un patrimoine b\u00e2ti authentique renouvel\u00e9\u201d - Dpress.ma\/fr\" \/>\n<meta property=\"og:description\" content=\"Dpress Le minist\u00e8re de l\u2019Am\u00e9nagement du territoire national, de l\u2019Urbanisme, de l\u2019Habitat et de la Politique de la ville participe \u00e0 la 31e \u00e9dition du Salon International de l\u2019\u00c9dition et du Livre (SIEL) de Rabat, organis\u00e9e sous le Haut Patronage de Sa Majest\u00e9 le Roi Mohammed VI. Plac\u00e9e sous le th\u00e8me \u201cUne identit\u00e9 culturelle enracin\u00e9e &hellip;\" \/>\n<meta property=\"og:url\" content=\"https:\/\/dpress.ma\/fr\/2026\/05\/02\/siel-participation-du-ministere-de-lhabitat-sous-le-theme-une-identite-culturelle-enracinee-et-un-patrimoine-bati-authentique-renouvele\/\" \/>\n<meta property=\"og:site_name\" content=\"Dpress.ma\/fr\" \/>\n<meta property=\"article:published_time\" content=\"2026-05-02T11:17:02+00:00\" \/>\n<meta property=\"article:modified_time\" content=\"2026-05-02T11:17:04+00:00\" \/>\n<meta property=\"og:image\" content=\"https:\/\/dpress.ma\/fr\/wp-content\/uploads\/sites\/2\/2026\/05\/45.jpg\" \/>\n\t<meta property=\"og:image:width\" content=\"2539\" \/>\n\t<meta property=\"og:image:height\" content=\"1594\" \/>\n\t<meta property=\"og:image:type\" content=\"image\/jpeg\" \/>\n<meta name=\"author\" content=\"Dpress.ma\" \/>\n<meta name=\"twitter:card\" content=\"summary_large_image\" \/>\n<meta name=\"twitter:label1\" content=\"\u00c9crit par\" \/>\n\t<meta name=\"twitter:data1\" content=\"Dpress.ma\" \/>\n\t<meta name=\"twitter:label2\" content=\"Dur\u00e9e de lecture estim\u00e9e\" \/>\n\t<meta name=\"twitter:data2\" content=\"3 minutes\" \/>\n<script type=\"application\/ld+json\" class=\"yoast-schema-graph\">{\"@context\":\"https:\\\/\\\/schema.org\",\"@graph\":[{\"@type\":\"Article\",\"@id\":\"https:\\\/\\\/dpress.ma\\\/fr\\\/2026\\\/05\\\/02\\\/siel-participation-du-ministere-de-lhabitat-sous-le-theme-une-identite-culturelle-enracinee-et-un-patrimoine-bati-authentique-renouvele\\\/#article\",\"isPartOf\":{\"@id\":\"https:\\\/\\\/dpress.ma\\\/fr\\\/2026\\\/05\\\/02\\\/siel-participation-du-ministere-de-lhabitat-sous-le-theme-une-identite-culturelle-enracinee-et-un-patrimoine-bati-authentique-renouvele\\\/\"},\"author\":{\"name\":\"Dpress.ma\",\"@id\":\"https:\\\/\\\/dpress.ma\\\/fr\\\/#\\\/schema\\\/person\\\/4898febf3ccd59e6578d838656a306a0\"},\"headline\":\"SIEL : participation du minist\u00e8re de l\u2019Habitat sous le th\u00e8me \u201cune identit\u00e9 culturelle enracin\u00e9e et un patrimoine b\u00e2ti authentique renouvel\u00e9\u201d\",\"datePublished\":\"2026-05-02T11:17:02+00:00\",\"dateModified\":\"2026-05-02T11:17:04+00:00\",\"mainEntityOfPage\":{\"@id\":\"https:\\\/\\\/dpress.ma\\\/fr\\\/2026\\\/05\\\/02\\\/siel-participation-du-ministere-de-lhabitat-sous-le-theme-une-identite-culturelle-enracinee-et-un-patrimoine-bati-authentique-renouvele\\\/\"},\"wordCount\":551,\"commentCount\":0,\"image\":{\"@id\":\"https:\\\/\\\/dpress.ma\\\/fr\\\/2026\\\/05\\\/02\\\/siel-participation-du-ministere-de-lhabitat-sous-le-theme-une-identite-culturelle-enracinee-et-un-patrimoine-bati-authentique-renouvele\\\/#primaryimage\"},\"thumbnailUrl\":\"https:\\\/\\\/dpress.ma\\\/fr\\\/wp-content\\\/uploads\\\/sites\\\/2\\\/2026\\\/05\\\/45.jpg\",\"articleSection\":[\"Art et Culture\"],\"inLanguage\":\"fr-FR\",\"potentialAction\":[{\"@type\":\"CommentAction\",\"name\":\"Comment\",\"target\":[\"https:\\\/\\\/dpress.ma\\\/fr\\\/2026\\\/05\\\/02\\\/siel-participation-du-ministere-de-lhabitat-sous-le-theme-une-identite-culturelle-enracinee-et-un-patrimoine-bati-authentique-renouvele\\\/#respond\"]}]},{\"@type\":\"WebPage\",\"@id\":\"https:\\\/\\\/dpress.ma\\\/fr\\\/2026\\\/05\\\/02\\\/siel-participation-du-ministere-de-lhabitat-sous-le-theme-une-identite-culturelle-enracinee-et-un-patrimoine-bati-authentique-renouvele\\\/\",\"url\":\"https:\\\/\\\/dpress.ma\\\/fr\\\/2026\\\/05\\\/02\\\/siel-participation-du-ministere-de-lhabitat-sous-le-theme-une-identite-culturelle-enracinee-et-un-patrimoine-bati-authentique-renouvele\\\/\",\"name\":\"SIEL : participation du minist\u00e8re de l\u2019Habitat sous le th\u00e8me \u201cune identit\u00e9 culturelle enracin\u00e9e et un patrimoine b\u00e2ti authentique renouvel\u00e9\u201d - Dpress.ma\\\/fr\",\"isPartOf\":{\"@id\":\"https:\\\/\\\/dpress.ma\\\/fr\\\/#website\"},\"primaryImageOfPage\":{\"@id\":\"https:\\\/\\\/dpress.ma\\\/fr\\\/2026\\\/05\\\/02\\\/siel-participation-du-ministere-de-lhabitat-sous-le-theme-une-identite-culturelle-enracinee-et-un-patrimoine-bati-authentique-renouvele\\\/#primaryimage\"},\"image\":{\"@id\":\"https:\\\/\\\/dpress.ma\\\/fr\\\/2026\\\/05\\\/02\\\/siel-participation-du-ministere-de-lhabitat-sous-le-theme-une-identite-culturelle-enracinee-et-un-patrimoine-bati-authentique-renouvele\\\/#primaryimage\"},\"thumbnailUrl\":\"https:\\\/\\\/dpress.ma\\\/fr\\\/wp-content\\\/uploads\\\/sites\\\/2\\\/2026\\\/05\\\/45.jpg\",\"datePublished\":\"2026-05-02T11:17:02+00:00\",\"dateModified\":\"2026-05-02T11:17:04+00:00\",\"author\":{\"@id\":\"https:\\\/\\\/dpress.ma\\\/fr\\\/#\\\/schema\\\/person\\\/4898febf3ccd59e6578d838656a306a0\"},\"breadcrumb\":{\"@id\":\"https:\\\/\\\/dpress.ma\\\/fr\\\/2026\\\/05\\\/02\\\/siel-participation-du-ministere-de-lhabitat-sous-le-theme-une-identite-culturelle-enracinee-et-un-patrimoine-bati-authentique-renouvele\\\/#breadcrumb\"},\"inLanguage\":\"fr-FR\",\"potentialAction\":[{\"@type\":\"ReadAction\",\"target\":[\"https:\\\/\\\/dpress.ma\\\/fr\\\/2026\\\/05\\\/02\\\/siel-participation-du-ministere-de-lhabitat-sous-le-theme-une-identite-culturelle-enracinee-et-un-patrimoine-bati-authentique-renouvele\\\/\"]}]},{\"@type\":\"ImageObject\",\"inLanguage\":\"fr-FR\",\"@id\":\"https:\\\/\\\/dpress.ma\\\/fr\\\/2026\\\/05\\\/02\\\/siel-participation-du-ministere-de-lhabitat-sous-le-theme-une-identite-culturelle-enracinee-et-un-patrimoine-bati-authentique-renouvele\\\/#primaryimage\",\"url\":\"https:\\\/\\\/dpress.ma\\\/fr\\\/wp-content\\\/uploads\\\/sites\\\/2\\\/2026\\\/05\\\/45.jpg\",\"contentUrl\":\"https:\\\/\\\/dpress.ma\\\/fr\\\/wp-content\\\/uploads\\\/sites\\\/2\\\/2026\\\/05\\\/45.jpg\",\"width\":2539,\"height\":1594},{\"@type\":\"BreadcrumbList\",\"@id\":\"https:\\\/\\\/dpress.ma\\\/fr\\\/2026\\\/05\\\/02\\\/siel-participation-du-ministere-de-lhabitat-sous-le-theme-une-identite-culturelle-enracinee-et-un-patrimoine-bati-authentique-renouvele\\\/#breadcrumb\",\"itemListElement\":[{\"@type\":\"ListItem\",\"position\":1,\"name\":\"Home\",\"item\":\"https:\\\/\\\/dpress.ma\\\/fr\\\/\"},{\"@type\":\"ListItem\",\"position\":2,\"name\":\"SIEL : participation du minist\u00e8re de l\u2019Habitat sous le th\u00e8me \u201cune identit\u00e9 culturelle enracin\u00e9e et un patrimoine b\u00e2ti authentique renouvel\u00e9\u201d\"}]},{\"@type\":\"WebSite\",\"@id\":\"https:\\\/\\\/dpress.ma\\\/fr\\\/#website\",\"url\":\"https:\\\/\\\/dpress.ma\\\/fr\\\/\",\"name\":\"Dpress.ma\\\/fr\",\"description\":\"\",\"potentialAction\":[{\"@type\":\"SearchAction\",\"target\":{\"@type\":\"EntryPoint\",\"urlTemplate\":\"https:\\\/\\\/dpress.ma\\\/fr\\\/?s={search_term_string}\"},\"query-input\":{\"@type\":\"PropertyValueSpecification\",\"valueRequired\":true,\"valueName\":\"search_term_string\"}}],\"inLanguage\":\"fr-FR\"},{\"@type\":\"Person\",\"@id\":\"https:\\\/\\\/dpress.ma\\\/fr\\\/#\\\/schema\\\/person\\\/4898febf3ccd59e6578d838656a306a0\",\"name\":\"Dpress.ma\",\"image\":{\"@type\":\"ImageObject\",\"inLanguage\":\"fr-FR\",\"@id\":\"https:\\\/\\\/secure.gravatar.com\\\/avatar\\\/72ecc30e9db047a2e0e7176561eb9d564ed77c8108376495b19bd8336405198a?s=96&d=mm&r=g\",\"url\":\"https:\\\/\\\/secure.gravatar.com\\\/avatar\\\/72ecc30e9db047a2e0e7176561eb9d564ed77c8108376495b19bd8336405198a?s=96&d=mm&r=g\",\"contentUrl\":\"https:\\\/\\\/secure.gravatar.com\\\/avatar\\\/72ecc30e9db047a2e0e7176561eb9d564ed77c8108376495b19bd8336405198a?s=96&d=mm&r=g\",\"caption\":\"Dpress.ma\"},\"sameAs\":[\"https:\\\/\\\/www.dpress.ma\"],\"url\":\"https:\\\/\\\/dpress.ma\\\/fr\\\/author\\\/dpress-ma\\\/\"}]}<\/script>\n<!-- \/ Yoast SEO plugin. -->","yoast_head_json":{"title":"SIEL : participation du minist\u00e8re de l\u2019Habitat sous le th\u00e8me \u201cune identit\u00e9 culturelle enracin\u00e9e et un patrimoine b\u00e2ti authentique renouvel\u00e9\u201d - Dpress.ma\/fr","robots":{"index":"index","follow":"follow","max-snippet":"max-snippet:-1","max-image-preview":"max-image-preview:large","max-video-preview":"max-video-preview:-1"},"canonical":"https:\/\/dpress.ma\/fr\/2026\/05\/02\/siel-participation-du-ministere-de-lhabitat-sous-le-theme-une-identite-culturelle-enracinee-et-un-patrimoine-bati-authentique-renouvele\/","og_locale":"fr_FR","og_type":"article","og_title":"SIEL : participation du minist\u00e8re de l\u2019Habitat sous le th\u00e8me \u201cune identit\u00e9 culturelle enracin\u00e9e et un patrimoine b\u00e2ti authentique renouvel\u00e9\u201d - Dpress.ma\/fr","og_description":"Dpress Le minist\u00e8re de l\u2019Am\u00e9nagement du territoire national, de l\u2019Urbanisme, de l\u2019Habitat et de la Politique de la ville participe \u00e0 la 31e \u00e9dition du Salon International de l\u2019\u00c9dition et du Livre (SIEL) de Rabat, organis\u00e9e sous le Haut Patronage de Sa Majest\u00e9 le Roi Mohammed VI. Plac\u00e9e sous le th\u00e8me \u201cUne identit\u00e9 culturelle enracin\u00e9e &hellip;","og_url":"https:\/\/dpress.ma\/fr\/2026\/05\/02\/siel-participation-du-ministere-de-lhabitat-sous-le-theme-une-identite-culturelle-enracinee-et-un-patrimoine-bati-authentique-renouvele\/","og_site_name":"Dpress.ma\/fr","article_published_time":"2026-05-02T11:17:02+00:00","article_modified_time":"2026-05-02T11:17:04+00:00","og_image":[{"width":2539,"height":1594,"url":"https:\/\/dpress.ma\/fr\/wp-content\/uploads\/sites\/2\/2026\/05\/45.jpg","type":"image\/jpeg"}],"author":"Dpress.ma","twitter_card":"summary_large_image","twitter_misc":{"\u00c9crit par":"Dpress.ma","Dur\u00e9e de lecture estim\u00e9e":"3 minutes"},"schema":{"@context":"https:\/\/schema.org","@graph":[{"@type":"Article","@id":"https:\/\/dpress.ma\/fr\/2026\/05\/02\/siel-participation-du-ministere-de-lhabitat-sous-le-theme-une-identite-culturelle-enracinee-et-un-patrimoine-bati-authentique-renouvele\/#article","isPartOf":{"@id":"https:\/\/dpress.ma\/fr\/2026\/05\/02\/siel-participation-du-ministere-de-lhabitat-sous-le-theme-une-identite-culturelle-enracinee-et-un-patrimoine-bati-authentique-renouvele\/"},"author":{"name":"Dpress.ma","@id":"https:\/\/dpress.ma\/fr\/#\/schema\/person\/4898febf3ccd59e6578d838656a306a0"},"headline":"SIEL : participation du minist\u00e8re de l\u2019Habitat sous le th\u00e8me \u201cune identit\u00e9 culturelle enracin\u00e9e et un patrimoine b\u00e2ti authentique renouvel\u00e9\u201d","datePublished":"2026-05-02T11:17:02+00:00","dateModified":"2026-05-02T11:17:04+00:00","mainEntityOfPage":{"@id":"https:\/\/dpress.ma\/fr\/2026\/05\/02\/siel-participation-du-ministere-de-lhabitat-sous-le-theme-une-identite-culturelle-enracinee-et-un-patrimoine-bati-authentique-renouvele\/"},"wordCount":551,"commentCount":0,"image":{"@id":"https:\/\/dpress.ma\/fr\/2026\/05\/02\/siel-participation-du-ministere-de-lhabitat-sous-le-theme-une-identite-culturelle-enracinee-et-un-patrimoine-bati-authentique-renouvele\/#primaryimage"},"thumbnailUrl":"https:\/\/dpress.ma\/fr\/wp-content\/uploads\/sites\/2\/2026\/05\/45.jpg","articleSection":["Art et Culture"],"inLanguage":"fr-FR","potentialAction":[{"@type":"CommentAction","name":"Comment","target":["https:\/\/dpress.ma\/fr\/2026\/05\/02\/siel-participation-du-ministere-de-lhabitat-sous-le-theme-une-identite-culturelle-enracinee-et-un-patrimoine-bati-authentique-renouvele\/#respond"]}]},{"@type":"WebPage","@id":"https:\/\/dpress.ma\/fr\/2026\/05\/02\/siel-participation-du-ministere-de-lhabitat-sous-le-theme-une-identite-culturelle-enracinee-et-un-patrimoine-bati-authentique-renouvele\/","url":"https:\/\/dpress.ma\/fr\/2026\/05\/02\/siel-participation-du-ministere-de-lhabitat-sous-le-theme-une-identite-culturelle-enracinee-et-un-patrimoine-bati-authentique-renouvele\/","name":"SIEL : participation du minist\u00e8re de l\u2019Habitat sous le th\u00e8me \u201cune identit\u00e9 culturelle enracin\u00e9e et un patrimoine b\u00e2ti authentique renouvel\u00e9\u201d - Dpress.ma\/fr","isPartOf":{"@id":"https:\/\/dpress.ma\/fr\/#website"},"primaryImageOfPage":{"@id":"https:\/\/dpress.ma\/fr\/2026\/05\/02\/siel-participation-du-ministere-de-lhabitat-sous-le-theme-une-identite-culturelle-enracinee-et-un-patrimoine-bati-authentique-renouvele\/#primaryimage"},"image":{"@id":"https:\/\/dpress.ma\/fr\/2026\/05\/02\/siel-participation-du-ministere-de-lhabitat-sous-le-theme-une-identite-culturelle-enracinee-et-un-patrimoine-bati-authentique-renouvele\/#primaryimage"},"thumbnailUrl":"https:\/\/dpress.ma\/fr\/wp-content\/uploads\/sites\/2\/2026\/05\/45.jpg","datePublished":"2026-05-02T11:17:02+00:00","dateModified":"2026-05-02T11:17:04+00:00","author":{"@id":"https:\/\/dpress.ma\/fr\/#\/schema\/person\/4898febf3ccd59e6578d838656a306a0"},"breadcrumb":{"@id":"https:\/\/dpress.ma\/fr\/2026\/05\/02\/siel-participation-du-ministere-de-lhabitat-sous-le-theme-une-identite-culturelle-enracinee-et-un-patrimoine-bati-authentique-renouvele\/#breadcrumb"},"inLanguage":"fr-FR","potentialAction":[{"@type":"ReadAction","target":["https:\/\/dpress.ma\/fr\/2026\/05\/02\/siel-participation-du-ministere-de-lhabitat-sous-le-theme-une-identite-culturelle-enracinee-et-un-patrimoine-bati-authentique-renouvele\/"]}]},{"@type":"ImageObject","inLanguage":"fr-FR","@id":"https:\/\/dpress.ma\/fr\/2026\/05\/02\/siel-participation-du-ministere-de-lhabitat-sous-le-theme-une-identite-culturelle-enracinee-et-un-patrimoine-bati-authentique-renouvele\/#primaryimage","url":"https:\/\/dpress.ma\/fr\/wp-content\/uploads\/sites\/2\/2026\/05\/45.jpg","contentUrl":"https:\/\/dpress.ma\/fr\/wp-content\/uploads\/sites\/2\/2026\/05\/45.jpg","width":2539,"height":1594},{"@type":"BreadcrumbList","@id":"https:\/\/dpress.ma\/fr\/2026\/05\/02\/siel-participation-du-ministere-de-lhabitat-sous-le-theme-une-identite-culturelle-enracinee-et-un-patrimoine-bati-authentique-renouvele\/#breadcrumb","itemListElement":[{"@type":"ListItem","position":1,"name":"Home","item":"https:\/\/dpress.ma\/fr\/"},{"@type":"ListItem","position":2,"name":"SIEL : participation du minist\u00e8re de l\u2019Habitat sous le th\u00e8me \u201cune identit\u00e9 culturelle enracin\u00e9e et un patrimoine b\u00e2ti authentique renouvel\u00e9\u201d"}]},{"@type":"WebSite","@id":"https:\/\/dpress.ma\/fr\/#website","url":"https:\/\/dpress.ma\/fr\/","name":"Dpress.ma\/fr","description":"","potentialAction":[{"@type":"SearchAction","target":{"@type":"EntryPoint","urlTemplate":"https:\/\/dpress.ma\/fr\/?s={search_term_string}"},"query-input":{"@type":"PropertyValueSpecification","valueRequired":true,"valueName":"search_term_string"}}],"inLanguage":"fr-FR"},{"@type":"Person","@id":"https:\/\/dpress.ma\/fr\/#\/schema\/person\/4898febf3ccd59e6578d838656a306a0","name":"Dpress.ma","image":{"@type":"ImageObject","inLanguage":"fr-FR","@id":"https:\/\/secure.gravatar.com\/avatar\/72ecc30e9db047a2e0e7176561eb9d564ed77c8108376495b19bd8336405198a?s=96&d=mm&r=g","url":"https:\/\/secure.gravatar.com\/avatar\/72ecc30e9db047a2e0e7176561eb9d564ed77c8108376495b19bd8336405198a?s=96&d=mm&r=g","contentUrl":"https:\/\/secure.gravatar.com\/avatar\/72ecc30e9db047a2e0e7176561eb9d564ed77c8108376495b19bd8336405198a?s=96&d=mm&r=g","caption":"Dpress.ma"},"sameAs":["https:\/\/www.dpress.ma"],"url":"https:\/\/dpress.ma\/fr\/author\/dpress-ma\/"}]}},"amp_enabled":true,"_links":{"self":[{"href":"https:\/\/dpress.ma\/fr\/wp-json\/wp\/v2\/posts\/29849","targetHints":{"allow":["GET"]}}],"collection":[{"href":"https:\/\/dpress.ma\/fr\/wp-json\/wp\/v2\/posts"}],"about":[{"href":"https:\/\/dpress.ma\/fr\/wp-json\/wp\/v2\/types\/post"}],"author":[{"embeddable":true,"href":"https:\/\/dpress.ma\/fr\/wp-json\/wp\/v2\/users\/2"}],"replies":[{"embeddable":true,"href":"https:\/\/dpress.ma\/fr\/wp-json\/wp\/v2\/comments?post=29849"}],"version-history":[{"count":1,"href":"https:\/\/dpress.ma\/fr\/wp-json\/wp\/v2\/posts\/29849\/revisions"}],"predecessor-version":[{"id":29851,"href":"https:\/\/dpress.ma\/fr\/wp-json\/wp\/v2\/posts\/29849\/revisions\/29851"}],"wp:featuredmedia":[{"embeddable":true,"href":"https:\/\/dpress.ma\/fr\/wp-json\/wp\/v2\/media\/29850"}],"wp:attachment":[{"href":"https:\/\/dpress.ma\/fr\/wp-json\/wp\/v2\/media?parent=29849"}],"wp:term":[{"taxonomy":"category","embeddable":true,"href":"https:\/\/dpress.ma\/fr\/wp-json\/wp\/v2\/categories?post=29849"},{"taxonomy":"post_tag","embeddable":true,"href":"https:\/\/dpress.ma\/fr\/wp-json\/wp\/v2\/tags?post=29849"}],"curies":[{"name":"wp","href":"https:\/\/api.w.org\/{rel}","templated":true}]}}