{"id":29847,"date":"2026-05-02T11:15:12","date_gmt":"2026-05-02T11:15:12","guid":{"rendered":"https:\/\/dpress.ma\/fr\/?p=29847"},"modified":"2026-05-02T11:15:15","modified_gmt":"2026-05-02T11:15:15","slug":"siel-le-pouvoir-judiciaire-presente-son-bilan-et-ses-realisations-de-2025","status":"publish","type":"post","link":"https:\/\/dpress.ma\/fr\/2026\/05\/02\/siel-le-pouvoir-judiciaire-presente-son-bilan-et-ses-realisations-de-2025\/","title":{"rendered":"SIEL: Le pouvoir judiciaire pr\u00e9sente son bilan et ses r\u00e9alisations de 2025"},"content":{"rendered":"\n<p>Dpress<\/p>\n\n\n\n<p>&nbsp;Le Conseil sup\u00e9rieur du pouvoir judiciaire (CSPJ) a organis\u00e9, vendredi, en partenariat avec la Pr\u00e9sidence du Minist\u00e8re public, une rencontre pour pr\u00e9senter le bilan et les r\u00e9alisations du pouvoir judiciaire en 2025,&nbsp;dans le cadre des journ\u00e9es d\u2019\u00e9tude du 13e Salon international de l\u2019\u00e9dition et du livre (SIEL) de Rabat, sous le th\u00e8me \u201cLa justice au service du citoyen\u201d.<\/p>\n\n\n\n<p>Cette session, qui s\u2019est d\u00e9roul\u00e9e en pr\u00e9sence de repr\u00e9sentants de l\u2019Inspection g\u00e9n\u00e9rale des affaires judiciaires et de l\u2019Institut sup\u00e9rieur de la magistrature,&nbsp;s\u2019inscrit dans le cadre de la participation du CSPJ et de la Pr\u00e9sidence du Minist\u00e8re public au SIEL avec un stand commun et des activit\u00e9s culturelles refl\u00e9tant l\u2019action des deux institutions et illustrant la convergence de leurs objectifs et programmes en mati\u00e8re de soutien de l\u2019ind\u00e9pendance du pouvoir judiciaire, de renforcement de la confiance du citoyen et d\u2019am\u00e9lioration de l\u2019efficacit\u00e9 judiciaire.<\/p>\n\n\n\n<p>A cette occasion, le secr\u00e9taire g\u00e9n\u00e9ral du CSPJ Mounir El Montassir Billah a soulign\u00e9 que cette rencontre d\u00e9coule de la conviction du Conseil quant \u00e0 l\u2019importance de la culture juridique pour ancrer la conscience des droits et libert\u00e9s, pr\u00e9cisant que la connaissance joue un r\u00f4le central dans le renforcement de la confiance en la justice et de son rayonnement soci\u00e9tal.<\/p>\n\n\n\n<p>Elle traduit \u00e9galement l\u2019engagement du CSPJ \u00e0 bien informer sur son travail, ses r\u00e9alisations et ses programmes futurs, en application de son plan strat\u00e9gique de communication bas\u00e9 sur l\u2019ouverture et l\u2019interaction positive avec toutes les propositions visant \u00e0 enrichir et \u00e0 am\u00e9liorer les connaissances, a-t-il ajout\u00e9.<\/p>\n\n\n\n<p>M. El Montassir Billah a expliqu\u00e9 que l\u2019ann\u00e9e 2025 a \u00e9t\u00e9 le prolongement du processus de r\u00e9forme profonde engag\u00e9 par le Conseil, \u00e0 travers le poursuite de la mise en \u0153uvre de son plan strat\u00e9gique 2021-2026 qui touche \u00e0 sa fin, notant que cette phase a permis de r\u00e9aliser une transition qualitative, passant de l\u2019\u00e9tape de la construction et du parach\u00e8vement institutionnel \u00e0 une phase de maturit\u00e9 ax\u00e9e sur le d\u00e9veloppement de la performance judiciaire et de sa capacit\u00e9 \u00e0 r\u00e9pondre aux attentes des citoyens.<\/p>\n\n\n\n<p>L\u2019ann\u00e9e pr\u00e9c\u00e9dente a connu \u00e9galement un renforcement des ressources humaines et de la situation professionnelle des magistrats dont l\u2019effectif a atteint 5.141 membres au 30 avril 2026 (une hausse de 22 % par rapport \u00e0 2020) avec une progression notable de la repr\u00e9sentativit\u00e9 f\u00e9minine \u00e0 28 % incluant 26 femmes \u00e0 des postes de responsabilit\u00e9 alors que l\u2019efficacit\u00e9 judiciaire s\u2019est nettement am\u00e9lior\u00e9e avec un d\u00e9lai moyen de traitement ramen\u00e9 \u00e0 45 jours et une baisse significative au sein des Cours d\u2019appel et des tribunaux de commerce, a-t-il soutenu.<\/p>\n\n\n\n<p>De son c\u00f4t\u00e9, le secr\u00e9taire g\u00e9n\u00e9ral de la Pr\u00e9sidence du Minist\u00e8re public, Ahmed Ouali Alami, a r\u00e9v\u00e9l\u00e9 lors de la pr\u00e9sentation des r\u00e9alisations de l\u2019institution que l\u2019ann\u00e9e 2025 a enregistr\u00e9 une transformation remarquable avec l\u2019adoption des \u201cplaintes \u00e9lectroniques\u201d dont le nombre a atteint 11.114 sur un total de 24.112 enregistr\u00e9es aupr\u00e8s de la Pr\u00e9sidence du Minist\u00e8re public, notant que l\u2019efficacit\u00e9 judiciaire au niveau des tribunaux s\u2019est am\u00e9lior\u00e9e avec l\u2019enregistrement de 574.972 plaintes et une hausse du taux d\u2019ex\u00e9cution de 5,7 % ainsi qu\u2019une une baisse de 25,6 %&nbsp;des dossiers en instance.<\/p>\n\n\n\n<p>Il a en outre relev\u00e9 que 2025 a connu l\u2019examen et le traitement de 2.320.092 proc\u00e8s-verbaux,&nbsp;refl\u00e9tant une lourde charge professionnelle pour les magistrats du parquet,&nbsp;alors que la d\u00e9tention pr\u00e9ventive a recul\u00e9 de 29,17%.<\/p>\n\n\n\n<p>Le vice-inspecteur g\u00e9n\u00e9ral de l\u2019Inspection g\u00e9n\u00e9rale des affaires judiciaires, Hassan El Hadri, a rappel\u00e9 le r\u00f4le de cette institution en tant que structure relevant du CSPJ, investie des missions de renforcement de l\u2019ind\u00e9pendance du pouvoir judiciaire et d\u2019ancrage des valeurs de probit\u00e9, de transparence et de bonne gouvernance dans la gestion du service judiciaire, tout en veillant \u00e0 l\u2019ind\u00e9pendance fonctionnelle sous la supervision de l\u2019inspecteur g\u00e9n\u00e9ral.<\/p>\n\n\n\n<p>Le bilan, a-t-il affirm\u00e9, refl\u00e8te une \u00e9volution concr\u00e8te des indicateurs de performance, pr\u00e9cisant que l\u2019Inspection a atteint un chiffre record dans le traitement des dossiers d\u2019enqu\u00eate (92 %) et a finalis\u00e9 les rapports de 22 dossiers relatifs \u00e0 des menaces d\u2019atteinte \u00e0 l\u2019ind\u00e9pendance des juges, avec un taux d\u2019ach\u00e8vement de 100 %.<\/p>\n\n\n\n<p>De son c\u00f4t\u00e9, le directeur g\u00e9n\u00e9ral de l\u2019Institut sup\u00e9rieur de la magistrature Abdelhanine Touzani a indiqu\u00e9 que l\u2019institution entend op\u00e9rer une transition strat\u00e9gique d\u2019un \u00e9tablissement de formation traditionnel \u00e0 une structure pionni\u00e8re en mati\u00e8re de production des connaissances juridiques.<\/p>\n\n\n\n<p>Dans une allocution lue en son nom par Ilias Belkaid, juge charg\u00e9 de mission \u00e0 l\u2019Institut, M. Touzani a soulign\u00e9 que la vision de cette institution entend s\u2019\u00e9riger en \u201ccr\u00e9atrice de comp\u00e9tences\u201d et \u00e0 \u201creconfigurer\u201d la mentalit\u00e9 judiciaire en phase avec l\u2019esprit de l\u2019\u00e9poque et les \u00e9volutions de la justice num\u00e9rique.<\/p>\n\n\n\n<p>Il a ajout\u00e9 que le \u201cjuge de demain\u201d est appel\u00e9 \u00e0 d\u00e9passer la simple ma\u00eetrise des textes et se doter d\u2019outils analytiques complexes en s\u2019ouvrant sur les domaines de l\u2019\u00e9conomie num\u00e9rique, de l\u2019intelligence artificielle et du syst\u00e8me universel des droits de l\u2019Homme.<\/p>\n\n\n\n<p>Le programme des journ\u00e9es d\u2019\u00e9tude du CSPJ inclut d\u2019autres sessions sur la femme et la justice, la justice et l\u2019investissement\u201d, le r\u00f4le de la justice dans la protection de la s\u00e9curit\u00e9 fonci\u00e8re et la moralisation de la vie publique, la justice et les transformations num\u00e9riques et la protection juridique et judiciaire de l\u2019enfant\u201d ainsi que les peines alternatives.<\/p>\n","protected":false},"excerpt":{"rendered":"<p>Dpress &nbsp;Le Conseil sup\u00e9rieur du pouvoir judiciaire (CSPJ) a organis\u00e9, vendredi, en partenariat avec la Pr\u00e9sidence du Minist\u00e8re public, une rencontre pour pr\u00e9senter le bilan et les r\u00e9alisations du pouvoir judiciaire en 2025,&nbsp;dans le cadre des journ\u00e9es d\u2019\u00e9tude du 13e Salon international de l\u2019\u00e9dition et du livre (SIEL) de Rabat, sous le th\u00e8me \u201cLa justice &hellip;<\/p>\n","protected":false},"author":2,"featured_media":29831,"comment_status":"open","ping_status":"open","sticky":false,"template":"","format":"standard","meta":{"footnotes":""},"categories":[31],"tags":[],"class_list":["post-29847","post","type-post","status-publish","format-standard","has-post-thumbnail","hentry","category-art-et-culture"],"yoast_head":"<!-- This site is optimized with the Yoast SEO plugin v27.5 - https:\/\/yoast.com\/product\/yoast-seo-wordpress\/ -->\n<title>SIEL: Le pouvoir judiciaire pr\u00e9sente son bilan et ses r\u00e9alisations de 2025 - Dpress.ma\/fr<\/title>\n<meta name=\"robots\" content=\"index, follow, max-snippet:-1, max-image-preview:large, max-video-preview:-1\" \/>\n<link rel=\"canonical\" href=\"https:\/\/dpress.ma\/fr\/2026\/05\/02\/siel-le-pouvoir-judiciaire-presente-son-bilan-et-ses-realisations-de-2025\/\" \/>\n<meta property=\"og:locale\" content=\"fr_FR\" \/>\n<meta property=\"og:type\" content=\"article\" \/>\n<meta property=\"og:title\" content=\"SIEL: Le pouvoir judiciaire pr\u00e9sente son bilan et ses r\u00e9alisations de 2025 - Dpress.ma\/fr\" \/>\n<meta property=\"og:description\" content=\"Dpress &nbsp;Le Conseil sup\u00e9rieur du pouvoir judiciaire (CSPJ) a organis\u00e9, vendredi, en partenariat avec la Pr\u00e9sidence du Minist\u00e8re public, une rencontre pour pr\u00e9senter le bilan et les r\u00e9alisations du pouvoir judiciaire en 2025,&nbsp;dans le cadre des journ\u00e9es d\u2019\u00e9tude du 13e Salon international de l\u2019\u00e9dition et du livre (SIEL) de Rabat, sous le th\u00e8me \u201cLa justice &hellip;\" \/>\n<meta property=\"og:url\" content=\"https:\/\/dpress.ma\/fr\/2026\/05\/02\/siel-le-pouvoir-judiciaire-presente-son-bilan-et-ses-realisations-de-2025\/\" \/>\n<meta property=\"og:site_name\" content=\"Dpress.ma\/fr\" \/>\n<meta property=\"article:published_time\" content=\"2026-05-02T11:15:12+00:00\" \/>\n<meta property=\"article:modified_time\" content=\"2026-05-02T11:15:15+00:00\" \/>\n<meta property=\"og:image\" content=\"https:\/\/dpress.ma\/fr\/wp-content\/uploads\/sites\/2\/2026\/05\/30.jpg\" \/>\n\t<meta property=\"og:image:width\" content=\"2539\" \/>\n\t<meta property=\"og:image:height\" content=\"1594\" \/>\n\t<meta property=\"og:image:type\" content=\"image\/jpeg\" \/>\n<meta name=\"author\" content=\"Dpress.ma\" \/>\n<meta name=\"twitter:card\" content=\"summary_large_image\" \/>\n<meta name=\"twitter:label1\" content=\"\u00c9crit par\" \/>\n\t<meta name=\"twitter:data1\" content=\"Dpress.ma\" \/>\n\t<meta name=\"twitter:label2\" content=\"Dur\u00e9e de lecture estim\u00e9e\" \/>\n\t<meta name=\"twitter:data2\" content=\"5 minutes\" \/>\n<script type=\"application\/ld+json\" class=\"yoast-schema-graph\">{\"@context\":\"https:\\\/\\\/schema.org\",\"@graph\":[{\"@type\":\"Article\",\"@id\":\"https:\\\/\\\/dpress.ma\\\/fr\\\/2026\\\/05\\\/02\\\/siel-le-pouvoir-judiciaire-presente-son-bilan-et-ses-realisations-de-2025\\\/#article\",\"isPartOf\":{\"@id\":\"https:\\\/\\\/dpress.ma\\\/fr\\\/2026\\\/05\\\/02\\\/siel-le-pouvoir-judiciaire-presente-son-bilan-et-ses-realisations-de-2025\\\/\"},\"author\":{\"name\":\"Dpress.ma\",\"@id\":\"https:\\\/\\\/dpress.ma\\\/fr\\\/#\\\/schema\\\/person\\\/4898febf3ccd59e6578d838656a306a0\"},\"headline\":\"SIEL: Le pouvoir judiciaire pr\u00e9sente son bilan et ses r\u00e9alisations de 2025\",\"datePublished\":\"2026-05-02T11:15:12+00:00\",\"dateModified\":\"2026-05-02T11:15:15+00:00\",\"mainEntityOfPage\":{\"@id\":\"https:\\\/\\\/dpress.ma\\\/fr\\\/2026\\\/05\\\/02\\\/siel-le-pouvoir-judiciaire-presente-son-bilan-et-ses-realisations-de-2025\\\/\"},\"wordCount\":990,\"commentCount\":0,\"image\":{\"@id\":\"https:\\\/\\\/dpress.ma\\\/fr\\\/2026\\\/05\\\/02\\\/siel-le-pouvoir-judiciaire-presente-son-bilan-et-ses-realisations-de-2025\\\/#primaryimage\"},\"thumbnailUrl\":\"https:\\\/\\\/dpress.ma\\\/fr\\\/wp-content\\\/uploads\\\/sites\\\/2\\\/2026\\\/05\\\/30.jpg\",\"articleSection\":[\"Art et Culture\"],\"inLanguage\":\"fr-FR\",\"potentialAction\":[{\"@type\":\"CommentAction\",\"name\":\"Comment\",\"target\":[\"https:\\\/\\\/dpress.ma\\\/fr\\\/2026\\\/05\\\/02\\\/siel-le-pouvoir-judiciaire-presente-son-bilan-et-ses-realisations-de-2025\\\/#respond\"]}]},{\"@type\":\"WebPage\",\"@id\":\"https:\\\/\\\/dpress.ma\\\/fr\\\/2026\\\/05\\\/02\\\/siel-le-pouvoir-judiciaire-presente-son-bilan-et-ses-realisations-de-2025\\\/\",\"url\":\"https:\\\/\\\/dpress.ma\\\/fr\\\/2026\\\/05\\\/02\\\/siel-le-pouvoir-judiciaire-presente-son-bilan-et-ses-realisations-de-2025\\\/\",\"name\":\"SIEL: Le pouvoir judiciaire pr\u00e9sente son bilan et ses r\u00e9alisations de 2025 - Dpress.ma\\\/fr\",\"isPartOf\":{\"@id\":\"https:\\\/\\\/dpress.ma\\\/fr\\\/#website\"},\"primaryImageOfPage\":{\"@id\":\"https:\\\/\\\/dpress.ma\\\/fr\\\/2026\\\/05\\\/02\\\/siel-le-pouvoir-judiciaire-presente-son-bilan-et-ses-realisations-de-2025\\\/#primaryimage\"},\"image\":{\"@id\":\"https:\\\/\\\/dpress.ma\\\/fr\\\/2026\\\/05\\\/02\\\/siel-le-pouvoir-judiciaire-presente-son-bilan-et-ses-realisations-de-2025\\\/#primaryimage\"},\"thumbnailUrl\":\"https:\\\/\\\/dpress.ma\\\/fr\\\/wp-content\\\/uploads\\\/sites\\\/2\\\/2026\\\/05\\\/30.jpg\",\"datePublished\":\"2026-05-02T11:15:12+00:00\",\"dateModified\":\"2026-05-02T11:15:15+00:00\",\"author\":{\"@id\":\"https:\\\/\\\/dpress.ma\\\/fr\\\/#\\\/schema\\\/person\\\/4898febf3ccd59e6578d838656a306a0\"},\"breadcrumb\":{\"@id\":\"https:\\\/\\\/dpress.ma\\\/fr\\\/2026\\\/05\\\/02\\\/siel-le-pouvoir-judiciaire-presente-son-bilan-et-ses-realisations-de-2025\\\/#breadcrumb\"},\"inLanguage\":\"fr-FR\",\"potentialAction\":[{\"@type\":\"ReadAction\",\"target\":[\"https:\\\/\\\/dpress.ma\\\/fr\\\/2026\\\/05\\\/02\\\/siel-le-pouvoir-judiciaire-presente-son-bilan-et-ses-realisations-de-2025\\\/\"]}]},{\"@type\":\"ImageObject\",\"inLanguage\":\"fr-FR\",\"@id\":\"https:\\\/\\\/dpress.ma\\\/fr\\\/2026\\\/05\\\/02\\\/siel-le-pouvoir-judiciaire-presente-son-bilan-et-ses-realisations-de-2025\\\/#primaryimage\",\"url\":\"https:\\\/\\\/dpress.ma\\\/fr\\\/wp-content\\\/uploads\\\/sites\\\/2\\\/2026\\\/05\\\/30.jpg\",\"contentUrl\":\"https:\\\/\\\/dpress.ma\\\/fr\\\/wp-content\\\/uploads\\\/sites\\\/2\\\/2026\\\/05\\\/30.jpg\",\"width\":2539,\"height\":1594},{\"@type\":\"BreadcrumbList\",\"@id\":\"https:\\\/\\\/dpress.ma\\\/fr\\\/2026\\\/05\\\/02\\\/siel-le-pouvoir-judiciaire-presente-son-bilan-et-ses-realisations-de-2025\\\/#breadcrumb\",\"itemListElement\":[{\"@type\":\"ListItem\",\"position\":1,\"name\":\"Home\",\"item\":\"https:\\\/\\\/dpress.ma\\\/fr\\\/\"},{\"@type\":\"ListItem\",\"position\":2,\"name\":\"SIEL: Le pouvoir judiciaire pr\u00e9sente son bilan et ses r\u00e9alisations de 2025\"}]},{\"@type\":\"WebSite\",\"@id\":\"https:\\\/\\\/dpress.ma\\\/fr\\\/#website\",\"url\":\"https:\\\/\\\/dpress.ma\\\/fr\\\/\",\"name\":\"Dpress.ma\\\/fr\",\"description\":\"\",\"potentialAction\":[{\"@type\":\"SearchAction\",\"target\":{\"@type\":\"EntryPoint\",\"urlTemplate\":\"https:\\\/\\\/dpress.ma\\\/fr\\\/?s={search_term_string}\"},\"query-input\":{\"@type\":\"PropertyValueSpecification\",\"valueRequired\":true,\"valueName\":\"search_term_string\"}}],\"inLanguage\":\"fr-FR\"},{\"@type\":\"Person\",\"@id\":\"https:\\\/\\\/dpress.ma\\\/fr\\\/#\\\/schema\\\/person\\\/4898febf3ccd59e6578d838656a306a0\",\"name\":\"Dpress.ma\",\"image\":{\"@type\":\"ImageObject\",\"inLanguage\":\"fr-FR\",\"@id\":\"https:\\\/\\\/secure.gravatar.com\\\/avatar\\\/72ecc30e9db047a2e0e7176561eb9d564ed77c8108376495b19bd8336405198a?s=96&d=mm&r=g\",\"url\":\"https:\\\/\\\/secure.gravatar.com\\\/avatar\\\/72ecc30e9db047a2e0e7176561eb9d564ed77c8108376495b19bd8336405198a?s=96&d=mm&r=g\",\"contentUrl\":\"https:\\\/\\\/secure.gravatar.com\\\/avatar\\\/72ecc30e9db047a2e0e7176561eb9d564ed77c8108376495b19bd8336405198a?s=96&d=mm&r=g\",\"caption\":\"Dpress.ma\"},\"sameAs\":[\"https:\\\/\\\/www.dpress.ma\"],\"url\":\"https:\\\/\\\/dpress.ma\\\/fr\\\/author\\\/dpress-ma\\\/\"}]}<\/script>\n<!-- \/ Yoast SEO plugin. -->","yoast_head_json":{"title":"SIEL: Le pouvoir judiciaire pr\u00e9sente son bilan et ses r\u00e9alisations de 2025 - Dpress.ma\/fr","robots":{"index":"index","follow":"follow","max-snippet":"max-snippet:-1","max-image-preview":"max-image-preview:large","max-video-preview":"max-video-preview:-1"},"canonical":"https:\/\/dpress.ma\/fr\/2026\/05\/02\/siel-le-pouvoir-judiciaire-presente-son-bilan-et-ses-realisations-de-2025\/","og_locale":"fr_FR","og_type":"article","og_title":"SIEL: Le pouvoir judiciaire pr\u00e9sente son bilan et ses r\u00e9alisations de 2025 - Dpress.ma\/fr","og_description":"Dpress &nbsp;Le Conseil sup\u00e9rieur du pouvoir judiciaire (CSPJ) a organis\u00e9, vendredi, en partenariat avec la Pr\u00e9sidence du Minist\u00e8re public, une rencontre pour pr\u00e9senter le bilan et les r\u00e9alisations du pouvoir judiciaire en 2025,&nbsp;dans le cadre des journ\u00e9es d\u2019\u00e9tude du 13e Salon international de l\u2019\u00e9dition et du livre (SIEL) de Rabat, sous le th\u00e8me \u201cLa justice &hellip;","og_url":"https:\/\/dpress.ma\/fr\/2026\/05\/02\/siel-le-pouvoir-judiciaire-presente-son-bilan-et-ses-realisations-de-2025\/","og_site_name":"Dpress.ma\/fr","article_published_time":"2026-05-02T11:15:12+00:00","article_modified_time":"2026-05-02T11:15:15+00:00","og_image":[{"width":2539,"height":1594,"url":"https:\/\/dpress.ma\/fr\/wp-content\/uploads\/sites\/2\/2026\/05\/30.jpg","type":"image\/jpeg"}],"author":"Dpress.ma","twitter_card":"summary_large_image","twitter_misc":{"\u00c9crit par":"Dpress.ma","Dur\u00e9e de lecture estim\u00e9e":"5 minutes"},"schema":{"@context":"https:\/\/schema.org","@graph":[{"@type":"Article","@id":"https:\/\/dpress.ma\/fr\/2026\/05\/02\/siel-le-pouvoir-judiciaire-presente-son-bilan-et-ses-realisations-de-2025\/#article","isPartOf":{"@id":"https:\/\/dpress.ma\/fr\/2026\/05\/02\/siel-le-pouvoir-judiciaire-presente-son-bilan-et-ses-realisations-de-2025\/"},"author":{"name":"Dpress.ma","@id":"https:\/\/dpress.ma\/fr\/#\/schema\/person\/4898febf3ccd59e6578d838656a306a0"},"headline":"SIEL: Le pouvoir judiciaire pr\u00e9sente son bilan et ses r\u00e9alisations de 2025","datePublished":"2026-05-02T11:15:12+00:00","dateModified":"2026-05-02T11:15:15+00:00","mainEntityOfPage":{"@id":"https:\/\/dpress.ma\/fr\/2026\/05\/02\/siel-le-pouvoir-judiciaire-presente-son-bilan-et-ses-realisations-de-2025\/"},"wordCount":990,"commentCount":0,"image":{"@id":"https:\/\/dpress.ma\/fr\/2026\/05\/02\/siel-le-pouvoir-judiciaire-presente-son-bilan-et-ses-realisations-de-2025\/#primaryimage"},"thumbnailUrl":"https:\/\/dpress.ma\/fr\/wp-content\/uploads\/sites\/2\/2026\/05\/30.jpg","articleSection":["Art et Culture"],"inLanguage":"fr-FR","potentialAction":[{"@type":"CommentAction","name":"Comment","target":["https:\/\/dpress.ma\/fr\/2026\/05\/02\/siel-le-pouvoir-judiciaire-presente-son-bilan-et-ses-realisations-de-2025\/#respond"]}]},{"@type":"WebPage","@id":"https:\/\/dpress.ma\/fr\/2026\/05\/02\/siel-le-pouvoir-judiciaire-presente-son-bilan-et-ses-realisations-de-2025\/","url":"https:\/\/dpress.ma\/fr\/2026\/05\/02\/siel-le-pouvoir-judiciaire-presente-son-bilan-et-ses-realisations-de-2025\/","name":"SIEL: Le pouvoir judiciaire pr\u00e9sente son bilan et ses r\u00e9alisations de 2025 - Dpress.ma\/fr","isPartOf":{"@id":"https:\/\/dpress.ma\/fr\/#website"},"primaryImageOfPage":{"@id":"https:\/\/dpress.ma\/fr\/2026\/05\/02\/siel-le-pouvoir-judiciaire-presente-son-bilan-et-ses-realisations-de-2025\/#primaryimage"},"image":{"@id":"https:\/\/dpress.ma\/fr\/2026\/05\/02\/siel-le-pouvoir-judiciaire-presente-son-bilan-et-ses-realisations-de-2025\/#primaryimage"},"thumbnailUrl":"https:\/\/dpress.ma\/fr\/wp-content\/uploads\/sites\/2\/2026\/05\/30.jpg","datePublished":"2026-05-02T11:15:12+00:00","dateModified":"2026-05-02T11:15:15+00:00","author":{"@id":"https:\/\/dpress.ma\/fr\/#\/schema\/person\/4898febf3ccd59e6578d838656a306a0"},"breadcrumb":{"@id":"https:\/\/dpress.ma\/fr\/2026\/05\/02\/siel-le-pouvoir-judiciaire-presente-son-bilan-et-ses-realisations-de-2025\/#breadcrumb"},"inLanguage":"fr-FR","potentialAction":[{"@type":"ReadAction","target":["https:\/\/dpress.ma\/fr\/2026\/05\/02\/siel-le-pouvoir-judiciaire-presente-son-bilan-et-ses-realisations-de-2025\/"]}]},{"@type":"ImageObject","inLanguage":"fr-FR","@id":"https:\/\/dpress.ma\/fr\/2026\/05\/02\/siel-le-pouvoir-judiciaire-presente-son-bilan-et-ses-realisations-de-2025\/#primaryimage","url":"https:\/\/dpress.ma\/fr\/wp-content\/uploads\/sites\/2\/2026\/05\/30.jpg","contentUrl":"https:\/\/dpress.ma\/fr\/wp-content\/uploads\/sites\/2\/2026\/05\/30.jpg","width":2539,"height":1594},{"@type":"BreadcrumbList","@id":"https:\/\/dpress.ma\/fr\/2026\/05\/02\/siel-le-pouvoir-judiciaire-presente-son-bilan-et-ses-realisations-de-2025\/#breadcrumb","itemListElement":[{"@type":"ListItem","position":1,"name":"Home","item":"https:\/\/dpress.ma\/fr\/"},{"@type":"ListItem","position":2,"name":"SIEL: Le pouvoir judiciaire pr\u00e9sente son bilan et ses r\u00e9alisations de 2025"}]},{"@type":"WebSite","@id":"https:\/\/dpress.ma\/fr\/#website","url":"https:\/\/dpress.ma\/fr\/","name":"Dpress.ma\/fr","description":"","potentialAction":[{"@type":"SearchAction","target":{"@type":"EntryPoint","urlTemplate":"https:\/\/dpress.ma\/fr\/?s={search_term_string}"},"query-input":{"@type":"PropertyValueSpecification","valueRequired":true,"valueName":"search_term_string"}}],"inLanguage":"fr-FR"},{"@type":"Person","@id":"https:\/\/dpress.ma\/fr\/#\/schema\/person\/4898febf3ccd59e6578d838656a306a0","name":"Dpress.ma","image":{"@type":"ImageObject","inLanguage":"fr-FR","@id":"https:\/\/secure.gravatar.com\/avatar\/72ecc30e9db047a2e0e7176561eb9d564ed77c8108376495b19bd8336405198a?s=96&d=mm&r=g","url":"https:\/\/secure.gravatar.com\/avatar\/72ecc30e9db047a2e0e7176561eb9d564ed77c8108376495b19bd8336405198a?s=96&d=mm&r=g","contentUrl":"https:\/\/secure.gravatar.com\/avatar\/72ecc30e9db047a2e0e7176561eb9d564ed77c8108376495b19bd8336405198a?s=96&d=mm&r=g","caption":"Dpress.ma"},"sameAs":["https:\/\/www.dpress.ma"],"url":"https:\/\/dpress.ma\/fr\/author\/dpress-ma\/"}]}},"amp_enabled":true,"_links":{"self":[{"href":"https:\/\/dpress.ma\/fr\/wp-json\/wp\/v2\/posts\/29847","targetHints":{"allow":["GET"]}}],"collection":[{"href":"https:\/\/dpress.ma\/fr\/wp-json\/wp\/v2\/posts"}],"about":[{"href":"https:\/\/dpress.ma\/fr\/wp-json\/wp\/v2\/types\/post"}],"author":[{"embeddable":true,"href":"https:\/\/dpress.ma\/fr\/wp-json\/wp\/v2\/users\/2"}],"replies":[{"embeddable":true,"href":"https:\/\/dpress.ma\/fr\/wp-json\/wp\/v2\/comments?post=29847"}],"version-history":[{"count":1,"href":"https:\/\/dpress.ma\/fr\/wp-json\/wp\/v2\/posts\/29847\/revisions"}],"predecessor-version":[{"id":29848,"href":"https:\/\/dpress.ma\/fr\/wp-json\/wp\/v2\/posts\/29847\/revisions\/29848"}],"wp:featuredmedia":[{"embeddable":true,"href":"https:\/\/dpress.ma\/fr\/wp-json\/wp\/v2\/media\/29831"}],"wp:attachment":[{"href":"https:\/\/dpress.ma\/fr\/wp-json\/wp\/v2\/media?parent=29847"}],"wp:term":[{"taxonomy":"category","embeddable":true,"href":"https:\/\/dpress.ma\/fr\/wp-json\/wp\/v2\/categories?post=29847"},{"taxonomy":"post_tag","embeddable":true,"href":"https:\/\/dpress.ma\/fr\/wp-json\/wp\/v2\/tags?post=29847"}],"curies":[{"name":"wp","href":"https:\/\/api.w.org\/{rel}","templated":true}]}}