{"id":29815,"date":"2026-05-02T09:06:41","date_gmt":"2026-05-02T09:06:41","guid":{"rendered":"https:\/\/dpress.ma\/fr\/?p=29815"},"modified":"2026-05-02T09:06:42","modified_gmt":"2026-05-02T09:06:42","slug":"six-institutions-constitutionnelles-et-instances-de-regulation-reunies-dans-un-pavillon-commun-au-siel-2026","status":"publish","type":"post","link":"https:\/\/dpress.ma\/fr\/2026\/05\/02\/six-institutions-constitutionnelles-et-instances-de-regulation-reunies-dans-un-pavillon-commun-au-siel-2026\/","title":{"rendered":"Six institutions constitutionnelles et instances de r\u00e9gulation r\u00e9unies dans un pavillon commun au SIEL 2026"},"content":{"rendered":"\n<p>Dpress<\/p>\n\n\n\n<p>Pour la troisi\u00e8me ann\u00e9e cons\u00e9cutive, six institutions constitutionnelles et instances de r\u00e9gulation s\u2019associent au sein d\u2019un pavillon commun \u00e0 l\u2019occasion du Salon international de l\u2019\u00e9dition et du livre (SIEL).<\/p>\n\n\n\n<p>Le Conseil \u00e9conomique, social et environnemental (CESE), le Conseil de la communaut\u00e9 marocaine \u00e0 l\u2019\u00e9tranger (CCME), la Haute Autorit\u00e9 de la communication audiovisuelle (HACA), le Conseil de la concurrence (CC), l\u2019Instance nationale de la probit\u00e9, de la pr\u00e9vention et de la lutte contre la corruption (INPPLC), la Commission nationale de contr\u00f4le de la protection des donn\u00e9es \u00e0 caract\u00e8re personnel (CNDP) et la Commission du Droit d\u2019Acc\u00e8s \u00e0 l\u2019Information (CDAI) seront ainsi r\u00e9unis sur le m\u00eame stand, du 1er au 10 mai 2026, \u00e0 Rabat, indique un communiqu\u00e9 conjoint de ces six institutions.<\/p>\n\n\n\n<p>Cette pr\u00e9sence commune offre au public l\u2019opportunit\u00e9 d\u2019approcher, en un m\u00eame lieu et dans un cadre de proximit\u00e9 humaine et d\u2019\u00e9change ouvert, des institutions dont les missions s\u2019inscrivent toutes dans la dynamique de consolidation de l\u2019Etat de droit, de la bonne gouvernance, de la coh\u00e9sion nationale et de la culture d\u00e9mocratique, ajoute la m\u00eame source.<\/p>\n\n\n\n<p>S\u2019exprimant \u00e0 cette occasion, le pr\u00e9sident du CESE, Abdelkader Amara, a soulign\u00e9 que cette participation s\u2019inscrit dans une dynamique de renforcement de la coop\u00e9ration entre les institutions constitutionnelles concern\u00e9es.<\/p>\n\n\n\n<p>M. Amara a indiqu\u00e9 que l\u2019objectif est de mieux faire conna\u00eetre leurs missions et leurs attributions aupr\u00e8s du grand public, \u00e0 travers une interaction directe avec les citoyennes et les citoyens.<\/p>\n\n\n\n<p>Apr\u00e8s avoir not\u00e9 que&nbsp;la qualit\u00e9 des \u00e9changes avec le public est d\u2019une importance capitale,&nbsp;au-del\u00e0 de la richesse du programme d\u2019activit\u00e9s, il a salu\u00e9 l\u2019affluence et l\u2019interaction quotidienne des visiteurs du salon.<\/p>\n\n\n\n<p>Pour sa part, la pr\u00e9sidente de la HACA, Latifa Akharbach, a relev\u00e9 que le Salon constitue un espace privil\u00e9gi\u00e9 de dialogue, permettant de mettre en lumi\u00e8re la compl\u00e9mentarit\u00e9 des r\u00f4les de ces institutions, toutes engag\u00e9es dans une m\u00eame dynamique de consolidation du processus d\u00e9mocratique au Maroc.<\/p>\n\n\n\n<p>Mme Akharbach a affirm\u00e9 que ce cadre favorise \u00e0 la fois la diffusion de la culture d\u00e9mocratique et le renforcement du dialogue avec les citoyens, notant que ce pavillon se distingue par la spontan\u00e9it\u00e9 des \u00e9changes notamment autour des droits num\u00e9riques, de la protection des donn\u00e9es \u00e0 caract\u00e8re personnel, des droits sociaux, ainsi que des enjeux li\u00e9s \u00e0 la coh\u00e9sion nationale, \u00e0 l\u2019int\u00e9grit\u00e9 \u00e9conomique et \u00e0 la garantie de la libre concurrence.<\/p>\n\n\n\n<p>Elle a, en outre, estim\u00e9 que cette participation coordonn\u00e9e rev\u00eat un double enjeu : renforcer la connaissance citoyenne des missions de ces institutions et permettre \u00e0 celles-ci de mieux appr\u00e9hender, de mani\u00e8re directe, les attentes et les aspirations des citoyens.<\/p>\n\n\n\n<p>Comme \u00e0 l\u2019accoutum\u00e9e, le Conseil \u00e9conomique, social et environnemental (CESE) a inscrit sa participation au SIEL dans le cadre de son engagement constant de proximit\u00e9 avec les citoyens et citoyennes, notamment les jeunes, en proposant des espaces d\u2019\u00e9change et de d\u00e9bat constructif autour des enjeux \u00e9conomiques, sociaux et environnementaux.<\/p>\n\n\n\n<p>En plus de pr\u00e9senter aux visiteurs du Salon ses avis et rapports, cette participation est l\u2019occasion de mettre en avant l\u2019approche singuli\u00e8re du Conseil en mati\u00e8re de consultation et de participation citoyennes, notamment sa plateforme num\u00e9rique ouchariko.ma, con\u00e7ue pour renforcer l\u2019implication et la contribution des citoyens et citoyennes dans ses travaux destin\u00e9s \u00e0 enrichir le d\u00e9bat public et \u00e0 \u00e9clairer les politiques publiques.<\/p>\n\n\n\n<p>Le CCME participe \u00e0 cette \u00e9dition avec plus de 120 invit\u00e9s issus d\u2019une dizaine de pays, dont, pour la premi\u00e8re fois, l\u2019Australie, confirmant l\u2019\u00e9largissement de la sc\u00e8ne litt\u00e9raire des Marocains du monde. La programmation met \u00e0 l\u2019honneur trois grandes figures : feu Driss Chra\u00efbi, Feu Ahmed Ghazali et Mohamed El Khatib. Fait marquant de cette \u00e9dition, les auteurs invit\u00e9s contribuent directement \u00e0 l\u2019\u00e9laboration du programme en proposant une vingtaine de rencontres.<\/p>\n\n\n\n<p>Enfin, cette participation s\u2019articule \u00e9galement autour d\u2019un caf\u00e9 litt\u00e9raire, de la pr\u00e9sentation des publications du Conseil, d\u2019une librairie \u00e9ph\u00e9m\u00e8re de plus de 200 titres et de nocturnes m\u00ealant projections cin\u00e9ma et lecture th\u00e9\u00e2tralis\u00e9e. Depuis 2009, le CCME a accueilli plus de 1 000 cr\u00e9ateurs, affirmant son r\u00f4le dans la valorisation des \u00e9critures de l\u2019immigration, entre h\u00e9ritage, continuit\u00e9 et renouvellement.<\/p>\n\n\n\n<p>L\u2019INPPLC d\u00e9ploie une programmation riche, ax\u00e9e sur la sensibilisation du public et le dialogue autour des enjeux de l\u2019int\u00e9grit\u00e9, traduisant sa volont\u00e9 de rapprocher ses actions des citoyens et de contribuer \u00e0 l\u2019ancrage d\u2019une culture de l\u2019int\u00e9grit\u00e9 au sein de la soci\u00e9t\u00e9. Une attention particuli\u00e8re est accord\u00e9e aux jeunes publics, avec pr\u00e8s de 300 enfants et adolescents mobilis\u00e9s \u00e0 travers des ateliers p\u00e9dagogiques, des animations interactives et des activit\u00e9s artistiques.<\/p>\n\n\n\n<p>Parall\u00e8lement, des conf\u00e9rences et panels r\u00e9unissent des acteurs nationaux et internationaux autour des enjeux de la pr\u00e9vention et de la lutte contre la corruption, contribuant \u00e0 enrichir le d\u00e9bat et \u00e0 renforcer la mobilisation autour de ces enjeux.<\/p>\n\n\n\n<p>Le Conseil de la Concurrence prend part \u00e0 ce rendez-vous culturel majeur afin de pr\u00e9senter au public ses nouvelles productions et publications. Cette participation constitue une occasion de faire conna\u00eetre les travaux r\u00e9cents du Conseil, de mettre \u00e0 la disposition des citoyens l\u2019ensemble de ses analyses et recommandations, et de contribuer \u00e0 la diffusion de la culture d\u2019une concurrence libre et loyale.<\/p>\n\n\n\n<p>Dans la perspective de la HACA en tant qu\u2019instance ind\u00e9pendante de r\u00e9gulation des m\u00e9dias audiovisuels, la rencontre avec diff\u00e9rentes cat\u00e9gories de publics dans un espace d\u00e9di\u00e9 \u00e0 la circulation des id\u00e9es et au d\u00e9bat public est une d\u00e9marche pertinente et n\u00e9cessaire.<\/p>\n\n\n\n<p>A travers les ateliers d\u2019\u00e9ducation \u00e0 l\u2019information et aux m\u00e9dias et les interactions avec les visiteurs du SIEL, la HACA contribue \u00e0 une meilleure appropriation citoyenne de la culture de la r\u00e9gulation et du mandat du r\u00e9gulateur qui est, dans le mod\u00e8le marocain, orient\u00e9 vers l\u2019int\u00e9r\u00eat g\u00e9n\u00e9ral car fond\u00e9 sur la libert\u00e9 de communication et l\u2019int\u00e9grit\u00e9 de l\u2019information en tant que bien commun.<\/p>\n\n\n\n<p>La CNDP et la CDAI participent \u00e0 cette \u00e9dition du Salon international de l\u2019\u00e9dition et du livre 2026 \u00e0 travers une programmation ax\u00e9e sur la sensibilisation du grand public aux dispositions de la loi n 09-08 relative \u00e0 la protection des donn\u00e9es \u00e0 caract\u00e8re personnel et de la loi n 31-13 relative au droit d\u2019acc\u00e8s \u00e0 l\u2019information.<\/p>\n\n\n\n<p>En marge du salon, plusieurs conf\u00e9rences et ateliers interactifs seront organis\u00e9s autour de la protection des donn\u00e9es \u00e0 caract\u00e8re personnel et du droit d\u2019acc\u00e8s \u00e0 l\u2019information, afin de vulgariser ces cadres juridiques aupr\u00e8s du grand public \u00e0 travers des formats p\u00e9dagogiques et accessibles, permettant d\u2019en expliquer les principes, d\u2019en illustrer les applications concr\u00e8tes dans la vie quotidienne et de sensibiliser aux enjeux du num\u00e9rique, tout en offrant aux visiteurs un espace d\u2019\u00e9change leur permettant de mieux comprendre leurs droits ainsi que les d\u00e9marches \u00e0 suivre pour se conformer aux lois.<\/p>\n","protected":false},"excerpt":{"rendered":"<p>Dpress Pour la troisi\u00e8me ann\u00e9e cons\u00e9cutive, six institutions constitutionnelles et instances de r\u00e9gulation s\u2019associent au sein d\u2019un pavillon commun \u00e0 l\u2019occasion du Salon international de l\u2019\u00e9dition et du livre (SIEL). Le Conseil \u00e9conomique, social et environnemental (CESE), le Conseil de la communaut\u00e9 marocaine \u00e0 l\u2019\u00e9tranger (CCME), la Haute Autorit\u00e9 de la communication audiovisuelle (HACA), le &hellip;<\/p>\n","protected":false},"author":2,"featured_media":29816,"comment_status":"open","ping_status":"open","sticky":false,"template":"","format":"standard","meta":{"footnotes":""},"categories":[29],"tags":[],"class_list":["post-29815","post","type-post","status-publish","format-standard","has-post-thumbnail","hentry","category-activites-royales"],"yoast_head":"<!-- This site is optimized with the Yoast SEO plugin v27.5 - https:\/\/yoast.com\/product\/yoast-seo-wordpress\/ -->\n<title>Six institutions constitutionnelles et instances de r\u00e9gulation r\u00e9unies dans un pavillon commun au SIEL 2026 - Dpress.ma\/fr<\/title>\n<meta name=\"robots\" content=\"index, follow, max-snippet:-1, max-image-preview:large, max-video-preview:-1\" \/>\n<link rel=\"canonical\" href=\"https:\/\/dpress.ma\/fr\/2026\/05\/02\/six-institutions-constitutionnelles-et-instances-de-regulation-reunies-dans-un-pavillon-commun-au-siel-2026\/\" \/>\n<meta property=\"og:locale\" content=\"fr_FR\" \/>\n<meta property=\"og:type\" content=\"article\" \/>\n<meta property=\"og:title\" content=\"Six institutions constitutionnelles et instances de r\u00e9gulation r\u00e9unies dans un pavillon commun au SIEL 2026 - Dpress.ma\/fr\" \/>\n<meta property=\"og:description\" content=\"Dpress Pour la troisi\u00e8me ann\u00e9e cons\u00e9cutive, six institutions constitutionnelles et instances de r\u00e9gulation s\u2019associent au sein d\u2019un pavillon commun \u00e0 l\u2019occasion du Salon international de l\u2019\u00e9dition et du livre (SIEL). Le Conseil \u00e9conomique, social et environnemental (CESE), le Conseil de la communaut\u00e9 marocaine \u00e0 l\u2019\u00e9tranger (CCME), la Haute Autorit\u00e9 de la communication audiovisuelle (HACA), le &hellip;\" \/>\n<meta property=\"og:url\" content=\"https:\/\/dpress.ma\/fr\/2026\/05\/02\/six-institutions-constitutionnelles-et-instances-de-regulation-reunies-dans-un-pavillon-commun-au-siel-2026\/\" \/>\n<meta property=\"og:site_name\" content=\"Dpress.ma\/fr\" \/>\n<meta property=\"article:published_time\" content=\"2026-05-02T09:06:41+00:00\" \/>\n<meta property=\"article:modified_time\" content=\"2026-05-02T09:06:42+00:00\" \/>\n<meta property=\"og:image\" content=\"https:\/\/dpress.ma\/fr\/wp-content\/uploads\/sites\/2\/2026\/05\/25.jpg\" \/>\n\t<meta property=\"og:image:width\" content=\"2539\" \/>\n\t<meta property=\"og:image:height\" content=\"1594\" \/>\n\t<meta property=\"og:image:type\" content=\"image\/jpeg\" \/>\n<meta name=\"author\" content=\"Dpress.ma\" \/>\n<meta name=\"twitter:card\" content=\"summary_large_image\" \/>\n<meta name=\"twitter:label1\" content=\"\u00c9crit par\" \/>\n\t<meta name=\"twitter:data1\" content=\"Dpress.ma\" \/>\n\t<meta name=\"twitter:label2\" content=\"Dur\u00e9e de lecture estim\u00e9e\" \/>\n\t<meta name=\"twitter:data2\" content=\"6 minutes\" \/>\n<script type=\"application\/ld+json\" class=\"yoast-schema-graph\">{\"@context\":\"https:\\\/\\\/schema.org\",\"@graph\":[{\"@type\":\"Article\",\"@id\":\"https:\\\/\\\/dpress.ma\\\/fr\\\/2026\\\/05\\\/02\\\/six-institutions-constitutionnelles-et-instances-de-regulation-reunies-dans-un-pavillon-commun-au-siel-2026\\\/#article\",\"isPartOf\":{\"@id\":\"https:\\\/\\\/dpress.ma\\\/fr\\\/2026\\\/05\\\/02\\\/six-institutions-constitutionnelles-et-instances-de-regulation-reunies-dans-un-pavillon-commun-au-siel-2026\\\/\"},\"author\":{\"name\":\"Dpress.ma\",\"@id\":\"https:\\\/\\\/dpress.ma\\\/fr\\\/#\\\/schema\\\/person\\\/4898febf3ccd59e6578d838656a306a0\"},\"headline\":\"Six institutions constitutionnelles et instances de r\u00e9gulation r\u00e9unies dans un pavillon commun au SIEL 2026\",\"datePublished\":\"2026-05-02T09:06:41+00:00\",\"dateModified\":\"2026-05-02T09:06:42+00:00\",\"mainEntityOfPage\":{\"@id\":\"https:\\\/\\\/dpress.ma\\\/fr\\\/2026\\\/05\\\/02\\\/six-institutions-constitutionnelles-et-instances-de-regulation-reunies-dans-un-pavillon-commun-au-siel-2026\\\/\"},\"wordCount\":1238,\"commentCount\":0,\"image\":{\"@id\":\"https:\\\/\\\/dpress.ma\\\/fr\\\/2026\\\/05\\\/02\\\/six-institutions-constitutionnelles-et-instances-de-regulation-reunies-dans-un-pavillon-commun-au-siel-2026\\\/#primaryimage\"},\"thumbnailUrl\":\"https:\\\/\\\/dpress.ma\\\/fr\\\/wp-content\\\/uploads\\\/sites\\\/2\\\/2026\\\/05\\\/25.jpg\",\"articleSection\":[\"Activit\u00e9s Royales\"],\"inLanguage\":\"fr-FR\",\"potentialAction\":[{\"@type\":\"CommentAction\",\"name\":\"Comment\",\"target\":[\"https:\\\/\\\/dpress.ma\\\/fr\\\/2026\\\/05\\\/02\\\/six-institutions-constitutionnelles-et-instances-de-regulation-reunies-dans-un-pavillon-commun-au-siel-2026\\\/#respond\"]}]},{\"@type\":\"WebPage\",\"@id\":\"https:\\\/\\\/dpress.ma\\\/fr\\\/2026\\\/05\\\/02\\\/six-institutions-constitutionnelles-et-instances-de-regulation-reunies-dans-un-pavillon-commun-au-siel-2026\\\/\",\"url\":\"https:\\\/\\\/dpress.ma\\\/fr\\\/2026\\\/05\\\/02\\\/six-institutions-constitutionnelles-et-instances-de-regulation-reunies-dans-un-pavillon-commun-au-siel-2026\\\/\",\"name\":\"Six institutions constitutionnelles et instances de r\u00e9gulation r\u00e9unies dans un pavillon commun au SIEL 2026 - Dpress.ma\\\/fr\",\"isPartOf\":{\"@id\":\"https:\\\/\\\/dpress.ma\\\/fr\\\/#website\"},\"primaryImageOfPage\":{\"@id\":\"https:\\\/\\\/dpress.ma\\\/fr\\\/2026\\\/05\\\/02\\\/six-institutions-constitutionnelles-et-instances-de-regulation-reunies-dans-un-pavillon-commun-au-siel-2026\\\/#primaryimage\"},\"image\":{\"@id\":\"https:\\\/\\\/dpress.ma\\\/fr\\\/2026\\\/05\\\/02\\\/six-institutions-constitutionnelles-et-instances-de-regulation-reunies-dans-un-pavillon-commun-au-siel-2026\\\/#primaryimage\"},\"thumbnailUrl\":\"https:\\\/\\\/dpress.ma\\\/fr\\\/wp-content\\\/uploads\\\/sites\\\/2\\\/2026\\\/05\\\/25.jpg\",\"datePublished\":\"2026-05-02T09:06:41+00:00\",\"dateModified\":\"2026-05-02T09:06:42+00:00\",\"author\":{\"@id\":\"https:\\\/\\\/dpress.ma\\\/fr\\\/#\\\/schema\\\/person\\\/4898febf3ccd59e6578d838656a306a0\"},\"breadcrumb\":{\"@id\":\"https:\\\/\\\/dpress.ma\\\/fr\\\/2026\\\/05\\\/02\\\/six-institutions-constitutionnelles-et-instances-de-regulation-reunies-dans-un-pavillon-commun-au-siel-2026\\\/#breadcrumb\"},\"inLanguage\":\"fr-FR\",\"potentialAction\":[{\"@type\":\"ReadAction\",\"target\":[\"https:\\\/\\\/dpress.ma\\\/fr\\\/2026\\\/05\\\/02\\\/six-institutions-constitutionnelles-et-instances-de-regulation-reunies-dans-un-pavillon-commun-au-siel-2026\\\/\"]}]},{\"@type\":\"ImageObject\",\"inLanguage\":\"fr-FR\",\"@id\":\"https:\\\/\\\/dpress.ma\\\/fr\\\/2026\\\/05\\\/02\\\/six-institutions-constitutionnelles-et-instances-de-regulation-reunies-dans-un-pavillon-commun-au-siel-2026\\\/#primaryimage\",\"url\":\"https:\\\/\\\/dpress.ma\\\/fr\\\/wp-content\\\/uploads\\\/sites\\\/2\\\/2026\\\/05\\\/25.jpg\",\"contentUrl\":\"https:\\\/\\\/dpress.ma\\\/fr\\\/wp-content\\\/uploads\\\/sites\\\/2\\\/2026\\\/05\\\/25.jpg\",\"width\":2539,\"height\":1594},{\"@type\":\"BreadcrumbList\",\"@id\":\"https:\\\/\\\/dpress.ma\\\/fr\\\/2026\\\/05\\\/02\\\/six-institutions-constitutionnelles-et-instances-de-regulation-reunies-dans-un-pavillon-commun-au-siel-2026\\\/#breadcrumb\",\"itemListElement\":[{\"@type\":\"ListItem\",\"position\":1,\"name\":\"Home\",\"item\":\"https:\\\/\\\/dpress.ma\\\/fr\\\/\"},{\"@type\":\"ListItem\",\"position\":2,\"name\":\"Six institutions constitutionnelles et instances de r\u00e9gulation r\u00e9unies dans un pavillon commun au SIEL 2026\"}]},{\"@type\":\"WebSite\",\"@id\":\"https:\\\/\\\/dpress.ma\\\/fr\\\/#website\",\"url\":\"https:\\\/\\\/dpress.ma\\\/fr\\\/\",\"name\":\"Dpress.ma\\\/fr\",\"description\":\"\",\"potentialAction\":[{\"@type\":\"SearchAction\",\"target\":{\"@type\":\"EntryPoint\",\"urlTemplate\":\"https:\\\/\\\/dpress.ma\\\/fr\\\/?s={search_term_string}\"},\"query-input\":{\"@type\":\"PropertyValueSpecification\",\"valueRequired\":true,\"valueName\":\"search_term_string\"}}],\"inLanguage\":\"fr-FR\"},{\"@type\":\"Person\",\"@id\":\"https:\\\/\\\/dpress.ma\\\/fr\\\/#\\\/schema\\\/person\\\/4898febf3ccd59e6578d838656a306a0\",\"name\":\"Dpress.ma\",\"image\":{\"@type\":\"ImageObject\",\"inLanguage\":\"fr-FR\",\"@id\":\"https:\\\/\\\/secure.gravatar.com\\\/avatar\\\/72ecc30e9db047a2e0e7176561eb9d564ed77c8108376495b19bd8336405198a?s=96&d=mm&r=g\",\"url\":\"https:\\\/\\\/secure.gravatar.com\\\/avatar\\\/72ecc30e9db047a2e0e7176561eb9d564ed77c8108376495b19bd8336405198a?s=96&d=mm&r=g\",\"contentUrl\":\"https:\\\/\\\/secure.gravatar.com\\\/avatar\\\/72ecc30e9db047a2e0e7176561eb9d564ed77c8108376495b19bd8336405198a?s=96&d=mm&r=g\",\"caption\":\"Dpress.ma\"},\"sameAs\":[\"https:\\\/\\\/www.dpress.ma\"],\"url\":\"https:\\\/\\\/dpress.ma\\\/fr\\\/author\\\/dpress-ma\\\/\"}]}<\/script>\n<!-- \/ Yoast SEO plugin. -->","yoast_head_json":{"title":"Six institutions constitutionnelles et instances de r\u00e9gulation r\u00e9unies dans un pavillon commun au SIEL 2026 - Dpress.ma\/fr","robots":{"index":"index","follow":"follow","max-snippet":"max-snippet:-1","max-image-preview":"max-image-preview:large","max-video-preview":"max-video-preview:-1"},"canonical":"https:\/\/dpress.ma\/fr\/2026\/05\/02\/six-institutions-constitutionnelles-et-instances-de-regulation-reunies-dans-un-pavillon-commun-au-siel-2026\/","og_locale":"fr_FR","og_type":"article","og_title":"Six institutions constitutionnelles et instances de r\u00e9gulation r\u00e9unies dans un pavillon commun au SIEL 2026 - Dpress.ma\/fr","og_description":"Dpress Pour la troisi\u00e8me ann\u00e9e cons\u00e9cutive, six institutions constitutionnelles et instances de r\u00e9gulation s\u2019associent au sein d\u2019un pavillon commun \u00e0 l\u2019occasion du Salon international de l\u2019\u00e9dition et du livre (SIEL). Le Conseil \u00e9conomique, social et environnemental (CESE), le Conseil de la communaut\u00e9 marocaine \u00e0 l\u2019\u00e9tranger (CCME), la Haute Autorit\u00e9 de la communication audiovisuelle (HACA), le &hellip;","og_url":"https:\/\/dpress.ma\/fr\/2026\/05\/02\/six-institutions-constitutionnelles-et-instances-de-regulation-reunies-dans-un-pavillon-commun-au-siel-2026\/","og_site_name":"Dpress.ma\/fr","article_published_time":"2026-05-02T09:06:41+00:00","article_modified_time":"2026-05-02T09:06:42+00:00","og_image":[{"width":2539,"height":1594,"url":"https:\/\/dpress.ma\/fr\/wp-content\/uploads\/sites\/2\/2026\/05\/25.jpg","type":"image\/jpeg"}],"author":"Dpress.ma","twitter_card":"summary_large_image","twitter_misc":{"\u00c9crit par":"Dpress.ma","Dur\u00e9e de lecture estim\u00e9e":"6 minutes"},"schema":{"@context":"https:\/\/schema.org","@graph":[{"@type":"Article","@id":"https:\/\/dpress.ma\/fr\/2026\/05\/02\/six-institutions-constitutionnelles-et-instances-de-regulation-reunies-dans-un-pavillon-commun-au-siel-2026\/#article","isPartOf":{"@id":"https:\/\/dpress.ma\/fr\/2026\/05\/02\/six-institutions-constitutionnelles-et-instances-de-regulation-reunies-dans-un-pavillon-commun-au-siel-2026\/"},"author":{"name":"Dpress.ma","@id":"https:\/\/dpress.ma\/fr\/#\/schema\/person\/4898febf3ccd59e6578d838656a306a0"},"headline":"Six institutions constitutionnelles et instances de r\u00e9gulation r\u00e9unies dans un pavillon commun au SIEL 2026","datePublished":"2026-05-02T09:06:41+00:00","dateModified":"2026-05-02T09:06:42+00:00","mainEntityOfPage":{"@id":"https:\/\/dpress.ma\/fr\/2026\/05\/02\/six-institutions-constitutionnelles-et-instances-de-regulation-reunies-dans-un-pavillon-commun-au-siel-2026\/"},"wordCount":1238,"commentCount":0,"image":{"@id":"https:\/\/dpress.ma\/fr\/2026\/05\/02\/six-institutions-constitutionnelles-et-instances-de-regulation-reunies-dans-un-pavillon-commun-au-siel-2026\/#primaryimage"},"thumbnailUrl":"https:\/\/dpress.ma\/fr\/wp-content\/uploads\/sites\/2\/2026\/05\/25.jpg","articleSection":["Activit\u00e9s Royales"],"inLanguage":"fr-FR","potentialAction":[{"@type":"CommentAction","name":"Comment","target":["https:\/\/dpress.ma\/fr\/2026\/05\/02\/six-institutions-constitutionnelles-et-instances-de-regulation-reunies-dans-un-pavillon-commun-au-siel-2026\/#respond"]}]},{"@type":"WebPage","@id":"https:\/\/dpress.ma\/fr\/2026\/05\/02\/six-institutions-constitutionnelles-et-instances-de-regulation-reunies-dans-un-pavillon-commun-au-siel-2026\/","url":"https:\/\/dpress.ma\/fr\/2026\/05\/02\/six-institutions-constitutionnelles-et-instances-de-regulation-reunies-dans-un-pavillon-commun-au-siel-2026\/","name":"Six institutions constitutionnelles et instances de r\u00e9gulation r\u00e9unies dans un pavillon commun au SIEL 2026 - Dpress.ma\/fr","isPartOf":{"@id":"https:\/\/dpress.ma\/fr\/#website"},"primaryImageOfPage":{"@id":"https:\/\/dpress.ma\/fr\/2026\/05\/02\/six-institutions-constitutionnelles-et-instances-de-regulation-reunies-dans-un-pavillon-commun-au-siel-2026\/#primaryimage"},"image":{"@id":"https:\/\/dpress.ma\/fr\/2026\/05\/02\/six-institutions-constitutionnelles-et-instances-de-regulation-reunies-dans-un-pavillon-commun-au-siel-2026\/#primaryimage"},"thumbnailUrl":"https:\/\/dpress.ma\/fr\/wp-content\/uploads\/sites\/2\/2026\/05\/25.jpg","datePublished":"2026-05-02T09:06:41+00:00","dateModified":"2026-05-02T09:06:42+00:00","author":{"@id":"https:\/\/dpress.ma\/fr\/#\/schema\/person\/4898febf3ccd59e6578d838656a306a0"},"breadcrumb":{"@id":"https:\/\/dpress.ma\/fr\/2026\/05\/02\/six-institutions-constitutionnelles-et-instances-de-regulation-reunies-dans-un-pavillon-commun-au-siel-2026\/#breadcrumb"},"inLanguage":"fr-FR","potentialAction":[{"@type":"ReadAction","target":["https:\/\/dpress.ma\/fr\/2026\/05\/02\/six-institutions-constitutionnelles-et-instances-de-regulation-reunies-dans-un-pavillon-commun-au-siel-2026\/"]}]},{"@type":"ImageObject","inLanguage":"fr-FR","@id":"https:\/\/dpress.ma\/fr\/2026\/05\/02\/six-institutions-constitutionnelles-et-instances-de-regulation-reunies-dans-un-pavillon-commun-au-siel-2026\/#primaryimage","url":"https:\/\/dpress.ma\/fr\/wp-content\/uploads\/sites\/2\/2026\/05\/25.jpg","contentUrl":"https:\/\/dpress.ma\/fr\/wp-content\/uploads\/sites\/2\/2026\/05\/25.jpg","width":2539,"height":1594},{"@type":"BreadcrumbList","@id":"https:\/\/dpress.ma\/fr\/2026\/05\/02\/six-institutions-constitutionnelles-et-instances-de-regulation-reunies-dans-un-pavillon-commun-au-siel-2026\/#breadcrumb","itemListElement":[{"@type":"ListItem","position":1,"name":"Home","item":"https:\/\/dpress.ma\/fr\/"},{"@type":"ListItem","position":2,"name":"Six institutions constitutionnelles et instances de r\u00e9gulation r\u00e9unies dans un pavillon commun au SIEL 2026"}]},{"@type":"WebSite","@id":"https:\/\/dpress.ma\/fr\/#website","url":"https:\/\/dpress.ma\/fr\/","name":"Dpress.ma\/fr","description":"","potentialAction":[{"@type":"SearchAction","target":{"@type":"EntryPoint","urlTemplate":"https:\/\/dpress.ma\/fr\/?s={search_term_string}"},"query-input":{"@type":"PropertyValueSpecification","valueRequired":true,"valueName":"search_term_string"}}],"inLanguage":"fr-FR"},{"@type":"Person","@id":"https:\/\/dpress.ma\/fr\/#\/schema\/person\/4898febf3ccd59e6578d838656a306a0","name":"Dpress.ma","image":{"@type":"ImageObject","inLanguage":"fr-FR","@id":"https:\/\/secure.gravatar.com\/avatar\/72ecc30e9db047a2e0e7176561eb9d564ed77c8108376495b19bd8336405198a?s=96&d=mm&r=g","url":"https:\/\/secure.gravatar.com\/avatar\/72ecc30e9db047a2e0e7176561eb9d564ed77c8108376495b19bd8336405198a?s=96&d=mm&r=g","contentUrl":"https:\/\/secure.gravatar.com\/avatar\/72ecc30e9db047a2e0e7176561eb9d564ed77c8108376495b19bd8336405198a?s=96&d=mm&r=g","caption":"Dpress.ma"},"sameAs":["https:\/\/www.dpress.ma"],"url":"https:\/\/dpress.ma\/fr\/author\/dpress-ma\/"}]}},"amp_enabled":true,"_links":{"self":[{"href":"https:\/\/dpress.ma\/fr\/wp-json\/wp\/v2\/posts\/29815","targetHints":{"allow":["GET"]}}],"collection":[{"href":"https:\/\/dpress.ma\/fr\/wp-json\/wp\/v2\/posts"}],"about":[{"href":"https:\/\/dpress.ma\/fr\/wp-json\/wp\/v2\/types\/post"}],"author":[{"embeddable":true,"href":"https:\/\/dpress.ma\/fr\/wp-json\/wp\/v2\/users\/2"}],"replies":[{"embeddable":true,"href":"https:\/\/dpress.ma\/fr\/wp-json\/wp\/v2\/comments?post=29815"}],"version-history":[{"count":1,"href":"https:\/\/dpress.ma\/fr\/wp-json\/wp\/v2\/posts\/29815\/revisions"}],"predecessor-version":[{"id":29817,"href":"https:\/\/dpress.ma\/fr\/wp-json\/wp\/v2\/posts\/29815\/revisions\/29817"}],"wp:featuredmedia":[{"embeddable":true,"href":"https:\/\/dpress.ma\/fr\/wp-json\/wp\/v2\/media\/29816"}],"wp:attachment":[{"href":"https:\/\/dpress.ma\/fr\/wp-json\/wp\/v2\/media?parent=29815"}],"wp:term":[{"taxonomy":"category","embeddable":true,"href":"https:\/\/dpress.ma\/fr\/wp-json\/wp\/v2\/categories?post=29815"},{"taxonomy":"post_tag","embeddable":true,"href":"https:\/\/dpress.ma\/fr\/wp-json\/wp\/v2\/tags?post=29815"}],"curies":[{"name":"wp","href":"https:\/\/api.w.org\/{rel}","templated":true}]}}