{"id":29809,"date":"2026-05-02T09:01:16","date_gmt":"2026-05-02T09:01:16","guid":{"rendered":"https:\/\/dpress.ma\/fr\/?p=29809"},"modified":"2026-05-02T09:01:18","modified_gmt":"2026-05-02T09:01:18","slug":"les-participants-a-la-3eme-edition-de-lausaco-en-visite-au-chantier-du-port-dakhla-atlantique-2","status":"publish","type":"post","link":"https:\/\/dpress.ma\/fr\/2026\/05\/02\/les-participants-a-la-3eme-edition-de-lausaco-en-visite-au-chantier-du-port-dakhla-atlantique-2\/","title":{"rendered":"Les participants \u00e0 la 3\u00e8me \u00e9dition de l\u2019AUSACO en visite au chantier du port Dakhla Atlantique"},"content":{"rendered":"\n<p>Dpress<\/p>\n\n\n\n<p>Les participants \u00e0 la troisi\u00e8me \u00e9dition de la Policy Conference de la Coalition pour l\u2019Autonomie au Sahara (AUSACO) ont effectu\u00e9, jeudi, une visite au chantier du port Dakhla Atlantique.<\/p>\n\n\n\n<p>Ainsi, les membres de l\u2019AUSACO ont pris connaissance des composantes principales de ce projet d\u2019envergure, d\u2019autant plus qu\u2019ils ont pu constater de visu l\u2019\u00e9tat d\u2019avancement soutenu des travaux du futur port affichant un taux de r\u00e9alisation d\u2019environ 57%.<\/p>\n\n\n\n<p>S\u2019inscrivant dans le cadre du nouveau mod\u00e8le de d\u00e9veloppement des provinces du Sud, le port Dakhla Atlantique ambitionne de transformer Dakhla-Oued Eddahab en un hub r\u00e9gional des industries maritimes et du commerce international.<\/p>\n\n\n\n<p>Ce m\u00e9gaprojet, d\u2019une port\u00e9e \u00e9conomique et g\u00e9ostrat\u00e9gique majeure, traduit la volont\u00e9 Royale de faire des r\u00e9gions du Sud une locomotive de croissance tourn\u00e9e vers l\u2019Afrique.<\/p>\n\n\n\n<p>Dans la m\u00eame journ\u00e9e, les participants ont \u00e9galement visit\u00e9 des \u00e9tablissements d\u2019enseignement sup\u00e9rieur, notamment l\u2019\u00c9cole nationale de commerce et de gestion (ENCG) de Dakhla et l\u2019\u00c9cole sup\u00e9rieure de technologie (EST), o\u00f9 ils ont pris connaissance du r\u00f4le de ces \u00e9tablissements dans la formation d\u2019un capital humain qualifi\u00e9 susceptible de soutenir la croissance \u00e9conomique au niveau de la r\u00e9gion.<\/p>\n\n\n\n<p>Dans une d\u00e9claration \u00e0 la MAP, Souleymane Satigui Sidib\u00e9, vice-pr\u00e9sident de la d\u00e9l\u00e9gation sp\u00e9ciale de la mairie de la Commune II du District de Bamako, a lou\u00e9 l\u2019importance strat\u00e9gique du port Dakhla Atlantique, le qualifiant de r\u00e9alisation structurante majeure.<\/p>\n\n\n\n<p>Il a soulign\u00e9 que cette infrastructure d\u2019envergure ouvre des perspectives in\u00e9dites pour les pays sah\u00e9liens enclav\u00e9s, en leur offrant un acc\u00e8s direct et comp\u00e9titif \u00e0 la fa\u00e7ade atlantique.<\/p>\n\n\n\n<p>M. Satigui Sidib\u00e9 qui est \u00e9galement pr\u00e9sident de l\u2019Initiative Sah\u00e9lienne de Recherche et d\u2019Analyse pour la Transformation du Conflit (TIRAC-SAHEL), a soulign\u00e9 que Dakhla dispose d\u2019universit\u00e9s techniques et d\u2019\u00e9coles de commerce dot\u00e9es de capacit\u00e9s importantes, accueillant d\u00e9j\u00e0 des \u00e9tudiants issus de plusieurs nationalit\u00e9s africaines.<\/p>\n\n\n\n<p>Pour sa part, le sp\u00e9cialiste des affaires politiques, de l\u2019information statistique, de la gestion de crise, de l\u2019imagerie satellitaire et de la gestion de projets d\u2019innovation, Pedro Diaz de la Vega Garcia, s\u2019est dit impressionn\u00e9 par le futur port de Dakhla Atlantique et par la qualit\u00e9 de ses installations.<\/p>\n\n\n\n<p>Par ailleurs, il a salu\u00e9 la qualit\u00e9 des formations propos\u00e9es par les diff\u00e9rents \u00e9tablissements sup\u00e9rieurs de la r\u00e9gion.<\/p>\n\n\n\n<p>Selon lui, cet \u00e9lan de d\u00e9veloppement que connaissent les provinces du Sud ne b\u00e9n\u00e9ficie pas uniquement au Maroc, mais s\u2019inscrit aussi dans une perspective africaine plus large, notamment pour les jeunes g\u00e9n\u00e9rations appel\u00e9es \u00e0 jouer un r\u00f4le cl\u00e9 dans leurs pays.<\/p>\n\n\n\n<p>Au terme de ces visites, les membres de l\u2019AUSACO ont eu l\u2019occasion d\u2019\u00e9changer avec les \u00e9lus locaux, les membres du Conseil r\u00e9gional, ainsi qu\u2019avec les chioukhs de la r\u00e9gion, en particulier sur les \u00e9volutions diplomatiques qu\u2019a connues la question du Sahara marocain.<\/p>\n\n\n\n<p>La troisi\u00e8me \u00e9dition de la Policy Conference d\u2019AUSACO a \u00e9t\u00e9 marqu\u00e9e par l\u2019organisation de plusieurs panels visant \u00e0 mener une r\u00e9flexion sur les perspectives futures li\u00e9es au r\u00e8glement d\u00e9finitif de la question du Sahara marocain, \u00e0 la lumi\u00e8re de l\u2019adoption historique de la r\u00e9solution 2797 du Conseil de s\u00e9curit\u00e9 de l\u2019ONU.<\/p>\n","protected":false},"excerpt":{"rendered":"<p>Dpress Les participants \u00e0 la troisi\u00e8me \u00e9dition de la Policy Conference de la Coalition pour l\u2019Autonomie au Sahara (AUSACO) ont effectu\u00e9, jeudi, une visite au chantier du port Dakhla Atlantique. Ainsi, les membres de l\u2019AUSACO ont pris connaissance des composantes principales de ce projet d\u2019envergure, d\u2019autant plus qu\u2019ils ont pu constater de visu l\u2019\u00e9tat d\u2019avancement &hellip;<\/p>\n","protected":false},"author":2,"featured_media":29810,"comment_status":"open","ping_status":"open","sticky":false,"template":"","format":"standard","meta":{"footnotes":""},"categories":[25],"tags":[],"class_list":["post-29809","post","type-post","status-publish","format-standard","has-post-thumbnail","hentry","category-economie"],"yoast_head":"<!-- This site is optimized with the Yoast SEO plugin v27.5 - https:\/\/yoast.com\/product\/yoast-seo-wordpress\/ -->\n<title>Les participants \u00e0 la 3\u00e8me \u00e9dition de l\u2019AUSACO en visite au chantier du port Dakhla Atlantique - Dpress.ma\/fr<\/title>\n<meta name=\"robots\" content=\"index, follow, max-snippet:-1, max-image-preview:large, max-video-preview:-1\" \/>\n<link rel=\"canonical\" href=\"https:\/\/dpress.ma\/fr\/2026\/05\/02\/les-participants-a-la-3eme-edition-de-lausaco-en-visite-au-chantier-du-port-dakhla-atlantique-2\/\" \/>\n<meta property=\"og:locale\" content=\"fr_FR\" \/>\n<meta property=\"og:type\" content=\"article\" \/>\n<meta property=\"og:title\" content=\"Les participants \u00e0 la 3\u00e8me \u00e9dition de l\u2019AUSACO en visite au chantier du port Dakhla Atlantique - Dpress.ma\/fr\" \/>\n<meta property=\"og:description\" content=\"Dpress Les participants \u00e0 la troisi\u00e8me \u00e9dition de la Policy Conference de la Coalition pour l\u2019Autonomie au Sahara (AUSACO) ont effectu\u00e9, jeudi, une visite au chantier du port Dakhla Atlantique. Ainsi, les membres de l\u2019AUSACO ont pris connaissance des composantes principales de ce projet d\u2019envergure, d\u2019autant plus qu\u2019ils ont pu constater de visu l\u2019\u00e9tat d\u2019avancement &hellip;\" \/>\n<meta property=\"og:url\" content=\"https:\/\/dpress.ma\/fr\/2026\/05\/02\/les-participants-a-la-3eme-edition-de-lausaco-en-visite-au-chantier-du-port-dakhla-atlantique-2\/\" \/>\n<meta property=\"og:site_name\" content=\"Dpress.ma\/fr\" \/>\n<meta property=\"article:published_time\" content=\"2026-05-02T09:01:16+00:00\" \/>\n<meta property=\"article:modified_time\" content=\"2026-05-02T09:01:18+00:00\" \/>\n<meta property=\"og:image\" content=\"https:\/\/dpress.ma\/fr\/wp-content\/uploads\/sites\/2\/2026\/05\/23.jpg\" \/>\n\t<meta property=\"og:image:width\" content=\"2539\" \/>\n\t<meta property=\"og:image:height\" content=\"1594\" \/>\n\t<meta property=\"og:image:type\" content=\"image\/jpeg\" \/>\n<meta name=\"author\" content=\"Dpress.ma\" \/>\n<meta name=\"twitter:card\" content=\"summary_large_image\" \/>\n<meta name=\"twitter:label1\" content=\"\u00c9crit par\" \/>\n\t<meta name=\"twitter:data1\" content=\"Dpress.ma\" \/>\n\t<meta name=\"twitter:label2\" content=\"Dur\u00e9e de lecture estim\u00e9e\" \/>\n\t<meta name=\"twitter:data2\" content=\"3 minutes\" \/>\n<script type=\"application\/ld+json\" class=\"yoast-schema-graph\">{\"@context\":\"https:\\\/\\\/schema.org\",\"@graph\":[{\"@type\":\"Article\",\"@id\":\"https:\\\/\\\/dpress.ma\\\/fr\\\/2026\\\/05\\\/02\\\/les-participants-a-la-3eme-edition-de-lausaco-en-visite-au-chantier-du-port-dakhla-atlantique-2\\\/#article\",\"isPartOf\":{\"@id\":\"https:\\\/\\\/dpress.ma\\\/fr\\\/2026\\\/05\\\/02\\\/les-participants-a-la-3eme-edition-de-lausaco-en-visite-au-chantier-du-port-dakhla-atlantique-2\\\/\"},\"author\":{\"name\":\"Dpress.ma\",\"@id\":\"https:\\\/\\\/dpress.ma\\\/fr\\\/#\\\/schema\\\/person\\\/4898febf3ccd59e6578d838656a306a0\"},\"headline\":\"Les participants \u00e0 la 3\u00e8me \u00e9dition de l\u2019AUSACO en visite au chantier du port Dakhla Atlantique\",\"datePublished\":\"2026-05-02T09:01:16+00:00\",\"dateModified\":\"2026-05-02T09:01:18+00:00\",\"mainEntityOfPage\":{\"@id\":\"https:\\\/\\\/dpress.ma\\\/fr\\\/2026\\\/05\\\/02\\\/les-participants-a-la-3eme-edition-de-lausaco-en-visite-au-chantier-du-port-dakhla-atlantique-2\\\/\"},\"wordCount\":599,\"commentCount\":0,\"image\":{\"@id\":\"https:\\\/\\\/dpress.ma\\\/fr\\\/2026\\\/05\\\/02\\\/les-participants-a-la-3eme-edition-de-lausaco-en-visite-au-chantier-du-port-dakhla-atlantique-2\\\/#primaryimage\"},\"thumbnailUrl\":\"https:\\\/\\\/dpress.ma\\\/fr\\\/wp-content\\\/uploads\\\/sites\\\/2\\\/2026\\\/05\\\/23.jpg\",\"articleSection\":[\"\u00c9conomie\"],\"inLanguage\":\"fr-FR\",\"potentialAction\":[{\"@type\":\"CommentAction\",\"name\":\"Comment\",\"target\":[\"https:\\\/\\\/dpress.ma\\\/fr\\\/2026\\\/05\\\/02\\\/les-participants-a-la-3eme-edition-de-lausaco-en-visite-au-chantier-du-port-dakhla-atlantique-2\\\/#respond\"]}]},{\"@type\":\"WebPage\",\"@id\":\"https:\\\/\\\/dpress.ma\\\/fr\\\/2026\\\/05\\\/02\\\/les-participants-a-la-3eme-edition-de-lausaco-en-visite-au-chantier-du-port-dakhla-atlantique-2\\\/\",\"url\":\"https:\\\/\\\/dpress.ma\\\/fr\\\/2026\\\/05\\\/02\\\/les-participants-a-la-3eme-edition-de-lausaco-en-visite-au-chantier-du-port-dakhla-atlantique-2\\\/\",\"name\":\"Les participants \u00e0 la 3\u00e8me \u00e9dition de l\u2019AUSACO en visite au chantier du port Dakhla Atlantique - Dpress.ma\\\/fr\",\"isPartOf\":{\"@id\":\"https:\\\/\\\/dpress.ma\\\/fr\\\/#website\"},\"primaryImageOfPage\":{\"@id\":\"https:\\\/\\\/dpress.ma\\\/fr\\\/2026\\\/05\\\/02\\\/les-participants-a-la-3eme-edition-de-lausaco-en-visite-au-chantier-du-port-dakhla-atlantique-2\\\/#primaryimage\"},\"image\":{\"@id\":\"https:\\\/\\\/dpress.ma\\\/fr\\\/2026\\\/05\\\/02\\\/les-participants-a-la-3eme-edition-de-lausaco-en-visite-au-chantier-du-port-dakhla-atlantique-2\\\/#primaryimage\"},\"thumbnailUrl\":\"https:\\\/\\\/dpress.ma\\\/fr\\\/wp-content\\\/uploads\\\/sites\\\/2\\\/2026\\\/05\\\/23.jpg\",\"datePublished\":\"2026-05-02T09:01:16+00:00\",\"dateModified\":\"2026-05-02T09:01:18+00:00\",\"author\":{\"@id\":\"https:\\\/\\\/dpress.ma\\\/fr\\\/#\\\/schema\\\/person\\\/4898febf3ccd59e6578d838656a306a0\"},\"breadcrumb\":{\"@id\":\"https:\\\/\\\/dpress.ma\\\/fr\\\/2026\\\/05\\\/02\\\/les-participants-a-la-3eme-edition-de-lausaco-en-visite-au-chantier-du-port-dakhla-atlantique-2\\\/#breadcrumb\"},\"inLanguage\":\"fr-FR\",\"potentialAction\":[{\"@type\":\"ReadAction\",\"target\":[\"https:\\\/\\\/dpress.ma\\\/fr\\\/2026\\\/05\\\/02\\\/les-participants-a-la-3eme-edition-de-lausaco-en-visite-au-chantier-du-port-dakhla-atlantique-2\\\/\"]}]},{\"@type\":\"ImageObject\",\"inLanguage\":\"fr-FR\",\"@id\":\"https:\\\/\\\/dpress.ma\\\/fr\\\/2026\\\/05\\\/02\\\/les-participants-a-la-3eme-edition-de-lausaco-en-visite-au-chantier-du-port-dakhla-atlantique-2\\\/#primaryimage\",\"url\":\"https:\\\/\\\/dpress.ma\\\/fr\\\/wp-content\\\/uploads\\\/sites\\\/2\\\/2026\\\/05\\\/23.jpg\",\"contentUrl\":\"https:\\\/\\\/dpress.ma\\\/fr\\\/wp-content\\\/uploads\\\/sites\\\/2\\\/2026\\\/05\\\/23.jpg\",\"width\":2539,\"height\":1594},{\"@type\":\"BreadcrumbList\",\"@id\":\"https:\\\/\\\/dpress.ma\\\/fr\\\/2026\\\/05\\\/02\\\/les-participants-a-la-3eme-edition-de-lausaco-en-visite-au-chantier-du-port-dakhla-atlantique-2\\\/#breadcrumb\",\"itemListElement\":[{\"@type\":\"ListItem\",\"position\":1,\"name\":\"Home\",\"item\":\"https:\\\/\\\/dpress.ma\\\/fr\\\/\"},{\"@type\":\"ListItem\",\"position\":2,\"name\":\"Les participants \u00e0 la 3\u00e8me \u00e9dition de l\u2019AUSACO en visite au chantier du port Dakhla Atlantique\"}]},{\"@type\":\"WebSite\",\"@id\":\"https:\\\/\\\/dpress.ma\\\/fr\\\/#website\",\"url\":\"https:\\\/\\\/dpress.ma\\\/fr\\\/\",\"name\":\"Dpress.ma\\\/fr\",\"description\":\"\",\"potentialAction\":[{\"@type\":\"SearchAction\",\"target\":{\"@type\":\"EntryPoint\",\"urlTemplate\":\"https:\\\/\\\/dpress.ma\\\/fr\\\/?s={search_term_string}\"},\"query-input\":{\"@type\":\"PropertyValueSpecification\",\"valueRequired\":true,\"valueName\":\"search_term_string\"}}],\"inLanguage\":\"fr-FR\"},{\"@type\":\"Person\",\"@id\":\"https:\\\/\\\/dpress.ma\\\/fr\\\/#\\\/schema\\\/person\\\/4898febf3ccd59e6578d838656a306a0\",\"name\":\"Dpress.ma\",\"image\":{\"@type\":\"ImageObject\",\"inLanguage\":\"fr-FR\",\"@id\":\"https:\\\/\\\/secure.gravatar.com\\\/avatar\\\/72ecc30e9db047a2e0e7176561eb9d564ed77c8108376495b19bd8336405198a?s=96&d=mm&r=g\",\"url\":\"https:\\\/\\\/secure.gravatar.com\\\/avatar\\\/72ecc30e9db047a2e0e7176561eb9d564ed77c8108376495b19bd8336405198a?s=96&d=mm&r=g\",\"contentUrl\":\"https:\\\/\\\/secure.gravatar.com\\\/avatar\\\/72ecc30e9db047a2e0e7176561eb9d564ed77c8108376495b19bd8336405198a?s=96&d=mm&r=g\",\"caption\":\"Dpress.ma\"},\"sameAs\":[\"https:\\\/\\\/www.dpress.ma\"],\"url\":\"https:\\\/\\\/dpress.ma\\\/fr\\\/author\\\/dpress-ma\\\/\"}]}<\/script>\n<!-- \/ Yoast SEO plugin. -->","yoast_head_json":{"title":"Les participants \u00e0 la 3\u00e8me \u00e9dition de l\u2019AUSACO en visite au chantier du port Dakhla Atlantique - Dpress.ma\/fr","robots":{"index":"index","follow":"follow","max-snippet":"max-snippet:-1","max-image-preview":"max-image-preview:large","max-video-preview":"max-video-preview:-1"},"canonical":"https:\/\/dpress.ma\/fr\/2026\/05\/02\/les-participants-a-la-3eme-edition-de-lausaco-en-visite-au-chantier-du-port-dakhla-atlantique-2\/","og_locale":"fr_FR","og_type":"article","og_title":"Les participants \u00e0 la 3\u00e8me \u00e9dition de l\u2019AUSACO en visite au chantier du port Dakhla Atlantique - Dpress.ma\/fr","og_description":"Dpress Les participants \u00e0 la troisi\u00e8me \u00e9dition de la Policy Conference de la Coalition pour l\u2019Autonomie au Sahara (AUSACO) ont effectu\u00e9, jeudi, une visite au chantier du port Dakhla Atlantique. Ainsi, les membres de l\u2019AUSACO ont pris connaissance des composantes principales de ce projet d\u2019envergure, d\u2019autant plus qu\u2019ils ont pu constater de visu l\u2019\u00e9tat d\u2019avancement &hellip;","og_url":"https:\/\/dpress.ma\/fr\/2026\/05\/02\/les-participants-a-la-3eme-edition-de-lausaco-en-visite-au-chantier-du-port-dakhla-atlantique-2\/","og_site_name":"Dpress.ma\/fr","article_published_time":"2026-05-02T09:01:16+00:00","article_modified_time":"2026-05-02T09:01:18+00:00","og_image":[{"width":2539,"height":1594,"url":"https:\/\/dpress.ma\/fr\/wp-content\/uploads\/sites\/2\/2026\/05\/23.jpg","type":"image\/jpeg"}],"author":"Dpress.ma","twitter_card":"summary_large_image","twitter_misc":{"\u00c9crit par":"Dpress.ma","Dur\u00e9e de lecture estim\u00e9e":"3 minutes"},"schema":{"@context":"https:\/\/schema.org","@graph":[{"@type":"Article","@id":"https:\/\/dpress.ma\/fr\/2026\/05\/02\/les-participants-a-la-3eme-edition-de-lausaco-en-visite-au-chantier-du-port-dakhla-atlantique-2\/#article","isPartOf":{"@id":"https:\/\/dpress.ma\/fr\/2026\/05\/02\/les-participants-a-la-3eme-edition-de-lausaco-en-visite-au-chantier-du-port-dakhla-atlantique-2\/"},"author":{"name":"Dpress.ma","@id":"https:\/\/dpress.ma\/fr\/#\/schema\/person\/4898febf3ccd59e6578d838656a306a0"},"headline":"Les participants \u00e0 la 3\u00e8me \u00e9dition de l\u2019AUSACO en visite au chantier du port Dakhla Atlantique","datePublished":"2026-05-02T09:01:16+00:00","dateModified":"2026-05-02T09:01:18+00:00","mainEntityOfPage":{"@id":"https:\/\/dpress.ma\/fr\/2026\/05\/02\/les-participants-a-la-3eme-edition-de-lausaco-en-visite-au-chantier-du-port-dakhla-atlantique-2\/"},"wordCount":599,"commentCount":0,"image":{"@id":"https:\/\/dpress.ma\/fr\/2026\/05\/02\/les-participants-a-la-3eme-edition-de-lausaco-en-visite-au-chantier-du-port-dakhla-atlantique-2\/#primaryimage"},"thumbnailUrl":"https:\/\/dpress.ma\/fr\/wp-content\/uploads\/sites\/2\/2026\/05\/23.jpg","articleSection":["\u00c9conomie"],"inLanguage":"fr-FR","potentialAction":[{"@type":"CommentAction","name":"Comment","target":["https:\/\/dpress.ma\/fr\/2026\/05\/02\/les-participants-a-la-3eme-edition-de-lausaco-en-visite-au-chantier-du-port-dakhla-atlantique-2\/#respond"]}]},{"@type":"WebPage","@id":"https:\/\/dpress.ma\/fr\/2026\/05\/02\/les-participants-a-la-3eme-edition-de-lausaco-en-visite-au-chantier-du-port-dakhla-atlantique-2\/","url":"https:\/\/dpress.ma\/fr\/2026\/05\/02\/les-participants-a-la-3eme-edition-de-lausaco-en-visite-au-chantier-du-port-dakhla-atlantique-2\/","name":"Les participants \u00e0 la 3\u00e8me \u00e9dition de l\u2019AUSACO en visite au chantier du port Dakhla Atlantique - Dpress.ma\/fr","isPartOf":{"@id":"https:\/\/dpress.ma\/fr\/#website"},"primaryImageOfPage":{"@id":"https:\/\/dpress.ma\/fr\/2026\/05\/02\/les-participants-a-la-3eme-edition-de-lausaco-en-visite-au-chantier-du-port-dakhla-atlantique-2\/#primaryimage"},"image":{"@id":"https:\/\/dpress.ma\/fr\/2026\/05\/02\/les-participants-a-la-3eme-edition-de-lausaco-en-visite-au-chantier-du-port-dakhla-atlantique-2\/#primaryimage"},"thumbnailUrl":"https:\/\/dpress.ma\/fr\/wp-content\/uploads\/sites\/2\/2026\/05\/23.jpg","datePublished":"2026-05-02T09:01:16+00:00","dateModified":"2026-05-02T09:01:18+00:00","author":{"@id":"https:\/\/dpress.ma\/fr\/#\/schema\/person\/4898febf3ccd59e6578d838656a306a0"},"breadcrumb":{"@id":"https:\/\/dpress.ma\/fr\/2026\/05\/02\/les-participants-a-la-3eme-edition-de-lausaco-en-visite-au-chantier-du-port-dakhla-atlantique-2\/#breadcrumb"},"inLanguage":"fr-FR","potentialAction":[{"@type":"ReadAction","target":["https:\/\/dpress.ma\/fr\/2026\/05\/02\/les-participants-a-la-3eme-edition-de-lausaco-en-visite-au-chantier-du-port-dakhla-atlantique-2\/"]}]},{"@type":"ImageObject","inLanguage":"fr-FR","@id":"https:\/\/dpress.ma\/fr\/2026\/05\/02\/les-participants-a-la-3eme-edition-de-lausaco-en-visite-au-chantier-du-port-dakhla-atlantique-2\/#primaryimage","url":"https:\/\/dpress.ma\/fr\/wp-content\/uploads\/sites\/2\/2026\/05\/23.jpg","contentUrl":"https:\/\/dpress.ma\/fr\/wp-content\/uploads\/sites\/2\/2026\/05\/23.jpg","width":2539,"height":1594},{"@type":"BreadcrumbList","@id":"https:\/\/dpress.ma\/fr\/2026\/05\/02\/les-participants-a-la-3eme-edition-de-lausaco-en-visite-au-chantier-du-port-dakhla-atlantique-2\/#breadcrumb","itemListElement":[{"@type":"ListItem","position":1,"name":"Home","item":"https:\/\/dpress.ma\/fr\/"},{"@type":"ListItem","position":2,"name":"Les participants \u00e0 la 3\u00e8me \u00e9dition de l\u2019AUSACO en visite au chantier du port Dakhla Atlantique"}]},{"@type":"WebSite","@id":"https:\/\/dpress.ma\/fr\/#website","url":"https:\/\/dpress.ma\/fr\/","name":"Dpress.ma\/fr","description":"","potentialAction":[{"@type":"SearchAction","target":{"@type":"EntryPoint","urlTemplate":"https:\/\/dpress.ma\/fr\/?s={search_term_string}"},"query-input":{"@type":"PropertyValueSpecification","valueRequired":true,"valueName":"search_term_string"}}],"inLanguage":"fr-FR"},{"@type":"Person","@id":"https:\/\/dpress.ma\/fr\/#\/schema\/person\/4898febf3ccd59e6578d838656a306a0","name":"Dpress.ma","image":{"@type":"ImageObject","inLanguage":"fr-FR","@id":"https:\/\/secure.gravatar.com\/avatar\/72ecc30e9db047a2e0e7176561eb9d564ed77c8108376495b19bd8336405198a?s=96&d=mm&r=g","url":"https:\/\/secure.gravatar.com\/avatar\/72ecc30e9db047a2e0e7176561eb9d564ed77c8108376495b19bd8336405198a?s=96&d=mm&r=g","contentUrl":"https:\/\/secure.gravatar.com\/avatar\/72ecc30e9db047a2e0e7176561eb9d564ed77c8108376495b19bd8336405198a?s=96&d=mm&r=g","caption":"Dpress.ma"},"sameAs":["https:\/\/www.dpress.ma"],"url":"https:\/\/dpress.ma\/fr\/author\/dpress-ma\/"}]}},"amp_enabled":true,"_links":{"self":[{"href":"https:\/\/dpress.ma\/fr\/wp-json\/wp\/v2\/posts\/29809","targetHints":{"allow":["GET"]}}],"collection":[{"href":"https:\/\/dpress.ma\/fr\/wp-json\/wp\/v2\/posts"}],"about":[{"href":"https:\/\/dpress.ma\/fr\/wp-json\/wp\/v2\/types\/post"}],"author":[{"embeddable":true,"href":"https:\/\/dpress.ma\/fr\/wp-json\/wp\/v2\/users\/2"}],"replies":[{"embeddable":true,"href":"https:\/\/dpress.ma\/fr\/wp-json\/wp\/v2\/comments?post=29809"}],"version-history":[{"count":1,"href":"https:\/\/dpress.ma\/fr\/wp-json\/wp\/v2\/posts\/29809\/revisions"}],"predecessor-version":[{"id":29811,"href":"https:\/\/dpress.ma\/fr\/wp-json\/wp\/v2\/posts\/29809\/revisions\/29811"}],"wp:featuredmedia":[{"embeddable":true,"href":"https:\/\/dpress.ma\/fr\/wp-json\/wp\/v2\/media\/29810"}],"wp:attachment":[{"href":"https:\/\/dpress.ma\/fr\/wp-json\/wp\/v2\/media?parent=29809"}],"wp:term":[{"taxonomy":"category","embeddable":true,"href":"https:\/\/dpress.ma\/fr\/wp-json\/wp\/v2\/categories?post=29809"},{"taxonomy":"post_tag","embeddable":true,"href":"https:\/\/dpress.ma\/fr\/wp-json\/wp\/v2\/tags?post=29809"}],"curies":[{"name":"wp","href":"https:\/\/api.w.org\/{rel}","templated":true}]}}