{"id":29804,"date":"2026-05-02T08:58:46","date_gmt":"2026-05-02T08:58:46","guid":{"rendered":"https:\/\/dpress.ma\/fr\/?p=29804"},"modified":"2026-05-02T08:58:47","modified_gmt":"2026-05-02T08:58:47","slug":"linspecteur-general-des-far-sentretient-avec-le-secretaire-a-larmee-de-terre-des-etats-unis","status":"publish","type":"post","link":"https:\/\/dpress.ma\/fr\/2026\/05\/02\/linspecteur-general-des-far-sentretient-avec-le-secretaire-a-larmee-de-terre-des-etats-unis\/","title":{"rendered":"L\u2019Inspecteur G\u00e9n\u00e9ral des FAR s\u2019entretient avec le Secr\u00e9taire \u00e0 l\u2019arm\u00e9e de terre des Etats-Unis"},"content":{"rendered":"\n<p>Dpress<\/p>\n\n\n\n<p>Sur Hautes Instructions de Sa Majest\u00e9 le Roi, Chef supr\u00eame et Chef d\u2019Etat-Major G\u00e9n\u00e9ral des Forces Arm\u00e9es Royales, et \u00e0 l\u2019occasion de la 22\u00b0 \u00e9dition de l\u2019exercice African Lion, le G\u00e9n\u00e9ral de Corps d\u2019Arm\u00e9e, Inspecteur G\u00e9n\u00e9ral des FAR et Commandant la Zone Sud, s\u2019est entretenu, vendredi au si\u00e8ge de l\u2019Etat-Major de la Zone Sud, avec M. Daniel Driscoll, Secr\u00e9taire \u00e0 l\u2019arm\u00e9e de terre des Etats-Unis, en visite de travail au Royaume.<\/p>\n\n\n\n<p>Les entretiens entre l\u2019Inspecteur G\u00e9n\u00e9ral des FAR et le Secr\u00e9taire \u00e0 l\u2019arm\u00e9e de terre des Etats-Unis ont port\u00e9 sur les diff\u00e9rents volets de la coop\u00e9ration militaire bilat\u00e9rale qui s\u2019inscrit dans une dynamique d\u2019am\u00e9lioration continue d\u2019ann\u00e9e en ann\u00e9e, indique un communiqu\u00e9 de l\u2019Etat-Major G\u00e9n\u00e9ral des FAR.<\/p>\n\n\n\n<p>Les deux responsables ont salu\u00e9 l\u2019excellence des relations entre les Forces Arm\u00e9es Royales et les Forces Arm\u00e9es Am\u00e9ricaines illustr\u00e9es par un dialogue strat\u00e9gique r\u00e9gulier et des activit\u00e9s de coop\u00e9ration intenses et r\u00e9guli\u00e8res, \u00e0 l\u2019instar de l\u2019exercice \u00ab African Lion \u00bb, dont l\u2019\u00e9dition 2026 co\u00efncide cette ann\u00e9e avec le 250\u00e8me anniversaire de l\u2019ind\u00e9pendance des Etats-Unis.<\/p>\n\n\n\n<p>A l\u2019issue des entretiens, les deux responsables se sont rendus au Centre Op\u00e9rationnel Multinational Interarm\u00e9es (CJTF), pour s\u2019enqu\u00e9rir du d\u00e9roulement des entrainements et \u00e9galement des technologies \u00e9mergentes adopt\u00e9es durant cette \u00e9dition d\u2019African Lion.<\/p>\n","protected":false},"excerpt":{"rendered":"<p>Dpress Sur Hautes Instructions de Sa Majest\u00e9 le Roi, Chef supr\u00eame et Chef d\u2019Etat-Major G\u00e9n\u00e9ral des Forces Arm\u00e9es Royales, et \u00e0 l\u2019occasion de la 22\u00b0 \u00e9dition de l\u2019exercice African Lion, le G\u00e9n\u00e9ral de Corps d\u2019Arm\u00e9e, Inspecteur G\u00e9n\u00e9ral des FAR et Commandant la Zone Sud, s\u2019est entretenu, vendredi au si\u00e8ge de l\u2019Etat-Major de la Zone Sud, &hellip;<\/p>\n","protected":false},"author":2,"featured_media":29805,"comment_status":"open","ping_status":"open","sticky":false,"template":"","format":"standard","meta":{"footnotes":""},"categories":[33],"tags":[],"class_list":["post-29804","post","type-post","status-publish","format-standard","has-post-thumbnail","hentry","category-diplomatie-parallele"],"yoast_head":"<!-- This site is optimized with the Yoast SEO plugin v27.5 - https:\/\/yoast.com\/product\/yoast-seo-wordpress\/ -->\n<title>L\u2019Inspecteur G\u00e9n\u00e9ral des FAR s\u2019entretient avec le Secr\u00e9taire \u00e0 l\u2019arm\u00e9e de terre des Etats-Unis - Dpress.ma\/fr<\/title>\n<meta name=\"robots\" content=\"index, follow, max-snippet:-1, max-image-preview:large, max-video-preview:-1\" \/>\n<link rel=\"canonical\" href=\"https:\/\/dpress.ma\/fr\/2026\/05\/02\/linspecteur-general-des-far-sentretient-avec-le-secretaire-a-larmee-de-terre-des-etats-unis\/\" \/>\n<meta property=\"og:locale\" content=\"fr_FR\" \/>\n<meta property=\"og:type\" content=\"article\" \/>\n<meta property=\"og:title\" content=\"L\u2019Inspecteur G\u00e9n\u00e9ral des FAR s\u2019entretient avec le Secr\u00e9taire \u00e0 l\u2019arm\u00e9e de terre des Etats-Unis - Dpress.ma\/fr\" \/>\n<meta property=\"og:description\" content=\"Dpress Sur Hautes Instructions de Sa Majest\u00e9 le Roi, Chef supr\u00eame et Chef d\u2019Etat-Major G\u00e9n\u00e9ral des Forces Arm\u00e9es Royales, et \u00e0 l\u2019occasion de la 22\u00b0 \u00e9dition de l\u2019exercice African Lion, le G\u00e9n\u00e9ral de Corps d\u2019Arm\u00e9e, Inspecteur G\u00e9n\u00e9ral des FAR et Commandant la Zone Sud, s\u2019est entretenu, vendredi au si\u00e8ge de l\u2019Etat-Major de la Zone Sud, &hellip;\" \/>\n<meta property=\"og:url\" content=\"https:\/\/dpress.ma\/fr\/2026\/05\/02\/linspecteur-general-des-far-sentretient-avec-le-secretaire-a-larmee-de-terre-des-etats-unis\/\" \/>\n<meta property=\"og:site_name\" content=\"Dpress.ma\/fr\" \/>\n<meta property=\"article:published_time\" content=\"2026-05-02T08:58:46+00:00\" \/>\n<meta property=\"article:modified_time\" content=\"2026-05-02T08:58:47+00:00\" \/>\n<meta property=\"og:image\" content=\"https:\/\/dpress.ma\/fr\/wp-content\/uploads\/sites\/2\/2026\/05\/22.jpg\" \/>\n\t<meta property=\"og:image:width\" content=\"2539\" \/>\n\t<meta property=\"og:image:height\" content=\"1594\" \/>\n\t<meta property=\"og:image:type\" content=\"image\/jpeg\" \/>\n<meta name=\"author\" content=\"Dpress.ma\" \/>\n<meta name=\"twitter:card\" content=\"summary_large_image\" \/>\n<meta name=\"twitter:label1\" content=\"\u00c9crit par\" \/>\n\t<meta name=\"twitter:data1\" content=\"Dpress.ma\" \/>\n\t<meta name=\"twitter:label2\" content=\"Dur\u00e9e de lecture estim\u00e9e\" \/>\n\t<meta name=\"twitter:data2\" content=\"2 minutes\" \/>\n<script type=\"application\/ld+json\" class=\"yoast-schema-graph\">{\"@context\":\"https:\\\/\\\/schema.org\",\"@graph\":[{\"@type\":\"Article\",\"@id\":\"https:\\\/\\\/dpress.ma\\\/fr\\\/2026\\\/05\\\/02\\\/linspecteur-general-des-far-sentretient-avec-le-secretaire-a-larmee-de-terre-des-etats-unis\\\/#article\",\"isPartOf\":{\"@id\":\"https:\\\/\\\/dpress.ma\\\/fr\\\/2026\\\/05\\\/02\\\/linspecteur-general-des-far-sentretient-avec-le-secretaire-a-larmee-de-terre-des-etats-unis\\\/\"},\"author\":{\"name\":\"Dpress.ma\",\"@id\":\"https:\\\/\\\/dpress.ma\\\/fr\\\/#\\\/schema\\\/person\\\/4898febf3ccd59e6578d838656a306a0\"},\"headline\":\"L\u2019Inspecteur G\u00e9n\u00e9ral des FAR s\u2019entretient avec le Secr\u00e9taire \u00e0 l\u2019arm\u00e9e de terre des Etats-Unis\",\"datePublished\":\"2026-05-02T08:58:46+00:00\",\"dateModified\":\"2026-05-02T08:58:47+00:00\",\"mainEntityOfPage\":{\"@id\":\"https:\\\/\\\/dpress.ma\\\/fr\\\/2026\\\/05\\\/02\\\/linspecteur-general-des-far-sentretient-avec-le-secretaire-a-larmee-de-terre-des-etats-unis\\\/\"},\"wordCount\":279,\"commentCount\":0,\"image\":{\"@id\":\"https:\\\/\\\/dpress.ma\\\/fr\\\/2026\\\/05\\\/02\\\/linspecteur-general-des-far-sentretient-avec-le-secretaire-a-larmee-de-terre-des-etats-unis\\\/#primaryimage\"},\"thumbnailUrl\":\"https:\\\/\\\/dpress.ma\\\/fr\\\/wp-content\\\/uploads\\\/sites\\\/2\\\/2026\\\/05\\\/22.jpg\",\"articleSection\":[\"Diplomatie Parall\u00e8le\"],\"inLanguage\":\"fr-FR\",\"potentialAction\":[{\"@type\":\"CommentAction\",\"name\":\"Comment\",\"target\":[\"https:\\\/\\\/dpress.ma\\\/fr\\\/2026\\\/05\\\/02\\\/linspecteur-general-des-far-sentretient-avec-le-secretaire-a-larmee-de-terre-des-etats-unis\\\/#respond\"]}]},{\"@type\":\"WebPage\",\"@id\":\"https:\\\/\\\/dpress.ma\\\/fr\\\/2026\\\/05\\\/02\\\/linspecteur-general-des-far-sentretient-avec-le-secretaire-a-larmee-de-terre-des-etats-unis\\\/\",\"url\":\"https:\\\/\\\/dpress.ma\\\/fr\\\/2026\\\/05\\\/02\\\/linspecteur-general-des-far-sentretient-avec-le-secretaire-a-larmee-de-terre-des-etats-unis\\\/\",\"name\":\"L\u2019Inspecteur G\u00e9n\u00e9ral des FAR s\u2019entretient avec le Secr\u00e9taire \u00e0 l\u2019arm\u00e9e de terre des Etats-Unis - Dpress.ma\\\/fr\",\"isPartOf\":{\"@id\":\"https:\\\/\\\/dpress.ma\\\/fr\\\/#website\"},\"primaryImageOfPage\":{\"@id\":\"https:\\\/\\\/dpress.ma\\\/fr\\\/2026\\\/05\\\/02\\\/linspecteur-general-des-far-sentretient-avec-le-secretaire-a-larmee-de-terre-des-etats-unis\\\/#primaryimage\"},\"image\":{\"@id\":\"https:\\\/\\\/dpress.ma\\\/fr\\\/2026\\\/05\\\/02\\\/linspecteur-general-des-far-sentretient-avec-le-secretaire-a-larmee-de-terre-des-etats-unis\\\/#primaryimage\"},\"thumbnailUrl\":\"https:\\\/\\\/dpress.ma\\\/fr\\\/wp-content\\\/uploads\\\/sites\\\/2\\\/2026\\\/05\\\/22.jpg\",\"datePublished\":\"2026-05-02T08:58:46+00:00\",\"dateModified\":\"2026-05-02T08:58:47+00:00\",\"author\":{\"@id\":\"https:\\\/\\\/dpress.ma\\\/fr\\\/#\\\/schema\\\/person\\\/4898febf3ccd59e6578d838656a306a0\"},\"breadcrumb\":{\"@id\":\"https:\\\/\\\/dpress.ma\\\/fr\\\/2026\\\/05\\\/02\\\/linspecteur-general-des-far-sentretient-avec-le-secretaire-a-larmee-de-terre-des-etats-unis\\\/#breadcrumb\"},\"inLanguage\":\"fr-FR\",\"potentialAction\":[{\"@type\":\"ReadAction\",\"target\":[\"https:\\\/\\\/dpress.ma\\\/fr\\\/2026\\\/05\\\/02\\\/linspecteur-general-des-far-sentretient-avec-le-secretaire-a-larmee-de-terre-des-etats-unis\\\/\"]}]},{\"@type\":\"ImageObject\",\"inLanguage\":\"fr-FR\",\"@id\":\"https:\\\/\\\/dpress.ma\\\/fr\\\/2026\\\/05\\\/02\\\/linspecteur-general-des-far-sentretient-avec-le-secretaire-a-larmee-de-terre-des-etats-unis\\\/#primaryimage\",\"url\":\"https:\\\/\\\/dpress.ma\\\/fr\\\/wp-content\\\/uploads\\\/sites\\\/2\\\/2026\\\/05\\\/22.jpg\",\"contentUrl\":\"https:\\\/\\\/dpress.ma\\\/fr\\\/wp-content\\\/uploads\\\/sites\\\/2\\\/2026\\\/05\\\/22.jpg\",\"width\":2539,\"height\":1594},{\"@type\":\"BreadcrumbList\",\"@id\":\"https:\\\/\\\/dpress.ma\\\/fr\\\/2026\\\/05\\\/02\\\/linspecteur-general-des-far-sentretient-avec-le-secretaire-a-larmee-de-terre-des-etats-unis\\\/#breadcrumb\",\"itemListElement\":[{\"@type\":\"ListItem\",\"position\":1,\"name\":\"Home\",\"item\":\"https:\\\/\\\/dpress.ma\\\/fr\\\/\"},{\"@type\":\"ListItem\",\"position\":2,\"name\":\"L\u2019Inspecteur G\u00e9n\u00e9ral des FAR s\u2019entretient avec le Secr\u00e9taire \u00e0 l\u2019arm\u00e9e de terre des Etats-Unis\"}]},{\"@type\":\"WebSite\",\"@id\":\"https:\\\/\\\/dpress.ma\\\/fr\\\/#website\",\"url\":\"https:\\\/\\\/dpress.ma\\\/fr\\\/\",\"name\":\"Dpress.ma\\\/fr\",\"description\":\"\",\"potentialAction\":[{\"@type\":\"SearchAction\",\"target\":{\"@type\":\"EntryPoint\",\"urlTemplate\":\"https:\\\/\\\/dpress.ma\\\/fr\\\/?s={search_term_string}\"},\"query-input\":{\"@type\":\"PropertyValueSpecification\",\"valueRequired\":true,\"valueName\":\"search_term_string\"}}],\"inLanguage\":\"fr-FR\"},{\"@type\":\"Person\",\"@id\":\"https:\\\/\\\/dpress.ma\\\/fr\\\/#\\\/schema\\\/person\\\/4898febf3ccd59e6578d838656a306a0\",\"name\":\"Dpress.ma\",\"image\":{\"@type\":\"ImageObject\",\"inLanguage\":\"fr-FR\",\"@id\":\"https:\\\/\\\/secure.gravatar.com\\\/avatar\\\/72ecc30e9db047a2e0e7176561eb9d564ed77c8108376495b19bd8336405198a?s=96&d=mm&r=g\",\"url\":\"https:\\\/\\\/secure.gravatar.com\\\/avatar\\\/72ecc30e9db047a2e0e7176561eb9d564ed77c8108376495b19bd8336405198a?s=96&d=mm&r=g\",\"contentUrl\":\"https:\\\/\\\/secure.gravatar.com\\\/avatar\\\/72ecc30e9db047a2e0e7176561eb9d564ed77c8108376495b19bd8336405198a?s=96&d=mm&r=g\",\"caption\":\"Dpress.ma\"},\"sameAs\":[\"https:\\\/\\\/www.dpress.ma\"],\"url\":\"https:\\\/\\\/dpress.ma\\\/fr\\\/author\\\/dpress-ma\\\/\"}]}<\/script>\n<!-- \/ Yoast SEO plugin. -->","yoast_head_json":{"title":"L\u2019Inspecteur G\u00e9n\u00e9ral des FAR s\u2019entretient avec le Secr\u00e9taire \u00e0 l\u2019arm\u00e9e de terre des Etats-Unis - Dpress.ma\/fr","robots":{"index":"index","follow":"follow","max-snippet":"max-snippet:-1","max-image-preview":"max-image-preview:large","max-video-preview":"max-video-preview:-1"},"canonical":"https:\/\/dpress.ma\/fr\/2026\/05\/02\/linspecteur-general-des-far-sentretient-avec-le-secretaire-a-larmee-de-terre-des-etats-unis\/","og_locale":"fr_FR","og_type":"article","og_title":"L\u2019Inspecteur G\u00e9n\u00e9ral des FAR s\u2019entretient avec le Secr\u00e9taire \u00e0 l\u2019arm\u00e9e de terre des Etats-Unis - Dpress.ma\/fr","og_description":"Dpress Sur Hautes Instructions de Sa Majest\u00e9 le Roi, Chef supr\u00eame et Chef d\u2019Etat-Major G\u00e9n\u00e9ral des Forces Arm\u00e9es Royales, et \u00e0 l\u2019occasion de la 22\u00b0 \u00e9dition de l\u2019exercice African Lion, le G\u00e9n\u00e9ral de Corps d\u2019Arm\u00e9e, Inspecteur G\u00e9n\u00e9ral des FAR et Commandant la Zone Sud, s\u2019est entretenu, vendredi au si\u00e8ge de l\u2019Etat-Major de la Zone Sud, &hellip;","og_url":"https:\/\/dpress.ma\/fr\/2026\/05\/02\/linspecteur-general-des-far-sentretient-avec-le-secretaire-a-larmee-de-terre-des-etats-unis\/","og_site_name":"Dpress.ma\/fr","article_published_time":"2026-05-02T08:58:46+00:00","article_modified_time":"2026-05-02T08:58:47+00:00","og_image":[{"width":2539,"height":1594,"url":"https:\/\/dpress.ma\/fr\/wp-content\/uploads\/sites\/2\/2026\/05\/22.jpg","type":"image\/jpeg"}],"author":"Dpress.ma","twitter_card":"summary_large_image","twitter_misc":{"\u00c9crit par":"Dpress.ma","Dur\u00e9e de lecture estim\u00e9e":"2 minutes"},"schema":{"@context":"https:\/\/schema.org","@graph":[{"@type":"Article","@id":"https:\/\/dpress.ma\/fr\/2026\/05\/02\/linspecteur-general-des-far-sentretient-avec-le-secretaire-a-larmee-de-terre-des-etats-unis\/#article","isPartOf":{"@id":"https:\/\/dpress.ma\/fr\/2026\/05\/02\/linspecteur-general-des-far-sentretient-avec-le-secretaire-a-larmee-de-terre-des-etats-unis\/"},"author":{"name":"Dpress.ma","@id":"https:\/\/dpress.ma\/fr\/#\/schema\/person\/4898febf3ccd59e6578d838656a306a0"},"headline":"L\u2019Inspecteur G\u00e9n\u00e9ral des FAR s\u2019entretient avec le Secr\u00e9taire \u00e0 l\u2019arm\u00e9e de terre des Etats-Unis","datePublished":"2026-05-02T08:58:46+00:00","dateModified":"2026-05-02T08:58:47+00:00","mainEntityOfPage":{"@id":"https:\/\/dpress.ma\/fr\/2026\/05\/02\/linspecteur-general-des-far-sentretient-avec-le-secretaire-a-larmee-de-terre-des-etats-unis\/"},"wordCount":279,"commentCount":0,"image":{"@id":"https:\/\/dpress.ma\/fr\/2026\/05\/02\/linspecteur-general-des-far-sentretient-avec-le-secretaire-a-larmee-de-terre-des-etats-unis\/#primaryimage"},"thumbnailUrl":"https:\/\/dpress.ma\/fr\/wp-content\/uploads\/sites\/2\/2026\/05\/22.jpg","articleSection":["Diplomatie Parall\u00e8le"],"inLanguage":"fr-FR","potentialAction":[{"@type":"CommentAction","name":"Comment","target":["https:\/\/dpress.ma\/fr\/2026\/05\/02\/linspecteur-general-des-far-sentretient-avec-le-secretaire-a-larmee-de-terre-des-etats-unis\/#respond"]}]},{"@type":"WebPage","@id":"https:\/\/dpress.ma\/fr\/2026\/05\/02\/linspecteur-general-des-far-sentretient-avec-le-secretaire-a-larmee-de-terre-des-etats-unis\/","url":"https:\/\/dpress.ma\/fr\/2026\/05\/02\/linspecteur-general-des-far-sentretient-avec-le-secretaire-a-larmee-de-terre-des-etats-unis\/","name":"L\u2019Inspecteur G\u00e9n\u00e9ral des FAR s\u2019entretient avec le Secr\u00e9taire \u00e0 l\u2019arm\u00e9e de terre des Etats-Unis - Dpress.ma\/fr","isPartOf":{"@id":"https:\/\/dpress.ma\/fr\/#website"},"primaryImageOfPage":{"@id":"https:\/\/dpress.ma\/fr\/2026\/05\/02\/linspecteur-general-des-far-sentretient-avec-le-secretaire-a-larmee-de-terre-des-etats-unis\/#primaryimage"},"image":{"@id":"https:\/\/dpress.ma\/fr\/2026\/05\/02\/linspecteur-general-des-far-sentretient-avec-le-secretaire-a-larmee-de-terre-des-etats-unis\/#primaryimage"},"thumbnailUrl":"https:\/\/dpress.ma\/fr\/wp-content\/uploads\/sites\/2\/2026\/05\/22.jpg","datePublished":"2026-05-02T08:58:46+00:00","dateModified":"2026-05-02T08:58:47+00:00","author":{"@id":"https:\/\/dpress.ma\/fr\/#\/schema\/person\/4898febf3ccd59e6578d838656a306a0"},"breadcrumb":{"@id":"https:\/\/dpress.ma\/fr\/2026\/05\/02\/linspecteur-general-des-far-sentretient-avec-le-secretaire-a-larmee-de-terre-des-etats-unis\/#breadcrumb"},"inLanguage":"fr-FR","potentialAction":[{"@type":"ReadAction","target":["https:\/\/dpress.ma\/fr\/2026\/05\/02\/linspecteur-general-des-far-sentretient-avec-le-secretaire-a-larmee-de-terre-des-etats-unis\/"]}]},{"@type":"ImageObject","inLanguage":"fr-FR","@id":"https:\/\/dpress.ma\/fr\/2026\/05\/02\/linspecteur-general-des-far-sentretient-avec-le-secretaire-a-larmee-de-terre-des-etats-unis\/#primaryimage","url":"https:\/\/dpress.ma\/fr\/wp-content\/uploads\/sites\/2\/2026\/05\/22.jpg","contentUrl":"https:\/\/dpress.ma\/fr\/wp-content\/uploads\/sites\/2\/2026\/05\/22.jpg","width":2539,"height":1594},{"@type":"BreadcrumbList","@id":"https:\/\/dpress.ma\/fr\/2026\/05\/02\/linspecteur-general-des-far-sentretient-avec-le-secretaire-a-larmee-de-terre-des-etats-unis\/#breadcrumb","itemListElement":[{"@type":"ListItem","position":1,"name":"Home","item":"https:\/\/dpress.ma\/fr\/"},{"@type":"ListItem","position":2,"name":"L\u2019Inspecteur G\u00e9n\u00e9ral des FAR s\u2019entretient avec le Secr\u00e9taire \u00e0 l\u2019arm\u00e9e de terre des Etats-Unis"}]},{"@type":"WebSite","@id":"https:\/\/dpress.ma\/fr\/#website","url":"https:\/\/dpress.ma\/fr\/","name":"Dpress.ma\/fr","description":"","potentialAction":[{"@type":"SearchAction","target":{"@type":"EntryPoint","urlTemplate":"https:\/\/dpress.ma\/fr\/?s={search_term_string}"},"query-input":{"@type":"PropertyValueSpecification","valueRequired":true,"valueName":"search_term_string"}}],"inLanguage":"fr-FR"},{"@type":"Person","@id":"https:\/\/dpress.ma\/fr\/#\/schema\/person\/4898febf3ccd59e6578d838656a306a0","name":"Dpress.ma","image":{"@type":"ImageObject","inLanguage":"fr-FR","@id":"https:\/\/secure.gravatar.com\/avatar\/72ecc30e9db047a2e0e7176561eb9d564ed77c8108376495b19bd8336405198a?s=96&d=mm&r=g","url":"https:\/\/secure.gravatar.com\/avatar\/72ecc30e9db047a2e0e7176561eb9d564ed77c8108376495b19bd8336405198a?s=96&d=mm&r=g","contentUrl":"https:\/\/secure.gravatar.com\/avatar\/72ecc30e9db047a2e0e7176561eb9d564ed77c8108376495b19bd8336405198a?s=96&d=mm&r=g","caption":"Dpress.ma"},"sameAs":["https:\/\/www.dpress.ma"],"url":"https:\/\/dpress.ma\/fr\/author\/dpress-ma\/"}]}},"amp_enabled":true,"_links":{"self":[{"href":"https:\/\/dpress.ma\/fr\/wp-json\/wp\/v2\/posts\/29804","targetHints":{"allow":["GET"]}}],"collection":[{"href":"https:\/\/dpress.ma\/fr\/wp-json\/wp\/v2\/posts"}],"about":[{"href":"https:\/\/dpress.ma\/fr\/wp-json\/wp\/v2\/types\/post"}],"author":[{"embeddable":true,"href":"https:\/\/dpress.ma\/fr\/wp-json\/wp\/v2\/users\/2"}],"replies":[{"embeddable":true,"href":"https:\/\/dpress.ma\/fr\/wp-json\/wp\/v2\/comments?post=29804"}],"version-history":[{"count":1,"href":"https:\/\/dpress.ma\/fr\/wp-json\/wp\/v2\/posts\/29804\/revisions"}],"predecessor-version":[{"id":29806,"href":"https:\/\/dpress.ma\/fr\/wp-json\/wp\/v2\/posts\/29804\/revisions\/29806"}],"wp:featuredmedia":[{"embeddable":true,"href":"https:\/\/dpress.ma\/fr\/wp-json\/wp\/v2\/media\/29805"}],"wp:attachment":[{"href":"https:\/\/dpress.ma\/fr\/wp-json\/wp\/v2\/media?parent=29804"}],"wp:term":[{"taxonomy":"category","embeddable":true,"href":"https:\/\/dpress.ma\/fr\/wp-json\/wp\/v2\/categories?post=29804"},{"taxonomy":"post_tag","embeddable":true,"href":"https:\/\/dpress.ma\/fr\/wp-json\/wp\/v2\/tags?post=29804"}],"curies":[{"name":"wp","href":"https:\/\/api.w.org\/{rel}","templated":true}]}}