{"id":29801,"date":"2026-05-02T08:56:52","date_gmt":"2026-05-02T08:56:52","guid":{"rendered":"https:\/\/dpress.ma\/fr\/?p=29801"},"modified":"2026-05-02T08:56:54","modified_gmt":"2026-05-02T08:56:54","slug":"es-semara-indh-poursuite-de-la-campagne-de-sensibilisation-sur-la-nutrition-chez-la-femme-enceinte","status":"publish","type":"post","link":"https:\/\/dpress.ma\/fr\/2026\/05\/02\/es-semara-indh-poursuite-de-la-campagne-de-sensibilisation-sur-la-nutrition-chez-la-femme-enceinte\/","title":{"rendered":"Es-Semara\/INDH: Poursuite de la campagne de sensibilisation sur la nutrition chez la femme enceinte"},"content":{"rendered":"\n<p>Dpress<\/p>\n\n\n\n<p>Le Comit\u00e9 provincial du d\u00e9veloppement humain (CPDH) d\u2019Es-Semara poursuit sa campagne de sensibilisation sur la nutrition chez la femme enceinte.<\/p>\n\n\n\n<p>Cette action \u00e0 fort impact social initi\u00e9e en partenariat avec la D\u00e9l\u00e9gation provinciale du minist\u00e8re de la Sant\u00e9 et de la Protection sociale, en marge de la c\u00e9l\u00e9bration de la Journ\u00e9e mondiale de la sant\u00e9, vise \u00e0 promouvoir la sant\u00e9 de la m\u00e8re et de l\u2019enfant, tout en am\u00e9liorant les indicateurs sanitaires \u00e0 l\u2019\u00e9chelle de la province.<\/p>\n\n\n\n<p>Men\u00e9e dans le cadre d\u2019une campagne nationale, l\u2019action se poursuit jusqu\u2019au 6 mai sous le th\u00e8me \u201cUne nutrition optimale de la femme enceinte et allaitante : un investissement pour la sant\u00e9 des g\u00e9n\u00e9rations futures\u201d, en coordination avec les associations actives dans le domaine, la D\u00e9l\u00e9gation provinciale de l\u2019Entraide nationale et les diff\u00e9rents acteurs du syst\u00e8me de sant\u00e9.<\/p>\n\n\n\n<p>Elle ambitionne de promouvoir des comportements nutritionnels sains chez les femmes durant la grossesse et l\u2019allaitement, deux p\u00e9riodes d\u00e9terminantes pour le d\u00e9veloppement physique et cognitif de l\u2019enfant.<\/p>\n\n\n\n<p>Dans une d\u00e9claration \u00e0 la MAP, Yahya Tawil, cadre \u00e0 la Division de l\u2019Action sociale (DAS) \u00e0 Es-Semara, a soulign\u00e9 que cette campagne, qui se poursuivra dans les diff\u00e9rents centres de sant\u00e9 de proximit\u00e9, vise \u00e0 renforcer la prise de conscience des femmes quant \u00e0 la n\u00e9cessit\u00e9 d\u2019un suivi r\u00e9gulier de la grossesse pour en garantir le bon d\u00e9roulement.<\/p>\n\n\n\n<p>Pour sa part, Safia Agni, animatrice des programmes de la sant\u00e9 reproductive \u00e0 la d\u00e9l\u00e9gation provinciale de la Sant\u00e9 et de la Protection sociale, a mis l\u2019accent sur l\u2019importance du suivi de la grossesse de mani\u00e8re r\u00e9guli\u00e8re, pr\u00e9cisant que le programme national de surveillance de la grossesse et de l\u2019accouchement pr\u00e9voit quatre visites pour les femmes enceintes.<\/p>\n\n\n\n<p>Mme Agni a aussi soulign\u00e9 la n\u00e9cessit\u00e9 de promouvoir une culture di\u00e9t\u00e9tique saine et \u00e9quilibr\u00e9e en particulier lors de la p\u00e9riode de grossesse et l\u2019accouchement.<\/p>\n\n\n\n<p>\u00c0 cette occasion, les femmes b\u00e9n\u00e9ficiaires ont pu suivre un expos\u00e9 mettant l\u2019accent sur des pratiques prioritaires, comme le suivi pr\u00e9coce et r\u00e9gulier de la grossesse, l\u2019adoption d\u2019une alimentation \u00e9quilibr\u00e9e, l\u2019importance des apports en vitamines et min\u00e9raux essentiels, ainsi que le suivi postnatal de la m\u00e8re et de l\u2019enfant.<\/p>\n\n\n\n<p>Les activit\u00e9s de ces campagnes de sensibilisation au profit des femmes enceintes et allaitantes se d\u00e9roulent sur cinq \u00e9tapes dans divers centres de sant\u00e9 de proximit\u00e9 dans les zones urbaines et rurales de la province.<\/p>\n","protected":false},"excerpt":{"rendered":"<p>Dpress Le Comit\u00e9 provincial du d\u00e9veloppement humain (CPDH) d\u2019Es-Semara poursuit sa campagne de sensibilisation sur la nutrition chez la femme enceinte. Cette action \u00e0 fort impact social initi\u00e9e en partenariat avec la D\u00e9l\u00e9gation provinciale du minist\u00e8re de la Sant\u00e9 et de la Protection sociale, en marge de la c\u00e9l\u00e9bration de la Journ\u00e9e mondiale de la &hellip;<\/p>\n","protected":false},"author":2,"featured_media":29802,"comment_status":"open","ping_status":"open","sticky":false,"template":"","format":"standard","meta":{"footnotes":""},"categories":[40],"tags":[],"class_list":["post-29801","post","type-post","status-publish","format-standard","has-post-thumbnail","hentry","category-societe-et-regions"],"yoast_head":"<!-- This site is optimized with the Yoast SEO plugin v27.5 - https:\/\/yoast.com\/product\/yoast-seo-wordpress\/ -->\n<title>Es-Semara\/INDH: Poursuite de la campagne de sensibilisation sur la nutrition chez la femme enceinte - Dpress.ma\/fr<\/title>\n<meta name=\"robots\" content=\"index, follow, max-snippet:-1, max-image-preview:large, max-video-preview:-1\" \/>\n<link rel=\"canonical\" href=\"https:\/\/dpress.ma\/fr\/2026\/05\/02\/es-semara-indh-poursuite-de-la-campagne-de-sensibilisation-sur-la-nutrition-chez-la-femme-enceinte\/\" \/>\n<meta property=\"og:locale\" content=\"fr_FR\" \/>\n<meta property=\"og:type\" content=\"article\" \/>\n<meta property=\"og:title\" content=\"Es-Semara\/INDH: Poursuite de la campagne de sensibilisation sur la nutrition chez la femme enceinte - Dpress.ma\/fr\" \/>\n<meta property=\"og:description\" content=\"Dpress Le Comit\u00e9 provincial du d\u00e9veloppement humain (CPDH) d\u2019Es-Semara poursuit sa campagne de sensibilisation sur la nutrition chez la femme enceinte. Cette action \u00e0 fort impact social initi\u00e9e en partenariat avec la D\u00e9l\u00e9gation provinciale du minist\u00e8re de la Sant\u00e9 et de la Protection sociale, en marge de la c\u00e9l\u00e9bration de la Journ\u00e9e mondiale de la &hellip;\" \/>\n<meta property=\"og:url\" content=\"https:\/\/dpress.ma\/fr\/2026\/05\/02\/es-semara-indh-poursuite-de-la-campagne-de-sensibilisation-sur-la-nutrition-chez-la-femme-enceinte\/\" \/>\n<meta property=\"og:site_name\" content=\"Dpress.ma\/fr\" \/>\n<meta property=\"article:published_time\" content=\"2026-05-02T08:56:52+00:00\" \/>\n<meta property=\"article:modified_time\" content=\"2026-05-02T08:56:54+00:00\" \/>\n<meta property=\"og:image\" content=\"https:\/\/dpress.ma\/fr\/wp-content\/uploads\/sites\/2\/2026\/05\/21.jpg\" \/>\n\t<meta property=\"og:image:width\" content=\"2539\" \/>\n\t<meta property=\"og:image:height\" content=\"1594\" \/>\n\t<meta property=\"og:image:type\" content=\"image\/jpeg\" \/>\n<meta name=\"author\" content=\"Dpress.ma\" \/>\n<meta name=\"twitter:card\" content=\"summary_large_image\" \/>\n<meta name=\"twitter:label1\" content=\"\u00c9crit par\" \/>\n\t<meta name=\"twitter:data1\" content=\"Dpress.ma\" \/>\n\t<meta name=\"twitter:label2\" content=\"Dur\u00e9e de lecture estim\u00e9e\" \/>\n\t<meta name=\"twitter:data2\" content=\"3 minutes\" \/>\n<script type=\"application\/ld+json\" class=\"yoast-schema-graph\">{\"@context\":\"https:\\\/\\\/schema.org\",\"@graph\":[{\"@type\":\"Article\",\"@id\":\"https:\\\/\\\/dpress.ma\\\/fr\\\/2026\\\/05\\\/02\\\/es-semara-indh-poursuite-de-la-campagne-de-sensibilisation-sur-la-nutrition-chez-la-femme-enceinte\\\/#article\",\"isPartOf\":{\"@id\":\"https:\\\/\\\/dpress.ma\\\/fr\\\/2026\\\/05\\\/02\\\/es-semara-indh-poursuite-de-la-campagne-de-sensibilisation-sur-la-nutrition-chez-la-femme-enceinte\\\/\"},\"author\":{\"name\":\"Dpress.ma\",\"@id\":\"https:\\\/\\\/dpress.ma\\\/fr\\\/#\\\/schema\\\/person\\\/4898febf3ccd59e6578d838656a306a0\"},\"headline\":\"Es-Semara\\\/INDH: Poursuite de la campagne de sensibilisation sur la nutrition chez la femme enceinte\",\"datePublished\":\"2026-05-02T08:56:52+00:00\",\"dateModified\":\"2026-05-02T08:56:54+00:00\",\"mainEntityOfPage\":{\"@id\":\"https:\\\/\\\/dpress.ma\\\/fr\\\/2026\\\/05\\\/02\\\/es-semara-indh-poursuite-de-la-campagne-de-sensibilisation-sur-la-nutrition-chez-la-femme-enceinte\\\/\"},\"wordCount\":457,\"commentCount\":0,\"image\":{\"@id\":\"https:\\\/\\\/dpress.ma\\\/fr\\\/2026\\\/05\\\/02\\\/es-semara-indh-poursuite-de-la-campagne-de-sensibilisation-sur-la-nutrition-chez-la-femme-enceinte\\\/#primaryimage\"},\"thumbnailUrl\":\"https:\\\/\\\/dpress.ma\\\/fr\\\/wp-content\\\/uploads\\\/sites\\\/2\\\/2026\\\/05\\\/21.jpg\",\"articleSection\":[\"societe et regions\"],\"inLanguage\":\"fr-FR\",\"potentialAction\":[{\"@type\":\"CommentAction\",\"name\":\"Comment\",\"target\":[\"https:\\\/\\\/dpress.ma\\\/fr\\\/2026\\\/05\\\/02\\\/es-semara-indh-poursuite-de-la-campagne-de-sensibilisation-sur-la-nutrition-chez-la-femme-enceinte\\\/#respond\"]}]},{\"@type\":\"WebPage\",\"@id\":\"https:\\\/\\\/dpress.ma\\\/fr\\\/2026\\\/05\\\/02\\\/es-semara-indh-poursuite-de-la-campagne-de-sensibilisation-sur-la-nutrition-chez-la-femme-enceinte\\\/\",\"url\":\"https:\\\/\\\/dpress.ma\\\/fr\\\/2026\\\/05\\\/02\\\/es-semara-indh-poursuite-de-la-campagne-de-sensibilisation-sur-la-nutrition-chez-la-femme-enceinte\\\/\",\"name\":\"Es-Semara\\\/INDH: Poursuite de la campagne de sensibilisation sur la nutrition chez la femme enceinte - Dpress.ma\\\/fr\",\"isPartOf\":{\"@id\":\"https:\\\/\\\/dpress.ma\\\/fr\\\/#website\"},\"primaryImageOfPage\":{\"@id\":\"https:\\\/\\\/dpress.ma\\\/fr\\\/2026\\\/05\\\/02\\\/es-semara-indh-poursuite-de-la-campagne-de-sensibilisation-sur-la-nutrition-chez-la-femme-enceinte\\\/#primaryimage\"},\"image\":{\"@id\":\"https:\\\/\\\/dpress.ma\\\/fr\\\/2026\\\/05\\\/02\\\/es-semara-indh-poursuite-de-la-campagne-de-sensibilisation-sur-la-nutrition-chez-la-femme-enceinte\\\/#primaryimage\"},\"thumbnailUrl\":\"https:\\\/\\\/dpress.ma\\\/fr\\\/wp-content\\\/uploads\\\/sites\\\/2\\\/2026\\\/05\\\/21.jpg\",\"datePublished\":\"2026-05-02T08:56:52+00:00\",\"dateModified\":\"2026-05-02T08:56:54+00:00\",\"author\":{\"@id\":\"https:\\\/\\\/dpress.ma\\\/fr\\\/#\\\/schema\\\/person\\\/4898febf3ccd59e6578d838656a306a0\"},\"breadcrumb\":{\"@id\":\"https:\\\/\\\/dpress.ma\\\/fr\\\/2026\\\/05\\\/02\\\/es-semara-indh-poursuite-de-la-campagne-de-sensibilisation-sur-la-nutrition-chez-la-femme-enceinte\\\/#breadcrumb\"},\"inLanguage\":\"fr-FR\",\"potentialAction\":[{\"@type\":\"ReadAction\",\"target\":[\"https:\\\/\\\/dpress.ma\\\/fr\\\/2026\\\/05\\\/02\\\/es-semara-indh-poursuite-de-la-campagne-de-sensibilisation-sur-la-nutrition-chez-la-femme-enceinte\\\/\"]}]},{\"@type\":\"ImageObject\",\"inLanguage\":\"fr-FR\",\"@id\":\"https:\\\/\\\/dpress.ma\\\/fr\\\/2026\\\/05\\\/02\\\/es-semara-indh-poursuite-de-la-campagne-de-sensibilisation-sur-la-nutrition-chez-la-femme-enceinte\\\/#primaryimage\",\"url\":\"https:\\\/\\\/dpress.ma\\\/fr\\\/wp-content\\\/uploads\\\/sites\\\/2\\\/2026\\\/05\\\/21.jpg\",\"contentUrl\":\"https:\\\/\\\/dpress.ma\\\/fr\\\/wp-content\\\/uploads\\\/sites\\\/2\\\/2026\\\/05\\\/21.jpg\",\"width\":2539,\"height\":1594},{\"@type\":\"BreadcrumbList\",\"@id\":\"https:\\\/\\\/dpress.ma\\\/fr\\\/2026\\\/05\\\/02\\\/es-semara-indh-poursuite-de-la-campagne-de-sensibilisation-sur-la-nutrition-chez-la-femme-enceinte\\\/#breadcrumb\",\"itemListElement\":[{\"@type\":\"ListItem\",\"position\":1,\"name\":\"Home\",\"item\":\"https:\\\/\\\/dpress.ma\\\/fr\\\/\"},{\"@type\":\"ListItem\",\"position\":2,\"name\":\"Es-Semara\\\/INDH: Poursuite de la campagne de sensibilisation sur la nutrition chez la femme enceinte\"}]},{\"@type\":\"WebSite\",\"@id\":\"https:\\\/\\\/dpress.ma\\\/fr\\\/#website\",\"url\":\"https:\\\/\\\/dpress.ma\\\/fr\\\/\",\"name\":\"Dpress.ma\\\/fr\",\"description\":\"\",\"potentialAction\":[{\"@type\":\"SearchAction\",\"target\":{\"@type\":\"EntryPoint\",\"urlTemplate\":\"https:\\\/\\\/dpress.ma\\\/fr\\\/?s={search_term_string}\"},\"query-input\":{\"@type\":\"PropertyValueSpecification\",\"valueRequired\":true,\"valueName\":\"search_term_string\"}}],\"inLanguage\":\"fr-FR\"},{\"@type\":\"Person\",\"@id\":\"https:\\\/\\\/dpress.ma\\\/fr\\\/#\\\/schema\\\/person\\\/4898febf3ccd59e6578d838656a306a0\",\"name\":\"Dpress.ma\",\"image\":{\"@type\":\"ImageObject\",\"inLanguage\":\"fr-FR\",\"@id\":\"https:\\\/\\\/secure.gravatar.com\\\/avatar\\\/72ecc30e9db047a2e0e7176561eb9d564ed77c8108376495b19bd8336405198a?s=96&d=mm&r=g\",\"url\":\"https:\\\/\\\/secure.gravatar.com\\\/avatar\\\/72ecc30e9db047a2e0e7176561eb9d564ed77c8108376495b19bd8336405198a?s=96&d=mm&r=g\",\"contentUrl\":\"https:\\\/\\\/secure.gravatar.com\\\/avatar\\\/72ecc30e9db047a2e0e7176561eb9d564ed77c8108376495b19bd8336405198a?s=96&d=mm&r=g\",\"caption\":\"Dpress.ma\"},\"sameAs\":[\"https:\\\/\\\/www.dpress.ma\"],\"url\":\"https:\\\/\\\/dpress.ma\\\/fr\\\/author\\\/dpress-ma\\\/\"}]}<\/script>\n<!-- \/ Yoast SEO plugin. -->","yoast_head_json":{"title":"Es-Semara\/INDH: Poursuite de la campagne de sensibilisation sur la nutrition chez la femme enceinte - Dpress.ma\/fr","robots":{"index":"index","follow":"follow","max-snippet":"max-snippet:-1","max-image-preview":"max-image-preview:large","max-video-preview":"max-video-preview:-1"},"canonical":"https:\/\/dpress.ma\/fr\/2026\/05\/02\/es-semara-indh-poursuite-de-la-campagne-de-sensibilisation-sur-la-nutrition-chez-la-femme-enceinte\/","og_locale":"fr_FR","og_type":"article","og_title":"Es-Semara\/INDH: Poursuite de la campagne de sensibilisation sur la nutrition chez la femme enceinte - Dpress.ma\/fr","og_description":"Dpress Le Comit\u00e9 provincial du d\u00e9veloppement humain (CPDH) d\u2019Es-Semara poursuit sa campagne de sensibilisation sur la nutrition chez la femme enceinte. Cette action \u00e0 fort impact social initi\u00e9e en partenariat avec la D\u00e9l\u00e9gation provinciale du minist\u00e8re de la Sant\u00e9 et de la Protection sociale, en marge de la c\u00e9l\u00e9bration de la Journ\u00e9e mondiale de la &hellip;","og_url":"https:\/\/dpress.ma\/fr\/2026\/05\/02\/es-semara-indh-poursuite-de-la-campagne-de-sensibilisation-sur-la-nutrition-chez-la-femme-enceinte\/","og_site_name":"Dpress.ma\/fr","article_published_time":"2026-05-02T08:56:52+00:00","article_modified_time":"2026-05-02T08:56:54+00:00","og_image":[{"width":2539,"height":1594,"url":"https:\/\/dpress.ma\/fr\/wp-content\/uploads\/sites\/2\/2026\/05\/21.jpg","type":"image\/jpeg"}],"author":"Dpress.ma","twitter_card":"summary_large_image","twitter_misc":{"\u00c9crit par":"Dpress.ma","Dur\u00e9e de lecture estim\u00e9e":"3 minutes"},"schema":{"@context":"https:\/\/schema.org","@graph":[{"@type":"Article","@id":"https:\/\/dpress.ma\/fr\/2026\/05\/02\/es-semara-indh-poursuite-de-la-campagne-de-sensibilisation-sur-la-nutrition-chez-la-femme-enceinte\/#article","isPartOf":{"@id":"https:\/\/dpress.ma\/fr\/2026\/05\/02\/es-semara-indh-poursuite-de-la-campagne-de-sensibilisation-sur-la-nutrition-chez-la-femme-enceinte\/"},"author":{"name":"Dpress.ma","@id":"https:\/\/dpress.ma\/fr\/#\/schema\/person\/4898febf3ccd59e6578d838656a306a0"},"headline":"Es-Semara\/INDH: Poursuite de la campagne de sensibilisation sur la nutrition chez la femme enceinte","datePublished":"2026-05-02T08:56:52+00:00","dateModified":"2026-05-02T08:56:54+00:00","mainEntityOfPage":{"@id":"https:\/\/dpress.ma\/fr\/2026\/05\/02\/es-semara-indh-poursuite-de-la-campagne-de-sensibilisation-sur-la-nutrition-chez-la-femme-enceinte\/"},"wordCount":457,"commentCount":0,"image":{"@id":"https:\/\/dpress.ma\/fr\/2026\/05\/02\/es-semara-indh-poursuite-de-la-campagne-de-sensibilisation-sur-la-nutrition-chez-la-femme-enceinte\/#primaryimage"},"thumbnailUrl":"https:\/\/dpress.ma\/fr\/wp-content\/uploads\/sites\/2\/2026\/05\/21.jpg","articleSection":["societe et regions"],"inLanguage":"fr-FR","potentialAction":[{"@type":"CommentAction","name":"Comment","target":["https:\/\/dpress.ma\/fr\/2026\/05\/02\/es-semara-indh-poursuite-de-la-campagne-de-sensibilisation-sur-la-nutrition-chez-la-femme-enceinte\/#respond"]}]},{"@type":"WebPage","@id":"https:\/\/dpress.ma\/fr\/2026\/05\/02\/es-semara-indh-poursuite-de-la-campagne-de-sensibilisation-sur-la-nutrition-chez-la-femme-enceinte\/","url":"https:\/\/dpress.ma\/fr\/2026\/05\/02\/es-semara-indh-poursuite-de-la-campagne-de-sensibilisation-sur-la-nutrition-chez-la-femme-enceinte\/","name":"Es-Semara\/INDH: Poursuite de la campagne de sensibilisation sur la nutrition chez la femme enceinte - Dpress.ma\/fr","isPartOf":{"@id":"https:\/\/dpress.ma\/fr\/#website"},"primaryImageOfPage":{"@id":"https:\/\/dpress.ma\/fr\/2026\/05\/02\/es-semara-indh-poursuite-de-la-campagne-de-sensibilisation-sur-la-nutrition-chez-la-femme-enceinte\/#primaryimage"},"image":{"@id":"https:\/\/dpress.ma\/fr\/2026\/05\/02\/es-semara-indh-poursuite-de-la-campagne-de-sensibilisation-sur-la-nutrition-chez-la-femme-enceinte\/#primaryimage"},"thumbnailUrl":"https:\/\/dpress.ma\/fr\/wp-content\/uploads\/sites\/2\/2026\/05\/21.jpg","datePublished":"2026-05-02T08:56:52+00:00","dateModified":"2026-05-02T08:56:54+00:00","author":{"@id":"https:\/\/dpress.ma\/fr\/#\/schema\/person\/4898febf3ccd59e6578d838656a306a0"},"breadcrumb":{"@id":"https:\/\/dpress.ma\/fr\/2026\/05\/02\/es-semara-indh-poursuite-de-la-campagne-de-sensibilisation-sur-la-nutrition-chez-la-femme-enceinte\/#breadcrumb"},"inLanguage":"fr-FR","potentialAction":[{"@type":"ReadAction","target":["https:\/\/dpress.ma\/fr\/2026\/05\/02\/es-semara-indh-poursuite-de-la-campagne-de-sensibilisation-sur-la-nutrition-chez-la-femme-enceinte\/"]}]},{"@type":"ImageObject","inLanguage":"fr-FR","@id":"https:\/\/dpress.ma\/fr\/2026\/05\/02\/es-semara-indh-poursuite-de-la-campagne-de-sensibilisation-sur-la-nutrition-chez-la-femme-enceinte\/#primaryimage","url":"https:\/\/dpress.ma\/fr\/wp-content\/uploads\/sites\/2\/2026\/05\/21.jpg","contentUrl":"https:\/\/dpress.ma\/fr\/wp-content\/uploads\/sites\/2\/2026\/05\/21.jpg","width":2539,"height":1594},{"@type":"BreadcrumbList","@id":"https:\/\/dpress.ma\/fr\/2026\/05\/02\/es-semara-indh-poursuite-de-la-campagne-de-sensibilisation-sur-la-nutrition-chez-la-femme-enceinte\/#breadcrumb","itemListElement":[{"@type":"ListItem","position":1,"name":"Home","item":"https:\/\/dpress.ma\/fr\/"},{"@type":"ListItem","position":2,"name":"Es-Semara\/INDH: Poursuite de la campagne de sensibilisation sur la nutrition chez la femme enceinte"}]},{"@type":"WebSite","@id":"https:\/\/dpress.ma\/fr\/#website","url":"https:\/\/dpress.ma\/fr\/","name":"Dpress.ma\/fr","description":"","potentialAction":[{"@type":"SearchAction","target":{"@type":"EntryPoint","urlTemplate":"https:\/\/dpress.ma\/fr\/?s={search_term_string}"},"query-input":{"@type":"PropertyValueSpecification","valueRequired":true,"valueName":"search_term_string"}}],"inLanguage":"fr-FR"},{"@type":"Person","@id":"https:\/\/dpress.ma\/fr\/#\/schema\/person\/4898febf3ccd59e6578d838656a306a0","name":"Dpress.ma","image":{"@type":"ImageObject","inLanguage":"fr-FR","@id":"https:\/\/secure.gravatar.com\/avatar\/72ecc30e9db047a2e0e7176561eb9d564ed77c8108376495b19bd8336405198a?s=96&d=mm&r=g","url":"https:\/\/secure.gravatar.com\/avatar\/72ecc30e9db047a2e0e7176561eb9d564ed77c8108376495b19bd8336405198a?s=96&d=mm&r=g","contentUrl":"https:\/\/secure.gravatar.com\/avatar\/72ecc30e9db047a2e0e7176561eb9d564ed77c8108376495b19bd8336405198a?s=96&d=mm&r=g","caption":"Dpress.ma"},"sameAs":["https:\/\/www.dpress.ma"],"url":"https:\/\/dpress.ma\/fr\/author\/dpress-ma\/"}]}},"amp_enabled":true,"_links":{"self":[{"href":"https:\/\/dpress.ma\/fr\/wp-json\/wp\/v2\/posts\/29801","targetHints":{"allow":["GET"]}}],"collection":[{"href":"https:\/\/dpress.ma\/fr\/wp-json\/wp\/v2\/posts"}],"about":[{"href":"https:\/\/dpress.ma\/fr\/wp-json\/wp\/v2\/types\/post"}],"author":[{"embeddable":true,"href":"https:\/\/dpress.ma\/fr\/wp-json\/wp\/v2\/users\/2"}],"replies":[{"embeddable":true,"href":"https:\/\/dpress.ma\/fr\/wp-json\/wp\/v2\/comments?post=29801"}],"version-history":[{"count":1,"href":"https:\/\/dpress.ma\/fr\/wp-json\/wp\/v2\/posts\/29801\/revisions"}],"predecessor-version":[{"id":29803,"href":"https:\/\/dpress.ma\/fr\/wp-json\/wp\/v2\/posts\/29801\/revisions\/29803"}],"wp:featuredmedia":[{"embeddable":true,"href":"https:\/\/dpress.ma\/fr\/wp-json\/wp\/v2\/media\/29802"}],"wp:attachment":[{"href":"https:\/\/dpress.ma\/fr\/wp-json\/wp\/v2\/media?parent=29801"}],"wp:term":[{"taxonomy":"category","embeddable":true,"href":"https:\/\/dpress.ma\/fr\/wp-json\/wp\/v2\/categories?post=29801"},{"taxonomy":"post_tag","embeddable":true,"href":"https:\/\/dpress.ma\/fr\/wp-json\/wp\/v2\/tags?post=29801"}],"curies":[{"name":"wp","href":"https:\/\/api.w.org\/{rel}","templated":true}]}}