{"id":29797,"date":"2026-05-02T08:55:04","date_gmt":"2026-05-02T08:55:04","guid":{"rendered":"https:\/\/dpress.ma\/fr\/?p=29797"},"modified":"2026-05-02T08:55:05","modified_gmt":"2026-05-02T08:55:05","slug":"emploi-le-gouvernement-engage-dans-la-mise-en-oeuvre-dune-vision-integree-fondee-sur-la-creation-demplois-productifs-et-durables","status":"publish","type":"post","link":"https:\/\/dpress.ma\/fr\/2026\/05\/02\/emploi-le-gouvernement-engage-dans-la-mise-en-oeuvre-dune-vision-integree-fondee-sur-la-creation-demplois-productifs-et-durables\/","title":{"rendered":"Emploi: Le gouvernement engag\u00e9 dans la mise en \u0153uvre d\u2019une vision int\u00e9gr\u00e9e, fond\u00e9e sur la cr\u00e9ation d\u2019emplois productifs et durables"},"content":{"rendered":"\n<p>Dpress<\/p>\n\n\n\n<p>Le ministre de l\u2019Inclusion \u00e9conomique, de la Petite entreprise, de l\u2019Emploi et des Comp\u00e9tences, Younes Sekkouri, a affirm\u00e9, jeudi, que le gouvernement, en ex\u00e9cution des Hautes Orientations de Sa Majest\u00e9 le Roi Mohammed VI, s\u2019est engag\u00e9 dans la mise en \u0153uvre d\u2019une vision int\u00e9gr\u00e9e fond\u00e9e sur la cr\u00e9ation d\u2019emplois productifs et durables, la qualification des comp\u00e9tences, l\u2019adaptation de la formation aux besoins du march\u00e9 du travail et l\u2019encouragement de l\u2019entrepreneuriat.<\/p>\n\n\n\n<p>Cette vision accorde une importance particuli\u00e8re \u00e0 l\u2019int\u00e9gration des jeunes et des femmes, \u00e0 l\u2019am\u00e9lioration de la gouvernance et au renforcement de la convergence entre les diff\u00e9rents acteurs, a soutenu M. Sekkouri lors d\u2019un discours \u00e0 l\u2019occasion de la f\u00eate du Travail.<\/p>\n\n\n\n<p>Le ministre a, \u00e0 cet \u00e9gard, rappel\u00e9 le lancement du programme \u201cAwrach\u201d, destin\u00e9 aux chercheurs d\u2019emploi et ayant permis aux b\u00e9n\u00e9ficiaires de disposer d\u2019un revenu pendant une p\u00e9riode d\u00e9termin\u00e9e, faisant savoir que pr\u00e8s de 250.000 personnes en ont b\u00e9n\u00e9fici\u00e9 en 2022 et 2023, pour une enveloppe budg\u00e9taire de 2,25 milliards de dirhams au titre de l\u2019ann\u00e9e 2022.<\/p>\n\n\n\n<p>Il a \u00e9galement fait \u00e9tat de l\u2019augmentation du nombre de b\u00e9n\u00e9ficiaires des services de l\u2019Agence nationale de promotion de l\u2019emploi et des comp\u00e9tences (ANAPEC), qui a atteint plus de 4 millions de chercheurs d\u2019emploi.<\/p>\n\n\n\n<p>Dans le m\u00eame contexte, M. Sekkouri a \u00e9voqu\u00e9 le lancement d\u2019une feuille de route nationale pour l\u2019emploi, pla\u00e7ant l\u2019inclusion \u00e9conomique au c\u0153ur de la justice sociale \u00e0 travers l\u2019autonomisation des jeunes et des femmes, l\u2019encadrement des activit\u00e9s pr\u00e9caires et la r\u00e9duction des disparit\u00e9s territoriales.<\/p>\n\n\n\n<p>Des avanc\u00e9es structurelles importantes ont \u00e9t\u00e9 r\u00e9alis\u00e9es afin d\u2019\u00e9largir l\u2019acc\u00e8s \u00e0 ces programmes, notamment au profit des non-dipl\u00f4m\u00e9s, et de renforcer le r\u00f4le de l\u2019ANAPEC dans la mise en \u0153uvre des politiques publiques li\u00e9es \u00e0 l\u2019emploi et \u00e0 l\u2019insertion professionnelle, tout en consolidant sa position en tant qu\u2019acteur central et service public inclusif et int\u00e9gr\u00e9, tenant compte des dimensions cat\u00e9gorielle, territoriale et sectorielle, a poursuivi le ministre.<\/p>\n\n\n\n<p>Il a pr\u00e9cis\u00e9 que l\u2019Agence a pu r\u00e9aliser, entre 2021 et 2025, plusieurs r\u00e9sultats importants, notamment sa contribution \u00e0 l\u2019insertion de plus de 694.000 chercheurs d\u2019emploi dans le cadre des programmes d\u2019emploi, dont pr\u00e8s de 595.000 b\u00e9n\u00e9ficiaires du programme \u201cIdmaj\u201d, ainsi que l\u2019accompagnement de plus de 99.000 b\u00e9n\u00e9ficiaires dans le cadre du programme \u201cTahfiz\u201d.<\/p>\n\n\n\n<p>Il a, en outre, \u00e9t\u00e9 d\u00e9cid\u00e9 d\u2019\u00e9largir les interventions de l\u2019ANAPEC aux personnes non titulaires de dipl\u00f4mes, en leur permettant de b\u00e9n\u00e9ficier des m\u00eames services et incitations que les dipl\u00f4m\u00e9s, ainsi que d\u2019opportunit\u00e9s de formation.<\/p>\n\n\n\n<p>Le ministre a \u00e9galement mis en avant le programme de \u201cformation par alternance\u201d, un nouveau mod\u00e8le combinant formation et travail, ouvert \u00e0 diff\u00e9rents niveaux d\u2019\u00e9tudes.<\/p>\n\n\n\n<p>Par ailleurs, M. Sekkouri a affirm\u00e9 que, malgr\u00e9 une conjoncture \u00e9conomique difficile, le march\u00e9 du travail conna\u00eet une \u00e9volution positive et qualitative, marqu\u00e9e par \u201cla pr\u00e9dominance de l\u2019emploi d\u00e9cent, r\u00e9sultat des programmes et politiques mis en \u0153uvre\u201d.<\/p>\n\n\n\n<p>Et de relever que les indicateurs du march\u00e9 du travail font ressortir la cr\u00e9ation de 851.000 postes d\u2019emploi durant la p\u00e9riode 2021-2025 dans les secteurs non agricoles (les services, l\u2019industrie, y compris l\u2019artisanat, ainsi que le b\u00e2timent et les travaux publics), contre une perte d\u2019environ 527.000 postes dans le secteur agricole.<\/p>\n\n\n\n<p>L\u2019\u00e9conomie nationale a \u00e9galement connu, en 2025, une reprise notable du rythme de cr\u00e9ation d\u2019emplois, avec 193.000 postes nets cr\u00e9\u00e9s au niveau national, contre 82.000 en 2024, a-t-il ajout\u00e9.<\/p>\n\n\n\n<p>Le ministre a, en outre, fait \u00e9tat d\u2019une baisse du taux de ch\u00f4mage au niveau national entre 2024 et 2025, passant de 13,3% \u00e0 13%. Ce taux a recul\u00e9 de 0,5 point chez les dipl\u00f4m\u00e9s, de 19,6% \u00e0 19,1%, et de 0,5 point chez les non-dipl\u00f4m\u00e9s, de 5,2% \u00e0 4,7%. Selon le milieu de r\u00e9sidence, le ch\u00f4mage a baiss\u00e9 en milieu urbain de 16,9% \u00e0 16,4%, et en milieu rural de 6,8% \u00e0 6,6%.<\/p>\n\n\n\n<p>Il a aussi relev\u00e9 une hausse d\u2019environ 740.000 du nombre de salari\u00e9s d\u00e9clar\u00e9s \u00e0 la Caisse nationale de s\u00e9curit\u00e9 sociale (CNSS) durant la p\u00e9riode 2021-2024.<\/p>\n\n\n\n<p>Sur un autre registre, M. Sekkouri a soulign\u00e9 que le gouvernement a engag\u00e9 plusieurs grands chantiers sociaux ayant n\u00e9cessit\u00e9 un effort financier important et permis de r\u00e9aliser des acquis tangibles.<\/p>\n\n\n\n<p>Il a cit\u00e9, \u00e0 cet \u00e9gard, la poursuite de la mise en \u0153uvre du chantier de g\u00e9n\u00e9ralisation de la protection sociale dans ses diff\u00e9rentes composantes, notamment la g\u00e9n\u00e9ralisation de l\u2019Assurance maladie obligatoire \u00e0 l\u2019ensemble des cat\u00e9gories sociales, l\u2019am\u00e9lioration de l\u2019acc\u00e8s aux services de sant\u00e9, ainsi que les r\u00e9formes li\u00e9es aux retraites et aux allocations familiales.<\/p>\n\n\n\n<p>Dans ce cadre, le gouvernement a r\u00e9alis\u00e9 des r\u00e9sultats importants, notamment l\u2019augmentation du nombre de b\u00e9n\u00e9ficiaires de l\u2019assurance maladie, pass\u00e9 d\u2019environ 7,8 millions \u00e0 plus de 23 millions de citoyens, a-t-il indiqu\u00e9.<\/p>\n\n\n\n<p>L\u2019Ex\u00e9cutif s\u2019est \u00e9galement attach\u00e9, a soutenu le ministre, \u00e0 la mise en \u0153uvre de la Haute Vision Royale faisant du programme d\u2019aide au logement un v\u00e9ritable levier au service du citoyen, pr\u00e9cisant que le nombre total de b\u00e9n\u00e9ficiaires de l\u2019aide directe au logement a d\u00e9pass\u00e9 96.274 personnes, pour une contribution financi\u00e8re de l\u2019\u00c9tat avoisinant 7,88 milliards de dirhams, couvrant 52% de jeunes \u00e2g\u00e9s de moins de 40 ans et 44% de femmes.<\/p>\n\n\n\n<p>M. Sekkouri a, par ailleurs, indiqu\u00e9 que le gouvernement, en ex\u00e9cution des Hautes Instructions Royales, a adopt\u00e9 une approche proactive et une strat\u00e9gie globale pour faire face au stress hydrique aigu que conna\u00eet le Maroc en raison de la succession des ann\u00e9es de s\u00e9cheresse.<\/p>\n\n\n\n<p>Cette approche a permis de multiplier par neuf la capacit\u00e9 de dessalement de l\u2019eau de mer entre 2021 et 2025, de r\u00e9aliser sept grands barrages d\u2019une capacit\u00e9 globale de stockage avoisinant 1,7 milliard de m\u00e8tres cubes, ainsi que des projets d\u2019interconnexion entre bassins hydrauliques destin\u00e9s \u00e0 s\u00e9curiser 400 millions de m\u00e8tres cubes par an, a-t-il conclu.<\/p>\n","protected":false},"excerpt":{"rendered":"<p>Dpress Le ministre de l\u2019Inclusion \u00e9conomique, de la Petite entreprise, de l\u2019Emploi et des Comp\u00e9tences, Younes Sekkouri, a affirm\u00e9, jeudi, que le gouvernement, en ex\u00e9cution des Hautes Orientations de Sa Majest\u00e9 le Roi Mohammed VI, s\u2019est engag\u00e9 dans la mise en \u0153uvre d\u2019une vision int\u00e9gr\u00e9e fond\u00e9e sur la cr\u00e9ation d\u2019emplois productifs et durables, la qualification &hellip;<\/p>\n","protected":false},"author":2,"featured_media":29798,"comment_status":"open","ping_status":"open","sticky":false,"template":"","format":"standard","meta":{"footnotes":""},"categories":[26],"tags":[],"class_list":["post-29797","post","type-post","status-publish","format-standard","has-post-thumbnail","hentry","category-politiques"],"yoast_head":"<!-- This site is optimized with the Yoast SEO plugin v27.5 - https:\/\/yoast.com\/product\/yoast-seo-wordpress\/ -->\n<title>Emploi: Le gouvernement engag\u00e9 dans la mise en \u0153uvre d\u2019une vision int\u00e9gr\u00e9e, fond\u00e9e sur la cr\u00e9ation d\u2019emplois productifs et durables - Dpress.ma\/fr<\/title>\n<meta name=\"robots\" content=\"index, follow, max-snippet:-1, max-image-preview:large, max-video-preview:-1\" \/>\n<link rel=\"canonical\" href=\"https:\/\/dpress.ma\/fr\/2026\/05\/02\/emploi-le-gouvernement-engage-dans-la-mise-en-oeuvre-dune-vision-integree-fondee-sur-la-creation-demplois-productifs-et-durables\/\" \/>\n<meta property=\"og:locale\" content=\"fr_FR\" \/>\n<meta property=\"og:type\" content=\"article\" \/>\n<meta property=\"og:title\" content=\"Emploi: Le gouvernement engag\u00e9 dans la mise en \u0153uvre d\u2019une vision int\u00e9gr\u00e9e, fond\u00e9e sur la cr\u00e9ation d\u2019emplois productifs et durables - Dpress.ma\/fr\" \/>\n<meta property=\"og:description\" content=\"Dpress Le ministre de l\u2019Inclusion \u00e9conomique, de la Petite entreprise, de l\u2019Emploi et des Comp\u00e9tences, Younes Sekkouri, a affirm\u00e9, jeudi, que le gouvernement, en ex\u00e9cution des Hautes Orientations de Sa Majest\u00e9 le Roi Mohammed VI, s\u2019est engag\u00e9 dans la mise en \u0153uvre d\u2019une vision int\u00e9gr\u00e9e fond\u00e9e sur la cr\u00e9ation d\u2019emplois productifs et durables, la qualification &hellip;\" \/>\n<meta property=\"og:url\" content=\"https:\/\/dpress.ma\/fr\/2026\/05\/02\/emploi-le-gouvernement-engage-dans-la-mise-en-oeuvre-dune-vision-integree-fondee-sur-la-creation-demplois-productifs-et-durables\/\" \/>\n<meta property=\"og:site_name\" content=\"Dpress.ma\/fr\" \/>\n<meta property=\"article:published_time\" content=\"2026-05-02T08:55:04+00:00\" \/>\n<meta property=\"article:modified_time\" content=\"2026-05-02T08:55:05+00:00\" \/>\n<meta property=\"og:image\" content=\"https:\/\/dpress.ma\/fr\/wp-content\/uploads\/sites\/2\/2026\/05\/20.jpg\" \/>\n\t<meta property=\"og:image:width\" content=\"2539\" \/>\n\t<meta property=\"og:image:height\" content=\"1594\" \/>\n\t<meta property=\"og:image:type\" content=\"image\/jpeg\" \/>\n<meta name=\"author\" content=\"Dpress.ma\" \/>\n<meta name=\"twitter:card\" content=\"summary_large_image\" \/>\n<meta name=\"twitter:label1\" content=\"\u00c9crit par\" \/>\n\t<meta name=\"twitter:data1\" content=\"Dpress.ma\" \/>\n\t<meta name=\"twitter:label2\" content=\"Dur\u00e9e de lecture estim\u00e9e\" \/>\n\t<meta name=\"twitter:data2\" content=\"5 minutes\" \/>\n<script type=\"application\/ld+json\" class=\"yoast-schema-graph\">{\"@context\":\"https:\\\/\\\/schema.org\",\"@graph\":[{\"@type\":\"Article\",\"@id\":\"https:\\\/\\\/dpress.ma\\\/fr\\\/2026\\\/05\\\/02\\\/emploi-le-gouvernement-engage-dans-la-mise-en-oeuvre-dune-vision-integree-fondee-sur-la-creation-demplois-productifs-et-durables\\\/#article\",\"isPartOf\":{\"@id\":\"https:\\\/\\\/dpress.ma\\\/fr\\\/2026\\\/05\\\/02\\\/emploi-le-gouvernement-engage-dans-la-mise-en-oeuvre-dune-vision-integree-fondee-sur-la-creation-demplois-productifs-et-durables\\\/\"},\"author\":{\"name\":\"Dpress.ma\",\"@id\":\"https:\\\/\\\/dpress.ma\\\/fr\\\/#\\\/schema\\\/person\\\/4898febf3ccd59e6578d838656a306a0\"},\"headline\":\"Emploi: Le gouvernement engag\u00e9 dans la mise en \u0153uvre d\u2019une vision int\u00e9gr\u00e9e, fond\u00e9e sur la cr\u00e9ation d\u2019emplois productifs et durables\",\"datePublished\":\"2026-05-02T08:55:04+00:00\",\"dateModified\":\"2026-05-02T08:55:05+00:00\",\"mainEntityOfPage\":{\"@id\":\"https:\\\/\\\/dpress.ma\\\/fr\\\/2026\\\/05\\\/02\\\/emploi-le-gouvernement-engage-dans-la-mise-en-oeuvre-dune-vision-integree-fondee-sur-la-creation-demplois-productifs-et-durables\\\/\"},\"wordCount\":1075,\"commentCount\":0,\"image\":{\"@id\":\"https:\\\/\\\/dpress.ma\\\/fr\\\/2026\\\/05\\\/02\\\/emploi-le-gouvernement-engage-dans-la-mise-en-oeuvre-dune-vision-integree-fondee-sur-la-creation-demplois-productifs-et-durables\\\/#primaryimage\"},\"thumbnailUrl\":\"https:\\\/\\\/dpress.ma\\\/fr\\\/wp-content\\\/uploads\\\/sites\\\/2\\\/2026\\\/05\\\/20.jpg\",\"articleSection\":[\"Politiques\"],\"inLanguage\":\"fr-FR\",\"potentialAction\":[{\"@type\":\"CommentAction\",\"name\":\"Comment\",\"target\":[\"https:\\\/\\\/dpress.ma\\\/fr\\\/2026\\\/05\\\/02\\\/emploi-le-gouvernement-engage-dans-la-mise-en-oeuvre-dune-vision-integree-fondee-sur-la-creation-demplois-productifs-et-durables\\\/#respond\"]}]},{\"@type\":\"WebPage\",\"@id\":\"https:\\\/\\\/dpress.ma\\\/fr\\\/2026\\\/05\\\/02\\\/emploi-le-gouvernement-engage-dans-la-mise-en-oeuvre-dune-vision-integree-fondee-sur-la-creation-demplois-productifs-et-durables\\\/\",\"url\":\"https:\\\/\\\/dpress.ma\\\/fr\\\/2026\\\/05\\\/02\\\/emploi-le-gouvernement-engage-dans-la-mise-en-oeuvre-dune-vision-integree-fondee-sur-la-creation-demplois-productifs-et-durables\\\/\",\"name\":\"Emploi: Le gouvernement engag\u00e9 dans la mise en \u0153uvre d\u2019une vision int\u00e9gr\u00e9e, fond\u00e9e sur la cr\u00e9ation d\u2019emplois productifs et durables - Dpress.ma\\\/fr\",\"isPartOf\":{\"@id\":\"https:\\\/\\\/dpress.ma\\\/fr\\\/#website\"},\"primaryImageOfPage\":{\"@id\":\"https:\\\/\\\/dpress.ma\\\/fr\\\/2026\\\/05\\\/02\\\/emploi-le-gouvernement-engage-dans-la-mise-en-oeuvre-dune-vision-integree-fondee-sur-la-creation-demplois-productifs-et-durables\\\/#primaryimage\"},\"image\":{\"@id\":\"https:\\\/\\\/dpress.ma\\\/fr\\\/2026\\\/05\\\/02\\\/emploi-le-gouvernement-engage-dans-la-mise-en-oeuvre-dune-vision-integree-fondee-sur-la-creation-demplois-productifs-et-durables\\\/#primaryimage\"},\"thumbnailUrl\":\"https:\\\/\\\/dpress.ma\\\/fr\\\/wp-content\\\/uploads\\\/sites\\\/2\\\/2026\\\/05\\\/20.jpg\",\"datePublished\":\"2026-05-02T08:55:04+00:00\",\"dateModified\":\"2026-05-02T08:55:05+00:00\",\"author\":{\"@id\":\"https:\\\/\\\/dpress.ma\\\/fr\\\/#\\\/schema\\\/person\\\/4898febf3ccd59e6578d838656a306a0\"},\"breadcrumb\":{\"@id\":\"https:\\\/\\\/dpress.ma\\\/fr\\\/2026\\\/05\\\/02\\\/emploi-le-gouvernement-engage-dans-la-mise-en-oeuvre-dune-vision-integree-fondee-sur-la-creation-demplois-productifs-et-durables\\\/#breadcrumb\"},\"inLanguage\":\"fr-FR\",\"potentialAction\":[{\"@type\":\"ReadAction\",\"target\":[\"https:\\\/\\\/dpress.ma\\\/fr\\\/2026\\\/05\\\/02\\\/emploi-le-gouvernement-engage-dans-la-mise-en-oeuvre-dune-vision-integree-fondee-sur-la-creation-demplois-productifs-et-durables\\\/\"]}]},{\"@type\":\"ImageObject\",\"inLanguage\":\"fr-FR\",\"@id\":\"https:\\\/\\\/dpress.ma\\\/fr\\\/2026\\\/05\\\/02\\\/emploi-le-gouvernement-engage-dans-la-mise-en-oeuvre-dune-vision-integree-fondee-sur-la-creation-demplois-productifs-et-durables\\\/#primaryimage\",\"url\":\"https:\\\/\\\/dpress.ma\\\/fr\\\/wp-content\\\/uploads\\\/sites\\\/2\\\/2026\\\/05\\\/20.jpg\",\"contentUrl\":\"https:\\\/\\\/dpress.ma\\\/fr\\\/wp-content\\\/uploads\\\/sites\\\/2\\\/2026\\\/05\\\/20.jpg\",\"width\":2539,\"height\":1594},{\"@type\":\"BreadcrumbList\",\"@id\":\"https:\\\/\\\/dpress.ma\\\/fr\\\/2026\\\/05\\\/02\\\/emploi-le-gouvernement-engage-dans-la-mise-en-oeuvre-dune-vision-integree-fondee-sur-la-creation-demplois-productifs-et-durables\\\/#breadcrumb\",\"itemListElement\":[{\"@type\":\"ListItem\",\"position\":1,\"name\":\"Home\",\"item\":\"https:\\\/\\\/dpress.ma\\\/fr\\\/\"},{\"@type\":\"ListItem\",\"position\":2,\"name\":\"Emploi: Le gouvernement engag\u00e9 dans la mise en \u0153uvre d\u2019une vision int\u00e9gr\u00e9e, fond\u00e9e sur la cr\u00e9ation d\u2019emplois productifs et durables\"}]},{\"@type\":\"WebSite\",\"@id\":\"https:\\\/\\\/dpress.ma\\\/fr\\\/#website\",\"url\":\"https:\\\/\\\/dpress.ma\\\/fr\\\/\",\"name\":\"Dpress.ma\\\/fr\",\"description\":\"\",\"potentialAction\":[{\"@type\":\"SearchAction\",\"target\":{\"@type\":\"EntryPoint\",\"urlTemplate\":\"https:\\\/\\\/dpress.ma\\\/fr\\\/?s={search_term_string}\"},\"query-input\":{\"@type\":\"PropertyValueSpecification\",\"valueRequired\":true,\"valueName\":\"search_term_string\"}}],\"inLanguage\":\"fr-FR\"},{\"@type\":\"Person\",\"@id\":\"https:\\\/\\\/dpress.ma\\\/fr\\\/#\\\/schema\\\/person\\\/4898febf3ccd59e6578d838656a306a0\",\"name\":\"Dpress.ma\",\"image\":{\"@type\":\"ImageObject\",\"inLanguage\":\"fr-FR\",\"@id\":\"https:\\\/\\\/secure.gravatar.com\\\/avatar\\\/72ecc30e9db047a2e0e7176561eb9d564ed77c8108376495b19bd8336405198a?s=96&d=mm&r=g\",\"url\":\"https:\\\/\\\/secure.gravatar.com\\\/avatar\\\/72ecc30e9db047a2e0e7176561eb9d564ed77c8108376495b19bd8336405198a?s=96&d=mm&r=g\",\"contentUrl\":\"https:\\\/\\\/secure.gravatar.com\\\/avatar\\\/72ecc30e9db047a2e0e7176561eb9d564ed77c8108376495b19bd8336405198a?s=96&d=mm&r=g\",\"caption\":\"Dpress.ma\"},\"sameAs\":[\"https:\\\/\\\/www.dpress.ma\"],\"url\":\"https:\\\/\\\/dpress.ma\\\/fr\\\/author\\\/dpress-ma\\\/\"}]}<\/script>\n<!-- \/ Yoast SEO plugin. -->","yoast_head_json":{"title":"Emploi: Le gouvernement engag\u00e9 dans la mise en \u0153uvre d\u2019une vision int\u00e9gr\u00e9e, fond\u00e9e sur la cr\u00e9ation d\u2019emplois productifs et durables - Dpress.ma\/fr","robots":{"index":"index","follow":"follow","max-snippet":"max-snippet:-1","max-image-preview":"max-image-preview:large","max-video-preview":"max-video-preview:-1"},"canonical":"https:\/\/dpress.ma\/fr\/2026\/05\/02\/emploi-le-gouvernement-engage-dans-la-mise-en-oeuvre-dune-vision-integree-fondee-sur-la-creation-demplois-productifs-et-durables\/","og_locale":"fr_FR","og_type":"article","og_title":"Emploi: Le gouvernement engag\u00e9 dans la mise en \u0153uvre d\u2019une vision int\u00e9gr\u00e9e, fond\u00e9e sur la cr\u00e9ation d\u2019emplois productifs et durables - Dpress.ma\/fr","og_description":"Dpress Le ministre de l\u2019Inclusion \u00e9conomique, de la Petite entreprise, de l\u2019Emploi et des Comp\u00e9tences, Younes Sekkouri, a affirm\u00e9, jeudi, que le gouvernement, en ex\u00e9cution des Hautes Orientations de Sa Majest\u00e9 le Roi Mohammed VI, s\u2019est engag\u00e9 dans la mise en \u0153uvre d\u2019une vision int\u00e9gr\u00e9e fond\u00e9e sur la cr\u00e9ation d\u2019emplois productifs et durables, la qualification &hellip;","og_url":"https:\/\/dpress.ma\/fr\/2026\/05\/02\/emploi-le-gouvernement-engage-dans-la-mise-en-oeuvre-dune-vision-integree-fondee-sur-la-creation-demplois-productifs-et-durables\/","og_site_name":"Dpress.ma\/fr","article_published_time":"2026-05-02T08:55:04+00:00","article_modified_time":"2026-05-02T08:55:05+00:00","og_image":[{"width":2539,"height":1594,"url":"https:\/\/dpress.ma\/fr\/wp-content\/uploads\/sites\/2\/2026\/05\/20.jpg","type":"image\/jpeg"}],"author":"Dpress.ma","twitter_card":"summary_large_image","twitter_misc":{"\u00c9crit par":"Dpress.ma","Dur\u00e9e de lecture estim\u00e9e":"5 minutes"},"schema":{"@context":"https:\/\/schema.org","@graph":[{"@type":"Article","@id":"https:\/\/dpress.ma\/fr\/2026\/05\/02\/emploi-le-gouvernement-engage-dans-la-mise-en-oeuvre-dune-vision-integree-fondee-sur-la-creation-demplois-productifs-et-durables\/#article","isPartOf":{"@id":"https:\/\/dpress.ma\/fr\/2026\/05\/02\/emploi-le-gouvernement-engage-dans-la-mise-en-oeuvre-dune-vision-integree-fondee-sur-la-creation-demplois-productifs-et-durables\/"},"author":{"name":"Dpress.ma","@id":"https:\/\/dpress.ma\/fr\/#\/schema\/person\/4898febf3ccd59e6578d838656a306a0"},"headline":"Emploi: Le gouvernement engag\u00e9 dans la mise en \u0153uvre d\u2019une vision int\u00e9gr\u00e9e, fond\u00e9e sur la cr\u00e9ation d\u2019emplois productifs et durables","datePublished":"2026-05-02T08:55:04+00:00","dateModified":"2026-05-02T08:55:05+00:00","mainEntityOfPage":{"@id":"https:\/\/dpress.ma\/fr\/2026\/05\/02\/emploi-le-gouvernement-engage-dans-la-mise-en-oeuvre-dune-vision-integree-fondee-sur-la-creation-demplois-productifs-et-durables\/"},"wordCount":1075,"commentCount":0,"image":{"@id":"https:\/\/dpress.ma\/fr\/2026\/05\/02\/emploi-le-gouvernement-engage-dans-la-mise-en-oeuvre-dune-vision-integree-fondee-sur-la-creation-demplois-productifs-et-durables\/#primaryimage"},"thumbnailUrl":"https:\/\/dpress.ma\/fr\/wp-content\/uploads\/sites\/2\/2026\/05\/20.jpg","articleSection":["Politiques"],"inLanguage":"fr-FR","potentialAction":[{"@type":"CommentAction","name":"Comment","target":["https:\/\/dpress.ma\/fr\/2026\/05\/02\/emploi-le-gouvernement-engage-dans-la-mise-en-oeuvre-dune-vision-integree-fondee-sur-la-creation-demplois-productifs-et-durables\/#respond"]}]},{"@type":"WebPage","@id":"https:\/\/dpress.ma\/fr\/2026\/05\/02\/emploi-le-gouvernement-engage-dans-la-mise-en-oeuvre-dune-vision-integree-fondee-sur-la-creation-demplois-productifs-et-durables\/","url":"https:\/\/dpress.ma\/fr\/2026\/05\/02\/emploi-le-gouvernement-engage-dans-la-mise-en-oeuvre-dune-vision-integree-fondee-sur-la-creation-demplois-productifs-et-durables\/","name":"Emploi: Le gouvernement engag\u00e9 dans la mise en \u0153uvre d\u2019une vision int\u00e9gr\u00e9e, fond\u00e9e sur la cr\u00e9ation d\u2019emplois productifs et durables - Dpress.ma\/fr","isPartOf":{"@id":"https:\/\/dpress.ma\/fr\/#website"},"primaryImageOfPage":{"@id":"https:\/\/dpress.ma\/fr\/2026\/05\/02\/emploi-le-gouvernement-engage-dans-la-mise-en-oeuvre-dune-vision-integree-fondee-sur-la-creation-demplois-productifs-et-durables\/#primaryimage"},"image":{"@id":"https:\/\/dpress.ma\/fr\/2026\/05\/02\/emploi-le-gouvernement-engage-dans-la-mise-en-oeuvre-dune-vision-integree-fondee-sur-la-creation-demplois-productifs-et-durables\/#primaryimage"},"thumbnailUrl":"https:\/\/dpress.ma\/fr\/wp-content\/uploads\/sites\/2\/2026\/05\/20.jpg","datePublished":"2026-05-02T08:55:04+00:00","dateModified":"2026-05-02T08:55:05+00:00","author":{"@id":"https:\/\/dpress.ma\/fr\/#\/schema\/person\/4898febf3ccd59e6578d838656a306a0"},"breadcrumb":{"@id":"https:\/\/dpress.ma\/fr\/2026\/05\/02\/emploi-le-gouvernement-engage-dans-la-mise-en-oeuvre-dune-vision-integree-fondee-sur-la-creation-demplois-productifs-et-durables\/#breadcrumb"},"inLanguage":"fr-FR","potentialAction":[{"@type":"ReadAction","target":["https:\/\/dpress.ma\/fr\/2026\/05\/02\/emploi-le-gouvernement-engage-dans-la-mise-en-oeuvre-dune-vision-integree-fondee-sur-la-creation-demplois-productifs-et-durables\/"]}]},{"@type":"ImageObject","inLanguage":"fr-FR","@id":"https:\/\/dpress.ma\/fr\/2026\/05\/02\/emploi-le-gouvernement-engage-dans-la-mise-en-oeuvre-dune-vision-integree-fondee-sur-la-creation-demplois-productifs-et-durables\/#primaryimage","url":"https:\/\/dpress.ma\/fr\/wp-content\/uploads\/sites\/2\/2026\/05\/20.jpg","contentUrl":"https:\/\/dpress.ma\/fr\/wp-content\/uploads\/sites\/2\/2026\/05\/20.jpg","width":2539,"height":1594},{"@type":"BreadcrumbList","@id":"https:\/\/dpress.ma\/fr\/2026\/05\/02\/emploi-le-gouvernement-engage-dans-la-mise-en-oeuvre-dune-vision-integree-fondee-sur-la-creation-demplois-productifs-et-durables\/#breadcrumb","itemListElement":[{"@type":"ListItem","position":1,"name":"Home","item":"https:\/\/dpress.ma\/fr\/"},{"@type":"ListItem","position":2,"name":"Emploi: Le gouvernement engag\u00e9 dans la mise en \u0153uvre d\u2019une vision int\u00e9gr\u00e9e, fond\u00e9e sur la cr\u00e9ation d\u2019emplois productifs et durables"}]},{"@type":"WebSite","@id":"https:\/\/dpress.ma\/fr\/#website","url":"https:\/\/dpress.ma\/fr\/","name":"Dpress.ma\/fr","description":"","potentialAction":[{"@type":"SearchAction","target":{"@type":"EntryPoint","urlTemplate":"https:\/\/dpress.ma\/fr\/?s={search_term_string}"},"query-input":{"@type":"PropertyValueSpecification","valueRequired":true,"valueName":"search_term_string"}}],"inLanguage":"fr-FR"},{"@type":"Person","@id":"https:\/\/dpress.ma\/fr\/#\/schema\/person\/4898febf3ccd59e6578d838656a306a0","name":"Dpress.ma","image":{"@type":"ImageObject","inLanguage":"fr-FR","@id":"https:\/\/secure.gravatar.com\/avatar\/72ecc30e9db047a2e0e7176561eb9d564ed77c8108376495b19bd8336405198a?s=96&d=mm&r=g","url":"https:\/\/secure.gravatar.com\/avatar\/72ecc30e9db047a2e0e7176561eb9d564ed77c8108376495b19bd8336405198a?s=96&d=mm&r=g","contentUrl":"https:\/\/secure.gravatar.com\/avatar\/72ecc30e9db047a2e0e7176561eb9d564ed77c8108376495b19bd8336405198a?s=96&d=mm&r=g","caption":"Dpress.ma"},"sameAs":["https:\/\/www.dpress.ma"],"url":"https:\/\/dpress.ma\/fr\/author\/dpress-ma\/"}]}},"amp_enabled":true,"_links":{"self":[{"href":"https:\/\/dpress.ma\/fr\/wp-json\/wp\/v2\/posts\/29797","targetHints":{"allow":["GET"]}}],"collection":[{"href":"https:\/\/dpress.ma\/fr\/wp-json\/wp\/v2\/posts"}],"about":[{"href":"https:\/\/dpress.ma\/fr\/wp-json\/wp\/v2\/types\/post"}],"author":[{"embeddable":true,"href":"https:\/\/dpress.ma\/fr\/wp-json\/wp\/v2\/users\/2"}],"replies":[{"embeddable":true,"href":"https:\/\/dpress.ma\/fr\/wp-json\/wp\/v2\/comments?post=29797"}],"version-history":[{"count":1,"href":"https:\/\/dpress.ma\/fr\/wp-json\/wp\/v2\/posts\/29797\/revisions"}],"predecessor-version":[{"id":29799,"href":"https:\/\/dpress.ma\/fr\/wp-json\/wp\/v2\/posts\/29797\/revisions\/29799"}],"wp:featuredmedia":[{"embeddable":true,"href":"https:\/\/dpress.ma\/fr\/wp-json\/wp\/v2\/media\/29798"}],"wp:attachment":[{"href":"https:\/\/dpress.ma\/fr\/wp-json\/wp\/v2\/media?parent=29797"}],"wp:term":[{"taxonomy":"category","embeddable":true,"href":"https:\/\/dpress.ma\/fr\/wp-json\/wp\/v2\/categories?post=29797"},{"taxonomy":"post_tag","embeddable":true,"href":"https:\/\/dpress.ma\/fr\/wp-json\/wp\/v2\/tags?post=29797"}],"curies":[{"name":"wp","href":"https:\/\/api.w.org\/{rel}","templated":true}]}}