{"id":29794,"date":"2026-05-02T08:54:12","date_gmt":"2026-05-02T08:54:12","guid":{"rendered":"https:\/\/dpress.ma\/fr\/?p=29794"},"modified":"2026-05-02T08:54:13","modified_gmt":"2026-05-02T08:54:13","slug":"rabat-accord-social-entre-le-ministere-de-la-transition-numerique-et-de-la-reforme-de-ladministration-et-un-syndicat-du-secteur","status":"publish","type":"post","link":"https:\/\/dpress.ma\/fr\/2026\/05\/02\/rabat-accord-social-entre-le-ministere-de-la-transition-numerique-et-de-la-reforme-de-ladministration-et-un-syndicat-du-secteur\/","title":{"rendered":"Rabat : accord social entre le minist\u00e8re de la Transition num\u00e9rique et de la R\u00e9forme de l\u2019administration et un syndicat du secteur"},"content":{"rendered":"\n<p>Dpress<\/p>\n\n\n\n<p>Le minist\u00e8re de la Transition num\u00e9rique et de la R\u00e9forme de l\u2019administration et le Syndicat national de la r\u00e9forme de l\u2019administration, affili\u00e9 \u00e0 l\u2019Union marocaine du travail (UMT), ont sign\u00e9, jeudi \u00e0 Rabat, un accord social visant \u00e0 examiner les questions professionnelles, mat\u00e9rielles et sociales des fonctionnaires du secteur.<\/p>\n\n\n\n<p>Cet accord, dont la c\u00e9r\u00e9monie de signature a \u00e9t\u00e9 pr\u00e9sid\u00e9e par la ministre d\u00e9l\u00e9gu\u00e9e charg\u00e9e de la Transition num\u00e9rique et de la R\u00e9forme de l\u2019administration, Amal El Fallah Seghrouchni, intervient en r\u00e9ponse \u00e0 des revendications formul\u00e9es par le syndicat, dans le cadre d\u2019un processus de dialogue et de concertation visant \u00e0 renforcer le partenariat social.<\/p>\n\n\n\n<p>Dans ce cadre, deux m\u00e9morandums ont \u00e9t\u00e9 sign\u00e9s, portant respectivement sur la cons\u00e9cration de l\u2019approche genre et de l\u2019\u00e9galit\u00e9 professionnelle entre les sexes, ainsi que sur la promotion de l\u2019int\u00e9gration globale et \u00e9quitable des fonctionnaires en situation de handicap.<\/p>\n\n\n\n<p>Dans une allocution, Mme Seghrouchni a soulign\u00e9 que cet accord vise \u00e0 instaurer des incitations institutionnelles, mat\u00e9rielles et sociales \u00e0 m\u00eame d\u2019am\u00e9liorer les conditions de travail, de renforcer la motivation professionnelle et de valoriser les comp\u00e9tences.<\/p>\n\n\n\n<p>Elle a ajout\u00e9 que cet accord s\u2019inscrit dans le cadre de l\u2019institutionnalisation d\u2019une approche fond\u00e9e sur l\u2019\u00e9galit\u00e9 professionnelle et l\u2019inclusion, de nature \u00e0 promouvoir une culture professionnelle bas\u00e9e sur la justice, l\u2019\u00e9quit\u00e9 et la valorisation des comp\u00e9tences, contribuant ainsi \u00e0 am\u00e9liorer la qualit\u00e9 des services publics.<\/p>\n\n\n\n<p>La ministre a, par ailleurs, relev\u00e9 que cette \u00e9tape constitue une nouvelle pierre \u00e0 l\u2019\u00e9difice d\u2019une administration moderne, efficace et ouverte, soulignant que le succ\u00e8s de toute r\u00e9forme administrative passe \u201cforc\u00e9ment\u201d par une implication effective des repr\u00e9sentants des fonctionnaires.<\/p>\n\n\n\n<p>De son c\u00f4t\u00e9, le secr\u00e9taire g\u00e9n\u00e9ral du syndicat, Mohamed Boutayeb, a affirm\u00e9 que cet accord comporte plusieurs acquis, notamment l\u2019\u00e9laboration d\u2019un statut particulier au profit des fonctionnaires et des initiatives visant \u00e0 valoriser le capital humain.<\/p>\n\n\n\n<p>Il a \u00e9galement indiqu\u00e9 que cet accord jette les bases d\u2019un mod\u00e8le institutionnel fond\u00e9 sur la consolidation de la d\u00e9mocratie participative et la promotion de la transformation num\u00e9rique et de la r\u00e9forme de l\u2019administration.<\/p>\n\n\n\n<p>Cet accord social constitue une \u00e9tape qualitative dans le processus du dialogue social au sein du minist\u00e8re, en ce sens qu\u2019il s\u2019agit du premier accord depuis la cr\u00e9ation de ce d\u00e9partement il y a plus de 68 ans.<\/p>\n","protected":false},"excerpt":{"rendered":"<p>Dpress Le minist\u00e8re de la Transition num\u00e9rique et de la R\u00e9forme de l\u2019administration et le Syndicat national de la r\u00e9forme de l\u2019administration, affili\u00e9 \u00e0 l\u2019Union marocaine du travail (UMT), ont sign\u00e9, jeudi \u00e0 Rabat, un accord social visant \u00e0 examiner les questions professionnelles, mat\u00e9rielles et sociales des fonctionnaires du secteur. Cet accord, dont la c\u00e9r\u00e9monie &hellip;<\/p>\n","protected":false},"author":2,"featured_media":29795,"comment_status":"open","ping_status":"open","sticky":false,"template":"","format":"standard","meta":{"footnotes":""},"categories":[26],"tags":[],"class_list":["post-29794","post","type-post","status-publish","format-standard","has-post-thumbnail","hentry","category-politiques"],"yoast_head":"<!-- This site is optimized with the Yoast SEO plugin v27.5 - https:\/\/yoast.com\/product\/yoast-seo-wordpress\/ -->\n<title>Rabat : accord social entre le minist\u00e8re de la Transition num\u00e9rique et de la R\u00e9forme de l\u2019administration et un syndicat du secteur - Dpress.ma\/fr<\/title>\n<meta name=\"robots\" content=\"index, follow, max-snippet:-1, max-image-preview:large, max-video-preview:-1\" \/>\n<link rel=\"canonical\" href=\"https:\/\/dpress.ma\/fr\/2026\/05\/02\/rabat-accord-social-entre-le-ministere-de-la-transition-numerique-et-de-la-reforme-de-ladministration-et-un-syndicat-du-secteur\/\" \/>\n<meta property=\"og:locale\" content=\"fr_FR\" \/>\n<meta property=\"og:type\" content=\"article\" \/>\n<meta property=\"og:title\" content=\"Rabat : accord social entre le minist\u00e8re de la Transition num\u00e9rique et de la R\u00e9forme de l\u2019administration et un syndicat du secteur - Dpress.ma\/fr\" \/>\n<meta property=\"og:description\" content=\"Dpress Le minist\u00e8re de la Transition num\u00e9rique et de la R\u00e9forme de l\u2019administration et le Syndicat national de la r\u00e9forme de l\u2019administration, affili\u00e9 \u00e0 l\u2019Union marocaine du travail (UMT), ont sign\u00e9, jeudi \u00e0 Rabat, un accord social visant \u00e0 examiner les questions professionnelles, mat\u00e9rielles et sociales des fonctionnaires du secteur. Cet accord, dont la c\u00e9r\u00e9monie &hellip;\" \/>\n<meta property=\"og:url\" content=\"https:\/\/dpress.ma\/fr\/2026\/05\/02\/rabat-accord-social-entre-le-ministere-de-la-transition-numerique-et-de-la-reforme-de-ladministration-et-un-syndicat-du-secteur\/\" \/>\n<meta property=\"og:site_name\" content=\"Dpress.ma\/fr\" \/>\n<meta property=\"article:published_time\" content=\"2026-05-02T08:54:12+00:00\" \/>\n<meta property=\"article:modified_time\" content=\"2026-05-02T08:54:13+00:00\" \/>\n<meta property=\"og:image\" content=\"https:\/\/dpress.ma\/fr\/wp-content\/uploads\/sites\/2\/2026\/05\/19.jpg\" \/>\n\t<meta property=\"og:image:width\" content=\"2539\" \/>\n\t<meta property=\"og:image:height\" content=\"1594\" \/>\n\t<meta property=\"og:image:type\" content=\"image\/jpeg\" \/>\n<meta name=\"author\" content=\"Dpress.ma\" \/>\n<meta name=\"twitter:card\" content=\"summary_large_image\" \/>\n<meta name=\"twitter:label1\" content=\"\u00c9crit par\" \/>\n\t<meta name=\"twitter:data1\" content=\"Dpress.ma\" \/>\n\t<meta name=\"twitter:label2\" content=\"Dur\u00e9e de lecture estim\u00e9e\" \/>\n\t<meta name=\"twitter:data2\" content=\"2 minutes\" \/>\n<script type=\"application\/ld+json\" class=\"yoast-schema-graph\">{\"@context\":\"https:\\\/\\\/schema.org\",\"@graph\":[{\"@type\":\"Article\",\"@id\":\"https:\\\/\\\/dpress.ma\\\/fr\\\/2026\\\/05\\\/02\\\/rabat-accord-social-entre-le-ministere-de-la-transition-numerique-et-de-la-reforme-de-ladministration-et-un-syndicat-du-secteur\\\/#article\",\"isPartOf\":{\"@id\":\"https:\\\/\\\/dpress.ma\\\/fr\\\/2026\\\/05\\\/02\\\/rabat-accord-social-entre-le-ministere-de-la-transition-numerique-et-de-la-reforme-de-ladministration-et-un-syndicat-du-secteur\\\/\"},\"author\":{\"name\":\"Dpress.ma\",\"@id\":\"https:\\\/\\\/dpress.ma\\\/fr\\\/#\\\/schema\\\/person\\\/4898febf3ccd59e6578d838656a306a0\"},\"headline\":\"Rabat : accord social entre le minist\u00e8re de la Transition num\u00e9rique et de la R\u00e9forme de l\u2019administration et un syndicat du secteur\",\"datePublished\":\"2026-05-02T08:54:12+00:00\",\"dateModified\":\"2026-05-02T08:54:13+00:00\",\"mainEntityOfPage\":{\"@id\":\"https:\\\/\\\/dpress.ma\\\/fr\\\/2026\\\/05\\\/02\\\/rabat-accord-social-entre-le-ministere-de-la-transition-numerique-et-de-la-reforme-de-ladministration-et-un-syndicat-du-secteur\\\/\"},\"wordCount\":453,\"commentCount\":0,\"image\":{\"@id\":\"https:\\\/\\\/dpress.ma\\\/fr\\\/2026\\\/05\\\/02\\\/rabat-accord-social-entre-le-ministere-de-la-transition-numerique-et-de-la-reforme-de-ladministration-et-un-syndicat-du-secteur\\\/#primaryimage\"},\"thumbnailUrl\":\"https:\\\/\\\/dpress.ma\\\/fr\\\/wp-content\\\/uploads\\\/sites\\\/2\\\/2026\\\/05\\\/19.jpg\",\"articleSection\":[\"Politiques\"],\"inLanguage\":\"fr-FR\",\"potentialAction\":[{\"@type\":\"CommentAction\",\"name\":\"Comment\",\"target\":[\"https:\\\/\\\/dpress.ma\\\/fr\\\/2026\\\/05\\\/02\\\/rabat-accord-social-entre-le-ministere-de-la-transition-numerique-et-de-la-reforme-de-ladministration-et-un-syndicat-du-secteur\\\/#respond\"]}]},{\"@type\":\"WebPage\",\"@id\":\"https:\\\/\\\/dpress.ma\\\/fr\\\/2026\\\/05\\\/02\\\/rabat-accord-social-entre-le-ministere-de-la-transition-numerique-et-de-la-reforme-de-ladministration-et-un-syndicat-du-secteur\\\/\",\"url\":\"https:\\\/\\\/dpress.ma\\\/fr\\\/2026\\\/05\\\/02\\\/rabat-accord-social-entre-le-ministere-de-la-transition-numerique-et-de-la-reforme-de-ladministration-et-un-syndicat-du-secteur\\\/\",\"name\":\"Rabat : accord social entre le minist\u00e8re de la Transition num\u00e9rique et de la R\u00e9forme de l\u2019administration et un syndicat du secteur - Dpress.ma\\\/fr\",\"isPartOf\":{\"@id\":\"https:\\\/\\\/dpress.ma\\\/fr\\\/#website\"},\"primaryImageOfPage\":{\"@id\":\"https:\\\/\\\/dpress.ma\\\/fr\\\/2026\\\/05\\\/02\\\/rabat-accord-social-entre-le-ministere-de-la-transition-numerique-et-de-la-reforme-de-ladministration-et-un-syndicat-du-secteur\\\/#primaryimage\"},\"image\":{\"@id\":\"https:\\\/\\\/dpress.ma\\\/fr\\\/2026\\\/05\\\/02\\\/rabat-accord-social-entre-le-ministere-de-la-transition-numerique-et-de-la-reforme-de-ladministration-et-un-syndicat-du-secteur\\\/#primaryimage\"},\"thumbnailUrl\":\"https:\\\/\\\/dpress.ma\\\/fr\\\/wp-content\\\/uploads\\\/sites\\\/2\\\/2026\\\/05\\\/19.jpg\",\"datePublished\":\"2026-05-02T08:54:12+00:00\",\"dateModified\":\"2026-05-02T08:54:13+00:00\",\"author\":{\"@id\":\"https:\\\/\\\/dpress.ma\\\/fr\\\/#\\\/schema\\\/person\\\/4898febf3ccd59e6578d838656a306a0\"},\"breadcrumb\":{\"@id\":\"https:\\\/\\\/dpress.ma\\\/fr\\\/2026\\\/05\\\/02\\\/rabat-accord-social-entre-le-ministere-de-la-transition-numerique-et-de-la-reforme-de-ladministration-et-un-syndicat-du-secteur\\\/#breadcrumb\"},\"inLanguage\":\"fr-FR\",\"potentialAction\":[{\"@type\":\"ReadAction\",\"target\":[\"https:\\\/\\\/dpress.ma\\\/fr\\\/2026\\\/05\\\/02\\\/rabat-accord-social-entre-le-ministere-de-la-transition-numerique-et-de-la-reforme-de-ladministration-et-un-syndicat-du-secteur\\\/\"]}]},{\"@type\":\"ImageObject\",\"inLanguage\":\"fr-FR\",\"@id\":\"https:\\\/\\\/dpress.ma\\\/fr\\\/2026\\\/05\\\/02\\\/rabat-accord-social-entre-le-ministere-de-la-transition-numerique-et-de-la-reforme-de-ladministration-et-un-syndicat-du-secteur\\\/#primaryimage\",\"url\":\"https:\\\/\\\/dpress.ma\\\/fr\\\/wp-content\\\/uploads\\\/sites\\\/2\\\/2026\\\/05\\\/19.jpg\",\"contentUrl\":\"https:\\\/\\\/dpress.ma\\\/fr\\\/wp-content\\\/uploads\\\/sites\\\/2\\\/2026\\\/05\\\/19.jpg\",\"width\":2539,\"height\":1594},{\"@type\":\"BreadcrumbList\",\"@id\":\"https:\\\/\\\/dpress.ma\\\/fr\\\/2026\\\/05\\\/02\\\/rabat-accord-social-entre-le-ministere-de-la-transition-numerique-et-de-la-reforme-de-ladministration-et-un-syndicat-du-secteur\\\/#breadcrumb\",\"itemListElement\":[{\"@type\":\"ListItem\",\"position\":1,\"name\":\"Home\",\"item\":\"https:\\\/\\\/dpress.ma\\\/fr\\\/\"},{\"@type\":\"ListItem\",\"position\":2,\"name\":\"Rabat : accord social entre le minist\u00e8re de la Transition num\u00e9rique et de la R\u00e9forme de l\u2019administration et un syndicat du secteur\"}]},{\"@type\":\"WebSite\",\"@id\":\"https:\\\/\\\/dpress.ma\\\/fr\\\/#website\",\"url\":\"https:\\\/\\\/dpress.ma\\\/fr\\\/\",\"name\":\"Dpress.ma\\\/fr\",\"description\":\"\",\"potentialAction\":[{\"@type\":\"SearchAction\",\"target\":{\"@type\":\"EntryPoint\",\"urlTemplate\":\"https:\\\/\\\/dpress.ma\\\/fr\\\/?s={search_term_string}\"},\"query-input\":{\"@type\":\"PropertyValueSpecification\",\"valueRequired\":true,\"valueName\":\"search_term_string\"}}],\"inLanguage\":\"fr-FR\"},{\"@type\":\"Person\",\"@id\":\"https:\\\/\\\/dpress.ma\\\/fr\\\/#\\\/schema\\\/person\\\/4898febf3ccd59e6578d838656a306a0\",\"name\":\"Dpress.ma\",\"image\":{\"@type\":\"ImageObject\",\"inLanguage\":\"fr-FR\",\"@id\":\"https:\\\/\\\/secure.gravatar.com\\\/avatar\\\/72ecc30e9db047a2e0e7176561eb9d564ed77c8108376495b19bd8336405198a?s=96&d=mm&r=g\",\"url\":\"https:\\\/\\\/secure.gravatar.com\\\/avatar\\\/72ecc30e9db047a2e0e7176561eb9d564ed77c8108376495b19bd8336405198a?s=96&d=mm&r=g\",\"contentUrl\":\"https:\\\/\\\/secure.gravatar.com\\\/avatar\\\/72ecc30e9db047a2e0e7176561eb9d564ed77c8108376495b19bd8336405198a?s=96&d=mm&r=g\",\"caption\":\"Dpress.ma\"},\"sameAs\":[\"https:\\\/\\\/www.dpress.ma\"],\"url\":\"https:\\\/\\\/dpress.ma\\\/fr\\\/author\\\/dpress-ma\\\/\"}]}<\/script>\n<!-- \/ Yoast SEO plugin. -->","yoast_head_json":{"title":"Rabat : accord social entre le minist\u00e8re de la Transition num\u00e9rique et de la R\u00e9forme de l\u2019administration et un syndicat du secteur - Dpress.ma\/fr","robots":{"index":"index","follow":"follow","max-snippet":"max-snippet:-1","max-image-preview":"max-image-preview:large","max-video-preview":"max-video-preview:-1"},"canonical":"https:\/\/dpress.ma\/fr\/2026\/05\/02\/rabat-accord-social-entre-le-ministere-de-la-transition-numerique-et-de-la-reforme-de-ladministration-et-un-syndicat-du-secteur\/","og_locale":"fr_FR","og_type":"article","og_title":"Rabat : accord social entre le minist\u00e8re de la Transition num\u00e9rique et de la R\u00e9forme de l\u2019administration et un syndicat du secteur - Dpress.ma\/fr","og_description":"Dpress Le minist\u00e8re de la Transition num\u00e9rique et de la R\u00e9forme de l\u2019administration et le Syndicat national de la r\u00e9forme de l\u2019administration, affili\u00e9 \u00e0 l\u2019Union marocaine du travail (UMT), ont sign\u00e9, jeudi \u00e0 Rabat, un accord social visant \u00e0 examiner les questions professionnelles, mat\u00e9rielles et sociales des fonctionnaires du secteur. Cet accord, dont la c\u00e9r\u00e9monie &hellip;","og_url":"https:\/\/dpress.ma\/fr\/2026\/05\/02\/rabat-accord-social-entre-le-ministere-de-la-transition-numerique-et-de-la-reforme-de-ladministration-et-un-syndicat-du-secteur\/","og_site_name":"Dpress.ma\/fr","article_published_time":"2026-05-02T08:54:12+00:00","article_modified_time":"2026-05-02T08:54:13+00:00","og_image":[{"width":2539,"height":1594,"url":"https:\/\/dpress.ma\/fr\/wp-content\/uploads\/sites\/2\/2026\/05\/19.jpg","type":"image\/jpeg"}],"author":"Dpress.ma","twitter_card":"summary_large_image","twitter_misc":{"\u00c9crit par":"Dpress.ma","Dur\u00e9e de lecture estim\u00e9e":"2 minutes"},"schema":{"@context":"https:\/\/schema.org","@graph":[{"@type":"Article","@id":"https:\/\/dpress.ma\/fr\/2026\/05\/02\/rabat-accord-social-entre-le-ministere-de-la-transition-numerique-et-de-la-reforme-de-ladministration-et-un-syndicat-du-secteur\/#article","isPartOf":{"@id":"https:\/\/dpress.ma\/fr\/2026\/05\/02\/rabat-accord-social-entre-le-ministere-de-la-transition-numerique-et-de-la-reforme-de-ladministration-et-un-syndicat-du-secteur\/"},"author":{"name":"Dpress.ma","@id":"https:\/\/dpress.ma\/fr\/#\/schema\/person\/4898febf3ccd59e6578d838656a306a0"},"headline":"Rabat : accord social entre le minist\u00e8re de la Transition num\u00e9rique et de la R\u00e9forme de l\u2019administration et un syndicat du secteur","datePublished":"2026-05-02T08:54:12+00:00","dateModified":"2026-05-02T08:54:13+00:00","mainEntityOfPage":{"@id":"https:\/\/dpress.ma\/fr\/2026\/05\/02\/rabat-accord-social-entre-le-ministere-de-la-transition-numerique-et-de-la-reforme-de-ladministration-et-un-syndicat-du-secteur\/"},"wordCount":453,"commentCount":0,"image":{"@id":"https:\/\/dpress.ma\/fr\/2026\/05\/02\/rabat-accord-social-entre-le-ministere-de-la-transition-numerique-et-de-la-reforme-de-ladministration-et-un-syndicat-du-secteur\/#primaryimage"},"thumbnailUrl":"https:\/\/dpress.ma\/fr\/wp-content\/uploads\/sites\/2\/2026\/05\/19.jpg","articleSection":["Politiques"],"inLanguage":"fr-FR","potentialAction":[{"@type":"CommentAction","name":"Comment","target":["https:\/\/dpress.ma\/fr\/2026\/05\/02\/rabat-accord-social-entre-le-ministere-de-la-transition-numerique-et-de-la-reforme-de-ladministration-et-un-syndicat-du-secteur\/#respond"]}]},{"@type":"WebPage","@id":"https:\/\/dpress.ma\/fr\/2026\/05\/02\/rabat-accord-social-entre-le-ministere-de-la-transition-numerique-et-de-la-reforme-de-ladministration-et-un-syndicat-du-secteur\/","url":"https:\/\/dpress.ma\/fr\/2026\/05\/02\/rabat-accord-social-entre-le-ministere-de-la-transition-numerique-et-de-la-reforme-de-ladministration-et-un-syndicat-du-secteur\/","name":"Rabat : accord social entre le minist\u00e8re de la Transition num\u00e9rique et de la R\u00e9forme de l\u2019administration et un syndicat du secteur - Dpress.ma\/fr","isPartOf":{"@id":"https:\/\/dpress.ma\/fr\/#website"},"primaryImageOfPage":{"@id":"https:\/\/dpress.ma\/fr\/2026\/05\/02\/rabat-accord-social-entre-le-ministere-de-la-transition-numerique-et-de-la-reforme-de-ladministration-et-un-syndicat-du-secteur\/#primaryimage"},"image":{"@id":"https:\/\/dpress.ma\/fr\/2026\/05\/02\/rabat-accord-social-entre-le-ministere-de-la-transition-numerique-et-de-la-reforme-de-ladministration-et-un-syndicat-du-secteur\/#primaryimage"},"thumbnailUrl":"https:\/\/dpress.ma\/fr\/wp-content\/uploads\/sites\/2\/2026\/05\/19.jpg","datePublished":"2026-05-02T08:54:12+00:00","dateModified":"2026-05-02T08:54:13+00:00","author":{"@id":"https:\/\/dpress.ma\/fr\/#\/schema\/person\/4898febf3ccd59e6578d838656a306a0"},"breadcrumb":{"@id":"https:\/\/dpress.ma\/fr\/2026\/05\/02\/rabat-accord-social-entre-le-ministere-de-la-transition-numerique-et-de-la-reforme-de-ladministration-et-un-syndicat-du-secteur\/#breadcrumb"},"inLanguage":"fr-FR","potentialAction":[{"@type":"ReadAction","target":["https:\/\/dpress.ma\/fr\/2026\/05\/02\/rabat-accord-social-entre-le-ministere-de-la-transition-numerique-et-de-la-reforme-de-ladministration-et-un-syndicat-du-secteur\/"]}]},{"@type":"ImageObject","inLanguage":"fr-FR","@id":"https:\/\/dpress.ma\/fr\/2026\/05\/02\/rabat-accord-social-entre-le-ministere-de-la-transition-numerique-et-de-la-reforme-de-ladministration-et-un-syndicat-du-secteur\/#primaryimage","url":"https:\/\/dpress.ma\/fr\/wp-content\/uploads\/sites\/2\/2026\/05\/19.jpg","contentUrl":"https:\/\/dpress.ma\/fr\/wp-content\/uploads\/sites\/2\/2026\/05\/19.jpg","width":2539,"height":1594},{"@type":"BreadcrumbList","@id":"https:\/\/dpress.ma\/fr\/2026\/05\/02\/rabat-accord-social-entre-le-ministere-de-la-transition-numerique-et-de-la-reforme-de-ladministration-et-un-syndicat-du-secteur\/#breadcrumb","itemListElement":[{"@type":"ListItem","position":1,"name":"Home","item":"https:\/\/dpress.ma\/fr\/"},{"@type":"ListItem","position":2,"name":"Rabat : accord social entre le minist\u00e8re de la Transition num\u00e9rique et de la R\u00e9forme de l\u2019administration et un syndicat du secteur"}]},{"@type":"WebSite","@id":"https:\/\/dpress.ma\/fr\/#website","url":"https:\/\/dpress.ma\/fr\/","name":"Dpress.ma\/fr","description":"","potentialAction":[{"@type":"SearchAction","target":{"@type":"EntryPoint","urlTemplate":"https:\/\/dpress.ma\/fr\/?s={search_term_string}"},"query-input":{"@type":"PropertyValueSpecification","valueRequired":true,"valueName":"search_term_string"}}],"inLanguage":"fr-FR"},{"@type":"Person","@id":"https:\/\/dpress.ma\/fr\/#\/schema\/person\/4898febf3ccd59e6578d838656a306a0","name":"Dpress.ma","image":{"@type":"ImageObject","inLanguage":"fr-FR","@id":"https:\/\/secure.gravatar.com\/avatar\/72ecc30e9db047a2e0e7176561eb9d564ed77c8108376495b19bd8336405198a?s=96&d=mm&r=g","url":"https:\/\/secure.gravatar.com\/avatar\/72ecc30e9db047a2e0e7176561eb9d564ed77c8108376495b19bd8336405198a?s=96&d=mm&r=g","contentUrl":"https:\/\/secure.gravatar.com\/avatar\/72ecc30e9db047a2e0e7176561eb9d564ed77c8108376495b19bd8336405198a?s=96&d=mm&r=g","caption":"Dpress.ma"},"sameAs":["https:\/\/www.dpress.ma"],"url":"https:\/\/dpress.ma\/fr\/author\/dpress-ma\/"}]}},"amp_enabled":true,"_links":{"self":[{"href":"https:\/\/dpress.ma\/fr\/wp-json\/wp\/v2\/posts\/29794","targetHints":{"allow":["GET"]}}],"collection":[{"href":"https:\/\/dpress.ma\/fr\/wp-json\/wp\/v2\/posts"}],"about":[{"href":"https:\/\/dpress.ma\/fr\/wp-json\/wp\/v2\/types\/post"}],"author":[{"embeddable":true,"href":"https:\/\/dpress.ma\/fr\/wp-json\/wp\/v2\/users\/2"}],"replies":[{"embeddable":true,"href":"https:\/\/dpress.ma\/fr\/wp-json\/wp\/v2\/comments?post=29794"}],"version-history":[{"count":1,"href":"https:\/\/dpress.ma\/fr\/wp-json\/wp\/v2\/posts\/29794\/revisions"}],"predecessor-version":[{"id":29796,"href":"https:\/\/dpress.ma\/fr\/wp-json\/wp\/v2\/posts\/29794\/revisions\/29796"}],"wp:featuredmedia":[{"embeddable":true,"href":"https:\/\/dpress.ma\/fr\/wp-json\/wp\/v2\/media\/29795"}],"wp:attachment":[{"href":"https:\/\/dpress.ma\/fr\/wp-json\/wp\/v2\/media?parent=29794"}],"wp:term":[{"taxonomy":"category","embeddable":true,"href":"https:\/\/dpress.ma\/fr\/wp-json\/wp\/v2\/categories?post=29794"},{"taxonomy":"post_tag","embeddable":true,"href":"https:\/\/dpress.ma\/fr\/wp-json\/wp\/v2\/tags?post=29794"}],"curies":[{"name":"wp","href":"https:\/\/api.w.org\/{rel}","templated":true}]}}