{"id":29792,"date":"2026-05-02T08:51:51","date_gmt":"2026-05-02T08:51:51","guid":{"rendered":"https:\/\/dpress.ma\/fr\/?p=29792"},"modified":"2026-05-02T08:51:53","modified_gmt":"2026-05-02T08:51:53","slug":"le-gouvernement-engage-a-apporter-des-reponses-concretes-aux-soucis-du-transport-routier-international","status":"publish","type":"post","link":"https:\/\/dpress.ma\/fr\/2026\/05\/02\/le-gouvernement-engage-a-apporter-des-reponses-concretes-aux-soucis-du-transport-routier-international\/","title":{"rendered":"Le gouvernement engag\u00e9 \u00e0 apporter des r\u00e9ponses concr\u00e8tes aux soucis du transport routier international"},"content":{"rendered":"\n<p>Dpress<\/p>\n\n\n\n<p>Le gouvernement est engag\u00e9 \u00e0 apporter des r\u00e9ponses concr\u00e8tes aux soucis du secteur du transport routier international, a affirm\u00e9 jeudi \u00e0 Rabat le ministre du Transport et de la logistique, Abdessamad Kayouh.<\/p>\n\n\n\n<p>Lors d\u2019une r\u00e9union avec l\u2019Association marocaine des transports routiers internationaux (AMTRI), M. Kayouh a fait savoir que l\u2019Ex\u00e9cutif accorde une importance particuli\u00e8re, dans le cadre d\u2019une approche de concertation, aux diff\u00e9rentes questions soulev\u00e9es par les professionnels du transport routier international li\u00e9es notamment \u00e0 la formation, \u00e0 l\u2019octroi des visas aux chauffeurs et \u00e0 leur dur\u00e9e.<\/p>\n\n\n\n<p>Dans ce sens, le ministre a fait observer que cette r\u00e9union s\u2019inscrit dans la continuit\u00e9 du dialogue avec ces professionnels en vue d\u2019am\u00e9liorer leurs conditions de travail, notant que cette rencontre a \u00e9t\u00e9 l\u2019occasion de passer en revue l\u2019ensemble des volets ayant trait \u00e0 la situation de ce secteur vital pour l\u2019\u00e9conomie nationale dans un contexte international marqu\u00e9 par la flamb\u00e9e des prix du carburant.<\/p>\n\n\n\n<p>\u201cNous avons rassur\u00e9 tous les acteurs professionnels en leur affirmant que le gouvernement \u0153uvre \u00e0 travers les canaux diplomatiques avec nos partenaires europ\u00e9ens pour trouver d\u2019abord des solutions aux questions \u00e9voqu\u00e9es rev\u00eatant un caract\u00e8re d\u2019urgence ainsi que pour celles relatives \u00e0 l\u2019agenda \u00e0 moyen et long terme\u201d a-t-il pr\u00e9cis\u00e9.<\/p>\n\n\n\n<p>Pour sa part, le pr\u00e9sident de l\u2019AMTRI Amer Zghinou a soulign\u00e9 l\u2019importance de cette r\u00e9union qui traduit la volont\u00e9 de poursuivre les efforts visant \u00e0 accompagner les transporteurs internationaux et \u00e0 am\u00e9liorer les conditions de travail des conducteurs professionnels, \u00e0 travers la r\u00e9solution du probl\u00e8me d\u2019octroi des visas et le d\u00e9veloppement du syst\u00e8me de formation et de qualification.<\/p>\n\n\n\n<p>Se f\u00e9licitant des \u00e9changes constructifs ayant marqu\u00e9 cette r\u00e9union et de l\u2019engagement du minist\u00e8re de tutelle \u00e0 rester \u00e0 l\u2019\u00e9coute des propositions des professionnels et de les prendre en consid\u00e9ration, M. Zghinou a fait savoir que l\u2019AMTRI a d\u00e9cid\u00e9 d\u2019annuler la gr\u00e8ve qu\u2019elle entendait observer.<\/p>\n","protected":false},"excerpt":{"rendered":"<p>Dpress Le gouvernement est engag\u00e9 \u00e0 apporter des r\u00e9ponses concr\u00e8tes aux soucis du secteur du transport routier international, a affirm\u00e9 jeudi \u00e0 Rabat le ministre du Transport et de la logistique, Abdessamad Kayouh. Lors d\u2019une r\u00e9union avec l\u2019Association marocaine des transports routiers internationaux (AMTRI), M. Kayouh a fait savoir que l\u2019Ex\u00e9cutif accorde une importance particuli\u00e8re, &hellip;<\/p>\n","protected":false},"author":2,"featured_media":29780,"comment_status":"open","ping_status":"open","sticky":false,"template":"","format":"standard","meta":{"footnotes":""},"categories":[26],"tags":[],"class_list":["post-29792","post","type-post","status-publish","format-standard","has-post-thumbnail","hentry","category-politiques"],"yoast_head":"<!-- This site is optimized with the Yoast SEO plugin v27.5 - https:\/\/yoast.com\/product\/yoast-seo-wordpress\/ -->\n<title>Le gouvernement engag\u00e9 \u00e0 apporter des r\u00e9ponses concr\u00e8tes aux soucis du transport routier international - Dpress.ma\/fr<\/title>\n<meta name=\"robots\" content=\"index, follow, max-snippet:-1, max-image-preview:large, max-video-preview:-1\" \/>\n<link rel=\"canonical\" href=\"https:\/\/dpress.ma\/fr\/2026\/05\/02\/le-gouvernement-engage-a-apporter-des-reponses-concretes-aux-soucis-du-transport-routier-international\/\" \/>\n<meta property=\"og:locale\" content=\"fr_FR\" \/>\n<meta property=\"og:type\" content=\"article\" \/>\n<meta property=\"og:title\" content=\"Le gouvernement engag\u00e9 \u00e0 apporter des r\u00e9ponses concr\u00e8tes aux soucis du transport routier international - Dpress.ma\/fr\" \/>\n<meta property=\"og:description\" content=\"Dpress Le gouvernement est engag\u00e9 \u00e0 apporter des r\u00e9ponses concr\u00e8tes aux soucis du secteur du transport routier international, a affirm\u00e9 jeudi \u00e0 Rabat le ministre du Transport et de la logistique, Abdessamad Kayouh. Lors d\u2019une r\u00e9union avec l\u2019Association marocaine des transports routiers internationaux (AMTRI), M. Kayouh a fait savoir que l\u2019Ex\u00e9cutif accorde une importance particuli\u00e8re, &hellip;\" \/>\n<meta property=\"og:url\" content=\"https:\/\/dpress.ma\/fr\/2026\/05\/02\/le-gouvernement-engage-a-apporter-des-reponses-concretes-aux-soucis-du-transport-routier-international\/\" \/>\n<meta property=\"og:site_name\" content=\"Dpress.ma\/fr\" \/>\n<meta property=\"article:published_time\" content=\"2026-05-02T08:51:51+00:00\" \/>\n<meta property=\"article:modified_time\" content=\"2026-05-02T08:51:53+00:00\" \/>\n<meta property=\"og:image\" content=\"https:\/\/dpress.ma\/fr\/wp-content\/uploads\/sites\/2\/2026\/05\/1610.jpg\" \/>\n\t<meta property=\"og:image:width\" content=\"2539\" \/>\n\t<meta property=\"og:image:height\" content=\"1594\" \/>\n\t<meta property=\"og:image:type\" content=\"image\/jpeg\" \/>\n<meta name=\"author\" content=\"Dpress.ma\" \/>\n<meta name=\"twitter:card\" content=\"summary_large_image\" \/>\n<meta name=\"twitter:label1\" content=\"\u00c9crit par\" \/>\n\t<meta name=\"twitter:data1\" content=\"Dpress.ma\" \/>\n\t<meta name=\"twitter:label2\" content=\"Dur\u00e9e de lecture estim\u00e9e\" \/>\n\t<meta name=\"twitter:data2\" content=\"2 minutes\" \/>\n<script type=\"application\/ld+json\" class=\"yoast-schema-graph\">{\"@context\":\"https:\\\/\\\/schema.org\",\"@graph\":[{\"@type\":\"Article\",\"@id\":\"https:\\\/\\\/dpress.ma\\\/fr\\\/2026\\\/05\\\/02\\\/le-gouvernement-engage-a-apporter-des-reponses-concretes-aux-soucis-du-transport-routier-international\\\/#article\",\"isPartOf\":{\"@id\":\"https:\\\/\\\/dpress.ma\\\/fr\\\/2026\\\/05\\\/02\\\/le-gouvernement-engage-a-apporter-des-reponses-concretes-aux-soucis-du-transport-routier-international\\\/\"},\"author\":{\"name\":\"Dpress.ma\",\"@id\":\"https:\\\/\\\/dpress.ma\\\/fr\\\/#\\\/schema\\\/person\\\/4898febf3ccd59e6578d838656a306a0\"},\"headline\":\"Le gouvernement engag\u00e9 \u00e0 apporter des r\u00e9ponses concr\u00e8tes aux soucis du transport routier international\",\"datePublished\":\"2026-05-02T08:51:51+00:00\",\"dateModified\":\"2026-05-02T08:51:53+00:00\",\"mainEntityOfPage\":{\"@id\":\"https:\\\/\\\/dpress.ma\\\/fr\\\/2026\\\/05\\\/02\\\/le-gouvernement-engage-a-apporter-des-reponses-concretes-aux-soucis-du-transport-routier-international\\\/\"},\"wordCount\":357,\"commentCount\":0,\"image\":{\"@id\":\"https:\\\/\\\/dpress.ma\\\/fr\\\/2026\\\/05\\\/02\\\/le-gouvernement-engage-a-apporter-des-reponses-concretes-aux-soucis-du-transport-routier-international\\\/#primaryimage\"},\"thumbnailUrl\":\"https:\\\/\\\/dpress.ma\\\/fr\\\/wp-content\\\/uploads\\\/sites\\\/2\\\/2026\\\/05\\\/1610.jpg\",\"articleSection\":[\"Politiques\"],\"inLanguage\":\"fr-FR\",\"potentialAction\":[{\"@type\":\"CommentAction\",\"name\":\"Comment\",\"target\":[\"https:\\\/\\\/dpress.ma\\\/fr\\\/2026\\\/05\\\/02\\\/le-gouvernement-engage-a-apporter-des-reponses-concretes-aux-soucis-du-transport-routier-international\\\/#respond\"]}]},{\"@type\":\"WebPage\",\"@id\":\"https:\\\/\\\/dpress.ma\\\/fr\\\/2026\\\/05\\\/02\\\/le-gouvernement-engage-a-apporter-des-reponses-concretes-aux-soucis-du-transport-routier-international\\\/\",\"url\":\"https:\\\/\\\/dpress.ma\\\/fr\\\/2026\\\/05\\\/02\\\/le-gouvernement-engage-a-apporter-des-reponses-concretes-aux-soucis-du-transport-routier-international\\\/\",\"name\":\"Le gouvernement engag\u00e9 \u00e0 apporter des r\u00e9ponses concr\u00e8tes aux soucis du transport routier international - Dpress.ma\\\/fr\",\"isPartOf\":{\"@id\":\"https:\\\/\\\/dpress.ma\\\/fr\\\/#website\"},\"primaryImageOfPage\":{\"@id\":\"https:\\\/\\\/dpress.ma\\\/fr\\\/2026\\\/05\\\/02\\\/le-gouvernement-engage-a-apporter-des-reponses-concretes-aux-soucis-du-transport-routier-international\\\/#primaryimage\"},\"image\":{\"@id\":\"https:\\\/\\\/dpress.ma\\\/fr\\\/2026\\\/05\\\/02\\\/le-gouvernement-engage-a-apporter-des-reponses-concretes-aux-soucis-du-transport-routier-international\\\/#primaryimage\"},\"thumbnailUrl\":\"https:\\\/\\\/dpress.ma\\\/fr\\\/wp-content\\\/uploads\\\/sites\\\/2\\\/2026\\\/05\\\/1610.jpg\",\"datePublished\":\"2026-05-02T08:51:51+00:00\",\"dateModified\":\"2026-05-02T08:51:53+00:00\",\"author\":{\"@id\":\"https:\\\/\\\/dpress.ma\\\/fr\\\/#\\\/schema\\\/person\\\/4898febf3ccd59e6578d838656a306a0\"},\"breadcrumb\":{\"@id\":\"https:\\\/\\\/dpress.ma\\\/fr\\\/2026\\\/05\\\/02\\\/le-gouvernement-engage-a-apporter-des-reponses-concretes-aux-soucis-du-transport-routier-international\\\/#breadcrumb\"},\"inLanguage\":\"fr-FR\",\"potentialAction\":[{\"@type\":\"ReadAction\",\"target\":[\"https:\\\/\\\/dpress.ma\\\/fr\\\/2026\\\/05\\\/02\\\/le-gouvernement-engage-a-apporter-des-reponses-concretes-aux-soucis-du-transport-routier-international\\\/\"]}]},{\"@type\":\"ImageObject\",\"inLanguage\":\"fr-FR\",\"@id\":\"https:\\\/\\\/dpress.ma\\\/fr\\\/2026\\\/05\\\/02\\\/le-gouvernement-engage-a-apporter-des-reponses-concretes-aux-soucis-du-transport-routier-international\\\/#primaryimage\",\"url\":\"https:\\\/\\\/dpress.ma\\\/fr\\\/wp-content\\\/uploads\\\/sites\\\/2\\\/2026\\\/05\\\/1610.jpg\",\"contentUrl\":\"https:\\\/\\\/dpress.ma\\\/fr\\\/wp-content\\\/uploads\\\/sites\\\/2\\\/2026\\\/05\\\/1610.jpg\",\"width\":2539,\"height\":1594},{\"@type\":\"BreadcrumbList\",\"@id\":\"https:\\\/\\\/dpress.ma\\\/fr\\\/2026\\\/05\\\/02\\\/le-gouvernement-engage-a-apporter-des-reponses-concretes-aux-soucis-du-transport-routier-international\\\/#breadcrumb\",\"itemListElement\":[{\"@type\":\"ListItem\",\"position\":1,\"name\":\"Home\",\"item\":\"https:\\\/\\\/dpress.ma\\\/fr\\\/\"},{\"@type\":\"ListItem\",\"position\":2,\"name\":\"Le gouvernement engag\u00e9 \u00e0 apporter des r\u00e9ponses concr\u00e8tes aux soucis du transport routier international\"}]},{\"@type\":\"WebSite\",\"@id\":\"https:\\\/\\\/dpress.ma\\\/fr\\\/#website\",\"url\":\"https:\\\/\\\/dpress.ma\\\/fr\\\/\",\"name\":\"Dpress.ma\\\/fr\",\"description\":\"\",\"potentialAction\":[{\"@type\":\"SearchAction\",\"target\":{\"@type\":\"EntryPoint\",\"urlTemplate\":\"https:\\\/\\\/dpress.ma\\\/fr\\\/?s={search_term_string}\"},\"query-input\":{\"@type\":\"PropertyValueSpecification\",\"valueRequired\":true,\"valueName\":\"search_term_string\"}}],\"inLanguage\":\"fr-FR\"},{\"@type\":\"Person\",\"@id\":\"https:\\\/\\\/dpress.ma\\\/fr\\\/#\\\/schema\\\/person\\\/4898febf3ccd59e6578d838656a306a0\",\"name\":\"Dpress.ma\",\"image\":{\"@type\":\"ImageObject\",\"inLanguage\":\"fr-FR\",\"@id\":\"https:\\\/\\\/secure.gravatar.com\\\/avatar\\\/72ecc30e9db047a2e0e7176561eb9d564ed77c8108376495b19bd8336405198a?s=96&d=mm&r=g\",\"url\":\"https:\\\/\\\/secure.gravatar.com\\\/avatar\\\/72ecc30e9db047a2e0e7176561eb9d564ed77c8108376495b19bd8336405198a?s=96&d=mm&r=g\",\"contentUrl\":\"https:\\\/\\\/secure.gravatar.com\\\/avatar\\\/72ecc30e9db047a2e0e7176561eb9d564ed77c8108376495b19bd8336405198a?s=96&d=mm&r=g\",\"caption\":\"Dpress.ma\"},\"sameAs\":[\"https:\\\/\\\/www.dpress.ma\"],\"url\":\"https:\\\/\\\/dpress.ma\\\/fr\\\/author\\\/dpress-ma\\\/\"}]}<\/script>\n<!-- \/ Yoast SEO plugin. -->","yoast_head_json":{"title":"Le gouvernement engag\u00e9 \u00e0 apporter des r\u00e9ponses concr\u00e8tes aux soucis du transport routier international - Dpress.ma\/fr","robots":{"index":"index","follow":"follow","max-snippet":"max-snippet:-1","max-image-preview":"max-image-preview:large","max-video-preview":"max-video-preview:-1"},"canonical":"https:\/\/dpress.ma\/fr\/2026\/05\/02\/le-gouvernement-engage-a-apporter-des-reponses-concretes-aux-soucis-du-transport-routier-international\/","og_locale":"fr_FR","og_type":"article","og_title":"Le gouvernement engag\u00e9 \u00e0 apporter des r\u00e9ponses concr\u00e8tes aux soucis du transport routier international - Dpress.ma\/fr","og_description":"Dpress Le gouvernement est engag\u00e9 \u00e0 apporter des r\u00e9ponses concr\u00e8tes aux soucis du secteur du transport routier international, a affirm\u00e9 jeudi \u00e0 Rabat le ministre du Transport et de la logistique, Abdessamad Kayouh. Lors d\u2019une r\u00e9union avec l\u2019Association marocaine des transports routiers internationaux (AMTRI), M. Kayouh a fait savoir que l\u2019Ex\u00e9cutif accorde une importance particuli\u00e8re, &hellip;","og_url":"https:\/\/dpress.ma\/fr\/2026\/05\/02\/le-gouvernement-engage-a-apporter-des-reponses-concretes-aux-soucis-du-transport-routier-international\/","og_site_name":"Dpress.ma\/fr","article_published_time":"2026-05-02T08:51:51+00:00","article_modified_time":"2026-05-02T08:51:53+00:00","og_image":[{"width":2539,"height":1594,"url":"https:\/\/dpress.ma\/fr\/wp-content\/uploads\/sites\/2\/2026\/05\/1610.jpg","type":"image\/jpeg"}],"author":"Dpress.ma","twitter_card":"summary_large_image","twitter_misc":{"\u00c9crit par":"Dpress.ma","Dur\u00e9e de lecture estim\u00e9e":"2 minutes"},"schema":{"@context":"https:\/\/schema.org","@graph":[{"@type":"Article","@id":"https:\/\/dpress.ma\/fr\/2026\/05\/02\/le-gouvernement-engage-a-apporter-des-reponses-concretes-aux-soucis-du-transport-routier-international\/#article","isPartOf":{"@id":"https:\/\/dpress.ma\/fr\/2026\/05\/02\/le-gouvernement-engage-a-apporter-des-reponses-concretes-aux-soucis-du-transport-routier-international\/"},"author":{"name":"Dpress.ma","@id":"https:\/\/dpress.ma\/fr\/#\/schema\/person\/4898febf3ccd59e6578d838656a306a0"},"headline":"Le gouvernement engag\u00e9 \u00e0 apporter des r\u00e9ponses concr\u00e8tes aux soucis du transport routier international","datePublished":"2026-05-02T08:51:51+00:00","dateModified":"2026-05-02T08:51:53+00:00","mainEntityOfPage":{"@id":"https:\/\/dpress.ma\/fr\/2026\/05\/02\/le-gouvernement-engage-a-apporter-des-reponses-concretes-aux-soucis-du-transport-routier-international\/"},"wordCount":357,"commentCount":0,"image":{"@id":"https:\/\/dpress.ma\/fr\/2026\/05\/02\/le-gouvernement-engage-a-apporter-des-reponses-concretes-aux-soucis-du-transport-routier-international\/#primaryimage"},"thumbnailUrl":"https:\/\/dpress.ma\/fr\/wp-content\/uploads\/sites\/2\/2026\/05\/1610.jpg","articleSection":["Politiques"],"inLanguage":"fr-FR","potentialAction":[{"@type":"CommentAction","name":"Comment","target":["https:\/\/dpress.ma\/fr\/2026\/05\/02\/le-gouvernement-engage-a-apporter-des-reponses-concretes-aux-soucis-du-transport-routier-international\/#respond"]}]},{"@type":"WebPage","@id":"https:\/\/dpress.ma\/fr\/2026\/05\/02\/le-gouvernement-engage-a-apporter-des-reponses-concretes-aux-soucis-du-transport-routier-international\/","url":"https:\/\/dpress.ma\/fr\/2026\/05\/02\/le-gouvernement-engage-a-apporter-des-reponses-concretes-aux-soucis-du-transport-routier-international\/","name":"Le gouvernement engag\u00e9 \u00e0 apporter des r\u00e9ponses concr\u00e8tes aux soucis du transport routier international - Dpress.ma\/fr","isPartOf":{"@id":"https:\/\/dpress.ma\/fr\/#website"},"primaryImageOfPage":{"@id":"https:\/\/dpress.ma\/fr\/2026\/05\/02\/le-gouvernement-engage-a-apporter-des-reponses-concretes-aux-soucis-du-transport-routier-international\/#primaryimage"},"image":{"@id":"https:\/\/dpress.ma\/fr\/2026\/05\/02\/le-gouvernement-engage-a-apporter-des-reponses-concretes-aux-soucis-du-transport-routier-international\/#primaryimage"},"thumbnailUrl":"https:\/\/dpress.ma\/fr\/wp-content\/uploads\/sites\/2\/2026\/05\/1610.jpg","datePublished":"2026-05-02T08:51:51+00:00","dateModified":"2026-05-02T08:51:53+00:00","author":{"@id":"https:\/\/dpress.ma\/fr\/#\/schema\/person\/4898febf3ccd59e6578d838656a306a0"},"breadcrumb":{"@id":"https:\/\/dpress.ma\/fr\/2026\/05\/02\/le-gouvernement-engage-a-apporter-des-reponses-concretes-aux-soucis-du-transport-routier-international\/#breadcrumb"},"inLanguage":"fr-FR","potentialAction":[{"@type":"ReadAction","target":["https:\/\/dpress.ma\/fr\/2026\/05\/02\/le-gouvernement-engage-a-apporter-des-reponses-concretes-aux-soucis-du-transport-routier-international\/"]}]},{"@type":"ImageObject","inLanguage":"fr-FR","@id":"https:\/\/dpress.ma\/fr\/2026\/05\/02\/le-gouvernement-engage-a-apporter-des-reponses-concretes-aux-soucis-du-transport-routier-international\/#primaryimage","url":"https:\/\/dpress.ma\/fr\/wp-content\/uploads\/sites\/2\/2026\/05\/1610.jpg","contentUrl":"https:\/\/dpress.ma\/fr\/wp-content\/uploads\/sites\/2\/2026\/05\/1610.jpg","width":2539,"height":1594},{"@type":"BreadcrumbList","@id":"https:\/\/dpress.ma\/fr\/2026\/05\/02\/le-gouvernement-engage-a-apporter-des-reponses-concretes-aux-soucis-du-transport-routier-international\/#breadcrumb","itemListElement":[{"@type":"ListItem","position":1,"name":"Home","item":"https:\/\/dpress.ma\/fr\/"},{"@type":"ListItem","position":2,"name":"Le gouvernement engag\u00e9 \u00e0 apporter des r\u00e9ponses concr\u00e8tes aux soucis du transport routier international"}]},{"@type":"WebSite","@id":"https:\/\/dpress.ma\/fr\/#website","url":"https:\/\/dpress.ma\/fr\/","name":"Dpress.ma\/fr","description":"","potentialAction":[{"@type":"SearchAction","target":{"@type":"EntryPoint","urlTemplate":"https:\/\/dpress.ma\/fr\/?s={search_term_string}"},"query-input":{"@type":"PropertyValueSpecification","valueRequired":true,"valueName":"search_term_string"}}],"inLanguage":"fr-FR"},{"@type":"Person","@id":"https:\/\/dpress.ma\/fr\/#\/schema\/person\/4898febf3ccd59e6578d838656a306a0","name":"Dpress.ma","image":{"@type":"ImageObject","inLanguage":"fr-FR","@id":"https:\/\/secure.gravatar.com\/avatar\/72ecc30e9db047a2e0e7176561eb9d564ed77c8108376495b19bd8336405198a?s=96&d=mm&r=g","url":"https:\/\/secure.gravatar.com\/avatar\/72ecc30e9db047a2e0e7176561eb9d564ed77c8108376495b19bd8336405198a?s=96&d=mm&r=g","contentUrl":"https:\/\/secure.gravatar.com\/avatar\/72ecc30e9db047a2e0e7176561eb9d564ed77c8108376495b19bd8336405198a?s=96&d=mm&r=g","caption":"Dpress.ma"},"sameAs":["https:\/\/www.dpress.ma"],"url":"https:\/\/dpress.ma\/fr\/author\/dpress-ma\/"}]}},"amp_enabled":true,"_links":{"self":[{"href":"https:\/\/dpress.ma\/fr\/wp-json\/wp\/v2\/posts\/29792","targetHints":{"allow":["GET"]}}],"collection":[{"href":"https:\/\/dpress.ma\/fr\/wp-json\/wp\/v2\/posts"}],"about":[{"href":"https:\/\/dpress.ma\/fr\/wp-json\/wp\/v2\/types\/post"}],"author":[{"embeddable":true,"href":"https:\/\/dpress.ma\/fr\/wp-json\/wp\/v2\/users\/2"}],"replies":[{"embeddable":true,"href":"https:\/\/dpress.ma\/fr\/wp-json\/wp\/v2\/comments?post=29792"}],"version-history":[{"count":1,"href":"https:\/\/dpress.ma\/fr\/wp-json\/wp\/v2\/posts\/29792\/revisions"}],"predecessor-version":[{"id":29793,"href":"https:\/\/dpress.ma\/fr\/wp-json\/wp\/v2\/posts\/29792\/revisions\/29793"}],"wp:featuredmedia":[{"embeddable":true,"href":"https:\/\/dpress.ma\/fr\/wp-json\/wp\/v2\/media\/29780"}],"wp:attachment":[{"href":"https:\/\/dpress.ma\/fr\/wp-json\/wp\/v2\/media?parent=29792"}],"wp:term":[{"taxonomy":"category","embeddable":true,"href":"https:\/\/dpress.ma\/fr\/wp-json\/wp\/v2\/categories?post=29792"},{"taxonomy":"post_tag","embeddable":true,"href":"https:\/\/dpress.ma\/fr\/wp-json\/wp\/v2\/tags?post=29792"}],"curies":[{"name":"wp","href":"https:\/\/api.w.org\/{rel}","templated":true}]}}