{"id":29789,"date":"2026-05-02T08:51:12","date_gmt":"2026-05-02T08:51:12","guid":{"rendered":"https:\/\/dpress.ma\/fr\/?p=29789"},"modified":"2026-05-02T08:51:13","modified_gmt":"2026-05-02T08:51:13","slug":"fete-du-travail-linstitutionnalisation-du-dialogue-social-un-choix-strategique-pour-consacrer-la-democratie-participative","status":"publish","type":"post","link":"https:\/\/dpress.ma\/fr\/2026\/05\/02\/fete-du-travail-linstitutionnalisation-du-dialogue-social-un-choix-strategique-pour-consacrer-la-democratie-participative\/","title":{"rendered":"F\u00eate du travail: L\u2019institutionnalisation du dialogue social, un choix strat\u00e9gique pour consacrer la d\u00e9mocratie participative"},"content":{"rendered":"\n<p>Dpress<\/p>\n\n\n\n<p>Le ministre de l\u2019Inclusion \u00e9conomique, de la Petite entreprise, de l\u2019Emploi et des Comp\u00e9tences, Younes Sekkouri, a r\u00e9it\u00e9r\u00e9 jeudi l\u2019engagement du gouvernement \u00e0 continuer \u00e0 travailler avec les partenaires sociaux \u00e0 travers l\u2019institutionnalisation du dialogue social, d\u00e9sormais \u00e9rig\u00e9 en choix strat\u00e9gique pour consacrer la d\u00e9mocratie participative.<\/p>\n\n\n\n<p>Dans une allocution \u00e0 l\u2019occasion de la f\u00eate du travail, M. Sekkouri a mis en avant l\u2019institutionnalisation du dialogue social, sa r\u00e9gularit\u00e9 et ses conclusions ayant d\u00e9bouch\u00e9 sur la signature de la Charte nationale de l\u2019institutionnalisation du dialogue social ainsi que de deux accords sociaux conclus respectivement les 30 avril 2022 et 29 avril 2024.<\/p>\n\n\n\n<p>Ces accords ont permis l\u2019am\u00e9lioration des revenus des travailleurs dans les secteurs public et priv\u00e9 ainsi que dans les \u00e9tablissements publics, en plus de la modernisation de la l\u00e9gislation du travail pour accompagner les transformations que conna\u00eet ce domaine, a-t-il poursuivi.<\/p>\n\n\n\n<p>Le ministre a, par ailleurs, indiqu\u00e9 que la session d\u2019avril 2026 a \u00e9t\u00e9 l\u2019occasion de pr\u00e9c\u00e9der \u00e0 un \u00e9tat des lieux global de ces deux accords sociaux, de saluer les mesures mises en \u0153uvre et de r\u00e9affirmer les engagements encore \u00e0 concr\u00e9tiser, soulignant que cette session s\u2019est distingu\u00e9e par l\u2019adoption de d\u00e9cisions concr\u00e8tes.<\/p>\n\n\n\n<p>Il a cit\u00e9 l\u2019accord relatif \u00e0 la modification de la loi n\u00b0 65.99 portant Code du travail, visant \u00e0 r\u00e9tablir l\u2019\u00e9quit\u00e9 au profit des agents de s\u00e9curit\u00e9 priv\u00e9e li\u00e9s par contrat aux entreprises de gardiennage, notamment \u00e0 travers la r\u00e9duction de 12 \u00e0 8 les heures quotidiennes de travail, traduisant l\u2019engagement de l\u2019Ex\u00e9cutif en faveur de la protection des salari\u00e9s du secteur priv\u00e9. Cette mesure concerne entre 130.000 et 160.000 salari\u00e9s.<\/p>\n\n\n\n<p>Il s\u2019agit aussi de l\u2019accord portant sur la r\u00e9vision de la loi n\u00b0 60.17 relative \u00e0 la formation continue, destin\u00e9 \u00e0 d\u00e9passer les limites du cadre actuel, \u00e0 travers une modernisation de la gouvernance fond\u00e9e sur une s\u00e9paration entre la conduite strat\u00e9gique et le pilotage, d\u2019une part, et la gestion op\u00e9rationnelle et ex\u00e9cutive, d\u2019autre part, afin de garantir la clart\u00e9 des r\u00f4les et l\u2019efficacit\u00e9 des performances.<\/p>\n\n\n\n<p>M. Sekkouri a aussi soulign\u00e9 que le gouvernement a \u0153uvr\u00e9 au renforcement d\u2019un cadre juridique favorisant le travail d\u00e9cent, notamment \u00e0 travers la promulgation de la loi organique n\u00b0 97.15 fixant les conditions et modalit\u00e9s d\u2019exercice du droit de gr\u00e8ve, apr\u00e8s des d\u00e9cennies d\u2019attente. Ce texte encadre l\u2019exercice de ce droit constitutionnel dans un \u00e9quilibre entre libert\u00e9 de travail et int\u00e9r\u00eat g\u00e9n\u00e9ral.<\/p>\n\n\n\n<p>Il a \u00e9galement mis en avant l\u2019adoption de cinq textes r\u00e9glementaires relatifs \u00e0 la sant\u00e9 et \u00e0 la s\u00e9curit\u00e9 au travail, alignant le Maroc sur les normes de l\u2019Organisation internationale du travail, ainsi que la reconnaissance du Royaume comme pays leader au sein de l\u2019Alliance internationale 8.7 pour l\u2019\u00e9radication du travail des enfants \u00e0 l\u2019horizon 2030.<\/p>\n\n\n\n<p>Il a en outre rappel\u00e9 l\u2019accueil, \u00e0 Marrakech du 11 au 13 f\u00e9vrier 2026, de la 6e Conf\u00e9rence mondiale sur l\u2019\u00e9limination du travail des enfants, plac\u00e9e sous le Haut Patronage de Sa Majest\u00e9 le Roi Mohammed VI, ce qui renforce le rayonnement international du Maroc et conforte sa position de leader en Afrique en mati\u00e8re de travail d\u00e9cent.<\/p>\n\n\n\n<p>Par ailleurs, le ministre a annonc\u00e9 le renforcement des capacit\u00e9s des acteurs du dialogue social, notamment \u00e0 travers le lancement prochain, en 2026, de l\u2019Acad\u00e9mie de formation dans les domaines du travail, de l\u2019emploi et du climat social, ainsi que la cr\u00e9ation de l\u2019Observatoire national du dialogue social pr\u00e9vue avant fin juin 2026, en tant qu\u2019outil de suivi et d\u2019appui scientifique aux capacit\u00e9s de n\u00e9gociation.<\/p>\n\n\n\n<p>Il a enfin soulign\u00e9 que le \u201cbilan honorable\u201d du dialogue social, tant national que sectoriel, n\u2019aurait pas \u00e9t\u00e9 possible sans la volont\u00e9 sinc\u00e8re et constructive des trois parties prenantes : gouvernement, organisations syndicales et repr\u00e9sentants des employeurs, dans un cadre empreint d\u2019un esprit de responsabilit\u00e9 partag\u00e9e et d\u2019une forte mobilisation nationale, caract\u00e9ristiques du mod\u00e8le marocain singulier.<\/p>\n","protected":false},"excerpt":{"rendered":"<p>Dpress Le ministre de l\u2019Inclusion \u00e9conomique, de la Petite entreprise, de l\u2019Emploi et des Comp\u00e9tences, Younes Sekkouri, a r\u00e9it\u00e9r\u00e9 jeudi l\u2019engagement du gouvernement \u00e0 continuer \u00e0 travailler avec les partenaires sociaux \u00e0 travers l\u2019institutionnalisation du dialogue social, d\u00e9sormais \u00e9rig\u00e9 en choix strat\u00e9gique pour consacrer la d\u00e9mocratie participative. Dans une allocution \u00e0 l\u2019occasion de la f\u00eate &hellip;<\/p>\n","protected":false},"author":2,"featured_media":29791,"comment_status":"open","ping_status":"open","sticky":false,"template":"","format":"standard","meta":{"footnotes":""},"categories":[26],"tags":[],"class_list":["post-29789","post","type-post","status-publish","format-standard","has-post-thumbnail","hentry","category-politiques"],"yoast_head":"<!-- This site is optimized with the Yoast SEO plugin v27.5 - https:\/\/yoast.com\/product\/yoast-seo-wordpress\/ -->\n<title>F\u00eate du travail: L\u2019institutionnalisation du dialogue social, un choix strat\u00e9gique pour consacrer la d\u00e9mocratie participative - Dpress.ma\/fr<\/title>\n<meta name=\"robots\" content=\"index, follow, max-snippet:-1, max-image-preview:large, max-video-preview:-1\" \/>\n<link rel=\"canonical\" href=\"https:\/\/dpress.ma\/fr\/2026\/05\/02\/fete-du-travail-linstitutionnalisation-du-dialogue-social-un-choix-strategique-pour-consacrer-la-democratie-participative\/\" \/>\n<meta property=\"og:locale\" content=\"fr_FR\" \/>\n<meta property=\"og:type\" content=\"article\" \/>\n<meta property=\"og:title\" content=\"F\u00eate du travail: L\u2019institutionnalisation du dialogue social, un choix strat\u00e9gique pour consacrer la d\u00e9mocratie participative - Dpress.ma\/fr\" \/>\n<meta property=\"og:description\" content=\"Dpress Le ministre de l\u2019Inclusion \u00e9conomique, de la Petite entreprise, de l\u2019Emploi et des Comp\u00e9tences, Younes Sekkouri, a r\u00e9it\u00e9r\u00e9 jeudi l\u2019engagement du gouvernement \u00e0 continuer \u00e0 travailler avec les partenaires sociaux \u00e0 travers l\u2019institutionnalisation du dialogue social, d\u00e9sormais \u00e9rig\u00e9 en choix strat\u00e9gique pour consacrer la d\u00e9mocratie participative. Dans une allocution \u00e0 l\u2019occasion de la f\u00eate &hellip;\" \/>\n<meta property=\"og:url\" content=\"https:\/\/dpress.ma\/fr\/2026\/05\/02\/fete-du-travail-linstitutionnalisation-du-dialogue-social-un-choix-strategique-pour-consacrer-la-democratie-participative\/\" \/>\n<meta property=\"og:site_name\" content=\"Dpress.ma\/fr\" \/>\n<meta property=\"article:published_time\" content=\"2026-05-02T08:51:12+00:00\" \/>\n<meta property=\"article:modified_time\" content=\"2026-05-02T08:51:13+00:00\" \/>\n<meta property=\"og:image\" content=\"https:\/\/dpress.ma\/fr\/wp-content\/uploads\/sites\/2\/2026\/05\/18.jpg\" \/>\n\t<meta property=\"og:image:width\" content=\"2539\" \/>\n\t<meta property=\"og:image:height\" content=\"1594\" \/>\n\t<meta property=\"og:image:type\" content=\"image\/jpeg\" \/>\n<meta name=\"author\" content=\"Dpress.ma\" \/>\n<meta name=\"twitter:card\" content=\"summary_large_image\" \/>\n<meta name=\"twitter:label1\" content=\"\u00c9crit par\" \/>\n\t<meta name=\"twitter:data1\" content=\"Dpress.ma\" \/>\n\t<meta name=\"twitter:label2\" content=\"Dur\u00e9e de lecture estim\u00e9e\" \/>\n\t<meta name=\"twitter:data2\" content=\"4 minutes\" \/>\n<script type=\"application\/ld+json\" class=\"yoast-schema-graph\">{\"@context\":\"https:\\\/\\\/schema.org\",\"@graph\":[{\"@type\":\"Article\",\"@id\":\"https:\\\/\\\/dpress.ma\\\/fr\\\/2026\\\/05\\\/02\\\/fete-du-travail-linstitutionnalisation-du-dialogue-social-un-choix-strategique-pour-consacrer-la-democratie-participative\\\/#article\",\"isPartOf\":{\"@id\":\"https:\\\/\\\/dpress.ma\\\/fr\\\/2026\\\/05\\\/02\\\/fete-du-travail-linstitutionnalisation-du-dialogue-social-un-choix-strategique-pour-consacrer-la-democratie-participative\\\/\"},\"author\":{\"name\":\"Dpress.ma\",\"@id\":\"https:\\\/\\\/dpress.ma\\\/fr\\\/#\\\/schema\\\/person\\\/4898febf3ccd59e6578d838656a306a0\"},\"headline\":\"F\u00eate du travail: L\u2019institutionnalisation du dialogue social, un choix strat\u00e9gique pour consacrer la d\u00e9mocratie participative\",\"datePublished\":\"2026-05-02T08:51:12+00:00\",\"dateModified\":\"2026-05-02T08:51:13+00:00\",\"mainEntityOfPage\":{\"@id\":\"https:\\\/\\\/dpress.ma\\\/fr\\\/2026\\\/05\\\/02\\\/fete-du-travail-linstitutionnalisation-du-dialogue-social-un-choix-strategique-pour-consacrer-la-democratie-participative\\\/\"},\"wordCount\":712,\"commentCount\":0,\"image\":{\"@id\":\"https:\\\/\\\/dpress.ma\\\/fr\\\/2026\\\/05\\\/02\\\/fete-du-travail-linstitutionnalisation-du-dialogue-social-un-choix-strategique-pour-consacrer-la-democratie-participative\\\/#primaryimage\"},\"thumbnailUrl\":\"https:\\\/\\\/dpress.ma\\\/fr\\\/wp-content\\\/uploads\\\/sites\\\/2\\\/2026\\\/05\\\/18.jpg\",\"articleSection\":[\"Politiques\"],\"inLanguage\":\"fr-FR\",\"potentialAction\":[{\"@type\":\"CommentAction\",\"name\":\"Comment\",\"target\":[\"https:\\\/\\\/dpress.ma\\\/fr\\\/2026\\\/05\\\/02\\\/fete-du-travail-linstitutionnalisation-du-dialogue-social-un-choix-strategique-pour-consacrer-la-democratie-participative\\\/#respond\"]}]},{\"@type\":\"WebPage\",\"@id\":\"https:\\\/\\\/dpress.ma\\\/fr\\\/2026\\\/05\\\/02\\\/fete-du-travail-linstitutionnalisation-du-dialogue-social-un-choix-strategique-pour-consacrer-la-democratie-participative\\\/\",\"url\":\"https:\\\/\\\/dpress.ma\\\/fr\\\/2026\\\/05\\\/02\\\/fete-du-travail-linstitutionnalisation-du-dialogue-social-un-choix-strategique-pour-consacrer-la-democratie-participative\\\/\",\"name\":\"F\u00eate du travail: L\u2019institutionnalisation du dialogue social, un choix strat\u00e9gique pour consacrer la d\u00e9mocratie participative - Dpress.ma\\\/fr\",\"isPartOf\":{\"@id\":\"https:\\\/\\\/dpress.ma\\\/fr\\\/#website\"},\"primaryImageOfPage\":{\"@id\":\"https:\\\/\\\/dpress.ma\\\/fr\\\/2026\\\/05\\\/02\\\/fete-du-travail-linstitutionnalisation-du-dialogue-social-un-choix-strategique-pour-consacrer-la-democratie-participative\\\/#primaryimage\"},\"image\":{\"@id\":\"https:\\\/\\\/dpress.ma\\\/fr\\\/2026\\\/05\\\/02\\\/fete-du-travail-linstitutionnalisation-du-dialogue-social-un-choix-strategique-pour-consacrer-la-democratie-participative\\\/#primaryimage\"},\"thumbnailUrl\":\"https:\\\/\\\/dpress.ma\\\/fr\\\/wp-content\\\/uploads\\\/sites\\\/2\\\/2026\\\/05\\\/18.jpg\",\"datePublished\":\"2026-05-02T08:51:12+00:00\",\"dateModified\":\"2026-05-02T08:51:13+00:00\",\"author\":{\"@id\":\"https:\\\/\\\/dpress.ma\\\/fr\\\/#\\\/schema\\\/person\\\/4898febf3ccd59e6578d838656a306a0\"},\"breadcrumb\":{\"@id\":\"https:\\\/\\\/dpress.ma\\\/fr\\\/2026\\\/05\\\/02\\\/fete-du-travail-linstitutionnalisation-du-dialogue-social-un-choix-strategique-pour-consacrer-la-democratie-participative\\\/#breadcrumb\"},\"inLanguage\":\"fr-FR\",\"potentialAction\":[{\"@type\":\"ReadAction\",\"target\":[\"https:\\\/\\\/dpress.ma\\\/fr\\\/2026\\\/05\\\/02\\\/fete-du-travail-linstitutionnalisation-du-dialogue-social-un-choix-strategique-pour-consacrer-la-democratie-participative\\\/\"]}]},{\"@type\":\"ImageObject\",\"inLanguage\":\"fr-FR\",\"@id\":\"https:\\\/\\\/dpress.ma\\\/fr\\\/2026\\\/05\\\/02\\\/fete-du-travail-linstitutionnalisation-du-dialogue-social-un-choix-strategique-pour-consacrer-la-democratie-participative\\\/#primaryimage\",\"url\":\"https:\\\/\\\/dpress.ma\\\/fr\\\/wp-content\\\/uploads\\\/sites\\\/2\\\/2026\\\/05\\\/18.jpg\",\"contentUrl\":\"https:\\\/\\\/dpress.ma\\\/fr\\\/wp-content\\\/uploads\\\/sites\\\/2\\\/2026\\\/05\\\/18.jpg\",\"width\":2539,\"height\":1594},{\"@type\":\"BreadcrumbList\",\"@id\":\"https:\\\/\\\/dpress.ma\\\/fr\\\/2026\\\/05\\\/02\\\/fete-du-travail-linstitutionnalisation-du-dialogue-social-un-choix-strategique-pour-consacrer-la-democratie-participative\\\/#breadcrumb\",\"itemListElement\":[{\"@type\":\"ListItem\",\"position\":1,\"name\":\"Home\",\"item\":\"https:\\\/\\\/dpress.ma\\\/fr\\\/\"},{\"@type\":\"ListItem\",\"position\":2,\"name\":\"F\u00eate du travail: L\u2019institutionnalisation du dialogue social, un choix strat\u00e9gique pour consacrer la d\u00e9mocratie participative\"}]},{\"@type\":\"WebSite\",\"@id\":\"https:\\\/\\\/dpress.ma\\\/fr\\\/#website\",\"url\":\"https:\\\/\\\/dpress.ma\\\/fr\\\/\",\"name\":\"Dpress.ma\\\/fr\",\"description\":\"\",\"potentialAction\":[{\"@type\":\"SearchAction\",\"target\":{\"@type\":\"EntryPoint\",\"urlTemplate\":\"https:\\\/\\\/dpress.ma\\\/fr\\\/?s={search_term_string}\"},\"query-input\":{\"@type\":\"PropertyValueSpecification\",\"valueRequired\":true,\"valueName\":\"search_term_string\"}}],\"inLanguage\":\"fr-FR\"},{\"@type\":\"Person\",\"@id\":\"https:\\\/\\\/dpress.ma\\\/fr\\\/#\\\/schema\\\/person\\\/4898febf3ccd59e6578d838656a306a0\",\"name\":\"Dpress.ma\",\"image\":{\"@type\":\"ImageObject\",\"inLanguage\":\"fr-FR\",\"@id\":\"https:\\\/\\\/secure.gravatar.com\\\/avatar\\\/72ecc30e9db047a2e0e7176561eb9d564ed77c8108376495b19bd8336405198a?s=96&d=mm&r=g\",\"url\":\"https:\\\/\\\/secure.gravatar.com\\\/avatar\\\/72ecc30e9db047a2e0e7176561eb9d564ed77c8108376495b19bd8336405198a?s=96&d=mm&r=g\",\"contentUrl\":\"https:\\\/\\\/secure.gravatar.com\\\/avatar\\\/72ecc30e9db047a2e0e7176561eb9d564ed77c8108376495b19bd8336405198a?s=96&d=mm&r=g\",\"caption\":\"Dpress.ma\"},\"sameAs\":[\"https:\\\/\\\/www.dpress.ma\"],\"url\":\"https:\\\/\\\/dpress.ma\\\/fr\\\/author\\\/dpress-ma\\\/\"}]}<\/script>\n<!-- \/ Yoast SEO plugin. -->","yoast_head_json":{"title":"F\u00eate du travail: L\u2019institutionnalisation du dialogue social, un choix strat\u00e9gique pour consacrer la d\u00e9mocratie participative - Dpress.ma\/fr","robots":{"index":"index","follow":"follow","max-snippet":"max-snippet:-1","max-image-preview":"max-image-preview:large","max-video-preview":"max-video-preview:-1"},"canonical":"https:\/\/dpress.ma\/fr\/2026\/05\/02\/fete-du-travail-linstitutionnalisation-du-dialogue-social-un-choix-strategique-pour-consacrer-la-democratie-participative\/","og_locale":"fr_FR","og_type":"article","og_title":"F\u00eate du travail: L\u2019institutionnalisation du dialogue social, un choix strat\u00e9gique pour consacrer la d\u00e9mocratie participative - Dpress.ma\/fr","og_description":"Dpress Le ministre de l\u2019Inclusion \u00e9conomique, de la Petite entreprise, de l\u2019Emploi et des Comp\u00e9tences, Younes Sekkouri, a r\u00e9it\u00e9r\u00e9 jeudi l\u2019engagement du gouvernement \u00e0 continuer \u00e0 travailler avec les partenaires sociaux \u00e0 travers l\u2019institutionnalisation du dialogue social, d\u00e9sormais \u00e9rig\u00e9 en choix strat\u00e9gique pour consacrer la d\u00e9mocratie participative. Dans une allocution \u00e0 l\u2019occasion de la f\u00eate &hellip;","og_url":"https:\/\/dpress.ma\/fr\/2026\/05\/02\/fete-du-travail-linstitutionnalisation-du-dialogue-social-un-choix-strategique-pour-consacrer-la-democratie-participative\/","og_site_name":"Dpress.ma\/fr","article_published_time":"2026-05-02T08:51:12+00:00","article_modified_time":"2026-05-02T08:51:13+00:00","og_image":[{"width":2539,"height":1594,"url":"https:\/\/dpress.ma\/fr\/wp-content\/uploads\/sites\/2\/2026\/05\/18.jpg","type":"image\/jpeg"}],"author":"Dpress.ma","twitter_card":"summary_large_image","twitter_misc":{"\u00c9crit par":"Dpress.ma","Dur\u00e9e de lecture estim\u00e9e":"4 minutes"},"schema":{"@context":"https:\/\/schema.org","@graph":[{"@type":"Article","@id":"https:\/\/dpress.ma\/fr\/2026\/05\/02\/fete-du-travail-linstitutionnalisation-du-dialogue-social-un-choix-strategique-pour-consacrer-la-democratie-participative\/#article","isPartOf":{"@id":"https:\/\/dpress.ma\/fr\/2026\/05\/02\/fete-du-travail-linstitutionnalisation-du-dialogue-social-un-choix-strategique-pour-consacrer-la-democratie-participative\/"},"author":{"name":"Dpress.ma","@id":"https:\/\/dpress.ma\/fr\/#\/schema\/person\/4898febf3ccd59e6578d838656a306a0"},"headline":"F\u00eate du travail: L\u2019institutionnalisation du dialogue social, un choix strat\u00e9gique pour consacrer la d\u00e9mocratie participative","datePublished":"2026-05-02T08:51:12+00:00","dateModified":"2026-05-02T08:51:13+00:00","mainEntityOfPage":{"@id":"https:\/\/dpress.ma\/fr\/2026\/05\/02\/fete-du-travail-linstitutionnalisation-du-dialogue-social-un-choix-strategique-pour-consacrer-la-democratie-participative\/"},"wordCount":712,"commentCount":0,"image":{"@id":"https:\/\/dpress.ma\/fr\/2026\/05\/02\/fete-du-travail-linstitutionnalisation-du-dialogue-social-un-choix-strategique-pour-consacrer-la-democratie-participative\/#primaryimage"},"thumbnailUrl":"https:\/\/dpress.ma\/fr\/wp-content\/uploads\/sites\/2\/2026\/05\/18.jpg","articleSection":["Politiques"],"inLanguage":"fr-FR","potentialAction":[{"@type":"CommentAction","name":"Comment","target":["https:\/\/dpress.ma\/fr\/2026\/05\/02\/fete-du-travail-linstitutionnalisation-du-dialogue-social-un-choix-strategique-pour-consacrer-la-democratie-participative\/#respond"]}]},{"@type":"WebPage","@id":"https:\/\/dpress.ma\/fr\/2026\/05\/02\/fete-du-travail-linstitutionnalisation-du-dialogue-social-un-choix-strategique-pour-consacrer-la-democratie-participative\/","url":"https:\/\/dpress.ma\/fr\/2026\/05\/02\/fete-du-travail-linstitutionnalisation-du-dialogue-social-un-choix-strategique-pour-consacrer-la-democratie-participative\/","name":"F\u00eate du travail: L\u2019institutionnalisation du dialogue social, un choix strat\u00e9gique pour consacrer la d\u00e9mocratie participative - Dpress.ma\/fr","isPartOf":{"@id":"https:\/\/dpress.ma\/fr\/#website"},"primaryImageOfPage":{"@id":"https:\/\/dpress.ma\/fr\/2026\/05\/02\/fete-du-travail-linstitutionnalisation-du-dialogue-social-un-choix-strategique-pour-consacrer-la-democratie-participative\/#primaryimage"},"image":{"@id":"https:\/\/dpress.ma\/fr\/2026\/05\/02\/fete-du-travail-linstitutionnalisation-du-dialogue-social-un-choix-strategique-pour-consacrer-la-democratie-participative\/#primaryimage"},"thumbnailUrl":"https:\/\/dpress.ma\/fr\/wp-content\/uploads\/sites\/2\/2026\/05\/18.jpg","datePublished":"2026-05-02T08:51:12+00:00","dateModified":"2026-05-02T08:51:13+00:00","author":{"@id":"https:\/\/dpress.ma\/fr\/#\/schema\/person\/4898febf3ccd59e6578d838656a306a0"},"breadcrumb":{"@id":"https:\/\/dpress.ma\/fr\/2026\/05\/02\/fete-du-travail-linstitutionnalisation-du-dialogue-social-un-choix-strategique-pour-consacrer-la-democratie-participative\/#breadcrumb"},"inLanguage":"fr-FR","potentialAction":[{"@type":"ReadAction","target":["https:\/\/dpress.ma\/fr\/2026\/05\/02\/fete-du-travail-linstitutionnalisation-du-dialogue-social-un-choix-strategique-pour-consacrer-la-democratie-participative\/"]}]},{"@type":"ImageObject","inLanguage":"fr-FR","@id":"https:\/\/dpress.ma\/fr\/2026\/05\/02\/fete-du-travail-linstitutionnalisation-du-dialogue-social-un-choix-strategique-pour-consacrer-la-democratie-participative\/#primaryimage","url":"https:\/\/dpress.ma\/fr\/wp-content\/uploads\/sites\/2\/2026\/05\/18.jpg","contentUrl":"https:\/\/dpress.ma\/fr\/wp-content\/uploads\/sites\/2\/2026\/05\/18.jpg","width":2539,"height":1594},{"@type":"BreadcrumbList","@id":"https:\/\/dpress.ma\/fr\/2026\/05\/02\/fete-du-travail-linstitutionnalisation-du-dialogue-social-un-choix-strategique-pour-consacrer-la-democratie-participative\/#breadcrumb","itemListElement":[{"@type":"ListItem","position":1,"name":"Home","item":"https:\/\/dpress.ma\/fr\/"},{"@type":"ListItem","position":2,"name":"F\u00eate du travail: L\u2019institutionnalisation du dialogue social, un choix strat\u00e9gique pour consacrer la d\u00e9mocratie participative"}]},{"@type":"WebSite","@id":"https:\/\/dpress.ma\/fr\/#website","url":"https:\/\/dpress.ma\/fr\/","name":"Dpress.ma\/fr","description":"","potentialAction":[{"@type":"SearchAction","target":{"@type":"EntryPoint","urlTemplate":"https:\/\/dpress.ma\/fr\/?s={search_term_string}"},"query-input":{"@type":"PropertyValueSpecification","valueRequired":true,"valueName":"search_term_string"}}],"inLanguage":"fr-FR"},{"@type":"Person","@id":"https:\/\/dpress.ma\/fr\/#\/schema\/person\/4898febf3ccd59e6578d838656a306a0","name":"Dpress.ma","image":{"@type":"ImageObject","inLanguage":"fr-FR","@id":"https:\/\/secure.gravatar.com\/avatar\/72ecc30e9db047a2e0e7176561eb9d564ed77c8108376495b19bd8336405198a?s=96&d=mm&r=g","url":"https:\/\/secure.gravatar.com\/avatar\/72ecc30e9db047a2e0e7176561eb9d564ed77c8108376495b19bd8336405198a?s=96&d=mm&r=g","contentUrl":"https:\/\/secure.gravatar.com\/avatar\/72ecc30e9db047a2e0e7176561eb9d564ed77c8108376495b19bd8336405198a?s=96&d=mm&r=g","caption":"Dpress.ma"},"sameAs":["https:\/\/www.dpress.ma"],"url":"https:\/\/dpress.ma\/fr\/author\/dpress-ma\/"}]}},"amp_enabled":true,"_links":{"self":[{"href":"https:\/\/dpress.ma\/fr\/wp-json\/wp\/v2\/posts\/29789","targetHints":{"allow":["GET"]}}],"collection":[{"href":"https:\/\/dpress.ma\/fr\/wp-json\/wp\/v2\/posts"}],"about":[{"href":"https:\/\/dpress.ma\/fr\/wp-json\/wp\/v2\/types\/post"}],"author":[{"embeddable":true,"href":"https:\/\/dpress.ma\/fr\/wp-json\/wp\/v2\/users\/2"}],"replies":[{"embeddable":true,"href":"https:\/\/dpress.ma\/fr\/wp-json\/wp\/v2\/comments?post=29789"}],"version-history":[{"count":1,"href":"https:\/\/dpress.ma\/fr\/wp-json\/wp\/v2\/posts\/29789\/revisions"}],"predecessor-version":[{"id":29790,"href":"https:\/\/dpress.ma\/fr\/wp-json\/wp\/v2\/posts\/29789\/revisions\/29790"}],"wp:featuredmedia":[{"embeddable":true,"href":"https:\/\/dpress.ma\/fr\/wp-json\/wp\/v2\/media\/29791"}],"wp:attachment":[{"href":"https:\/\/dpress.ma\/fr\/wp-json\/wp\/v2\/media?parent=29789"}],"wp:term":[{"taxonomy":"category","embeddable":true,"href":"https:\/\/dpress.ma\/fr\/wp-json\/wp\/v2\/categories?post=29789"},{"taxonomy":"post_tag","embeddable":true,"href":"https:\/\/dpress.ma\/fr\/wp-json\/wp\/v2\/tags?post=29789"}],"curies":[{"name":"wp","href":"https:\/\/api.w.org\/{rel}","templated":true}]}}