{"id":29786,"date":"2026-05-02T08:50:10","date_gmt":"2026-05-02T08:50:10","guid":{"rendered":"https:\/\/dpress.ma\/fr\/?p=29786"},"modified":"2026-05-02T08:50:12","modified_gmt":"2026-05-02T08:50:12","slug":"mobilisation-de-linspection-du-travail-pour-assurer-la-mise-en-oeuvre-du-projet-de-loi-relatif-aux-agents-de-securite-privee","status":"publish","type":"post","link":"https:\/\/dpress.ma\/fr\/2026\/05\/02\/mobilisation-de-linspection-du-travail-pour-assurer-la-mise-en-oeuvre-du-projet-de-loi-relatif-aux-agents-de-securite-privee\/","title":{"rendered":"Mobilisation de l\u2019Inspection du travail pour assurer la mise en \u0153uvre du projet de loi relatif aux agents de s\u00e9curit\u00e9 priv\u00e9e"},"content":{"rendered":"\n<p>Dpress<\/p>\n\n\n\n<p>Le ministre de l\u2019Inclusion \u00e9conomique, de la Petite entreprise, de l\u2019Emploi et des Comp\u00e9tences, Younes Sekkouri, a indiqu\u00e9 qu\u2019apr\u00e8s l\u2019ach\u00e8vement du processus l\u00e9gislatif relatif \u00e0 l\u2019amendement de l\u2019article 193 du Code du travail se rapportant aux agents de s\u00e9curit\u00e9 priv\u00e9e, l\u2019Inspection du travail sera mobilis\u00e9e afin d\u2019assurer la pleine mise en \u0153uvre des dispositions de ce texte.<\/p>\n\n\n\n<p>Une fois cet amendement publi\u00e9 dans le Bulletin officiel, ses dispositions feront partie des principaux axes du Programme national d\u2019inspection du travail, qui sera lanc\u00e9 imm\u00e9diatement au terme de cette proc\u00e9dure, a d\u00e9clar\u00e9 le ministre lors du point de presse tenu \u00e0 l\u2019issue du Conseil de gouvernement, qui a approuv\u00e9 un projet de loi portant modification de l\u2019article 193 du Code du travail.<\/p>\n\n\n\n<p>Le gouvernement tiendra \u00e9galement des r\u00e9unions avec les entreprises afin de rappeler la n\u00e9cessit\u00e9 de se conformer aux nouvelles dispositions, alors que les autorit\u00e9s administratives charg\u00e9es des appels d\u2019offres seront mobilis\u00e9es en vue d\u2019adapter les cahiers des charges et d\u2019acc\u00e9l\u00e9rer le rythme de mise en conformit\u00e9, a-t-il ajout\u00e9.<\/p>\n\n\n\n<p>Selon M. Sekkouri, le principal enjeu de cette r\u00e9forme, fruit d\u2019un travail multidimensionnel (technique, de contr\u00f4le et de sensibilisation), demeure l\u2019application effective de ses dispositions sur le terrain.<\/p>\n\n\n\n<p>Il a, en outre, expliqu\u00e9 que la d\u00e9cision de r\u00e9duire les heures de travail des agents de s\u00e9curit\u00e9 priv\u00e9e rev\u00eat une importance particuli\u00e8re, pr\u00e9cisant qu\u2019elle a \u00e9t\u00e9 prise par les composantes de la majorit\u00e9 gouvernementale avec le soutien du Chef du gouvernement et en coordination avec plusieurs d\u00e9partements minist\u00e9riels, notamment ceux de l\u2019\u00c9conomie et des Finances, du Budget et le Secr\u00e9tariat g\u00e9n\u00e9ral du gouvernement, en vue d\u2019une formulation juridique pr\u00e9cise et clairement encadr\u00e9e dans le temps.<\/p>\n\n\n\n<p>Le ministre a aussi indiqu\u00e9 qu\u2019un d\u00e9lai transitoire maximal de 12 mois a \u00e9t\u00e9 accord\u00e9 aux entreprises li\u00e9es par des contrats conclus avant l\u2019entr\u00e9e en vigueur de la loi, tandis que les nouveaux contrats sign\u00e9s apr\u00e8s la publication du texte dans le Bulletin officiel seront soumis imm\u00e9diatement \u00e0 ces nouvelles dispositions.<\/p>\n\n\n\n<p>Et de poursuivre que le nouvel amendement de l\u2019article 193 du Code du travail pr\u00e9voit la r\u00e9duction du temps de travail quotidien de 12 \u00e0 8 heures, tout en tenant compte des contrats d\u00e9j\u00e0 conclus.<\/p>\n\n\n\n<p>Ce changement engendrera, selon M. Sekkouri, des co\u00fbts financiers importants pour les entreprises, qui passeront d\u2019un syst\u00e8me de \u201cdeux vacations\u201d (12 heures chacune) \u00e0 un syst\u00e8me de \u201ctrois vacations\u201d (8 heures chacune).<\/p>\n\n\n\n<p>Ce projet de loi s\u2019inscrit dans le cadre de la poursuite de la mise en \u0153uvre des engagements pris dans le cadre de l\u2019accord social du 29 avril 2024, en particulier ceux relatifs \u00e0 la r\u00e9vision progressive de certaines dispositions du Code du travail, conform\u00e9ment aux conclusions du dialogue social central (session d\u2019avril 2026).<\/p>\n","protected":false},"excerpt":{"rendered":"<p>Dpress Le ministre de l\u2019Inclusion \u00e9conomique, de la Petite entreprise, de l\u2019Emploi et des Comp\u00e9tences, Younes Sekkouri, a indiqu\u00e9 qu\u2019apr\u00e8s l\u2019ach\u00e8vement du processus l\u00e9gislatif relatif \u00e0 l\u2019amendement de l\u2019article 193 du Code du travail se rapportant aux agents de s\u00e9curit\u00e9 priv\u00e9e, l\u2019Inspection du travail sera mobilis\u00e9e afin d\u2019assurer la pleine mise en \u0153uvre des dispositions &hellip;<\/p>\n","protected":false},"author":2,"featured_media":29787,"comment_status":"open","ping_status":"open","sticky":false,"template":"","format":"standard","meta":{"footnotes":""},"categories":[26],"tags":[],"class_list":["post-29786","post","type-post","status-publish","format-standard","has-post-thumbnail","hentry","category-politiques"],"yoast_head":"<!-- This site is optimized with the Yoast SEO plugin v27.5 - https:\/\/yoast.com\/product\/yoast-seo-wordpress\/ -->\n<title>Mobilisation de l\u2019Inspection du travail pour assurer la mise en \u0153uvre du projet de loi relatif aux agents de s\u00e9curit\u00e9 priv\u00e9e - Dpress.ma\/fr<\/title>\n<meta name=\"robots\" content=\"index, follow, max-snippet:-1, max-image-preview:large, max-video-preview:-1\" \/>\n<link rel=\"canonical\" href=\"https:\/\/dpress.ma\/fr\/2026\/05\/02\/mobilisation-de-linspection-du-travail-pour-assurer-la-mise-en-oeuvre-du-projet-de-loi-relatif-aux-agents-de-securite-privee\/\" \/>\n<meta property=\"og:locale\" content=\"fr_FR\" \/>\n<meta property=\"og:type\" content=\"article\" \/>\n<meta property=\"og:title\" content=\"Mobilisation de l\u2019Inspection du travail pour assurer la mise en \u0153uvre du projet de loi relatif aux agents de s\u00e9curit\u00e9 priv\u00e9e - Dpress.ma\/fr\" \/>\n<meta property=\"og:description\" content=\"Dpress Le ministre de l\u2019Inclusion \u00e9conomique, de la Petite entreprise, de l\u2019Emploi et des Comp\u00e9tences, Younes Sekkouri, a indiqu\u00e9 qu\u2019apr\u00e8s l\u2019ach\u00e8vement du processus l\u00e9gislatif relatif \u00e0 l\u2019amendement de l\u2019article 193 du Code du travail se rapportant aux agents de s\u00e9curit\u00e9 priv\u00e9e, l\u2019Inspection du travail sera mobilis\u00e9e afin d\u2019assurer la pleine mise en \u0153uvre des dispositions &hellip;\" \/>\n<meta property=\"og:url\" content=\"https:\/\/dpress.ma\/fr\/2026\/05\/02\/mobilisation-de-linspection-du-travail-pour-assurer-la-mise-en-oeuvre-du-projet-de-loi-relatif-aux-agents-de-securite-privee\/\" \/>\n<meta property=\"og:site_name\" content=\"Dpress.ma\/fr\" \/>\n<meta property=\"article:published_time\" content=\"2026-05-02T08:50:10+00:00\" \/>\n<meta property=\"article:modified_time\" content=\"2026-05-02T08:50:12+00:00\" \/>\n<meta property=\"og:image\" content=\"https:\/\/dpress.ma\/fr\/wp-content\/uploads\/sites\/2\/2026\/05\/17.jpg\" \/>\n\t<meta property=\"og:image:width\" content=\"2539\" \/>\n\t<meta property=\"og:image:height\" content=\"1594\" \/>\n\t<meta property=\"og:image:type\" content=\"image\/jpeg\" \/>\n<meta name=\"author\" content=\"Dpress.ma\" \/>\n<meta name=\"twitter:card\" content=\"summary_large_image\" \/>\n<meta name=\"twitter:label1\" content=\"\u00c9crit par\" \/>\n\t<meta name=\"twitter:data1\" content=\"Dpress.ma\" \/>\n\t<meta name=\"twitter:label2\" content=\"Dur\u00e9e de lecture estim\u00e9e\" \/>\n\t<meta name=\"twitter:data2\" content=\"3 minutes\" \/>\n<script type=\"application\/ld+json\" class=\"yoast-schema-graph\">{\"@context\":\"https:\\\/\\\/schema.org\",\"@graph\":[{\"@type\":\"Article\",\"@id\":\"https:\\\/\\\/dpress.ma\\\/fr\\\/2026\\\/05\\\/02\\\/mobilisation-de-linspection-du-travail-pour-assurer-la-mise-en-oeuvre-du-projet-de-loi-relatif-aux-agents-de-securite-privee\\\/#article\",\"isPartOf\":{\"@id\":\"https:\\\/\\\/dpress.ma\\\/fr\\\/2026\\\/05\\\/02\\\/mobilisation-de-linspection-du-travail-pour-assurer-la-mise-en-oeuvre-du-projet-de-loi-relatif-aux-agents-de-securite-privee\\\/\"},\"author\":{\"name\":\"Dpress.ma\",\"@id\":\"https:\\\/\\\/dpress.ma\\\/fr\\\/#\\\/schema\\\/person\\\/4898febf3ccd59e6578d838656a306a0\"},\"headline\":\"Mobilisation de l\u2019Inspection du travail pour assurer la mise en \u0153uvre du projet de loi relatif aux agents de s\u00e9curit\u00e9 priv\u00e9e\",\"datePublished\":\"2026-05-02T08:50:10+00:00\",\"dateModified\":\"2026-05-02T08:50:12+00:00\",\"mainEntityOfPage\":{\"@id\":\"https:\\\/\\\/dpress.ma\\\/fr\\\/2026\\\/05\\\/02\\\/mobilisation-de-linspection-du-travail-pour-assurer-la-mise-en-oeuvre-du-projet-de-loi-relatif-aux-agents-de-securite-privee\\\/\"},\"wordCount\":525,\"commentCount\":0,\"image\":{\"@id\":\"https:\\\/\\\/dpress.ma\\\/fr\\\/2026\\\/05\\\/02\\\/mobilisation-de-linspection-du-travail-pour-assurer-la-mise-en-oeuvre-du-projet-de-loi-relatif-aux-agents-de-securite-privee\\\/#primaryimage\"},\"thumbnailUrl\":\"https:\\\/\\\/dpress.ma\\\/fr\\\/wp-content\\\/uploads\\\/sites\\\/2\\\/2026\\\/05\\\/17.jpg\",\"articleSection\":[\"Politiques\"],\"inLanguage\":\"fr-FR\",\"potentialAction\":[{\"@type\":\"CommentAction\",\"name\":\"Comment\",\"target\":[\"https:\\\/\\\/dpress.ma\\\/fr\\\/2026\\\/05\\\/02\\\/mobilisation-de-linspection-du-travail-pour-assurer-la-mise-en-oeuvre-du-projet-de-loi-relatif-aux-agents-de-securite-privee\\\/#respond\"]}]},{\"@type\":\"WebPage\",\"@id\":\"https:\\\/\\\/dpress.ma\\\/fr\\\/2026\\\/05\\\/02\\\/mobilisation-de-linspection-du-travail-pour-assurer-la-mise-en-oeuvre-du-projet-de-loi-relatif-aux-agents-de-securite-privee\\\/\",\"url\":\"https:\\\/\\\/dpress.ma\\\/fr\\\/2026\\\/05\\\/02\\\/mobilisation-de-linspection-du-travail-pour-assurer-la-mise-en-oeuvre-du-projet-de-loi-relatif-aux-agents-de-securite-privee\\\/\",\"name\":\"Mobilisation de l\u2019Inspection du travail pour assurer la mise en \u0153uvre du projet de loi relatif aux agents de s\u00e9curit\u00e9 priv\u00e9e - Dpress.ma\\\/fr\",\"isPartOf\":{\"@id\":\"https:\\\/\\\/dpress.ma\\\/fr\\\/#website\"},\"primaryImageOfPage\":{\"@id\":\"https:\\\/\\\/dpress.ma\\\/fr\\\/2026\\\/05\\\/02\\\/mobilisation-de-linspection-du-travail-pour-assurer-la-mise-en-oeuvre-du-projet-de-loi-relatif-aux-agents-de-securite-privee\\\/#primaryimage\"},\"image\":{\"@id\":\"https:\\\/\\\/dpress.ma\\\/fr\\\/2026\\\/05\\\/02\\\/mobilisation-de-linspection-du-travail-pour-assurer-la-mise-en-oeuvre-du-projet-de-loi-relatif-aux-agents-de-securite-privee\\\/#primaryimage\"},\"thumbnailUrl\":\"https:\\\/\\\/dpress.ma\\\/fr\\\/wp-content\\\/uploads\\\/sites\\\/2\\\/2026\\\/05\\\/17.jpg\",\"datePublished\":\"2026-05-02T08:50:10+00:00\",\"dateModified\":\"2026-05-02T08:50:12+00:00\",\"author\":{\"@id\":\"https:\\\/\\\/dpress.ma\\\/fr\\\/#\\\/schema\\\/person\\\/4898febf3ccd59e6578d838656a306a0\"},\"breadcrumb\":{\"@id\":\"https:\\\/\\\/dpress.ma\\\/fr\\\/2026\\\/05\\\/02\\\/mobilisation-de-linspection-du-travail-pour-assurer-la-mise-en-oeuvre-du-projet-de-loi-relatif-aux-agents-de-securite-privee\\\/#breadcrumb\"},\"inLanguage\":\"fr-FR\",\"potentialAction\":[{\"@type\":\"ReadAction\",\"target\":[\"https:\\\/\\\/dpress.ma\\\/fr\\\/2026\\\/05\\\/02\\\/mobilisation-de-linspection-du-travail-pour-assurer-la-mise-en-oeuvre-du-projet-de-loi-relatif-aux-agents-de-securite-privee\\\/\"]}]},{\"@type\":\"ImageObject\",\"inLanguage\":\"fr-FR\",\"@id\":\"https:\\\/\\\/dpress.ma\\\/fr\\\/2026\\\/05\\\/02\\\/mobilisation-de-linspection-du-travail-pour-assurer-la-mise-en-oeuvre-du-projet-de-loi-relatif-aux-agents-de-securite-privee\\\/#primaryimage\",\"url\":\"https:\\\/\\\/dpress.ma\\\/fr\\\/wp-content\\\/uploads\\\/sites\\\/2\\\/2026\\\/05\\\/17.jpg\",\"contentUrl\":\"https:\\\/\\\/dpress.ma\\\/fr\\\/wp-content\\\/uploads\\\/sites\\\/2\\\/2026\\\/05\\\/17.jpg\",\"width\":2539,\"height\":1594},{\"@type\":\"BreadcrumbList\",\"@id\":\"https:\\\/\\\/dpress.ma\\\/fr\\\/2026\\\/05\\\/02\\\/mobilisation-de-linspection-du-travail-pour-assurer-la-mise-en-oeuvre-du-projet-de-loi-relatif-aux-agents-de-securite-privee\\\/#breadcrumb\",\"itemListElement\":[{\"@type\":\"ListItem\",\"position\":1,\"name\":\"Home\",\"item\":\"https:\\\/\\\/dpress.ma\\\/fr\\\/\"},{\"@type\":\"ListItem\",\"position\":2,\"name\":\"Mobilisation de l\u2019Inspection du travail pour assurer la mise en \u0153uvre du projet de loi relatif aux agents de s\u00e9curit\u00e9 priv\u00e9e\"}]},{\"@type\":\"WebSite\",\"@id\":\"https:\\\/\\\/dpress.ma\\\/fr\\\/#website\",\"url\":\"https:\\\/\\\/dpress.ma\\\/fr\\\/\",\"name\":\"Dpress.ma\\\/fr\",\"description\":\"\",\"potentialAction\":[{\"@type\":\"SearchAction\",\"target\":{\"@type\":\"EntryPoint\",\"urlTemplate\":\"https:\\\/\\\/dpress.ma\\\/fr\\\/?s={search_term_string}\"},\"query-input\":{\"@type\":\"PropertyValueSpecification\",\"valueRequired\":true,\"valueName\":\"search_term_string\"}}],\"inLanguage\":\"fr-FR\"},{\"@type\":\"Person\",\"@id\":\"https:\\\/\\\/dpress.ma\\\/fr\\\/#\\\/schema\\\/person\\\/4898febf3ccd59e6578d838656a306a0\",\"name\":\"Dpress.ma\",\"image\":{\"@type\":\"ImageObject\",\"inLanguage\":\"fr-FR\",\"@id\":\"https:\\\/\\\/secure.gravatar.com\\\/avatar\\\/72ecc30e9db047a2e0e7176561eb9d564ed77c8108376495b19bd8336405198a?s=96&d=mm&r=g\",\"url\":\"https:\\\/\\\/secure.gravatar.com\\\/avatar\\\/72ecc30e9db047a2e0e7176561eb9d564ed77c8108376495b19bd8336405198a?s=96&d=mm&r=g\",\"contentUrl\":\"https:\\\/\\\/secure.gravatar.com\\\/avatar\\\/72ecc30e9db047a2e0e7176561eb9d564ed77c8108376495b19bd8336405198a?s=96&d=mm&r=g\",\"caption\":\"Dpress.ma\"},\"sameAs\":[\"https:\\\/\\\/www.dpress.ma\"],\"url\":\"https:\\\/\\\/dpress.ma\\\/fr\\\/author\\\/dpress-ma\\\/\"}]}<\/script>\n<!-- \/ Yoast SEO plugin. -->","yoast_head_json":{"title":"Mobilisation de l\u2019Inspection du travail pour assurer la mise en \u0153uvre du projet de loi relatif aux agents de s\u00e9curit\u00e9 priv\u00e9e - Dpress.ma\/fr","robots":{"index":"index","follow":"follow","max-snippet":"max-snippet:-1","max-image-preview":"max-image-preview:large","max-video-preview":"max-video-preview:-1"},"canonical":"https:\/\/dpress.ma\/fr\/2026\/05\/02\/mobilisation-de-linspection-du-travail-pour-assurer-la-mise-en-oeuvre-du-projet-de-loi-relatif-aux-agents-de-securite-privee\/","og_locale":"fr_FR","og_type":"article","og_title":"Mobilisation de l\u2019Inspection du travail pour assurer la mise en \u0153uvre du projet de loi relatif aux agents de s\u00e9curit\u00e9 priv\u00e9e - Dpress.ma\/fr","og_description":"Dpress Le ministre de l\u2019Inclusion \u00e9conomique, de la Petite entreprise, de l\u2019Emploi et des Comp\u00e9tences, Younes Sekkouri, a indiqu\u00e9 qu\u2019apr\u00e8s l\u2019ach\u00e8vement du processus l\u00e9gislatif relatif \u00e0 l\u2019amendement de l\u2019article 193 du Code du travail se rapportant aux agents de s\u00e9curit\u00e9 priv\u00e9e, l\u2019Inspection du travail sera mobilis\u00e9e afin d\u2019assurer la pleine mise en \u0153uvre des dispositions &hellip;","og_url":"https:\/\/dpress.ma\/fr\/2026\/05\/02\/mobilisation-de-linspection-du-travail-pour-assurer-la-mise-en-oeuvre-du-projet-de-loi-relatif-aux-agents-de-securite-privee\/","og_site_name":"Dpress.ma\/fr","article_published_time":"2026-05-02T08:50:10+00:00","article_modified_time":"2026-05-02T08:50:12+00:00","og_image":[{"width":2539,"height":1594,"url":"https:\/\/dpress.ma\/fr\/wp-content\/uploads\/sites\/2\/2026\/05\/17.jpg","type":"image\/jpeg"}],"author":"Dpress.ma","twitter_card":"summary_large_image","twitter_misc":{"\u00c9crit par":"Dpress.ma","Dur\u00e9e de lecture estim\u00e9e":"3 minutes"},"schema":{"@context":"https:\/\/schema.org","@graph":[{"@type":"Article","@id":"https:\/\/dpress.ma\/fr\/2026\/05\/02\/mobilisation-de-linspection-du-travail-pour-assurer-la-mise-en-oeuvre-du-projet-de-loi-relatif-aux-agents-de-securite-privee\/#article","isPartOf":{"@id":"https:\/\/dpress.ma\/fr\/2026\/05\/02\/mobilisation-de-linspection-du-travail-pour-assurer-la-mise-en-oeuvre-du-projet-de-loi-relatif-aux-agents-de-securite-privee\/"},"author":{"name":"Dpress.ma","@id":"https:\/\/dpress.ma\/fr\/#\/schema\/person\/4898febf3ccd59e6578d838656a306a0"},"headline":"Mobilisation de l\u2019Inspection du travail pour assurer la mise en \u0153uvre du projet de loi relatif aux agents de s\u00e9curit\u00e9 priv\u00e9e","datePublished":"2026-05-02T08:50:10+00:00","dateModified":"2026-05-02T08:50:12+00:00","mainEntityOfPage":{"@id":"https:\/\/dpress.ma\/fr\/2026\/05\/02\/mobilisation-de-linspection-du-travail-pour-assurer-la-mise-en-oeuvre-du-projet-de-loi-relatif-aux-agents-de-securite-privee\/"},"wordCount":525,"commentCount":0,"image":{"@id":"https:\/\/dpress.ma\/fr\/2026\/05\/02\/mobilisation-de-linspection-du-travail-pour-assurer-la-mise-en-oeuvre-du-projet-de-loi-relatif-aux-agents-de-securite-privee\/#primaryimage"},"thumbnailUrl":"https:\/\/dpress.ma\/fr\/wp-content\/uploads\/sites\/2\/2026\/05\/17.jpg","articleSection":["Politiques"],"inLanguage":"fr-FR","potentialAction":[{"@type":"CommentAction","name":"Comment","target":["https:\/\/dpress.ma\/fr\/2026\/05\/02\/mobilisation-de-linspection-du-travail-pour-assurer-la-mise-en-oeuvre-du-projet-de-loi-relatif-aux-agents-de-securite-privee\/#respond"]}]},{"@type":"WebPage","@id":"https:\/\/dpress.ma\/fr\/2026\/05\/02\/mobilisation-de-linspection-du-travail-pour-assurer-la-mise-en-oeuvre-du-projet-de-loi-relatif-aux-agents-de-securite-privee\/","url":"https:\/\/dpress.ma\/fr\/2026\/05\/02\/mobilisation-de-linspection-du-travail-pour-assurer-la-mise-en-oeuvre-du-projet-de-loi-relatif-aux-agents-de-securite-privee\/","name":"Mobilisation de l\u2019Inspection du travail pour assurer la mise en \u0153uvre du projet de loi relatif aux agents de s\u00e9curit\u00e9 priv\u00e9e - Dpress.ma\/fr","isPartOf":{"@id":"https:\/\/dpress.ma\/fr\/#website"},"primaryImageOfPage":{"@id":"https:\/\/dpress.ma\/fr\/2026\/05\/02\/mobilisation-de-linspection-du-travail-pour-assurer-la-mise-en-oeuvre-du-projet-de-loi-relatif-aux-agents-de-securite-privee\/#primaryimage"},"image":{"@id":"https:\/\/dpress.ma\/fr\/2026\/05\/02\/mobilisation-de-linspection-du-travail-pour-assurer-la-mise-en-oeuvre-du-projet-de-loi-relatif-aux-agents-de-securite-privee\/#primaryimage"},"thumbnailUrl":"https:\/\/dpress.ma\/fr\/wp-content\/uploads\/sites\/2\/2026\/05\/17.jpg","datePublished":"2026-05-02T08:50:10+00:00","dateModified":"2026-05-02T08:50:12+00:00","author":{"@id":"https:\/\/dpress.ma\/fr\/#\/schema\/person\/4898febf3ccd59e6578d838656a306a0"},"breadcrumb":{"@id":"https:\/\/dpress.ma\/fr\/2026\/05\/02\/mobilisation-de-linspection-du-travail-pour-assurer-la-mise-en-oeuvre-du-projet-de-loi-relatif-aux-agents-de-securite-privee\/#breadcrumb"},"inLanguage":"fr-FR","potentialAction":[{"@type":"ReadAction","target":["https:\/\/dpress.ma\/fr\/2026\/05\/02\/mobilisation-de-linspection-du-travail-pour-assurer-la-mise-en-oeuvre-du-projet-de-loi-relatif-aux-agents-de-securite-privee\/"]}]},{"@type":"ImageObject","inLanguage":"fr-FR","@id":"https:\/\/dpress.ma\/fr\/2026\/05\/02\/mobilisation-de-linspection-du-travail-pour-assurer-la-mise-en-oeuvre-du-projet-de-loi-relatif-aux-agents-de-securite-privee\/#primaryimage","url":"https:\/\/dpress.ma\/fr\/wp-content\/uploads\/sites\/2\/2026\/05\/17.jpg","contentUrl":"https:\/\/dpress.ma\/fr\/wp-content\/uploads\/sites\/2\/2026\/05\/17.jpg","width":2539,"height":1594},{"@type":"BreadcrumbList","@id":"https:\/\/dpress.ma\/fr\/2026\/05\/02\/mobilisation-de-linspection-du-travail-pour-assurer-la-mise-en-oeuvre-du-projet-de-loi-relatif-aux-agents-de-securite-privee\/#breadcrumb","itemListElement":[{"@type":"ListItem","position":1,"name":"Home","item":"https:\/\/dpress.ma\/fr\/"},{"@type":"ListItem","position":2,"name":"Mobilisation de l\u2019Inspection du travail pour assurer la mise en \u0153uvre du projet de loi relatif aux agents de s\u00e9curit\u00e9 priv\u00e9e"}]},{"@type":"WebSite","@id":"https:\/\/dpress.ma\/fr\/#website","url":"https:\/\/dpress.ma\/fr\/","name":"Dpress.ma\/fr","description":"","potentialAction":[{"@type":"SearchAction","target":{"@type":"EntryPoint","urlTemplate":"https:\/\/dpress.ma\/fr\/?s={search_term_string}"},"query-input":{"@type":"PropertyValueSpecification","valueRequired":true,"valueName":"search_term_string"}}],"inLanguage":"fr-FR"},{"@type":"Person","@id":"https:\/\/dpress.ma\/fr\/#\/schema\/person\/4898febf3ccd59e6578d838656a306a0","name":"Dpress.ma","image":{"@type":"ImageObject","inLanguage":"fr-FR","@id":"https:\/\/secure.gravatar.com\/avatar\/72ecc30e9db047a2e0e7176561eb9d564ed77c8108376495b19bd8336405198a?s=96&d=mm&r=g","url":"https:\/\/secure.gravatar.com\/avatar\/72ecc30e9db047a2e0e7176561eb9d564ed77c8108376495b19bd8336405198a?s=96&d=mm&r=g","contentUrl":"https:\/\/secure.gravatar.com\/avatar\/72ecc30e9db047a2e0e7176561eb9d564ed77c8108376495b19bd8336405198a?s=96&d=mm&r=g","caption":"Dpress.ma"},"sameAs":["https:\/\/www.dpress.ma"],"url":"https:\/\/dpress.ma\/fr\/author\/dpress-ma\/"}]}},"amp_enabled":true,"_links":{"self":[{"href":"https:\/\/dpress.ma\/fr\/wp-json\/wp\/v2\/posts\/29786","targetHints":{"allow":["GET"]}}],"collection":[{"href":"https:\/\/dpress.ma\/fr\/wp-json\/wp\/v2\/posts"}],"about":[{"href":"https:\/\/dpress.ma\/fr\/wp-json\/wp\/v2\/types\/post"}],"author":[{"embeddable":true,"href":"https:\/\/dpress.ma\/fr\/wp-json\/wp\/v2\/users\/2"}],"replies":[{"embeddable":true,"href":"https:\/\/dpress.ma\/fr\/wp-json\/wp\/v2\/comments?post=29786"}],"version-history":[{"count":1,"href":"https:\/\/dpress.ma\/fr\/wp-json\/wp\/v2\/posts\/29786\/revisions"}],"predecessor-version":[{"id":29788,"href":"https:\/\/dpress.ma\/fr\/wp-json\/wp\/v2\/posts\/29786\/revisions\/29788"}],"wp:featuredmedia":[{"embeddable":true,"href":"https:\/\/dpress.ma\/fr\/wp-json\/wp\/v2\/media\/29787"}],"wp:attachment":[{"href":"https:\/\/dpress.ma\/fr\/wp-json\/wp\/v2\/media?parent=29786"}],"wp:term":[{"taxonomy":"category","embeddable":true,"href":"https:\/\/dpress.ma\/fr\/wp-json\/wp\/v2\/categories?post=29786"},{"taxonomy":"post_tag","embeddable":true,"href":"https:\/\/dpress.ma\/fr\/wp-json\/wp\/v2\/tags?post=29786"}],"curies":[{"name":"wp","href":"https:\/\/api.w.org\/{rel}","templated":true}]}}