{"id":29784,"date":"2026-05-02T08:48:19","date_gmt":"2026-05-02T08:48:19","guid":{"rendered":"https:\/\/dpress.ma\/fr\/?p=29784"},"modified":"2026-05-02T08:48:20","modified_gmt":"2026-05-02T08:48:20","slug":"le-gouvernement-a-reussi-la-mise-en-oeuvre-des-chantiers-sociaux-malgre-la-conjoncture-difficile","status":"publish","type":"post","link":"https:\/\/dpress.ma\/fr\/2026\/05\/02\/le-gouvernement-a-reussi-la-mise-en-oeuvre-des-chantiers-sociaux-malgre-la-conjoncture-difficile\/","title":{"rendered":"Le gouvernement a r\u00e9ussi la mise en \u0153uvre des chantiers sociaux malgr\u00e9 la conjoncture difficile"},"content":{"rendered":"\n<p>Dpress<\/p>\n\n\n\n<p>Le gouvernement a r\u00e9ussi \u00e0 mettre en \u0153uvre les chantiers sociaux malgr\u00e9 une conjoncture difficile et un contexte international marqu\u00e9 par l\u2019incertitude, a indiqu\u00e9, jeudi \u00e0 Rabat, le Chef du gouvernement, Aziz Akhannouch.<\/p>\n\n\n\n<p>S\u2019exprimant lors d\u2019une rencontre avec les directeurs de publications de plusieurs m\u00e9dias nationaux publics et priv\u00e9s, M. Akhannouch a soulign\u00e9 que le gouvernement, qui a pris ses fonctions dans une conjoncture difficile marqu\u00e9e par des crises multiples et une situation internationale incertaine, est parvenu \u00e0 relever tous les d\u00e9fis sans impact sur le budget de l\u2019investissement public ou sur la mise en \u0153uvre des chantiers sociaux.<\/p>\n\n\n\n<p>L\u2019Ex\u00e9cutif a \u00e9galement \u0153uvr\u00e9, conform\u00e9ment aux Hautes Instructions Royales, \u00e0 stimuler l\u2019\u00e9conomie nationale et \u00e0 am\u00e9liorer ses indicateurs, permettant ainsi de d\u00e9gager les marges financi\u00e8res n\u00e9cessaires pour r\u00e9aliser ces chantiers, a ajout\u00e9 M. Akhannouch lors de cette rencontre consacr\u00e9e \u00e0 la pr\u00e9sentation des conclusions du bilan gouvernemental 2021-2026.<\/p>\n\n\n\n<p>De m\u00eame, le gouvernement a veill\u00e9 \u00e0 cr\u00e9er un climat favorable \u00e0 l\u2019investissement et \u00e0 engager des r\u00e9formes ayant permis d\u2019acc\u00e9l\u00e9rer la reprise de plusieurs secteurs affect\u00e9s, a-t-il fait savoir.<\/p>\n\n\n\n<p>Le Chef du gouvernement avait pr\u00e9sent\u00e9, le 15 avril 2026, lors d\u2019une s\u00e9ance conjointe devant les deux Chambres du Parlement, le bilan gouvernemental 2021-2026, qui a \u00e9t\u00e9 discut\u00e9 lors de deux s\u00e9ances distinctes \u00e0 la Chambre des repr\u00e9sentants et \u00e0 la Chambre des conseillers.<\/p>\n\n\n\n<p>Cette pr\u00e9sentation devant le Parlement \u00e0 ce moment pr\u00e9cis s\u2019inscrit dans la volont\u00e9 du gouvernement d\u2019ouvrir le d\u00e9bat public et politique autour de son bilan, a indiqu\u00e9 M. Akhannouch.<\/p>\n","protected":false},"excerpt":{"rendered":"<p>Dpress Le gouvernement a r\u00e9ussi \u00e0 mettre en \u0153uvre les chantiers sociaux malgr\u00e9 une conjoncture difficile et un contexte international marqu\u00e9 par l\u2019incertitude, a indiqu\u00e9, jeudi \u00e0 Rabat, le Chef du gouvernement, Aziz Akhannouch. S\u2019exprimant lors d\u2019une rencontre avec les directeurs de publications de plusieurs m\u00e9dias nationaux publics et priv\u00e9s, M. Akhannouch a soulign\u00e9 que &hellip;<\/p>\n","protected":false},"author":2,"featured_media":29718,"comment_status":"open","ping_status":"open","sticky":false,"template":"","format":"standard","meta":{"footnotes":""},"categories":[26],"tags":[],"class_list":["post-29784","post","type-post","status-publish","format-standard","has-post-thumbnail","hentry","category-politiques"],"yoast_head":"<!-- This site is optimized with the Yoast SEO plugin v27.5 - https:\/\/yoast.com\/product\/yoast-seo-wordpress\/ -->\n<title>Le gouvernement a r\u00e9ussi la mise en \u0153uvre des chantiers sociaux malgr\u00e9 la conjoncture difficile - Dpress.ma\/fr<\/title>\n<meta name=\"robots\" content=\"index, follow, max-snippet:-1, max-image-preview:large, max-video-preview:-1\" \/>\n<link rel=\"canonical\" href=\"https:\/\/dpress.ma\/fr\/2026\/05\/02\/le-gouvernement-a-reussi-la-mise-en-oeuvre-des-chantiers-sociaux-malgre-la-conjoncture-difficile\/\" \/>\n<meta property=\"og:locale\" content=\"fr_FR\" \/>\n<meta property=\"og:type\" content=\"article\" \/>\n<meta property=\"og:title\" content=\"Le gouvernement a r\u00e9ussi la mise en \u0153uvre des chantiers sociaux malgr\u00e9 la conjoncture difficile - Dpress.ma\/fr\" \/>\n<meta property=\"og:description\" content=\"Dpress Le gouvernement a r\u00e9ussi \u00e0 mettre en \u0153uvre les chantiers sociaux malgr\u00e9 une conjoncture difficile et un contexte international marqu\u00e9 par l\u2019incertitude, a indiqu\u00e9, jeudi \u00e0 Rabat, le Chef du gouvernement, Aziz Akhannouch. S\u2019exprimant lors d\u2019une rencontre avec les directeurs de publications de plusieurs m\u00e9dias nationaux publics et priv\u00e9s, M. Akhannouch a soulign\u00e9 que &hellip;\" \/>\n<meta property=\"og:url\" content=\"https:\/\/dpress.ma\/fr\/2026\/05\/02\/le-gouvernement-a-reussi-la-mise-en-oeuvre-des-chantiers-sociaux-malgre-la-conjoncture-difficile\/\" \/>\n<meta property=\"og:site_name\" content=\"Dpress.ma\/fr\" \/>\n<meta property=\"article:published_time\" content=\"2026-05-02T08:48:19+00:00\" \/>\n<meta property=\"article:modified_time\" content=\"2026-05-02T08:48:20+00:00\" \/>\n<meta property=\"og:image\" content=\"https:\/\/dpress.ma\/fr\/wp-content\/uploads\/sites\/2\/2026\/04\/109.jpg\" \/>\n\t<meta property=\"og:image:width\" content=\"2539\" \/>\n\t<meta property=\"og:image:height\" content=\"1594\" \/>\n\t<meta property=\"og:image:type\" content=\"image\/jpeg\" \/>\n<meta name=\"author\" content=\"Dpress.ma\" \/>\n<meta name=\"twitter:card\" content=\"summary_large_image\" \/>\n<meta name=\"twitter:label1\" content=\"\u00c9crit par\" \/>\n\t<meta name=\"twitter:data1\" content=\"Dpress.ma\" \/>\n\t<meta name=\"twitter:label2\" content=\"Dur\u00e9e de lecture estim\u00e9e\" \/>\n\t<meta name=\"twitter:data2\" content=\"2 minutes\" \/>\n<script type=\"application\/ld+json\" class=\"yoast-schema-graph\">{\"@context\":\"https:\\\/\\\/schema.org\",\"@graph\":[{\"@type\":\"Article\",\"@id\":\"https:\\\/\\\/dpress.ma\\\/fr\\\/2026\\\/05\\\/02\\\/le-gouvernement-a-reussi-la-mise-en-oeuvre-des-chantiers-sociaux-malgre-la-conjoncture-difficile\\\/#article\",\"isPartOf\":{\"@id\":\"https:\\\/\\\/dpress.ma\\\/fr\\\/2026\\\/05\\\/02\\\/le-gouvernement-a-reussi-la-mise-en-oeuvre-des-chantiers-sociaux-malgre-la-conjoncture-difficile\\\/\"},\"author\":{\"name\":\"Dpress.ma\",\"@id\":\"https:\\\/\\\/dpress.ma\\\/fr\\\/#\\\/schema\\\/person\\\/4898febf3ccd59e6578d838656a306a0\"},\"headline\":\"Le gouvernement a r\u00e9ussi la mise en \u0153uvre des chantiers sociaux malgr\u00e9 la conjoncture difficile\",\"datePublished\":\"2026-05-02T08:48:19+00:00\",\"dateModified\":\"2026-05-02T08:48:20+00:00\",\"mainEntityOfPage\":{\"@id\":\"https:\\\/\\\/dpress.ma\\\/fr\\\/2026\\\/05\\\/02\\\/le-gouvernement-a-reussi-la-mise-en-oeuvre-des-chantiers-sociaux-malgre-la-conjoncture-difficile\\\/\"},\"wordCount\":291,\"commentCount\":0,\"image\":{\"@id\":\"https:\\\/\\\/dpress.ma\\\/fr\\\/2026\\\/05\\\/02\\\/le-gouvernement-a-reussi-la-mise-en-oeuvre-des-chantiers-sociaux-malgre-la-conjoncture-difficile\\\/#primaryimage\"},\"thumbnailUrl\":\"https:\\\/\\\/dpress.ma\\\/fr\\\/wp-content\\\/uploads\\\/sites\\\/2\\\/2026\\\/04\\\/109.jpg\",\"articleSection\":[\"Politiques\"],\"inLanguage\":\"fr-FR\",\"potentialAction\":[{\"@type\":\"CommentAction\",\"name\":\"Comment\",\"target\":[\"https:\\\/\\\/dpress.ma\\\/fr\\\/2026\\\/05\\\/02\\\/le-gouvernement-a-reussi-la-mise-en-oeuvre-des-chantiers-sociaux-malgre-la-conjoncture-difficile\\\/#respond\"]}]},{\"@type\":\"WebPage\",\"@id\":\"https:\\\/\\\/dpress.ma\\\/fr\\\/2026\\\/05\\\/02\\\/le-gouvernement-a-reussi-la-mise-en-oeuvre-des-chantiers-sociaux-malgre-la-conjoncture-difficile\\\/\",\"url\":\"https:\\\/\\\/dpress.ma\\\/fr\\\/2026\\\/05\\\/02\\\/le-gouvernement-a-reussi-la-mise-en-oeuvre-des-chantiers-sociaux-malgre-la-conjoncture-difficile\\\/\",\"name\":\"Le gouvernement a r\u00e9ussi la mise en \u0153uvre des chantiers sociaux malgr\u00e9 la conjoncture difficile - Dpress.ma\\\/fr\",\"isPartOf\":{\"@id\":\"https:\\\/\\\/dpress.ma\\\/fr\\\/#website\"},\"primaryImageOfPage\":{\"@id\":\"https:\\\/\\\/dpress.ma\\\/fr\\\/2026\\\/05\\\/02\\\/le-gouvernement-a-reussi-la-mise-en-oeuvre-des-chantiers-sociaux-malgre-la-conjoncture-difficile\\\/#primaryimage\"},\"image\":{\"@id\":\"https:\\\/\\\/dpress.ma\\\/fr\\\/2026\\\/05\\\/02\\\/le-gouvernement-a-reussi-la-mise-en-oeuvre-des-chantiers-sociaux-malgre-la-conjoncture-difficile\\\/#primaryimage\"},\"thumbnailUrl\":\"https:\\\/\\\/dpress.ma\\\/fr\\\/wp-content\\\/uploads\\\/sites\\\/2\\\/2026\\\/04\\\/109.jpg\",\"datePublished\":\"2026-05-02T08:48:19+00:00\",\"dateModified\":\"2026-05-02T08:48:20+00:00\",\"author\":{\"@id\":\"https:\\\/\\\/dpress.ma\\\/fr\\\/#\\\/schema\\\/person\\\/4898febf3ccd59e6578d838656a306a0\"},\"breadcrumb\":{\"@id\":\"https:\\\/\\\/dpress.ma\\\/fr\\\/2026\\\/05\\\/02\\\/le-gouvernement-a-reussi-la-mise-en-oeuvre-des-chantiers-sociaux-malgre-la-conjoncture-difficile\\\/#breadcrumb\"},\"inLanguage\":\"fr-FR\",\"potentialAction\":[{\"@type\":\"ReadAction\",\"target\":[\"https:\\\/\\\/dpress.ma\\\/fr\\\/2026\\\/05\\\/02\\\/le-gouvernement-a-reussi-la-mise-en-oeuvre-des-chantiers-sociaux-malgre-la-conjoncture-difficile\\\/\"]}]},{\"@type\":\"ImageObject\",\"inLanguage\":\"fr-FR\",\"@id\":\"https:\\\/\\\/dpress.ma\\\/fr\\\/2026\\\/05\\\/02\\\/le-gouvernement-a-reussi-la-mise-en-oeuvre-des-chantiers-sociaux-malgre-la-conjoncture-difficile\\\/#primaryimage\",\"url\":\"https:\\\/\\\/dpress.ma\\\/fr\\\/wp-content\\\/uploads\\\/sites\\\/2\\\/2026\\\/04\\\/109.jpg\",\"contentUrl\":\"https:\\\/\\\/dpress.ma\\\/fr\\\/wp-content\\\/uploads\\\/sites\\\/2\\\/2026\\\/04\\\/109.jpg\",\"width\":2539,\"height\":1594},{\"@type\":\"BreadcrumbList\",\"@id\":\"https:\\\/\\\/dpress.ma\\\/fr\\\/2026\\\/05\\\/02\\\/le-gouvernement-a-reussi-la-mise-en-oeuvre-des-chantiers-sociaux-malgre-la-conjoncture-difficile\\\/#breadcrumb\",\"itemListElement\":[{\"@type\":\"ListItem\",\"position\":1,\"name\":\"Home\",\"item\":\"https:\\\/\\\/dpress.ma\\\/fr\\\/\"},{\"@type\":\"ListItem\",\"position\":2,\"name\":\"Le gouvernement a r\u00e9ussi la mise en \u0153uvre des chantiers sociaux malgr\u00e9 la conjoncture difficile\"}]},{\"@type\":\"WebSite\",\"@id\":\"https:\\\/\\\/dpress.ma\\\/fr\\\/#website\",\"url\":\"https:\\\/\\\/dpress.ma\\\/fr\\\/\",\"name\":\"Dpress.ma\\\/fr\",\"description\":\"\",\"potentialAction\":[{\"@type\":\"SearchAction\",\"target\":{\"@type\":\"EntryPoint\",\"urlTemplate\":\"https:\\\/\\\/dpress.ma\\\/fr\\\/?s={search_term_string}\"},\"query-input\":{\"@type\":\"PropertyValueSpecification\",\"valueRequired\":true,\"valueName\":\"search_term_string\"}}],\"inLanguage\":\"fr-FR\"},{\"@type\":\"Person\",\"@id\":\"https:\\\/\\\/dpress.ma\\\/fr\\\/#\\\/schema\\\/person\\\/4898febf3ccd59e6578d838656a306a0\",\"name\":\"Dpress.ma\",\"image\":{\"@type\":\"ImageObject\",\"inLanguage\":\"fr-FR\",\"@id\":\"https:\\\/\\\/secure.gravatar.com\\\/avatar\\\/72ecc30e9db047a2e0e7176561eb9d564ed77c8108376495b19bd8336405198a?s=96&d=mm&r=g\",\"url\":\"https:\\\/\\\/secure.gravatar.com\\\/avatar\\\/72ecc30e9db047a2e0e7176561eb9d564ed77c8108376495b19bd8336405198a?s=96&d=mm&r=g\",\"contentUrl\":\"https:\\\/\\\/secure.gravatar.com\\\/avatar\\\/72ecc30e9db047a2e0e7176561eb9d564ed77c8108376495b19bd8336405198a?s=96&d=mm&r=g\",\"caption\":\"Dpress.ma\"},\"sameAs\":[\"https:\\\/\\\/www.dpress.ma\"],\"url\":\"https:\\\/\\\/dpress.ma\\\/fr\\\/author\\\/dpress-ma\\\/\"}]}<\/script>\n<!-- \/ Yoast SEO plugin. -->","yoast_head_json":{"title":"Le gouvernement a r\u00e9ussi la mise en \u0153uvre des chantiers sociaux malgr\u00e9 la conjoncture difficile - Dpress.ma\/fr","robots":{"index":"index","follow":"follow","max-snippet":"max-snippet:-1","max-image-preview":"max-image-preview:large","max-video-preview":"max-video-preview:-1"},"canonical":"https:\/\/dpress.ma\/fr\/2026\/05\/02\/le-gouvernement-a-reussi-la-mise-en-oeuvre-des-chantiers-sociaux-malgre-la-conjoncture-difficile\/","og_locale":"fr_FR","og_type":"article","og_title":"Le gouvernement a r\u00e9ussi la mise en \u0153uvre des chantiers sociaux malgr\u00e9 la conjoncture difficile - Dpress.ma\/fr","og_description":"Dpress Le gouvernement a r\u00e9ussi \u00e0 mettre en \u0153uvre les chantiers sociaux malgr\u00e9 une conjoncture difficile et un contexte international marqu\u00e9 par l\u2019incertitude, a indiqu\u00e9, jeudi \u00e0 Rabat, le Chef du gouvernement, Aziz Akhannouch. S\u2019exprimant lors d\u2019une rencontre avec les directeurs de publications de plusieurs m\u00e9dias nationaux publics et priv\u00e9s, M. Akhannouch a soulign\u00e9 que &hellip;","og_url":"https:\/\/dpress.ma\/fr\/2026\/05\/02\/le-gouvernement-a-reussi-la-mise-en-oeuvre-des-chantiers-sociaux-malgre-la-conjoncture-difficile\/","og_site_name":"Dpress.ma\/fr","article_published_time":"2026-05-02T08:48:19+00:00","article_modified_time":"2026-05-02T08:48:20+00:00","og_image":[{"width":2539,"height":1594,"url":"https:\/\/dpress.ma\/fr\/wp-content\/uploads\/sites\/2\/2026\/04\/109.jpg","type":"image\/jpeg"}],"author":"Dpress.ma","twitter_card":"summary_large_image","twitter_misc":{"\u00c9crit par":"Dpress.ma","Dur\u00e9e de lecture estim\u00e9e":"2 minutes"},"schema":{"@context":"https:\/\/schema.org","@graph":[{"@type":"Article","@id":"https:\/\/dpress.ma\/fr\/2026\/05\/02\/le-gouvernement-a-reussi-la-mise-en-oeuvre-des-chantiers-sociaux-malgre-la-conjoncture-difficile\/#article","isPartOf":{"@id":"https:\/\/dpress.ma\/fr\/2026\/05\/02\/le-gouvernement-a-reussi-la-mise-en-oeuvre-des-chantiers-sociaux-malgre-la-conjoncture-difficile\/"},"author":{"name":"Dpress.ma","@id":"https:\/\/dpress.ma\/fr\/#\/schema\/person\/4898febf3ccd59e6578d838656a306a0"},"headline":"Le gouvernement a r\u00e9ussi la mise en \u0153uvre des chantiers sociaux malgr\u00e9 la conjoncture difficile","datePublished":"2026-05-02T08:48:19+00:00","dateModified":"2026-05-02T08:48:20+00:00","mainEntityOfPage":{"@id":"https:\/\/dpress.ma\/fr\/2026\/05\/02\/le-gouvernement-a-reussi-la-mise-en-oeuvre-des-chantiers-sociaux-malgre-la-conjoncture-difficile\/"},"wordCount":291,"commentCount":0,"image":{"@id":"https:\/\/dpress.ma\/fr\/2026\/05\/02\/le-gouvernement-a-reussi-la-mise-en-oeuvre-des-chantiers-sociaux-malgre-la-conjoncture-difficile\/#primaryimage"},"thumbnailUrl":"https:\/\/dpress.ma\/fr\/wp-content\/uploads\/sites\/2\/2026\/04\/109.jpg","articleSection":["Politiques"],"inLanguage":"fr-FR","potentialAction":[{"@type":"CommentAction","name":"Comment","target":["https:\/\/dpress.ma\/fr\/2026\/05\/02\/le-gouvernement-a-reussi-la-mise-en-oeuvre-des-chantiers-sociaux-malgre-la-conjoncture-difficile\/#respond"]}]},{"@type":"WebPage","@id":"https:\/\/dpress.ma\/fr\/2026\/05\/02\/le-gouvernement-a-reussi-la-mise-en-oeuvre-des-chantiers-sociaux-malgre-la-conjoncture-difficile\/","url":"https:\/\/dpress.ma\/fr\/2026\/05\/02\/le-gouvernement-a-reussi-la-mise-en-oeuvre-des-chantiers-sociaux-malgre-la-conjoncture-difficile\/","name":"Le gouvernement a r\u00e9ussi la mise en \u0153uvre des chantiers sociaux malgr\u00e9 la conjoncture difficile - Dpress.ma\/fr","isPartOf":{"@id":"https:\/\/dpress.ma\/fr\/#website"},"primaryImageOfPage":{"@id":"https:\/\/dpress.ma\/fr\/2026\/05\/02\/le-gouvernement-a-reussi-la-mise-en-oeuvre-des-chantiers-sociaux-malgre-la-conjoncture-difficile\/#primaryimage"},"image":{"@id":"https:\/\/dpress.ma\/fr\/2026\/05\/02\/le-gouvernement-a-reussi-la-mise-en-oeuvre-des-chantiers-sociaux-malgre-la-conjoncture-difficile\/#primaryimage"},"thumbnailUrl":"https:\/\/dpress.ma\/fr\/wp-content\/uploads\/sites\/2\/2026\/04\/109.jpg","datePublished":"2026-05-02T08:48:19+00:00","dateModified":"2026-05-02T08:48:20+00:00","author":{"@id":"https:\/\/dpress.ma\/fr\/#\/schema\/person\/4898febf3ccd59e6578d838656a306a0"},"breadcrumb":{"@id":"https:\/\/dpress.ma\/fr\/2026\/05\/02\/le-gouvernement-a-reussi-la-mise-en-oeuvre-des-chantiers-sociaux-malgre-la-conjoncture-difficile\/#breadcrumb"},"inLanguage":"fr-FR","potentialAction":[{"@type":"ReadAction","target":["https:\/\/dpress.ma\/fr\/2026\/05\/02\/le-gouvernement-a-reussi-la-mise-en-oeuvre-des-chantiers-sociaux-malgre-la-conjoncture-difficile\/"]}]},{"@type":"ImageObject","inLanguage":"fr-FR","@id":"https:\/\/dpress.ma\/fr\/2026\/05\/02\/le-gouvernement-a-reussi-la-mise-en-oeuvre-des-chantiers-sociaux-malgre-la-conjoncture-difficile\/#primaryimage","url":"https:\/\/dpress.ma\/fr\/wp-content\/uploads\/sites\/2\/2026\/04\/109.jpg","contentUrl":"https:\/\/dpress.ma\/fr\/wp-content\/uploads\/sites\/2\/2026\/04\/109.jpg","width":2539,"height":1594},{"@type":"BreadcrumbList","@id":"https:\/\/dpress.ma\/fr\/2026\/05\/02\/le-gouvernement-a-reussi-la-mise-en-oeuvre-des-chantiers-sociaux-malgre-la-conjoncture-difficile\/#breadcrumb","itemListElement":[{"@type":"ListItem","position":1,"name":"Home","item":"https:\/\/dpress.ma\/fr\/"},{"@type":"ListItem","position":2,"name":"Le gouvernement a r\u00e9ussi la mise en \u0153uvre des chantiers sociaux malgr\u00e9 la conjoncture difficile"}]},{"@type":"WebSite","@id":"https:\/\/dpress.ma\/fr\/#website","url":"https:\/\/dpress.ma\/fr\/","name":"Dpress.ma\/fr","description":"","potentialAction":[{"@type":"SearchAction","target":{"@type":"EntryPoint","urlTemplate":"https:\/\/dpress.ma\/fr\/?s={search_term_string}"},"query-input":{"@type":"PropertyValueSpecification","valueRequired":true,"valueName":"search_term_string"}}],"inLanguage":"fr-FR"},{"@type":"Person","@id":"https:\/\/dpress.ma\/fr\/#\/schema\/person\/4898febf3ccd59e6578d838656a306a0","name":"Dpress.ma","image":{"@type":"ImageObject","inLanguage":"fr-FR","@id":"https:\/\/secure.gravatar.com\/avatar\/72ecc30e9db047a2e0e7176561eb9d564ed77c8108376495b19bd8336405198a?s=96&d=mm&r=g","url":"https:\/\/secure.gravatar.com\/avatar\/72ecc30e9db047a2e0e7176561eb9d564ed77c8108376495b19bd8336405198a?s=96&d=mm&r=g","contentUrl":"https:\/\/secure.gravatar.com\/avatar\/72ecc30e9db047a2e0e7176561eb9d564ed77c8108376495b19bd8336405198a?s=96&d=mm&r=g","caption":"Dpress.ma"},"sameAs":["https:\/\/www.dpress.ma"],"url":"https:\/\/dpress.ma\/fr\/author\/dpress-ma\/"}]}},"amp_enabled":true,"_links":{"self":[{"href":"https:\/\/dpress.ma\/fr\/wp-json\/wp\/v2\/posts\/29784","targetHints":{"allow":["GET"]}}],"collection":[{"href":"https:\/\/dpress.ma\/fr\/wp-json\/wp\/v2\/posts"}],"about":[{"href":"https:\/\/dpress.ma\/fr\/wp-json\/wp\/v2\/types\/post"}],"author":[{"embeddable":true,"href":"https:\/\/dpress.ma\/fr\/wp-json\/wp\/v2\/users\/2"}],"replies":[{"embeddable":true,"href":"https:\/\/dpress.ma\/fr\/wp-json\/wp\/v2\/comments?post=29784"}],"version-history":[{"count":1,"href":"https:\/\/dpress.ma\/fr\/wp-json\/wp\/v2\/posts\/29784\/revisions"}],"predecessor-version":[{"id":29785,"href":"https:\/\/dpress.ma\/fr\/wp-json\/wp\/v2\/posts\/29784\/revisions\/29785"}],"wp:featuredmedia":[{"embeddable":true,"href":"https:\/\/dpress.ma\/fr\/wp-json\/wp\/v2\/media\/29718"}],"wp:attachment":[{"href":"https:\/\/dpress.ma\/fr\/wp-json\/wp\/v2\/media?parent=29784"}],"wp:term":[{"taxonomy":"category","embeddable":true,"href":"https:\/\/dpress.ma\/fr\/wp-json\/wp\/v2\/categories?post=29784"},{"taxonomy":"post_tag","embeddable":true,"href":"https:\/\/dpress.ma\/fr\/wp-json\/wp\/v2\/tags?post=29784"}],"curies":[{"name":"wp","href":"https:\/\/api.w.org\/{rel}","templated":true}]}}