{"id":29772,"date":"2026-05-01T14:58:52","date_gmt":"2026-05-01T14:58:52","guid":{"rendered":"https:\/\/dpress.ma\/fr\/?p=29772"},"modified":"2026-05-01T14:58:53","modified_gmt":"2026-05-01T14:58:53","slug":"championnats-arabes-dathletisme-u20-le-maroc-termine-en-tete-du-classement-avec-36-medailles","status":"publish","type":"post","link":"https:\/\/dpress.ma\/fr\/2026\/05\/01\/championnats-arabes-dathletisme-u20-le-maroc-termine-en-tete-du-classement-avec-36-medailles\/","title":{"rendered":"Championnats arabes d\u2019athl\u00e9tisme U20: le Maroc termine en t\u00eate du classement avec 36 m\u00e9dailles"},"content":{"rendered":"\n<p>Dpress<\/p>\n\n\n\n<p>Le Maroc a termin\u00e9 en t\u00eate du classement final du 21e Championnat arabe d\u2019athl\u00e9tisme des moins de 20 ans, disput\u00e9 \u00e0 Tunis, avec un total de 36 m\u00e9dailles (9 or, 16 argent et 11 bronze).<\/p>\n\n\n\n<p>La s\u00e9lection marocaine a rafl\u00e9, lors de la derni\u00e8re journ\u00e9e de comp\u00e9titions jeudi, deux m\u00e9dailles d\u2019or gr\u00e2ce \u00e0 Mohamed Al Musalit (1.500 m) et Bilal Reggad (5.000 m). Le Maroc a \u00e9galement d\u00e9croch\u00e9 cinq m\u00e9dailles d\u2019argent par le biais d\u2019Adam Namar (400 m haies), Imad Bouchajda (1.500 m) et de R\u00e9da Ouazzaouit (5.000 m), ainsi que sur les \u00e9preuves du relais 4\u00d7100 m (filles) et du relais 4\u00d7400 m (filles). Le Maroc a par ailleurs ajout\u00e9 une m\u00e9daille de bronze au relais 4\u00d7400 m (gar\u00e7ons).<\/p>\n\n\n\n<p>Abdelilah Ouba, membre de la Commission technique de la F\u00e9d\u00e9ration Royale Marocaine d\u2019Athl\u00e9tisme et responsable de la d\u00e9l\u00e9gation marocaine, a qualifi\u00e9 ces r\u00e9sultats&nbsp;de tr\u00e8s positifs au regard de la forte concurrence, soulignant que le niveau de l\u2019athl\u00e9tisme arabe s\u2019am\u00e9liore d\u2019une \u00e9dition \u00e0 l\u2019autre, ce qui impose aux athl\u00e8tes de hisser constamment leur niveau pour pr\u00e9tendre aux podiums.<\/p>\n\n\n\n<p>Il a \u00e9galement estim\u00e9 que l\u2019athl\u00e9tisme marocain dispose de jeunes athl\u00e8tes aux capacit\u00e9s prometteuses, capables de rivaliser \u00e0 l\u2019\u00e9chelle internationale dans un avenir proche, mettant en avant le r\u00f4le crucial des centres de formation.<\/p>\n\n\n\n<p>Le Maroc a \u00e9t\u00e9 repr\u00e9sent\u00e9 \u00e0 ces championnats, disput\u00e9s du 26 au 30 avril au stade olympique de Rad\u00e8s, par une d\u00e9l\u00e9gation de 31, dont 18 filles.<\/p>\n\n\n\n<p>Outre le Maroc, plusieurs pays ont particip\u00e9 \u00e0 cette \u00e9dition, notamment la Tunisie, la Palestine, le Qatar, l\u2019Arabie saoudite, Oman, le Soudan, Bahre\u00efn, le Y\u00e9men, l\u2019\u00c9gypte, la Libye, le Liban et les \u00c9mirats arabes unis.<\/p>\n","protected":false},"excerpt":{"rendered":"<p>Dpress Le Maroc a termin\u00e9 en t\u00eate du classement final du 21e Championnat arabe d\u2019athl\u00e9tisme des moins de 20 ans, disput\u00e9 \u00e0 Tunis, avec un total de 36 m\u00e9dailles (9 or, 16 argent et 11 bronze). La s\u00e9lection marocaine a rafl\u00e9, lors de la derni\u00e8re journ\u00e9e de comp\u00e9titions jeudi, deux m\u00e9dailles d\u2019or gr\u00e2ce \u00e0 Mohamed &hellip;<\/p>\n","protected":false},"author":2,"featured_media":29773,"comment_status":"open","ping_status":"open","sticky":false,"template":"","format":"standard","meta":{"footnotes":""},"categories":[27],"tags":[],"class_list":["post-29772","post","type-post","status-publish","format-standard","has-post-thumbnail","hentry","category-sport"],"yoast_head":"<!-- This site is optimized with the Yoast SEO plugin v27.5 - https:\/\/yoast.com\/product\/yoast-seo-wordpress\/ -->\n<title>Championnats arabes d\u2019athl\u00e9tisme U20: le Maroc termine en t\u00eate du classement avec 36 m\u00e9dailles - Dpress.ma\/fr<\/title>\n<meta name=\"robots\" content=\"index, follow, max-snippet:-1, max-image-preview:large, max-video-preview:-1\" \/>\n<link rel=\"canonical\" href=\"https:\/\/dpress.ma\/fr\/2026\/05\/01\/championnats-arabes-dathletisme-u20-le-maroc-termine-en-tete-du-classement-avec-36-medailles\/\" \/>\n<meta property=\"og:locale\" content=\"fr_FR\" \/>\n<meta property=\"og:type\" content=\"article\" \/>\n<meta property=\"og:title\" content=\"Championnats arabes d\u2019athl\u00e9tisme U20: le Maroc termine en t\u00eate du classement avec 36 m\u00e9dailles - Dpress.ma\/fr\" \/>\n<meta property=\"og:description\" content=\"Dpress Le Maroc a termin\u00e9 en t\u00eate du classement final du 21e Championnat arabe d\u2019athl\u00e9tisme des moins de 20 ans, disput\u00e9 \u00e0 Tunis, avec un total de 36 m\u00e9dailles (9 or, 16 argent et 11 bronze). La s\u00e9lection marocaine a rafl\u00e9, lors de la derni\u00e8re journ\u00e9e de comp\u00e9titions jeudi, deux m\u00e9dailles d\u2019or gr\u00e2ce \u00e0 Mohamed &hellip;\" \/>\n<meta property=\"og:url\" content=\"https:\/\/dpress.ma\/fr\/2026\/05\/01\/championnats-arabes-dathletisme-u20-le-maroc-termine-en-tete-du-classement-avec-36-medailles\/\" \/>\n<meta property=\"og:site_name\" content=\"Dpress.ma\/fr\" \/>\n<meta property=\"article:published_time\" content=\"2026-05-01T14:58:52+00:00\" \/>\n<meta property=\"article:modified_time\" content=\"2026-05-01T14:58:53+00:00\" \/>\n<meta property=\"og:image\" content=\"https:\/\/dpress.ma\/fr\/wp-content\/uploads\/sites\/2\/2026\/05\/Dprmess3-Copie.jpg\" \/>\n\t<meta property=\"og:image:width\" content=\"2539\" \/>\n\t<meta property=\"og:image:height\" content=\"1594\" \/>\n\t<meta property=\"og:image:type\" content=\"image\/jpeg\" \/>\n<meta name=\"author\" content=\"Dpress.ma\" \/>\n<meta name=\"twitter:card\" content=\"summary_large_image\" \/>\n<meta name=\"twitter:label1\" content=\"\u00c9crit par\" \/>\n\t<meta name=\"twitter:data1\" content=\"Dpress.ma\" \/>\n\t<meta name=\"twitter:label2\" content=\"Dur\u00e9e de lecture estim\u00e9e\" \/>\n\t<meta name=\"twitter:data2\" content=\"2 minutes\" \/>\n<script type=\"application\/ld+json\" class=\"yoast-schema-graph\">{\"@context\":\"https:\\\/\\\/schema.org\",\"@graph\":[{\"@type\":\"Article\",\"@id\":\"https:\\\/\\\/dpress.ma\\\/fr\\\/2026\\\/05\\\/01\\\/championnats-arabes-dathletisme-u20-le-maroc-termine-en-tete-du-classement-avec-36-medailles\\\/#article\",\"isPartOf\":{\"@id\":\"https:\\\/\\\/dpress.ma\\\/fr\\\/2026\\\/05\\\/01\\\/championnats-arabes-dathletisme-u20-le-maroc-termine-en-tete-du-classement-avec-36-medailles\\\/\"},\"author\":{\"name\":\"Dpress.ma\",\"@id\":\"https:\\\/\\\/dpress.ma\\\/fr\\\/#\\\/schema\\\/person\\\/4898febf3ccd59e6578d838656a306a0\"},\"headline\":\"Championnats arabes d\u2019athl\u00e9tisme U20: le Maroc termine en t\u00eate du classement avec 36 m\u00e9dailles\",\"datePublished\":\"2026-05-01T14:58:52+00:00\",\"dateModified\":\"2026-05-01T14:58:53+00:00\",\"mainEntityOfPage\":{\"@id\":\"https:\\\/\\\/dpress.ma\\\/fr\\\/2026\\\/05\\\/01\\\/championnats-arabes-dathletisme-u20-le-maroc-termine-en-tete-du-classement-avec-36-medailles\\\/\"},\"wordCount\":319,\"commentCount\":0,\"image\":{\"@id\":\"https:\\\/\\\/dpress.ma\\\/fr\\\/2026\\\/05\\\/01\\\/championnats-arabes-dathletisme-u20-le-maroc-termine-en-tete-du-classement-avec-36-medailles\\\/#primaryimage\"},\"thumbnailUrl\":\"https:\\\/\\\/dpress.ma\\\/fr\\\/wp-content\\\/uploads\\\/sites\\\/2\\\/2026\\\/05\\\/Dprmess3-Copie.jpg\",\"articleSection\":[\"Sport\"],\"inLanguage\":\"fr-FR\",\"potentialAction\":[{\"@type\":\"CommentAction\",\"name\":\"Comment\",\"target\":[\"https:\\\/\\\/dpress.ma\\\/fr\\\/2026\\\/05\\\/01\\\/championnats-arabes-dathletisme-u20-le-maroc-termine-en-tete-du-classement-avec-36-medailles\\\/#respond\"]}]},{\"@type\":\"WebPage\",\"@id\":\"https:\\\/\\\/dpress.ma\\\/fr\\\/2026\\\/05\\\/01\\\/championnats-arabes-dathletisme-u20-le-maroc-termine-en-tete-du-classement-avec-36-medailles\\\/\",\"url\":\"https:\\\/\\\/dpress.ma\\\/fr\\\/2026\\\/05\\\/01\\\/championnats-arabes-dathletisme-u20-le-maroc-termine-en-tete-du-classement-avec-36-medailles\\\/\",\"name\":\"Championnats arabes d\u2019athl\u00e9tisme U20: le Maroc termine en t\u00eate du classement avec 36 m\u00e9dailles - Dpress.ma\\\/fr\",\"isPartOf\":{\"@id\":\"https:\\\/\\\/dpress.ma\\\/fr\\\/#website\"},\"primaryImageOfPage\":{\"@id\":\"https:\\\/\\\/dpress.ma\\\/fr\\\/2026\\\/05\\\/01\\\/championnats-arabes-dathletisme-u20-le-maroc-termine-en-tete-du-classement-avec-36-medailles\\\/#primaryimage\"},\"image\":{\"@id\":\"https:\\\/\\\/dpress.ma\\\/fr\\\/2026\\\/05\\\/01\\\/championnats-arabes-dathletisme-u20-le-maroc-termine-en-tete-du-classement-avec-36-medailles\\\/#primaryimage\"},\"thumbnailUrl\":\"https:\\\/\\\/dpress.ma\\\/fr\\\/wp-content\\\/uploads\\\/sites\\\/2\\\/2026\\\/05\\\/Dprmess3-Copie.jpg\",\"datePublished\":\"2026-05-01T14:58:52+00:00\",\"dateModified\":\"2026-05-01T14:58:53+00:00\",\"author\":{\"@id\":\"https:\\\/\\\/dpress.ma\\\/fr\\\/#\\\/schema\\\/person\\\/4898febf3ccd59e6578d838656a306a0\"},\"breadcrumb\":{\"@id\":\"https:\\\/\\\/dpress.ma\\\/fr\\\/2026\\\/05\\\/01\\\/championnats-arabes-dathletisme-u20-le-maroc-termine-en-tete-du-classement-avec-36-medailles\\\/#breadcrumb\"},\"inLanguage\":\"fr-FR\",\"potentialAction\":[{\"@type\":\"ReadAction\",\"target\":[\"https:\\\/\\\/dpress.ma\\\/fr\\\/2026\\\/05\\\/01\\\/championnats-arabes-dathletisme-u20-le-maroc-termine-en-tete-du-classement-avec-36-medailles\\\/\"]}]},{\"@type\":\"ImageObject\",\"inLanguage\":\"fr-FR\",\"@id\":\"https:\\\/\\\/dpress.ma\\\/fr\\\/2026\\\/05\\\/01\\\/championnats-arabes-dathletisme-u20-le-maroc-termine-en-tete-du-classement-avec-36-medailles\\\/#primaryimage\",\"url\":\"https:\\\/\\\/dpress.ma\\\/fr\\\/wp-content\\\/uploads\\\/sites\\\/2\\\/2026\\\/05\\\/Dprmess3-Copie.jpg\",\"contentUrl\":\"https:\\\/\\\/dpress.ma\\\/fr\\\/wp-content\\\/uploads\\\/sites\\\/2\\\/2026\\\/05\\\/Dprmess3-Copie.jpg\",\"width\":2539,\"height\":1594},{\"@type\":\"BreadcrumbList\",\"@id\":\"https:\\\/\\\/dpress.ma\\\/fr\\\/2026\\\/05\\\/01\\\/championnats-arabes-dathletisme-u20-le-maroc-termine-en-tete-du-classement-avec-36-medailles\\\/#breadcrumb\",\"itemListElement\":[{\"@type\":\"ListItem\",\"position\":1,\"name\":\"Home\",\"item\":\"https:\\\/\\\/dpress.ma\\\/fr\\\/\"},{\"@type\":\"ListItem\",\"position\":2,\"name\":\"Championnats arabes d\u2019athl\u00e9tisme U20: le Maroc termine en t\u00eate du classement avec 36 m\u00e9dailles\"}]},{\"@type\":\"WebSite\",\"@id\":\"https:\\\/\\\/dpress.ma\\\/fr\\\/#website\",\"url\":\"https:\\\/\\\/dpress.ma\\\/fr\\\/\",\"name\":\"Dpress.ma\\\/fr\",\"description\":\"\",\"potentialAction\":[{\"@type\":\"SearchAction\",\"target\":{\"@type\":\"EntryPoint\",\"urlTemplate\":\"https:\\\/\\\/dpress.ma\\\/fr\\\/?s={search_term_string}\"},\"query-input\":{\"@type\":\"PropertyValueSpecification\",\"valueRequired\":true,\"valueName\":\"search_term_string\"}}],\"inLanguage\":\"fr-FR\"},{\"@type\":\"Person\",\"@id\":\"https:\\\/\\\/dpress.ma\\\/fr\\\/#\\\/schema\\\/person\\\/4898febf3ccd59e6578d838656a306a0\",\"name\":\"Dpress.ma\",\"image\":{\"@type\":\"ImageObject\",\"inLanguage\":\"fr-FR\",\"@id\":\"https:\\\/\\\/secure.gravatar.com\\\/avatar\\\/72ecc30e9db047a2e0e7176561eb9d564ed77c8108376495b19bd8336405198a?s=96&d=mm&r=g\",\"url\":\"https:\\\/\\\/secure.gravatar.com\\\/avatar\\\/72ecc30e9db047a2e0e7176561eb9d564ed77c8108376495b19bd8336405198a?s=96&d=mm&r=g\",\"contentUrl\":\"https:\\\/\\\/secure.gravatar.com\\\/avatar\\\/72ecc30e9db047a2e0e7176561eb9d564ed77c8108376495b19bd8336405198a?s=96&d=mm&r=g\",\"caption\":\"Dpress.ma\"},\"sameAs\":[\"https:\\\/\\\/www.dpress.ma\"],\"url\":\"https:\\\/\\\/dpress.ma\\\/fr\\\/author\\\/dpress-ma\\\/\"}]}<\/script>\n<!-- \/ Yoast SEO plugin. -->","yoast_head_json":{"title":"Championnats arabes d\u2019athl\u00e9tisme U20: le Maroc termine en t\u00eate du classement avec 36 m\u00e9dailles - Dpress.ma\/fr","robots":{"index":"index","follow":"follow","max-snippet":"max-snippet:-1","max-image-preview":"max-image-preview:large","max-video-preview":"max-video-preview:-1"},"canonical":"https:\/\/dpress.ma\/fr\/2026\/05\/01\/championnats-arabes-dathletisme-u20-le-maroc-termine-en-tete-du-classement-avec-36-medailles\/","og_locale":"fr_FR","og_type":"article","og_title":"Championnats arabes d\u2019athl\u00e9tisme U20: le Maroc termine en t\u00eate du classement avec 36 m\u00e9dailles - Dpress.ma\/fr","og_description":"Dpress Le Maroc a termin\u00e9 en t\u00eate du classement final du 21e Championnat arabe d\u2019athl\u00e9tisme des moins de 20 ans, disput\u00e9 \u00e0 Tunis, avec un total de 36 m\u00e9dailles (9 or, 16 argent et 11 bronze). La s\u00e9lection marocaine a rafl\u00e9, lors de la derni\u00e8re journ\u00e9e de comp\u00e9titions jeudi, deux m\u00e9dailles d\u2019or gr\u00e2ce \u00e0 Mohamed &hellip;","og_url":"https:\/\/dpress.ma\/fr\/2026\/05\/01\/championnats-arabes-dathletisme-u20-le-maroc-termine-en-tete-du-classement-avec-36-medailles\/","og_site_name":"Dpress.ma\/fr","article_published_time":"2026-05-01T14:58:52+00:00","article_modified_time":"2026-05-01T14:58:53+00:00","og_image":[{"width":2539,"height":1594,"url":"https:\/\/dpress.ma\/fr\/wp-content\/uploads\/sites\/2\/2026\/05\/Dprmess3-Copie.jpg","type":"image\/jpeg"}],"author":"Dpress.ma","twitter_card":"summary_large_image","twitter_misc":{"\u00c9crit par":"Dpress.ma","Dur\u00e9e de lecture estim\u00e9e":"2 minutes"},"schema":{"@context":"https:\/\/schema.org","@graph":[{"@type":"Article","@id":"https:\/\/dpress.ma\/fr\/2026\/05\/01\/championnats-arabes-dathletisme-u20-le-maroc-termine-en-tete-du-classement-avec-36-medailles\/#article","isPartOf":{"@id":"https:\/\/dpress.ma\/fr\/2026\/05\/01\/championnats-arabes-dathletisme-u20-le-maroc-termine-en-tete-du-classement-avec-36-medailles\/"},"author":{"name":"Dpress.ma","@id":"https:\/\/dpress.ma\/fr\/#\/schema\/person\/4898febf3ccd59e6578d838656a306a0"},"headline":"Championnats arabes d\u2019athl\u00e9tisme U20: le Maroc termine en t\u00eate du classement avec 36 m\u00e9dailles","datePublished":"2026-05-01T14:58:52+00:00","dateModified":"2026-05-01T14:58:53+00:00","mainEntityOfPage":{"@id":"https:\/\/dpress.ma\/fr\/2026\/05\/01\/championnats-arabes-dathletisme-u20-le-maroc-termine-en-tete-du-classement-avec-36-medailles\/"},"wordCount":319,"commentCount":0,"image":{"@id":"https:\/\/dpress.ma\/fr\/2026\/05\/01\/championnats-arabes-dathletisme-u20-le-maroc-termine-en-tete-du-classement-avec-36-medailles\/#primaryimage"},"thumbnailUrl":"https:\/\/dpress.ma\/fr\/wp-content\/uploads\/sites\/2\/2026\/05\/Dprmess3-Copie.jpg","articleSection":["Sport"],"inLanguage":"fr-FR","potentialAction":[{"@type":"CommentAction","name":"Comment","target":["https:\/\/dpress.ma\/fr\/2026\/05\/01\/championnats-arabes-dathletisme-u20-le-maroc-termine-en-tete-du-classement-avec-36-medailles\/#respond"]}]},{"@type":"WebPage","@id":"https:\/\/dpress.ma\/fr\/2026\/05\/01\/championnats-arabes-dathletisme-u20-le-maroc-termine-en-tete-du-classement-avec-36-medailles\/","url":"https:\/\/dpress.ma\/fr\/2026\/05\/01\/championnats-arabes-dathletisme-u20-le-maroc-termine-en-tete-du-classement-avec-36-medailles\/","name":"Championnats arabes d\u2019athl\u00e9tisme U20: le Maroc termine en t\u00eate du classement avec 36 m\u00e9dailles - Dpress.ma\/fr","isPartOf":{"@id":"https:\/\/dpress.ma\/fr\/#website"},"primaryImageOfPage":{"@id":"https:\/\/dpress.ma\/fr\/2026\/05\/01\/championnats-arabes-dathletisme-u20-le-maroc-termine-en-tete-du-classement-avec-36-medailles\/#primaryimage"},"image":{"@id":"https:\/\/dpress.ma\/fr\/2026\/05\/01\/championnats-arabes-dathletisme-u20-le-maroc-termine-en-tete-du-classement-avec-36-medailles\/#primaryimage"},"thumbnailUrl":"https:\/\/dpress.ma\/fr\/wp-content\/uploads\/sites\/2\/2026\/05\/Dprmess3-Copie.jpg","datePublished":"2026-05-01T14:58:52+00:00","dateModified":"2026-05-01T14:58:53+00:00","author":{"@id":"https:\/\/dpress.ma\/fr\/#\/schema\/person\/4898febf3ccd59e6578d838656a306a0"},"breadcrumb":{"@id":"https:\/\/dpress.ma\/fr\/2026\/05\/01\/championnats-arabes-dathletisme-u20-le-maroc-termine-en-tete-du-classement-avec-36-medailles\/#breadcrumb"},"inLanguage":"fr-FR","potentialAction":[{"@type":"ReadAction","target":["https:\/\/dpress.ma\/fr\/2026\/05\/01\/championnats-arabes-dathletisme-u20-le-maroc-termine-en-tete-du-classement-avec-36-medailles\/"]}]},{"@type":"ImageObject","inLanguage":"fr-FR","@id":"https:\/\/dpress.ma\/fr\/2026\/05\/01\/championnats-arabes-dathletisme-u20-le-maroc-termine-en-tete-du-classement-avec-36-medailles\/#primaryimage","url":"https:\/\/dpress.ma\/fr\/wp-content\/uploads\/sites\/2\/2026\/05\/Dprmess3-Copie.jpg","contentUrl":"https:\/\/dpress.ma\/fr\/wp-content\/uploads\/sites\/2\/2026\/05\/Dprmess3-Copie.jpg","width":2539,"height":1594},{"@type":"BreadcrumbList","@id":"https:\/\/dpress.ma\/fr\/2026\/05\/01\/championnats-arabes-dathletisme-u20-le-maroc-termine-en-tete-du-classement-avec-36-medailles\/#breadcrumb","itemListElement":[{"@type":"ListItem","position":1,"name":"Home","item":"https:\/\/dpress.ma\/fr\/"},{"@type":"ListItem","position":2,"name":"Championnats arabes d\u2019athl\u00e9tisme U20: le Maroc termine en t\u00eate du classement avec 36 m\u00e9dailles"}]},{"@type":"WebSite","@id":"https:\/\/dpress.ma\/fr\/#website","url":"https:\/\/dpress.ma\/fr\/","name":"Dpress.ma\/fr","description":"","potentialAction":[{"@type":"SearchAction","target":{"@type":"EntryPoint","urlTemplate":"https:\/\/dpress.ma\/fr\/?s={search_term_string}"},"query-input":{"@type":"PropertyValueSpecification","valueRequired":true,"valueName":"search_term_string"}}],"inLanguage":"fr-FR"},{"@type":"Person","@id":"https:\/\/dpress.ma\/fr\/#\/schema\/person\/4898febf3ccd59e6578d838656a306a0","name":"Dpress.ma","image":{"@type":"ImageObject","inLanguage":"fr-FR","@id":"https:\/\/secure.gravatar.com\/avatar\/72ecc30e9db047a2e0e7176561eb9d564ed77c8108376495b19bd8336405198a?s=96&d=mm&r=g","url":"https:\/\/secure.gravatar.com\/avatar\/72ecc30e9db047a2e0e7176561eb9d564ed77c8108376495b19bd8336405198a?s=96&d=mm&r=g","contentUrl":"https:\/\/secure.gravatar.com\/avatar\/72ecc30e9db047a2e0e7176561eb9d564ed77c8108376495b19bd8336405198a?s=96&d=mm&r=g","caption":"Dpress.ma"},"sameAs":["https:\/\/www.dpress.ma"],"url":"https:\/\/dpress.ma\/fr\/author\/dpress-ma\/"}]}},"amp_enabled":true,"_links":{"self":[{"href":"https:\/\/dpress.ma\/fr\/wp-json\/wp\/v2\/posts\/29772","targetHints":{"allow":["GET"]}}],"collection":[{"href":"https:\/\/dpress.ma\/fr\/wp-json\/wp\/v2\/posts"}],"about":[{"href":"https:\/\/dpress.ma\/fr\/wp-json\/wp\/v2\/types\/post"}],"author":[{"embeddable":true,"href":"https:\/\/dpress.ma\/fr\/wp-json\/wp\/v2\/users\/2"}],"replies":[{"embeddable":true,"href":"https:\/\/dpress.ma\/fr\/wp-json\/wp\/v2\/comments?post=29772"}],"version-history":[{"count":1,"href":"https:\/\/dpress.ma\/fr\/wp-json\/wp\/v2\/posts\/29772\/revisions"}],"predecessor-version":[{"id":29774,"href":"https:\/\/dpress.ma\/fr\/wp-json\/wp\/v2\/posts\/29772\/revisions\/29774"}],"wp:featuredmedia":[{"embeddable":true,"href":"https:\/\/dpress.ma\/fr\/wp-json\/wp\/v2\/media\/29773"}],"wp:attachment":[{"href":"https:\/\/dpress.ma\/fr\/wp-json\/wp\/v2\/media?parent=29772"}],"wp:term":[{"taxonomy":"category","embeddable":true,"href":"https:\/\/dpress.ma\/fr\/wp-json\/wp\/v2\/categories?post=29772"},{"taxonomy":"post_tag","embeddable":true,"href":"https:\/\/dpress.ma\/fr\/wp-json\/wp\/v2\/tags?post=29772"}],"curies":[{"name":"wp","href":"https:\/\/api.w.org\/{rel}","templated":true}]}}