{"id":29766,"date":"2026-05-01T14:52:39","date_gmt":"2026-05-01T14:52:39","guid":{"rendered":"https:\/\/dpress.ma\/fr\/?p=29766"},"modified":"2026-05-01T14:52:40","modified_gmt":"2026-05-01T14:52:40","slug":"la-frmf-soutient-la-candidature-de-m-infantino-a-la-presidence-de-la-fifa","status":"publish","type":"post","link":"https:\/\/dpress.ma\/fr\/2026\/05\/01\/la-frmf-soutient-la-candidature-de-m-infantino-a-la-presidence-de-la-fifa\/","title":{"rendered":"La FRMF soutient la candidature de M. Infantino \u00e0 la pr\u00e9sidence de la FIFA"},"content":{"rendered":"\n<p>Dpress<\/p>\n\n\n\n<p>La F\u00e9d\u00e9ration Royale Marocaine de Football (FRMF), pr\u00e9sid\u00e9e par M. Fouzi Lekjaa, annonce son soutien \u00e0 la candidature de M. Gianni Infantino \u00e0 la pr\u00e9sidence de la FIFA.<\/p>\n\n\n\n<p>Dans une lettre de nomination et de soutien publi\u00e9e sur son site officiel, la FRMF \u00ab soutient officiellement \u00bb la candidature de M. Infantino lors du Congr\u00e8s \u00e9lectif de l\u2019instance g\u00e9rante du football mondial, qui se tiendra \u00e0 Rabat le 18 Mars 2027.<\/p>\n\n\n\n<p>Dans ce sens, la FRMF tient \u00e0 pr\u00e9ciser \u00ab qu\u2019elle soutient exclusivement M. Gianni Infantino pour le poste de pr\u00e9sident de la FIFA et, par cons\u00e9quent, ne signera aucune autre d\u00e9claration de soutien en faveur d\u2019un autre candidat \u00e0 cette fonction \u00bb.<\/p>\n\n\n\n<p>Cette lettre vient illustre le grand travail men\u00e9 par M. Gianni Infantino et son \u00e9quipe pour d\u00e9velopper le football africain et mondial, souligne la FRMF, exprimant sa d\u00e9termination de maintenir sa \u00ab coop\u00e9ration fructueuse \u00bb avec les instances de la FIFA sous la pr\u00e9sidence de M. Gianni Infantino pour le d\u00e9veloppement et l\u2019essor du football.<\/p>\n","protected":false},"excerpt":{"rendered":"<p>Dpress La F\u00e9d\u00e9ration Royale Marocaine de Football (FRMF), pr\u00e9sid\u00e9e par M. Fouzi Lekjaa, annonce son soutien \u00e0 la candidature de M. Gianni Infantino \u00e0 la pr\u00e9sidence de la FIFA. Dans une lettre de nomination et de soutien publi\u00e9e sur son site officiel, la FRMF \u00ab soutient officiellement \u00bb la candidature de M. Infantino lors du &hellip;<\/p>\n","protected":false},"author":2,"featured_media":29767,"comment_status":"open","ping_status":"open","sticky":false,"template":"","format":"standard","meta":{"footnotes":""},"categories":[27],"tags":[],"class_list":["post-29766","post","type-post","status-publish","format-standard","has-post-thumbnail","hentry","category-sport"],"yoast_head":"<!-- This site is optimized with the Yoast SEO plugin v27.5 - https:\/\/yoast.com\/product\/yoast-seo-wordpress\/ -->\n<title>La FRMF soutient la candidature de M. Infantino \u00e0 la pr\u00e9sidence de la FIFA - Dpress.ma\/fr<\/title>\n<meta name=\"robots\" content=\"index, follow, max-snippet:-1, max-image-preview:large, max-video-preview:-1\" \/>\n<link rel=\"canonical\" href=\"https:\/\/dpress.ma\/fr\/2026\/05\/01\/la-frmf-soutient-la-candidature-de-m-infantino-a-la-presidence-de-la-fifa\/\" \/>\n<meta property=\"og:locale\" content=\"fr_FR\" \/>\n<meta property=\"og:type\" content=\"article\" \/>\n<meta property=\"og:title\" content=\"La FRMF soutient la candidature de M. Infantino \u00e0 la pr\u00e9sidence de la FIFA - Dpress.ma\/fr\" \/>\n<meta property=\"og:description\" content=\"Dpress La F\u00e9d\u00e9ration Royale Marocaine de Football (FRMF), pr\u00e9sid\u00e9e par M. Fouzi Lekjaa, annonce son soutien \u00e0 la candidature de M. Gianni Infantino \u00e0 la pr\u00e9sidence de la FIFA. Dans une lettre de nomination et de soutien publi\u00e9e sur son site officiel, la FRMF \u00ab soutient officiellement \u00bb la candidature de M. Infantino lors du &hellip;\" \/>\n<meta property=\"og:url\" content=\"https:\/\/dpress.ma\/fr\/2026\/05\/01\/la-frmf-soutient-la-candidature-de-m-infantino-a-la-presidence-de-la-fifa\/\" \/>\n<meta property=\"og:site_name\" content=\"Dpress.ma\/fr\" \/>\n<meta property=\"article:published_time\" content=\"2026-05-01T14:52:39+00:00\" \/>\n<meta property=\"article:modified_time\" content=\"2026-05-01T14:52:40+00:00\" \/>\n<meta property=\"og:image\" content=\"https:\/\/dpress.ma\/fr\/wp-content\/uploads\/sites\/2\/2026\/05\/u-Copie.jpg\" \/>\n\t<meta property=\"og:image:width\" content=\"2539\" \/>\n\t<meta property=\"og:image:height\" content=\"1594\" \/>\n\t<meta property=\"og:image:type\" content=\"image\/jpeg\" \/>\n<meta name=\"author\" content=\"Dpress.ma\" \/>\n<meta name=\"twitter:card\" content=\"summary_large_image\" \/>\n<meta name=\"twitter:label1\" content=\"\u00c9crit par\" \/>\n\t<meta name=\"twitter:data1\" content=\"Dpress.ma\" \/>\n\t<meta name=\"twitter:label2\" content=\"Dur\u00e9e de lecture estim\u00e9e\" \/>\n\t<meta name=\"twitter:data2\" content=\"2 minutes\" \/>\n<script type=\"application\/ld+json\" class=\"yoast-schema-graph\">{\"@context\":\"https:\\\/\\\/schema.org\",\"@graph\":[{\"@type\":\"Article\",\"@id\":\"https:\\\/\\\/dpress.ma\\\/fr\\\/2026\\\/05\\\/01\\\/la-frmf-soutient-la-candidature-de-m-infantino-a-la-presidence-de-la-fifa\\\/#article\",\"isPartOf\":{\"@id\":\"https:\\\/\\\/dpress.ma\\\/fr\\\/2026\\\/05\\\/01\\\/la-frmf-soutient-la-candidature-de-m-infantino-a-la-presidence-de-la-fifa\\\/\"},\"author\":{\"name\":\"Dpress.ma\",\"@id\":\"https:\\\/\\\/dpress.ma\\\/fr\\\/#\\\/schema\\\/person\\\/4898febf3ccd59e6578d838656a306a0\"},\"headline\":\"La FRMF soutient la candidature de M. Infantino \u00e0 la pr\u00e9sidence de la FIFA\",\"datePublished\":\"2026-05-01T14:52:39+00:00\",\"dateModified\":\"2026-05-01T14:52:40+00:00\",\"mainEntityOfPage\":{\"@id\":\"https:\\\/\\\/dpress.ma\\\/fr\\\/2026\\\/05\\\/01\\\/la-frmf-soutient-la-candidature-de-m-infantino-a-la-presidence-de-la-fifa\\\/\"},\"wordCount\":191,\"commentCount\":0,\"image\":{\"@id\":\"https:\\\/\\\/dpress.ma\\\/fr\\\/2026\\\/05\\\/01\\\/la-frmf-soutient-la-candidature-de-m-infantino-a-la-presidence-de-la-fifa\\\/#primaryimage\"},\"thumbnailUrl\":\"https:\\\/\\\/dpress.ma\\\/fr\\\/wp-content\\\/uploads\\\/sites\\\/2\\\/2026\\\/05\\\/u-Copie.jpg\",\"articleSection\":[\"Sport\"],\"inLanguage\":\"fr-FR\",\"potentialAction\":[{\"@type\":\"CommentAction\",\"name\":\"Comment\",\"target\":[\"https:\\\/\\\/dpress.ma\\\/fr\\\/2026\\\/05\\\/01\\\/la-frmf-soutient-la-candidature-de-m-infantino-a-la-presidence-de-la-fifa\\\/#respond\"]}]},{\"@type\":\"WebPage\",\"@id\":\"https:\\\/\\\/dpress.ma\\\/fr\\\/2026\\\/05\\\/01\\\/la-frmf-soutient-la-candidature-de-m-infantino-a-la-presidence-de-la-fifa\\\/\",\"url\":\"https:\\\/\\\/dpress.ma\\\/fr\\\/2026\\\/05\\\/01\\\/la-frmf-soutient-la-candidature-de-m-infantino-a-la-presidence-de-la-fifa\\\/\",\"name\":\"La FRMF soutient la candidature de M. Infantino \u00e0 la pr\u00e9sidence de la FIFA - Dpress.ma\\\/fr\",\"isPartOf\":{\"@id\":\"https:\\\/\\\/dpress.ma\\\/fr\\\/#website\"},\"primaryImageOfPage\":{\"@id\":\"https:\\\/\\\/dpress.ma\\\/fr\\\/2026\\\/05\\\/01\\\/la-frmf-soutient-la-candidature-de-m-infantino-a-la-presidence-de-la-fifa\\\/#primaryimage\"},\"image\":{\"@id\":\"https:\\\/\\\/dpress.ma\\\/fr\\\/2026\\\/05\\\/01\\\/la-frmf-soutient-la-candidature-de-m-infantino-a-la-presidence-de-la-fifa\\\/#primaryimage\"},\"thumbnailUrl\":\"https:\\\/\\\/dpress.ma\\\/fr\\\/wp-content\\\/uploads\\\/sites\\\/2\\\/2026\\\/05\\\/u-Copie.jpg\",\"datePublished\":\"2026-05-01T14:52:39+00:00\",\"dateModified\":\"2026-05-01T14:52:40+00:00\",\"author\":{\"@id\":\"https:\\\/\\\/dpress.ma\\\/fr\\\/#\\\/schema\\\/person\\\/4898febf3ccd59e6578d838656a306a0\"},\"breadcrumb\":{\"@id\":\"https:\\\/\\\/dpress.ma\\\/fr\\\/2026\\\/05\\\/01\\\/la-frmf-soutient-la-candidature-de-m-infantino-a-la-presidence-de-la-fifa\\\/#breadcrumb\"},\"inLanguage\":\"fr-FR\",\"potentialAction\":[{\"@type\":\"ReadAction\",\"target\":[\"https:\\\/\\\/dpress.ma\\\/fr\\\/2026\\\/05\\\/01\\\/la-frmf-soutient-la-candidature-de-m-infantino-a-la-presidence-de-la-fifa\\\/\"]}]},{\"@type\":\"ImageObject\",\"inLanguage\":\"fr-FR\",\"@id\":\"https:\\\/\\\/dpress.ma\\\/fr\\\/2026\\\/05\\\/01\\\/la-frmf-soutient-la-candidature-de-m-infantino-a-la-presidence-de-la-fifa\\\/#primaryimage\",\"url\":\"https:\\\/\\\/dpress.ma\\\/fr\\\/wp-content\\\/uploads\\\/sites\\\/2\\\/2026\\\/05\\\/u-Copie.jpg\",\"contentUrl\":\"https:\\\/\\\/dpress.ma\\\/fr\\\/wp-content\\\/uploads\\\/sites\\\/2\\\/2026\\\/05\\\/u-Copie.jpg\",\"width\":2539,\"height\":1594},{\"@type\":\"BreadcrumbList\",\"@id\":\"https:\\\/\\\/dpress.ma\\\/fr\\\/2026\\\/05\\\/01\\\/la-frmf-soutient-la-candidature-de-m-infantino-a-la-presidence-de-la-fifa\\\/#breadcrumb\",\"itemListElement\":[{\"@type\":\"ListItem\",\"position\":1,\"name\":\"Home\",\"item\":\"https:\\\/\\\/dpress.ma\\\/fr\\\/\"},{\"@type\":\"ListItem\",\"position\":2,\"name\":\"La FRMF soutient la candidature de M. Infantino \u00e0 la pr\u00e9sidence de la FIFA\"}]},{\"@type\":\"WebSite\",\"@id\":\"https:\\\/\\\/dpress.ma\\\/fr\\\/#website\",\"url\":\"https:\\\/\\\/dpress.ma\\\/fr\\\/\",\"name\":\"Dpress.ma\\\/fr\",\"description\":\"\",\"potentialAction\":[{\"@type\":\"SearchAction\",\"target\":{\"@type\":\"EntryPoint\",\"urlTemplate\":\"https:\\\/\\\/dpress.ma\\\/fr\\\/?s={search_term_string}\"},\"query-input\":{\"@type\":\"PropertyValueSpecification\",\"valueRequired\":true,\"valueName\":\"search_term_string\"}}],\"inLanguage\":\"fr-FR\"},{\"@type\":\"Person\",\"@id\":\"https:\\\/\\\/dpress.ma\\\/fr\\\/#\\\/schema\\\/person\\\/4898febf3ccd59e6578d838656a306a0\",\"name\":\"Dpress.ma\",\"image\":{\"@type\":\"ImageObject\",\"inLanguage\":\"fr-FR\",\"@id\":\"https:\\\/\\\/secure.gravatar.com\\\/avatar\\\/72ecc30e9db047a2e0e7176561eb9d564ed77c8108376495b19bd8336405198a?s=96&d=mm&r=g\",\"url\":\"https:\\\/\\\/secure.gravatar.com\\\/avatar\\\/72ecc30e9db047a2e0e7176561eb9d564ed77c8108376495b19bd8336405198a?s=96&d=mm&r=g\",\"contentUrl\":\"https:\\\/\\\/secure.gravatar.com\\\/avatar\\\/72ecc30e9db047a2e0e7176561eb9d564ed77c8108376495b19bd8336405198a?s=96&d=mm&r=g\",\"caption\":\"Dpress.ma\"},\"sameAs\":[\"https:\\\/\\\/www.dpress.ma\"],\"url\":\"https:\\\/\\\/dpress.ma\\\/fr\\\/author\\\/dpress-ma\\\/\"}]}<\/script>\n<!-- \/ Yoast SEO plugin. -->","yoast_head_json":{"title":"La FRMF soutient la candidature de M. Infantino \u00e0 la pr\u00e9sidence de la FIFA - Dpress.ma\/fr","robots":{"index":"index","follow":"follow","max-snippet":"max-snippet:-1","max-image-preview":"max-image-preview:large","max-video-preview":"max-video-preview:-1"},"canonical":"https:\/\/dpress.ma\/fr\/2026\/05\/01\/la-frmf-soutient-la-candidature-de-m-infantino-a-la-presidence-de-la-fifa\/","og_locale":"fr_FR","og_type":"article","og_title":"La FRMF soutient la candidature de M. Infantino \u00e0 la pr\u00e9sidence de la FIFA - Dpress.ma\/fr","og_description":"Dpress La F\u00e9d\u00e9ration Royale Marocaine de Football (FRMF), pr\u00e9sid\u00e9e par M. Fouzi Lekjaa, annonce son soutien \u00e0 la candidature de M. Gianni Infantino \u00e0 la pr\u00e9sidence de la FIFA. Dans une lettre de nomination et de soutien publi\u00e9e sur son site officiel, la FRMF \u00ab soutient officiellement \u00bb la candidature de M. Infantino lors du &hellip;","og_url":"https:\/\/dpress.ma\/fr\/2026\/05\/01\/la-frmf-soutient-la-candidature-de-m-infantino-a-la-presidence-de-la-fifa\/","og_site_name":"Dpress.ma\/fr","article_published_time":"2026-05-01T14:52:39+00:00","article_modified_time":"2026-05-01T14:52:40+00:00","og_image":[{"width":2539,"height":1594,"url":"https:\/\/dpress.ma\/fr\/wp-content\/uploads\/sites\/2\/2026\/05\/u-Copie.jpg","type":"image\/jpeg"}],"author":"Dpress.ma","twitter_card":"summary_large_image","twitter_misc":{"\u00c9crit par":"Dpress.ma","Dur\u00e9e de lecture estim\u00e9e":"2 minutes"},"schema":{"@context":"https:\/\/schema.org","@graph":[{"@type":"Article","@id":"https:\/\/dpress.ma\/fr\/2026\/05\/01\/la-frmf-soutient-la-candidature-de-m-infantino-a-la-presidence-de-la-fifa\/#article","isPartOf":{"@id":"https:\/\/dpress.ma\/fr\/2026\/05\/01\/la-frmf-soutient-la-candidature-de-m-infantino-a-la-presidence-de-la-fifa\/"},"author":{"name":"Dpress.ma","@id":"https:\/\/dpress.ma\/fr\/#\/schema\/person\/4898febf3ccd59e6578d838656a306a0"},"headline":"La FRMF soutient la candidature de M. Infantino \u00e0 la pr\u00e9sidence de la FIFA","datePublished":"2026-05-01T14:52:39+00:00","dateModified":"2026-05-01T14:52:40+00:00","mainEntityOfPage":{"@id":"https:\/\/dpress.ma\/fr\/2026\/05\/01\/la-frmf-soutient-la-candidature-de-m-infantino-a-la-presidence-de-la-fifa\/"},"wordCount":191,"commentCount":0,"image":{"@id":"https:\/\/dpress.ma\/fr\/2026\/05\/01\/la-frmf-soutient-la-candidature-de-m-infantino-a-la-presidence-de-la-fifa\/#primaryimage"},"thumbnailUrl":"https:\/\/dpress.ma\/fr\/wp-content\/uploads\/sites\/2\/2026\/05\/u-Copie.jpg","articleSection":["Sport"],"inLanguage":"fr-FR","potentialAction":[{"@type":"CommentAction","name":"Comment","target":["https:\/\/dpress.ma\/fr\/2026\/05\/01\/la-frmf-soutient-la-candidature-de-m-infantino-a-la-presidence-de-la-fifa\/#respond"]}]},{"@type":"WebPage","@id":"https:\/\/dpress.ma\/fr\/2026\/05\/01\/la-frmf-soutient-la-candidature-de-m-infantino-a-la-presidence-de-la-fifa\/","url":"https:\/\/dpress.ma\/fr\/2026\/05\/01\/la-frmf-soutient-la-candidature-de-m-infantino-a-la-presidence-de-la-fifa\/","name":"La FRMF soutient la candidature de M. Infantino \u00e0 la pr\u00e9sidence de la FIFA - Dpress.ma\/fr","isPartOf":{"@id":"https:\/\/dpress.ma\/fr\/#website"},"primaryImageOfPage":{"@id":"https:\/\/dpress.ma\/fr\/2026\/05\/01\/la-frmf-soutient-la-candidature-de-m-infantino-a-la-presidence-de-la-fifa\/#primaryimage"},"image":{"@id":"https:\/\/dpress.ma\/fr\/2026\/05\/01\/la-frmf-soutient-la-candidature-de-m-infantino-a-la-presidence-de-la-fifa\/#primaryimage"},"thumbnailUrl":"https:\/\/dpress.ma\/fr\/wp-content\/uploads\/sites\/2\/2026\/05\/u-Copie.jpg","datePublished":"2026-05-01T14:52:39+00:00","dateModified":"2026-05-01T14:52:40+00:00","author":{"@id":"https:\/\/dpress.ma\/fr\/#\/schema\/person\/4898febf3ccd59e6578d838656a306a0"},"breadcrumb":{"@id":"https:\/\/dpress.ma\/fr\/2026\/05\/01\/la-frmf-soutient-la-candidature-de-m-infantino-a-la-presidence-de-la-fifa\/#breadcrumb"},"inLanguage":"fr-FR","potentialAction":[{"@type":"ReadAction","target":["https:\/\/dpress.ma\/fr\/2026\/05\/01\/la-frmf-soutient-la-candidature-de-m-infantino-a-la-presidence-de-la-fifa\/"]}]},{"@type":"ImageObject","inLanguage":"fr-FR","@id":"https:\/\/dpress.ma\/fr\/2026\/05\/01\/la-frmf-soutient-la-candidature-de-m-infantino-a-la-presidence-de-la-fifa\/#primaryimage","url":"https:\/\/dpress.ma\/fr\/wp-content\/uploads\/sites\/2\/2026\/05\/u-Copie.jpg","contentUrl":"https:\/\/dpress.ma\/fr\/wp-content\/uploads\/sites\/2\/2026\/05\/u-Copie.jpg","width":2539,"height":1594},{"@type":"BreadcrumbList","@id":"https:\/\/dpress.ma\/fr\/2026\/05\/01\/la-frmf-soutient-la-candidature-de-m-infantino-a-la-presidence-de-la-fifa\/#breadcrumb","itemListElement":[{"@type":"ListItem","position":1,"name":"Home","item":"https:\/\/dpress.ma\/fr\/"},{"@type":"ListItem","position":2,"name":"La FRMF soutient la candidature de M. Infantino \u00e0 la pr\u00e9sidence de la FIFA"}]},{"@type":"WebSite","@id":"https:\/\/dpress.ma\/fr\/#website","url":"https:\/\/dpress.ma\/fr\/","name":"Dpress.ma\/fr","description":"","potentialAction":[{"@type":"SearchAction","target":{"@type":"EntryPoint","urlTemplate":"https:\/\/dpress.ma\/fr\/?s={search_term_string}"},"query-input":{"@type":"PropertyValueSpecification","valueRequired":true,"valueName":"search_term_string"}}],"inLanguage":"fr-FR"},{"@type":"Person","@id":"https:\/\/dpress.ma\/fr\/#\/schema\/person\/4898febf3ccd59e6578d838656a306a0","name":"Dpress.ma","image":{"@type":"ImageObject","inLanguage":"fr-FR","@id":"https:\/\/secure.gravatar.com\/avatar\/72ecc30e9db047a2e0e7176561eb9d564ed77c8108376495b19bd8336405198a?s=96&d=mm&r=g","url":"https:\/\/secure.gravatar.com\/avatar\/72ecc30e9db047a2e0e7176561eb9d564ed77c8108376495b19bd8336405198a?s=96&d=mm&r=g","contentUrl":"https:\/\/secure.gravatar.com\/avatar\/72ecc30e9db047a2e0e7176561eb9d564ed77c8108376495b19bd8336405198a?s=96&d=mm&r=g","caption":"Dpress.ma"},"sameAs":["https:\/\/www.dpress.ma"],"url":"https:\/\/dpress.ma\/fr\/author\/dpress-ma\/"}]}},"amp_enabled":true,"_links":{"self":[{"href":"https:\/\/dpress.ma\/fr\/wp-json\/wp\/v2\/posts\/29766","targetHints":{"allow":["GET"]}}],"collection":[{"href":"https:\/\/dpress.ma\/fr\/wp-json\/wp\/v2\/posts"}],"about":[{"href":"https:\/\/dpress.ma\/fr\/wp-json\/wp\/v2\/types\/post"}],"author":[{"embeddable":true,"href":"https:\/\/dpress.ma\/fr\/wp-json\/wp\/v2\/users\/2"}],"replies":[{"embeddable":true,"href":"https:\/\/dpress.ma\/fr\/wp-json\/wp\/v2\/comments?post=29766"}],"version-history":[{"count":1,"href":"https:\/\/dpress.ma\/fr\/wp-json\/wp\/v2\/posts\/29766\/revisions"}],"predecessor-version":[{"id":29768,"href":"https:\/\/dpress.ma\/fr\/wp-json\/wp\/v2\/posts\/29766\/revisions\/29768"}],"wp:featuredmedia":[{"embeddable":true,"href":"https:\/\/dpress.ma\/fr\/wp-json\/wp\/v2\/media\/29767"}],"wp:attachment":[{"href":"https:\/\/dpress.ma\/fr\/wp-json\/wp\/v2\/media?parent=29766"}],"wp:term":[{"taxonomy":"category","embeddable":true,"href":"https:\/\/dpress.ma\/fr\/wp-json\/wp\/v2\/categories?post=29766"},{"taxonomy":"post_tag","embeddable":true,"href":"https:\/\/dpress.ma\/fr\/wp-json\/wp\/v2\/tags?post=29766"}],"curies":[{"name":"wp","href":"https:\/\/api.w.org\/{rel}","templated":true}]}}