{"id":29763,"date":"2026-05-01T14:49:46","date_gmt":"2026-05-01T14:49:46","guid":{"rendered":"https:\/\/dpress.ma\/fr\/?p=29763"},"modified":"2026-05-01T14:49:47","modified_gmt":"2026-05-01T14:49:47","slug":"le-choix-du-maroc-pour-abriter-le-77e-congres-electif-de-la-fifa-confirme-la-grande-confiance-dont-jouit-le-royaume-dans-lorganisation-des-grandes-manifestations-internationales","status":"publish","type":"post","link":"https:\/\/dpress.ma\/fr\/2026\/05\/01\/le-choix-du-maroc-pour-abriter-le-77e-congres-electif-de-la-fifa-confirme-la-grande-confiance-dont-jouit-le-royaume-dans-lorganisation-des-grandes-manifestations-internationales\/","title":{"rendered":"Le choix du Maroc pour abriter le 77\u00e8 congr\u00e8s \u00e9lectif de la FIFA confirme la grande confiance dont jouit le Royaume dans l\u2019organisation des grandes manifestations internationales"},"content":{"rendered":"\n<p>Dpress<\/p>\n\n\n\n<p>Le choix du Maroc pour abriter le 77\u00e8 congr\u00e8s \u00e9lectif de la FIFA confirme, une nouvelle fois, la grande confiance dont jouit le Royaume, ainsi que sa r\u00e9putation distingu\u00e9e acquise dans l\u2019organisation des grandes manifestations et rencontres internationales, souligne la F\u00e9d\u00e9ration Royale Marocaine de Football (FRMF).<\/p>\n\n\n\n<p>La ville de Rabat accueillera les travaux de l\u2019Assembl\u00e9e g\u00e9n\u00e9rale \u00e9lective de la FIFA le 18 mars 2027, marquant la deuxi\u00e8me fois que le Royaume du Maroc organise cet \u00e9v\u00e9nement, apr\u00e8s l\u2019Assembl\u00e9e g\u00e9n\u00e9rale ordinaire tenue \u00e0 Marrakech en 2005, ajoute la FRMF dans un communiqu\u00e9.<\/p>\n\n\n\n<p>M. Gianni Infantino, pr\u00e9sident de la F\u00e9d\u00e9ration internationale de football Association (FIFA) a annonc\u00e9, jeudi, le choix de la capitale du Royaume du Maroc, Rabat, pour abriter le congr\u00e8s \u00e9lectif de son Assembl\u00e9e G\u00e9n\u00e9rale lors de sa 77e session, avec la participation d\u2019environ 2.000 personnes repr\u00e9sentant 211 associations nationales \u00e0 travers le monde, rappelle la m\u00eame source.<\/p>\n\n\n\n<p>Les membres du Conseil de la FIFA, r\u00e9unis \u00e0 Vancouver (Canada), ont approuv\u00e9 cette d\u00e9cision \u00e0 l\u2019unanimit\u00e9, fait observer le communiqu\u00e9.<\/p>\n","protected":false},"excerpt":{"rendered":"<p>Dpress Le choix du Maroc pour abriter le 77\u00e8 congr\u00e8s \u00e9lectif de la FIFA confirme, une nouvelle fois, la grande confiance dont jouit le Royaume, ainsi que sa r\u00e9putation distingu\u00e9e acquise dans l\u2019organisation des grandes manifestations et rencontres internationales, souligne la F\u00e9d\u00e9ration Royale Marocaine de Football (FRMF). La ville de Rabat accueillera les travaux de &hellip;<\/p>\n","protected":false},"author":2,"featured_media":29764,"comment_status":"open","ping_status":"open","sticky":false,"template":"","format":"standard","meta":{"footnotes":""},"categories":[27],"tags":[],"class_list":["post-29763","post","type-post","status-publish","format-standard","has-post-thumbnail","hentry","category-sport"],"yoast_head":"<!-- This site is optimized with the Yoast SEO plugin v27.5 - https:\/\/yoast.com\/product\/yoast-seo-wordpress\/ -->\n<title>Le choix du Maroc pour abriter le 77\u00e8 congr\u00e8s \u00e9lectif de la FIFA confirme la grande confiance dont jouit le Royaume dans l\u2019organisation des grandes manifestations internationales - Dpress.ma\/fr<\/title>\n<meta name=\"robots\" content=\"index, follow, max-snippet:-1, max-image-preview:large, max-video-preview:-1\" \/>\n<link rel=\"canonical\" href=\"https:\/\/dpress.ma\/fr\/2026\/05\/01\/le-choix-du-maroc-pour-abriter-le-77e-congres-electif-de-la-fifa-confirme-la-grande-confiance-dont-jouit-le-royaume-dans-lorganisation-des-grandes-manifestations-internationales\/\" \/>\n<meta property=\"og:locale\" content=\"fr_FR\" \/>\n<meta property=\"og:type\" content=\"article\" \/>\n<meta property=\"og:title\" content=\"Le choix du Maroc pour abriter le 77\u00e8 congr\u00e8s \u00e9lectif de la FIFA confirme la grande confiance dont jouit le Royaume dans l\u2019organisation des grandes manifestations internationales - Dpress.ma\/fr\" \/>\n<meta property=\"og:description\" content=\"Dpress Le choix du Maroc pour abriter le 77\u00e8 congr\u00e8s \u00e9lectif de la FIFA confirme, une nouvelle fois, la grande confiance dont jouit le Royaume, ainsi que sa r\u00e9putation distingu\u00e9e acquise dans l\u2019organisation des grandes manifestations et rencontres internationales, souligne la F\u00e9d\u00e9ration Royale Marocaine de Football (FRMF). La ville de Rabat accueillera les travaux de &hellip;\" \/>\n<meta property=\"og:url\" content=\"https:\/\/dpress.ma\/fr\/2026\/05\/01\/le-choix-du-maroc-pour-abriter-le-77e-congres-electif-de-la-fifa-confirme-la-grande-confiance-dont-jouit-le-royaume-dans-lorganisation-des-grandes-manifestations-internationales\/\" \/>\n<meta property=\"og:site_name\" content=\"Dpress.ma\/fr\" \/>\n<meta property=\"article:published_time\" content=\"2026-05-01T14:49:46+00:00\" \/>\n<meta property=\"article:modified_time\" content=\"2026-05-01T14:49:47+00:00\" \/>\n<meta property=\"og:image\" content=\"https:\/\/dpress.ma\/fr\/wp-content\/uploads\/sites\/2\/2026\/05\/k-Copie.jpg\" \/>\n\t<meta property=\"og:image:width\" content=\"2539\" \/>\n\t<meta property=\"og:image:height\" content=\"1594\" \/>\n\t<meta property=\"og:image:type\" content=\"image\/jpeg\" \/>\n<meta name=\"author\" content=\"Dpress.ma\" \/>\n<meta name=\"twitter:card\" content=\"summary_large_image\" \/>\n<meta name=\"twitter:label1\" content=\"\u00c9crit par\" \/>\n\t<meta name=\"twitter:data1\" content=\"Dpress.ma\" \/>\n\t<meta name=\"twitter:label2\" content=\"Dur\u00e9e de lecture estim\u00e9e\" \/>\n\t<meta name=\"twitter:data2\" content=\"2 minutes\" \/>\n<script type=\"application\/ld+json\" class=\"yoast-schema-graph\">{\"@context\":\"https:\\\/\\\/schema.org\",\"@graph\":[{\"@type\":\"Article\",\"@id\":\"https:\\\/\\\/dpress.ma\\\/fr\\\/2026\\\/05\\\/01\\\/le-choix-du-maroc-pour-abriter-le-77e-congres-electif-de-la-fifa-confirme-la-grande-confiance-dont-jouit-le-royaume-dans-lorganisation-des-grandes-manifestations-internationales\\\/#article\",\"isPartOf\":{\"@id\":\"https:\\\/\\\/dpress.ma\\\/fr\\\/2026\\\/05\\\/01\\\/le-choix-du-maroc-pour-abriter-le-77e-congres-electif-de-la-fifa-confirme-la-grande-confiance-dont-jouit-le-royaume-dans-lorganisation-des-grandes-manifestations-internationales\\\/\"},\"author\":{\"name\":\"Dpress.ma\",\"@id\":\"https:\\\/\\\/dpress.ma\\\/fr\\\/#\\\/schema\\\/person\\\/4898febf3ccd59e6578d838656a306a0\"},\"headline\":\"Le choix du Maroc pour abriter le 77\u00e8 congr\u00e8s \u00e9lectif de la FIFA confirme la grande confiance dont jouit le Royaume dans l\u2019organisation des grandes manifestations internationales\",\"datePublished\":\"2026-05-01T14:49:46+00:00\",\"dateModified\":\"2026-05-01T14:49:47+00:00\",\"mainEntityOfPage\":{\"@id\":\"https:\\\/\\\/dpress.ma\\\/fr\\\/2026\\\/05\\\/01\\\/le-choix-du-maroc-pour-abriter-le-77e-congres-electif-de-la-fifa-confirme-la-grande-confiance-dont-jouit-le-royaume-dans-lorganisation-des-grandes-manifestations-internationales\\\/\"},\"wordCount\":218,\"commentCount\":0,\"image\":{\"@id\":\"https:\\\/\\\/dpress.ma\\\/fr\\\/2026\\\/05\\\/01\\\/le-choix-du-maroc-pour-abriter-le-77e-congres-electif-de-la-fifa-confirme-la-grande-confiance-dont-jouit-le-royaume-dans-lorganisation-des-grandes-manifestations-internationales\\\/#primaryimage\"},\"thumbnailUrl\":\"https:\\\/\\\/dpress.ma\\\/fr\\\/wp-content\\\/uploads\\\/sites\\\/2\\\/2026\\\/05\\\/k-Copie.jpg\",\"articleSection\":[\"Sport\"],\"inLanguage\":\"fr-FR\",\"potentialAction\":[{\"@type\":\"CommentAction\",\"name\":\"Comment\",\"target\":[\"https:\\\/\\\/dpress.ma\\\/fr\\\/2026\\\/05\\\/01\\\/le-choix-du-maroc-pour-abriter-le-77e-congres-electif-de-la-fifa-confirme-la-grande-confiance-dont-jouit-le-royaume-dans-lorganisation-des-grandes-manifestations-internationales\\\/#respond\"]}]},{\"@type\":\"WebPage\",\"@id\":\"https:\\\/\\\/dpress.ma\\\/fr\\\/2026\\\/05\\\/01\\\/le-choix-du-maroc-pour-abriter-le-77e-congres-electif-de-la-fifa-confirme-la-grande-confiance-dont-jouit-le-royaume-dans-lorganisation-des-grandes-manifestations-internationales\\\/\",\"url\":\"https:\\\/\\\/dpress.ma\\\/fr\\\/2026\\\/05\\\/01\\\/le-choix-du-maroc-pour-abriter-le-77e-congres-electif-de-la-fifa-confirme-la-grande-confiance-dont-jouit-le-royaume-dans-lorganisation-des-grandes-manifestations-internationales\\\/\",\"name\":\"Le choix du Maroc pour abriter le 77\u00e8 congr\u00e8s \u00e9lectif de la FIFA confirme la grande confiance dont jouit le Royaume dans l\u2019organisation des grandes manifestations internationales - Dpress.ma\\\/fr\",\"isPartOf\":{\"@id\":\"https:\\\/\\\/dpress.ma\\\/fr\\\/#website\"},\"primaryImageOfPage\":{\"@id\":\"https:\\\/\\\/dpress.ma\\\/fr\\\/2026\\\/05\\\/01\\\/le-choix-du-maroc-pour-abriter-le-77e-congres-electif-de-la-fifa-confirme-la-grande-confiance-dont-jouit-le-royaume-dans-lorganisation-des-grandes-manifestations-internationales\\\/#primaryimage\"},\"image\":{\"@id\":\"https:\\\/\\\/dpress.ma\\\/fr\\\/2026\\\/05\\\/01\\\/le-choix-du-maroc-pour-abriter-le-77e-congres-electif-de-la-fifa-confirme-la-grande-confiance-dont-jouit-le-royaume-dans-lorganisation-des-grandes-manifestations-internationales\\\/#primaryimage\"},\"thumbnailUrl\":\"https:\\\/\\\/dpress.ma\\\/fr\\\/wp-content\\\/uploads\\\/sites\\\/2\\\/2026\\\/05\\\/k-Copie.jpg\",\"datePublished\":\"2026-05-01T14:49:46+00:00\",\"dateModified\":\"2026-05-01T14:49:47+00:00\",\"author\":{\"@id\":\"https:\\\/\\\/dpress.ma\\\/fr\\\/#\\\/schema\\\/person\\\/4898febf3ccd59e6578d838656a306a0\"},\"breadcrumb\":{\"@id\":\"https:\\\/\\\/dpress.ma\\\/fr\\\/2026\\\/05\\\/01\\\/le-choix-du-maroc-pour-abriter-le-77e-congres-electif-de-la-fifa-confirme-la-grande-confiance-dont-jouit-le-royaume-dans-lorganisation-des-grandes-manifestations-internationales\\\/#breadcrumb\"},\"inLanguage\":\"fr-FR\",\"potentialAction\":[{\"@type\":\"ReadAction\",\"target\":[\"https:\\\/\\\/dpress.ma\\\/fr\\\/2026\\\/05\\\/01\\\/le-choix-du-maroc-pour-abriter-le-77e-congres-electif-de-la-fifa-confirme-la-grande-confiance-dont-jouit-le-royaume-dans-lorganisation-des-grandes-manifestations-internationales\\\/\"]}]},{\"@type\":\"ImageObject\",\"inLanguage\":\"fr-FR\",\"@id\":\"https:\\\/\\\/dpress.ma\\\/fr\\\/2026\\\/05\\\/01\\\/le-choix-du-maroc-pour-abriter-le-77e-congres-electif-de-la-fifa-confirme-la-grande-confiance-dont-jouit-le-royaume-dans-lorganisation-des-grandes-manifestations-internationales\\\/#primaryimage\",\"url\":\"https:\\\/\\\/dpress.ma\\\/fr\\\/wp-content\\\/uploads\\\/sites\\\/2\\\/2026\\\/05\\\/k-Copie.jpg\",\"contentUrl\":\"https:\\\/\\\/dpress.ma\\\/fr\\\/wp-content\\\/uploads\\\/sites\\\/2\\\/2026\\\/05\\\/k-Copie.jpg\",\"width\":2539,\"height\":1594},{\"@type\":\"BreadcrumbList\",\"@id\":\"https:\\\/\\\/dpress.ma\\\/fr\\\/2026\\\/05\\\/01\\\/le-choix-du-maroc-pour-abriter-le-77e-congres-electif-de-la-fifa-confirme-la-grande-confiance-dont-jouit-le-royaume-dans-lorganisation-des-grandes-manifestations-internationales\\\/#breadcrumb\",\"itemListElement\":[{\"@type\":\"ListItem\",\"position\":1,\"name\":\"Home\",\"item\":\"https:\\\/\\\/dpress.ma\\\/fr\\\/\"},{\"@type\":\"ListItem\",\"position\":2,\"name\":\"Le choix du Maroc pour abriter le 77\u00e8 congr\u00e8s \u00e9lectif de la FIFA confirme la grande confiance dont jouit le Royaume dans l\u2019organisation des grandes manifestations internationales\"}]},{\"@type\":\"WebSite\",\"@id\":\"https:\\\/\\\/dpress.ma\\\/fr\\\/#website\",\"url\":\"https:\\\/\\\/dpress.ma\\\/fr\\\/\",\"name\":\"Dpress.ma\\\/fr\",\"description\":\"\",\"potentialAction\":[{\"@type\":\"SearchAction\",\"target\":{\"@type\":\"EntryPoint\",\"urlTemplate\":\"https:\\\/\\\/dpress.ma\\\/fr\\\/?s={search_term_string}\"},\"query-input\":{\"@type\":\"PropertyValueSpecification\",\"valueRequired\":true,\"valueName\":\"search_term_string\"}}],\"inLanguage\":\"fr-FR\"},{\"@type\":\"Person\",\"@id\":\"https:\\\/\\\/dpress.ma\\\/fr\\\/#\\\/schema\\\/person\\\/4898febf3ccd59e6578d838656a306a0\",\"name\":\"Dpress.ma\",\"image\":{\"@type\":\"ImageObject\",\"inLanguage\":\"fr-FR\",\"@id\":\"https:\\\/\\\/secure.gravatar.com\\\/avatar\\\/72ecc30e9db047a2e0e7176561eb9d564ed77c8108376495b19bd8336405198a?s=96&d=mm&r=g\",\"url\":\"https:\\\/\\\/secure.gravatar.com\\\/avatar\\\/72ecc30e9db047a2e0e7176561eb9d564ed77c8108376495b19bd8336405198a?s=96&d=mm&r=g\",\"contentUrl\":\"https:\\\/\\\/secure.gravatar.com\\\/avatar\\\/72ecc30e9db047a2e0e7176561eb9d564ed77c8108376495b19bd8336405198a?s=96&d=mm&r=g\",\"caption\":\"Dpress.ma\"},\"sameAs\":[\"https:\\\/\\\/www.dpress.ma\"],\"url\":\"https:\\\/\\\/dpress.ma\\\/fr\\\/author\\\/dpress-ma\\\/\"}]}<\/script>\n<!-- \/ Yoast SEO plugin. -->","yoast_head_json":{"title":"Le choix du Maroc pour abriter le 77\u00e8 congr\u00e8s \u00e9lectif de la FIFA confirme la grande confiance dont jouit le Royaume dans l\u2019organisation des grandes manifestations internationales - Dpress.ma\/fr","robots":{"index":"index","follow":"follow","max-snippet":"max-snippet:-1","max-image-preview":"max-image-preview:large","max-video-preview":"max-video-preview:-1"},"canonical":"https:\/\/dpress.ma\/fr\/2026\/05\/01\/le-choix-du-maroc-pour-abriter-le-77e-congres-electif-de-la-fifa-confirme-la-grande-confiance-dont-jouit-le-royaume-dans-lorganisation-des-grandes-manifestations-internationales\/","og_locale":"fr_FR","og_type":"article","og_title":"Le choix du Maroc pour abriter le 77\u00e8 congr\u00e8s \u00e9lectif de la FIFA confirme la grande confiance dont jouit le Royaume dans l\u2019organisation des grandes manifestations internationales - Dpress.ma\/fr","og_description":"Dpress Le choix du Maroc pour abriter le 77\u00e8 congr\u00e8s \u00e9lectif de la FIFA confirme, une nouvelle fois, la grande confiance dont jouit le Royaume, ainsi que sa r\u00e9putation distingu\u00e9e acquise dans l\u2019organisation des grandes manifestations et rencontres internationales, souligne la F\u00e9d\u00e9ration Royale Marocaine de Football (FRMF). La ville de Rabat accueillera les travaux de &hellip;","og_url":"https:\/\/dpress.ma\/fr\/2026\/05\/01\/le-choix-du-maroc-pour-abriter-le-77e-congres-electif-de-la-fifa-confirme-la-grande-confiance-dont-jouit-le-royaume-dans-lorganisation-des-grandes-manifestations-internationales\/","og_site_name":"Dpress.ma\/fr","article_published_time":"2026-05-01T14:49:46+00:00","article_modified_time":"2026-05-01T14:49:47+00:00","og_image":[{"width":2539,"height":1594,"url":"https:\/\/dpress.ma\/fr\/wp-content\/uploads\/sites\/2\/2026\/05\/k-Copie.jpg","type":"image\/jpeg"}],"author":"Dpress.ma","twitter_card":"summary_large_image","twitter_misc":{"\u00c9crit par":"Dpress.ma","Dur\u00e9e de lecture estim\u00e9e":"2 minutes"},"schema":{"@context":"https:\/\/schema.org","@graph":[{"@type":"Article","@id":"https:\/\/dpress.ma\/fr\/2026\/05\/01\/le-choix-du-maroc-pour-abriter-le-77e-congres-electif-de-la-fifa-confirme-la-grande-confiance-dont-jouit-le-royaume-dans-lorganisation-des-grandes-manifestations-internationales\/#article","isPartOf":{"@id":"https:\/\/dpress.ma\/fr\/2026\/05\/01\/le-choix-du-maroc-pour-abriter-le-77e-congres-electif-de-la-fifa-confirme-la-grande-confiance-dont-jouit-le-royaume-dans-lorganisation-des-grandes-manifestations-internationales\/"},"author":{"name":"Dpress.ma","@id":"https:\/\/dpress.ma\/fr\/#\/schema\/person\/4898febf3ccd59e6578d838656a306a0"},"headline":"Le choix du Maroc pour abriter le 77\u00e8 congr\u00e8s \u00e9lectif de la FIFA confirme la grande confiance dont jouit le Royaume dans l\u2019organisation des grandes manifestations internationales","datePublished":"2026-05-01T14:49:46+00:00","dateModified":"2026-05-01T14:49:47+00:00","mainEntityOfPage":{"@id":"https:\/\/dpress.ma\/fr\/2026\/05\/01\/le-choix-du-maroc-pour-abriter-le-77e-congres-electif-de-la-fifa-confirme-la-grande-confiance-dont-jouit-le-royaume-dans-lorganisation-des-grandes-manifestations-internationales\/"},"wordCount":218,"commentCount":0,"image":{"@id":"https:\/\/dpress.ma\/fr\/2026\/05\/01\/le-choix-du-maroc-pour-abriter-le-77e-congres-electif-de-la-fifa-confirme-la-grande-confiance-dont-jouit-le-royaume-dans-lorganisation-des-grandes-manifestations-internationales\/#primaryimage"},"thumbnailUrl":"https:\/\/dpress.ma\/fr\/wp-content\/uploads\/sites\/2\/2026\/05\/k-Copie.jpg","articleSection":["Sport"],"inLanguage":"fr-FR","potentialAction":[{"@type":"CommentAction","name":"Comment","target":["https:\/\/dpress.ma\/fr\/2026\/05\/01\/le-choix-du-maroc-pour-abriter-le-77e-congres-electif-de-la-fifa-confirme-la-grande-confiance-dont-jouit-le-royaume-dans-lorganisation-des-grandes-manifestations-internationales\/#respond"]}]},{"@type":"WebPage","@id":"https:\/\/dpress.ma\/fr\/2026\/05\/01\/le-choix-du-maroc-pour-abriter-le-77e-congres-electif-de-la-fifa-confirme-la-grande-confiance-dont-jouit-le-royaume-dans-lorganisation-des-grandes-manifestations-internationales\/","url":"https:\/\/dpress.ma\/fr\/2026\/05\/01\/le-choix-du-maroc-pour-abriter-le-77e-congres-electif-de-la-fifa-confirme-la-grande-confiance-dont-jouit-le-royaume-dans-lorganisation-des-grandes-manifestations-internationales\/","name":"Le choix du Maroc pour abriter le 77\u00e8 congr\u00e8s \u00e9lectif de la FIFA confirme la grande confiance dont jouit le Royaume dans l\u2019organisation des grandes manifestations internationales - Dpress.ma\/fr","isPartOf":{"@id":"https:\/\/dpress.ma\/fr\/#website"},"primaryImageOfPage":{"@id":"https:\/\/dpress.ma\/fr\/2026\/05\/01\/le-choix-du-maroc-pour-abriter-le-77e-congres-electif-de-la-fifa-confirme-la-grande-confiance-dont-jouit-le-royaume-dans-lorganisation-des-grandes-manifestations-internationales\/#primaryimage"},"image":{"@id":"https:\/\/dpress.ma\/fr\/2026\/05\/01\/le-choix-du-maroc-pour-abriter-le-77e-congres-electif-de-la-fifa-confirme-la-grande-confiance-dont-jouit-le-royaume-dans-lorganisation-des-grandes-manifestations-internationales\/#primaryimage"},"thumbnailUrl":"https:\/\/dpress.ma\/fr\/wp-content\/uploads\/sites\/2\/2026\/05\/k-Copie.jpg","datePublished":"2026-05-01T14:49:46+00:00","dateModified":"2026-05-01T14:49:47+00:00","author":{"@id":"https:\/\/dpress.ma\/fr\/#\/schema\/person\/4898febf3ccd59e6578d838656a306a0"},"breadcrumb":{"@id":"https:\/\/dpress.ma\/fr\/2026\/05\/01\/le-choix-du-maroc-pour-abriter-le-77e-congres-electif-de-la-fifa-confirme-la-grande-confiance-dont-jouit-le-royaume-dans-lorganisation-des-grandes-manifestations-internationales\/#breadcrumb"},"inLanguage":"fr-FR","potentialAction":[{"@type":"ReadAction","target":["https:\/\/dpress.ma\/fr\/2026\/05\/01\/le-choix-du-maroc-pour-abriter-le-77e-congres-electif-de-la-fifa-confirme-la-grande-confiance-dont-jouit-le-royaume-dans-lorganisation-des-grandes-manifestations-internationales\/"]}]},{"@type":"ImageObject","inLanguage":"fr-FR","@id":"https:\/\/dpress.ma\/fr\/2026\/05\/01\/le-choix-du-maroc-pour-abriter-le-77e-congres-electif-de-la-fifa-confirme-la-grande-confiance-dont-jouit-le-royaume-dans-lorganisation-des-grandes-manifestations-internationales\/#primaryimage","url":"https:\/\/dpress.ma\/fr\/wp-content\/uploads\/sites\/2\/2026\/05\/k-Copie.jpg","contentUrl":"https:\/\/dpress.ma\/fr\/wp-content\/uploads\/sites\/2\/2026\/05\/k-Copie.jpg","width":2539,"height":1594},{"@type":"BreadcrumbList","@id":"https:\/\/dpress.ma\/fr\/2026\/05\/01\/le-choix-du-maroc-pour-abriter-le-77e-congres-electif-de-la-fifa-confirme-la-grande-confiance-dont-jouit-le-royaume-dans-lorganisation-des-grandes-manifestations-internationales\/#breadcrumb","itemListElement":[{"@type":"ListItem","position":1,"name":"Home","item":"https:\/\/dpress.ma\/fr\/"},{"@type":"ListItem","position":2,"name":"Le choix du Maroc pour abriter le 77\u00e8 congr\u00e8s \u00e9lectif de la FIFA confirme la grande confiance dont jouit le Royaume dans l\u2019organisation des grandes manifestations internationales"}]},{"@type":"WebSite","@id":"https:\/\/dpress.ma\/fr\/#website","url":"https:\/\/dpress.ma\/fr\/","name":"Dpress.ma\/fr","description":"","potentialAction":[{"@type":"SearchAction","target":{"@type":"EntryPoint","urlTemplate":"https:\/\/dpress.ma\/fr\/?s={search_term_string}"},"query-input":{"@type":"PropertyValueSpecification","valueRequired":true,"valueName":"search_term_string"}}],"inLanguage":"fr-FR"},{"@type":"Person","@id":"https:\/\/dpress.ma\/fr\/#\/schema\/person\/4898febf3ccd59e6578d838656a306a0","name":"Dpress.ma","image":{"@type":"ImageObject","inLanguage":"fr-FR","@id":"https:\/\/secure.gravatar.com\/avatar\/72ecc30e9db047a2e0e7176561eb9d564ed77c8108376495b19bd8336405198a?s=96&d=mm&r=g","url":"https:\/\/secure.gravatar.com\/avatar\/72ecc30e9db047a2e0e7176561eb9d564ed77c8108376495b19bd8336405198a?s=96&d=mm&r=g","contentUrl":"https:\/\/secure.gravatar.com\/avatar\/72ecc30e9db047a2e0e7176561eb9d564ed77c8108376495b19bd8336405198a?s=96&d=mm&r=g","caption":"Dpress.ma"},"sameAs":["https:\/\/www.dpress.ma"],"url":"https:\/\/dpress.ma\/fr\/author\/dpress-ma\/"}]}},"amp_enabled":true,"_links":{"self":[{"href":"https:\/\/dpress.ma\/fr\/wp-json\/wp\/v2\/posts\/29763","targetHints":{"allow":["GET"]}}],"collection":[{"href":"https:\/\/dpress.ma\/fr\/wp-json\/wp\/v2\/posts"}],"about":[{"href":"https:\/\/dpress.ma\/fr\/wp-json\/wp\/v2\/types\/post"}],"author":[{"embeddable":true,"href":"https:\/\/dpress.ma\/fr\/wp-json\/wp\/v2\/users\/2"}],"replies":[{"embeddable":true,"href":"https:\/\/dpress.ma\/fr\/wp-json\/wp\/v2\/comments?post=29763"}],"version-history":[{"count":1,"href":"https:\/\/dpress.ma\/fr\/wp-json\/wp\/v2\/posts\/29763\/revisions"}],"predecessor-version":[{"id":29765,"href":"https:\/\/dpress.ma\/fr\/wp-json\/wp\/v2\/posts\/29763\/revisions\/29765"}],"wp:featuredmedia":[{"embeddable":true,"href":"https:\/\/dpress.ma\/fr\/wp-json\/wp\/v2\/media\/29764"}],"wp:attachment":[{"href":"https:\/\/dpress.ma\/fr\/wp-json\/wp\/v2\/media?parent=29763"}],"wp:term":[{"taxonomy":"category","embeddable":true,"href":"https:\/\/dpress.ma\/fr\/wp-json\/wp\/v2\/categories?post=29763"},{"taxonomy":"post_tag","embeddable":true,"href":"https:\/\/dpress.ma\/fr\/wp-json\/wp\/v2\/tags?post=29763"}],"curies":[{"name":"wp","href":"https:\/\/api.w.org\/{rel}","templated":true}]}}