{"id":29760,"date":"2026-05-01T14:45:05","date_gmt":"2026-05-01T14:45:05","guid":{"rendered":"https:\/\/dpress.ma\/fr\/?p=29760"},"modified":"2026-05-01T14:45:05","modified_gmt":"2026-05-01T14:45:05","slug":"chefchaouen-coup-denvoi-de-la-5e-edition-du-maroc-rallye-equestre","status":"publish","type":"post","link":"https:\/\/dpress.ma\/fr\/2026\/05\/01\/chefchaouen-coup-denvoi-de-la-5e-edition-du-maroc-rallye-equestre\/","title":{"rendered":"Chefchaouen: Coup d\u2019envoi de la 5e \u00e9dition du Maroc Rallye \u00e9questre"},"content":{"rendered":"\n<p>Dpress<\/p>\n\n\n\n<p>Le coup d\u2019envoi de la 5e \u00e9dition du Maroc Rallye \u00e9questre a \u00e9t\u00e9 donn\u00e9, jeudi au c\u0153ur du Parc naturel de Bouhachem, dans la province de Chefchaouen, avec la participation de cavaliers marocains et \u00e9trangers.<\/p>\n\n\n\n<p>Organis\u00e9e jusqu\u2019au 3 mai, cette manifestation, dont le coup d\u2019envoi a \u00e9t\u00e9 donn\u00e9 par le gouverneur de la province de Chefchaouen, Zakaria Hachlaf, s\u2019inscrit dans une dynamique visant \u00e0 promouvoir le tourisme \u00e9questre durable dans la r\u00e9gion et \u00e0 positionner Chefchaouen comme une destination de choix pour les randonn\u00e9es \u00e9questres, aux niveaux national et international.<\/p>\n\n\n\n<p>Cette \u00e9dition conna\u00eet la participation de 33 cavaliers r\u00e9partis en 9 \u00e9quipes, repr\u00e9sentant sept pays, \u00e0 savoir le Maroc, la France, la Suisse, l\u2019Allemagne, l\u2019Angleterre, la C\u00f4te d\u2019Ivoire et l\u2019Irlande, illustrant ainsi l\u2019attractivit\u00e9 croissante de cet \u00e9v\u00e9nement.<\/p>\n\n\n\n<p>\u00c0 cette occasion, le directeur g\u00e9n\u00e9ral adjoint de la Soci\u00e9t\u00e9 royale d\u2019encouragement du cheval (SOREC), Hicham Debbagh, a soulign\u00e9 que cet \u00e9v\u00e9nement contribue de mani\u00e8re significative \u00e0 la promotion du tourisme \u00e9questre, mettant en valeur la richesse du patrimoine \u00e9questre national, notamment les chevaux Barbe et Arabe-Barbe.<\/p>\n\n\n\n<p>Dans une d\u00e9claration \u00e0 la MAP, M. Debbagh a relev\u00e9 que ces chevaux, issus en grande partie d\u2019associations et d\u2019\u00e9leveurs locaux, constituent une source de revenus pour les acteurs impliqu\u00e9s dans leur \u00e9levage.<\/p>\n\n\n\n<p>De son c\u00f4t\u00e9, la directrice du Parc naturel de Bouhachem, Kaoutar Aouane, a indiqu\u00e9 que cet \u00e9v\u00e9nement met en lumi\u00e8re un lien historique fort entre l\u2019homme, le cheval et la nature, tout en valorisant un territoire authentique et pr\u00e9serv\u00e9.<\/p>\n\n\n\n<p>Mme Aouane a expliqu\u00e9 que le choix du parc n\u2019est pas fortuit, celui-ci \u00e9tant reconnu pour sa richesse biologique et \u00e9cologique depuis son classement en 1996, avant d\u2019\u00eatre \u00e9rig\u00e9 en parc naturel en 2025, conform\u00e9ment \u00e0 la loi 22-07.<\/p>\n\n\n\n<p>Pour sa part, la participante fran\u00e7aise Marie-C\u00e9cile Tardieu a exprim\u00e9 sa grande satisfaction de participer \u00e0 la cinqui\u00e8me \u00e9dition du rallye, mettant en avant la richesse des \u00e9changes humains qu\u2019offre cette aventure, ainsi que l\u2019opportunit\u00e9 de d\u00e9couvrir la diversit\u00e9 et la beaut\u00e9 des paysages marocains.<\/p>\n\n\n\n<p>Elle a soulign\u00e9 que la d\u00e9couverte \u00e0 cheval constitue une mani\u00e8re privil\u00e9gi\u00e9e d\u2019explorer la nature, ajoutant que ce raid \u00e9questre organis\u00e9 par la SOREC offre l\u2019opportunit\u00e9 de mieux d\u00e9couvrir de nouvelles r\u00e9gions du Royaume et d\u2019appr\u00e9cier la richesse et la diversit\u00e9 de leur environnement naturel.<\/p>\n\n\n\n<p>Cette \u00e9dition est marqu\u00e9e par la cr\u00e9ation d\u2019un nouveau circuit \u00e9questre in\u00e9dit d\u2019environ 80 kilom\u00e8tres \u00e0 travers le parc, con\u00e7u en partenariat avec l\u2019Agence nationale des eaux et for\u00eats (ANEF) et valid\u00e9 en coordination avec les autorit\u00e9s locales et les diff\u00e9rentes parties prenantes.<\/p>\n\n\n\n<p>Le rallye met \u00e9galement en valeur le cheval marocain \u00e0 travers l\u2019utilisation exclusive de chevaux Barbe et Arabe-Barbe. Le parc \u00e9quin mobilis\u00e9 provient \u00e0 hauteur de 20% du Haras national de Mekn\u00e8s, tandis que 80% des chevaux sont issus d\u2019associations de propri\u00e9taires d\u2019Ifrane et d\u2019Azrou, dans le cadre d\u2019une collaboration reconduite depuis trois ann\u00e9es cons\u00e9cutives.<\/p>\n\n\n\n<p>Au-del\u00e0 de sa dimension sportive, cette manifestation contribue \u00e0 la valorisation du patrimoine naturel et rural de la r\u00e9gion, avec une implication directe des populations locales.<\/p>\n\n\n\n<p>Sur le plan sportif, le rallye se d\u00e9roule sur trois jours, avec des \u00e9tapes quotidiennes d\u2019environ 25 kilom\u00e8tres. Un dispositif de s\u00e9curit\u00e9 a \u00e9t\u00e9 d\u00e9ploy\u00e9 sur l\u2019ensemble du parcours, accompagn\u00e9 d\u2019une assistance technique et d\u2019un encadrement des propri\u00e9taires de chevaux tout au long de la comp\u00e9tition.<\/p>\n","protected":false},"excerpt":{"rendered":"<p>Dpress Le coup d\u2019envoi de la 5e \u00e9dition du Maroc Rallye \u00e9questre a \u00e9t\u00e9 donn\u00e9, jeudi au c\u0153ur du Parc naturel de Bouhachem, dans la province de Chefchaouen, avec la participation de cavaliers marocains et \u00e9trangers. Organis\u00e9e jusqu\u2019au 3 mai, cette manifestation, dont le coup d\u2019envoi a \u00e9t\u00e9 donn\u00e9 par le gouverneur de la province &hellip;<\/p>\n","protected":false},"author":2,"featured_media":29761,"comment_status":"open","ping_status":"open","sticky":false,"template":"","format":"standard","meta":{"footnotes":""},"categories":[27],"tags":[],"class_list":["post-29760","post","type-post","status-publish","format-standard","has-post-thumbnail","hentry","category-sport"],"yoast_head":"<!-- This site is optimized with the Yoast SEO plugin v27.5 - https:\/\/yoast.com\/product\/yoast-seo-wordpress\/ -->\n<title>Chefchaouen: Coup d\u2019envoi de la 5e \u00e9dition du Maroc Rallye \u00e9questre - Dpress.ma\/fr<\/title>\n<meta name=\"robots\" content=\"index, follow, max-snippet:-1, max-image-preview:large, max-video-preview:-1\" \/>\n<link rel=\"canonical\" href=\"https:\/\/dpress.ma\/fr\/2026\/05\/01\/chefchaouen-coup-denvoi-de-la-5e-edition-du-maroc-rallye-equestre\/\" \/>\n<meta property=\"og:locale\" content=\"fr_FR\" \/>\n<meta property=\"og:type\" content=\"article\" \/>\n<meta property=\"og:title\" content=\"Chefchaouen: Coup d\u2019envoi de la 5e \u00e9dition du Maroc Rallye \u00e9questre - Dpress.ma\/fr\" \/>\n<meta property=\"og:description\" content=\"Dpress Le coup d\u2019envoi de la 5e \u00e9dition du Maroc Rallye \u00e9questre a \u00e9t\u00e9 donn\u00e9, jeudi au c\u0153ur du Parc naturel de Bouhachem, dans la province de Chefchaouen, avec la participation de cavaliers marocains et \u00e9trangers. Organis\u00e9e jusqu\u2019au 3 mai, cette manifestation, dont le coup d\u2019envoi a \u00e9t\u00e9 donn\u00e9 par le gouverneur de la province &hellip;\" \/>\n<meta property=\"og:url\" content=\"https:\/\/dpress.ma\/fr\/2026\/05\/01\/chefchaouen-coup-denvoi-de-la-5e-edition-du-maroc-rallye-equestre\/\" \/>\n<meta property=\"og:site_name\" content=\"Dpress.ma\/fr\" \/>\n<meta property=\"article:published_time\" content=\"2026-05-01T14:45:05+00:00\" \/>\n<meta property=\"og:image\" content=\"https:\/\/dpress.ma\/fr\/wp-content\/uploads\/sites\/2\/2026\/05\/t.jpg\" \/>\n\t<meta property=\"og:image:width\" content=\"2539\" \/>\n\t<meta property=\"og:image:height\" content=\"1594\" \/>\n\t<meta property=\"og:image:type\" content=\"image\/jpeg\" \/>\n<meta name=\"author\" content=\"Dpress.ma\" \/>\n<meta name=\"twitter:card\" content=\"summary_large_image\" \/>\n<meta name=\"twitter:label1\" content=\"\u00c9crit par\" \/>\n\t<meta name=\"twitter:data1\" content=\"Dpress.ma\" \/>\n\t<meta name=\"twitter:label2\" content=\"Dur\u00e9e de lecture estim\u00e9e\" \/>\n\t<meta name=\"twitter:data2\" content=\"3 minutes\" \/>\n<script type=\"application\/ld+json\" class=\"yoast-schema-graph\">{\"@context\":\"https:\\\/\\\/schema.org\",\"@graph\":[{\"@type\":\"Article\",\"@id\":\"https:\\\/\\\/dpress.ma\\\/fr\\\/2026\\\/05\\\/01\\\/chefchaouen-coup-denvoi-de-la-5e-edition-du-maroc-rallye-equestre\\\/#article\",\"isPartOf\":{\"@id\":\"https:\\\/\\\/dpress.ma\\\/fr\\\/2026\\\/05\\\/01\\\/chefchaouen-coup-denvoi-de-la-5e-edition-du-maroc-rallye-equestre\\\/\"},\"author\":{\"name\":\"Dpress.ma\",\"@id\":\"https:\\\/\\\/dpress.ma\\\/fr\\\/#\\\/schema\\\/person\\\/4898febf3ccd59e6578d838656a306a0\"},\"headline\":\"Chefchaouen: Coup d\u2019envoi de la 5e \u00e9dition du Maroc Rallye \u00e9questre\",\"datePublished\":\"2026-05-01T14:45:05+00:00\",\"mainEntityOfPage\":{\"@id\":\"https:\\\/\\\/dpress.ma\\\/fr\\\/2026\\\/05\\\/01\\\/chefchaouen-coup-denvoi-de-la-5e-edition-du-maroc-rallye-equestre\\\/\"},\"wordCount\":619,\"commentCount\":0,\"image\":{\"@id\":\"https:\\\/\\\/dpress.ma\\\/fr\\\/2026\\\/05\\\/01\\\/chefchaouen-coup-denvoi-de-la-5e-edition-du-maroc-rallye-equestre\\\/#primaryimage\"},\"thumbnailUrl\":\"https:\\\/\\\/dpress.ma\\\/fr\\\/wp-content\\\/uploads\\\/sites\\\/2\\\/2026\\\/05\\\/t.jpg\",\"articleSection\":[\"Sport\"],\"inLanguage\":\"fr-FR\",\"potentialAction\":[{\"@type\":\"CommentAction\",\"name\":\"Comment\",\"target\":[\"https:\\\/\\\/dpress.ma\\\/fr\\\/2026\\\/05\\\/01\\\/chefchaouen-coup-denvoi-de-la-5e-edition-du-maroc-rallye-equestre\\\/#respond\"]}]},{\"@type\":\"WebPage\",\"@id\":\"https:\\\/\\\/dpress.ma\\\/fr\\\/2026\\\/05\\\/01\\\/chefchaouen-coup-denvoi-de-la-5e-edition-du-maroc-rallye-equestre\\\/\",\"url\":\"https:\\\/\\\/dpress.ma\\\/fr\\\/2026\\\/05\\\/01\\\/chefchaouen-coup-denvoi-de-la-5e-edition-du-maroc-rallye-equestre\\\/\",\"name\":\"Chefchaouen: Coup d\u2019envoi de la 5e \u00e9dition du Maroc Rallye \u00e9questre - Dpress.ma\\\/fr\",\"isPartOf\":{\"@id\":\"https:\\\/\\\/dpress.ma\\\/fr\\\/#website\"},\"primaryImageOfPage\":{\"@id\":\"https:\\\/\\\/dpress.ma\\\/fr\\\/2026\\\/05\\\/01\\\/chefchaouen-coup-denvoi-de-la-5e-edition-du-maroc-rallye-equestre\\\/#primaryimage\"},\"image\":{\"@id\":\"https:\\\/\\\/dpress.ma\\\/fr\\\/2026\\\/05\\\/01\\\/chefchaouen-coup-denvoi-de-la-5e-edition-du-maroc-rallye-equestre\\\/#primaryimage\"},\"thumbnailUrl\":\"https:\\\/\\\/dpress.ma\\\/fr\\\/wp-content\\\/uploads\\\/sites\\\/2\\\/2026\\\/05\\\/t.jpg\",\"datePublished\":\"2026-05-01T14:45:05+00:00\",\"author\":{\"@id\":\"https:\\\/\\\/dpress.ma\\\/fr\\\/#\\\/schema\\\/person\\\/4898febf3ccd59e6578d838656a306a0\"},\"breadcrumb\":{\"@id\":\"https:\\\/\\\/dpress.ma\\\/fr\\\/2026\\\/05\\\/01\\\/chefchaouen-coup-denvoi-de-la-5e-edition-du-maroc-rallye-equestre\\\/#breadcrumb\"},\"inLanguage\":\"fr-FR\",\"potentialAction\":[{\"@type\":\"ReadAction\",\"target\":[\"https:\\\/\\\/dpress.ma\\\/fr\\\/2026\\\/05\\\/01\\\/chefchaouen-coup-denvoi-de-la-5e-edition-du-maroc-rallye-equestre\\\/\"]}]},{\"@type\":\"ImageObject\",\"inLanguage\":\"fr-FR\",\"@id\":\"https:\\\/\\\/dpress.ma\\\/fr\\\/2026\\\/05\\\/01\\\/chefchaouen-coup-denvoi-de-la-5e-edition-du-maroc-rallye-equestre\\\/#primaryimage\",\"url\":\"https:\\\/\\\/dpress.ma\\\/fr\\\/wp-content\\\/uploads\\\/sites\\\/2\\\/2026\\\/05\\\/t.jpg\",\"contentUrl\":\"https:\\\/\\\/dpress.ma\\\/fr\\\/wp-content\\\/uploads\\\/sites\\\/2\\\/2026\\\/05\\\/t.jpg\",\"width\":2539,\"height\":1594},{\"@type\":\"BreadcrumbList\",\"@id\":\"https:\\\/\\\/dpress.ma\\\/fr\\\/2026\\\/05\\\/01\\\/chefchaouen-coup-denvoi-de-la-5e-edition-du-maroc-rallye-equestre\\\/#breadcrumb\",\"itemListElement\":[{\"@type\":\"ListItem\",\"position\":1,\"name\":\"Home\",\"item\":\"https:\\\/\\\/dpress.ma\\\/fr\\\/\"},{\"@type\":\"ListItem\",\"position\":2,\"name\":\"Chefchaouen: Coup d\u2019envoi de la 5e \u00e9dition du Maroc Rallye \u00e9questre\"}]},{\"@type\":\"WebSite\",\"@id\":\"https:\\\/\\\/dpress.ma\\\/fr\\\/#website\",\"url\":\"https:\\\/\\\/dpress.ma\\\/fr\\\/\",\"name\":\"Dpress.ma\\\/fr\",\"description\":\"\",\"potentialAction\":[{\"@type\":\"SearchAction\",\"target\":{\"@type\":\"EntryPoint\",\"urlTemplate\":\"https:\\\/\\\/dpress.ma\\\/fr\\\/?s={search_term_string}\"},\"query-input\":{\"@type\":\"PropertyValueSpecification\",\"valueRequired\":true,\"valueName\":\"search_term_string\"}}],\"inLanguage\":\"fr-FR\"},{\"@type\":\"Person\",\"@id\":\"https:\\\/\\\/dpress.ma\\\/fr\\\/#\\\/schema\\\/person\\\/4898febf3ccd59e6578d838656a306a0\",\"name\":\"Dpress.ma\",\"image\":{\"@type\":\"ImageObject\",\"inLanguage\":\"fr-FR\",\"@id\":\"https:\\\/\\\/secure.gravatar.com\\\/avatar\\\/72ecc30e9db047a2e0e7176561eb9d564ed77c8108376495b19bd8336405198a?s=96&d=mm&r=g\",\"url\":\"https:\\\/\\\/secure.gravatar.com\\\/avatar\\\/72ecc30e9db047a2e0e7176561eb9d564ed77c8108376495b19bd8336405198a?s=96&d=mm&r=g\",\"contentUrl\":\"https:\\\/\\\/secure.gravatar.com\\\/avatar\\\/72ecc30e9db047a2e0e7176561eb9d564ed77c8108376495b19bd8336405198a?s=96&d=mm&r=g\",\"caption\":\"Dpress.ma\"},\"sameAs\":[\"https:\\\/\\\/www.dpress.ma\"],\"url\":\"https:\\\/\\\/dpress.ma\\\/fr\\\/author\\\/dpress-ma\\\/\"}]}<\/script>\n<!-- \/ Yoast SEO plugin. -->","yoast_head_json":{"title":"Chefchaouen: Coup d\u2019envoi de la 5e \u00e9dition du Maroc Rallye \u00e9questre - Dpress.ma\/fr","robots":{"index":"index","follow":"follow","max-snippet":"max-snippet:-1","max-image-preview":"max-image-preview:large","max-video-preview":"max-video-preview:-1"},"canonical":"https:\/\/dpress.ma\/fr\/2026\/05\/01\/chefchaouen-coup-denvoi-de-la-5e-edition-du-maroc-rallye-equestre\/","og_locale":"fr_FR","og_type":"article","og_title":"Chefchaouen: Coup d\u2019envoi de la 5e \u00e9dition du Maroc Rallye \u00e9questre - Dpress.ma\/fr","og_description":"Dpress Le coup d\u2019envoi de la 5e \u00e9dition du Maroc Rallye \u00e9questre a \u00e9t\u00e9 donn\u00e9, jeudi au c\u0153ur du Parc naturel de Bouhachem, dans la province de Chefchaouen, avec la participation de cavaliers marocains et \u00e9trangers. Organis\u00e9e jusqu\u2019au 3 mai, cette manifestation, dont le coup d\u2019envoi a \u00e9t\u00e9 donn\u00e9 par le gouverneur de la province &hellip;","og_url":"https:\/\/dpress.ma\/fr\/2026\/05\/01\/chefchaouen-coup-denvoi-de-la-5e-edition-du-maroc-rallye-equestre\/","og_site_name":"Dpress.ma\/fr","article_published_time":"2026-05-01T14:45:05+00:00","og_image":[{"width":2539,"height":1594,"url":"https:\/\/dpress.ma\/fr\/wp-content\/uploads\/sites\/2\/2026\/05\/t.jpg","type":"image\/jpeg"}],"author":"Dpress.ma","twitter_card":"summary_large_image","twitter_misc":{"\u00c9crit par":"Dpress.ma","Dur\u00e9e de lecture estim\u00e9e":"3 minutes"},"schema":{"@context":"https:\/\/schema.org","@graph":[{"@type":"Article","@id":"https:\/\/dpress.ma\/fr\/2026\/05\/01\/chefchaouen-coup-denvoi-de-la-5e-edition-du-maroc-rallye-equestre\/#article","isPartOf":{"@id":"https:\/\/dpress.ma\/fr\/2026\/05\/01\/chefchaouen-coup-denvoi-de-la-5e-edition-du-maroc-rallye-equestre\/"},"author":{"name":"Dpress.ma","@id":"https:\/\/dpress.ma\/fr\/#\/schema\/person\/4898febf3ccd59e6578d838656a306a0"},"headline":"Chefchaouen: Coup d\u2019envoi de la 5e \u00e9dition du Maroc Rallye \u00e9questre","datePublished":"2026-05-01T14:45:05+00:00","mainEntityOfPage":{"@id":"https:\/\/dpress.ma\/fr\/2026\/05\/01\/chefchaouen-coup-denvoi-de-la-5e-edition-du-maroc-rallye-equestre\/"},"wordCount":619,"commentCount":0,"image":{"@id":"https:\/\/dpress.ma\/fr\/2026\/05\/01\/chefchaouen-coup-denvoi-de-la-5e-edition-du-maroc-rallye-equestre\/#primaryimage"},"thumbnailUrl":"https:\/\/dpress.ma\/fr\/wp-content\/uploads\/sites\/2\/2026\/05\/t.jpg","articleSection":["Sport"],"inLanguage":"fr-FR","potentialAction":[{"@type":"CommentAction","name":"Comment","target":["https:\/\/dpress.ma\/fr\/2026\/05\/01\/chefchaouen-coup-denvoi-de-la-5e-edition-du-maroc-rallye-equestre\/#respond"]}]},{"@type":"WebPage","@id":"https:\/\/dpress.ma\/fr\/2026\/05\/01\/chefchaouen-coup-denvoi-de-la-5e-edition-du-maroc-rallye-equestre\/","url":"https:\/\/dpress.ma\/fr\/2026\/05\/01\/chefchaouen-coup-denvoi-de-la-5e-edition-du-maroc-rallye-equestre\/","name":"Chefchaouen: Coup d\u2019envoi de la 5e \u00e9dition du Maroc Rallye \u00e9questre - Dpress.ma\/fr","isPartOf":{"@id":"https:\/\/dpress.ma\/fr\/#website"},"primaryImageOfPage":{"@id":"https:\/\/dpress.ma\/fr\/2026\/05\/01\/chefchaouen-coup-denvoi-de-la-5e-edition-du-maroc-rallye-equestre\/#primaryimage"},"image":{"@id":"https:\/\/dpress.ma\/fr\/2026\/05\/01\/chefchaouen-coup-denvoi-de-la-5e-edition-du-maroc-rallye-equestre\/#primaryimage"},"thumbnailUrl":"https:\/\/dpress.ma\/fr\/wp-content\/uploads\/sites\/2\/2026\/05\/t.jpg","datePublished":"2026-05-01T14:45:05+00:00","author":{"@id":"https:\/\/dpress.ma\/fr\/#\/schema\/person\/4898febf3ccd59e6578d838656a306a0"},"breadcrumb":{"@id":"https:\/\/dpress.ma\/fr\/2026\/05\/01\/chefchaouen-coup-denvoi-de-la-5e-edition-du-maroc-rallye-equestre\/#breadcrumb"},"inLanguage":"fr-FR","potentialAction":[{"@type":"ReadAction","target":["https:\/\/dpress.ma\/fr\/2026\/05\/01\/chefchaouen-coup-denvoi-de-la-5e-edition-du-maroc-rallye-equestre\/"]}]},{"@type":"ImageObject","inLanguage":"fr-FR","@id":"https:\/\/dpress.ma\/fr\/2026\/05\/01\/chefchaouen-coup-denvoi-de-la-5e-edition-du-maroc-rallye-equestre\/#primaryimage","url":"https:\/\/dpress.ma\/fr\/wp-content\/uploads\/sites\/2\/2026\/05\/t.jpg","contentUrl":"https:\/\/dpress.ma\/fr\/wp-content\/uploads\/sites\/2\/2026\/05\/t.jpg","width":2539,"height":1594},{"@type":"BreadcrumbList","@id":"https:\/\/dpress.ma\/fr\/2026\/05\/01\/chefchaouen-coup-denvoi-de-la-5e-edition-du-maroc-rallye-equestre\/#breadcrumb","itemListElement":[{"@type":"ListItem","position":1,"name":"Home","item":"https:\/\/dpress.ma\/fr\/"},{"@type":"ListItem","position":2,"name":"Chefchaouen: Coup d\u2019envoi de la 5e \u00e9dition du Maroc Rallye \u00e9questre"}]},{"@type":"WebSite","@id":"https:\/\/dpress.ma\/fr\/#website","url":"https:\/\/dpress.ma\/fr\/","name":"Dpress.ma\/fr","description":"","potentialAction":[{"@type":"SearchAction","target":{"@type":"EntryPoint","urlTemplate":"https:\/\/dpress.ma\/fr\/?s={search_term_string}"},"query-input":{"@type":"PropertyValueSpecification","valueRequired":true,"valueName":"search_term_string"}}],"inLanguage":"fr-FR"},{"@type":"Person","@id":"https:\/\/dpress.ma\/fr\/#\/schema\/person\/4898febf3ccd59e6578d838656a306a0","name":"Dpress.ma","image":{"@type":"ImageObject","inLanguage":"fr-FR","@id":"https:\/\/secure.gravatar.com\/avatar\/72ecc30e9db047a2e0e7176561eb9d564ed77c8108376495b19bd8336405198a?s=96&d=mm&r=g","url":"https:\/\/secure.gravatar.com\/avatar\/72ecc30e9db047a2e0e7176561eb9d564ed77c8108376495b19bd8336405198a?s=96&d=mm&r=g","contentUrl":"https:\/\/secure.gravatar.com\/avatar\/72ecc30e9db047a2e0e7176561eb9d564ed77c8108376495b19bd8336405198a?s=96&d=mm&r=g","caption":"Dpress.ma"},"sameAs":["https:\/\/www.dpress.ma"],"url":"https:\/\/dpress.ma\/fr\/author\/dpress-ma\/"}]}},"amp_enabled":true,"_links":{"self":[{"href":"https:\/\/dpress.ma\/fr\/wp-json\/wp\/v2\/posts\/29760","targetHints":{"allow":["GET"]}}],"collection":[{"href":"https:\/\/dpress.ma\/fr\/wp-json\/wp\/v2\/posts"}],"about":[{"href":"https:\/\/dpress.ma\/fr\/wp-json\/wp\/v2\/types\/post"}],"author":[{"embeddable":true,"href":"https:\/\/dpress.ma\/fr\/wp-json\/wp\/v2\/users\/2"}],"replies":[{"embeddable":true,"href":"https:\/\/dpress.ma\/fr\/wp-json\/wp\/v2\/comments?post=29760"}],"version-history":[{"count":1,"href":"https:\/\/dpress.ma\/fr\/wp-json\/wp\/v2\/posts\/29760\/revisions"}],"predecessor-version":[{"id":29762,"href":"https:\/\/dpress.ma\/fr\/wp-json\/wp\/v2\/posts\/29760\/revisions\/29762"}],"wp:featuredmedia":[{"embeddable":true,"href":"https:\/\/dpress.ma\/fr\/wp-json\/wp\/v2\/media\/29761"}],"wp:attachment":[{"href":"https:\/\/dpress.ma\/fr\/wp-json\/wp\/v2\/media?parent=29760"}],"wp:term":[{"taxonomy":"category","embeddable":true,"href":"https:\/\/dpress.ma\/fr\/wp-json\/wp\/v2\/categories?post=29760"},{"taxonomy":"post_tag","embeddable":true,"href":"https:\/\/dpress.ma\/fr\/wp-json\/wp\/v2\/tags?post=29760"}],"curies":[{"name":"wp","href":"https:\/\/api.w.org\/{rel}","templated":true}]}}