{"id":29757,"date":"2026-05-01T14:41:40","date_gmt":"2026-05-01T14:41:40","guid":{"rendered":"https:\/\/dpress.ma\/fr\/?p=29757"},"modified":"2026-05-01T14:41:42","modified_gmt":"2026-05-01T14:41:42","slug":"le-maroc-abritera-le-77eme-congres-electif-de-la-fifa-en-2027","status":"publish","type":"post","link":"https:\/\/dpress.ma\/fr\/2026\/05\/01\/le-maroc-abritera-le-77eme-congres-electif-de-la-fifa-en-2027\/","title":{"rendered":"Le Maroc abritera le 77\u00e8me Congr\u00e8s \u00e9lectif de la FIFA en 2027"},"content":{"rendered":"\n<p>Dpress<\/p>\n\n\n\n<p>Le Maroc a \u00e9t\u00e9 d\u00e9sign\u00e9, jeudi, pour accueillir le 77\u00e8me Congr\u00e8s \u00e9lectif de la FIFA, qui se tiendra le 18 mars 2027 \u00e0 Rabat.<\/p>\n\n\n\n<p>Cette annonce a \u00e9t\u00e9 faite par le pr\u00e9sident de la FIFA, Gianni Infantino, lors du 76\u00e8 Congr\u00e8s de l\u2019instance fa\u00eeti\u00e8re du football mondial, tenu \u00e0 Vancouver au Canada.<\/p>\n\n\n\n<p>Lors de ce congr\u00e8s, qui s\u2019est d\u00e9roul\u00e9 en pr\u00e9sence des repr\u00e9sentants des associations nationales membres de la FIFA, dont le pr\u00e9sident de la F\u00e9d\u00e9ration Royale Marocaine de Football (FRMF), Fouzi Lekjaa, M. Infantino a annonc\u00e9 sa candidature pour briguer un quatri\u00e8me mandat \u00e0 la t\u00eate de la FIFA en 2027.<\/p>\n\n\n\n<p>Par ailleurs, M. Infantino a annonc\u00e9 qu\u2019un Congr\u00e8s extraordinaire de la FIFA se tiendra virtuellement le 23 novembre 2026, afin de d\u00e9signer les pays h\u00f4tes des \u00e9ditions 2031 et 2035 de la Coupe du Monde F\u00e9minine.<\/p>\n\n\n\n<p>Lors de ce 76e Congr\u00e8s \u00e0 Vancouver, les associations membres de la FIFA ont approuv\u00e9 le rapport annuel 2025, incluant le budget du cycle 2027-2030 qui pr\u00e9voit des recettes record de 14 milliards de dollars, qui seront r\u00e9investies dans le football.<\/p>\n\n\n\n<p>Il ressort aussi du rapport que les associations membres de la FIFA pourront b\u00e9n\u00e9ficier d\u2019une multiplication par huit des investissements dans le d\u00e9veloppement du football par rapport aux programmes mis en place avant 2016.<\/p>\n","protected":false},"excerpt":{"rendered":"<p>Dpress Le Maroc a \u00e9t\u00e9 d\u00e9sign\u00e9, jeudi, pour accueillir le 77\u00e8me Congr\u00e8s \u00e9lectif de la FIFA, qui se tiendra le 18 mars 2027 \u00e0 Rabat. Cette annonce a \u00e9t\u00e9 faite par le pr\u00e9sident de la FIFA, Gianni Infantino, lors du 76\u00e8 Congr\u00e8s de l\u2019instance fa\u00eeti\u00e8re du football mondial, tenu \u00e0 Vancouver au Canada. Lors de &hellip;<\/p>\n","protected":false},"author":2,"featured_media":29758,"comment_status":"open","ping_status":"open","sticky":false,"template":"","format":"standard","meta":{"footnotes":""},"categories":[27],"tags":[],"class_list":["post-29757","post","type-post","status-publish","format-standard","has-post-thumbnail","hentry","category-sport"],"yoast_head":"<!-- This site is optimized with the Yoast SEO plugin v27.5 - https:\/\/yoast.com\/product\/yoast-seo-wordpress\/ -->\n<title>Le Maroc abritera le 77\u00e8me Congr\u00e8s \u00e9lectif de la FIFA en 2027 - Dpress.ma\/fr<\/title>\n<meta name=\"robots\" content=\"index, follow, max-snippet:-1, max-image-preview:large, max-video-preview:-1\" \/>\n<link rel=\"canonical\" href=\"https:\/\/dpress.ma\/fr\/2026\/05\/01\/le-maroc-abritera-le-77eme-congres-electif-de-la-fifa-en-2027\/\" \/>\n<meta property=\"og:locale\" content=\"fr_FR\" \/>\n<meta property=\"og:type\" content=\"article\" \/>\n<meta property=\"og:title\" content=\"Le Maroc abritera le 77\u00e8me Congr\u00e8s \u00e9lectif de la FIFA en 2027 - Dpress.ma\/fr\" \/>\n<meta property=\"og:description\" content=\"Dpress Le Maroc a \u00e9t\u00e9 d\u00e9sign\u00e9, jeudi, pour accueillir le 77\u00e8me Congr\u00e8s \u00e9lectif de la FIFA, qui se tiendra le 18 mars 2027 \u00e0 Rabat. Cette annonce a \u00e9t\u00e9 faite par le pr\u00e9sident de la FIFA, Gianni Infantino, lors du 76\u00e8 Congr\u00e8s de l\u2019instance fa\u00eeti\u00e8re du football mondial, tenu \u00e0 Vancouver au Canada. Lors de &hellip;\" \/>\n<meta property=\"og:url\" content=\"https:\/\/dpress.ma\/fr\/2026\/05\/01\/le-maroc-abritera-le-77eme-congres-electif-de-la-fifa-en-2027\/\" \/>\n<meta property=\"og:site_name\" content=\"Dpress.ma\/fr\" \/>\n<meta property=\"article:published_time\" content=\"2026-05-01T14:41:40+00:00\" \/>\n<meta property=\"article:modified_time\" content=\"2026-05-01T14:41:42+00:00\" \/>\n<meta property=\"og:image\" content=\"https:\/\/dpress.ma\/fr\/wp-content\/uploads\/sites\/2\/2026\/05\/Dproess3-Copie.jpg\" \/>\n\t<meta property=\"og:image:width\" content=\"2539\" \/>\n\t<meta property=\"og:image:height\" content=\"1594\" \/>\n\t<meta property=\"og:image:type\" content=\"image\/jpeg\" \/>\n<meta name=\"author\" content=\"Dpress.ma\" \/>\n<meta name=\"twitter:card\" content=\"summary_large_image\" \/>\n<meta name=\"twitter:label1\" content=\"\u00c9crit par\" \/>\n\t<meta name=\"twitter:data1\" content=\"Dpress.ma\" \/>\n\t<meta name=\"twitter:label2\" content=\"Dur\u00e9e de lecture estim\u00e9e\" \/>\n\t<meta name=\"twitter:data2\" content=\"2 minutes\" \/>\n<script type=\"application\/ld+json\" class=\"yoast-schema-graph\">{\"@context\":\"https:\\\/\\\/schema.org\",\"@graph\":[{\"@type\":\"Article\",\"@id\":\"https:\\\/\\\/dpress.ma\\\/fr\\\/2026\\\/05\\\/01\\\/le-maroc-abritera-le-77eme-congres-electif-de-la-fifa-en-2027\\\/#article\",\"isPartOf\":{\"@id\":\"https:\\\/\\\/dpress.ma\\\/fr\\\/2026\\\/05\\\/01\\\/le-maroc-abritera-le-77eme-congres-electif-de-la-fifa-en-2027\\\/\"},\"author\":{\"name\":\"Dpress.ma\",\"@id\":\"https:\\\/\\\/dpress.ma\\\/fr\\\/#\\\/schema\\\/person\\\/4898febf3ccd59e6578d838656a306a0\"},\"headline\":\"Le Maroc abritera le 77\u00e8me Congr\u00e8s \u00e9lectif de la FIFA en 2027\",\"datePublished\":\"2026-05-01T14:41:40+00:00\",\"dateModified\":\"2026-05-01T14:41:42+00:00\",\"mainEntityOfPage\":{\"@id\":\"https:\\\/\\\/dpress.ma\\\/fr\\\/2026\\\/05\\\/01\\\/le-maroc-abritera-le-77eme-congres-electif-de-la-fifa-en-2027\\\/\"},\"wordCount\":240,\"commentCount\":0,\"image\":{\"@id\":\"https:\\\/\\\/dpress.ma\\\/fr\\\/2026\\\/05\\\/01\\\/le-maroc-abritera-le-77eme-congres-electif-de-la-fifa-en-2027\\\/#primaryimage\"},\"thumbnailUrl\":\"https:\\\/\\\/dpress.ma\\\/fr\\\/wp-content\\\/uploads\\\/sites\\\/2\\\/2026\\\/05\\\/Dproess3-Copie.jpg\",\"articleSection\":[\"Sport\"],\"inLanguage\":\"fr-FR\",\"potentialAction\":[{\"@type\":\"CommentAction\",\"name\":\"Comment\",\"target\":[\"https:\\\/\\\/dpress.ma\\\/fr\\\/2026\\\/05\\\/01\\\/le-maroc-abritera-le-77eme-congres-electif-de-la-fifa-en-2027\\\/#respond\"]}]},{\"@type\":\"WebPage\",\"@id\":\"https:\\\/\\\/dpress.ma\\\/fr\\\/2026\\\/05\\\/01\\\/le-maroc-abritera-le-77eme-congres-electif-de-la-fifa-en-2027\\\/\",\"url\":\"https:\\\/\\\/dpress.ma\\\/fr\\\/2026\\\/05\\\/01\\\/le-maroc-abritera-le-77eme-congres-electif-de-la-fifa-en-2027\\\/\",\"name\":\"Le Maroc abritera le 77\u00e8me Congr\u00e8s \u00e9lectif de la FIFA en 2027 - Dpress.ma\\\/fr\",\"isPartOf\":{\"@id\":\"https:\\\/\\\/dpress.ma\\\/fr\\\/#website\"},\"primaryImageOfPage\":{\"@id\":\"https:\\\/\\\/dpress.ma\\\/fr\\\/2026\\\/05\\\/01\\\/le-maroc-abritera-le-77eme-congres-electif-de-la-fifa-en-2027\\\/#primaryimage\"},\"image\":{\"@id\":\"https:\\\/\\\/dpress.ma\\\/fr\\\/2026\\\/05\\\/01\\\/le-maroc-abritera-le-77eme-congres-electif-de-la-fifa-en-2027\\\/#primaryimage\"},\"thumbnailUrl\":\"https:\\\/\\\/dpress.ma\\\/fr\\\/wp-content\\\/uploads\\\/sites\\\/2\\\/2026\\\/05\\\/Dproess3-Copie.jpg\",\"datePublished\":\"2026-05-01T14:41:40+00:00\",\"dateModified\":\"2026-05-01T14:41:42+00:00\",\"author\":{\"@id\":\"https:\\\/\\\/dpress.ma\\\/fr\\\/#\\\/schema\\\/person\\\/4898febf3ccd59e6578d838656a306a0\"},\"breadcrumb\":{\"@id\":\"https:\\\/\\\/dpress.ma\\\/fr\\\/2026\\\/05\\\/01\\\/le-maroc-abritera-le-77eme-congres-electif-de-la-fifa-en-2027\\\/#breadcrumb\"},\"inLanguage\":\"fr-FR\",\"potentialAction\":[{\"@type\":\"ReadAction\",\"target\":[\"https:\\\/\\\/dpress.ma\\\/fr\\\/2026\\\/05\\\/01\\\/le-maroc-abritera-le-77eme-congres-electif-de-la-fifa-en-2027\\\/\"]}]},{\"@type\":\"ImageObject\",\"inLanguage\":\"fr-FR\",\"@id\":\"https:\\\/\\\/dpress.ma\\\/fr\\\/2026\\\/05\\\/01\\\/le-maroc-abritera-le-77eme-congres-electif-de-la-fifa-en-2027\\\/#primaryimage\",\"url\":\"https:\\\/\\\/dpress.ma\\\/fr\\\/wp-content\\\/uploads\\\/sites\\\/2\\\/2026\\\/05\\\/Dproess3-Copie.jpg\",\"contentUrl\":\"https:\\\/\\\/dpress.ma\\\/fr\\\/wp-content\\\/uploads\\\/sites\\\/2\\\/2026\\\/05\\\/Dproess3-Copie.jpg\",\"width\":2539,\"height\":1594},{\"@type\":\"BreadcrumbList\",\"@id\":\"https:\\\/\\\/dpress.ma\\\/fr\\\/2026\\\/05\\\/01\\\/le-maroc-abritera-le-77eme-congres-electif-de-la-fifa-en-2027\\\/#breadcrumb\",\"itemListElement\":[{\"@type\":\"ListItem\",\"position\":1,\"name\":\"Home\",\"item\":\"https:\\\/\\\/dpress.ma\\\/fr\\\/\"},{\"@type\":\"ListItem\",\"position\":2,\"name\":\"Le Maroc abritera le 77\u00e8me Congr\u00e8s \u00e9lectif de la FIFA en 2027\"}]},{\"@type\":\"WebSite\",\"@id\":\"https:\\\/\\\/dpress.ma\\\/fr\\\/#website\",\"url\":\"https:\\\/\\\/dpress.ma\\\/fr\\\/\",\"name\":\"Dpress.ma\\\/fr\",\"description\":\"\",\"potentialAction\":[{\"@type\":\"SearchAction\",\"target\":{\"@type\":\"EntryPoint\",\"urlTemplate\":\"https:\\\/\\\/dpress.ma\\\/fr\\\/?s={search_term_string}\"},\"query-input\":{\"@type\":\"PropertyValueSpecification\",\"valueRequired\":true,\"valueName\":\"search_term_string\"}}],\"inLanguage\":\"fr-FR\"},{\"@type\":\"Person\",\"@id\":\"https:\\\/\\\/dpress.ma\\\/fr\\\/#\\\/schema\\\/person\\\/4898febf3ccd59e6578d838656a306a0\",\"name\":\"Dpress.ma\",\"image\":{\"@type\":\"ImageObject\",\"inLanguage\":\"fr-FR\",\"@id\":\"https:\\\/\\\/secure.gravatar.com\\\/avatar\\\/72ecc30e9db047a2e0e7176561eb9d564ed77c8108376495b19bd8336405198a?s=96&d=mm&r=g\",\"url\":\"https:\\\/\\\/secure.gravatar.com\\\/avatar\\\/72ecc30e9db047a2e0e7176561eb9d564ed77c8108376495b19bd8336405198a?s=96&d=mm&r=g\",\"contentUrl\":\"https:\\\/\\\/secure.gravatar.com\\\/avatar\\\/72ecc30e9db047a2e0e7176561eb9d564ed77c8108376495b19bd8336405198a?s=96&d=mm&r=g\",\"caption\":\"Dpress.ma\"},\"sameAs\":[\"https:\\\/\\\/www.dpress.ma\"],\"url\":\"https:\\\/\\\/dpress.ma\\\/fr\\\/author\\\/dpress-ma\\\/\"}]}<\/script>\n<!-- \/ Yoast SEO plugin. -->","yoast_head_json":{"title":"Le Maroc abritera le 77\u00e8me Congr\u00e8s \u00e9lectif de la FIFA en 2027 - Dpress.ma\/fr","robots":{"index":"index","follow":"follow","max-snippet":"max-snippet:-1","max-image-preview":"max-image-preview:large","max-video-preview":"max-video-preview:-1"},"canonical":"https:\/\/dpress.ma\/fr\/2026\/05\/01\/le-maroc-abritera-le-77eme-congres-electif-de-la-fifa-en-2027\/","og_locale":"fr_FR","og_type":"article","og_title":"Le Maroc abritera le 77\u00e8me Congr\u00e8s \u00e9lectif de la FIFA en 2027 - Dpress.ma\/fr","og_description":"Dpress Le Maroc a \u00e9t\u00e9 d\u00e9sign\u00e9, jeudi, pour accueillir le 77\u00e8me Congr\u00e8s \u00e9lectif de la FIFA, qui se tiendra le 18 mars 2027 \u00e0 Rabat. Cette annonce a \u00e9t\u00e9 faite par le pr\u00e9sident de la FIFA, Gianni Infantino, lors du 76\u00e8 Congr\u00e8s de l\u2019instance fa\u00eeti\u00e8re du football mondial, tenu \u00e0 Vancouver au Canada. Lors de &hellip;","og_url":"https:\/\/dpress.ma\/fr\/2026\/05\/01\/le-maroc-abritera-le-77eme-congres-electif-de-la-fifa-en-2027\/","og_site_name":"Dpress.ma\/fr","article_published_time":"2026-05-01T14:41:40+00:00","article_modified_time":"2026-05-01T14:41:42+00:00","og_image":[{"width":2539,"height":1594,"url":"https:\/\/dpress.ma\/fr\/wp-content\/uploads\/sites\/2\/2026\/05\/Dproess3-Copie.jpg","type":"image\/jpeg"}],"author":"Dpress.ma","twitter_card":"summary_large_image","twitter_misc":{"\u00c9crit par":"Dpress.ma","Dur\u00e9e de lecture estim\u00e9e":"2 minutes"},"schema":{"@context":"https:\/\/schema.org","@graph":[{"@type":"Article","@id":"https:\/\/dpress.ma\/fr\/2026\/05\/01\/le-maroc-abritera-le-77eme-congres-electif-de-la-fifa-en-2027\/#article","isPartOf":{"@id":"https:\/\/dpress.ma\/fr\/2026\/05\/01\/le-maroc-abritera-le-77eme-congres-electif-de-la-fifa-en-2027\/"},"author":{"name":"Dpress.ma","@id":"https:\/\/dpress.ma\/fr\/#\/schema\/person\/4898febf3ccd59e6578d838656a306a0"},"headline":"Le Maroc abritera le 77\u00e8me Congr\u00e8s \u00e9lectif de la FIFA en 2027","datePublished":"2026-05-01T14:41:40+00:00","dateModified":"2026-05-01T14:41:42+00:00","mainEntityOfPage":{"@id":"https:\/\/dpress.ma\/fr\/2026\/05\/01\/le-maroc-abritera-le-77eme-congres-electif-de-la-fifa-en-2027\/"},"wordCount":240,"commentCount":0,"image":{"@id":"https:\/\/dpress.ma\/fr\/2026\/05\/01\/le-maroc-abritera-le-77eme-congres-electif-de-la-fifa-en-2027\/#primaryimage"},"thumbnailUrl":"https:\/\/dpress.ma\/fr\/wp-content\/uploads\/sites\/2\/2026\/05\/Dproess3-Copie.jpg","articleSection":["Sport"],"inLanguage":"fr-FR","potentialAction":[{"@type":"CommentAction","name":"Comment","target":["https:\/\/dpress.ma\/fr\/2026\/05\/01\/le-maroc-abritera-le-77eme-congres-electif-de-la-fifa-en-2027\/#respond"]}]},{"@type":"WebPage","@id":"https:\/\/dpress.ma\/fr\/2026\/05\/01\/le-maroc-abritera-le-77eme-congres-electif-de-la-fifa-en-2027\/","url":"https:\/\/dpress.ma\/fr\/2026\/05\/01\/le-maroc-abritera-le-77eme-congres-electif-de-la-fifa-en-2027\/","name":"Le Maroc abritera le 77\u00e8me Congr\u00e8s \u00e9lectif de la FIFA en 2027 - Dpress.ma\/fr","isPartOf":{"@id":"https:\/\/dpress.ma\/fr\/#website"},"primaryImageOfPage":{"@id":"https:\/\/dpress.ma\/fr\/2026\/05\/01\/le-maroc-abritera-le-77eme-congres-electif-de-la-fifa-en-2027\/#primaryimage"},"image":{"@id":"https:\/\/dpress.ma\/fr\/2026\/05\/01\/le-maroc-abritera-le-77eme-congres-electif-de-la-fifa-en-2027\/#primaryimage"},"thumbnailUrl":"https:\/\/dpress.ma\/fr\/wp-content\/uploads\/sites\/2\/2026\/05\/Dproess3-Copie.jpg","datePublished":"2026-05-01T14:41:40+00:00","dateModified":"2026-05-01T14:41:42+00:00","author":{"@id":"https:\/\/dpress.ma\/fr\/#\/schema\/person\/4898febf3ccd59e6578d838656a306a0"},"breadcrumb":{"@id":"https:\/\/dpress.ma\/fr\/2026\/05\/01\/le-maroc-abritera-le-77eme-congres-electif-de-la-fifa-en-2027\/#breadcrumb"},"inLanguage":"fr-FR","potentialAction":[{"@type":"ReadAction","target":["https:\/\/dpress.ma\/fr\/2026\/05\/01\/le-maroc-abritera-le-77eme-congres-electif-de-la-fifa-en-2027\/"]}]},{"@type":"ImageObject","inLanguage":"fr-FR","@id":"https:\/\/dpress.ma\/fr\/2026\/05\/01\/le-maroc-abritera-le-77eme-congres-electif-de-la-fifa-en-2027\/#primaryimage","url":"https:\/\/dpress.ma\/fr\/wp-content\/uploads\/sites\/2\/2026\/05\/Dproess3-Copie.jpg","contentUrl":"https:\/\/dpress.ma\/fr\/wp-content\/uploads\/sites\/2\/2026\/05\/Dproess3-Copie.jpg","width":2539,"height":1594},{"@type":"BreadcrumbList","@id":"https:\/\/dpress.ma\/fr\/2026\/05\/01\/le-maroc-abritera-le-77eme-congres-electif-de-la-fifa-en-2027\/#breadcrumb","itemListElement":[{"@type":"ListItem","position":1,"name":"Home","item":"https:\/\/dpress.ma\/fr\/"},{"@type":"ListItem","position":2,"name":"Le Maroc abritera le 77\u00e8me Congr\u00e8s \u00e9lectif de la FIFA en 2027"}]},{"@type":"WebSite","@id":"https:\/\/dpress.ma\/fr\/#website","url":"https:\/\/dpress.ma\/fr\/","name":"Dpress.ma\/fr","description":"","potentialAction":[{"@type":"SearchAction","target":{"@type":"EntryPoint","urlTemplate":"https:\/\/dpress.ma\/fr\/?s={search_term_string}"},"query-input":{"@type":"PropertyValueSpecification","valueRequired":true,"valueName":"search_term_string"}}],"inLanguage":"fr-FR"},{"@type":"Person","@id":"https:\/\/dpress.ma\/fr\/#\/schema\/person\/4898febf3ccd59e6578d838656a306a0","name":"Dpress.ma","image":{"@type":"ImageObject","inLanguage":"fr-FR","@id":"https:\/\/secure.gravatar.com\/avatar\/72ecc30e9db047a2e0e7176561eb9d564ed77c8108376495b19bd8336405198a?s=96&d=mm&r=g","url":"https:\/\/secure.gravatar.com\/avatar\/72ecc30e9db047a2e0e7176561eb9d564ed77c8108376495b19bd8336405198a?s=96&d=mm&r=g","contentUrl":"https:\/\/secure.gravatar.com\/avatar\/72ecc30e9db047a2e0e7176561eb9d564ed77c8108376495b19bd8336405198a?s=96&d=mm&r=g","caption":"Dpress.ma"},"sameAs":["https:\/\/www.dpress.ma"],"url":"https:\/\/dpress.ma\/fr\/author\/dpress-ma\/"}]}},"amp_enabled":true,"_links":{"self":[{"href":"https:\/\/dpress.ma\/fr\/wp-json\/wp\/v2\/posts\/29757","targetHints":{"allow":["GET"]}}],"collection":[{"href":"https:\/\/dpress.ma\/fr\/wp-json\/wp\/v2\/posts"}],"about":[{"href":"https:\/\/dpress.ma\/fr\/wp-json\/wp\/v2\/types\/post"}],"author":[{"embeddable":true,"href":"https:\/\/dpress.ma\/fr\/wp-json\/wp\/v2\/users\/2"}],"replies":[{"embeddable":true,"href":"https:\/\/dpress.ma\/fr\/wp-json\/wp\/v2\/comments?post=29757"}],"version-history":[{"count":1,"href":"https:\/\/dpress.ma\/fr\/wp-json\/wp\/v2\/posts\/29757\/revisions"}],"predecessor-version":[{"id":29759,"href":"https:\/\/dpress.ma\/fr\/wp-json\/wp\/v2\/posts\/29757\/revisions\/29759"}],"wp:featuredmedia":[{"embeddable":true,"href":"https:\/\/dpress.ma\/fr\/wp-json\/wp\/v2\/media\/29758"}],"wp:attachment":[{"href":"https:\/\/dpress.ma\/fr\/wp-json\/wp\/v2\/media?parent=29757"}],"wp:term":[{"taxonomy":"category","embeddable":true,"href":"https:\/\/dpress.ma\/fr\/wp-json\/wp\/v2\/categories?post=29757"},{"taxonomy":"post_tag","embeddable":true,"href":"https:\/\/dpress.ma\/fr\/wp-json\/wp\/v2\/tags?post=29757"}],"curies":[{"name":"wp","href":"https:\/\/api.w.org\/{rel}","templated":true}]}}