{"id":29754,"date":"2026-05-01T14:37:14","date_gmt":"2026-05-01T14:37:14","guid":{"rendered":"https:\/\/dpress.ma\/fr\/?p=29754"},"modified":"2026-05-01T14:37:15","modified_gmt":"2026-05-01T14:37:15","slug":"clap-de-fin-pour-le-1er-festival-international-universitaire-du-film-de-ouarzazate","status":"publish","type":"post","link":"https:\/\/dpress.ma\/fr\/2026\/05\/01\/clap-de-fin-pour-le-1er-festival-international-universitaire-du-film-de-ouarzazate\/","title":{"rendered":"Clap de fin pour le 1er Festival international universitaire du film de Ouarzazate"},"content":{"rendered":"\n<p>Dpress<\/p>\n\n\n\n<p>La premi\u00e8re \u00e9dition du Festival International Universitaire du Film de Ouarzazate (OIUFF) s\u2019est cl\u00f4tur\u00e9e, jeudi soir par une c\u00e9r\u00e9monie de remise de prix aux laur\u00e9ats.<\/p>\n\n\n\n<p>Cette \u00e9dition qui comprend deux cat\u00e9gories \u00e0 savoir la comp\u00e9tition officielle de courts m\u00e9trages et la comp\u00e9tition de l\u2019Universit\u00e9 de Ouarzazate, a permis de mettre en lumi\u00e8re des talents cin\u00e9matographiques \u00e9mergents, tout en m\u00ealant cin\u00e9ma universitaire et ouverture sur des productions nationales et internationales.<\/p>\n\n\n\n<p>Dans la comp\u00e9tition officielle des courts m\u00e9trages, le Grand Prix a \u00e9t\u00e9 d\u00e9cern\u00e9 \u00e0&nbsp; \u201cCats\u201d du r\u00e9alisateur serbe Danilo Stanimirovic, qui a \u00e9galement remport\u00e9 le prix du meilleur sc\u00e9nario pour ce m\u00eame film.<\/p>\n\n\n\n<p>De m\u00eame, l\u2019actrice Laura Obach a re\u00e7u le prix de la meilleure actrice pour son r\u00f4le dans \u201cLoneliness \u201d du r\u00e9alisateur espagnol H. \u00c1lvarez, tandis que le prix du meilleur acteur est revenu \u00e0 Rolando Boyce pour sa performance dans \u201d Fishkill Avenue 305 \u201d du r\u00e9alisateur am\u00e9ricain Ramel Westry.<\/p>\n\n\n\n<p>Le jury a, par ailleurs, d\u00e9cern\u00e9 une mention sp\u00e9ciale \u00e0 \u201cThe Well\u201d de la r\u00e9alisatrice espagnole Tatiana Becca Osborne, tandis que le Prix du jury a \u00e9t\u00e9 attribu\u00e9 \u00e0 \u201d Henna \u201d du r\u00e9alisateur marocain Azzedine El Ouardi.<\/p>\n\n\n\n<p>S\u2019agissant de la comp\u00e9tition de courts m\u00e9trages de l\u2019Universit\u00e9 de Ouarzazate, le film \u201cZoe \u201d de Khalid Asrarfi a remport\u00e9 le prix du meilleur court m\u00e9trage, tandis que le prix du meilleur documentaire a \u00e9t\u00e9 d\u00e9cern\u00e9 \u00e0 \u201d Tifawt N\u2019toudert \u201d de Abdelkrim Habra.<\/p>\n\n\n\n<p>Le jury a \u00e9galement attribu\u00e9 une mention sp\u00e9ciale pour la meilleure r\u00e9alisation au court m\u00e9trage \u201cThe Box\u201ddu regrett\u00e9 Abdessamad Oubalat, ainsi qu\u2019une mention sp\u00e9ciale pour le meilleur acteur \u00e0 Tayeb Belouch pour son r\u00f4le dans ce m\u00eame film.<\/p>\n\n\n\n<p>Des mentions sp\u00e9ciales ont \u00e9galement \u00e9t\u00e9 attribu\u00e9es \u00e0 la meilleure photographie pour les documentaires \u201cPako\u201d et \u201cTazrbit \u201c, et du meilleur montage pour \u201cWhy Not?\u201d.<\/p>\n\n\n\n<p>Dans une d\u00e9claration \u00e0 la MAP, le pr\u00e9sident du festival, Nabil Safaj, doyen de la Facult\u00e9 polydisciplinaire de Ouarzazate, a indiqu\u00e9 que le bilan de cette premi\u00e8re \u00e9dition est \u201d tr\u00e8s positif \u201c, notant que le festival a offert l\u2019occasion aux \u00e9tudiants de b\u00e9n\u00e9ficier d\u2019ateliers et de masterclasses anim\u00e9s par des universitaires et des professionnels internationaux, portant sur les derni\u00e8res \u00e9volutions inh\u00e9rentes aux technologies modernes et \u00e0 l\u2019intelligence artificielle dans l\u2019industrie cin\u00e9matographique.<\/p>\n\n\n\n<p>Cette premi\u00e8re \u00e9dition du Festival International Universitaire du Film de Ouarzazate (28-30 avril), a mis \u00e0 l\u2019honneur le cin\u00e9ma japonais, en le c\u00e9l\u00e9brant \u00e0 l\u2019occasion du 70\u00b0 anniversaire des relations diplomatiques entre le Maroc et le Japon. \u00c0 cette occasion, une programmation sp\u00e9ciale a \u00e9t\u00e9 concoct\u00e9e avec une s\u00e9lection de films japonais, refl\u00e9tant ainsi la profondeur des liens culturels entre les deux pays.<\/p>\n\n\n\n<p>L\u2019\u00e9v\u00e9nement a \u00e9t\u00e9 organis\u00e9 \u00e0 l\u2019initiative de la Facult\u00e9 Polydisciplinaire de Ouarzazate et la Fondation Ouarzazate Film Cr\u00e9atif en partenariat avec la pr\u00e9fecture de la province de Ouarzazate et Ouarzazate Events, avec le soutien du minist\u00e8re de la Jeunesse, de la Culture et de la Communication, du Conseil provincial, du Conseil communal et du Centre Cin\u00e9matographique Marocain.<\/p>\n","protected":false},"excerpt":{"rendered":"<p>Dpress La premi\u00e8re \u00e9dition du Festival International Universitaire du Film de Ouarzazate (OIUFF) s\u2019est cl\u00f4tur\u00e9e, jeudi soir par une c\u00e9r\u00e9monie de remise de prix aux laur\u00e9ats. Cette \u00e9dition qui comprend deux cat\u00e9gories \u00e0 savoir la comp\u00e9tition officielle de courts m\u00e9trages et la comp\u00e9tition de l\u2019Universit\u00e9 de Ouarzazate, a permis de mettre en lumi\u00e8re des talents &hellip;<\/p>\n","protected":false},"author":2,"featured_media":29755,"comment_status":"open","ping_status":"open","sticky":false,"template":"","format":"standard","meta":{"footnotes":""},"categories":[31],"tags":[],"class_list":["post-29754","post","type-post","status-publish","format-standard","has-post-thumbnail","hentry","category-art-et-culture"],"yoast_head":"<!-- This site is optimized with the Yoast SEO plugin v27.5 - https:\/\/yoast.com\/product\/yoast-seo-wordpress\/ -->\n<title>Clap de fin pour le 1er Festival international universitaire du film de Ouarzazate - Dpress.ma\/fr<\/title>\n<meta name=\"robots\" content=\"index, follow, max-snippet:-1, max-image-preview:large, max-video-preview:-1\" \/>\n<link rel=\"canonical\" href=\"https:\/\/dpress.ma\/fr\/2026\/05\/01\/clap-de-fin-pour-le-1er-festival-international-universitaire-du-film-de-ouarzazate\/\" \/>\n<meta property=\"og:locale\" content=\"fr_FR\" \/>\n<meta property=\"og:type\" content=\"article\" \/>\n<meta property=\"og:title\" content=\"Clap de fin pour le 1er Festival international universitaire du film de Ouarzazate - Dpress.ma\/fr\" \/>\n<meta property=\"og:description\" content=\"Dpress La premi\u00e8re \u00e9dition du Festival International Universitaire du Film de Ouarzazate (OIUFF) s\u2019est cl\u00f4tur\u00e9e, jeudi soir par une c\u00e9r\u00e9monie de remise de prix aux laur\u00e9ats. Cette \u00e9dition qui comprend deux cat\u00e9gories \u00e0 savoir la comp\u00e9tition officielle de courts m\u00e9trages et la comp\u00e9tition de l\u2019Universit\u00e9 de Ouarzazate, a permis de mettre en lumi\u00e8re des talents &hellip;\" \/>\n<meta property=\"og:url\" content=\"https:\/\/dpress.ma\/fr\/2026\/05\/01\/clap-de-fin-pour-le-1er-festival-international-universitaire-du-film-de-ouarzazate\/\" \/>\n<meta property=\"og:site_name\" content=\"Dpress.ma\/fr\" \/>\n<meta property=\"article:published_time\" content=\"2026-05-01T14:37:14+00:00\" \/>\n<meta property=\"article:modified_time\" content=\"2026-05-01T14:37:15+00:00\" \/>\n<meta property=\"og:image\" content=\"https:\/\/dpress.ma\/fr\/wp-content\/uploads\/sites\/2\/2026\/05\/Dpriess3-Copie.jpg\" \/>\n\t<meta property=\"og:image:width\" content=\"2539\" \/>\n\t<meta property=\"og:image:height\" content=\"1594\" \/>\n\t<meta property=\"og:image:type\" content=\"image\/jpeg\" \/>\n<meta name=\"author\" content=\"Dpress.ma\" \/>\n<meta name=\"twitter:card\" content=\"summary_large_image\" \/>\n<meta name=\"twitter:label1\" content=\"\u00c9crit par\" \/>\n\t<meta name=\"twitter:data1\" content=\"Dpress.ma\" \/>\n\t<meta name=\"twitter:label2\" content=\"Dur\u00e9e de lecture estim\u00e9e\" \/>\n\t<meta name=\"twitter:data2\" content=\"3 minutes\" \/>\n<script type=\"application\/ld+json\" class=\"yoast-schema-graph\">{\"@context\":\"https:\\\/\\\/schema.org\",\"@graph\":[{\"@type\":\"Article\",\"@id\":\"https:\\\/\\\/dpress.ma\\\/fr\\\/2026\\\/05\\\/01\\\/clap-de-fin-pour-le-1er-festival-international-universitaire-du-film-de-ouarzazate\\\/#article\",\"isPartOf\":{\"@id\":\"https:\\\/\\\/dpress.ma\\\/fr\\\/2026\\\/05\\\/01\\\/clap-de-fin-pour-le-1er-festival-international-universitaire-du-film-de-ouarzazate\\\/\"},\"author\":{\"name\":\"Dpress.ma\",\"@id\":\"https:\\\/\\\/dpress.ma\\\/fr\\\/#\\\/schema\\\/person\\\/4898febf3ccd59e6578d838656a306a0\"},\"headline\":\"Clap de fin pour le 1er Festival international universitaire du film de Ouarzazate\",\"datePublished\":\"2026-05-01T14:37:14+00:00\",\"dateModified\":\"2026-05-01T14:37:15+00:00\",\"mainEntityOfPage\":{\"@id\":\"https:\\\/\\\/dpress.ma\\\/fr\\\/2026\\\/05\\\/01\\\/clap-de-fin-pour-le-1er-festival-international-universitaire-du-film-de-ouarzazate\\\/\"},\"wordCount\":558,\"commentCount\":0,\"image\":{\"@id\":\"https:\\\/\\\/dpress.ma\\\/fr\\\/2026\\\/05\\\/01\\\/clap-de-fin-pour-le-1er-festival-international-universitaire-du-film-de-ouarzazate\\\/#primaryimage\"},\"thumbnailUrl\":\"https:\\\/\\\/dpress.ma\\\/fr\\\/wp-content\\\/uploads\\\/sites\\\/2\\\/2026\\\/05\\\/Dpriess3-Copie.jpg\",\"articleSection\":[\"Art et Culture\"],\"inLanguage\":\"fr-FR\",\"potentialAction\":[{\"@type\":\"CommentAction\",\"name\":\"Comment\",\"target\":[\"https:\\\/\\\/dpress.ma\\\/fr\\\/2026\\\/05\\\/01\\\/clap-de-fin-pour-le-1er-festival-international-universitaire-du-film-de-ouarzazate\\\/#respond\"]}]},{\"@type\":\"WebPage\",\"@id\":\"https:\\\/\\\/dpress.ma\\\/fr\\\/2026\\\/05\\\/01\\\/clap-de-fin-pour-le-1er-festival-international-universitaire-du-film-de-ouarzazate\\\/\",\"url\":\"https:\\\/\\\/dpress.ma\\\/fr\\\/2026\\\/05\\\/01\\\/clap-de-fin-pour-le-1er-festival-international-universitaire-du-film-de-ouarzazate\\\/\",\"name\":\"Clap de fin pour le 1er Festival international universitaire du film de Ouarzazate - Dpress.ma\\\/fr\",\"isPartOf\":{\"@id\":\"https:\\\/\\\/dpress.ma\\\/fr\\\/#website\"},\"primaryImageOfPage\":{\"@id\":\"https:\\\/\\\/dpress.ma\\\/fr\\\/2026\\\/05\\\/01\\\/clap-de-fin-pour-le-1er-festival-international-universitaire-du-film-de-ouarzazate\\\/#primaryimage\"},\"image\":{\"@id\":\"https:\\\/\\\/dpress.ma\\\/fr\\\/2026\\\/05\\\/01\\\/clap-de-fin-pour-le-1er-festival-international-universitaire-du-film-de-ouarzazate\\\/#primaryimage\"},\"thumbnailUrl\":\"https:\\\/\\\/dpress.ma\\\/fr\\\/wp-content\\\/uploads\\\/sites\\\/2\\\/2026\\\/05\\\/Dpriess3-Copie.jpg\",\"datePublished\":\"2026-05-01T14:37:14+00:00\",\"dateModified\":\"2026-05-01T14:37:15+00:00\",\"author\":{\"@id\":\"https:\\\/\\\/dpress.ma\\\/fr\\\/#\\\/schema\\\/person\\\/4898febf3ccd59e6578d838656a306a0\"},\"breadcrumb\":{\"@id\":\"https:\\\/\\\/dpress.ma\\\/fr\\\/2026\\\/05\\\/01\\\/clap-de-fin-pour-le-1er-festival-international-universitaire-du-film-de-ouarzazate\\\/#breadcrumb\"},\"inLanguage\":\"fr-FR\",\"potentialAction\":[{\"@type\":\"ReadAction\",\"target\":[\"https:\\\/\\\/dpress.ma\\\/fr\\\/2026\\\/05\\\/01\\\/clap-de-fin-pour-le-1er-festival-international-universitaire-du-film-de-ouarzazate\\\/\"]}]},{\"@type\":\"ImageObject\",\"inLanguage\":\"fr-FR\",\"@id\":\"https:\\\/\\\/dpress.ma\\\/fr\\\/2026\\\/05\\\/01\\\/clap-de-fin-pour-le-1er-festival-international-universitaire-du-film-de-ouarzazate\\\/#primaryimage\",\"url\":\"https:\\\/\\\/dpress.ma\\\/fr\\\/wp-content\\\/uploads\\\/sites\\\/2\\\/2026\\\/05\\\/Dpriess3-Copie.jpg\",\"contentUrl\":\"https:\\\/\\\/dpress.ma\\\/fr\\\/wp-content\\\/uploads\\\/sites\\\/2\\\/2026\\\/05\\\/Dpriess3-Copie.jpg\",\"width\":2539,\"height\":1594},{\"@type\":\"BreadcrumbList\",\"@id\":\"https:\\\/\\\/dpress.ma\\\/fr\\\/2026\\\/05\\\/01\\\/clap-de-fin-pour-le-1er-festival-international-universitaire-du-film-de-ouarzazate\\\/#breadcrumb\",\"itemListElement\":[{\"@type\":\"ListItem\",\"position\":1,\"name\":\"Home\",\"item\":\"https:\\\/\\\/dpress.ma\\\/fr\\\/\"},{\"@type\":\"ListItem\",\"position\":2,\"name\":\"Clap de fin pour le 1er Festival international universitaire du film de Ouarzazate\"}]},{\"@type\":\"WebSite\",\"@id\":\"https:\\\/\\\/dpress.ma\\\/fr\\\/#website\",\"url\":\"https:\\\/\\\/dpress.ma\\\/fr\\\/\",\"name\":\"Dpress.ma\\\/fr\",\"description\":\"\",\"potentialAction\":[{\"@type\":\"SearchAction\",\"target\":{\"@type\":\"EntryPoint\",\"urlTemplate\":\"https:\\\/\\\/dpress.ma\\\/fr\\\/?s={search_term_string}\"},\"query-input\":{\"@type\":\"PropertyValueSpecification\",\"valueRequired\":true,\"valueName\":\"search_term_string\"}}],\"inLanguage\":\"fr-FR\"},{\"@type\":\"Person\",\"@id\":\"https:\\\/\\\/dpress.ma\\\/fr\\\/#\\\/schema\\\/person\\\/4898febf3ccd59e6578d838656a306a0\",\"name\":\"Dpress.ma\",\"image\":{\"@type\":\"ImageObject\",\"inLanguage\":\"fr-FR\",\"@id\":\"https:\\\/\\\/secure.gravatar.com\\\/avatar\\\/72ecc30e9db047a2e0e7176561eb9d564ed77c8108376495b19bd8336405198a?s=96&d=mm&r=g\",\"url\":\"https:\\\/\\\/secure.gravatar.com\\\/avatar\\\/72ecc30e9db047a2e0e7176561eb9d564ed77c8108376495b19bd8336405198a?s=96&d=mm&r=g\",\"contentUrl\":\"https:\\\/\\\/secure.gravatar.com\\\/avatar\\\/72ecc30e9db047a2e0e7176561eb9d564ed77c8108376495b19bd8336405198a?s=96&d=mm&r=g\",\"caption\":\"Dpress.ma\"},\"sameAs\":[\"https:\\\/\\\/www.dpress.ma\"],\"url\":\"https:\\\/\\\/dpress.ma\\\/fr\\\/author\\\/dpress-ma\\\/\"}]}<\/script>\n<!-- \/ Yoast SEO plugin. -->","yoast_head_json":{"title":"Clap de fin pour le 1er Festival international universitaire du film de Ouarzazate - Dpress.ma\/fr","robots":{"index":"index","follow":"follow","max-snippet":"max-snippet:-1","max-image-preview":"max-image-preview:large","max-video-preview":"max-video-preview:-1"},"canonical":"https:\/\/dpress.ma\/fr\/2026\/05\/01\/clap-de-fin-pour-le-1er-festival-international-universitaire-du-film-de-ouarzazate\/","og_locale":"fr_FR","og_type":"article","og_title":"Clap de fin pour le 1er Festival international universitaire du film de Ouarzazate - Dpress.ma\/fr","og_description":"Dpress La premi\u00e8re \u00e9dition du Festival International Universitaire du Film de Ouarzazate (OIUFF) s\u2019est cl\u00f4tur\u00e9e, jeudi soir par une c\u00e9r\u00e9monie de remise de prix aux laur\u00e9ats. Cette \u00e9dition qui comprend deux cat\u00e9gories \u00e0 savoir la comp\u00e9tition officielle de courts m\u00e9trages et la comp\u00e9tition de l\u2019Universit\u00e9 de Ouarzazate, a permis de mettre en lumi\u00e8re des talents &hellip;","og_url":"https:\/\/dpress.ma\/fr\/2026\/05\/01\/clap-de-fin-pour-le-1er-festival-international-universitaire-du-film-de-ouarzazate\/","og_site_name":"Dpress.ma\/fr","article_published_time":"2026-05-01T14:37:14+00:00","article_modified_time":"2026-05-01T14:37:15+00:00","og_image":[{"width":2539,"height":1594,"url":"https:\/\/dpress.ma\/fr\/wp-content\/uploads\/sites\/2\/2026\/05\/Dpriess3-Copie.jpg","type":"image\/jpeg"}],"author":"Dpress.ma","twitter_card":"summary_large_image","twitter_misc":{"\u00c9crit par":"Dpress.ma","Dur\u00e9e de lecture estim\u00e9e":"3 minutes"},"schema":{"@context":"https:\/\/schema.org","@graph":[{"@type":"Article","@id":"https:\/\/dpress.ma\/fr\/2026\/05\/01\/clap-de-fin-pour-le-1er-festival-international-universitaire-du-film-de-ouarzazate\/#article","isPartOf":{"@id":"https:\/\/dpress.ma\/fr\/2026\/05\/01\/clap-de-fin-pour-le-1er-festival-international-universitaire-du-film-de-ouarzazate\/"},"author":{"name":"Dpress.ma","@id":"https:\/\/dpress.ma\/fr\/#\/schema\/person\/4898febf3ccd59e6578d838656a306a0"},"headline":"Clap de fin pour le 1er Festival international universitaire du film de Ouarzazate","datePublished":"2026-05-01T14:37:14+00:00","dateModified":"2026-05-01T14:37:15+00:00","mainEntityOfPage":{"@id":"https:\/\/dpress.ma\/fr\/2026\/05\/01\/clap-de-fin-pour-le-1er-festival-international-universitaire-du-film-de-ouarzazate\/"},"wordCount":558,"commentCount":0,"image":{"@id":"https:\/\/dpress.ma\/fr\/2026\/05\/01\/clap-de-fin-pour-le-1er-festival-international-universitaire-du-film-de-ouarzazate\/#primaryimage"},"thumbnailUrl":"https:\/\/dpress.ma\/fr\/wp-content\/uploads\/sites\/2\/2026\/05\/Dpriess3-Copie.jpg","articleSection":["Art et Culture"],"inLanguage":"fr-FR","potentialAction":[{"@type":"CommentAction","name":"Comment","target":["https:\/\/dpress.ma\/fr\/2026\/05\/01\/clap-de-fin-pour-le-1er-festival-international-universitaire-du-film-de-ouarzazate\/#respond"]}]},{"@type":"WebPage","@id":"https:\/\/dpress.ma\/fr\/2026\/05\/01\/clap-de-fin-pour-le-1er-festival-international-universitaire-du-film-de-ouarzazate\/","url":"https:\/\/dpress.ma\/fr\/2026\/05\/01\/clap-de-fin-pour-le-1er-festival-international-universitaire-du-film-de-ouarzazate\/","name":"Clap de fin pour le 1er Festival international universitaire du film de Ouarzazate - Dpress.ma\/fr","isPartOf":{"@id":"https:\/\/dpress.ma\/fr\/#website"},"primaryImageOfPage":{"@id":"https:\/\/dpress.ma\/fr\/2026\/05\/01\/clap-de-fin-pour-le-1er-festival-international-universitaire-du-film-de-ouarzazate\/#primaryimage"},"image":{"@id":"https:\/\/dpress.ma\/fr\/2026\/05\/01\/clap-de-fin-pour-le-1er-festival-international-universitaire-du-film-de-ouarzazate\/#primaryimage"},"thumbnailUrl":"https:\/\/dpress.ma\/fr\/wp-content\/uploads\/sites\/2\/2026\/05\/Dpriess3-Copie.jpg","datePublished":"2026-05-01T14:37:14+00:00","dateModified":"2026-05-01T14:37:15+00:00","author":{"@id":"https:\/\/dpress.ma\/fr\/#\/schema\/person\/4898febf3ccd59e6578d838656a306a0"},"breadcrumb":{"@id":"https:\/\/dpress.ma\/fr\/2026\/05\/01\/clap-de-fin-pour-le-1er-festival-international-universitaire-du-film-de-ouarzazate\/#breadcrumb"},"inLanguage":"fr-FR","potentialAction":[{"@type":"ReadAction","target":["https:\/\/dpress.ma\/fr\/2026\/05\/01\/clap-de-fin-pour-le-1er-festival-international-universitaire-du-film-de-ouarzazate\/"]}]},{"@type":"ImageObject","inLanguage":"fr-FR","@id":"https:\/\/dpress.ma\/fr\/2026\/05\/01\/clap-de-fin-pour-le-1er-festival-international-universitaire-du-film-de-ouarzazate\/#primaryimage","url":"https:\/\/dpress.ma\/fr\/wp-content\/uploads\/sites\/2\/2026\/05\/Dpriess3-Copie.jpg","contentUrl":"https:\/\/dpress.ma\/fr\/wp-content\/uploads\/sites\/2\/2026\/05\/Dpriess3-Copie.jpg","width":2539,"height":1594},{"@type":"BreadcrumbList","@id":"https:\/\/dpress.ma\/fr\/2026\/05\/01\/clap-de-fin-pour-le-1er-festival-international-universitaire-du-film-de-ouarzazate\/#breadcrumb","itemListElement":[{"@type":"ListItem","position":1,"name":"Home","item":"https:\/\/dpress.ma\/fr\/"},{"@type":"ListItem","position":2,"name":"Clap de fin pour le 1er Festival international universitaire du film de Ouarzazate"}]},{"@type":"WebSite","@id":"https:\/\/dpress.ma\/fr\/#website","url":"https:\/\/dpress.ma\/fr\/","name":"Dpress.ma\/fr","description":"","potentialAction":[{"@type":"SearchAction","target":{"@type":"EntryPoint","urlTemplate":"https:\/\/dpress.ma\/fr\/?s={search_term_string}"},"query-input":{"@type":"PropertyValueSpecification","valueRequired":true,"valueName":"search_term_string"}}],"inLanguage":"fr-FR"},{"@type":"Person","@id":"https:\/\/dpress.ma\/fr\/#\/schema\/person\/4898febf3ccd59e6578d838656a306a0","name":"Dpress.ma","image":{"@type":"ImageObject","inLanguage":"fr-FR","@id":"https:\/\/secure.gravatar.com\/avatar\/72ecc30e9db047a2e0e7176561eb9d564ed77c8108376495b19bd8336405198a?s=96&d=mm&r=g","url":"https:\/\/secure.gravatar.com\/avatar\/72ecc30e9db047a2e0e7176561eb9d564ed77c8108376495b19bd8336405198a?s=96&d=mm&r=g","contentUrl":"https:\/\/secure.gravatar.com\/avatar\/72ecc30e9db047a2e0e7176561eb9d564ed77c8108376495b19bd8336405198a?s=96&d=mm&r=g","caption":"Dpress.ma"},"sameAs":["https:\/\/www.dpress.ma"],"url":"https:\/\/dpress.ma\/fr\/author\/dpress-ma\/"}]}},"amp_enabled":true,"_links":{"self":[{"href":"https:\/\/dpress.ma\/fr\/wp-json\/wp\/v2\/posts\/29754","targetHints":{"allow":["GET"]}}],"collection":[{"href":"https:\/\/dpress.ma\/fr\/wp-json\/wp\/v2\/posts"}],"about":[{"href":"https:\/\/dpress.ma\/fr\/wp-json\/wp\/v2\/types\/post"}],"author":[{"embeddable":true,"href":"https:\/\/dpress.ma\/fr\/wp-json\/wp\/v2\/users\/2"}],"replies":[{"embeddable":true,"href":"https:\/\/dpress.ma\/fr\/wp-json\/wp\/v2\/comments?post=29754"}],"version-history":[{"count":1,"href":"https:\/\/dpress.ma\/fr\/wp-json\/wp\/v2\/posts\/29754\/revisions"}],"predecessor-version":[{"id":29756,"href":"https:\/\/dpress.ma\/fr\/wp-json\/wp\/v2\/posts\/29754\/revisions\/29756"}],"wp:featuredmedia":[{"embeddable":true,"href":"https:\/\/dpress.ma\/fr\/wp-json\/wp\/v2\/media\/29755"}],"wp:attachment":[{"href":"https:\/\/dpress.ma\/fr\/wp-json\/wp\/v2\/media?parent=29754"}],"wp:term":[{"taxonomy":"category","embeddable":true,"href":"https:\/\/dpress.ma\/fr\/wp-json\/wp\/v2\/categories?post=29754"},{"taxonomy":"post_tag","embeddable":true,"href":"https:\/\/dpress.ma\/fr\/wp-json\/wp\/v2\/tags?post=29754"}],"curies":[{"name":"wp","href":"https:\/\/api.w.org\/{rel}","templated":true}]}}