{"id":29751,"date":"2026-05-01T14:34:11","date_gmt":"2026-05-01T14:34:11","guid":{"rendered":"https:\/\/dpress.ma\/fr\/?p=29751"},"modified":"2026-05-01T14:34:12","modified_gmt":"2026-05-01T14:34:12","slug":"casablanca-abrite-la-1ere-edition-de-la-rencontre-horizons-croises-celebrant-les-litteratures-et-les-arts-entre-le-maroc-et-les-pays-bas","status":"publish","type":"post","link":"https:\/\/dpress.ma\/fr\/2026\/05\/01\/casablanca-abrite-la-1ere-edition-de-la-rencontre-horizons-croises-celebrant-les-litteratures-et-les-arts-entre-le-maroc-et-les-pays-bas\/","title":{"rendered":"Casablanca abrite la 1\u00e8re \u00e9dition de la rencontre \u201cHorizons crois\u00e9s\u201d, c\u00e9l\u00e9brant les litt\u00e9ratures et les arts entre le Maroc et les Pays-Bas"},"content":{"rendered":"\n<p>Dpress<\/p>\n\n\n\n<p>Le Book Club Le Matin a organis\u00e9, jeudi \u00e0 Casablanca, la 1\u00e8re \u00e9dition de la rencontre culturelle \u201cHorizons crois\u00e9s\u201d, un \u00e9v\u00e9nement plac\u00e9 sous le signe du dialogue et de la cr\u00e9ation artistique.<\/p>\n\n\n\n<p>Tenue en partenariat avec le festival international de litt\u00e9rature Read My World (Amsterdam), avec le soutien de l\u2019Ambassade des Pays-Bas au Maroc ainsi que du Conseil de la communaut\u00e9 marocaine \u00e0 l\u2019\u00e9tranger (CCME), cette manifestation a propos\u00e9 une immersion dans les imaginaires crois\u00e9s entre le Maroc et les Pays-Bas, dans un format r\u00e9solument ouvert, festif et transdisciplinaire, r\u00e9unissant \u00e9crivains, chercheurs, artistes et public autour d\u2019un m\u00eame espace de r\u00e9flexion et de partage.<\/p>\n\n\n\n<p>Dans une d\u00e9claration \u00e0 la MAP, le pr\u00e9sident directeur g\u00e9n\u00e9ral du Groupe Le Matin, Mohammed Haitami, a soulign\u00e9 que cet \u00e9v\u00e9nement s\u2019inscrit dans la volont\u00e9 du groupe de renforcer son engagement en faveur de la promotion culturelle, en cr\u00e9ant des espaces de dialogue ouverts entre les cultures et les disciplines artistiques.<\/p>\n\n\n\n<p>Il a pr\u00e9cis\u00e9 que \u201cHorizons crois\u00e9s\u201d est un concept qui relie le livre aux autres formes d\u2019expression artistique, notamment la musique et le th\u00e9\u00e2tre, dans l\u2019objectif de donner envie de lire et de rapprocher davantage le public du livre.<\/p>\n\n\n\n<p>Il a \u00e9galement indiqu\u00e9 que cette initiative ambitionne d\u2019accueillir des auteurs issus des diff\u00e9rentes sc\u00e8nes litt\u00e9raires internationales, contribuant ainsi au rayonnement culturel du Maroc et au renforcement des \u00e9changes avec les cr\u00e9ateurs du monde entier.<\/p>\n\n\n\n<p>De son c\u00f4t\u00e9, le fondateur du Book Club Le Matin, Ali Alaoui Sossey, a indiqu\u00e9 que cette initiative vise \u00e0 rapprocher les publics des \u0153uvres et des cr\u00e9ateurs, en proposant des formats innovants qui d\u00e9cloisonnent la litt\u00e9rature et la mettent en interaction avec d\u2019autres formes d\u2019expression artistique.<\/p>\n\n\n\n<p>Il a ajout\u00e9 que cette rencontre traduit une vision fond\u00e9e sur l\u2019accessibilit\u00e9 de la culture et la cr\u00e9ation de passerelles entre les imaginaires, notamment entre le Maroc et ses diasporas.<\/p>\n\n\n\n<p>La pr\u00e9sidente du festival Read My World, Willemijn Lamp, a soulign\u00e9, pour sa part, que cette premi\u00e8re \u00e9dition constitue l\u2019aboutissement d\u2019un parcours initi\u00e9 \u00e0 Amsterdam en 2019, ayant permis de tisser des liens durables entre cr\u00e9ateurs marocains et n\u00e9erlandais.<\/p>\n\n\n\n<p>Elle a relev\u00e9 que la litt\u00e9rature permet de mieux comprendre les autres de mani\u00e8re plus complexe et sinc\u00e8re, notant que cette rencontre met en lumi\u00e8re la richesse des identit\u00e9s multiples et des r\u00e9cits interconnect\u00e9s, tout en ouvrant de nouvelles perspectives \u00e0 travers l\u2019imagination.<\/p>\n\n\n\n<p>Cette \u00e9dition de \u201cHorizons crois\u00e9s\u201d a \u00e9t\u00e9 marqu\u00e9e par deux grandes conversations litt\u00e9raires autour des liens entre m\u00e9moire, migration et cr\u00e9ation.&nbsp;La premi\u00e8re a mis en dialogue l\u2019historienne des migrations aux Pays-Bas Nadia Bourass et l\u2019historienne Leila Meziane, autour des circulations atlantiques, des mobilit\u00e9s humaines entre l\u2019Europe et le Maghreb, ainsi que des m\u00e9moires migratoires et des archives invisibles.<\/p>\n\n\n\n<p>La seconde a r\u00e9uni la romanci\u00e8re et po\u00e9tesse n\u00e9erlandaise d\u2019origine marocaine Nisrine Mbarki Ben Ayad et l\u2019\u00e9crivain Abdelkrim Jouiti, autour de l\u2019\u00e9criture de l\u2019intime et du politique, du r\u00f4le de la litt\u00e9rature dans la construction des r\u00e9cits nationaux, ainsi que des enjeux postcoloniaux et linguistiques.<\/p>\n\n\n\n<p>Pens\u00e9 comme un espace de convergence artistique, l\u2019\u00e9v\u00e9nement a \u00e9galement propos\u00e9 une programmation m\u00ealant litt\u00e9rature, performance et musique.&nbsp;La com\u00e9dienne Myriam Sahraoui a pr\u00e9sent\u00e9 une performance explorant les identit\u00e9s plurielles, les h\u00e9ritages culturels et les tensions li\u00e9es \u00e0 la double appartenance.<\/p>\n\n\n\n<p>Le duo A\u00efta Mon Amour (Widad Mjama et Khalil Hentati) a offert un concert revisitant le patrimoine musical marocain \u00e0 travers des sonorit\u00e9s contemporaines, dans une approche fusionnelle entre tradition et modernit\u00e9.<\/p>\n","protected":false},"excerpt":{"rendered":"<p>Dpress Le Book Club Le Matin a organis\u00e9, jeudi \u00e0 Casablanca, la 1\u00e8re \u00e9dition de la rencontre culturelle \u201cHorizons crois\u00e9s\u201d, un \u00e9v\u00e9nement plac\u00e9 sous le signe du dialogue et de la cr\u00e9ation artistique. Tenue en partenariat avec le festival international de litt\u00e9rature Read My World (Amsterdam), avec le soutien de l\u2019Ambassade des Pays-Bas au Maroc &hellip;<\/p>\n","protected":false},"author":2,"featured_media":29752,"comment_status":"open","ping_status":"open","sticky":false,"template":"","format":"standard","meta":{"footnotes":""},"categories":[31],"tags":[],"class_list":["post-29751","post","type-post","status-publish","format-standard","has-post-thumbnail","hentry","category-art-et-culture"],"yoast_head":"<!-- This site is optimized with the Yoast SEO plugin v27.5 - https:\/\/yoast.com\/product\/yoast-seo-wordpress\/ -->\n<title>Casablanca abrite la 1\u00e8re \u00e9dition de la rencontre \u201cHorizons crois\u00e9s\u201d, c\u00e9l\u00e9brant les litt\u00e9ratures et les arts entre le Maroc et les Pays-Bas - Dpress.ma\/fr<\/title>\n<meta name=\"robots\" content=\"index, follow, max-snippet:-1, max-image-preview:large, max-video-preview:-1\" \/>\n<link rel=\"canonical\" href=\"https:\/\/dpress.ma\/fr\/2026\/05\/01\/casablanca-abrite-la-1ere-edition-de-la-rencontre-horizons-croises-celebrant-les-litteratures-et-les-arts-entre-le-maroc-et-les-pays-bas\/\" \/>\n<meta property=\"og:locale\" content=\"fr_FR\" \/>\n<meta property=\"og:type\" content=\"article\" \/>\n<meta property=\"og:title\" content=\"Casablanca abrite la 1\u00e8re \u00e9dition de la rencontre \u201cHorizons crois\u00e9s\u201d, c\u00e9l\u00e9brant les litt\u00e9ratures et les arts entre le Maroc et les Pays-Bas - Dpress.ma\/fr\" \/>\n<meta property=\"og:description\" content=\"Dpress Le Book Club Le Matin a organis\u00e9, jeudi \u00e0 Casablanca, la 1\u00e8re \u00e9dition de la rencontre culturelle \u201cHorizons crois\u00e9s\u201d, un \u00e9v\u00e9nement plac\u00e9 sous le signe du dialogue et de la cr\u00e9ation artistique. Tenue en partenariat avec le festival international de litt\u00e9rature Read My World (Amsterdam), avec le soutien de l\u2019Ambassade des Pays-Bas au Maroc &hellip;\" \/>\n<meta property=\"og:url\" content=\"https:\/\/dpress.ma\/fr\/2026\/05\/01\/casablanca-abrite-la-1ere-edition-de-la-rencontre-horizons-croises-celebrant-les-litteratures-et-les-arts-entre-le-maroc-et-les-pays-bas\/\" \/>\n<meta property=\"og:site_name\" content=\"Dpress.ma\/fr\" \/>\n<meta property=\"article:published_time\" content=\"2026-05-01T14:34:11+00:00\" \/>\n<meta property=\"article:modified_time\" content=\"2026-05-01T14:34:12+00:00\" \/>\n<meta property=\"og:image\" content=\"https:\/\/dpress.ma\/fr\/wp-content\/uploads\/sites\/2\/2026\/05\/t-Copie.jpg\" \/>\n\t<meta property=\"og:image:width\" content=\"2539\" \/>\n\t<meta property=\"og:image:height\" content=\"1594\" \/>\n\t<meta property=\"og:image:type\" content=\"image\/jpeg\" \/>\n<meta name=\"author\" content=\"Dpress.ma\" \/>\n<meta name=\"twitter:card\" content=\"summary_large_image\" \/>\n<meta name=\"twitter:label1\" content=\"\u00c9crit par\" \/>\n\t<meta name=\"twitter:data1\" content=\"Dpress.ma\" \/>\n\t<meta name=\"twitter:label2\" content=\"Dur\u00e9e de lecture estim\u00e9e\" \/>\n\t<meta name=\"twitter:data2\" content=\"4 minutes\" \/>\n<script type=\"application\/ld+json\" class=\"yoast-schema-graph\">{\"@context\":\"https:\\\/\\\/schema.org\",\"@graph\":[{\"@type\":\"Article\",\"@id\":\"https:\\\/\\\/dpress.ma\\\/fr\\\/2026\\\/05\\\/01\\\/casablanca-abrite-la-1ere-edition-de-la-rencontre-horizons-croises-celebrant-les-litteratures-et-les-arts-entre-le-maroc-et-les-pays-bas\\\/#article\",\"isPartOf\":{\"@id\":\"https:\\\/\\\/dpress.ma\\\/fr\\\/2026\\\/05\\\/01\\\/casablanca-abrite-la-1ere-edition-de-la-rencontre-horizons-croises-celebrant-les-litteratures-et-les-arts-entre-le-maroc-et-les-pays-bas\\\/\"},\"author\":{\"name\":\"Dpress.ma\",\"@id\":\"https:\\\/\\\/dpress.ma\\\/fr\\\/#\\\/schema\\\/person\\\/4898febf3ccd59e6578d838656a306a0\"},\"headline\":\"Casablanca abrite la 1\u00e8re \u00e9dition de la rencontre \u201cHorizons crois\u00e9s\u201d, c\u00e9l\u00e9brant les litt\u00e9ratures et les arts entre le Maroc et les Pays-Bas\",\"datePublished\":\"2026-05-01T14:34:11+00:00\",\"dateModified\":\"2026-05-01T14:34:12+00:00\",\"mainEntityOfPage\":{\"@id\":\"https:\\\/\\\/dpress.ma\\\/fr\\\/2026\\\/05\\\/01\\\/casablanca-abrite-la-1ere-edition-de-la-rencontre-horizons-croises-celebrant-les-litteratures-et-les-arts-entre-le-maroc-et-les-pays-bas\\\/\"},\"wordCount\":670,\"commentCount\":0,\"image\":{\"@id\":\"https:\\\/\\\/dpress.ma\\\/fr\\\/2026\\\/05\\\/01\\\/casablanca-abrite-la-1ere-edition-de-la-rencontre-horizons-croises-celebrant-les-litteratures-et-les-arts-entre-le-maroc-et-les-pays-bas\\\/#primaryimage\"},\"thumbnailUrl\":\"https:\\\/\\\/dpress.ma\\\/fr\\\/wp-content\\\/uploads\\\/sites\\\/2\\\/2026\\\/05\\\/t-Copie.jpg\",\"articleSection\":[\"Art et Culture\"],\"inLanguage\":\"fr-FR\",\"potentialAction\":[{\"@type\":\"CommentAction\",\"name\":\"Comment\",\"target\":[\"https:\\\/\\\/dpress.ma\\\/fr\\\/2026\\\/05\\\/01\\\/casablanca-abrite-la-1ere-edition-de-la-rencontre-horizons-croises-celebrant-les-litteratures-et-les-arts-entre-le-maroc-et-les-pays-bas\\\/#respond\"]}]},{\"@type\":\"WebPage\",\"@id\":\"https:\\\/\\\/dpress.ma\\\/fr\\\/2026\\\/05\\\/01\\\/casablanca-abrite-la-1ere-edition-de-la-rencontre-horizons-croises-celebrant-les-litteratures-et-les-arts-entre-le-maroc-et-les-pays-bas\\\/\",\"url\":\"https:\\\/\\\/dpress.ma\\\/fr\\\/2026\\\/05\\\/01\\\/casablanca-abrite-la-1ere-edition-de-la-rencontre-horizons-croises-celebrant-les-litteratures-et-les-arts-entre-le-maroc-et-les-pays-bas\\\/\",\"name\":\"Casablanca abrite la 1\u00e8re \u00e9dition de la rencontre \u201cHorizons crois\u00e9s\u201d, c\u00e9l\u00e9brant les litt\u00e9ratures et les arts entre le Maroc et les Pays-Bas - Dpress.ma\\\/fr\",\"isPartOf\":{\"@id\":\"https:\\\/\\\/dpress.ma\\\/fr\\\/#website\"},\"primaryImageOfPage\":{\"@id\":\"https:\\\/\\\/dpress.ma\\\/fr\\\/2026\\\/05\\\/01\\\/casablanca-abrite-la-1ere-edition-de-la-rencontre-horizons-croises-celebrant-les-litteratures-et-les-arts-entre-le-maroc-et-les-pays-bas\\\/#primaryimage\"},\"image\":{\"@id\":\"https:\\\/\\\/dpress.ma\\\/fr\\\/2026\\\/05\\\/01\\\/casablanca-abrite-la-1ere-edition-de-la-rencontre-horizons-croises-celebrant-les-litteratures-et-les-arts-entre-le-maroc-et-les-pays-bas\\\/#primaryimage\"},\"thumbnailUrl\":\"https:\\\/\\\/dpress.ma\\\/fr\\\/wp-content\\\/uploads\\\/sites\\\/2\\\/2026\\\/05\\\/t-Copie.jpg\",\"datePublished\":\"2026-05-01T14:34:11+00:00\",\"dateModified\":\"2026-05-01T14:34:12+00:00\",\"author\":{\"@id\":\"https:\\\/\\\/dpress.ma\\\/fr\\\/#\\\/schema\\\/person\\\/4898febf3ccd59e6578d838656a306a0\"},\"breadcrumb\":{\"@id\":\"https:\\\/\\\/dpress.ma\\\/fr\\\/2026\\\/05\\\/01\\\/casablanca-abrite-la-1ere-edition-de-la-rencontre-horizons-croises-celebrant-les-litteratures-et-les-arts-entre-le-maroc-et-les-pays-bas\\\/#breadcrumb\"},\"inLanguage\":\"fr-FR\",\"potentialAction\":[{\"@type\":\"ReadAction\",\"target\":[\"https:\\\/\\\/dpress.ma\\\/fr\\\/2026\\\/05\\\/01\\\/casablanca-abrite-la-1ere-edition-de-la-rencontre-horizons-croises-celebrant-les-litteratures-et-les-arts-entre-le-maroc-et-les-pays-bas\\\/\"]}]},{\"@type\":\"ImageObject\",\"inLanguage\":\"fr-FR\",\"@id\":\"https:\\\/\\\/dpress.ma\\\/fr\\\/2026\\\/05\\\/01\\\/casablanca-abrite-la-1ere-edition-de-la-rencontre-horizons-croises-celebrant-les-litteratures-et-les-arts-entre-le-maroc-et-les-pays-bas\\\/#primaryimage\",\"url\":\"https:\\\/\\\/dpress.ma\\\/fr\\\/wp-content\\\/uploads\\\/sites\\\/2\\\/2026\\\/05\\\/t-Copie.jpg\",\"contentUrl\":\"https:\\\/\\\/dpress.ma\\\/fr\\\/wp-content\\\/uploads\\\/sites\\\/2\\\/2026\\\/05\\\/t-Copie.jpg\",\"width\":2539,\"height\":1594},{\"@type\":\"BreadcrumbList\",\"@id\":\"https:\\\/\\\/dpress.ma\\\/fr\\\/2026\\\/05\\\/01\\\/casablanca-abrite-la-1ere-edition-de-la-rencontre-horizons-croises-celebrant-les-litteratures-et-les-arts-entre-le-maroc-et-les-pays-bas\\\/#breadcrumb\",\"itemListElement\":[{\"@type\":\"ListItem\",\"position\":1,\"name\":\"Home\",\"item\":\"https:\\\/\\\/dpress.ma\\\/fr\\\/\"},{\"@type\":\"ListItem\",\"position\":2,\"name\":\"Casablanca abrite la 1\u00e8re \u00e9dition de la rencontre \u201cHorizons crois\u00e9s\u201d, c\u00e9l\u00e9brant les litt\u00e9ratures et les arts entre le Maroc et les Pays-Bas\"}]},{\"@type\":\"WebSite\",\"@id\":\"https:\\\/\\\/dpress.ma\\\/fr\\\/#website\",\"url\":\"https:\\\/\\\/dpress.ma\\\/fr\\\/\",\"name\":\"Dpress.ma\\\/fr\",\"description\":\"\",\"potentialAction\":[{\"@type\":\"SearchAction\",\"target\":{\"@type\":\"EntryPoint\",\"urlTemplate\":\"https:\\\/\\\/dpress.ma\\\/fr\\\/?s={search_term_string}\"},\"query-input\":{\"@type\":\"PropertyValueSpecification\",\"valueRequired\":true,\"valueName\":\"search_term_string\"}}],\"inLanguage\":\"fr-FR\"},{\"@type\":\"Person\",\"@id\":\"https:\\\/\\\/dpress.ma\\\/fr\\\/#\\\/schema\\\/person\\\/4898febf3ccd59e6578d838656a306a0\",\"name\":\"Dpress.ma\",\"image\":{\"@type\":\"ImageObject\",\"inLanguage\":\"fr-FR\",\"@id\":\"https:\\\/\\\/secure.gravatar.com\\\/avatar\\\/72ecc30e9db047a2e0e7176561eb9d564ed77c8108376495b19bd8336405198a?s=96&d=mm&r=g\",\"url\":\"https:\\\/\\\/secure.gravatar.com\\\/avatar\\\/72ecc30e9db047a2e0e7176561eb9d564ed77c8108376495b19bd8336405198a?s=96&d=mm&r=g\",\"contentUrl\":\"https:\\\/\\\/secure.gravatar.com\\\/avatar\\\/72ecc30e9db047a2e0e7176561eb9d564ed77c8108376495b19bd8336405198a?s=96&d=mm&r=g\",\"caption\":\"Dpress.ma\"},\"sameAs\":[\"https:\\\/\\\/www.dpress.ma\"],\"url\":\"https:\\\/\\\/dpress.ma\\\/fr\\\/author\\\/dpress-ma\\\/\"}]}<\/script>\n<!-- \/ Yoast SEO plugin. -->","yoast_head_json":{"title":"Casablanca abrite la 1\u00e8re \u00e9dition de la rencontre \u201cHorizons crois\u00e9s\u201d, c\u00e9l\u00e9brant les litt\u00e9ratures et les arts entre le Maroc et les Pays-Bas - Dpress.ma\/fr","robots":{"index":"index","follow":"follow","max-snippet":"max-snippet:-1","max-image-preview":"max-image-preview:large","max-video-preview":"max-video-preview:-1"},"canonical":"https:\/\/dpress.ma\/fr\/2026\/05\/01\/casablanca-abrite-la-1ere-edition-de-la-rencontre-horizons-croises-celebrant-les-litteratures-et-les-arts-entre-le-maroc-et-les-pays-bas\/","og_locale":"fr_FR","og_type":"article","og_title":"Casablanca abrite la 1\u00e8re \u00e9dition de la rencontre \u201cHorizons crois\u00e9s\u201d, c\u00e9l\u00e9brant les litt\u00e9ratures et les arts entre le Maroc et les Pays-Bas - Dpress.ma\/fr","og_description":"Dpress Le Book Club Le Matin a organis\u00e9, jeudi \u00e0 Casablanca, la 1\u00e8re \u00e9dition de la rencontre culturelle \u201cHorizons crois\u00e9s\u201d, un \u00e9v\u00e9nement plac\u00e9 sous le signe du dialogue et de la cr\u00e9ation artistique. Tenue en partenariat avec le festival international de litt\u00e9rature Read My World (Amsterdam), avec le soutien de l\u2019Ambassade des Pays-Bas au Maroc &hellip;","og_url":"https:\/\/dpress.ma\/fr\/2026\/05\/01\/casablanca-abrite-la-1ere-edition-de-la-rencontre-horizons-croises-celebrant-les-litteratures-et-les-arts-entre-le-maroc-et-les-pays-bas\/","og_site_name":"Dpress.ma\/fr","article_published_time":"2026-05-01T14:34:11+00:00","article_modified_time":"2026-05-01T14:34:12+00:00","og_image":[{"width":2539,"height":1594,"url":"https:\/\/dpress.ma\/fr\/wp-content\/uploads\/sites\/2\/2026\/05\/t-Copie.jpg","type":"image\/jpeg"}],"author":"Dpress.ma","twitter_card":"summary_large_image","twitter_misc":{"\u00c9crit par":"Dpress.ma","Dur\u00e9e de lecture estim\u00e9e":"4 minutes"},"schema":{"@context":"https:\/\/schema.org","@graph":[{"@type":"Article","@id":"https:\/\/dpress.ma\/fr\/2026\/05\/01\/casablanca-abrite-la-1ere-edition-de-la-rencontre-horizons-croises-celebrant-les-litteratures-et-les-arts-entre-le-maroc-et-les-pays-bas\/#article","isPartOf":{"@id":"https:\/\/dpress.ma\/fr\/2026\/05\/01\/casablanca-abrite-la-1ere-edition-de-la-rencontre-horizons-croises-celebrant-les-litteratures-et-les-arts-entre-le-maroc-et-les-pays-bas\/"},"author":{"name":"Dpress.ma","@id":"https:\/\/dpress.ma\/fr\/#\/schema\/person\/4898febf3ccd59e6578d838656a306a0"},"headline":"Casablanca abrite la 1\u00e8re \u00e9dition de la rencontre \u201cHorizons crois\u00e9s\u201d, c\u00e9l\u00e9brant les litt\u00e9ratures et les arts entre le Maroc et les Pays-Bas","datePublished":"2026-05-01T14:34:11+00:00","dateModified":"2026-05-01T14:34:12+00:00","mainEntityOfPage":{"@id":"https:\/\/dpress.ma\/fr\/2026\/05\/01\/casablanca-abrite-la-1ere-edition-de-la-rencontre-horizons-croises-celebrant-les-litteratures-et-les-arts-entre-le-maroc-et-les-pays-bas\/"},"wordCount":670,"commentCount":0,"image":{"@id":"https:\/\/dpress.ma\/fr\/2026\/05\/01\/casablanca-abrite-la-1ere-edition-de-la-rencontre-horizons-croises-celebrant-les-litteratures-et-les-arts-entre-le-maroc-et-les-pays-bas\/#primaryimage"},"thumbnailUrl":"https:\/\/dpress.ma\/fr\/wp-content\/uploads\/sites\/2\/2026\/05\/t-Copie.jpg","articleSection":["Art et Culture"],"inLanguage":"fr-FR","potentialAction":[{"@type":"CommentAction","name":"Comment","target":["https:\/\/dpress.ma\/fr\/2026\/05\/01\/casablanca-abrite-la-1ere-edition-de-la-rencontre-horizons-croises-celebrant-les-litteratures-et-les-arts-entre-le-maroc-et-les-pays-bas\/#respond"]}]},{"@type":"WebPage","@id":"https:\/\/dpress.ma\/fr\/2026\/05\/01\/casablanca-abrite-la-1ere-edition-de-la-rencontre-horizons-croises-celebrant-les-litteratures-et-les-arts-entre-le-maroc-et-les-pays-bas\/","url":"https:\/\/dpress.ma\/fr\/2026\/05\/01\/casablanca-abrite-la-1ere-edition-de-la-rencontre-horizons-croises-celebrant-les-litteratures-et-les-arts-entre-le-maroc-et-les-pays-bas\/","name":"Casablanca abrite la 1\u00e8re \u00e9dition de la rencontre \u201cHorizons crois\u00e9s\u201d, c\u00e9l\u00e9brant les litt\u00e9ratures et les arts entre le Maroc et les Pays-Bas - Dpress.ma\/fr","isPartOf":{"@id":"https:\/\/dpress.ma\/fr\/#website"},"primaryImageOfPage":{"@id":"https:\/\/dpress.ma\/fr\/2026\/05\/01\/casablanca-abrite-la-1ere-edition-de-la-rencontre-horizons-croises-celebrant-les-litteratures-et-les-arts-entre-le-maroc-et-les-pays-bas\/#primaryimage"},"image":{"@id":"https:\/\/dpress.ma\/fr\/2026\/05\/01\/casablanca-abrite-la-1ere-edition-de-la-rencontre-horizons-croises-celebrant-les-litteratures-et-les-arts-entre-le-maroc-et-les-pays-bas\/#primaryimage"},"thumbnailUrl":"https:\/\/dpress.ma\/fr\/wp-content\/uploads\/sites\/2\/2026\/05\/t-Copie.jpg","datePublished":"2026-05-01T14:34:11+00:00","dateModified":"2026-05-01T14:34:12+00:00","author":{"@id":"https:\/\/dpress.ma\/fr\/#\/schema\/person\/4898febf3ccd59e6578d838656a306a0"},"breadcrumb":{"@id":"https:\/\/dpress.ma\/fr\/2026\/05\/01\/casablanca-abrite-la-1ere-edition-de-la-rencontre-horizons-croises-celebrant-les-litteratures-et-les-arts-entre-le-maroc-et-les-pays-bas\/#breadcrumb"},"inLanguage":"fr-FR","potentialAction":[{"@type":"ReadAction","target":["https:\/\/dpress.ma\/fr\/2026\/05\/01\/casablanca-abrite-la-1ere-edition-de-la-rencontre-horizons-croises-celebrant-les-litteratures-et-les-arts-entre-le-maroc-et-les-pays-bas\/"]}]},{"@type":"ImageObject","inLanguage":"fr-FR","@id":"https:\/\/dpress.ma\/fr\/2026\/05\/01\/casablanca-abrite-la-1ere-edition-de-la-rencontre-horizons-croises-celebrant-les-litteratures-et-les-arts-entre-le-maroc-et-les-pays-bas\/#primaryimage","url":"https:\/\/dpress.ma\/fr\/wp-content\/uploads\/sites\/2\/2026\/05\/t-Copie.jpg","contentUrl":"https:\/\/dpress.ma\/fr\/wp-content\/uploads\/sites\/2\/2026\/05\/t-Copie.jpg","width":2539,"height":1594},{"@type":"BreadcrumbList","@id":"https:\/\/dpress.ma\/fr\/2026\/05\/01\/casablanca-abrite-la-1ere-edition-de-la-rencontre-horizons-croises-celebrant-les-litteratures-et-les-arts-entre-le-maroc-et-les-pays-bas\/#breadcrumb","itemListElement":[{"@type":"ListItem","position":1,"name":"Home","item":"https:\/\/dpress.ma\/fr\/"},{"@type":"ListItem","position":2,"name":"Casablanca abrite la 1\u00e8re \u00e9dition de la rencontre \u201cHorizons crois\u00e9s\u201d, c\u00e9l\u00e9brant les litt\u00e9ratures et les arts entre le Maroc et les Pays-Bas"}]},{"@type":"WebSite","@id":"https:\/\/dpress.ma\/fr\/#website","url":"https:\/\/dpress.ma\/fr\/","name":"Dpress.ma\/fr","description":"","potentialAction":[{"@type":"SearchAction","target":{"@type":"EntryPoint","urlTemplate":"https:\/\/dpress.ma\/fr\/?s={search_term_string}"},"query-input":{"@type":"PropertyValueSpecification","valueRequired":true,"valueName":"search_term_string"}}],"inLanguage":"fr-FR"},{"@type":"Person","@id":"https:\/\/dpress.ma\/fr\/#\/schema\/person\/4898febf3ccd59e6578d838656a306a0","name":"Dpress.ma","image":{"@type":"ImageObject","inLanguage":"fr-FR","@id":"https:\/\/secure.gravatar.com\/avatar\/72ecc30e9db047a2e0e7176561eb9d564ed77c8108376495b19bd8336405198a?s=96&d=mm&r=g","url":"https:\/\/secure.gravatar.com\/avatar\/72ecc30e9db047a2e0e7176561eb9d564ed77c8108376495b19bd8336405198a?s=96&d=mm&r=g","contentUrl":"https:\/\/secure.gravatar.com\/avatar\/72ecc30e9db047a2e0e7176561eb9d564ed77c8108376495b19bd8336405198a?s=96&d=mm&r=g","caption":"Dpress.ma"},"sameAs":["https:\/\/www.dpress.ma"],"url":"https:\/\/dpress.ma\/fr\/author\/dpress-ma\/"}]}},"amp_enabled":true,"_links":{"self":[{"href":"https:\/\/dpress.ma\/fr\/wp-json\/wp\/v2\/posts\/29751","targetHints":{"allow":["GET"]}}],"collection":[{"href":"https:\/\/dpress.ma\/fr\/wp-json\/wp\/v2\/posts"}],"about":[{"href":"https:\/\/dpress.ma\/fr\/wp-json\/wp\/v2\/types\/post"}],"author":[{"embeddable":true,"href":"https:\/\/dpress.ma\/fr\/wp-json\/wp\/v2\/users\/2"}],"replies":[{"embeddable":true,"href":"https:\/\/dpress.ma\/fr\/wp-json\/wp\/v2\/comments?post=29751"}],"version-history":[{"count":1,"href":"https:\/\/dpress.ma\/fr\/wp-json\/wp\/v2\/posts\/29751\/revisions"}],"predecessor-version":[{"id":29753,"href":"https:\/\/dpress.ma\/fr\/wp-json\/wp\/v2\/posts\/29751\/revisions\/29753"}],"wp:featuredmedia":[{"embeddable":true,"href":"https:\/\/dpress.ma\/fr\/wp-json\/wp\/v2\/media\/29752"}],"wp:attachment":[{"href":"https:\/\/dpress.ma\/fr\/wp-json\/wp\/v2\/media?parent=29751"}],"wp:term":[{"taxonomy":"category","embeddable":true,"href":"https:\/\/dpress.ma\/fr\/wp-json\/wp\/v2\/categories?post=29751"},{"taxonomy":"post_tag","embeddable":true,"href":"https:\/\/dpress.ma\/fr\/wp-json\/wp\/v2\/tags?post=29751"}],"curies":[{"name":"wp","href":"https:\/\/api.w.org\/{rel}","templated":true}]}}