{"id":29748,"date":"2026-05-01T14:30:51","date_gmt":"2026-05-01T14:30:51","guid":{"rendered":"https:\/\/dpress.ma\/fr\/?p=29748"},"modified":"2026-05-01T14:30:52","modified_gmt":"2026-05-01T14:30:52","slug":"casablanca-rencontre-signature-autour-de-louvrage-100-marocains-qui-ont-fait-lhistoire-de-mouna-hachim","status":"publish","type":"post","link":"https:\/\/dpress.ma\/fr\/2026\/05\/01\/casablanca-rencontre-signature-autour-de-louvrage-100-marocains-qui-ont-fait-lhistoire-de-mouna-hachim\/","title":{"rendered":"Casablanca : rencontre-signature autour de l\u2019ouvrage \u201c100 Marocains qui ont fait l\u2019Histoire\u201d de Mouna Hachim"},"content":{"rendered":"\n<p>Dpress<\/p>\n\n\n\n<p>Une rencontre-signature autour de l\u2019ouvrage \u201c100 Marocains qui ont fait l\u2019Histoire \u2013 Des origines au seuil du 20\u00e8 si\u00e8cle\u201d de l\u2019essayiste et romanci\u00e8re Mouna Hachim s\u2019est tenue jeudi soir \u00e0 Casablanca, en pr\u00e9sence d\u2019un parterre de lecteurs, d\u2019universitaires et d\u2019acteurs du champ culturel.<\/p>\n\n\n\n<p>Paru aux \u00e9ditions Le360, ce beau livre de 513 pages constitue la premi\u00e8re publication de cette maison d\u2019\u00e9dition et s\u2019inscrit dans une d\u00e9marche de valorisation du patrimoine historique national.<\/p>\n\n\n\n<p>Issu d\u2019un projet initialement d\u00e9velopp\u00e9 sous forme de capsules audiovisuelles, l\u2019ouvrage a fait l\u2019objet d\u2019une r\u00e9\u00e9criture approfondie et d\u2019une structuration chronologique couvrant une p\u00e9riode allant de l\u2019Antiquit\u00e9 aux d\u00e9buts du XX\u1d49 si\u00e8cle.<\/p>\n\n\n\n<p>L\u2019auteure&nbsp;restitue une m\u00e9moire plurielle fa\u00e7onn\u00e9e par des trajectoires souvent m\u00e9connues, des voix longtemps tenues \u00e0 l\u2019\u00e9cart et des dynamiques profondes r\u00e9v\u00e9l\u00e9es \u00e0 travers les silences de l\u2019Histoire.<\/p>\n\n\n\n<p>L\u2019ouvrage propose ainsi une lecture qui d\u00e9passe les cadres traditionnels pour faire \u00e9merger la diversit\u00e9 des exp\u00e9riences humaines ayant contribu\u00e9 \u00e0 la construction du r\u00e9cit national, en mettant en relation des parcours issus de diff\u00e9rentes \u00e9poques et espaces, dans une continuit\u00e9 fond\u00e9e sur les \u00e9changes, la mobilit\u00e9 et la richesse culturelle.<\/p>\n\n\n\n<p>Les portraits, accompagn\u00e9s d\u2019illustrations sign\u00e9es Nadir El Arraoui, s\u2019inscrivent dans une volont\u00e9 de restituer la richesse et la diversit\u00e9 des h\u00e9ritages marocains, en accordant une attention particuli\u00e8re aux parcours f\u00e9minins ainsi qu\u2019\u00e0 la pluralit\u00e9 religieuse ayant fa\u00e7onn\u00e9 l\u2019histoire nationale.<\/p>\n\n\n\n<p>Dans une d\u00e9claration \u00e0 la MAP, Mme Hachim a indiqu\u00e9 que cet ouvrage prolonge une d\u00e9marche visant \u00e0 raconter l\u2019histoire du Maroc de mani\u00e8re accessible, vivante et profond\u00e9ment humaine, pr\u00e9cisant que le passage au format \u00e9crit r\u00e9pondait \u00e0 la volont\u00e9 de relier les figures historiques entre elles dans une lecture chronologique permettant de faire appara\u00eetre les continuit\u00e9s et les dynamiques \u00e0 l\u2019\u0153uvre \u00e0 travers les si\u00e8cles.<\/p>\n\n\n\n<p>Elle a \u00e9galement soulign\u00e9 que ce travail ambitionne de mettre en valeur une histoire plurielle, nourrie \u00e0 la fois par des dimensions politiques, sociales et culturelles, tout en accordant une place aux figures souvent marginalis\u00e9es dans les r\u00e9cits classiques.<\/p>\n\n\n\n<p>Dans une d\u00e9claration similaire, Karim Serraj, enseignant universitaire et chroniqueur, a estim\u00e9 que cette publication constitue une contribution notable \u00e0 la vulgarisation de l\u2019histoire marocaine, relevant que l\u2019auteure parvient \u00e0 restituer la complexit\u00e9 du pass\u00e9 \u00e0 travers une approche p\u00e9dagogique et document\u00e9e, accessible \u00e0 un large public.<\/p>\n\n\n\n<p>Il a ajout\u00e9 que l\u2019ouvrage se distingue par la qualit\u00e9 de ses sources et par sa capacit\u00e9 \u00e0 mobiliser \u00e0 la fois les travaux d\u2019historiens et les traditions orales, offrant ainsi une lecture nuanc\u00e9e et enrichie des diff\u00e9rentes p\u00e9riodes historiques.<\/p>\n\n\n\n<p>Pour sa part, Wadie El Mouden, directeur de publication de Le360, a indiqu\u00e9 que ce livre marque le lancement d\u2019une nouvelle orientation \u00e9ditoriale du m\u00e9dia, visant \u00e0 d\u00e9velopper des publications consacr\u00e9es \u00e0 la valorisation du patrimoine culturel et historique national.<\/p>\n\n\n\n<p>Il a pr\u00e9cis\u00e9 que ce projet, n\u00e9 d\u2019une s\u00e9rie audiovisuelle ayant rencontr\u00e9 un large \u00e9cho aupr\u00e8s du public, s\u2019inscrit dans une volont\u00e9 de proposer des formats durables permettant d\u2019approfondir les contenus et d\u2019\u00e9largir leur port\u00e9e aupr\u00e8s des lecteurs.<\/p>\n\n\n\n<p>Avec ce dixi\u00e8me ouvrage, Mouna Hachim poursuit ainsi un travail de transmission et de r\u00e9flexion autour des r\u00e9cits historiques du Maroc, en proposant une lecture renouvel\u00e9e qui met en perspective la diversit\u00e9 des trajectoires ayant contribu\u00e9 \u00e0 fa\u00e7onner l\u2019identit\u00e9 du Royaume.<\/p>\n","protected":false},"excerpt":{"rendered":"<p>Dpress Une rencontre-signature autour de l\u2019ouvrage \u201c100 Marocains qui ont fait l\u2019Histoire \u2013 Des origines au seuil du 20\u00e8 si\u00e8cle\u201d de l\u2019essayiste et romanci\u00e8re Mouna Hachim s\u2019est tenue jeudi soir \u00e0 Casablanca, en pr\u00e9sence d\u2019un parterre de lecteurs, d\u2019universitaires et d\u2019acteurs du champ culturel. Paru aux \u00e9ditions Le360, ce beau livre de 513 pages constitue &hellip;<\/p>\n","protected":false},"author":2,"featured_media":29749,"comment_status":"open","ping_status":"open","sticky":false,"template":"","format":"standard","meta":{"footnotes":""},"categories":[31],"tags":[],"class_list":["post-29748","post","type-post","status-publish","format-standard","has-post-thumbnail","hentry","category-art-et-culture"],"yoast_head":"<!-- This site is optimized with the Yoast SEO plugin v27.5 - https:\/\/yoast.com\/product\/yoast-seo-wordpress\/ -->\n<title>Casablanca : rencontre-signature autour de l\u2019ouvrage \u201c100 Marocains qui ont fait l\u2019Histoire\u201d de Mouna Hachim - Dpress.ma\/fr<\/title>\n<meta name=\"robots\" content=\"index, follow, max-snippet:-1, max-image-preview:large, max-video-preview:-1\" \/>\n<link rel=\"canonical\" href=\"https:\/\/dpress.ma\/fr\/2026\/05\/01\/casablanca-rencontre-signature-autour-de-louvrage-100-marocains-qui-ont-fait-lhistoire-de-mouna-hachim\/\" \/>\n<meta property=\"og:locale\" content=\"fr_FR\" \/>\n<meta property=\"og:type\" content=\"article\" \/>\n<meta property=\"og:title\" content=\"Casablanca : rencontre-signature autour de l\u2019ouvrage \u201c100 Marocains qui ont fait l\u2019Histoire\u201d de Mouna Hachim - Dpress.ma\/fr\" \/>\n<meta property=\"og:description\" content=\"Dpress Une rencontre-signature autour de l\u2019ouvrage \u201c100 Marocains qui ont fait l\u2019Histoire \u2013 Des origines au seuil du 20\u00e8 si\u00e8cle\u201d de l\u2019essayiste et romanci\u00e8re Mouna Hachim s\u2019est tenue jeudi soir \u00e0 Casablanca, en pr\u00e9sence d\u2019un parterre de lecteurs, d\u2019universitaires et d\u2019acteurs du champ culturel. Paru aux \u00e9ditions Le360, ce beau livre de 513 pages constitue &hellip;\" \/>\n<meta property=\"og:url\" content=\"https:\/\/dpress.ma\/fr\/2026\/05\/01\/casablanca-rencontre-signature-autour-de-louvrage-100-marocains-qui-ont-fait-lhistoire-de-mouna-hachim\/\" \/>\n<meta property=\"og:site_name\" content=\"Dpress.ma\/fr\" \/>\n<meta property=\"article:published_time\" content=\"2026-05-01T14:30:51+00:00\" \/>\n<meta property=\"article:modified_time\" content=\"2026-05-01T14:30:52+00:00\" \/>\n<meta property=\"og:image\" content=\"https:\/\/dpress.ma\/fr\/wp-content\/uploads\/sites\/2\/2026\/05\/Dpnress3-Copie.jpg\" \/>\n\t<meta property=\"og:image:width\" content=\"2539\" \/>\n\t<meta property=\"og:image:height\" content=\"1594\" \/>\n\t<meta property=\"og:image:type\" content=\"image\/jpeg\" \/>\n<meta name=\"author\" content=\"Dpress.ma\" \/>\n<meta name=\"twitter:card\" content=\"summary_large_image\" \/>\n<meta name=\"twitter:label1\" content=\"\u00c9crit par\" \/>\n\t<meta name=\"twitter:data1\" content=\"Dpress.ma\" \/>\n\t<meta name=\"twitter:label2\" content=\"Dur\u00e9e de lecture estim\u00e9e\" \/>\n\t<meta name=\"twitter:data2\" content=\"3 minutes\" \/>\n<script type=\"application\/ld+json\" class=\"yoast-schema-graph\">{\"@context\":\"https:\\\/\\\/schema.org\",\"@graph\":[{\"@type\":\"Article\",\"@id\":\"https:\\\/\\\/dpress.ma\\\/fr\\\/2026\\\/05\\\/01\\\/casablanca-rencontre-signature-autour-de-louvrage-100-marocains-qui-ont-fait-lhistoire-de-mouna-hachim\\\/#article\",\"isPartOf\":{\"@id\":\"https:\\\/\\\/dpress.ma\\\/fr\\\/2026\\\/05\\\/01\\\/casablanca-rencontre-signature-autour-de-louvrage-100-marocains-qui-ont-fait-lhistoire-de-mouna-hachim\\\/\"},\"author\":{\"name\":\"Dpress.ma\",\"@id\":\"https:\\\/\\\/dpress.ma\\\/fr\\\/#\\\/schema\\\/person\\\/4898febf3ccd59e6578d838656a306a0\"},\"headline\":\"Casablanca : rencontre-signature autour de l\u2019ouvrage \u201c100 Marocains qui ont fait l\u2019Histoire\u201d de Mouna Hachim\",\"datePublished\":\"2026-05-01T14:30:51+00:00\",\"dateModified\":\"2026-05-01T14:30:52+00:00\",\"mainEntityOfPage\":{\"@id\":\"https:\\\/\\\/dpress.ma\\\/fr\\\/2026\\\/05\\\/01\\\/casablanca-rencontre-signature-autour-de-louvrage-100-marocains-qui-ont-fait-lhistoire-de-mouna-hachim\\\/\"},\"wordCount\":619,\"commentCount\":0,\"image\":{\"@id\":\"https:\\\/\\\/dpress.ma\\\/fr\\\/2026\\\/05\\\/01\\\/casablanca-rencontre-signature-autour-de-louvrage-100-marocains-qui-ont-fait-lhistoire-de-mouna-hachim\\\/#primaryimage\"},\"thumbnailUrl\":\"https:\\\/\\\/dpress.ma\\\/fr\\\/wp-content\\\/uploads\\\/sites\\\/2\\\/2026\\\/05\\\/Dpnress3-Copie.jpg\",\"articleSection\":[\"Art et Culture\"],\"inLanguage\":\"fr-FR\",\"potentialAction\":[{\"@type\":\"CommentAction\",\"name\":\"Comment\",\"target\":[\"https:\\\/\\\/dpress.ma\\\/fr\\\/2026\\\/05\\\/01\\\/casablanca-rencontre-signature-autour-de-louvrage-100-marocains-qui-ont-fait-lhistoire-de-mouna-hachim\\\/#respond\"]}]},{\"@type\":\"WebPage\",\"@id\":\"https:\\\/\\\/dpress.ma\\\/fr\\\/2026\\\/05\\\/01\\\/casablanca-rencontre-signature-autour-de-louvrage-100-marocains-qui-ont-fait-lhistoire-de-mouna-hachim\\\/\",\"url\":\"https:\\\/\\\/dpress.ma\\\/fr\\\/2026\\\/05\\\/01\\\/casablanca-rencontre-signature-autour-de-louvrage-100-marocains-qui-ont-fait-lhistoire-de-mouna-hachim\\\/\",\"name\":\"Casablanca : rencontre-signature autour de l\u2019ouvrage \u201c100 Marocains qui ont fait l\u2019Histoire\u201d de Mouna Hachim - Dpress.ma\\\/fr\",\"isPartOf\":{\"@id\":\"https:\\\/\\\/dpress.ma\\\/fr\\\/#website\"},\"primaryImageOfPage\":{\"@id\":\"https:\\\/\\\/dpress.ma\\\/fr\\\/2026\\\/05\\\/01\\\/casablanca-rencontre-signature-autour-de-louvrage-100-marocains-qui-ont-fait-lhistoire-de-mouna-hachim\\\/#primaryimage\"},\"image\":{\"@id\":\"https:\\\/\\\/dpress.ma\\\/fr\\\/2026\\\/05\\\/01\\\/casablanca-rencontre-signature-autour-de-louvrage-100-marocains-qui-ont-fait-lhistoire-de-mouna-hachim\\\/#primaryimage\"},\"thumbnailUrl\":\"https:\\\/\\\/dpress.ma\\\/fr\\\/wp-content\\\/uploads\\\/sites\\\/2\\\/2026\\\/05\\\/Dpnress3-Copie.jpg\",\"datePublished\":\"2026-05-01T14:30:51+00:00\",\"dateModified\":\"2026-05-01T14:30:52+00:00\",\"author\":{\"@id\":\"https:\\\/\\\/dpress.ma\\\/fr\\\/#\\\/schema\\\/person\\\/4898febf3ccd59e6578d838656a306a0\"},\"breadcrumb\":{\"@id\":\"https:\\\/\\\/dpress.ma\\\/fr\\\/2026\\\/05\\\/01\\\/casablanca-rencontre-signature-autour-de-louvrage-100-marocains-qui-ont-fait-lhistoire-de-mouna-hachim\\\/#breadcrumb\"},\"inLanguage\":\"fr-FR\",\"potentialAction\":[{\"@type\":\"ReadAction\",\"target\":[\"https:\\\/\\\/dpress.ma\\\/fr\\\/2026\\\/05\\\/01\\\/casablanca-rencontre-signature-autour-de-louvrage-100-marocains-qui-ont-fait-lhistoire-de-mouna-hachim\\\/\"]}]},{\"@type\":\"ImageObject\",\"inLanguage\":\"fr-FR\",\"@id\":\"https:\\\/\\\/dpress.ma\\\/fr\\\/2026\\\/05\\\/01\\\/casablanca-rencontre-signature-autour-de-louvrage-100-marocains-qui-ont-fait-lhistoire-de-mouna-hachim\\\/#primaryimage\",\"url\":\"https:\\\/\\\/dpress.ma\\\/fr\\\/wp-content\\\/uploads\\\/sites\\\/2\\\/2026\\\/05\\\/Dpnress3-Copie.jpg\",\"contentUrl\":\"https:\\\/\\\/dpress.ma\\\/fr\\\/wp-content\\\/uploads\\\/sites\\\/2\\\/2026\\\/05\\\/Dpnress3-Copie.jpg\",\"width\":2539,\"height\":1594},{\"@type\":\"BreadcrumbList\",\"@id\":\"https:\\\/\\\/dpress.ma\\\/fr\\\/2026\\\/05\\\/01\\\/casablanca-rencontre-signature-autour-de-louvrage-100-marocains-qui-ont-fait-lhistoire-de-mouna-hachim\\\/#breadcrumb\",\"itemListElement\":[{\"@type\":\"ListItem\",\"position\":1,\"name\":\"Home\",\"item\":\"https:\\\/\\\/dpress.ma\\\/fr\\\/\"},{\"@type\":\"ListItem\",\"position\":2,\"name\":\"Casablanca : rencontre-signature autour de l\u2019ouvrage \u201c100 Marocains qui ont fait l\u2019Histoire\u201d de Mouna Hachim\"}]},{\"@type\":\"WebSite\",\"@id\":\"https:\\\/\\\/dpress.ma\\\/fr\\\/#website\",\"url\":\"https:\\\/\\\/dpress.ma\\\/fr\\\/\",\"name\":\"Dpress.ma\\\/fr\",\"description\":\"\",\"potentialAction\":[{\"@type\":\"SearchAction\",\"target\":{\"@type\":\"EntryPoint\",\"urlTemplate\":\"https:\\\/\\\/dpress.ma\\\/fr\\\/?s={search_term_string}\"},\"query-input\":{\"@type\":\"PropertyValueSpecification\",\"valueRequired\":true,\"valueName\":\"search_term_string\"}}],\"inLanguage\":\"fr-FR\"},{\"@type\":\"Person\",\"@id\":\"https:\\\/\\\/dpress.ma\\\/fr\\\/#\\\/schema\\\/person\\\/4898febf3ccd59e6578d838656a306a0\",\"name\":\"Dpress.ma\",\"image\":{\"@type\":\"ImageObject\",\"inLanguage\":\"fr-FR\",\"@id\":\"https:\\\/\\\/secure.gravatar.com\\\/avatar\\\/72ecc30e9db047a2e0e7176561eb9d564ed77c8108376495b19bd8336405198a?s=96&d=mm&r=g\",\"url\":\"https:\\\/\\\/secure.gravatar.com\\\/avatar\\\/72ecc30e9db047a2e0e7176561eb9d564ed77c8108376495b19bd8336405198a?s=96&d=mm&r=g\",\"contentUrl\":\"https:\\\/\\\/secure.gravatar.com\\\/avatar\\\/72ecc30e9db047a2e0e7176561eb9d564ed77c8108376495b19bd8336405198a?s=96&d=mm&r=g\",\"caption\":\"Dpress.ma\"},\"sameAs\":[\"https:\\\/\\\/www.dpress.ma\"],\"url\":\"https:\\\/\\\/dpress.ma\\\/fr\\\/author\\\/dpress-ma\\\/\"}]}<\/script>\n<!-- \/ Yoast SEO plugin. -->","yoast_head_json":{"title":"Casablanca : rencontre-signature autour de l\u2019ouvrage \u201c100 Marocains qui ont fait l\u2019Histoire\u201d de Mouna Hachim - Dpress.ma\/fr","robots":{"index":"index","follow":"follow","max-snippet":"max-snippet:-1","max-image-preview":"max-image-preview:large","max-video-preview":"max-video-preview:-1"},"canonical":"https:\/\/dpress.ma\/fr\/2026\/05\/01\/casablanca-rencontre-signature-autour-de-louvrage-100-marocains-qui-ont-fait-lhistoire-de-mouna-hachim\/","og_locale":"fr_FR","og_type":"article","og_title":"Casablanca : rencontre-signature autour de l\u2019ouvrage \u201c100 Marocains qui ont fait l\u2019Histoire\u201d de Mouna Hachim - Dpress.ma\/fr","og_description":"Dpress Une rencontre-signature autour de l\u2019ouvrage \u201c100 Marocains qui ont fait l\u2019Histoire \u2013 Des origines au seuil du 20\u00e8 si\u00e8cle\u201d de l\u2019essayiste et romanci\u00e8re Mouna Hachim s\u2019est tenue jeudi soir \u00e0 Casablanca, en pr\u00e9sence d\u2019un parterre de lecteurs, d\u2019universitaires et d\u2019acteurs du champ culturel. Paru aux \u00e9ditions Le360, ce beau livre de 513 pages constitue &hellip;","og_url":"https:\/\/dpress.ma\/fr\/2026\/05\/01\/casablanca-rencontre-signature-autour-de-louvrage-100-marocains-qui-ont-fait-lhistoire-de-mouna-hachim\/","og_site_name":"Dpress.ma\/fr","article_published_time":"2026-05-01T14:30:51+00:00","article_modified_time":"2026-05-01T14:30:52+00:00","og_image":[{"width":2539,"height":1594,"url":"https:\/\/dpress.ma\/fr\/wp-content\/uploads\/sites\/2\/2026\/05\/Dpnress3-Copie.jpg","type":"image\/jpeg"}],"author":"Dpress.ma","twitter_card":"summary_large_image","twitter_misc":{"\u00c9crit par":"Dpress.ma","Dur\u00e9e de lecture estim\u00e9e":"3 minutes"},"schema":{"@context":"https:\/\/schema.org","@graph":[{"@type":"Article","@id":"https:\/\/dpress.ma\/fr\/2026\/05\/01\/casablanca-rencontre-signature-autour-de-louvrage-100-marocains-qui-ont-fait-lhistoire-de-mouna-hachim\/#article","isPartOf":{"@id":"https:\/\/dpress.ma\/fr\/2026\/05\/01\/casablanca-rencontre-signature-autour-de-louvrage-100-marocains-qui-ont-fait-lhistoire-de-mouna-hachim\/"},"author":{"name":"Dpress.ma","@id":"https:\/\/dpress.ma\/fr\/#\/schema\/person\/4898febf3ccd59e6578d838656a306a0"},"headline":"Casablanca : rencontre-signature autour de l\u2019ouvrage \u201c100 Marocains qui ont fait l\u2019Histoire\u201d de Mouna Hachim","datePublished":"2026-05-01T14:30:51+00:00","dateModified":"2026-05-01T14:30:52+00:00","mainEntityOfPage":{"@id":"https:\/\/dpress.ma\/fr\/2026\/05\/01\/casablanca-rencontre-signature-autour-de-louvrage-100-marocains-qui-ont-fait-lhistoire-de-mouna-hachim\/"},"wordCount":619,"commentCount":0,"image":{"@id":"https:\/\/dpress.ma\/fr\/2026\/05\/01\/casablanca-rencontre-signature-autour-de-louvrage-100-marocains-qui-ont-fait-lhistoire-de-mouna-hachim\/#primaryimage"},"thumbnailUrl":"https:\/\/dpress.ma\/fr\/wp-content\/uploads\/sites\/2\/2026\/05\/Dpnress3-Copie.jpg","articleSection":["Art et Culture"],"inLanguage":"fr-FR","potentialAction":[{"@type":"CommentAction","name":"Comment","target":["https:\/\/dpress.ma\/fr\/2026\/05\/01\/casablanca-rencontre-signature-autour-de-louvrage-100-marocains-qui-ont-fait-lhistoire-de-mouna-hachim\/#respond"]}]},{"@type":"WebPage","@id":"https:\/\/dpress.ma\/fr\/2026\/05\/01\/casablanca-rencontre-signature-autour-de-louvrage-100-marocains-qui-ont-fait-lhistoire-de-mouna-hachim\/","url":"https:\/\/dpress.ma\/fr\/2026\/05\/01\/casablanca-rencontre-signature-autour-de-louvrage-100-marocains-qui-ont-fait-lhistoire-de-mouna-hachim\/","name":"Casablanca : rencontre-signature autour de l\u2019ouvrage \u201c100 Marocains qui ont fait l\u2019Histoire\u201d de Mouna Hachim - Dpress.ma\/fr","isPartOf":{"@id":"https:\/\/dpress.ma\/fr\/#website"},"primaryImageOfPage":{"@id":"https:\/\/dpress.ma\/fr\/2026\/05\/01\/casablanca-rencontre-signature-autour-de-louvrage-100-marocains-qui-ont-fait-lhistoire-de-mouna-hachim\/#primaryimage"},"image":{"@id":"https:\/\/dpress.ma\/fr\/2026\/05\/01\/casablanca-rencontre-signature-autour-de-louvrage-100-marocains-qui-ont-fait-lhistoire-de-mouna-hachim\/#primaryimage"},"thumbnailUrl":"https:\/\/dpress.ma\/fr\/wp-content\/uploads\/sites\/2\/2026\/05\/Dpnress3-Copie.jpg","datePublished":"2026-05-01T14:30:51+00:00","dateModified":"2026-05-01T14:30:52+00:00","author":{"@id":"https:\/\/dpress.ma\/fr\/#\/schema\/person\/4898febf3ccd59e6578d838656a306a0"},"breadcrumb":{"@id":"https:\/\/dpress.ma\/fr\/2026\/05\/01\/casablanca-rencontre-signature-autour-de-louvrage-100-marocains-qui-ont-fait-lhistoire-de-mouna-hachim\/#breadcrumb"},"inLanguage":"fr-FR","potentialAction":[{"@type":"ReadAction","target":["https:\/\/dpress.ma\/fr\/2026\/05\/01\/casablanca-rencontre-signature-autour-de-louvrage-100-marocains-qui-ont-fait-lhistoire-de-mouna-hachim\/"]}]},{"@type":"ImageObject","inLanguage":"fr-FR","@id":"https:\/\/dpress.ma\/fr\/2026\/05\/01\/casablanca-rencontre-signature-autour-de-louvrage-100-marocains-qui-ont-fait-lhistoire-de-mouna-hachim\/#primaryimage","url":"https:\/\/dpress.ma\/fr\/wp-content\/uploads\/sites\/2\/2026\/05\/Dpnress3-Copie.jpg","contentUrl":"https:\/\/dpress.ma\/fr\/wp-content\/uploads\/sites\/2\/2026\/05\/Dpnress3-Copie.jpg","width":2539,"height":1594},{"@type":"BreadcrumbList","@id":"https:\/\/dpress.ma\/fr\/2026\/05\/01\/casablanca-rencontre-signature-autour-de-louvrage-100-marocains-qui-ont-fait-lhistoire-de-mouna-hachim\/#breadcrumb","itemListElement":[{"@type":"ListItem","position":1,"name":"Home","item":"https:\/\/dpress.ma\/fr\/"},{"@type":"ListItem","position":2,"name":"Casablanca : rencontre-signature autour de l\u2019ouvrage \u201c100 Marocains qui ont fait l\u2019Histoire\u201d de Mouna Hachim"}]},{"@type":"WebSite","@id":"https:\/\/dpress.ma\/fr\/#website","url":"https:\/\/dpress.ma\/fr\/","name":"Dpress.ma\/fr","description":"","potentialAction":[{"@type":"SearchAction","target":{"@type":"EntryPoint","urlTemplate":"https:\/\/dpress.ma\/fr\/?s={search_term_string}"},"query-input":{"@type":"PropertyValueSpecification","valueRequired":true,"valueName":"search_term_string"}}],"inLanguage":"fr-FR"},{"@type":"Person","@id":"https:\/\/dpress.ma\/fr\/#\/schema\/person\/4898febf3ccd59e6578d838656a306a0","name":"Dpress.ma","image":{"@type":"ImageObject","inLanguage":"fr-FR","@id":"https:\/\/secure.gravatar.com\/avatar\/72ecc30e9db047a2e0e7176561eb9d564ed77c8108376495b19bd8336405198a?s=96&d=mm&r=g","url":"https:\/\/secure.gravatar.com\/avatar\/72ecc30e9db047a2e0e7176561eb9d564ed77c8108376495b19bd8336405198a?s=96&d=mm&r=g","contentUrl":"https:\/\/secure.gravatar.com\/avatar\/72ecc30e9db047a2e0e7176561eb9d564ed77c8108376495b19bd8336405198a?s=96&d=mm&r=g","caption":"Dpress.ma"},"sameAs":["https:\/\/www.dpress.ma"],"url":"https:\/\/dpress.ma\/fr\/author\/dpress-ma\/"}]}},"amp_enabled":true,"_links":{"self":[{"href":"https:\/\/dpress.ma\/fr\/wp-json\/wp\/v2\/posts\/29748","targetHints":{"allow":["GET"]}}],"collection":[{"href":"https:\/\/dpress.ma\/fr\/wp-json\/wp\/v2\/posts"}],"about":[{"href":"https:\/\/dpress.ma\/fr\/wp-json\/wp\/v2\/types\/post"}],"author":[{"embeddable":true,"href":"https:\/\/dpress.ma\/fr\/wp-json\/wp\/v2\/users\/2"}],"replies":[{"embeddable":true,"href":"https:\/\/dpress.ma\/fr\/wp-json\/wp\/v2\/comments?post=29748"}],"version-history":[{"count":1,"href":"https:\/\/dpress.ma\/fr\/wp-json\/wp\/v2\/posts\/29748\/revisions"}],"predecessor-version":[{"id":29750,"href":"https:\/\/dpress.ma\/fr\/wp-json\/wp\/v2\/posts\/29748\/revisions\/29750"}],"wp:featuredmedia":[{"embeddable":true,"href":"https:\/\/dpress.ma\/fr\/wp-json\/wp\/v2\/media\/29749"}],"wp:attachment":[{"href":"https:\/\/dpress.ma\/fr\/wp-json\/wp\/v2\/media?parent=29748"}],"wp:term":[{"taxonomy":"category","embeddable":true,"href":"https:\/\/dpress.ma\/fr\/wp-json\/wp\/v2\/categories?post=29748"},{"taxonomy":"post_tag","embeddable":true,"href":"https:\/\/dpress.ma\/fr\/wp-json\/wp\/v2\/tags?post=29748"}],"curies":[{"name":"wp","href":"https:\/\/api.w.org\/{rel}","templated":true}]}}