{"id":29742,"date":"2026-05-01T14:10:40","date_gmt":"2026-05-01T14:10:40","guid":{"rendered":"https:\/\/dpress.ma\/fr\/?p=29742"},"modified":"2026-05-01T14:10:40","modified_gmt":"2026-05-01T14:10:40","slug":"boulemane-pres-de-22-mdh-mobilises-en-2025-pour-ameliorer-les-conditions-des-personnes-en-situation-de-handicap","status":"publish","type":"post","link":"https:\/\/dpress.ma\/fr\/2026\/05\/01\/boulemane-pres-de-22-mdh-mobilises-en-2025-pour-ameliorer-les-conditions-des-personnes-en-situation-de-handicap\/","title":{"rendered":"Boulemane: Pr\u00e8s de 22 MDH mobilis\u00e9s en 2025 pour am\u00e9liorer les conditions des personnes en situation de handicap"},"content":{"rendered":"\n<p class=\"wp-block-paragraph\">Dpress<\/p>\n\n\n\n<p class=\"wp-block-paragraph\">Pr\u00e8s de 22 millions de dirhams ont \u00e9t\u00e9 mobilis\u00e9s au niveau de la province de Boulemane au titre de l\u2019ann\u00e9e 2025 afin d\u2019am\u00e9liorer les services des \u00e9tablissements et centres de protection sociale ainsi que ceux destin\u00e9s aux personnes en situation de handicap.<\/p>\n\n\n\n<p class=\"wp-block-paragraph\">Selon des donn\u00e9es pr\u00e9sent\u00e9es jeudi lors d\u2019une rencontre organis\u00e9e \u00e0 l\u2019occasion du 69\u1d49 anniversaire de l\u2019Entraide nationale, pr\u00e8s de 11,88 millions de dirhams ont \u00e9t\u00e9 allou\u00e9s aux associations charg\u00e9es de la gestion des \u00e9tablissements et centres de protection sociale dans la province en 2025, tandis que les associations \u0153uvrant dans le domaine du handicap ont b\u00e9n\u00e9fici\u00e9 d\u2019un soutien financier avoisinant 10,02 millions de dirhams.<\/p>\n\n\n\n<p class=\"wp-block-paragraph\">En outre, plus de dix projets en faveur des personnes en situation de handicap ont \u00e9t\u00e9 accompagn\u00e9s, pour un montant global de 720.000 dirhams, dans le cadre des services du Fonds d\u2019appui \u00e0 la coh\u00e9sion sociale et \u00e0 la protection sociale.<\/p>\n\n\n\n<p class=\"wp-block-paragraph\">Intervenant lors de cette rencontre, qui s\u2019est d\u00e9roul\u00e9e en pr\u00e9sence du gouverneur de la province, Allal El Baz, le d\u00e9l\u00e9gu\u00e9 provincial de l\u2019Entraide nationale \u00e0 Boulemane, Khalid Hamnich, a indiqu\u00e9 que la province dispose d\u2019un important r\u00e9seau de centres et d\u2019institutions sociales couvrant divers domaines li\u00e9s \u00e0 la prise en charge, \u00e0 l\u2019\u00e9ducation, \u00e0 la formation et \u00e0 l\u2019accompagnement social.<\/p>\n\n\n\n<p class=\"wp-block-paragraph\">Ce r\u00e9seau compte 63 centres et \u00e9tablissements au service des diff\u00e9rentes cat\u00e9gories cibles, b\u00e9n\u00e9ficiant \u00e0 environ 23.000 personnes.<\/p>\n\n\n\n<p class=\"wp-block-paragraph\">Il a ajout\u00e9 qu\u2019un programme ambitieux a \u00e9t\u00e9 mis en place pour r\u00e9habiliter et moderniser ces diff\u00e9rents \u00e9tablissements de protection sociale de la province, afin d\u2019en faire des espaces attractifs r\u00e9pondant aux besoins des \u00e9l\u00e8ves et offrant des conditions favorables \u00e0 leur r\u00e9ussite scolaire.<\/p>\n\n\n\n<p class=\"wp-block-paragraph\">M. Hamnich a \u00e9galement soulign\u00e9 que huit centres ont \u00e9t\u00e9 r\u00e9habilit\u00e9s et \u00e9quip\u00e9s dans le cadre des programmes de l\u2019Initiative Nationale pour le D\u00e9veloppement Humain (INDH) et des programmes de d\u00e9veloppement r\u00e9gional, en vue d\u2019am\u00e9liorer la qualit\u00e9 des services sociaux et \u00e9ducatifs destin\u00e9s notamment aux femmes et aux enfants en situation difficile, aux personnes en situation de handicap, aux personnes \u00e2g\u00e9es sans soutien familial, ainsi qu\u2019aux autres cat\u00e9gories n\u00e9cessitant accompagnement et assistance.<\/p>\n\n\n\n<p class=\"wp-block-paragraph\">Il a par ailleurs mis en avant l\u2019\u00e9volution qualitative des services de l\u2019Entraide nationale, tant au niveau du concept que de l\u2019approche et des domaines d\u2019intervention, l\u2019institution \u00e9tant pass\u00e9e d\u2019une logique d\u2019assistance directe \u00e0 une approche plus globale fond\u00e9e sur la pr\u00e9vention, la r\u00e9habilitation, l\u2019accompagnement et l\u2019insertion sociale et \u00e9conomique.<\/p>\n\n\n\n<p class=\"wp-block-paragraph\">Le programme de cette c\u00e9r\u00e9monie, marqu\u00e9e par des prestations artistiques, a comport\u00e9 la distribution de fauteuils roulants \u00e9lectriques au profit de plusieurs personnes en situation de handicap, dans le cadre d\u2019une initiative \u00e0 dimension humaine visant \u00e0 faciliter leur mobilit\u00e9 et \u00e0 renforcer leur autonomie, contribuant ainsi \u00e0 leur int\u00e9gration sociale.<\/p>\n\n\n\n<p class=\"wp-block-paragraph\">Par ailleurs, plusieurs \u00e9quipements ont \u00e9t\u00e9 distribu\u00e9s au profit de centres sociaux de la province, notamment ceux d\u00e9di\u00e9s aux personnes en situation de handicap, acquis dans le cadre des programmes de l\u2019INDH.<\/p>\n\n\n\n<p class=\"wp-block-paragraph\">Cette op\u00e9ration vise \u00e0 renforcer les capacit\u00e9s de ces centres et \u00e0 am\u00e9liorer la qualit\u00e9 des services offerts, notamment dans les domaines de la formation, de la r\u00e9habilitation et de la protection sociale, au b\u00e9n\u00e9fice d\u2019un total de 300 b\u00e9n\u00e9ficiaires.<\/p>\n","protected":false},"excerpt":{"rendered":"<p>Dpress Pr\u00e8s de 22 millions de dirhams ont \u00e9t\u00e9 mobilis\u00e9s au niveau de la province de Boulemane au titre de l\u2019ann\u00e9e 2025 afin d\u2019am\u00e9liorer les services des \u00e9tablissements et centres de protection sociale ainsi que ceux destin\u00e9s aux personnes en situation de handicap. Selon des donn\u00e9es pr\u00e9sent\u00e9es jeudi lors d\u2019une rencontre organis\u00e9e \u00e0 l\u2019occasion du &hellip;<\/p>\n","protected":false},"author":2,"featured_media":29743,"comment_status":"open","ping_status":"open","sticky":false,"template":"","format":"standard","meta":{"footnotes":""},"categories":[40],"tags":[],"class_list":["post-29742","post","type-post","status-publish","format-standard","has-post-thumbnail","hentry","category-societe-et-regions"],"yoast_head":"<!-- This site is optimized with the Yoast SEO plugin v28.0 - https:\/\/yoast.com\/product\/yoast-seo-wordpress\/ -->\n<title>Boulemane: Pr\u00e8s de 22 MDH mobilis\u00e9s en 2025 pour am\u00e9liorer les conditions des personnes en situation de handicap - Dpress.ma\/fr<\/title>\n<meta name=\"robots\" content=\"index, follow, max-snippet:-1, max-image-preview:large, max-video-preview:-1\" \/>\n<link rel=\"canonical\" href=\"https:\/\/dpress.ma\/fr\/2026\/05\/01\/boulemane-pres-de-22-mdh-mobilises-en-2025-pour-ameliorer-les-conditions-des-personnes-en-situation-de-handicap\/\" \/>\n<meta property=\"og:locale\" content=\"fr_FR\" \/>\n<meta property=\"og:type\" content=\"article\" \/>\n<meta property=\"og:title\" content=\"Boulemane: Pr\u00e8s de 22 MDH mobilis\u00e9s en 2025 pour am\u00e9liorer les conditions des personnes en situation de handicap - Dpress.ma\/fr\" \/>\n<meta property=\"og:description\" content=\"Dpress Pr\u00e8s de 22 millions de dirhams ont \u00e9t\u00e9 mobilis\u00e9s au niveau de la province de Boulemane au titre de l\u2019ann\u00e9e 2025 afin d\u2019am\u00e9liorer les services des \u00e9tablissements et centres de protection sociale ainsi que ceux destin\u00e9s aux personnes en situation de handicap. Selon des donn\u00e9es pr\u00e9sent\u00e9es jeudi lors d\u2019une rencontre organis\u00e9e \u00e0 l\u2019occasion du &hellip;\" \/>\n<meta property=\"og:url\" content=\"https:\/\/dpress.ma\/fr\/2026\/05\/01\/boulemane-pres-de-22-mdh-mobilises-en-2025-pour-ameliorer-les-conditions-des-personnes-en-situation-de-handicap\/\" \/>\n<meta property=\"og:site_name\" content=\"Dpress.ma\/fr\" \/>\n<meta property=\"article:published_time\" content=\"2026-05-01T14:10:40+00:00\" \/>\n<meta property=\"og:image\" content=\"https:\/\/dpress.ma\/fr\/wp-content\/uploads\/sites\/2\/2026\/05\/y.jpg\" \/>\n\t<meta property=\"og:image:width\" content=\"2539\" \/>\n\t<meta property=\"og:image:height\" content=\"1594\" \/>\n\t<meta property=\"og:image:type\" content=\"image\/jpeg\" \/>\n<meta name=\"author\" content=\"Dpress.ma\" \/>\n<meta name=\"twitter:card\" content=\"summary_large_image\" \/>\n<meta name=\"twitter:label1\" content=\"\u00c9crit par\" \/>\n\t<meta name=\"twitter:data1\" content=\"Dpress.ma\" \/>\n\t<meta name=\"twitter:label2\" content=\"Dur\u00e9e de lecture estim\u00e9e\" \/>\n\t<meta name=\"twitter:data2\" content=\"3 minutes\" \/>\n<script type=\"application\/ld+json\" class=\"yoast-schema-graph\">{\"@context\":\"https:\\\/\\\/schema.org\",\"@graph\":[{\"@type\":\"Article\",\"@id\":\"https:\\\/\\\/dpress.ma\\\/fr\\\/2026\\\/05\\\/01\\\/boulemane-pres-de-22-mdh-mobilises-en-2025-pour-ameliorer-les-conditions-des-personnes-en-situation-de-handicap\\\/#article\",\"isPartOf\":{\"@id\":\"https:\\\/\\\/dpress.ma\\\/fr\\\/2026\\\/05\\\/01\\\/boulemane-pres-de-22-mdh-mobilises-en-2025-pour-ameliorer-les-conditions-des-personnes-en-situation-de-handicap\\\/\"},\"author\":{\"name\":\"Dpress.ma\",\"@id\":\"https:\\\/\\\/dpress.ma\\\/fr\\\/#\\\/schema\\\/person\\\/4898febf3ccd59e6578d838656a306a0\"},\"headline\":\"Boulemane: Pr\u00e8s de 22 MDH mobilis\u00e9s en 2025 pour am\u00e9liorer les conditions des personnes en situation de handicap\",\"datePublished\":\"2026-05-01T14:10:40+00:00\",\"mainEntityOfPage\":{\"@id\":\"https:\\\/\\\/dpress.ma\\\/fr\\\/2026\\\/05\\\/01\\\/boulemane-pres-de-22-mdh-mobilises-en-2025-pour-ameliorer-les-conditions-des-personnes-en-situation-de-handicap\\\/\"},\"wordCount\":600,\"commentCount\":0,\"image\":{\"@id\":\"https:\\\/\\\/dpress.ma\\\/fr\\\/2026\\\/05\\\/01\\\/boulemane-pres-de-22-mdh-mobilises-en-2025-pour-ameliorer-les-conditions-des-personnes-en-situation-de-handicap\\\/#primaryimage\"},\"thumbnailUrl\":\"https:\\\/\\\/dpress.ma\\\/fr\\\/wp-content\\\/uploads\\\/sites\\\/2\\\/2026\\\/05\\\/y.jpg\",\"articleSection\":[\"societe et regions\"],\"inLanguage\":\"fr-FR\",\"potentialAction\":[{\"@type\":\"CommentAction\",\"name\":\"Comment\",\"target\":[\"https:\\\/\\\/dpress.ma\\\/fr\\\/2026\\\/05\\\/01\\\/boulemane-pres-de-22-mdh-mobilises-en-2025-pour-ameliorer-les-conditions-des-personnes-en-situation-de-handicap\\\/#respond\"]}]},{\"@type\":\"WebPage\",\"@id\":\"https:\\\/\\\/dpress.ma\\\/fr\\\/2026\\\/05\\\/01\\\/boulemane-pres-de-22-mdh-mobilises-en-2025-pour-ameliorer-les-conditions-des-personnes-en-situation-de-handicap\\\/\",\"url\":\"https:\\\/\\\/dpress.ma\\\/fr\\\/2026\\\/05\\\/01\\\/boulemane-pres-de-22-mdh-mobilises-en-2025-pour-ameliorer-les-conditions-des-personnes-en-situation-de-handicap\\\/\",\"name\":\"Boulemane: Pr\u00e8s de 22 MDH mobilis\u00e9s en 2025 pour am\u00e9liorer les conditions des personnes en situation de handicap - Dpress.ma\\\/fr\",\"isPartOf\":{\"@id\":\"https:\\\/\\\/dpress.ma\\\/fr\\\/#website\"},\"primaryImageOfPage\":{\"@id\":\"https:\\\/\\\/dpress.ma\\\/fr\\\/2026\\\/05\\\/01\\\/boulemane-pres-de-22-mdh-mobilises-en-2025-pour-ameliorer-les-conditions-des-personnes-en-situation-de-handicap\\\/#primaryimage\"},\"image\":{\"@id\":\"https:\\\/\\\/dpress.ma\\\/fr\\\/2026\\\/05\\\/01\\\/boulemane-pres-de-22-mdh-mobilises-en-2025-pour-ameliorer-les-conditions-des-personnes-en-situation-de-handicap\\\/#primaryimage\"},\"thumbnailUrl\":\"https:\\\/\\\/dpress.ma\\\/fr\\\/wp-content\\\/uploads\\\/sites\\\/2\\\/2026\\\/05\\\/y.jpg\",\"datePublished\":\"2026-05-01T14:10:40+00:00\",\"author\":{\"@id\":\"https:\\\/\\\/dpress.ma\\\/fr\\\/#\\\/schema\\\/person\\\/4898febf3ccd59e6578d838656a306a0\"},\"breadcrumb\":{\"@id\":\"https:\\\/\\\/dpress.ma\\\/fr\\\/2026\\\/05\\\/01\\\/boulemane-pres-de-22-mdh-mobilises-en-2025-pour-ameliorer-les-conditions-des-personnes-en-situation-de-handicap\\\/#breadcrumb\"},\"inLanguage\":\"fr-FR\",\"potentialAction\":[{\"@type\":\"ReadAction\",\"target\":[\"https:\\\/\\\/dpress.ma\\\/fr\\\/2026\\\/05\\\/01\\\/boulemane-pres-de-22-mdh-mobilises-en-2025-pour-ameliorer-les-conditions-des-personnes-en-situation-de-handicap\\\/\"]}]},{\"@type\":\"ImageObject\",\"inLanguage\":\"fr-FR\",\"@id\":\"https:\\\/\\\/dpress.ma\\\/fr\\\/2026\\\/05\\\/01\\\/boulemane-pres-de-22-mdh-mobilises-en-2025-pour-ameliorer-les-conditions-des-personnes-en-situation-de-handicap\\\/#primaryimage\",\"url\":\"https:\\\/\\\/dpress.ma\\\/fr\\\/wp-content\\\/uploads\\\/sites\\\/2\\\/2026\\\/05\\\/y.jpg\",\"contentUrl\":\"https:\\\/\\\/dpress.ma\\\/fr\\\/wp-content\\\/uploads\\\/sites\\\/2\\\/2026\\\/05\\\/y.jpg\",\"width\":2539,\"height\":1594},{\"@type\":\"BreadcrumbList\",\"@id\":\"https:\\\/\\\/dpress.ma\\\/fr\\\/2026\\\/05\\\/01\\\/boulemane-pres-de-22-mdh-mobilises-en-2025-pour-ameliorer-les-conditions-des-personnes-en-situation-de-handicap\\\/#breadcrumb\",\"itemListElement\":[{\"@type\":\"ListItem\",\"position\":1,\"name\":\"Home\",\"item\":\"https:\\\/\\\/dpress.ma\\\/fr\\\/\"},{\"@type\":\"ListItem\",\"position\":2,\"name\":\"Boulemane: Pr\u00e8s de 22 MDH mobilis\u00e9s en 2025 pour am\u00e9liorer les conditions des personnes en situation de handicap\"}]},{\"@type\":\"WebSite\",\"@id\":\"https:\\\/\\\/dpress.ma\\\/fr\\\/#website\",\"url\":\"https:\\\/\\\/dpress.ma\\\/fr\\\/\",\"name\":\"Dpress.ma\\\/fr\",\"description\":\"\",\"potentialAction\":[{\"@type\":\"SearchAction\",\"target\":{\"@type\":\"EntryPoint\",\"urlTemplate\":\"https:\\\/\\\/dpress.ma\\\/fr\\\/?s={search_term_string}\"},\"query-input\":{\"@type\":\"PropertyValueSpecification\",\"valueRequired\":true,\"valueName\":\"search_term_string\"}}],\"inLanguage\":\"fr-FR\"},{\"@type\":\"Person\",\"@id\":\"https:\\\/\\\/dpress.ma\\\/fr\\\/#\\\/schema\\\/person\\\/4898febf3ccd59e6578d838656a306a0\",\"name\":\"Dpress.ma\",\"image\":{\"@type\":\"ImageObject\",\"inLanguage\":\"fr-FR\",\"@id\":\"https:\\\/\\\/secure.gravatar.com\\\/avatar\\\/72ecc30e9db047a2e0e7176561eb9d564ed77c8108376495b19bd8336405198a?s=96&d=mm&r=g\",\"url\":\"https:\\\/\\\/secure.gravatar.com\\\/avatar\\\/72ecc30e9db047a2e0e7176561eb9d564ed77c8108376495b19bd8336405198a?s=96&d=mm&r=g\",\"contentUrl\":\"https:\\\/\\\/secure.gravatar.com\\\/avatar\\\/72ecc30e9db047a2e0e7176561eb9d564ed77c8108376495b19bd8336405198a?s=96&d=mm&r=g\",\"caption\":\"Dpress.ma\"},\"sameAs\":[\"https:\\\/\\\/www.dpress.ma\"],\"url\":\"https:\\\/\\\/dpress.ma\\\/fr\\\/author\\\/dpress-ma\\\/\"}]}<\/script>\n<!-- \/ Yoast SEO plugin. -->","yoast_head_json":{"title":"Boulemane: Pr\u00e8s de 22 MDH mobilis\u00e9s en 2025 pour am\u00e9liorer les conditions des personnes en situation de handicap - Dpress.ma\/fr","robots":{"index":"index","follow":"follow","max-snippet":"max-snippet:-1","max-image-preview":"max-image-preview:large","max-video-preview":"max-video-preview:-1"},"canonical":"https:\/\/dpress.ma\/fr\/2026\/05\/01\/boulemane-pres-de-22-mdh-mobilises-en-2025-pour-ameliorer-les-conditions-des-personnes-en-situation-de-handicap\/","og_locale":"fr_FR","og_type":"article","og_title":"Boulemane: Pr\u00e8s de 22 MDH mobilis\u00e9s en 2025 pour am\u00e9liorer les conditions des personnes en situation de handicap - Dpress.ma\/fr","og_description":"Dpress Pr\u00e8s de 22 millions de dirhams ont \u00e9t\u00e9 mobilis\u00e9s au niveau de la province de Boulemane au titre de l\u2019ann\u00e9e 2025 afin d\u2019am\u00e9liorer les services des \u00e9tablissements et centres de protection sociale ainsi que ceux destin\u00e9s aux personnes en situation de handicap. Selon des donn\u00e9es pr\u00e9sent\u00e9es jeudi lors d\u2019une rencontre organis\u00e9e \u00e0 l\u2019occasion du &hellip;","og_url":"https:\/\/dpress.ma\/fr\/2026\/05\/01\/boulemane-pres-de-22-mdh-mobilises-en-2025-pour-ameliorer-les-conditions-des-personnes-en-situation-de-handicap\/","og_site_name":"Dpress.ma\/fr","article_published_time":"2026-05-01T14:10:40+00:00","og_image":[{"width":2539,"height":1594,"url":"https:\/\/dpress.ma\/fr\/wp-content\/uploads\/sites\/2\/2026\/05\/y.jpg","type":"image\/jpeg"}],"author":"Dpress.ma","twitter_card":"summary_large_image","twitter_misc":{"\u00c9crit par":"Dpress.ma","Dur\u00e9e de lecture estim\u00e9e":"3 minutes"},"schema":{"@context":"https:\/\/schema.org","@graph":[{"@type":"Article","@id":"https:\/\/dpress.ma\/fr\/2026\/05\/01\/boulemane-pres-de-22-mdh-mobilises-en-2025-pour-ameliorer-les-conditions-des-personnes-en-situation-de-handicap\/#article","isPartOf":{"@id":"https:\/\/dpress.ma\/fr\/2026\/05\/01\/boulemane-pres-de-22-mdh-mobilises-en-2025-pour-ameliorer-les-conditions-des-personnes-en-situation-de-handicap\/"},"author":{"name":"Dpress.ma","@id":"https:\/\/dpress.ma\/fr\/#\/schema\/person\/4898febf3ccd59e6578d838656a306a0"},"headline":"Boulemane: Pr\u00e8s de 22 MDH mobilis\u00e9s en 2025 pour am\u00e9liorer les conditions des personnes en situation de handicap","datePublished":"2026-05-01T14:10:40+00:00","mainEntityOfPage":{"@id":"https:\/\/dpress.ma\/fr\/2026\/05\/01\/boulemane-pres-de-22-mdh-mobilises-en-2025-pour-ameliorer-les-conditions-des-personnes-en-situation-de-handicap\/"},"wordCount":600,"commentCount":0,"image":{"@id":"https:\/\/dpress.ma\/fr\/2026\/05\/01\/boulemane-pres-de-22-mdh-mobilises-en-2025-pour-ameliorer-les-conditions-des-personnes-en-situation-de-handicap\/#primaryimage"},"thumbnailUrl":"https:\/\/dpress.ma\/fr\/wp-content\/uploads\/sites\/2\/2026\/05\/y.jpg","articleSection":["societe et regions"],"inLanguage":"fr-FR","potentialAction":[{"@type":"CommentAction","name":"Comment","target":["https:\/\/dpress.ma\/fr\/2026\/05\/01\/boulemane-pres-de-22-mdh-mobilises-en-2025-pour-ameliorer-les-conditions-des-personnes-en-situation-de-handicap\/#respond"]}]},{"@type":"WebPage","@id":"https:\/\/dpress.ma\/fr\/2026\/05\/01\/boulemane-pres-de-22-mdh-mobilises-en-2025-pour-ameliorer-les-conditions-des-personnes-en-situation-de-handicap\/","url":"https:\/\/dpress.ma\/fr\/2026\/05\/01\/boulemane-pres-de-22-mdh-mobilises-en-2025-pour-ameliorer-les-conditions-des-personnes-en-situation-de-handicap\/","name":"Boulemane: Pr\u00e8s de 22 MDH mobilis\u00e9s en 2025 pour am\u00e9liorer les conditions des personnes en situation de handicap - Dpress.ma\/fr","isPartOf":{"@id":"https:\/\/dpress.ma\/fr\/#website"},"primaryImageOfPage":{"@id":"https:\/\/dpress.ma\/fr\/2026\/05\/01\/boulemane-pres-de-22-mdh-mobilises-en-2025-pour-ameliorer-les-conditions-des-personnes-en-situation-de-handicap\/#primaryimage"},"image":{"@id":"https:\/\/dpress.ma\/fr\/2026\/05\/01\/boulemane-pres-de-22-mdh-mobilises-en-2025-pour-ameliorer-les-conditions-des-personnes-en-situation-de-handicap\/#primaryimage"},"thumbnailUrl":"https:\/\/dpress.ma\/fr\/wp-content\/uploads\/sites\/2\/2026\/05\/y.jpg","datePublished":"2026-05-01T14:10:40+00:00","author":{"@id":"https:\/\/dpress.ma\/fr\/#\/schema\/person\/4898febf3ccd59e6578d838656a306a0"},"breadcrumb":{"@id":"https:\/\/dpress.ma\/fr\/2026\/05\/01\/boulemane-pres-de-22-mdh-mobilises-en-2025-pour-ameliorer-les-conditions-des-personnes-en-situation-de-handicap\/#breadcrumb"},"inLanguage":"fr-FR","potentialAction":[{"@type":"ReadAction","target":["https:\/\/dpress.ma\/fr\/2026\/05\/01\/boulemane-pres-de-22-mdh-mobilises-en-2025-pour-ameliorer-les-conditions-des-personnes-en-situation-de-handicap\/"]}]},{"@type":"ImageObject","inLanguage":"fr-FR","@id":"https:\/\/dpress.ma\/fr\/2026\/05\/01\/boulemane-pres-de-22-mdh-mobilises-en-2025-pour-ameliorer-les-conditions-des-personnes-en-situation-de-handicap\/#primaryimage","url":"https:\/\/dpress.ma\/fr\/wp-content\/uploads\/sites\/2\/2026\/05\/y.jpg","contentUrl":"https:\/\/dpress.ma\/fr\/wp-content\/uploads\/sites\/2\/2026\/05\/y.jpg","width":2539,"height":1594},{"@type":"BreadcrumbList","@id":"https:\/\/dpress.ma\/fr\/2026\/05\/01\/boulemane-pres-de-22-mdh-mobilises-en-2025-pour-ameliorer-les-conditions-des-personnes-en-situation-de-handicap\/#breadcrumb","itemListElement":[{"@type":"ListItem","position":1,"name":"Home","item":"https:\/\/dpress.ma\/fr\/"},{"@type":"ListItem","position":2,"name":"Boulemane: Pr\u00e8s de 22 MDH mobilis\u00e9s en 2025 pour am\u00e9liorer les conditions des personnes en situation de handicap"}]},{"@type":"WebSite","@id":"https:\/\/dpress.ma\/fr\/#website","url":"https:\/\/dpress.ma\/fr\/","name":"Dpress.ma\/fr","description":"","potentialAction":[{"@type":"SearchAction","target":{"@type":"EntryPoint","urlTemplate":"https:\/\/dpress.ma\/fr\/?s={search_term_string}"},"query-input":{"@type":"PropertyValueSpecification","valueRequired":true,"valueName":"search_term_string"}}],"inLanguage":"fr-FR"},{"@type":"Person","@id":"https:\/\/dpress.ma\/fr\/#\/schema\/person\/4898febf3ccd59e6578d838656a306a0","name":"Dpress.ma","image":{"@type":"ImageObject","inLanguage":"fr-FR","@id":"https:\/\/secure.gravatar.com\/avatar\/72ecc30e9db047a2e0e7176561eb9d564ed77c8108376495b19bd8336405198a?s=96&d=mm&r=g","url":"https:\/\/secure.gravatar.com\/avatar\/72ecc30e9db047a2e0e7176561eb9d564ed77c8108376495b19bd8336405198a?s=96&d=mm&r=g","contentUrl":"https:\/\/secure.gravatar.com\/avatar\/72ecc30e9db047a2e0e7176561eb9d564ed77c8108376495b19bd8336405198a?s=96&d=mm&r=g","caption":"Dpress.ma"},"sameAs":["https:\/\/www.dpress.ma"],"url":"https:\/\/dpress.ma\/fr\/author\/dpress-ma\/"}]}},"amp_enabled":true,"_links":{"self":[{"href":"https:\/\/dpress.ma\/fr\/wp-json\/wp\/v2\/posts\/29742","targetHints":{"allow":["GET"]}}],"collection":[{"href":"https:\/\/dpress.ma\/fr\/wp-json\/wp\/v2\/posts"}],"about":[{"href":"https:\/\/dpress.ma\/fr\/wp-json\/wp\/v2\/types\/post"}],"author":[{"embeddable":true,"href":"https:\/\/dpress.ma\/fr\/wp-json\/wp\/v2\/users\/2"}],"replies":[{"embeddable":true,"href":"https:\/\/dpress.ma\/fr\/wp-json\/wp\/v2\/comments?post=29742"}],"version-history":[{"count":1,"href":"https:\/\/dpress.ma\/fr\/wp-json\/wp\/v2\/posts\/29742\/revisions"}],"predecessor-version":[{"id":29744,"href":"https:\/\/dpress.ma\/fr\/wp-json\/wp\/v2\/posts\/29742\/revisions\/29744"}],"wp:featuredmedia":[{"embeddable":true,"href":"https:\/\/dpress.ma\/fr\/wp-json\/wp\/v2\/media\/29743"}],"wp:attachment":[{"href":"https:\/\/dpress.ma\/fr\/wp-json\/wp\/v2\/media?parent=29742"}],"wp:term":[{"taxonomy":"category","embeddable":true,"href":"https:\/\/dpress.ma\/fr\/wp-json\/wp\/v2\/categories?post=29742"},{"taxonomy":"post_tag","embeddable":true,"href":"https:\/\/dpress.ma\/fr\/wp-json\/wp\/v2\/tags?post=29742"}],"curies":[{"name":"wp","href":"https:\/\/api.w.org\/{rel}","templated":true}]}}