{"id":29739,"date":"2026-05-01T14:07:31","date_gmt":"2026-05-01T14:07:31","guid":{"rendered":"https:\/\/dpress.ma\/fr\/?p=29739"},"modified":"2026-05-01T14:07:32","modified_gmt":"2026-05-01T14:07:32","slug":"la-reforme-educative-et-les-perspectives-post-2026-au-centre-dun-forum-regional-a-errachidia","status":"publish","type":"post","link":"https:\/\/dpress.ma\/fr\/2026\/05\/01\/la-reforme-educative-et-les-perspectives-post-2026-au-centre-dun-forum-regional-a-errachidia\/","title":{"rendered":"La r\u00e9forme \u00e9ducative et les perspectives post-2026 au centre d\u2019un forum r\u00e9gional \u00e0 Errachidia"},"content":{"rendered":"\n<p class=\"wp-block-paragraph\">Dpress<\/p>\n\n\n\n<p class=\"wp-block-paragraph\">L\u2019Acad\u00e9mie r\u00e9gionale de l\u2019\u00e9ducation et de la formation (AREF) de Dr\u00e2a-Tafilalet a organis\u00e9, jeudi \u00e0 Errachidia, un forum r\u00e9gional de la r\u00e9forme \u00e9ducative, l\u2019occasion de pr\u00e9senter le bilan \u00e9ducatif de la mise en \u0153uvre de la feuille de route 2022-2026 et d\u2019explorer les perspectives post 2026.<\/p>\n\n\n\n<p class=\"wp-block-paragraph\">Ce conclave r\u00e9gional, auquel ont pris part plus de 300 participants (institutionnels, enseignants, inspecteurs, directeurs, acteurs associatifs et partenaires sociaux), a \u00e9t\u00e9 l\u2019occasion d\u2019engager un dialogue constructif autour d\u2019une panoplie de questions ax\u00e9es sur l\u2019\u00e9ducation et de formation, et les moyens susceptibles de rehausser la qualit\u00e9 de l\u2019\u00e9cole marocaine et de renforcer l\u2019\u00e9quit\u00e9 et l\u2019\u00e9galit\u00e9 des chances.<\/p>\n\n\n\n<p class=\"wp-block-paragraph\">Intervenant \u00e0 l\u2019ouverture de cet \u00e9v\u00e9nement, le directeur des Programmes de l\u2019enseignement primaire, au minist\u00e8re de l\u2019\u00c9ducation nationale, du Pr\u00e9scolaire et des Sports, El Houssine Zetit a indiqu\u00e9 que ce forum se veut un espace acad\u00e9mique et scientifique permettant de passer en revue le bilan de la mise en \u0153uvre de programmes du cadre proc\u00e9dural de la feuille de route 2022-2026, mais aussi l\u2019occasion de d\u00e9battre des moyens de d\u00e9veloppement et de promotion du syst\u00e8me \u00e9ducatif.<\/p>\n\n\n\n<p class=\"wp-block-paragraph\">Il s\u2019agit \u00e9galement de l\u2019occasion de mettre en lumi\u00e8re les acquis, d\u2019identifier les contraintes et leurs causes ainsi que d\u2019analyser les r\u00e9sultats afin d\u2019y investir convenablement, a-t-il ajout\u00e9.<\/p>\n\n\n\n<p class=\"wp-block-paragraph\">Le responsable a, par ailleurs, mis en avant les indicateurs positifs et les acquis r\u00e9alis\u00e9s par le programme des Ecoles pionni\u00e8res, notant que l\u2019\u00e9cole marocaine fait l\u2019objet de changements positifs majeurs gr\u00e2ce \u00e0 l\u2019implication des diff\u00e9rents intervenants dans le domaine de l\u2019\u00e9ducation et de la formation.<\/p>\n\n\n\n<p class=\"wp-block-paragraph\">Pour sa part, le directeur de l\u2019AREF de Dr\u00e2a-Tafilalet, Abdelati El Asfar a indiqu\u00e9 que cette rencontre r\u00e9gionale s\u2019inscrit dans le cadre de la mise en \u0153uvre des dispositions de la loi-cadre 51.17 relative au syst\u00e8me d\u2019\u00e9ducation, de formation et de recherche scientifique, ainsi que des engagements strat\u00e9giques de la feuille de route de r\u00e9forme 2022-2026 et de son cadre proc\u00e9dural pour 2025 et 2026, qui ont plac\u00e9 l\u2019apprenant au c\u0153ur de la r\u00e9forme et \u00e9rig\u00e9 la qualit\u00e9 de l\u2019apprentissage, l\u2019\u00e9quit\u00e9, l\u2019ouverture et la gouvernance en piliers fondamentaux pour la mise en place d\u2019une \u00e9cole publique de qualit\u00e9 pour tous.<\/p>\n\n\n\n<p class=\"wp-block-paragraph\">Et d\u2019ajouter que l\u2019AREF de Dr\u00e2a-Tafilalet, gr\u00e2ce \u00e0 l\u2019implication agissante de ses diff\u00e9rentes composantes administratifs, p\u00e9dagogiques et techniques, s\u2019est employ\u00e9e avec responsabilit\u00e9 et engagement \u00e0 mettre en \u0153uvre les divers programmes de r\u00e9forme structurants du minist\u00e8re, tout en adoptant une approche participative et pragmatique, bas\u00e9e sur la proximit\u00e9, le suivi et la mobilisation.<\/p>\n\n\n\n<p class=\"wp-block-paragraph\">Les efforts se sont concentr\u00e9s, a-t-il dit, sur les principaux objectifs de la r\u00e9forme \u00e9ducative, notamment l\u2019am\u00e9lioration des apprentissages fondamentaux, l\u2019augmentation des taux de r\u00e9ussite, la r\u00e9duction du taux d\u2019abandon scolaire la promotion des principes de citoyennet\u00e9, l\u2019am\u00e9lioration de la qualit\u00e9 de la vie scolaire et la promotion de la gouvernance.<\/p>\n\n\n\n<p class=\"wp-block-paragraph\">Les travaux de ce forum ont \u00e9t\u00e9 marqu\u00e9s par la remise de prix \u00e0 des \u00e9tablissements qui se sont distingu\u00e9s dans le cadre du concours national de valorisation des \u2019\u2019Etablissements pionniers.<\/p>\n\n\n\n<p class=\"wp-block-paragraph\">Le forum a \u00e9galement \u00e9t\u00e9 ponctu\u00e9 par l\u2019organisation d\u2019ateliers th\u00e9matiques, permettant de passer en revue, d\u2019examiner et de d\u00e9battre autour de diff\u00e9rents projets et programmes mis en \u0153uvre au niveau des \u00e9tablissements scolaires relevant de la r\u00e9gion.<\/p>\n","protected":false},"excerpt":{"rendered":"<p>Dpress L\u2019Acad\u00e9mie r\u00e9gionale de l\u2019\u00e9ducation et de la formation (AREF) de Dr\u00e2a-Tafilalet a organis\u00e9, jeudi \u00e0 Errachidia, un forum r\u00e9gional de la r\u00e9forme \u00e9ducative, l\u2019occasion de pr\u00e9senter le bilan \u00e9ducatif de la mise en \u0153uvre de la feuille de route 2022-2026 et d\u2019explorer les perspectives post 2026. Ce conclave r\u00e9gional, auquel ont pris part plus &hellip;<\/p>\n","protected":false},"author":2,"featured_media":29740,"comment_status":"open","ping_status":"open","sticky":false,"template":"","format":"standard","meta":{"footnotes":""},"categories":[40],"tags":[],"class_list":["post-29739","post","type-post","status-publish","format-standard","has-post-thumbnail","hentry","category-societe-et-regions"],"yoast_head":"<!-- This site is optimized with the Yoast SEO plugin v28.0 - https:\/\/yoast.com\/product\/yoast-seo-wordpress\/ -->\n<title>La r\u00e9forme \u00e9ducative et les perspectives post-2026 au centre d\u2019un forum r\u00e9gional \u00e0 Errachidia - Dpress.ma\/fr<\/title>\n<meta name=\"robots\" content=\"index, follow, max-snippet:-1, max-image-preview:large, max-video-preview:-1\" \/>\n<link rel=\"canonical\" href=\"https:\/\/dpress.ma\/fr\/2026\/05\/01\/la-reforme-educative-et-les-perspectives-post-2026-au-centre-dun-forum-regional-a-errachidia\/\" \/>\n<meta property=\"og:locale\" content=\"fr_FR\" \/>\n<meta property=\"og:type\" content=\"article\" \/>\n<meta property=\"og:title\" content=\"La r\u00e9forme \u00e9ducative et les perspectives post-2026 au centre d\u2019un forum r\u00e9gional \u00e0 Errachidia - Dpress.ma\/fr\" \/>\n<meta property=\"og:description\" content=\"Dpress L\u2019Acad\u00e9mie r\u00e9gionale de l\u2019\u00e9ducation et de la formation (AREF) de Dr\u00e2a-Tafilalet a organis\u00e9, jeudi \u00e0 Errachidia, un forum r\u00e9gional de la r\u00e9forme \u00e9ducative, l\u2019occasion de pr\u00e9senter le bilan \u00e9ducatif de la mise en \u0153uvre de la feuille de route 2022-2026 et d\u2019explorer les perspectives post 2026. Ce conclave r\u00e9gional, auquel ont pris part plus &hellip;\" \/>\n<meta property=\"og:url\" content=\"https:\/\/dpress.ma\/fr\/2026\/05\/01\/la-reforme-educative-et-les-perspectives-post-2026-au-centre-dun-forum-regional-a-errachidia\/\" \/>\n<meta property=\"og:site_name\" content=\"Dpress.ma\/fr\" \/>\n<meta property=\"article:published_time\" content=\"2026-05-01T14:07:31+00:00\" \/>\n<meta property=\"article:modified_time\" content=\"2026-05-01T14:07:32+00:00\" \/>\n<meta property=\"og:image\" content=\"https:\/\/dpress.ma\/fr\/wp-content\/uploads\/sites\/2\/2026\/05\/Dpress3-l.jpg\" \/>\n\t<meta property=\"og:image:width\" content=\"2539\" \/>\n\t<meta property=\"og:image:height\" content=\"1594\" \/>\n\t<meta property=\"og:image:type\" content=\"image\/jpeg\" \/>\n<meta name=\"author\" content=\"Dpress.ma\" \/>\n<meta name=\"twitter:card\" content=\"summary_large_image\" \/>\n<meta name=\"twitter:label1\" content=\"\u00c9crit par\" \/>\n\t<meta name=\"twitter:data1\" content=\"Dpress.ma\" \/>\n\t<meta name=\"twitter:label2\" content=\"Dur\u00e9e de lecture estim\u00e9e\" \/>\n\t<meta name=\"twitter:data2\" content=\"3 minutes\" \/>\n<script type=\"application\/ld+json\" class=\"yoast-schema-graph\">{\"@context\":\"https:\\\/\\\/schema.org\",\"@graph\":[{\"@type\":\"Article\",\"@id\":\"https:\\\/\\\/dpress.ma\\\/fr\\\/2026\\\/05\\\/01\\\/la-reforme-educative-et-les-perspectives-post-2026-au-centre-dun-forum-regional-a-errachidia\\\/#article\",\"isPartOf\":{\"@id\":\"https:\\\/\\\/dpress.ma\\\/fr\\\/2026\\\/05\\\/01\\\/la-reforme-educative-et-les-perspectives-post-2026-au-centre-dun-forum-regional-a-errachidia\\\/\"},\"author\":{\"name\":\"Dpress.ma\",\"@id\":\"https:\\\/\\\/dpress.ma\\\/fr\\\/#\\\/schema\\\/person\\\/4898febf3ccd59e6578d838656a306a0\"},\"headline\":\"La r\u00e9forme \u00e9ducative et les perspectives post-2026 au centre d\u2019un forum r\u00e9gional \u00e0 Errachidia\",\"datePublished\":\"2026-05-01T14:07:31+00:00\",\"dateModified\":\"2026-05-01T14:07:32+00:00\",\"mainEntityOfPage\":{\"@id\":\"https:\\\/\\\/dpress.ma\\\/fr\\\/2026\\\/05\\\/01\\\/la-reforme-educative-et-les-perspectives-post-2026-au-centre-dun-forum-regional-a-errachidia\\\/\"},\"wordCount\":625,\"commentCount\":0,\"image\":{\"@id\":\"https:\\\/\\\/dpress.ma\\\/fr\\\/2026\\\/05\\\/01\\\/la-reforme-educative-et-les-perspectives-post-2026-au-centre-dun-forum-regional-a-errachidia\\\/#primaryimage\"},\"thumbnailUrl\":\"https:\\\/\\\/dpress.ma\\\/fr\\\/wp-content\\\/uploads\\\/sites\\\/2\\\/2026\\\/05\\\/Dpress3-l.jpg\",\"articleSection\":[\"societe et regions\"],\"inLanguage\":\"fr-FR\",\"potentialAction\":[{\"@type\":\"CommentAction\",\"name\":\"Comment\",\"target\":[\"https:\\\/\\\/dpress.ma\\\/fr\\\/2026\\\/05\\\/01\\\/la-reforme-educative-et-les-perspectives-post-2026-au-centre-dun-forum-regional-a-errachidia\\\/#respond\"]}]},{\"@type\":\"WebPage\",\"@id\":\"https:\\\/\\\/dpress.ma\\\/fr\\\/2026\\\/05\\\/01\\\/la-reforme-educative-et-les-perspectives-post-2026-au-centre-dun-forum-regional-a-errachidia\\\/\",\"url\":\"https:\\\/\\\/dpress.ma\\\/fr\\\/2026\\\/05\\\/01\\\/la-reforme-educative-et-les-perspectives-post-2026-au-centre-dun-forum-regional-a-errachidia\\\/\",\"name\":\"La r\u00e9forme \u00e9ducative et les perspectives post-2026 au centre d\u2019un forum r\u00e9gional \u00e0 Errachidia - Dpress.ma\\\/fr\",\"isPartOf\":{\"@id\":\"https:\\\/\\\/dpress.ma\\\/fr\\\/#website\"},\"primaryImageOfPage\":{\"@id\":\"https:\\\/\\\/dpress.ma\\\/fr\\\/2026\\\/05\\\/01\\\/la-reforme-educative-et-les-perspectives-post-2026-au-centre-dun-forum-regional-a-errachidia\\\/#primaryimage\"},\"image\":{\"@id\":\"https:\\\/\\\/dpress.ma\\\/fr\\\/2026\\\/05\\\/01\\\/la-reforme-educative-et-les-perspectives-post-2026-au-centre-dun-forum-regional-a-errachidia\\\/#primaryimage\"},\"thumbnailUrl\":\"https:\\\/\\\/dpress.ma\\\/fr\\\/wp-content\\\/uploads\\\/sites\\\/2\\\/2026\\\/05\\\/Dpress3-l.jpg\",\"datePublished\":\"2026-05-01T14:07:31+00:00\",\"dateModified\":\"2026-05-01T14:07:32+00:00\",\"author\":{\"@id\":\"https:\\\/\\\/dpress.ma\\\/fr\\\/#\\\/schema\\\/person\\\/4898febf3ccd59e6578d838656a306a0\"},\"breadcrumb\":{\"@id\":\"https:\\\/\\\/dpress.ma\\\/fr\\\/2026\\\/05\\\/01\\\/la-reforme-educative-et-les-perspectives-post-2026-au-centre-dun-forum-regional-a-errachidia\\\/#breadcrumb\"},\"inLanguage\":\"fr-FR\",\"potentialAction\":[{\"@type\":\"ReadAction\",\"target\":[\"https:\\\/\\\/dpress.ma\\\/fr\\\/2026\\\/05\\\/01\\\/la-reforme-educative-et-les-perspectives-post-2026-au-centre-dun-forum-regional-a-errachidia\\\/\"]}]},{\"@type\":\"ImageObject\",\"inLanguage\":\"fr-FR\",\"@id\":\"https:\\\/\\\/dpress.ma\\\/fr\\\/2026\\\/05\\\/01\\\/la-reforme-educative-et-les-perspectives-post-2026-au-centre-dun-forum-regional-a-errachidia\\\/#primaryimage\",\"url\":\"https:\\\/\\\/dpress.ma\\\/fr\\\/wp-content\\\/uploads\\\/sites\\\/2\\\/2026\\\/05\\\/Dpress3-l.jpg\",\"contentUrl\":\"https:\\\/\\\/dpress.ma\\\/fr\\\/wp-content\\\/uploads\\\/sites\\\/2\\\/2026\\\/05\\\/Dpress3-l.jpg\",\"width\":2539,\"height\":1594},{\"@type\":\"BreadcrumbList\",\"@id\":\"https:\\\/\\\/dpress.ma\\\/fr\\\/2026\\\/05\\\/01\\\/la-reforme-educative-et-les-perspectives-post-2026-au-centre-dun-forum-regional-a-errachidia\\\/#breadcrumb\",\"itemListElement\":[{\"@type\":\"ListItem\",\"position\":1,\"name\":\"Home\",\"item\":\"https:\\\/\\\/dpress.ma\\\/fr\\\/\"},{\"@type\":\"ListItem\",\"position\":2,\"name\":\"La r\u00e9forme \u00e9ducative et les perspectives post-2026 au centre d\u2019un forum r\u00e9gional \u00e0 Errachidia\"}]},{\"@type\":\"WebSite\",\"@id\":\"https:\\\/\\\/dpress.ma\\\/fr\\\/#website\",\"url\":\"https:\\\/\\\/dpress.ma\\\/fr\\\/\",\"name\":\"Dpress.ma\\\/fr\",\"description\":\"\",\"potentialAction\":[{\"@type\":\"SearchAction\",\"target\":{\"@type\":\"EntryPoint\",\"urlTemplate\":\"https:\\\/\\\/dpress.ma\\\/fr\\\/?s={search_term_string}\"},\"query-input\":{\"@type\":\"PropertyValueSpecification\",\"valueRequired\":true,\"valueName\":\"search_term_string\"}}],\"inLanguage\":\"fr-FR\"},{\"@type\":\"Person\",\"@id\":\"https:\\\/\\\/dpress.ma\\\/fr\\\/#\\\/schema\\\/person\\\/4898febf3ccd59e6578d838656a306a0\",\"name\":\"Dpress.ma\",\"image\":{\"@type\":\"ImageObject\",\"inLanguage\":\"fr-FR\",\"@id\":\"https:\\\/\\\/secure.gravatar.com\\\/avatar\\\/72ecc30e9db047a2e0e7176561eb9d564ed77c8108376495b19bd8336405198a?s=96&d=mm&r=g\",\"url\":\"https:\\\/\\\/secure.gravatar.com\\\/avatar\\\/72ecc30e9db047a2e0e7176561eb9d564ed77c8108376495b19bd8336405198a?s=96&d=mm&r=g\",\"contentUrl\":\"https:\\\/\\\/secure.gravatar.com\\\/avatar\\\/72ecc30e9db047a2e0e7176561eb9d564ed77c8108376495b19bd8336405198a?s=96&d=mm&r=g\",\"caption\":\"Dpress.ma\"},\"sameAs\":[\"https:\\\/\\\/www.dpress.ma\"],\"url\":\"https:\\\/\\\/dpress.ma\\\/fr\\\/author\\\/dpress-ma\\\/\"}]}<\/script>\n<!-- \/ Yoast SEO plugin. -->","yoast_head_json":{"title":"La r\u00e9forme \u00e9ducative et les perspectives post-2026 au centre d\u2019un forum r\u00e9gional \u00e0 Errachidia - Dpress.ma\/fr","robots":{"index":"index","follow":"follow","max-snippet":"max-snippet:-1","max-image-preview":"max-image-preview:large","max-video-preview":"max-video-preview:-1"},"canonical":"https:\/\/dpress.ma\/fr\/2026\/05\/01\/la-reforme-educative-et-les-perspectives-post-2026-au-centre-dun-forum-regional-a-errachidia\/","og_locale":"fr_FR","og_type":"article","og_title":"La r\u00e9forme \u00e9ducative et les perspectives post-2026 au centre d\u2019un forum r\u00e9gional \u00e0 Errachidia - Dpress.ma\/fr","og_description":"Dpress L\u2019Acad\u00e9mie r\u00e9gionale de l\u2019\u00e9ducation et de la formation (AREF) de Dr\u00e2a-Tafilalet a organis\u00e9, jeudi \u00e0 Errachidia, un forum r\u00e9gional de la r\u00e9forme \u00e9ducative, l\u2019occasion de pr\u00e9senter le bilan \u00e9ducatif de la mise en \u0153uvre de la feuille de route 2022-2026 et d\u2019explorer les perspectives post 2026. Ce conclave r\u00e9gional, auquel ont pris part plus &hellip;","og_url":"https:\/\/dpress.ma\/fr\/2026\/05\/01\/la-reforme-educative-et-les-perspectives-post-2026-au-centre-dun-forum-regional-a-errachidia\/","og_site_name":"Dpress.ma\/fr","article_published_time":"2026-05-01T14:07:31+00:00","article_modified_time":"2026-05-01T14:07:32+00:00","og_image":[{"width":2539,"height":1594,"url":"https:\/\/dpress.ma\/fr\/wp-content\/uploads\/sites\/2\/2026\/05\/Dpress3-l.jpg","type":"image\/jpeg"}],"author":"Dpress.ma","twitter_card":"summary_large_image","twitter_misc":{"\u00c9crit par":"Dpress.ma","Dur\u00e9e de lecture estim\u00e9e":"3 minutes"},"schema":{"@context":"https:\/\/schema.org","@graph":[{"@type":"Article","@id":"https:\/\/dpress.ma\/fr\/2026\/05\/01\/la-reforme-educative-et-les-perspectives-post-2026-au-centre-dun-forum-regional-a-errachidia\/#article","isPartOf":{"@id":"https:\/\/dpress.ma\/fr\/2026\/05\/01\/la-reforme-educative-et-les-perspectives-post-2026-au-centre-dun-forum-regional-a-errachidia\/"},"author":{"name":"Dpress.ma","@id":"https:\/\/dpress.ma\/fr\/#\/schema\/person\/4898febf3ccd59e6578d838656a306a0"},"headline":"La r\u00e9forme \u00e9ducative et les perspectives post-2026 au centre d\u2019un forum r\u00e9gional \u00e0 Errachidia","datePublished":"2026-05-01T14:07:31+00:00","dateModified":"2026-05-01T14:07:32+00:00","mainEntityOfPage":{"@id":"https:\/\/dpress.ma\/fr\/2026\/05\/01\/la-reforme-educative-et-les-perspectives-post-2026-au-centre-dun-forum-regional-a-errachidia\/"},"wordCount":625,"commentCount":0,"image":{"@id":"https:\/\/dpress.ma\/fr\/2026\/05\/01\/la-reforme-educative-et-les-perspectives-post-2026-au-centre-dun-forum-regional-a-errachidia\/#primaryimage"},"thumbnailUrl":"https:\/\/dpress.ma\/fr\/wp-content\/uploads\/sites\/2\/2026\/05\/Dpress3-l.jpg","articleSection":["societe et regions"],"inLanguage":"fr-FR","potentialAction":[{"@type":"CommentAction","name":"Comment","target":["https:\/\/dpress.ma\/fr\/2026\/05\/01\/la-reforme-educative-et-les-perspectives-post-2026-au-centre-dun-forum-regional-a-errachidia\/#respond"]}]},{"@type":"WebPage","@id":"https:\/\/dpress.ma\/fr\/2026\/05\/01\/la-reforme-educative-et-les-perspectives-post-2026-au-centre-dun-forum-regional-a-errachidia\/","url":"https:\/\/dpress.ma\/fr\/2026\/05\/01\/la-reforme-educative-et-les-perspectives-post-2026-au-centre-dun-forum-regional-a-errachidia\/","name":"La r\u00e9forme \u00e9ducative et les perspectives post-2026 au centre d\u2019un forum r\u00e9gional \u00e0 Errachidia - Dpress.ma\/fr","isPartOf":{"@id":"https:\/\/dpress.ma\/fr\/#website"},"primaryImageOfPage":{"@id":"https:\/\/dpress.ma\/fr\/2026\/05\/01\/la-reforme-educative-et-les-perspectives-post-2026-au-centre-dun-forum-regional-a-errachidia\/#primaryimage"},"image":{"@id":"https:\/\/dpress.ma\/fr\/2026\/05\/01\/la-reforme-educative-et-les-perspectives-post-2026-au-centre-dun-forum-regional-a-errachidia\/#primaryimage"},"thumbnailUrl":"https:\/\/dpress.ma\/fr\/wp-content\/uploads\/sites\/2\/2026\/05\/Dpress3-l.jpg","datePublished":"2026-05-01T14:07:31+00:00","dateModified":"2026-05-01T14:07:32+00:00","author":{"@id":"https:\/\/dpress.ma\/fr\/#\/schema\/person\/4898febf3ccd59e6578d838656a306a0"},"breadcrumb":{"@id":"https:\/\/dpress.ma\/fr\/2026\/05\/01\/la-reforme-educative-et-les-perspectives-post-2026-au-centre-dun-forum-regional-a-errachidia\/#breadcrumb"},"inLanguage":"fr-FR","potentialAction":[{"@type":"ReadAction","target":["https:\/\/dpress.ma\/fr\/2026\/05\/01\/la-reforme-educative-et-les-perspectives-post-2026-au-centre-dun-forum-regional-a-errachidia\/"]}]},{"@type":"ImageObject","inLanguage":"fr-FR","@id":"https:\/\/dpress.ma\/fr\/2026\/05\/01\/la-reforme-educative-et-les-perspectives-post-2026-au-centre-dun-forum-regional-a-errachidia\/#primaryimage","url":"https:\/\/dpress.ma\/fr\/wp-content\/uploads\/sites\/2\/2026\/05\/Dpress3-l.jpg","contentUrl":"https:\/\/dpress.ma\/fr\/wp-content\/uploads\/sites\/2\/2026\/05\/Dpress3-l.jpg","width":2539,"height":1594},{"@type":"BreadcrumbList","@id":"https:\/\/dpress.ma\/fr\/2026\/05\/01\/la-reforme-educative-et-les-perspectives-post-2026-au-centre-dun-forum-regional-a-errachidia\/#breadcrumb","itemListElement":[{"@type":"ListItem","position":1,"name":"Home","item":"https:\/\/dpress.ma\/fr\/"},{"@type":"ListItem","position":2,"name":"La r\u00e9forme \u00e9ducative et les perspectives post-2026 au centre d\u2019un forum r\u00e9gional \u00e0 Errachidia"}]},{"@type":"WebSite","@id":"https:\/\/dpress.ma\/fr\/#website","url":"https:\/\/dpress.ma\/fr\/","name":"Dpress.ma\/fr","description":"","potentialAction":[{"@type":"SearchAction","target":{"@type":"EntryPoint","urlTemplate":"https:\/\/dpress.ma\/fr\/?s={search_term_string}"},"query-input":{"@type":"PropertyValueSpecification","valueRequired":true,"valueName":"search_term_string"}}],"inLanguage":"fr-FR"},{"@type":"Person","@id":"https:\/\/dpress.ma\/fr\/#\/schema\/person\/4898febf3ccd59e6578d838656a306a0","name":"Dpress.ma","image":{"@type":"ImageObject","inLanguage":"fr-FR","@id":"https:\/\/secure.gravatar.com\/avatar\/72ecc30e9db047a2e0e7176561eb9d564ed77c8108376495b19bd8336405198a?s=96&d=mm&r=g","url":"https:\/\/secure.gravatar.com\/avatar\/72ecc30e9db047a2e0e7176561eb9d564ed77c8108376495b19bd8336405198a?s=96&d=mm&r=g","contentUrl":"https:\/\/secure.gravatar.com\/avatar\/72ecc30e9db047a2e0e7176561eb9d564ed77c8108376495b19bd8336405198a?s=96&d=mm&r=g","caption":"Dpress.ma"},"sameAs":["https:\/\/www.dpress.ma"],"url":"https:\/\/dpress.ma\/fr\/author\/dpress-ma\/"}]}},"amp_enabled":true,"_links":{"self":[{"href":"https:\/\/dpress.ma\/fr\/wp-json\/wp\/v2\/posts\/29739","targetHints":{"allow":["GET"]}}],"collection":[{"href":"https:\/\/dpress.ma\/fr\/wp-json\/wp\/v2\/posts"}],"about":[{"href":"https:\/\/dpress.ma\/fr\/wp-json\/wp\/v2\/types\/post"}],"author":[{"embeddable":true,"href":"https:\/\/dpress.ma\/fr\/wp-json\/wp\/v2\/users\/2"}],"replies":[{"embeddable":true,"href":"https:\/\/dpress.ma\/fr\/wp-json\/wp\/v2\/comments?post=29739"}],"version-history":[{"count":1,"href":"https:\/\/dpress.ma\/fr\/wp-json\/wp\/v2\/posts\/29739\/revisions"}],"predecessor-version":[{"id":29741,"href":"https:\/\/dpress.ma\/fr\/wp-json\/wp\/v2\/posts\/29739\/revisions\/29741"}],"wp:featuredmedia":[{"embeddable":true,"href":"https:\/\/dpress.ma\/fr\/wp-json\/wp\/v2\/media\/29740"}],"wp:attachment":[{"href":"https:\/\/dpress.ma\/fr\/wp-json\/wp\/v2\/media?parent=29739"}],"wp:term":[{"taxonomy":"category","embeddable":true,"href":"https:\/\/dpress.ma\/fr\/wp-json\/wp\/v2\/categories?post=29739"},{"taxonomy":"post_tag","embeddable":true,"href":"https:\/\/dpress.ma\/fr\/wp-json\/wp\/v2\/tags?post=29739"}],"curies":[{"name":"wp","href":"https:\/\/api.w.org\/{rel}","templated":true}]}}