{"id":29724,"date":"2026-05-01T09:08:00","date_gmt":"2026-05-01T09:08:00","guid":{"rendered":"https:\/\/dpress.ma\/fr\/?p=29724"},"modified":"2026-05-01T10:11:08","modified_gmt":"2026-05-01T10:11:08","slug":"la-ministre-francaise-de-la-culture-salue-le-dynamisme-culturel-marocain-et-levolution-de-son-secteur-museal","status":"publish","type":"post","link":"https:\/\/dpress.ma\/fr\/2026\/05\/01\/la-ministre-francaise-de-la-culture-salue-le-dynamisme-culturel-marocain-et-levolution-de-son-secteur-museal\/","title":{"rendered":"La ministre fran\u00e7aise de la Culture salue le dynamisme culturel marocain et l\u2019\u00e9volution de son secteur mus\u00e9al"},"content":{"rendered":"\n<p>Dpress<\/p>\n\n\n\n<p>La ministre fran\u00e7aise de la Culture Catherine P\u00e9gard a salu\u00e9, jeudi \u00e0 Rabat, le dynamisme culturel que conna\u00eet le Maroc ainsi que l\u2019\u00e9volution de son secteur mus\u00e9al, \u00e0 l\u2019occasion d\u2019une visite au Mus\u00e9e Mohammed VI d\u2019art moderne et contemporain (MMVI).<\/p>\n\n\n\n<p>La responsable fran\u00e7aise, qui a \u00e9t\u00e9 re\u00e7ue notamment par le pr\u00e9sident de la Fondation nationale des mus\u00e9es (FNM) Mehdi Qotbi et la directrice du MMVI Nadia Sabri, a visit\u00e9 les diff\u00e9rentes expositions en cours, mettant en avant leur qualit\u00e9 et la vitalit\u00e9 du paysage artistique au Royaume.<\/p>\n\n\n\n<p>Mme P\u00e9gard a \u00e9galement soulign\u00e9 la solidit\u00e9 du partenariat culturel franco-marocain, marqu\u00e9 par des \u00e9changes r\u00e9guliers et des participations r\u00e9ciproques lors de grands \u00e9v\u00e9nements litt\u00e9raires et artistiques ainsi que par une volont\u00e9 commune de d\u00e9velopper des projets conjoints.<\/p>\n\n\n\n<p>Elle a \u00e9galement indiqu\u00e9 que la coop\u00e9ration culturelle entre les deux pays s\u2019ouvre d\u00e9sormais sur de nouveaux domaines tels que le gaming.<\/p>\n\n\n\n<p>De son c\u00f4t\u00e9, M. Qotbi a relev\u00e9 que cette visite illustre la vitalit\u00e9 de la coop\u00e9ration culturelle entre le Maroc et la France, rappelant que ce partenariat, fond\u00e9 sur une amiti\u00e9 de longue date, contribue au rayonnement des arts et de la culture au-del\u00e0 des fronti\u00e8res.<\/p>\n\n\n\n<p>Cette coop\u00e9ration permet de renforcer les \u00e9changes d\u2019expertises et de consolider un pont culturel durable et mutuellement b\u00e9n\u00e9fique entre les deux pays, a-t-il ajout\u00e9.<\/p>\n\n\n\n<p>A cette occasion, le pr\u00e9sident de la FNM a remis \u00e0 Mme P\u00e9gard, qui \u00e9tait accompagn\u00e9e de l\u2019ambassadeur de France \u00e0 Rabat Christophe Lecourtier et la directrice g\u00e9n\u00e9rale de l\u2019Institut fran\u00e7ais du Maroc Agn\u00e8s Humruzian, un ensemble d\u2019ouvrages documentant les principaux projets et expositions r\u00e9alis\u00e9s en collaboration avec la France.<\/p>\n","protected":false},"excerpt":{"rendered":"<p>Dpress La ministre fran\u00e7aise de la Culture Catherine P\u00e9gard a salu\u00e9, jeudi \u00e0 Rabat, le dynamisme culturel que conna\u00eet le Maroc ainsi que l\u2019\u00e9volution de son secteur mus\u00e9al, \u00e0 l\u2019occasion d\u2019une visite au Mus\u00e9e Mohammed VI d\u2019art moderne et contemporain (MMVI). La responsable fran\u00e7aise, qui a \u00e9t\u00e9 re\u00e7ue notamment par le pr\u00e9sident de la Fondation &hellip;<\/p>\n","protected":false},"author":2,"featured_media":15936,"comment_status":"open","ping_status":"open","sticky":false,"template":"","format":"standard","meta":{"footnotes":""},"categories":[31],"tags":[],"class_list":["post-29724","post","type-post","status-publish","format-standard","has-post-thumbnail","hentry","category-art-et-culture"],"yoast_head":"<!-- This site is optimized with the Yoast SEO plugin v27.5 - https:\/\/yoast.com\/product\/yoast-seo-wordpress\/ -->\n<title>La ministre fran\u00e7aise de la Culture salue le dynamisme culturel marocain et l\u2019\u00e9volution de son secteur mus\u00e9al - Dpress.ma\/fr<\/title>\n<meta name=\"robots\" content=\"index, follow, max-snippet:-1, max-image-preview:large, max-video-preview:-1\" \/>\n<link rel=\"canonical\" href=\"https:\/\/dpress.ma\/fr\/2026\/05\/01\/la-ministre-francaise-de-la-culture-salue-le-dynamisme-culturel-marocain-et-levolution-de-son-secteur-museal\/\" \/>\n<meta property=\"og:locale\" content=\"fr_FR\" \/>\n<meta property=\"og:type\" content=\"article\" \/>\n<meta property=\"og:title\" content=\"La ministre fran\u00e7aise de la Culture salue le dynamisme culturel marocain et l\u2019\u00e9volution de son secteur mus\u00e9al - Dpress.ma\/fr\" \/>\n<meta property=\"og:description\" content=\"Dpress La ministre fran\u00e7aise de la Culture Catherine P\u00e9gard a salu\u00e9, jeudi \u00e0 Rabat, le dynamisme culturel que conna\u00eet le Maroc ainsi que l\u2019\u00e9volution de son secteur mus\u00e9al, \u00e0 l\u2019occasion d\u2019une visite au Mus\u00e9e Mohammed VI d\u2019art moderne et contemporain (MMVI). La responsable fran\u00e7aise, qui a \u00e9t\u00e9 re\u00e7ue notamment par le pr\u00e9sident de la Fondation &hellip;\" \/>\n<meta property=\"og:url\" content=\"https:\/\/dpress.ma\/fr\/2026\/05\/01\/la-ministre-francaise-de-la-culture-salue-le-dynamisme-culturel-marocain-et-levolution-de-son-secteur-museal\/\" \/>\n<meta property=\"og:site_name\" content=\"Dpress.ma\/fr\" \/>\n<meta property=\"article:published_time\" content=\"2026-05-01T09:08:00+00:00\" \/>\n<meta property=\"article:modified_time\" content=\"2026-05-01T10:11:08+00:00\" \/>\n<meta property=\"og:image\" content=\"https:\/\/dpress.ma\/fr\/wp-content\/uploads\/sites\/2\/2025\/09\/maroc-france.png\" \/>\n\t<meta property=\"og:image:width\" content=\"780\" \/>\n\t<meta property=\"og:image:height\" content=\"470\" \/>\n\t<meta property=\"og:image:type\" content=\"image\/png\" \/>\n<meta name=\"author\" content=\"Dpress.ma\" \/>\n<meta name=\"twitter:card\" content=\"summary_large_image\" \/>\n<meta name=\"twitter:label1\" content=\"\u00c9crit par\" \/>\n\t<meta name=\"twitter:data1\" content=\"Dpress.ma\" \/>\n\t<meta name=\"twitter:label2\" content=\"Dur\u00e9e de lecture estim\u00e9e\" \/>\n\t<meta name=\"twitter:data2\" content=\"2 minutes\" \/>\n<script type=\"application\/ld+json\" class=\"yoast-schema-graph\">{\"@context\":\"https:\\\/\\\/schema.org\",\"@graph\":[{\"@type\":\"Article\",\"@id\":\"https:\\\/\\\/dpress.ma\\\/fr\\\/2026\\\/05\\\/01\\\/la-ministre-francaise-de-la-culture-salue-le-dynamisme-culturel-marocain-et-levolution-de-son-secteur-museal\\\/#article\",\"isPartOf\":{\"@id\":\"https:\\\/\\\/dpress.ma\\\/fr\\\/2026\\\/05\\\/01\\\/la-ministre-francaise-de-la-culture-salue-le-dynamisme-culturel-marocain-et-levolution-de-son-secteur-museal\\\/\"},\"author\":{\"name\":\"Dpress.ma\",\"@id\":\"https:\\\/\\\/dpress.ma\\\/fr\\\/#\\\/schema\\\/person\\\/4898febf3ccd59e6578d838656a306a0\"},\"headline\":\"La ministre fran\u00e7aise de la Culture salue le dynamisme culturel marocain et l\u2019\u00e9volution de son secteur mus\u00e9al\",\"datePublished\":\"2026-05-01T09:08:00+00:00\",\"dateModified\":\"2026-05-01T10:11:08+00:00\",\"mainEntityOfPage\":{\"@id\":\"https:\\\/\\\/dpress.ma\\\/fr\\\/2026\\\/05\\\/01\\\/la-ministre-francaise-de-la-culture-salue-le-dynamisme-culturel-marocain-et-levolution-de-son-secteur-museal\\\/\"},\"wordCount\":326,\"commentCount\":0,\"image\":{\"@id\":\"https:\\\/\\\/dpress.ma\\\/fr\\\/2026\\\/05\\\/01\\\/la-ministre-francaise-de-la-culture-salue-le-dynamisme-culturel-marocain-et-levolution-de-son-secteur-museal\\\/#primaryimage\"},\"thumbnailUrl\":\"https:\\\/\\\/dpress.ma\\\/fr\\\/wp-content\\\/uploads\\\/sites\\\/2\\\/2025\\\/09\\\/maroc-france.png\",\"articleSection\":[\"Art et Culture\"],\"inLanguage\":\"fr-FR\",\"potentialAction\":[{\"@type\":\"CommentAction\",\"name\":\"Comment\",\"target\":[\"https:\\\/\\\/dpress.ma\\\/fr\\\/2026\\\/05\\\/01\\\/la-ministre-francaise-de-la-culture-salue-le-dynamisme-culturel-marocain-et-levolution-de-son-secteur-museal\\\/#respond\"]}]},{\"@type\":\"WebPage\",\"@id\":\"https:\\\/\\\/dpress.ma\\\/fr\\\/2026\\\/05\\\/01\\\/la-ministre-francaise-de-la-culture-salue-le-dynamisme-culturel-marocain-et-levolution-de-son-secteur-museal\\\/\",\"url\":\"https:\\\/\\\/dpress.ma\\\/fr\\\/2026\\\/05\\\/01\\\/la-ministre-francaise-de-la-culture-salue-le-dynamisme-culturel-marocain-et-levolution-de-son-secteur-museal\\\/\",\"name\":\"La ministre fran\u00e7aise de la Culture salue le dynamisme culturel marocain et l\u2019\u00e9volution de son secteur mus\u00e9al - Dpress.ma\\\/fr\",\"isPartOf\":{\"@id\":\"https:\\\/\\\/dpress.ma\\\/fr\\\/#website\"},\"primaryImageOfPage\":{\"@id\":\"https:\\\/\\\/dpress.ma\\\/fr\\\/2026\\\/05\\\/01\\\/la-ministre-francaise-de-la-culture-salue-le-dynamisme-culturel-marocain-et-levolution-de-son-secteur-museal\\\/#primaryimage\"},\"image\":{\"@id\":\"https:\\\/\\\/dpress.ma\\\/fr\\\/2026\\\/05\\\/01\\\/la-ministre-francaise-de-la-culture-salue-le-dynamisme-culturel-marocain-et-levolution-de-son-secteur-museal\\\/#primaryimage\"},\"thumbnailUrl\":\"https:\\\/\\\/dpress.ma\\\/fr\\\/wp-content\\\/uploads\\\/sites\\\/2\\\/2025\\\/09\\\/maroc-france.png\",\"datePublished\":\"2026-05-01T09:08:00+00:00\",\"dateModified\":\"2026-05-01T10:11:08+00:00\",\"author\":{\"@id\":\"https:\\\/\\\/dpress.ma\\\/fr\\\/#\\\/schema\\\/person\\\/4898febf3ccd59e6578d838656a306a0\"},\"breadcrumb\":{\"@id\":\"https:\\\/\\\/dpress.ma\\\/fr\\\/2026\\\/05\\\/01\\\/la-ministre-francaise-de-la-culture-salue-le-dynamisme-culturel-marocain-et-levolution-de-son-secteur-museal\\\/#breadcrumb\"},\"inLanguage\":\"fr-FR\",\"potentialAction\":[{\"@type\":\"ReadAction\",\"target\":[\"https:\\\/\\\/dpress.ma\\\/fr\\\/2026\\\/05\\\/01\\\/la-ministre-francaise-de-la-culture-salue-le-dynamisme-culturel-marocain-et-levolution-de-son-secteur-museal\\\/\"]}]},{\"@type\":\"ImageObject\",\"inLanguage\":\"fr-FR\",\"@id\":\"https:\\\/\\\/dpress.ma\\\/fr\\\/2026\\\/05\\\/01\\\/la-ministre-francaise-de-la-culture-salue-le-dynamisme-culturel-marocain-et-levolution-de-son-secteur-museal\\\/#primaryimage\",\"url\":\"https:\\\/\\\/dpress.ma\\\/fr\\\/wp-content\\\/uploads\\\/sites\\\/2\\\/2025\\\/09\\\/maroc-france.png\",\"contentUrl\":\"https:\\\/\\\/dpress.ma\\\/fr\\\/wp-content\\\/uploads\\\/sites\\\/2\\\/2025\\\/09\\\/maroc-france.png\",\"width\":780,\"height\":470},{\"@type\":\"BreadcrumbList\",\"@id\":\"https:\\\/\\\/dpress.ma\\\/fr\\\/2026\\\/05\\\/01\\\/la-ministre-francaise-de-la-culture-salue-le-dynamisme-culturel-marocain-et-levolution-de-son-secteur-museal\\\/#breadcrumb\",\"itemListElement\":[{\"@type\":\"ListItem\",\"position\":1,\"name\":\"Home\",\"item\":\"https:\\\/\\\/dpress.ma\\\/fr\\\/\"},{\"@type\":\"ListItem\",\"position\":2,\"name\":\"La ministre fran\u00e7aise de la Culture salue le dynamisme culturel marocain et l\u2019\u00e9volution de son secteur mus\u00e9al\"}]},{\"@type\":\"WebSite\",\"@id\":\"https:\\\/\\\/dpress.ma\\\/fr\\\/#website\",\"url\":\"https:\\\/\\\/dpress.ma\\\/fr\\\/\",\"name\":\"Dpress.ma\\\/fr\",\"description\":\"\",\"potentialAction\":[{\"@type\":\"SearchAction\",\"target\":{\"@type\":\"EntryPoint\",\"urlTemplate\":\"https:\\\/\\\/dpress.ma\\\/fr\\\/?s={search_term_string}\"},\"query-input\":{\"@type\":\"PropertyValueSpecification\",\"valueRequired\":true,\"valueName\":\"search_term_string\"}}],\"inLanguage\":\"fr-FR\"},{\"@type\":\"Person\",\"@id\":\"https:\\\/\\\/dpress.ma\\\/fr\\\/#\\\/schema\\\/person\\\/4898febf3ccd59e6578d838656a306a0\",\"name\":\"Dpress.ma\",\"image\":{\"@type\":\"ImageObject\",\"inLanguage\":\"fr-FR\",\"@id\":\"https:\\\/\\\/secure.gravatar.com\\\/avatar\\\/72ecc30e9db047a2e0e7176561eb9d564ed77c8108376495b19bd8336405198a?s=96&d=mm&r=g\",\"url\":\"https:\\\/\\\/secure.gravatar.com\\\/avatar\\\/72ecc30e9db047a2e0e7176561eb9d564ed77c8108376495b19bd8336405198a?s=96&d=mm&r=g\",\"contentUrl\":\"https:\\\/\\\/secure.gravatar.com\\\/avatar\\\/72ecc30e9db047a2e0e7176561eb9d564ed77c8108376495b19bd8336405198a?s=96&d=mm&r=g\",\"caption\":\"Dpress.ma\"},\"sameAs\":[\"https:\\\/\\\/www.dpress.ma\"],\"url\":\"https:\\\/\\\/dpress.ma\\\/fr\\\/author\\\/dpress-ma\\\/\"}]}<\/script>\n<!-- \/ Yoast SEO plugin. -->","yoast_head_json":{"title":"La ministre fran\u00e7aise de la Culture salue le dynamisme culturel marocain et l\u2019\u00e9volution de son secteur mus\u00e9al - Dpress.ma\/fr","robots":{"index":"index","follow":"follow","max-snippet":"max-snippet:-1","max-image-preview":"max-image-preview:large","max-video-preview":"max-video-preview:-1"},"canonical":"https:\/\/dpress.ma\/fr\/2026\/05\/01\/la-ministre-francaise-de-la-culture-salue-le-dynamisme-culturel-marocain-et-levolution-de-son-secteur-museal\/","og_locale":"fr_FR","og_type":"article","og_title":"La ministre fran\u00e7aise de la Culture salue le dynamisme culturel marocain et l\u2019\u00e9volution de son secteur mus\u00e9al - Dpress.ma\/fr","og_description":"Dpress La ministre fran\u00e7aise de la Culture Catherine P\u00e9gard a salu\u00e9, jeudi \u00e0 Rabat, le dynamisme culturel que conna\u00eet le Maroc ainsi que l\u2019\u00e9volution de son secteur mus\u00e9al, \u00e0 l\u2019occasion d\u2019une visite au Mus\u00e9e Mohammed VI d\u2019art moderne et contemporain (MMVI). La responsable fran\u00e7aise, qui a \u00e9t\u00e9 re\u00e7ue notamment par le pr\u00e9sident de la Fondation &hellip;","og_url":"https:\/\/dpress.ma\/fr\/2026\/05\/01\/la-ministre-francaise-de-la-culture-salue-le-dynamisme-culturel-marocain-et-levolution-de-son-secteur-museal\/","og_site_name":"Dpress.ma\/fr","article_published_time":"2026-05-01T09:08:00+00:00","article_modified_time":"2026-05-01T10:11:08+00:00","og_image":[{"width":780,"height":470,"url":"https:\/\/dpress.ma\/fr\/wp-content\/uploads\/sites\/2\/2025\/09\/maroc-france.png","type":"image\/png"}],"author":"Dpress.ma","twitter_card":"summary_large_image","twitter_misc":{"\u00c9crit par":"Dpress.ma","Dur\u00e9e de lecture estim\u00e9e":"2 minutes"},"schema":{"@context":"https:\/\/schema.org","@graph":[{"@type":"Article","@id":"https:\/\/dpress.ma\/fr\/2026\/05\/01\/la-ministre-francaise-de-la-culture-salue-le-dynamisme-culturel-marocain-et-levolution-de-son-secteur-museal\/#article","isPartOf":{"@id":"https:\/\/dpress.ma\/fr\/2026\/05\/01\/la-ministre-francaise-de-la-culture-salue-le-dynamisme-culturel-marocain-et-levolution-de-son-secteur-museal\/"},"author":{"name":"Dpress.ma","@id":"https:\/\/dpress.ma\/fr\/#\/schema\/person\/4898febf3ccd59e6578d838656a306a0"},"headline":"La ministre fran\u00e7aise de la Culture salue le dynamisme culturel marocain et l\u2019\u00e9volution de son secteur mus\u00e9al","datePublished":"2026-05-01T09:08:00+00:00","dateModified":"2026-05-01T10:11:08+00:00","mainEntityOfPage":{"@id":"https:\/\/dpress.ma\/fr\/2026\/05\/01\/la-ministre-francaise-de-la-culture-salue-le-dynamisme-culturel-marocain-et-levolution-de-son-secteur-museal\/"},"wordCount":326,"commentCount":0,"image":{"@id":"https:\/\/dpress.ma\/fr\/2026\/05\/01\/la-ministre-francaise-de-la-culture-salue-le-dynamisme-culturel-marocain-et-levolution-de-son-secteur-museal\/#primaryimage"},"thumbnailUrl":"https:\/\/dpress.ma\/fr\/wp-content\/uploads\/sites\/2\/2025\/09\/maroc-france.png","articleSection":["Art et Culture"],"inLanguage":"fr-FR","potentialAction":[{"@type":"CommentAction","name":"Comment","target":["https:\/\/dpress.ma\/fr\/2026\/05\/01\/la-ministre-francaise-de-la-culture-salue-le-dynamisme-culturel-marocain-et-levolution-de-son-secteur-museal\/#respond"]}]},{"@type":"WebPage","@id":"https:\/\/dpress.ma\/fr\/2026\/05\/01\/la-ministre-francaise-de-la-culture-salue-le-dynamisme-culturel-marocain-et-levolution-de-son-secteur-museal\/","url":"https:\/\/dpress.ma\/fr\/2026\/05\/01\/la-ministre-francaise-de-la-culture-salue-le-dynamisme-culturel-marocain-et-levolution-de-son-secteur-museal\/","name":"La ministre fran\u00e7aise de la Culture salue le dynamisme culturel marocain et l\u2019\u00e9volution de son secteur mus\u00e9al - Dpress.ma\/fr","isPartOf":{"@id":"https:\/\/dpress.ma\/fr\/#website"},"primaryImageOfPage":{"@id":"https:\/\/dpress.ma\/fr\/2026\/05\/01\/la-ministre-francaise-de-la-culture-salue-le-dynamisme-culturel-marocain-et-levolution-de-son-secteur-museal\/#primaryimage"},"image":{"@id":"https:\/\/dpress.ma\/fr\/2026\/05\/01\/la-ministre-francaise-de-la-culture-salue-le-dynamisme-culturel-marocain-et-levolution-de-son-secteur-museal\/#primaryimage"},"thumbnailUrl":"https:\/\/dpress.ma\/fr\/wp-content\/uploads\/sites\/2\/2025\/09\/maroc-france.png","datePublished":"2026-05-01T09:08:00+00:00","dateModified":"2026-05-01T10:11:08+00:00","author":{"@id":"https:\/\/dpress.ma\/fr\/#\/schema\/person\/4898febf3ccd59e6578d838656a306a0"},"breadcrumb":{"@id":"https:\/\/dpress.ma\/fr\/2026\/05\/01\/la-ministre-francaise-de-la-culture-salue-le-dynamisme-culturel-marocain-et-levolution-de-son-secteur-museal\/#breadcrumb"},"inLanguage":"fr-FR","potentialAction":[{"@type":"ReadAction","target":["https:\/\/dpress.ma\/fr\/2026\/05\/01\/la-ministre-francaise-de-la-culture-salue-le-dynamisme-culturel-marocain-et-levolution-de-son-secteur-museal\/"]}]},{"@type":"ImageObject","inLanguage":"fr-FR","@id":"https:\/\/dpress.ma\/fr\/2026\/05\/01\/la-ministre-francaise-de-la-culture-salue-le-dynamisme-culturel-marocain-et-levolution-de-son-secteur-museal\/#primaryimage","url":"https:\/\/dpress.ma\/fr\/wp-content\/uploads\/sites\/2\/2025\/09\/maroc-france.png","contentUrl":"https:\/\/dpress.ma\/fr\/wp-content\/uploads\/sites\/2\/2025\/09\/maroc-france.png","width":780,"height":470},{"@type":"BreadcrumbList","@id":"https:\/\/dpress.ma\/fr\/2026\/05\/01\/la-ministre-francaise-de-la-culture-salue-le-dynamisme-culturel-marocain-et-levolution-de-son-secteur-museal\/#breadcrumb","itemListElement":[{"@type":"ListItem","position":1,"name":"Home","item":"https:\/\/dpress.ma\/fr\/"},{"@type":"ListItem","position":2,"name":"La ministre fran\u00e7aise de la Culture salue le dynamisme culturel marocain et l\u2019\u00e9volution de son secteur mus\u00e9al"}]},{"@type":"WebSite","@id":"https:\/\/dpress.ma\/fr\/#website","url":"https:\/\/dpress.ma\/fr\/","name":"Dpress.ma\/fr","description":"","potentialAction":[{"@type":"SearchAction","target":{"@type":"EntryPoint","urlTemplate":"https:\/\/dpress.ma\/fr\/?s={search_term_string}"},"query-input":{"@type":"PropertyValueSpecification","valueRequired":true,"valueName":"search_term_string"}}],"inLanguage":"fr-FR"},{"@type":"Person","@id":"https:\/\/dpress.ma\/fr\/#\/schema\/person\/4898febf3ccd59e6578d838656a306a0","name":"Dpress.ma","image":{"@type":"ImageObject","inLanguage":"fr-FR","@id":"https:\/\/secure.gravatar.com\/avatar\/72ecc30e9db047a2e0e7176561eb9d564ed77c8108376495b19bd8336405198a?s=96&d=mm&r=g","url":"https:\/\/secure.gravatar.com\/avatar\/72ecc30e9db047a2e0e7176561eb9d564ed77c8108376495b19bd8336405198a?s=96&d=mm&r=g","contentUrl":"https:\/\/secure.gravatar.com\/avatar\/72ecc30e9db047a2e0e7176561eb9d564ed77c8108376495b19bd8336405198a?s=96&d=mm&r=g","caption":"Dpress.ma"},"sameAs":["https:\/\/www.dpress.ma"],"url":"https:\/\/dpress.ma\/fr\/author\/dpress-ma\/"}]}},"amp_enabled":true,"_links":{"self":[{"href":"https:\/\/dpress.ma\/fr\/wp-json\/wp\/v2\/posts\/29724","targetHints":{"allow":["GET"]}}],"collection":[{"href":"https:\/\/dpress.ma\/fr\/wp-json\/wp\/v2\/posts"}],"about":[{"href":"https:\/\/dpress.ma\/fr\/wp-json\/wp\/v2\/types\/post"}],"author":[{"embeddable":true,"href":"https:\/\/dpress.ma\/fr\/wp-json\/wp\/v2\/users\/2"}],"replies":[{"embeddable":true,"href":"https:\/\/dpress.ma\/fr\/wp-json\/wp\/v2\/comments?post=29724"}],"version-history":[{"count":1,"href":"https:\/\/dpress.ma\/fr\/wp-json\/wp\/v2\/posts\/29724\/revisions"}],"predecessor-version":[{"id":29725,"href":"https:\/\/dpress.ma\/fr\/wp-json\/wp\/v2\/posts\/29724\/revisions\/29725"}],"wp:featuredmedia":[{"embeddable":true,"href":"https:\/\/dpress.ma\/fr\/wp-json\/wp\/v2\/media\/15936"}],"wp:attachment":[{"href":"https:\/\/dpress.ma\/fr\/wp-json\/wp\/v2\/media?parent=29724"}],"wp:term":[{"taxonomy":"category","embeddable":true,"href":"https:\/\/dpress.ma\/fr\/wp-json\/wp\/v2\/categories?post=29724"},{"taxonomy":"post_tag","embeddable":true,"href":"https:\/\/dpress.ma\/fr\/wp-json\/wp\/v2\/tags?post=29724"}],"curies":[{"name":"wp","href":"https:\/\/api.w.org\/{rel}","templated":true}]}}