{"id":29717,"date":"2026-04-30T16:13:07","date_gmt":"2026-04-30T16:13:07","guid":{"rendered":"https:\/\/dpress.ma\/fr\/?p=29717"},"modified":"2026-04-30T16:13:08","modified_gmt":"2026-04-30T16:13:08","slug":"le-conseil-de-gouvernement-prend-connaissance-dun-accord-de-cooperation-securitaire-entre-le-maroc-et-le-burkina-faso","status":"publish","type":"post","link":"https:\/\/dpress.ma\/fr\/2026\/04\/30\/le-conseil-de-gouvernement-prend-connaissance-dun-accord-de-cooperation-securitaire-entre-le-maroc-et-le-burkina-faso\/","title":{"rendered":"Le Conseil de gouvernement prend connaissance d\u2019un accord de coop\u00e9ration s\u00e9curitaire entre le Maroc et le Burkina Faso"},"content":{"rendered":"\n<p>Dpress<\/p>\n\n\n\n<p>Le Conseil de gouvernement a pris connaissance, jeudi \u00e0 Rabat, de l\u2019accord de coop\u00e9ration en mati\u00e8re de s\u00e9curit\u00e9 entre le Royaume du Maroc et la R\u00e9publique du Burkina Faso, sign\u00e9 \u00e0 Ouagadougou le 10 d\u00e9cembre 2025.<\/p>\n\n\n\n<p>A cette occasion, le Conseil s\u2019est inform\u00e9 du projet de loi N\u00b0 028.26 portant approbation dudit accord, pr\u00e9sent\u00e9 par le ministre d\u00e9l\u00e9gu\u00e9 charg\u00e9 des Relations avec le Parlement, porte-parole du gouvernement, au nom du ministre des Affaires \u00e9trang\u00e8res, de la Coop\u00e9ration africaine et des Marocains r\u00e9sidant \u00e0 l\u2019\u00e9tranger, a indiqu\u00e9 M. Mustapha Baitas lors d\u2019un point de presse \u00e0 l\u2019issue du Conseil.<\/p>\n","protected":false},"excerpt":{"rendered":"<p>Dpress Le Conseil de gouvernement a pris connaissance, jeudi \u00e0 Rabat, de l\u2019accord de coop\u00e9ration en mati\u00e8re de s\u00e9curit\u00e9 entre le Royaume du Maroc et la R\u00e9publique du Burkina Faso, sign\u00e9 \u00e0 Ouagadougou le 10 d\u00e9cembre 2025. A cette occasion, le Conseil s\u2019est inform\u00e9 du projet de loi N\u00b0 028.26 portant approbation dudit accord, pr\u00e9sent\u00e9 &hellip;<\/p>\n","protected":false},"author":2,"featured_media":29718,"comment_status":"open","ping_status":"open","sticky":false,"template":"","format":"standard","meta":{"footnotes":""},"categories":[26],"tags":[],"class_list":["post-29717","post","type-post","status-publish","format-standard","has-post-thumbnail","hentry","category-politiques"],"yoast_head":"<!-- This site is optimized with the Yoast SEO plugin v27.5 - https:\/\/yoast.com\/product\/yoast-seo-wordpress\/ -->\n<title>Le Conseil de gouvernement prend connaissance d\u2019un accord de coop\u00e9ration s\u00e9curitaire entre le Maroc et le Burkina Faso - Dpress.ma\/fr<\/title>\n<meta name=\"robots\" content=\"index, follow, max-snippet:-1, max-image-preview:large, max-video-preview:-1\" \/>\n<link rel=\"canonical\" href=\"https:\/\/dpress.ma\/fr\/2026\/04\/30\/le-conseil-de-gouvernement-prend-connaissance-dun-accord-de-cooperation-securitaire-entre-le-maroc-et-le-burkina-faso\/\" \/>\n<meta property=\"og:locale\" content=\"fr_FR\" \/>\n<meta property=\"og:type\" content=\"article\" \/>\n<meta property=\"og:title\" content=\"Le Conseil de gouvernement prend connaissance d\u2019un accord de coop\u00e9ration s\u00e9curitaire entre le Maroc et le Burkina Faso - Dpress.ma\/fr\" \/>\n<meta property=\"og:description\" content=\"Dpress Le Conseil de gouvernement a pris connaissance, jeudi \u00e0 Rabat, de l\u2019accord de coop\u00e9ration en mati\u00e8re de s\u00e9curit\u00e9 entre le Royaume du Maroc et la R\u00e9publique du Burkina Faso, sign\u00e9 \u00e0 Ouagadougou le 10 d\u00e9cembre 2025. A cette occasion, le Conseil s\u2019est inform\u00e9 du projet de loi N\u00b0 028.26 portant approbation dudit accord, pr\u00e9sent\u00e9 &hellip;\" \/>\n<meta property=\"og:url\" content=\"https:\/\/dpress.ma\/fr\/2026\/04\/30\/le-conseil-de-gouvernement-prend-connaissance-dun-accord-de-cooperation-securitaire-entre-le-maroc-et-le-burkina-faso\/\" \/>\n<meta property=\"og:site_name\" content=\"Dpress.ma\/fr\" \/>\n<meta property=\"article:published_time\" content=\"2026-04-30T16:13:07+00:00\" \/>\n<meta property=\"article:modified_time\" content=\"2026-04-30T16:13:08+00:00\" \/>\n<meta property=\"og:image\" content=\"https:\/\/dpress.ma\/fr\/wp-content\/uploads\/sites\/2\/2026\/04\/109.jpg\" \/>\n\t<meta property=\"og:image:width\" content=\"2539\" \/>\n\t<meta property=\"og:image:height\" content=\"1594\" \/>\n\t<meta property=\"og:image:type\" content=\"image\/jpeg\" \/>\n<meta name=\"author\" content=\"Dpress.ma\" \/>\n<meta name=\"twitter:card\" content=\"summary_large_image\" \/>\n<meta name=\"twitter:label1\" content=\"\u00c9crit par\" \/>\n\t<meta name=\"twitter:data1\" content=\"Dpress.ma\" \/>\n\t<meta name=\"twitter:label2\" content=\"Dur\u00e9e de lecture estim\u00e9e\" \/>\n\t<meta name=\"twitter:data2\" content=\"1 minute\" \/>\n<script type=\"application\/ld+json\" class=\"yoast-schema-graph\">{\"@context\":\"https:\\\/\\\/schema.org\",\"@graph\":[{\"@type\":\"Article\",\"@id\":\"https:\\\/\\\/dpress.ma\\\/fr\\\/2026\\\/04\\\/30\\\/le-conseil-de-gouvernement-prend-connaissance-dun-accord-de-cooperation-securitaire-entre-le-maroc-et-le-burkina-faso\\\/#article\",\"isPartOf\":{\"@id\":\"https:\\\/\\\/dpress.ma\\\/fr\\\/2026\\\/04\\\/30\\\/le-conseil-de-gouvernement-prend-connaissance-dun-accord-de-cooperation-securitaire-entre-le-maroc-et-le-burkina-faso\\\/\"},\"author\":{\"name\":\"Dpress.ma\",\"@id\":\"https:\\\/\\\/dpress.ma\\\/fr\\\/#\\\/schema\\\/person\\\/4898febf3ccd59e6578d838656a306a0\"},\"headline\":\"Le Conseil de gouvernement prend connaissance d\u2019un accord de coop\u00e9ration s\u00e9curitaire entre le Maroc et le Burkina Faso\",\"datePublished\":\"2026-04-30T16:13:07+00:00\",\"dateModified\":\"2026-04-30T16:13:08+00:00\",\"mainEntityOfPage\":{\"@id\":\"https:\\\/\\\/dpress.ma\\\/fr\\\/2026\\\/04\\\/30\\\/le-conseil-de-gouvernement-prend-connaissance-dun-accord-de-cooperation-securitaire-entre-le-maroc-et-le-burkina-faso\\\/\"},\"wordCount\":129,\"commentCount\":0,\"image\":{\"@id\":\"https:\\\/\\\/dpress.ma\\\/fr\\\/2026\\\/04\\\/30\\\/le-conseil-de-gouvernement-prend-connaissance-dun-accord-de-cooperation-securitaire-entre-le-maroc-et-le-burkina-faso\\\/#primaryimage\"},\"thumbnailUrl\":\"https:\\\/\\\/dpress.ma\\\/fr\\\/wp-content\\\/uploads\\\/sites\\\/2\\\/2026\\\/04\\\/109.jpg\",\"articleSection\":[\"Politiques\"],\"inLanguage\":\"fr-FR\",\"potentialAction\":[{\"@type\":\"CommentAction\",\"name\":\"Comment\",\"target\":[\"https:\\\/\\\/dpress.ma\\\/fr\\\/2026\\\/04\\\/30\\\/le-conseil-de-gouvernement-prend-connaissance-dun-accord-de-cooperation-securitaire-entre-le-maroc-et-le-burkina-faso\\\/#respond\"]}]},{\"@type\":\"WebPage\",\"@id\":\"https:\\\/\\\/dpress.ma\\\/fr\\\/2026\\\/04\\\/30\\\/le-conseil-de-gouvernement-prend-connaissance-dun-accord-de-cooperation-securitaire-entre-le-maroc-et-le-burkina-faso\\\/\",\"url\":\"https:\\\/\\\/dpress.ma\\\/fr\\\/2026\\\/04\\\/30\\\/le-conseil-de-gouvernement-prend-connaissance-dun-accord-de-cooperation-securitaire-entre-le-maroc-et-le-burkina-faso\\\/\",\"name\":\"Le Conseil de gouvernement prend connaissance d\u2019un accord de coop\u00e9ration s\u00e9curitaire entre le Maroc et le Burkina Faso - Dpress.ma\\\/fr\",\"isPartOf\":{\"@id\":\"https:\\\/\\\/dpress.ma\\\/fr\\\/#website\"},\"primaryImageOfPage\":{\"@id\":\"https:\\\/\\\/dpress.ma\\\/fr\\\/2026\\\/04\\\/30\\\/le-conseil-de-gouvernement-prend-connaissance-dun-accord-de-cooperation-securitaire-entre-le-maroc-et-le-burkina-faso\\\/#primaryimage\"},\"image\":{\"@id\":\"https:\\\/\\\/dpress.ma\\\/fr\\\/2026\\\/04\\\/30\\\/le-conseil-de-gouvernement-prend-connaissance-dun-accord-de-cooperation-securitaire-entre-le-maroc-et-le-burkina-faso\\\/#primaryimage\"},\"thumbnailUrl\":\"https:\\\/\\\/dpress.ma\\\/fr\\\/wp-content\\\/uploads\\\/sites\\\/2\\\/2026\\\/04\\\/109.jpg\",\"datePublished\":\"2026-04-30T16:13:07+00:00\",\"dateModified\":\"2026-04-30T16:13:08+00:00\",\"author\":{\"@id\":\"https:\\\/\\\/dpress.ma\\\/fr\\\/#\\\/schema\\\/person\\\/4898febf3ccd59e6578d838656a306a0\"},\"breadcrumb\":{\"@id\":\"https:\\\/\\\/dpress.ma\\\/fr\\\/2026\\\/04\\\/30\\\/le-conseil-de-gouvernement-prend-connaissance-dun-accord-de-cooperation-securitaire-entre-le-maroc-et-le-burkina-faso\\\/#breadcrumb\"},\"inLanguage\":\"fr-FR\",\"potentialAction\":[{\"@type\":\"ReadAction\",\"target\":[\"https:\\\/\\\/dpress.ma\\\/fr\\\/2026\\\/04\\\/30\\\/le-conseil-de-gouvernement-prend-connaissance-dun-accord-de-cooperation-securitaire-entre-le-maroc-et-le-burkina-faso\\\/\"]}]},{\"@type\":\"ImageObject\",\"inLanguage\":\"fr-FR\",\"@id\":\"https:\\\/\\\/dpress.ma\\\/fr\\\/2026\\\/04\\\/30\\\/le-conseil-de-gouvernement-prend-connaissance-dun-accord-de-cooperation-securitaire-entre-le-maroc-et-le-burkina-faso\\\/#primaryimage\",\"url\":\"https:\\\/\\\/dpress.ma\\\/fr\\\/wp-content\\\/uploads\\\/sites\\\/2\\\/2026\\\/04\\\/109.jpg\",\"contentUrl\":\"https:\\\/\\\/dpress.ma\\\/fr\\\/wp-content\\\/uploads\\\/sites\\\/2\\\/2026\\\/04\\\/109.jpg\",\"width\":2539,\"height\":1594},{\"@type\":\"BreadcrumbList\",\"@id\":\"https:\\\/\\\/dpress.ma\\\/fr\\\/2026\\\/04\\\/30\\\/le-conseil-de-gouvernement-prend-connaissance-dun-accord-de-cooperation-securitaire-entre-le-maroc-et-le-burkina-faso\\\/#breadcrumb\",\"itemListElement\":[{\"@type\":\"ListItem\",\"position\":1,\"name\":\"Home\",\"item\":\"https:\\\/\\\/dpress.ma\\\/fr\\\/\"},{\"@type\":\"ListItem\",\"position\":2,\"name\":\"Le Conseil de gouvernement prend connaissance d\u2019un accord de coop\u00e9ration s\u00e9curitaire entre le Maroc et le Burkina Faso\"}]},{\"@type\":\"WebSite\",\"@id\":\"https:\\\/\\\/dpress.ma\\\/fr\\\/#website\",\"url\":\"https:\\\/\\\/dpress.ma\\\/fr\\\/\",\"name\":\"Dpress.ma\\\/fr\",\"description\":\"\",\"potentialAction\":[{\"@type\":\"SearchAction\",\"target\":{\"@type\":\"EntryPoint\",\"urlTemplate\":\"https:\\\/\\\/dpress.ma\\\/fr\\\/?s={search_term_string}\"},\"query-input\":{\"@type\":\"PropertyValueSpecification\",\"valueRequired\":true,\"valueName\":\"search_term_string\"}}],\"inLanguage\":\"fr-FR\"},{\"@type\":\"Person\",\"@id\":\"https:\\\/\\\/dpress.ma\\\/fr\\\/#\\\/schema\\\/person\\\/4898febf3ccd59e6578d838656a306a0\",\"name\":\"Dpress.ma\",\"image\":{\"@type\":\"ImageObject\",\"inLanguage\":\"fr-FR\",\"@id\":\"https:\\\/\\\/secure.gravatar.com\\\/avatar\\\/72ecc30e9db047a2e0e7176561eb9d564ed77c8108376495b19bd8336405198a?s=96&d=mm&r=g\",\"url\":\"https:\\\/\\\/secure.gravatar.com\\\/avatar\\\/72ecc30e9db047a2e0e7176561eb9d564ed77c8108376495b19bd8336405198a?s=96&d=mm&r=g\",\"contentUrl\":\"https:\\\/\\\/secure.gravatar.com\\\/avatar\\\/72ecc30e9db047a2e0e7176561eb9d564ed77c8108376495b19bd8336405198a?s=96&d=mm&r=g\",\"caption\":\"Dpress.ma\"},\"sameAs\":[\"https:\\\/\\\/www.dpress.ma\"],\"url\":\"https:\\\/\\\/dpress.ma\\\/fr\\\/author\\\/dpress-ma\\\/\"}]}<\/script>\n<!-- \/ Yoast SEO plugin. -->","yoast_head_json":{"title":"Le Conseil de gouvernement prend connaissance d\u2019un accord de coop\u00e9ration s\u00e9curitaire entre le Maroc et le Burkina Faso - Dpress.ma\/fr","robots":{"index":"index","follow":"follow","max-snippet":"max-snippet:-1","max-image-preview":"max-image-preview:large","max-video-preview":"max-video-preview:-1"},"canonical":"https:\/\/dpress.ma\/fr\/2026\/04\/30\/le-conseil-de-gouvernement-prend-connaissance-dun-accord-de-cooperation-securitaire-entre-le-maroc-et-le-burkina-faso\/","og_locale":"fr_FR","og_type":"article","og_title":"Le Conseil de gouvernement prend connaissance d\u2019un accord de coop\u00e9ration s\u00e9curitaire entre le Maroc et le Burkina Faso - Dpress.ma\/fr","og_description":"Dpress Le Conseil de gouvernement a pris connaissance, jeudi \u00e0 Rabat, de l\u2019accord de coop\u00e9ration en mati\u00e8re de s\u00e9curit\u00e9 entre le Royaume du Maroc et la R\u00e9publique du Burkina Faso, sign\u00e9 \u00e0 Ouagadougou le 10 d\u00e9cembre 2025. A cette occasion, le Conseil s\u2019est inform\u00e9 du projet de loi N\u00b0 028.26 portant approbation dudit accord, pr\u00e9sent\u00e9 &hellip;","og_url":"https:\/\/dpress.ma\/fr\/2026\/04\/30\/le-conseil-de-gouvernement-prend-connaissance-dun-accord-de-cooperation-securitaire-entre-le-maroc-et-le-burkina-faso\/","og_site_name":"Dpress.ma\/fr","article_published_time":"2026-04-30T16:13:07+00:00","article_modified_time":"2026-04-30T16:13:08+00:00","og_image":[{"width":2539,"height":1594,"url":"https:\/\/dpress.ma\/fr\/wp-content\/uploads\/sites\/2\/2026\/04\/109.jpg","type":"image\/jpeg"}],"author":"Dpress.ma","twitter_card":"summary_large_image","twitter_misc":{"\u00c9crit par":"Dpress.ma","Dur\u00e9e de lecture estim\u00e9e":"1 minute"},"schema":{"@context":"https:\/\/schema.org","@graph":[{"@type":"Article","@id":"https:\/\/dpress.ma\/fr\/2026\/04\/30\/le-conseil-de-gouvernement-prend-connaissance-dun-accord-de-cooperation-securitaire-entre-le-maroc-et-le-burkina-faso\/#article","isPartOf":{"@id":"https:\/\/dpress.ma\/fr\/2026\/04\/30\/le-conseil-de-gouvernement-prend-connaissance-dun-accord-de-cooperation-securitaire-entre-le-maroc-et-le-burkina-faso\/"},"author":{"name":"Dpress.ma","@id":"https:\/\/dpress.ma\/fr\/#\/schema\/person\/4898febf3ccd59e6578d838656a306a0"},"headline":"Le Conseil de gouvernement prend connaissance d\u2019un accord de coop\u00e9ration s\u00e9curitaire entre le Maroc et le Burkina Faso","datePublished":"2026-04-30T16:13:07+00:00","dateModified":"2026-04-30T16:13:08+00:00","mainEntityOfPage":{"@id":"https:\/\/dpress.ma\/fr\/2026\/04\/30\/le-conseil-de-gouvernement-prend-connaissance-dun-accord-de-cooperation-securitaire-entre-le-maroc-et-le-burkina-faso\/"},"wordCount":129,"commentCount":0,"image":{"@id":"https:\/\/dpress.ma\/fr\/2026\/04\/30\/le-conseil-de-gouvernement-prend-connaissance-dun-accord-de-cooperation-securitaire-entre-le-maroc-et-le-burkina-faso\/#primaryimage"},"thumbnailUrl":"https:\/\/dpress.ma\/fr\/wp-content\/uploads\/sites\/2\/2026\/04\/109.jpg","articleSection":["Politiques"],"inLanguage":"fr-FR","potentialAction":[{"@type":"CommentAction","name":"Comment","target":["https:\/\/dpress.ma\/fr\/2026\/04\/30\/le-conseil-de-gouvernement-prend-connaissance-dun-accord-de-cooperation-securitaire-entre-le-maroc-et-le-burkina-faso\/#respond"]}]},{"@type":"WebPage","@id":"https:\/\/dpress.ma\/fr\/2026\/04\/30\/le-conseil-de-gouvernement-prend-connaissance-dun-accord-de-cooperation-securitaire-entre-le-maroc-et-le-burkina-faso\/","url":"https:\/\/dpress.ma\/fr\/2026\/04\/30\/le-conseil-de-gouvernement-prend-connaissance-dun-accord-de-cooperation-securitaire-entre-le-maroc-et-le-burkina-faso\/","name":"Le Conseil de gouvernement prend connaissance d\u2019un accord de coop\u00e9ration s\u00e9curitaire entre le Maroc et le Burkina Faso - Dpress.ma\/fr","isPartOf":{"@id":"https:\/\/dpress.ma\/fr\/#website"},"primaryImageOfPage":{"@id":"https:\/\/dpress.ma\/fr\/2026\/04\/30\/le-conseil-de-gouvernement-prend-connaissance-dun-accord-de-cooperation-securitaire-entre-le-maroc-et-le-burkina-faso\/#primaryimage"},"image":{"@id":"https:\/\/dpress.ma\/fr\/2026\/04\/30\/le-conseil-de-gouvernement-prend-connaissance-dun-accord-de-cooperation-securitaire-entre-le-maroc-et-le-burkina-faso\/#primaryimage"},"thumbnailUrl":"https:\/\/dpress.ma\/fr\/wp-content\/uploads\/sites\/2\/2026\/04\/109.jpg","datePublished":"2026-04-30T16:13:07+00:00","dateModified":"2026-04-30T16:13:08+00:00","author":{"@id":"https:\/\/dpress.ma\/fr\/#\/schema\/person\/4898febf3ccd59e6578d838656a306a0"},"breadcrumb":{"@id":"https:\/\/dpress.ma\/fr\/2026\/04\/30\/le-conseil-de-gouvernement-prend-connaissance-dun-accord-de-cooperation-securitaire-entre-le-maroc-et-le-burkina-faso\/#breadcrumb"},"inLanguage":"fr-FR","potentialAction":[{"@type":"ReadAction","target":["https:\/\/dpress.ma\/fr\/2026\/04\/30\/le-conseil-de-gouvernement-prend-connaissance-dun-accord-de-cooperation-securitaire-entre-le-maroc-et-le-burkina-faso\/"]}]},{"@type":"ImageObject","inLanguage":"fr-FR","@id":"https:\/\/dpress.ma\/fr\/2026\/04\/30\/le-conseil-de-gouvernement-prend-connaissance-dun-accord-de-cooperation-securitaire-entre-le-maroc-et-le-burkina-faso\/#primaryimage","url":"https:\/\/dpress.ma\/fr\/wp-content\/uploads\/sites\/2\/2026\/04\/109.jpg","contentUrl":"https:\/\/dpress.ma\/fr\/wp-content\/uploads\/sites\/2\/2026\/04\/109.jpg","width":2539,"height":1594},{"@type":"BreadcrumbList","@id":"https:\/\/dpress.ma\/fr\/2026\/04\/30\/le-conseil-de-gouvernement-prend-connaissance-dun-accord-de-cooperation-securitaire-entre-le-maroc-et-le-burkina-faso\/#breadcrumb","itemListElement":[{"@type":"ListItem","position":1,"name":"Home","item":"https:\/\/dpress.ma\/fr\/"},{"@type":"ListItem","position":2,"name":"Le Conseil de gouvernement prend connaissance d\u2019un accord de coop\u00e9ration s\u00e9curitaire entre le Maroc et le Burkina Faso"}]},{"@type":"WebSite","@id":"https:\/\/dpress.ma\/fr\/#website","url":"https:\/\/dpress.ma\/fr\/","name":"Dpress.ma\/fr","description":"","potentialAction":[{"@type":"SearchAction","target":{"@type":"EntryPoint","urlTemplate":"https:\/\/dpress.ma\/fr\/?s={search_term_string}"},"query-input":{"@type":"PropertyValueSpecification","valueRequired":true,"valueName":"search_term_string"}}],"inLanguage":"fr-FR"},{"@type":"Person","@id":"https:\/\/dpress.ma\/fr\/#\/schema\/person\/4898febf3ccd59e6578d838656a306a0","name":"Dpress.ma","image":{"@type":"ImageObject","inLanguage":"fr-FR","@id":"https:\/\/secure.gravatar.com\/avatar\/72ecc30e9db047a2e0e7176561eb9d564ed77c8108376495b19bd8336405198a?s=96&d=mm&r=g","url":"https:\/\/secure.gravatar.com\/avatar\/72ecc30e9db047a2e0e7176561eb9d564ed77c8108376495b19bd8336405198a?s=96&d=mm&r=g","contentUrl":"https:\/\/secure.gravatar.com\/avatar\/72ecc30e9db047a2e0e7176561eb9d564ed77c8108376495b19bd8336405198a?s=96&d=mm&r=g","caption":"Dpress.ma"},"sameAs":["https:\/\/www.dpress.ma"],"url":"https:\/\/dpress.ma\/fr\/author\/dpress-ma\/"}]}},"amp_enabled":true,"_links":{"self":[{"href":"https:\/\/dpress.ma\/fr\/wp-json\/wp\/v2\/posts\/29717","targetHints":{"allow":["GET"]}}],"collection":[{"href":"https:\/\/dpress.ma\/fr\/wp-json\/wp\/v2\/posts"}],"about":[{"href":"https:\/\/dpress.ma\/fr\/wp-json\/wp\/v2\/types\/post"}],"author":[{"embeddable":true,"href":"https:\/\/dpress.ma\/fr\/wp-json\/wp\/v2\/users\/2"}],"replies":[{"embeddable":true,"href":"https:\/\/dpress.ma\/fr\/wp-json\/wp\/v2\/comments?post=29717"}],"version-history":[{"count":1,"href":"https:\/\/dpress.ma\/fr\/wp-json\/wp\/v2\/posts\/29717\/revisions"}],"predecessor-version":[{"id":29719,"href":"https:\/\/dpress.ma\/fr\/wp-json\/wp\/v2\/posts\/29717\/revisions\/29719"}],"wp:featuredmedia":[{"embeddable":true,"href":"https:\/\/dpress.ma\/fr\/wp-json\/wp\/v2\/media\/29718"}],"wp:attachment":[{"href":"https:\/\/dpress.ma\/fr\/wp-json\/wp\/v2\/media?parent=29717"}],"wp:term":[{"taxonomy":"category","embeddable":true,"href":"https:\/\/dpress.ma\/fr\/wp-json\/wp\/v2\/categories?post=29717"},{"taxonomy":"post_tag","embeddable":true,"href":"https:\/\/dpress.ma\/fr\/wp-json\/wp\/v2\/tags?post=29717"}],"curies":[{"name":"wp","href":"https:\/\/api.w.org\/{rel}","templated":true}]}}