{"id":29714,"date":"2026-04-30T16:12:16","date_gmt":"2026-04-30T16:12:16","guid":{"rendered":"https:\/\/dpress.ma\/fr\/?p=29714"},"modified":"2026-04-30T16:12:17","modified_gmt":"2026-04-30T16:12:17","slug":"le-conseil-de-gouvernement-suit-un-expose-sur-letat-davancement-des-preparatifs-pour-les-prochaines-elections-legislatives","status":"publish","type":"post","link":"https:\/\/dpress.ma\/fr\/2026\/04\/30\/le-conseil-de-gouvernement-suit-un-expose-sur-letat-davancement-des-preparatifs-pour-les-prochaines-elections-legislatives\/","title":{"rendered":"Le Conseil de gouvernement suit un expos\u00e9 sur l\u2019\u00e9tat d\u2019avancement des pr\u00e9paratifs pour les prochaines \u00e9lections l\u00e9gislatives"},"content":{"rendered":"\n<p>Dpress<\/p>\n\n\n\n<p>Le Conseil de gouvernement a suivi, jeudi, un expos\u00e9 sur l\u2019\u00e9tat d\u2019avancement des mesures et dispositions pr\u00e9paratoires relatives aux \u00e9lections l\u00e9gislatives pr\u00e9vues le 23 septembre prochain.<\/p>\n\n\n\n<p>Pr\u00e9sent\u00e9 par le ministre de l\u2019Int\u00e9rieur, cet expos\u00e9 a port\u00e9 sur la mise en place des mesures et des<\/p>\n\n\n\n<p> dispositions pr\u00e9paratoires et op\u00e9rationnelles li\u00e9es \u00e0 l\u2019organisation des \u00e9lections l\u00e9gislatives pr\u00e9vues le 23 septembre 2026, a indiqu\u00e9 le ministre d\u00e9l\u00e9gu\u00e9 charg\u00e9 des Relations avec le Parlement, porte-parole du gouvernement, Mustapha Baitas, lors d\u2019un point de presse \u00e0 l\u2019issue de la r\u00e9union hebdomadaire du Conseil.<\/p>\n","protected":false},"excerpt":{"rendered":"<p>Dpress Le Conseil de gouvernement a suivi, jeudi, un expos\u00e9 sur l\u2019\u00e9tat d\u2019avancement des mesures et dispositions pr\u00e9paratoires relatives aux \u00e9lections l\u00e9gislatives pr\u00e9vues le 23 septembre prochain. Pr\u00e9sent\u00e9 par le ministre de l\u2019Int\u00e9rieur, cet expos\u00e9 a port\u00e9 sur la mise en place des mesures et des dispositions pr\u00e9paratoires et op\u00e9rationnelles li\u00e9es \u00e0 l\u2019organisation des \u00e9lections &hellip;<\/p>\n","protected":false},"author":2,"featured_media":29715,"comment_status":"open","ping_status":"open","sticky":false,"template":"","format":"standard","meta":{"footnotes":""},"categories":[26],"tags":[],"class_list":["post-29714","post","type-post","status-publish","format-standard","has-post-thumbnail","hentry","category-politiques"],"yoast_head":"<!-- This site is optimized with the Yoast SEO plugin v27.5 - https:\/\/yoast.com\/product\/yoast-seo-wordpress\/ -->\n<title>Le Conseil de gouvernement suit un expos\u00e9 sur l\u2019\u00e9tat d\u2019avancement des pr\u00e9paratifs pour les prochaines \u00e9lections l\u00e9gislatives - Dpress.ma\/fr<\/title>\n<meta name=\"robots\" content=\"index, follow, max-snippet:-1, max-image-preview:large, max-video-preview:-1\" \/>\n<link rel=\"canonical\" href=\"https:\/\/dpress.ma\/fr\/2026\/04\/30\/le-conseil-de-gouvernement-suit-un-expose-sur-letat-davancement-des-preparatifs-pour-les-prochaines-elections-legislatives\/\" \/>\n<meta property=\"og:locale\" content=\"fr_FR\" \/>\n<meta property=\"og:type\" content=\"article\" \/>\n<meta property=\"og:title\" content=\"Le Conseil de gouvernement suit un expos\u00e9 sur l\u2019\u00e9tat d\u2019avancement des pr\u00e9paratifs pour les prochaines \u00e9lections l\u00e9gislatives - Dpress.ma\/fr\" \/>\n<meta property=\"og:description\" content=\"Dpress Le Conseil de gouvernement a suivi, jeudi, un expos\u00e9 sur l\u2019\u00e9tat d\u2019avancement des mesures et dispositions pr\u00e9paratoires relatives aux \u00e9lections l\u00e9gislatives pr\u00e9vues le 23 septembre prochain. Pr\u00e9sent\u00e9 par le ministre de l\u2019Int\u00e9rieur, cet expos\u00e9 a port\u00e9 sur la mise en place des mesures et des dispositions pr\u00e9paratoires et op\u00e9rationnelles li\u00e9es \u00e0 l\u2019organisation des \u00e9lections &hellip;\" \/>\n<meta property=\"og:url\" content=\"https:\/\/dpress.ma\/fr\/2026\/04\/30\/le-conseil-de-gouvernement-suit-un-expose-sur-letat-davancement-des-preparatifs-pour-les-prochaines-elections-legislatives\/\" \/>\n<meta property=\"og:site_name\" content=\"Dpress.ma\/fr\" \/>\n<meta property=\"article:published_time\" content=\"2026-04-30T16:12:16+00:00\" \/>\n<meta property=\"article:modified_time\" content=\"2026-04-30T16:12:17+00:00\" \/>\n<meta property=\"og:image\" content=\"https:\/\/dpress.ma\/fr\/wp-content\/uploads\/sites\/2\/2026\/04\/108.jpg\" \/>\n\t<meta property=\"og:image:width\" content=\"2539\" \/>\n\t<meta property=\"og:image:height\" content=\"1594\" \/>\n\t<meta property=\"og:image:type\" content=\"image\/jpeg\" \/>\n<meta name=\"author\" content=\"Dpress.ma\" \/>\n<meta name=\"twitter:card\" content=\"summary_large_image\" \/>\n<meta name=\"twitter:label1\" content=\"\u00c9crit par\" \/>\n\t<meta name=\"twitter:data1\" content=\"Dpress.ma\" \/>\n\t<meta name=\"twitter:label2\" content=\"Dur\u00e9e de lecture estim\u00e9e\" \/>\n\t<meta name=\"twitter:data2\" content=\"1 minute\" \/>\n<script type=\"application\/ld+json\" class=\"yoast-schema-graph\">{\"@context\":\"https:\\\/\\\/schema.org\",\"@graph\":[{\"@type\":\"Article\",\"@id\":\"https:\\\/\\\/dpress.ma\\\/fr\\\/2026\\\/04\\\/30\\\/le-conseil-de-gouvernement-suit-un-expose-sur-letat-davancement-des-preparatifs-pour-les-prochaines-elections-legislatives\\\/#article\",\"isPartOf\":{\"@id\":\"https:\\\/\\\/dpress.ma\\\/fr\\\/2026\\\/04\\\/30\\\/le-conseil-de-gouvernement-suit-un-expose-sur-letat-davancement-des-preparatifs-pour-les-prochaines-elections-legislatives\\\/\"},\"author\":{\"name\":\"Dpress.ma\",\"@id\":\"https:\\\/\\\/dpress.ma\\\/fr\\\/#\\\/schema\\\/person\\\/4898febf3ccd59e6578d838656a306a0\"},\"headline\":\"Le Conseil de gouvernement suit un expos\u00e9 sur l\u2019\u00e9tat d\u2019avancement des pr\u00e9paratifs pour les prochaines \u00e9lections l\u00e9gislatives\",\"datePublished\":\"2026-04-30T16:12:16+00:00\",\"dateModified\":\"2026-04-30T16:12:17+00:00\",\"mainEntityOfPage\":{\"@id\":\"https:\\\/\\\/dpress.ma\\\/fr\\\/2026\\\/04\\\/30\\\/le-conseil-de-gouvernement-suit-un-expose-sur-letat-davancement-des-preparatifs-pour-les-prochaines-elections-legislatives\\\/\"},\"wordCount\":125,\"commentCount\":0,\"image\":{\"@id\":\"https:\\\/\\\/dpress.ma\\\/fr\\\/2026\\\/04\\\/30\\\/le-conseil-de-gouvernement-suit-un-expose-sur-letat-davancement-des-preparatifs-pour-les-prochaines-elections-legislatives\\\/#primaryimage\"},\"thumbnailUrl\":\"https:\\\/\\\/dpress.ma\\\/fr\\\/wp-content\\\/uploads\\\/sites\\\/2\\\/2026\\\/04\\\/108.jpg\",\"articleSection\":[\"Politiques\"],\"inLanguage\":\"fr-FR\",\"potentialAction\":[{\"@type\":\"CommentAction\",\"name\":\"Comment\",\"target\":[\"https:\\\/\\\/dpress.ma\\\/fr\\\/2026\\\/04\\\/30\\\/le-conseil-de-gouvernement-suit-un-expose-sur-letat-davancement-des-preparatifs-pour-les-prochaines-elections-legislatives\\\/#respond\"]}]},{\"@type\":\"WebPage\",\"@id\":\"https:\\\/\\\/dpress.ma\\\/fr\\\/2026\\\/04\\\/30\\\/le-conseil-de-gouvernement-suit-un-expose-sur-letat-davancement-des-preparatifs-pour-les-prochaines-elections-legislatives\\\/\",\"url\":\"https:\\\/\\\/dpress.ma\\\/fr\\\/2026\\\/04\\\/30\\\/le-conseil-de-gouvernement-suit-un-expose-sur-letat-davancement-des-preparatifs-pour-les-prochaines-elections-legislatives\\\/\",\"name\":\"Le Conseil de gouvernement suit un expos\u00e9 sur l\u2019\u00e9tat d\u2019avancement des pr\u00e9paratifs pour les prochaines \u00e9lections l\u00e9gislatives - Dpress.ma\\\/fr\",\"isPartOf\":{\"@id\":\"https:\\\/\\\/dpress.ma\\\/fr\\\/#website\"},\"primaryImageOfPage\":{\"@id\":\"https:\\\/\\\/dpress.ma\\\/fr\\\/2026\\\/04\\\/30\\\/le-conseil-de-gouvernement-suit-un-expose-sur-letat-davancement-des-preparatifs-pour-les-prochaines-elections-legislatives\\\/#primaryimage\"},\"image\":{\"@id\":\"https:\\\/\\\/dpress.ma\\\/fr\\\/2026\\\/04\\\/30\\\/le-conseil-de-gouvernement-suit-un-expose-sur-letat-davancement-des-preparatifs-pour-les-prochaines-elections-legislatives\\\/#primaryimage\"},\"thumbnailUrl\":\"https:\\\/\\\/dpress.ma\\\/fr\\\/wp-content\\\/uploads\\\/sites\\\/2\\\/2026\\\/04\\\/108.jpg\",\"datePublished\":\"2026-04-30T16:12:16+00:00\",\"dateModified\":\"2026-04-30T16:12:17+00:00\",\"author\":{\"@id\":\"https:\\\/\\\/dpress.ma\\\/fr\\\/#\\\/schema\\\/person\\\/4898febf3ccd59e6578d838656a306a0\"},\"breadcrumb\":{\"@id\":\"https:\\\/\\\/dpress.ma\\\/fr\\\/2026\\\/04\\\/30\\\/le-conseil-de-gouvernement-suit-un-expose-sur-letat-davancement-des-preparatifs-pour-les-prochaines-elections-legislatives\\\/#breadcrumb\"},\"inLanguage\":\"fr-FR\",\"potentialAction\":[{\"@type\":\"ReadAction\",\"target\":[\"https:\\\/\\\/dpress.ma\\\/fr\\\/2026\\\/04\\\/30\\\/le-conseil-de-gouvernement-suit-un-expose-sur-letat-davancement-des-preparatifs-pour-les-prochaines-elections-legislatives\\\/\"]}]},{\"@type\":\"ImageObject\",\"inLanguage\":\"fr-FR\",\"@id\":\"https:\\\/\\\/dpress.ma\\\/fr\\\/2026\\\/04\\\/30\\\/le-conseil-de-gouvernement-suit-un-expose-sur-letat-davancement-des-preparatifs-pour-les-prochaines-elections-legislatives\\\/#primaryimage\",\"url\":\"https:\\\/\\\/dpress.ma\\\/fr\\\/wp-content\\\/uploads\\\/sites\\\/2\\\/2026\\\/04\\\/108.jpg\",\"contentUrl\":\"https:\\\/\\\/dpress.ma\\\/fr\\\/wp-content\\\/uploads\\\/sites\\\/2\\\/2026\\\/04\\\/108.jpg\",\"width\":2539,\"height\":1594},{\"@type\":\"BreadcrumbList\",\"@id\":\"https:\\\/\\\/dpress.ma\\\/fr\\\/2026\\\/04\\\/30\\\/le-conseil-de-gouvernement-suit-un-expose-sur-letat-davancement-des-preparatifs-pour-les-prochaines-elections-legislatives\\\/#breadcrumb\",\"itemListElement\":[{\"@type\":\"ListItem\",\"position\":1,\"name\":\"Home\",\"item\":\"https:\\\/\\\/dpress.ma\\\/fr\\\/\"},{\"@type\":\"ListItem\",\"position\":2,\"name\":\"Le Conseil de gouvernement suit un expos\u00e9 sur l\u2019\u00e9tat d\u2019avancement des pr\u00e9paratifs pour les prochaines \u00e9lections l\u00e9gislatives\"}]},{\"@type\":\"WebSite\",\"@id\":\"https:\\\/\\\/dpress.ma\\\/fr\\\/#website\",\"url\":\"https:\\\/\\\/dpress.ma\\\/fr\\\/\",\"name\":\"Dpress.ma\\\/fr\",\"description\":\"\",\"potentialAction\":[{\"@type\":\"SearchAction\",\"target\":{\"@type\":\"EntryPoint\",\"urlTemplate\":\"https:\\\/\\\/dpress.ma\\\/fr\\\/?s={search_term_string}\"},\"query-input\":{\"@type\":\"PropertyValueSpecification\",\"valueRequired\":true,\"valueName\":\"search_term_string\"}}],\"inLanguage\":\"fr-FR\"},{\"@type\":\"Person\",\"@id\":\"https:\\\/\\\/dpress.ma\\\/fr\\\/#\\\/schema\\\/person\\\/4898febf3ccd59e6578d838656a306a0\",\"name\":\"Dpress.ma\",\"image\":{\"@type\":\"ImageObject\",\"inLanguage\":\"fr-FR\",\"@id\":\"https:\\\/\\\/secure.gravatar.com\\\/avatar\\\/72ecc30e9db047a2e0e7176561eb9d564ed77c8108376495b19bd8336405198a?s=96&d=mm&r=g\",\"url\":\"https:\\\/\\\/secure.gravatar.com\\\/avatar\\\/72ecc30e9db047a2e0e7176561eb9d564ed77c8108376495b19bd8336405198a?s=96&d=mm&r=g\",\"contentUrl\":\"https:\\\/\\\/secure.gravatar.com\\\/avatar\\\/72ecc30e9db047a2e0e7176561eb9d564ed77c8108376495b19bd8336405198a?s=96&d=mm&r=g\",\"caption\":\"Dpress.ma\"},\"sameAs\":[\"https:\\\/\\\/www.dpress.ma\"],\"url\":\"https:\\\/\\\/dpress.ma\\\/fr\\\/author\\\/dpress-ma\\\/\"}]}<\/script>\n<!-- \/ Yoast SEO plugin. -->","yoast_head_json":{"title":"Le Conseil de gouvernement suit un expos\u00e9 sur l\u2019\u00e9tat d\u2019avancement des pr\u00e9paratifs pour les prochaines \u00e9lections l\u00e9gislatives - Dpress.ma\/fr","robots":{"index":"index","follow":"follow","max-snippet":"max-snippet:-1","max-image-preview":"max-image-preview:large","max-video-preview":"max-video-preview:-1"},"canonical":"https:\/\/dpress.ma\/fr\/2026\/04\/30\/le-conseil-de-gouvernement-suit-un-expose-sur-letat-davancement-des-preparatifs-pour-les-prochaines-elections-legislatives\/","og_locale":"fr_FR","og_type":"article","og_title":"Le Conseil de gouvernement suit un expos\u00e9 sur l\u2019\u00e9tat d\u2019avancement des pr\u00e9paratifs pour les prochaines \u00e9lections l\u00e9gislatives - Dpress.ma\/fr","og_description":"Dpress Le Conseil de gouvernement a suivi, jeudi, un expos\u00e9 sur l\u2019\u00e9tat d\u2019avancement des mesures et dispositions pr\u00e9paratoires relatives aux \u00e9lections l\u00e9gislatives pr\u00e9vues le 23 septembre prochain. Pr\u00e9sent\u00e9 par le ministre de l\u2019Int\u00e9rieur, cet expos\u00e9 a port\u00e9 sur la mise en place des mesures et des dispositions pr\u00e9paratoires et op\u00e9rationnelles li\u00e9es \u00e0 l\u2019organisation des \u00e9lections &hellip;","og_url":"https:\/\/dpress.ma\/fr\/2026\/04\/30\/le-conseil-de-gouvernement-suit-un-expose-sur-letat-davancement-des-preparatifs-pour-les-prochaines-elections-legislatives\/","og_site_name":"Dpress.ma\/fr","article_published_time":"2026-04-30T16:12:16+00:00","article_modified_time":"2026-04-30T16:12:17+00:00","og_image":[{"width":2539,"height":1594,"url":"https:\/\/dpress.ma\/fr\/wp-content\/uploads\/sites\/2\/2026\/04\/108.jpg","type":"image\/jpeg"}],"author":"Dpress.ma","twitter_card":"summary_large_image","twitter_misc":{"\u00c9crit par":"Dpress.ma","Dur\u00e9e de lecture estim\u00e9e":"1 minute"},"schema":{"@context":"https:\/\/schema.org","@graph":[{"@type":"Article","@id":"https:\/\/dpress.ma\/fr\/2026\/04\/30\/le-conseil-de-gouvernement-suit-un-expose-sur-letat-davancement-des-preparatifs-pour-les-prochaines-elections-legislatives\/#article","isPartOf":{"@id":"https:\/\/dpress.ma\/fr\/2026\/04\/30\/le-conseil-de-gouvernement-suit-un-expose-sur-letat-davancement-des-preparatifs-pour-les-prochaines-elections-legislatives\/"},"author":{"name":"Dpress.ma","@id":"https:\/\/dpress.ma\/fr\/#\/schema\/person\/4898febf3ccd59e6578d838656a306a0"},"headline":"Le Conseil de gouvernement suit un expos\u00e9 sur l\u2019\u00e9tat d\u2019avancement des pr\u00e9paratifs pour les prochaines \u00e9lections l\u00e9gislatives","datePublished":"2026-04-30T16:12:16+00:00","dateModified":"2026-04-30T16:12:17+00:00","mainEntityOfPage":{"@id":"https:\/\/dpress.ma\/fr\/2026\/04\/30\/le-conseil-de-gouvernement-suit-un-expose-sur-letat-davancement-des-preparatifs-pour-les-prochaines-elections-legislatives\/"},"wordCount":125,"commentCount":0,"image":{"@id":"https:\/\/dpress.ma\/fr\/2026\/04\/30\/le-conseil-de-gouvernement-suit-un-expose-sur-letat-davancement-des-preparatifs-pour-les-prochaines-elections-legislatives\/#primaryimage"},"thumbnailUrl":"https:\/\/dpress.ma\/fr\/wp-content\/uploads\/sites\/2\/2026\/04\/108.jpg","articleSection":["Politiques"],"inLanguage":"fr-FR","potentialAction":[{"@type":"CommentAction","name":"Comment","target":["https:\/\/dpress.ma\/fr\/2026\/04\/30\/le-conseil-de-gouvernement-suit-un-expose-sur-letat-davancement-des-preparatifs-pour-les-prochaines-elections-legislatives\/#respond"]}]},{"@type":"WebPage","@id":"https:\/\/dpress.ma\/fr\/2026\/04\/30\/le-conseil-de-gouvernement-suit-un-expose-sur-letat-davancement-des-preparatifs-pour-les-prochaines-elections-legislatives\/","url":"https:\/\/dpress.ma\/fr\/2026\/04\/30\/le-conseil-de-gouvernement-suit-un-expose-sur-letat-davancement-des-preparatifs-pour-les-prochaines-elections-legislatives\/","name":"Le Conseil de gouvernement suit un expos\u00e9 sur l\u2019\u00e9tat d\u2019avancement des pr\u00e9paratifs pour les prochaines \u00e9lections l\u00e9gislatives - Dpress.ma\/fr","isPartOf":{"@id":"https:\/\/dpress.ma\/fr\/#website"},"primaryImageOfPage":{"@id":"https:\/\/dpress.ma\/fr\/2026\/04\/30\/le-conseil-de-gouvernement-suit-un-expose-sur-letat-davancement-des-preparatifs-pour-les-prochaines-elections-legislatives\/#primaryimage"},"image":{"@id":"https:\/\/dpress.ma\/fr\/2026\/04\/30\/le-conseil-de-gouvernement-suit-un-expose-sur-letat-davancement-des-preparatifs-pour-les-prochaines-elections-legislatives\/#primaryimage"},"thumbnailUrl":"https:\/\/dpress.ma\/fr\/wp-content\/uploads\/sites\/2\/2026\/04\/108.jpg","datePublished":"2026-04-30T16:12:16+00:00","dateModified":"2026-04-30T16:12:17+00:00","author":{"@id":"https:\/\/dpress.ma\/fr\/#\/schema\/person\/4898febf3ccd59e6578d838656a306a0"},"breadcrumb":{"@id":"https:\/\/dpress.ma\/fr\/2026\/04\/30\/le-conseil-de-gouvernement-suit-un-expose-sur-letat-davancement-des-preparatifs-pour-les-prochaines-elections-legislatives\/#breadcrumb"},"inLanguage":"fr-FR","potentialAction":[{"@type":"ReadAction","target":["https:\/\/dpress.ma\/fr\/2026\/04\/30\/le-conseil-de-gouvernement-suit-un-expose-sur-letat-davancement-des-preparatifs-pour-les-prochaines-elections-legislatives\/"]}]},{"@type":"ImageObject","inLanguage":"fr-FR","@id":"https:\/\/dpress.ma\/fr\/2026\/04\/30\/le-conseil-de-gouvernement-suit-un-expose-sur-letat-davancement-des-preparatifs-pour-les-prochaines-elections-legislatives\/#primaryimage","url":"https:\/\/dpress.ma\/fr\/wp-content\/uploads\/sites\/2\/2026\/04\/108.jpg","contentUrl":"https:\/\/dpress.ma\/fr\/wp-content\/uploads\/sites\/2\/2026\/04\/108.jpg","width":2539,"height":1594},{"@type":"BreadcrumbList","@id":"https:\/\/dpress.ma\/fr\/2026\/04\/30\/le-conseil-de-gouvernement-suit-un-expose-sur-letat-davancement-des-preparatifs-pour-les-prochaines-elections-legislatives\/#breadcrumb","itemListElement":[{"@type":"ListItem","position":1,"name":"Home","item":"https:\/\/dpress.ma\/fr\/"},{"@type":"ListItem","position":2,"name":"Le Conseil de gouvernement suit un expos\u00e9 sur l\u2019\u00e9tat d\u2019avancement des pr\u00e9paratifs pour les prochaines \u00e9lections l\u00e9gislatives"}]},{"@type":"WebSite","@id":"https:\/\/dpress.ma\/fr\/#website","url":"https:\/\/dpress.ma\/fr\/","name":"Dpress.ma\/fr","description":"","potentialAction":[{"@type":"SearchAction","target":{"@type":"EntryPoint","urlTemplate":"https:\/\/dpress.ma\/fr\/?s={search_term_string}"},"query-input":{"@type":"PropertyValueSpecification","valueRequired":true,"valueName":"search_term_string"}}],"inLanguage":"fr-FR"},{"@type":"Person","@id":"https:\/\/dpress.ma\/fr\/#\/schema\/person\/4898febf3ccd59e6578d838656a306a0","name":"Dpress.ma","image":{"@type":"ImageObject","inLanguage":"fr-FR","@id":"https:\/\/secure.gravatar.com\/avatar\/72ecc30e9db047a2e0e7176561eb9d564ed77c8108376495b19bd8336405198a?s=96&d=mm&r=g","url":"https:\/\/secure.gravatar.com\/avatar\/72ecc30e9db047a2e0e7176561eb9d564ed77c8108376495b19bd8336405198a?s=96&d=mm&r=g","contentUrl":"https:\/\/secure.gravatar.com\/avatar\/72ecc30e9db047a2e0e7176561eb9d564ed77c8108376495b19bd8336405198a?s=96&d=mm&r=g","caption":"Dpress.ma"},"sameAs":["https:\/\/www.dpress.ma"],"url":"https:\/\/dpress.ma\/fr\/author\/dpress-ma\/"}]}},"amp_enabled":true,"_links":{"self":[{"href":"https:\/\/dpress.ma\/fr\/wp-json\/wp\/v2\/posts\/29714","targetHints":{"allow":["GET"]}}],"collection":[{"href":"https:\/\/dpress.ma\/fr\/wp-json\/wp\/v2\/posts"}],"about":[{"href":"https:\/\/dpress.ma\/fr\/wp-json\/wp\/v2\/types\/post"}],"author":[{"embeddable":true,"href":"https:\/\/dpress.ma\/fr\/wp-json\/wp\/v2\/users\/2"}],"replies":[{"embeddable":true,"href":"https:\/\/dpress.ma\/fr\/wp-json\/wp\/v2\/comments?post=29714"}],"version-history":[{"count":1,"href":"https:\/\/dpress.ma\/fr\/wp-json\/wp\/v2\/posts\/29714\/revisions"}],"predecessor-version":[{"id":29716,"href":"https:\/\/dpress.ma\/fr\/wp-json\/wp\/v2\/posts\/29714\/revisions\/29716"}],"wp:featuredmedia":[{"embeddable":true,"href":"https:\/\/dpress.ma\/fr\/wp-json\/wp\/v2\/media\/29715"}],"wp:attachment":[{"href":"https:\/\/dpress.ma\/fr\/wp-json\/wp\/v2\/media?parent=29714"}],"wp:term":[{"taxonomy":"category","embeddable":true,"href":"https:\/\/dpress.ma\/fr\/wp-json\/wp\/v2\/categories?post=29714"},{"taxonomy":"post_tag","embeddable":true,"href":"https:\/\/dpress.ma\/fr\/wp-json\/wp\/v2\/tags?post=29714"}],"curies":[{"name":"wp","href":"https:\/\/api.w.org\/{rel}","templated":true}]}}