{"id":29712,"date":"2026-04-30T16:10:15","date_gmt":"2026-04-30T16:10:15","guid":{"rendered":"https:\/\/dpress.ma\/fr\/?p=29712"},"modified":"2026-04-30T16:10:16","modified_gmt":"2026-04-30T16:10:16","slug":"maroc-allemagne-reaffirmation-a-rabat-de-lengagement-a-renforcer-le-partenariat-strategique-multidimensionnel","status":"publish","type":"post","link":"https:\/\/dpress.ma\/fr\/2026\/04\/30\/maroc-allemagne-reaffirmation-a-rabat-de-lengagement-a-renforcer-le-partenariat-strategique-multidimensionnel\/","title":{"rendered":"Maroc-Allemagne : R\u00e9affirmation \u00e0 Rabat de l\u2019engagement \u00e0 renforcer le partenariat strat\u00e9gique multidimensionnel"},"content":{"rendered":"\n<p>Dpress<\/p>\n\n\n\n<p>Le Royaume du Maroc et la R\u00e9publique f\u00e9d\u00e9rale d\u2019Allemagne ont r\u00e9affirm\u00e9, \u00e0 Rabat, leur engagement commun \u00e0 renforcer davantage leur partenariat strat\u00e9gique multidimensionnel, \u00e0 l\u2019occasion du 70e anniversaire des relations diplomatiques.<\/p>\n\n\n\n<p>Dans la d\u00e9claration conjointe adopt\u00e9e \u00e0 l\u2019issue de la deuxi\u00e8me session du Dialogue strat\u00e9gique multidimensionnel Maroc-Allemagne tenue, jeudi, entre le ministre des Affaires \u00e9trang\u00e8res, de la Coop\u00e9ration africaine et des Marocains r\u00e9sidant \u00e0 l\u2019\u00e9tranger, M. Nasser Bourita, et son homologue allemand, M. Johann Wadephul, les deux parties se sont f\u00e9licit\u00e9es de l\u2019excellence des relations bilat\u00e9rales et de la dynamique positive enregistr\u00e9e depuis la premi\u00e8re session tenue en juin 2024 \u00e0 Berlin, mettant en avant les avanc\u00e9es r\u00e9alis\u00e9es dans la mise en \u0153uvre de l\u2019agenda conjoint.<\/p>\n\n\n\n<p>Les ministres ont soulign\u00e9 l\u2019importance de consolider la coop\u00e9ration dans les domaines politique, \u00e9conomique, social, culturel et s\u00e9curitaire, tout en explorant de nouvelles opportunit\u00e9s de partenariat mutuellement b\u00e9n\u00e9fiques, fond\u00e9es sur la confiance et le respect mutuel.<\/p>\n\n\n\n<p>Sur le plan \u00e9conomique, les deux parties ont salu\u00e9 la croissance soutenue des \u00e9changes commerciaux ainsi que le niveau \u00e9lev\u00e9 des investissements, en mettant en exergue les perspectives prometteuses dans les secteurs de la transition \u00e9nerg\u00e9tique, notamment l\u2019hydrog\u00e8ne vert, ainsi que dans les infrastructures, l\u2019\u00e9conomie circulaire et la digitalisation.<\/p>\n\n\n\n<p>Les deux ministres se sont f\u00e9licit\u00e9s du niveau \u00e9lev\u00e9 des investissements allemands et de l\u2019engagement significatif du secteur priv\u00e9 allemand au Maroc, notamment dans les secteurs de l\u2019automobile, de l\u2019a\u00e9ronautique, de la pharmacie et du num\u00e9rique. Ils ont soulign\u00e9 les opportunit\u00e9s offertes par l\u2019hydrog\u00e8ne renouvelable et la transition \u00e9nerg\u00e9tique, ainsi que par les infrastructures et l\u2019\u00e9conomie circulaire.<\/p>\n\n\n\n<p>Les deux ministres ont r\u00e9affirm\u00e9 leur engagement \u00e0 d\u00e9velopper davantage les relations d\u2019investissement et commerciales et ont encourag\u00e9 les acteurs \u00e9conomiques \u00e0 saisir les opportunit\u00e9s existantes et \u00e0 en explorer de nouvelles. Ils ont insist\u00e9 sur le potentiel d\u2019investissement important du Maroc et sur sa participation \u00e0 l\u2019initiative \u201cPacte avec l\u2019Afrique\u201d du G20.<\/p>\n\n\n\n<p>Sur le Plan commercial, les deux ministres des Affaires \u00e9trang\u00e8res ont salu\u00e9 la dynamique remarquable des \u00e9changes commerciaux entre l\u2019Allemagne et le Maroc, marqu\u00e9e par une croissance record et une balance commerciale \u00e9quilibr\u00e9e. Ils se sont f\u00e9licit\u00e9s du renforcement continu du partenariat \u00e9conomique bilat\u00e9ral et de la mont\u00e9e en puissance du Royaume parmi les partenaires commerciaux de l\u2019Allemagne.<\/p>\n\n\n\n<p>Les deux ministres ont soulign\u00e9, \u00e0 cet \u00e9gard, l\u2019importance de la Commission \u00e9conomique mixte bilat\u00e9rale. Ces forums \u00e9conomiques maroco-allemands r\u00e9guliers constitueront une plateforme essentielle r\u00e9unissant les acteurs publics et priv\u00e9s des deux pays, avec pour objectif de renforcer les partenariats industriels, de faciliter les \u00e9changes commerciaux, de promouvoir les investissements crois\u00e9s et de soutenir les projets strat\u00e9giques, notamment dans les domaines de l\u2019industrie, des cha\u00eenes de valeur int\u00e9gr\u00e9es, des \u00e9nergies renouvelables et de l\u2019hydrog\u00e8ne, ainsi que de la num\u00e9risation, y compris l\u2019intelligence artificielle. Ils pourront \u00e9galement contribuer \u00e0 identifier de nouvelles opportunit\u00e9s de coop\u00e9ration \u00e0 forte valeur ajout\u00e9e.<\/p>\n\n\n\n<p>S\u2019agissant de la coop\u00e9ration pour le d\u00e9veloppement, les deux ministres ont r\u00e9it\u00e9r\u00e9 leur int\u00e9r\u00eat \u00e0 poursuivre la coop\u00e9ration triangulaire, comme le projet Femmpact, et la coop\u00e9ration Sud-Sud au profit du continent africain, en s\u2019appuyant sur les exp\u00e9riences acquises dans le cadre de la coop\u00e9ration maroco-allemande et en poursuivant la mise en \u0153uvre des projets en cours, ainsi qu\u2019en explorant la possibilit\u00e9 de les \u00e9tendre \u00e0 d\u2019autres pays africains.<\/p>\n\n\n\n<p>Les deux pays ont \u00e9galement insist\u00e9 sur l\u2019importance de renforcer l\u2019implication des acteurs \u00e9conomiques et territoriaux, ainsi que sur leur engagement commun en faveur du d\u00e9veloppement durable et de la coop\u00e9ration en Afrique.<\/p>\n\n\n\n<p>Dans le domaine de l\u2019environnement, les deux ministres ont r\u00e9affirm\u00e9 leur engagement \u00e0 promouvoir un effort international ambitieux de lutte contre les changements climatiques et leurs effets, visant \u00e0 renforcer la r\u00e9silience pour un avenir durable et prosp\u00e8re, notamment par la coop\u00e9ration dans les domaines de la restauration des for\u00eats et de l\u2019adaptation au changement climatique, ainsi que dans ceux des \u00e9nergies renouvelables, de l\u2019efficacit\u00e9 \u00e9nerg\u00e9tique et de la production d\u2019hydrog\u00e8ne vert. Cet effort permettra de renforcer les \u00e9changes sur la diplomatie climatique en amont de la prochaine COP.<\/p>\n\n\n\n<p>Sur le plan agricole, les deux parties sont convenues de d\u00e9velopper les relations commerciales agricoles bilat\u00e9rales, d\u2019exploiter le potentiel de coop\u00e9ration dans les domaines des technologies agricoles, de l\u2019innovation et de la num\u00e9risation, et de poursuivre les travaux fructueux du groupe de travail interminist\u00e9riel de haut niveau sur l\u2019alimentation et l\u2019agriculture. Elles sont \u00e9galement convenues de poursuivre la coop\u00e9ration entre les institutions de recherche et les autorit\u00e9s et se sont f\u00e9licit\u00e9es du programme de coop\u00e9ration bilat\u00e9rale existant sur l\u2019agriculture biologique et les coop\u00e9ratives, y voyant une approche globale pour une agriculture r\u00e9siliente et durable.<\/p>\n\n\n\n<p>S\u2019agissant de la coop\u00e9ration culturelle, les deux ministres se sont f\u00e9licit\u00e9s de la signature, en janvier 2026 \u00e0 Rabat, de l\u2019accord de partenariat entre la Fondation nationale des mus\u00e9es et la Fondation du patrimoine culturel prussien, marquant ainsi le renforcement de la coop\u00e9ration culturelle entre le Maroc et l\u2019Allemagne dans les domaines scientifique, \u00e9ducatif et culturel et d\u00e9finissant un cadre g\u00e9n\u00e9ral de collaboration fond\u00e9 sur une vision commune du patrimoine comme levier de dialogue interculturel, de partage des connaissances et de d\u00e9veloppement durable.<\/p>\n\n\n\n<p>Les deux ministres ont r\u00e9affirm\u00e9 l\u2019importance de promouvoir la coop\u00e9ration bilat\u00e9rale dans les domaines culturel, religieux et universitaire, de renforcer les relations interpersonnelles et d\u2019accro\u00eetre le nombre d\u2019\u00e9tudiants marocains inscrits dans les \u00e9tablissements d\u2019enseignement sup\u00e9rieur allemands, notamment gr\u00e2ce aux initiatives pertinentes de l\u2019UE.<\/p>\n","protected":false},"excerpt":{"rendered":"<p>Dpress Le Royaume du Maroc et la R\u00e9publique f\u00e9d\u00e9rale d\u2019Allemagne ont r\u00e9affirm\u00e9, \u00e0 Rabat, leur engagement commun \u00e0 renforcer davantage leur partenariat strat\u00e9gique multidimensionnel, \u00e0 l\u2019occasion du 70e anniversaire des relations diplomatiques. Dans la d\u00e9claration conjointe adopt\u00e9e \u00e0 l\u2019issue de la deuxi\u00e8me session du Dialogue strat\u00e9gique multidimensionnel Maroc-Allemagne tenue, jeudi, entre le ministre des Affaires &hellip;<\/p>\n","protected":false},"author":2,"featured_media":29573,"comment_status":"open","ping_status":"open","sticky":false,"template":"","format":"standard","meta":{"footnotes":""},"categories":[26],"tags":[],"class_list":["post-29712","post","type-post","status-publish","format-standard","has-post-thumbnail","hentry","category-politiques"],"yoast_head":"<!-- This site is optimized with the Yoast SEO plugin v27.5 - https:\/\/yoast.com\/product\/yoast-seo-wordpress\/ -->\n<title>Maroc-Allemagne : R\u00e9affirmation \u00e0 Rabat de l\u2019engagement \u00e0 renforcer le partenariat strat\u00e9gique multidimensionnel - Dpress.ma\/fr<\/title>\n<meta name=\"robots\" content=\"index, follow, max-snippet:-1, max-image-preview:large, max-video-preview:-1\" \/>\n<link rel=\"canonical\" href=\"https:\/\/dpress.ma\/fr\/2026\/04\/30\/maroc-allemagne-reaffirmation-a-rabat-de-lengagement-a-renforcer-le-partenariat-strategique-multidimensionnel\/\" \/>\n<meta property=\"og:locale\" content=\"fr_FR\" \/>\n<meta property=\"og:type\" content=\"article\" \/>\n<meta property=\"og:title\" content=\"Maroc-Allemagne : R\u00e9affirmation \u00e0 Rabat de l\u2019engagement \u00e0 renforcer le partenariat strat\u00e9gique multidimensionnel - Dpress.ma\/fr\" \/>\n<meta property=\"og:description\" content=\"Dpress Le Royaume du Maroc et la R\u00e9publique f\u00e9d\u00e9rale d\u2019Allemagne ont r\u00e9affirm\u00e9, \u00e0 Rabat, leur engagement commun \u00e0 renforcer davantage leur partenariat strat\u00e9gique multidimensionnel, \u00e0 l\u2019occasion du 70e anniversaire des relations diplomatiques. Dans la d\u00e9claration conjointe adopt\u00e9e \u00e0 l\u2019issue de la deuxi\u00e8me session du Dialogue strat\u00e9gique multidimensionnel Maroc-Allemagne tenue, jeudi, entre le ministre des Affaires &hellip;\" \/>\n<meta property=\"og:url\" content=\"https:\/\/dpress.ma\/fr\/2026\/04\/30\/maroc-allemagne-reaffirmation-a-rabat-de-lengagement-a-renforcer-le-partenariat-strategique-multidimensionnel\/\" \/>\n<meta property=\"og:site_name\" content=\"Dpress.ma\/fr\" \/>\n<meta property=\"article:published_time\" content=\"2026-04-30T16:10:15+00:00\" \/>\n<meta property=\"article:modified_time\" content=\"2026-04-30T16:10:16+00:00\" \/>\n<meta property=\"og:image\" content=\"https:\/\/dpress.ma\/fr\/wp-content\/uploads\/sites\/2\/2026\/04\/90.jpg\" \/>\n\t<meta property=\"og:image:width\" content=\"2539\" \/>\n\t<meta property=\"og:image:height\" content=\"1594\" \/>\n\t<meta property=\"og:image:type\" content=\"image\/jpeg\" \/>\n<meta name=\"author\" content=\"Dpress.ma\" \/>\n<meta name=\"twitter:card\" content=\"summary_large_image\" \/>\n<meta name=\"twitter:label1\" content=\"\u00c9crit par\" \/>\n\t<meta name=\"twitter:data1\" content=\"Dpress.ma\" \/>\n\t<meta name=\"twitter:label2\" content=\"Dur\u00e9e de lecture estim\u00e9e\" \/>\n\t<meta name=\"twitter:data2\" content=\"5 minutes\" \/>\n<script type=\"application\/ld+json\" class=\"yoast-schema-graph\">{\"@context\":\"https:\\\/\\\/schema.org\",\"@graph\":[{\"@type\":\"Article\",\"@id\":\"https:\\\/\\\/dpress.ma\\\/fr\\\/2026\\\/04\\\/30\\\/maroc-allemagne-reaffirmation-a-rabat-de-lengagement-a-renforcer-le-partenariat-strategique-multidimensionnel\\\/#article\",\"isPartOf\":{\"@id\":\"https:\\\/\\\/dpress.ma\\\/fr\\\/2026\\\/04\\\/30\\\/maroc-allemagne-reaffirmation-a-rabat-de-lengagement-a-renforcer-le-partenariat-strategique-multidimensionnel\\\/\"},\"author\":{\"name\":\"Dpress.ma\",\"@id\":\"https:\\\/\\\/dpress.ma\\\/fr\\\/#\\\/schema\\\/person\\\/4898febf3ccd59e6578d838656a306a0\"},\"headline\":\"Maroc-Allemagne : R\u00e9affirmation \u00e0 Rabat de l\u2019engagement \u00e0 renforcer le partenariat strat\u00e9gique multidimensionnel\",\"datePublished\":\"2026-04-30T16:10:15+00:00\",\"dateModified\":\"2026-04-30T16:10:16+00:00\",\"mainEntityOfPage\":{\"@id\":\"https:\\\/\\\/dpress.ma\\\/fr\\\/2026\\\/04\\\/30\\\/maroc-allemagne-reaffirmation-a-rabat-de-lengagement-a-renforcer-le-partenariat-strategique-multidimensionnel\\\/\"},\"wordCount\":1024,\"commentCount\":0,\"image\":{\"@id\":\"https:\\\/\\\/dpress.ma\\\/fr\\\/2026\\\/04\\\/30\\\/maroc-allemagne-reaffirmation-a-rabat-de-lengagement-a-renforcer-le-partenariat-strategique-multidimensionnel\\\/#primaryimage\"},\"thumbnailUrl\":\"https:\\\/\\\/dpress.ma\\\/fr\\\/wp-content\\\/uploads\\\/sites\\\/2\\\/2026\\\/04\\\/90.jpg\",\"articleSection\":[\"Politiques\"],\"inLanguage\":\"fr-FR\",\"potentialAction\":[{\"@type\":\"CommentAction\",\"name\":\"Comment\",\"target\":[\"https:\\\/\\\/dpress.ma\\\/fr\\\/2026\\\/04\\\/30\\\/maroc-allemagne-reaffirmation-a-rabat-de-lengagement-a-renforcer-le-partenariat-strategique-multidimensionnel\\\/#respond\"]}]},{\"@type\":\"WebPage\",\"@id\":\"https:\\\/\\\/dpress.ma\\\/fr\\\/2026\\\/04\\\/30\\\/maroc-allemagne-reaffirmation-a-rabat-de-lengagement-a-renforcer-le-partenariat-strategique-multidimensionnel\\\/\",\"url\":\"https:\\\/\\\/dpress.ma\\\/fr\\\/2026\\\/04\\\/30\\\/maroc-allemagne-reaffirmation-a-rabat-de-lengagement-a-renforcer-le-partenariat-strategique-multidimensionnel\\\/\",\"name\":\"Maroc-Allemagne : R\u00e9affirmation \u00e0 Rabat de l\u2019engagement \u00e0 renforcer le partenariat strat\u00e9gique multidimensionnel - Dpress.ma\\\/fr\",\"isPartOf\":{\"@id\":\"https:\\\/\\\/dpress.ma\\\/fr\\\/#website\"},\"primaryImageOfPage\":{\"@id\":\"https:\\\/\\\/dpress.ma\\\/fr\\\/2026\\\/04\\\/30\\\/maroc-allemagne-reaffirmation-a-rabat-de-lengagement-a-renforcer-le-partenariat-strategique-multidimensionnel\\\/#primaryimage\"},\"image\":{\"@id\":\"https:\\\/\\\/dpress.ma\\\/fr\\\/2026\\\/04\\\/30\\\/maroc-allemagne-reaffirmation-a-rabat-de-lengagement-a-renforcer-le-partenariat-strategique-multidimensionnel\\\/#primaryimage\"},\"thumbnailUrl\":\"https:\\\/\\\/dpress.ma\\\/fr\\\/wp-content\\\/uploads\\\/sites\\\/2\\\/2026\\\/04\\\/90.jpg\",\"datePublished\":\"2026-04-30T16:10:15+00:00\",\"dateModified\":\"2026-04-30T16:10:16+00:00\",\"author\":{\"@id\":\"https:\\\/\\\/dpress.ma\\\/fr\\\/#\\\/schema\\\/person\\\/4898febf3ccd59e6578d838656a306a0\"},\"breadcrumb\":{\"@id\":\"https:\\\/\\\/dpress.ma\\\/fr\\\/2026\\\/04\\\/30\\\/maroc-allemagne-reaffirmation-a-rabat-de-lengagement-a-renforcer-le-partenariat-strategique-multidimensionnel\\\/#breadcrumb\"},\"inLanguage\":\"fr-FR\",\"potentialAction\":[{\"@type\":\"ReadAction\",\"target\":[\"https:\\\/\\\/dpress.ma\\\/fr\\\/2026\\\/04\\\/30\\\/maroc-allemagne-reaffirmation-a-rabat-de-lengagement-a-renforcer-le-partenariat-strategique-multidimensionnel\\\/\"]}]},{\"@type\":\"ImageObject\",\"inLanguage\":\"fr-FR\",\"@id\":\"https:\\\/\\\/dpress.ma\\\/fr\\\/2026\\\/04\\\/30\\\/maroc-allemagne-reaffirmation-a-rabat-de-lengagement-a-renforcer-le-partenariat-strategique-multidimensionnel\\\/#primaryimage\",\"url\":\"https:\\\/\\\/dpress.ma\\\/fr\\\/wp-content\\\/uploads\\\/sites\\\/2\\\/2026\\\/04\\\/90.jpg\",\"contentUrl\":\"https:\\\/\\\/dpress.ma\\\/fr\\\/wp-content\\\/uploads\\\/sites\\\/2\\\/2026\\\/04\\\/90.jpg\",\"width\":2539,\"height\":1594},{\"@type\":\"BreadcrumbList\",\"@id\":\"https:\\\/\\\/dpress.ma\\\/fr\\\/2026\\\/04\\\/30\\\/maroc-allemagne-reaffirmation-a-rabat-de-lengagement-a-renforcer-le-partenariat-strategique-multidimensionnel\\\/#breadcrumb\",\"itemListElement\":[{\"@type\":\"ListItem\",\"position\":1,\"name\":\"Home\",\"item\":\"https:\\\/\\\/dpress.ma\\\/fr\\\/\"},{\"@type\":\"ListItem\",\"position\":2,\"name\":\"Maroc-Allemagne : R\u00e9affirmation \u00e0 Rabat de l\u2019engagement \u00e0 renforcer le partenariat strat\u00e9gique multidimensionnel\"}]},{\"@type\":\"WebSite\",\"@id\":\"https:\\\/\\\/dpress.ma\\\/fr\\\/#website\",\"url\":\"https:\\\/\\\/dpress.ma\\\/fr\\\/\",\"name\":\"Dpress.ma\\\/fr\",\"description\":\"\",\"potentialAction\":[{\"@type\":\"SearchAction\",\"target\":{\"@type\":\"EntryPoint\",\"urlTemplate\":\"https:\\\/\\\/dpress.ma\\\/fr\\\/?s={search_term_string}\"},\"query-input\":{\"@type\":\"PropertyValueSpecification\",\"valueRequired\":true,\"valueName\":\"search_term_string\"}}],\"inLanguage\":\"fr-FR\"},{\"@type\":\"Person\",\"@id\":\"https:\\\/\\\/dpress.ma\\\/fr\\\/#\\\/schema\\\/person\\\/4898febf3ccd59e6578d838656a306a0\",\"name\":\"Dpress.ma\",\"image\":{\"@type\":\"ImageObject\",\"inLanguage\":\"fr-FR\",\"@id\":\"https:\\\/\\\/secure.gravatar.com\\\/avatar\\\/72ecc30e9db047a2e0e7176561eb9d564ed77c8108376495b19bd8336405198a?s=96&d=mm&r=g\",\"url\":\"https:\\\/\\\/secure.gravatar.com\\\/avatar\\\/72ecc30e9db047a2e0e7176561eb9d564ed77c8108376495b19bd8336405198a?s=96&d=mm&r=g\",\"contentUrl\":\"https:\\\/\\\/secure.gravatar.com\\\/avatar\\\/72ecc30e9db047a2e0e7176561eb9d564ed77c8108376495b19bd8336405198a?s=96&d=mm&r=g\",\"caption\":\"Dpress.ma\"},\"sameAs\":[\"https:\\\/\\\/www.dpress.ma\"],\"url\":\"https:\\\/\\\/dpress.ma\\\/fr\\\/author\\\/dpress-ma\\\/\"}]}<\/script>\n<!-- \/ Yoast SEO plugin. -->","yoast_head_json":{"title":"Maroc-Allemagne : R\u00e9affirmation \u00e0 Rabat de l\u2019engagement \u00e0 renforcer le partenariat strat\u00e9gique multidimensionnel - Dpress.ma\/fr","robots":{"index":"index","follow":"follow","max-snippet":"max-snippet:-1","max-image-preview":"max-image-preview:large","max-video-preview":"max-video-preview:-1"},"canonical":"https:\/\/dpress.ma\/fr\/2026\/04\/30\/maroc-allemagne-reaffirmation-a-rabat-de-lengagement-a-renforcer-le-partenariat-strategique-multidimensionnel\/","og_locale":"fr_FR","og_type":"article","og_title":"Maroc-Allemagne : R\u00e9affirmation \u00e0 Rabat de l\u2019engagement \u00e0 renforcer le partenariat strat\u00e9gique multidimensionnel - Dpress.ma\/fr","og_description":"Dpress Le Royaume du Maroc et la R\u00e9publique f\u00e9d\u00e9rale d\u2019Allemagne ont r\u00e9affirm\u00e9, \u00e0 Rabat, leur engagement commun \u00e0 renforcer davantage leur partenariat strat\u00e9gique multidimensionnel, \u00e0 l\u2019occasion du 70e anniversaire des relations diplomatiques. Dans la d\u00e9claration conjointe adopt\u00e9e \u00e0 l\u2019issue de la deuxi\u00e8me session du Dialogue strat\u00e9gique multidimensionnel Maroc-Allemagne tenue, jeudi, entre le ministre des Affaires &hellip;","og_url":"https:\/\/dpress.ma\/fr\/2026\/04\/30\/maroc-allemagne-reaffirmation-a-rabat-de-lengagement-a-renforcer-le-partenariat-strategique-multidimensionnel\/","og_site_name":"Dpress.ma\/fr","article_published_time":"2026-04-30T16:10:15+00:00","article_modified_time":"2026-04-30T16:10:16+00:00","og_image":[{"width":2539,"height":1594,"url":"https:\/\/dpress.ma\/fr\/wp-content\/uploads\/sites\/2\/2026\/04\/90.jpg","type":"image\/jpeg"}],"author":"Dpress.ma","twitter_card":"summary_large_image","twitter_misc":{"\u00c9crit par":"Dpress.ma","Dur\u00e9e de lecture estim\u00e9e":"5 minutes"},"schema":{"@context":"https:\/\/schema.org","@graph":[{"@type":"Article","@id":"https:\/\/dpress.ma\/fr\/2026\/04\/30\/maroc-allemagne-reaffirmation-a-rabat-de-lengagement-a-renforcer-le-partenariat-strategique-multidimensionnel\/#article","isPartOf":{"@id":"https:\/\/dpress.ma\/fr\/2026\/04\/30\/maroc-allemagne-reaffirmation-a-rabat-de-lengagement-a-renforcer-le-partenariat-strategique-multidimensionnel\/"},"author":{"name":"Dpress.ma","@id":"https:\/\/dpress.ma\/fr\/#\/schema\/person\/4898febf3ccd59e6578d838656a306a0"},"headline":"Maroc-Allemagne : R\u00e9affirmation \u00e0 Rabat de l\u2019engagement \u00e0 renforcer le partenariat strat\u00e9gique multidimensionnel","datePublished":"2026-04-30T16:10:15+00:00","dateModified":"2026-04-30T16:10:16+00:00","mainEntityOfPage":{"@id":"https:\/\/dpress.ma\/fr\/2026\/04\/30\/maroc-allemagne-reaffirmation-a-rabat-de-lengagement-a-renforcer-le-partenariat-strategique-multidimensionnel\/"},"wordCount":1024,"commentCount":0,"image":{"@id":"https:\/\/dpress.ma\/fr\/2026\/04\/30\/maroc-allemagne-reaffirmation-a-rabat-de-lengagement-a-renforcer-le-partenariat-strategique-multidimensionnel\/#primaryimage"},"thumbnailUrl":"https:\/\/dpress.ma\/fr\/wp-content\/uploads\/sites\/2\/2026\/04\/90.jpg","articleSection":["Politiques"],"inLanguage":"fr-FR","potentialAction":[{"@type":"CommentAction","name":"Comment","target":["https:\/\/dpress.ma\/fr\/2026\/04\/30\/maroc-allemagne-reaffirmation-a-rabat-de-lengagement-a-renforcer-le-partenariat-strategique-multidimensionnel\/#respond"]}]},{"@type":"WebPage","@id":"https:\/\/dpress.ma\/fr\/2026\/04\/30\/maroc-allemagne-reaffirmation-a-rabat-de-lengagement-a-renforcer-le-partenariat-strategique-multidimensionnel\/","url":"https:\/\/dpress.ma\/fr\/2026\/04\/30\/maroc-allemagne-reaffirmation-a-rabat-de-lengagement-a-renforcer-le-partenariat-strategique-multidimensionnel\/","name":"Maroc-Allemagne : R\u00e9affirmation \u00e0 Rabat de l\u2019engagement \u00e0 renforcer le partenariat strat\u00e9gique multidimensionnel - Dpress.ma\/fr","isPartOf":{"@id":"https:\/\/dpress.ma\/fr\/#website"},"primaryImageOfPage":{"@id":"https:\/\/dpress.ma\/fr\/2026\/04\/30\/maroc-allemagne-reaffirmation-a-rabat-de-lengagement-a-renforcer-le-partenariat-strategique-multidimensionnel\/#primaryimage"},"image":{"@id":"https:\/\/dpress.ma\/fr\/2026\/04\/30\/maroc-allemagne-reaffirmation-a-rabat-de-lengagement-a-renforcer-le-partenariat-strategique-multidimensionnel\/#primaryimage"},"thumbnailUrl":"https:\/\/dpress.ma\/fr\/wp-content\/uploads\/sites\/2\/2026\/04\/90.jpg","datePublished":"2026-04-30T16:10:15+00:00","dateModified":"2026-04-30T16:10:16+00:00","author":{"@id":"https:\/\/dpress.ma\/fr\/#\/schema\/person\/4898febf3ccd59e6578d838656a306a0"},"breadcrumb":{"@id":"https:\/\/dpress.ma\/fr\/2026\/04\/30\/maroc-allemagne-reaffirmation-a-rabat-de-lengagement-a-renforcer-le-partenariat-strategique-multidimensionnel\/#breadcrumb"},"inLanguage":"fr-FR","potentialAction":[{"@type":"ReadAction","target":["https:\/\/dpress.ma\/fr\/2026\/04\/30\/maroc-allemagne-reaffirmation-a-rabat-de-lengagement-a-renforcer-le-partenariat-strategique-multidimensionnel\/"]}]},{"@type":"ImageObject","inLanguage":"fr-FR","@id":"https:\/\/dpress.ma\/fr\/2026\/04\/30\/maroc-allemagne-reaffirmation-a-rabat-de-lengagement-a-renforcer-le-partenariat-strategique-multidimensionnel\/#primaryimage","url":"https:\/\/dpress.ma\/fr\/wp-content\/uploads\/sites\/2\/2026\/04\/90.jpg","contentUrl":"https:\/\/dpress.ma\/fr\/wp-content\/uploads\/sites\/2\/2026\/04\/90.jpg","width":2539,"height":1594},{"@type":"BreadcrumbList","@id":"https:\/\/dpress.ma\/fr\/2026\/04\/30\/maroc-allemagne-reaffirmation-a-rabat-de-lengagement-a-renforcer-le-partenariat-strategique-multidimensionnel\/#breadcrumb","itemListElement":[{"@type":"ListItem","position":1,"name":"Home","item":"https:\/\/dpress.ma\/fr\/"},{"@type":"ListItem","position":2,"name":"Maroc-Allemagne : R\u00e9affirmation \u00e0 Rabat de l\u2019engagement \u00e0 renforcer le partenariat strat\u00e9gique multidimensionnel"}]},{"@type":"WebSite","@id":"https:\/\/dpress.ma\/fr\/#website","url":"https:\/\/dpress.ma\/fr\/","name":"Dpress.ma\/fr","description":"","potentialAction":[{"@type":"SearchAction","target":{"@type":"EntryPoint","urlTemplate":"https:\/\/dpress.ma\/fr\/?s={search_term_string}"},"query-input":{"@type":"PropertyValueSpecification","valueRequired":true,"valueName":"search_term_string"}}],"inLanguage":"fr-FR"},{"@type":"Person","@id":"https:\/\/dpress.ma\/fr\/#\/schema\/person\/4898febf3ccd59e6578d838656a306a0","name":"Dpress.ma","image":{"@type":"ImageObject","inLanguage":"fr-FR","@id":"https:\/\/secure.gravatar.com\/avatar\/72ecc30e9db047a2e0e7176561eb9d564ed77c8108376495b19bd8336405198a?s=96&d=mm&r=g","url":"https:\/\/secure.gravatar.com\/avatar\/72ecc30e9db047a2e0e7176561eb9d564ed77c8108376495b19bd8336405198a?s=96&d=mm&r=g","contentUrl":"https:\/\/secure.gravatar.com\/avatar\/72ecc30e9db047a2e0e7176561eb9d564ed77c8108376495b19bd8336405198a?s=96&d=mm&r=g","caption":"Dpress.ma"},"sameAs":["https:\/\/www.dpress.ma"],"url":"https:\/\/dpress.ma\/fr\/author\/dpress-ma\/"}]}},"amp_enabled":true,"_links":{"self":[{"href":"https:\/\/dpress.ma\/fr\/wp-json\/wp\/v2\/posts\/29712","targetHints":{"allow":["GET"]}}],"collection":[{"href":"https:\/\/dpress.ma\/fr\/wp-json\/wp\/v2\/posts"}],"about":[{"href":"https:\/\/dpress.ma\/fr\/wp-json\/wp\/v2\/types\/post"}],"author":[{"embeddable":true,"href":"https:\/\/dpress.ma\/fr\/wp-json\/wp\/v2\/users\/2"}],"replies":[{"embeddable":true,"href":"https:\/\/dpress.ma\/fr\/wp-json\/wp\/v2\/comments?post=29712"}],"version-history":[{"count":1,"href":"https:\/\/dpress.ma\/fr\/wp-json\/wp\/v2\/posts\/29712\/revisions"}],"predecessor-version":[{"id":29713,"href":"https:\/\/dpress.ma\/fr\/wp-json\/wp\/v2\/posts\/29712\/revisions\/29713"}],"wp:featuredmedia":[{"embeddable":true,"href":"https:\/\/dpress.ma\/fr\/wp-json\/wp\/v2\/media\/29573"}],"wp:attachment":[{"href":"https:\/\/dpress.ma\/fr\/wp-json\/wp\/v2\/media?parent=29712"}],"wp:term":[{"taxonomy":"category","embeddable":true,"href":"https:\/\/dpress.ma\/fr\/wp-json\/wp\/v2\/categories?post=29712"},{"taxonomy":"post_tag","embeddable":true,"href":"https:\/\/dpress.ma\/fr\/wp-json\/wp\/v2\/tags?post=29712"}],"curies":[{"name":"wp","href":"https:\/\/api.w.org\/{rel}","templated":true}]}}