{"id":29709,"date":"2026-04-30T14:31:56","date_gmt":"2026-04-30T14:31:56","guid":{"rendered":"https:\/\/dpress.ma\/fr\/?p=29709"},"modified":"2026-04-30T14:31:57","modified_gmt":"2026-04-30T14:31:57","slug":"sahara-marocain-lallemagne-reaffirme-la-centralite-dautonomie-sous-souverainete-marocaine-et-compte-agir-conformement-a-cette-position-sur-les-plans-diplomatique-et-economique","status":"publish","type":"post","link":"https:\/\/dpress.ma\/fr\/2026\/04\/30\/sahara-marocain-lallemagne-reaffirme-la-centralite-dautonomie-sous-souverainete-marocaine-et-compte-agir-conformement-a-cette-position-sur-les-plans-diplomatique-et-economique\/","title":{"rendered":"Sahara marocain : L\u2019Allemagne r\u00e9affirme la centralit\u00e9 d\u2019autonomie sous souverainet\u00e9 marocaine et compte agir conform\u00e9ment \u00e0 cette position sur les plans diplomatique et \u00e9conomique"},"content":{"rendered":"\n<p>Dpress<\/p>\n\n\n\n<p>L\u2019Allemagne a r\u00e9affirm\u00e9 la centralit\u00e9 d\u2019autonomie sous souverainet\u00e9 marocaine concernant la question du Sahara et compte agir conform\u00e9ment \u00e0 cette position sur les plans diplomatique et \u00e9conomique.<\/p>\n\n\n\n<p>Cette position a \u00e9t\u00e9 exprim\u00e9e dans la d\u00e9claration conjointe adopt\u00e9e \u00e0 l\u2019issue de la deuxi\u00e8me session du Dialogue strat\u00e9gique multidimensionnel Maroc-Allemagne, tenue, jeudi \u00e0 Rabat, entre le ministre des Affaires \u00e9trang\u00e8res, de la Coop\u00e9ration africaine et des Marocains r\u00e9sidant \u00e0 l\u2019\u00e9tranger, M. Nasser Bourita, et son homologue allemand, M. Johann Wadephul.<\/p>\n\n\n\n<p>La R\u00e9publique f\u00e9d\u00e9rale d\u2019Allemagne a, par ailleurs, salu\u00e9 la r\u00e9solution 2797 adopt\u00e9e par le Conseil de s\u00e9curit\u00e9 des Nations Unies le 31 octobre 2025, affirmant qu\u2019une \u201cv\u00e9ritable autonomie sous souverainet\u00e9 marocaine pourrait repr\u00e9senter l\u2019issue la plus r\u00e9alisable\u201d au diff\u00e9rend r\u00e9gional autour du Sahara marocain.<\/p>\n\n\n\n<p>L\u2019Allemagne a r\u00e9affirm\u00e9 la centralit\u00e9 de l\u2019Initiative d\u2019autonomie pr\u00e9sent\u00e9e par le Royaume du Maroc, en d\u00e9clarant, en outre, qu\u2019elle consid\u00e8re le plan d\u2019autonomie pr\u00e9sent\u00e9 par le Maroc \u201ccomme base s\u00e9rieuse et cr\u00e9dible pour les n\u00e9gociations\u201d en vue d\u2019un r\u00e8glement juste, durable et mutuellement acceptable \u00e0 ce diff\u00e9rend r\u00e9gional.<\/p>\n\n\n\n<p>Tout en r\u00e9it\u00e9rant le soutien plein et entier au Secr\u00e9taire g\u00e9n\u00e9ral des Nations Unies et \u00e0 son envoy\u00e9 personnel dans la conduite et la facilitation des n\u00e9gociations \u201csur la base du plan marocain d\u2019autonomie\u201d, l\u2019Allemagne a salu\u00e9 la disposition du Maroc \u00e0 \u201cexpliquer la forme que prendrait l\u2019autonomie sous souverainet\u00e9 marocaine\u201d, pr\u00e9cise le document conjoint.<\/p>\n\n\n\n<p>Enfin, l\u2019Allemagne s\u2019est engag\u00e9e, aux termes de la m\u00eame d\u00e9claration conjointe, \u00e0 \u201cagir conform\u00e9ment \u00e0 cette position sur les plans diplomatique et \u00e9conomique\u201d dans le respect du droit international, conclut le texte.<\/p>\n","protected":false},"excerpt":{"rendered":"<p>Dpress L\u2019Allemagne a r\u00e9affirm\u00e9 la centralit\u00e9 d\u2019autonomie sous souverainet\u00e9 marocaine concernant la question du Sahara et compte agir conform\u00e9ment \u00e0 cette position sur les plans diplomatique et \u00e9conomique. Cette position a \u00e9t\u00e9 exprim\u00e9e dans la d\u00e9claration conjointe adopt\u00e9e \u00e0 l\u2019issue de la deuxi\u00e8me session du Dialogue strat\u00e9gique multidimensionnel Maroc-Allemagne, tenue, jeudi \u00e0 Rabat, entre le &hellip;<\/p>\n","protected":false},"author":2,"featured_media":29710,"comment_status":"open","ping_status":"open","sticky":false,"template":"","format":"standard","meta":{"footnotes":""},"categories":[30],"tags":[],"class_list":["post-29709","post","type-post","status-publish","format-standard","has-post-thumbnail","hentry","category-sahara-marocain"],"yoast_head":"<!-- This site is optimized with the Yoast SEO plugin v27.5 - https:\/\/yoast.com\/product\/yoast-seo-wordpress\/ -->\n<title>Sahara marocain : L\u2019Allemagne r\u00e9affirme la centralit\u00e9 d\u2019autonomie sous souverainet\u00e9 marocaine et compte agir conform\u00e9ment \u00e0 cette position sur les plans diplomatique et \u00e9conomique - Dpress.ma\/fr<\/title>\n<meta name=\"robots\" content=\"index, follow, max-snippet:-1, max-image-preview:large, max-video-preview:-1\" \/>\n<link rel=\"canonical\" href=\"https:\/\/dpress.ma\/fr\/2026\/04\/30\/sahara-marocain-lallemagne-reaffirme-la-centralite-dautonomie-sous-souverainete-marocaine-et-compte-agir-conformement-a-cette-position-sur-les-plans-diplomatique-et-economique\/\" \/>\n<meta property=\"og:locale\" content=\"fr_FR\" \/>\n<meta property=\"og:type\" content=\"article\" \/>\n<meta property=\"og:title\" content=\"Sahara marocain : L\u2019Allemagne r\u00e9affirme la centralit\u00e9 d\u2019autonomie sous souverainet\u00e9 marocaine et compte agir conform\u00e9ment \u00e0 cette position sur les plans diplomatique et \u00e9conomique - Dpress.ma\/fr\" \/>\n<meta property=\"og:description\" content=\"Dpress L\u2019Allemagne a r\u00e9affirm\u00e9 la centralit\u00e9 d\u2019autonomie sous souverainet\u00e9 marocaine concernant la question du Sahara et compte agir conform\u00e9ment \u00e0 cette position sur les plans diplomatique et \u00e9conomique. Cette position a \u00e9t\u00e9 exprim\u00e9e dans la d\u00e9claration conjointe adopt\u00e9e \u00e0 l\u2019issue de la deuxi\u00e8me session du Dialogue strat\u00e9gique multidimensionnel Maroc-Allemagne, tenue, jeudi \u00e0 Rabat, entre le &hellip;\" \/>\n<meta property=\"og:url\" content=\"https:\/\/dpress.ma\/fr\/2026\/04\/30\/sahara-marocain-lallemagne-reaffirme-la-centralite-dautonomie-sous-souverainete-marocaine-et-compte-agir-conformement-a-cette-position-sur-les-plans-diplomatique-et-economique\/\" \/>\n<meta property=\"og:site_name\" content=\"Dpress.ma\/fr\" \/>\n<meta property=\"article:published_time\" content=\"2026-04-30T14:31:56+00:00\" \/>\n<meta property=\"article:modified_time\" content=\"2026-04-30T14:31:57+00:00\" \/>\n<meta property=\"og:image\" content=\"https:\/\/dpress.ma\/fr\/wp-content\/uploads\/sites\/2\/2026\/04\/98.jpg\" \/>\n\t<meta property=\"og:image:width\" content=\"2539\" \/>\n\t<meta property=\"og:image:height\" content=\"1594\" \/>\n\t<meta property=\"og:image:type\" content=\"image\/jpeg\" \/>\n<meta name=\"author\" content=\"Dpress.ma\" \/>\n<meta name=\"twitter:card\" content=\"summary_large_image\" \/>\n<meta name=\"twitter:label1\" content=\"\u00c9crit par\" \/>\n\t<meta name=\"twitter:data1\" content=\"Dpress.ma\" \/>\n\t<meta name=\"twitter:label2\" content=\"Dur\u00e9e de lecture estim\u00e9e\" \/>\n\t<meta name=\"twitter:data2\" content=\"2 minutes\" \/>\n<script type=\"application\/ld+json\" class=\"yoast-schema-graph\">{\"@context\":\"https:\\\/\\\/schema.org\",\"@graph\":[{\"@type\":\"Article\",\"@id\":\"https:\\\/\\\/dpress.ma\\\/fr\\\/2026\\\/04\\\/30\\\/sahara-marocain-lallemagne-reaffirme-la-centralite-dautonomie-sous-souverainete-marocaine-et-compte-agir-conformement-a-cette-position-sur-les-plans-diplomatique-et-economique\\\/#article\",\"isPartOf\":{\"@id\":\"https:\\\/\\\/dpress.ma\\\/fr\\\/2026\\\/04\\\/30\\\/sahara-marocain-lallemagne-reaffirme-la-centralite-dautonomie-sous-souverainete-marocaine-et-compte-agir-conformement-a-cette-position-sur-les-plans-diplomatique-et-economique\\\/\"},\"author\":{\"name\":\"Dpress.ma\",\"@id\":\"https:\\\/\\\/dpress.ma\\\/fr\\\/#\\\/schema\\\/person\\\/4898febf3ccd59e6578d838656a306a0\"},\"headline\":\"Sahara marocain : L\u2019Allemagne r\u00e9affirme la centralit\u00e9 d\u2019autonomie sous souverainet\u00e9 marocaine et compte agir conform\u00e9ment \u00e0 cette position sur les plans diplomatique et \u00e9conomique\",\"datePublished\":\"2026-04-30T14:31:56+00:00\",\"dateModified\":\"2026-04-30T14:31:57+00:00\",\"mainEntityOfPage\":{\"@id\":\"https:\\\/\\\/dpress.ma\\\/fr\\\/2026\\\/04\\\/30\\\/sahara-marocain-lallemagne-reaffirme-la-centralite-dautonomie-sous-souverainete-marocaine-et-compte-agir-conformement-a-cette-position-sur-les-plans-diplomatique-et-economique\\\/\"},\"wordCount\":334,\"commentCount\":0,\"image\":{\"@id\":\"https:\\\/\\\/dpress.ma\\\/fr\\\/2026\\\/04\\\/30\\\/sahara-marocain-lallemagne-reaffirme-la-centralite-dautonomie-sous-souverainete-marocaine-et-compte-agir-conformement-a-cette-position-sur-les-plans-diplomatique-et-economique\\\/#primaryimage\"},\"thumbnailUrl\":\"https:\\\/\\\/dpress.ma\\\/fr\\\/wp-content\\\/uploads\\\/sites\\\/2\\\/2026\\\/04\\\/98.jpg\",\"articleSection\":[\"Sahara Marocain\"],\"inLanguage\":\"fr-FR\",\"potentialAction\":[{\"@type\":\"CommentAction\",\"name\":\"Comment\",\"target\":[\"https:\\\/\\\/dpress.ma\\\/fr\\\/2026\\\/04\\\/30\\\/sahara-marocain-lallemagne-reaffirme-la-centralite-dautonomie-sous-souverainete-marocaine-et-compte-agir-conformement-a-cette-position-sur-les-plans-diplomatique-et-economique\\\/#respond\"]}]},{\"@type\":\"WebPage\",\"@id\":\"https:\\\/\\\/dpress.ma\\\/fr\\\/2026\\\/04\\\/30\\\/sahara-marocain-lallemagne-reaffirme-la-centralite-dautonomie-sous-souverainete-marocaine-et-compte-agir-conformement-a-cette-position-sur-les-plans-diplomatique-et-economique\\\/\",\"url\":\"https:\\\/\\\/dpress.ma\\\/fr\\\/2026\\\/04\\\/30\\\/sahara-marocain-lallemagne-reaffirme-la-centralite-dautonomie-sous-souverainete-marocaine-et-compte-agir-conformement-a-cette-position-sur-les-plans-diplomatique-et-economique\\\/\",\"name\":\"Sahara marocain : L\u2019Allemagne r\u00e9affirme la centralit\u00e9 d\u2019autonomie sous souverainet\u00e9 marocaine et compte agir conform\u00e9ment \u00e0 cette position sur les plans diplomatique et \u00e9conomique - Dpress.ma\\\/fr\",\"isPartOf\":{\"@id\":\"https:\\\/\\\/dpress.ma\\\/fr\\\/#website\"},\"primaryImageOfPage\":{\"@id\":\"https:\\\/\\\/dpress.ma\\\/fr\\\/2026\\\/04\\\/30\\\/sahara-marocain-lallemagne-reaffirme-la-centralite-dautonomie-sous-souverainete-marocaine-et-compte-agir-conformement-a-cette-position-sur-les-plans-diplomatique-et-economique\\\/#primaryimage\"},\"image\":{\"@id\":\"https:\\\/\\\/dpress.ma\\\/fr\\\/2026\\\/04\\\/30\\\/sahara-marocain-lallemagne-reaffirme-la-centralite-dautonomie-sous-souverainete-marocaine-et-compte-agir-conformement-a-cette-position-sur-les-plans-diplomatique-et-economique\\\/#primaryimage\"},\"thumbnailUrl\":\"https:\\\/\\\/dpress.ma\\\/fr\\\/wp-content\\\/uploads\\\/sites\\\/2\\\/2026\\\/04\\\/98.jpg\",\"datePublished\":\"2026-04-30T14:31:56+00:00\",\"dateModified\":\"2026-04-30T14:31:57+00:00\",\"author\":{\"@id\":\"https:\\\/\\\/dpress.ma\\\/fr\\\/#\\\/schema\\\/person\\\/4898febf3ccd59e6578d838656a306a0\"},\"breadcrumb\":{\"@id\":\"https:\\\/\\\/dpress.ma\\\/fr\\\/2026\\\/04\\\/30\\\/sahara-marocain-lallemagne-reaffirme-la-centralite-dautonomie-sous-souverainete-marocaine-et-compte-agir-conformement-a-cette-position-sur-les-plans-diplomatique-et-economique\\\/#breadcrumb\"},\"inLanguage\":\"fr-FR\",\"potentialAction\":[{\"@type\":\"ReadAction\",\"target\":[\"https:\\\/\\\/dpress.ma\\\/fr\\\/2026\\\/04\\\/30\\\/sahara-marocain-lallemagne-reaffirme-la-centralite-dautonomie-sous-souverainete-marocaine-et-compte-agir-conformement-a-cette-position-sur-les-plans-diplomatique-et-economique\\\/\"]}]},{\"@type\":\"ImageObject\",\"inLanguage\":\"fr-FR\",\"@id\":\"https:\\\/\\\/dpress.ma\\\/fr\\\/2026\\\/04\\\/30\\\/sahara-marocain-lallemagne-reaffirme-la-centralite-dautonomie-sous-souverainete-marocaine-et-compte-agir-conformement-a-cette-position-sur-les-plans-diplomatique-et-economique\\\/#primaryimage\",\"url\":\"https:\\\/\\\/dpress.ma\\\/fr\\\/wp-content\\\/uploads\\\/sites\\\/2\\\/2026\\\/04\\\/98.jpg\",\"contentUrl\":\"https:\\\/\\\/dpress.ma\\\/fr\\\/wp-content\\\/uploads\\\/sites\\\/2\\\/2026\\\/04\\\/98.jpg\",\"width\":2539,\"height\":1594},{\"@type\":\"BreadcrumbList\",\"@id\":\"https:\\\/\\\/dpress.ma\\\/fr\\\/2026\\\/04\\\/30\\\/sahara-marocain-lallemagne-reaffirme-la-centralite-dautonomie-sous-souverainete-marocaine-et-compte-agir-conformement-a-cette-position-sur-les-plans-diplomatique-et-economique\\\/#breadcrumb\",\"itemListElement\":[{\"@type\":\"ListItem\",\"position\":1,\"name\":\"Home\",\"item\":\"https:\\\/\\\/dpress.ma\\\/fr\\\/\"},{\"@type\":\"ListItem\",\"position\":2,\"name\":\"Sahara marocain : L\u2019Allemagne r\u00e9affirme la centralit\u00e9 d\u2019autonomie sous souverainet\u00e9 marocaine et compte agir conform\u00e9ment \u00e0 cette position sur les plans diplomatique et \u00e9conomique\"}]},{\"@type\":\"WebSite\",\"@id\":\"https:\\\/\\\/dpress.ma\\\/fr\\\/#website\",\"url\":\"https:\\\/\\\/dpress.ma\\\/fr\\\/\",\"name\":\"Dpress.ma\\\/fr\",\"description\":\"\",\"potentialAction\":[{\"@type\":\"SearchAction\",\"target\":{\"@type\":\"EntryPoint\",\"urlTemplate\":\"https:\\\/\\\/dpress.ma\\\/fr\\\/?s={search_term_string}\"},\"query-input\":{\"@type\":\"PropertyValueSpecification\",\"valueRequired\":true,\"valueName\":\"search_term_string\"}}],\"inLanguage\":\"fr-FR\"},{\"@type\":\"Person\",\"@id\":\"https:\\\/\\\/dpress.ma\\\/fr\\\/#\\\/schema\\\/person\\\/4898febf3ccd59e6578d838656a306a0\",\"name\":\"Dpress.ma\",\"image\":{\"@type\":\"ImageObject\",\"inLanguage\":\"fr-FR\",\"@id\":\"https:\\\/\\\/secure.gravatar.com\\\/avatar\\\/72ecc30e9db047a2e0e7176561eb9d564ed77c8108376495b19bd8336405198a?s=96&d=mm&r=g\",\"url\":\"https:\\\/\\\/secure.gravatar.com\\\/avatar\\\/72ecc30e9db047a2e0e7176561eb9d564ed77c8108376495b19bd8336405198a?s=96&d=mm&r=g\",\"contentUrl\":\"https:\\\/\\\/secure.gravatar.com\\\/avatar\\\/72ecc30e9db047a2e0e7176561eb9d564ed77c8108376495b19bd8336405198a?s=96&d=mm&r=g\",\"caption\":\"Dpress.ma\"},\"sameAs\":[\"https:\\\/\\\/www.dpress.ma\"],\"url\":\"https:\\\/\\\/dpress.ma\\\/fr\\\/author\\\/dpress-ma\\\/\"}]}<\/script>\n<!-- \/ Yoast SEO plugin. -->","yoast_head_json":{"title":"Sahara marocain : L\u2019Allemagne r\u00e9affirme la centralit\u00e9 d\u2019autonomie sous souverainet\u00e9 marocaine et compte agir conform\u00e9ment \u00e0 cette position sur les plans diplomatique et \u00e9conomique - Dpress.ma\/fr","robots":{"index":"index","follow":"follow","max-snippet":"max-snippet:-1","max-image-preview":"max-image-preview:large","max-video-preview":"max-video-preview:-1"},"canonical":"https:\/\/dpress.ma\/fr\/2026\/04\/30\/sahara-marocain-lallemagne-reaffirme-la-centralite-dautonomie-sous-souverainete-marocaine-et-compte-agir-conformement-a-cette-position-sur-les-plans-diplomatique-et-economique\/","og_locale":"fr_FR","og_type":"article","og_title":"Sahara marocain : L\u2019Allemagne r\u00e9affirme la centralit\u00e9 d\u2019autonomie sous souverainet\u00e9 marocaine et compte agir conform\u00e9ment \u00e0 cette position sur les plans diplomatique et \u00e9conomique - Dpress.ma\/fr","og_description":"Dpress L\u2019Allemagne a r\u00e9affirm\u00e9 la centralit\u00e9 d\u2019autonomie sous souverainet\u00e9 marocaine concernant la question du Sahara et compte agir conform\u00e9ment \u00e0 cette position sur les plans diplomatique et \u00e9conomique. Cette position a \u00e9t\u00e9 exprim\u00e9e dans la d\u00e9claration conjointe adopt\u00e9e \u00e0 l\u2019issue de la deuxi\u00e8me session du Dialogue strat\u00e9gique multidimensionnel Maroc-Allemagne, tenue, jeudi \u00e0 Rabat, entre le &hellip;","og_url":"https:\/\/dpress.ma\/fr\/2026\/04\/30\/sahara-marocain-lallemagne-reaffirme-la-centralite-dautonomie-sous-souverainete-marocaine-et-compte-agir-conformement-a-cette-position-sur-les-plans-diplomatique-et-economique\/","og_site_name":"Dpress.ma\/fr","article_published_time":"2026-04-30T14:31:56+00:00","article_modified_time":"2026-04-30T14:31:57+00:00","og_image":[{"width":2539,"height":1594,"url":"https:\/\/dpress.ma\/fr\/wp-content\/uploads\/sites\/2\/2026\/04\/98.jpg","type":"image\/jpeg"}],"author":"Dpress.ma","twitter_card":"summary_large_image","twitter_misc":{"\u00c9crit par":"Dpress.ma","Dur\u00e9e de lecture estim\u00e9e":"2 minutes"},"schema":{"@context":"https:\/\/schema.org","@graph":[{"@type":"Article","@id":"https:\/\/dpress.ma\/fr\/2026\/04\/30\/sahara-marocain-lallemagne-reaffirme-la-centralite-dautonomie-sous-souverainete-marocaine-et-compte-agir-conformement-a-cette-position-sur-les-plans-diplomatique-et-economique\/#article","isPartOf":{"@id":"https:\/\/dpress.ma\/fr\/2026\/04\/30\/sahara-marocain-lallemagne-reaffirme-la-centralite-dautonomie-sous-souverainete-marocaine-et-compte-agir-conformement-a-cette-position-sur-les-plans-diplomatique-et-economique\/"},"author":{"name":"Dpress.ma","@id":"https:\/\/dpress.ma\/fr\/#\/schema\/person\/4898febf3ccd59e6578d838656a306a0"},"headline":"Sahara marocain : L\u2019Allemagne r\u00e9affirme la centralit\u00e9 d\u2019autonomie sous souverainet\u00e9 marocaine et compte agir conform\u00e9ment \u00e0 cette position sur les plans diplomatique et \u00e9conomique","datePublished":"2026-04-30T14:31:56+00:00","dateModified":"2026-04-30T14:31:57+00:00","mainEntityOfPage":{"@id":"https:\/\/dpress.ma\/fr\/2026\/04\/30\/sahara-marocain-lallemagne-reaffirme-la-centralite-dautonomie-sous-souverainete-marocaine-et-compte-agir-conformement-a-cette-position-sur-les-plans-diplomatique-et-economique\/"},"wordCount":334,"commentCount":0,"image":{"@id":"https:\/\/dpress.ma\/fr\/2026\/04\/30\/sahara-marocain-lallemagne-reaffirme-la-centralite-dautonomie-sous-souverainete-marocaine-et-compte-agir-conformement-a-cette-position-sur-les-plans-diplomatique-et-economique\/#primaryimage"},"thumbnailUrl":"https:\/\/dpress.ma\/fr\/wp-content\/uploads\/sites\/2\/2026\/04\/98.jpg","articleSection":["Sahara Marocain"],"inLanguage":"fr-FR","potentialAction":[{"@type":"CommentAction","name":"Comment","target":["https:\/\/dpress.ma\/fr\/2026\/04\/30\/sahara-marocain-lallemagne-reaffirme-la-centralite-dautonomie-sous-souverainete-marocaine-et-compte-agir-conformement-a-cette-position-sur-les-plans-diplomatique-et-economique\/#respond"]}]},{"@type":"WebPage","@id":"https:\/\/dpress.ma\/fr\/2026\/04\/30\/sahara-marocain-lallemagne-reaffirme-la-centralite-dautonomie-sous-souverainete-marocaine-et-compte-agir-conformement-a-cette-position-sur-les-plans-diplomatique-et-economique\/","url":"https:\/\/dpress.ma\/fr\/2026\/04\/30\/sahara-marocain-lallemagne-reaffirme-la-centralite-dautonomie-sous-souverainete-marocaine-et-compte-agir-conformement-a-cette-position-sur-les-plans-diplomatique-et-economique\/","name":"Sahara marocain : L\u2019Allemagne r\u00e9affirme la centralit\u00e9 d\u2019autonomie sous souverainet\u00e9 marocaine et compte agir conform\u00e9ment \u00e0 cette position sur les plans diplomatique et \u00e9conomique - Dpress.ma\/fr","isPartOf":{"@id":"https:\/\/dpress.ma\/fr\/#website"},"primaryImageOfPage":{"@id":"https:\/\/dpress.ma\/fr\/2026\/04\/30\/sahara-marocain-lallemagne-reaffirme-la-centralite-dautonomie-sous-souverainete-marocaine-et-compte-agir-conformement-a-cette-position-sur-les-plans-diplomatique-et-economique\/#primaryimage"},"image":{"@id":"https:\/\/dpress.ma\/fr\/2026\/04\/30\/sahara-marocain-lallemagne-reaffirme-la-centralite-dautonomie-sous-souverainete-marocaine-et-compte-agir-conformement-a-cette-position-sur-les-plans-diplomatique-et-economique\/#primaryimage"},"thumbnailUrl":"https:\/\/dpress.ma\/fr\/wp-content\/uploads\/sites\/2\/2026\/04\/98.jpg","datePublished":"2026-04-30T14:31:56+00:00","dateModified":"2026-04-30T14:31:57+00:00","author":{"@id":"https:\/\/dpress.ma\/fr\/#\/schema\/person\/4898febf3ccd59e6578d838656a306a0"},"breadcrumb":{"@id":"https:\/\/dpress.ma\/fr\/2026\/04\/30\/sahara-marocain-lallemagne-reaffirme-la-centralite-dautonomie-sous-souverainete-marocaine-et-compte-agir-conformement-a-cette-position-sur-les-plans-diplomatique-et-economique\/#breadcrumb"},"inLanguage":"fr-FR","potentialAction":[{"@type":"ReadAction","target":["https:\/\/dpress.ma\/fr\/2026\/04\/30\/sahara-marocain-lallemagne-reaffirme-la-centralite-dautonomie-sous-souverainete-marocaine-et-compte-agir-conformement-a-cette-position-sur-les-plans-diplomatique-et-economique\/"]}]},{"@type":"ImageObject","inLanguage":"fr-FR","@id":"https:\/\/dpress.ma\/fr\/2026\/04\/30\/sahara-marocain-lallemagne-reaffirme-la-centralite-dautonomie-sous-souverainete-marocaine-et-compte-agir-conformement-a-cette-position-sur-les-plans-diplomatique-et-economique\/#primaryimage","url":"https:\/\/dpress.ma\/fr\/wp-content\/uploads\/sites\/2\/2026\/04\/98.jpg","contentUrl":"https:\/\/dpress.ma\/fr\/wp-content\/uploads\/sites\/2\/2026\/04\/98.jpg","width":2539,"height":1594},{"@type":"BreadcrumbList","@id":"https:\/\/dpress.ma\/fr\/2026\/04\/30\/sahara-marocain-lallemagne-reaffirme-la-centralite-dautonomie-sous-souverainete-marocaine-et-compte-agir-conformement-a-cette-position-sur-les-plans-diplomatique-et-economique\/#breadcrumb","itemListElement":[{"@type":"ListItem","position":1,"name":"Home","item":"https:\/\/dpress.ma\/fr\/"},{"@type":"ListItem","position":2,"name":"Sahara marocain : L\u2019Allemagne r\u00e9affirme la centralit\u00e9 d\u2019autonomie sous souverainet\u00e9 marocaine et compte agir conform\u00e9ment \u00e0 cette position sur les plans diplomatique et \u00e9conomique"}]},{"@type":"WebSite","@id":"https:\/\/dpress.ma\/fr\/#website","url":"https:\/\/dpress.ma\/fr\/","name":"Dpress.ma\/fr","description":"","potentialAction":[{"@type":"SearchAction","target":{"@type":"EntryPoint","urlTemplate":"https:\/\/dpress.ma\/fr\/?s={search_term_string}"},"query-input":{"@type":"PropertyValueSpecification","valueRequired":true,"valueName":"search_term_string"}}],"inLanguage":"fr-FR"},{"@type":"Person","@id":"https:\/\/dpress.ma\/fr\/#\/schema\/person\/4898febf3ccd59e6578d838656a306a0","name":"Dpress.ma","image":{"@type":"ImageObject","inLanguage":"fr-FR","@id":"https:\/\/secure.gravatar.com\/avatar\/72ecc30e9db047a2e0e7176561eb9d564ed77c8108376495b19bd8336405198a?s=96&d=mm&r=g","url":"https:\/\/secure.gravatar.com\/avatar\/72ecc30e9db047a2e0e7176561eb9d564ed77c8108376495b19bd8336405198a?s=96&d=mm&r=g","contentUrl":"https:\/\/secure.gravatar.com\/avatar\/72ecc30e9db047a2e0e7176561eb9d564ed77c8108376495b19bd8336405198a?s=96&d=mm&r=g","caption":"Dpress.ma"},"sameAs":["https:\/\/www.dpress.ma"],"url":"https:\/\/dpress.ma\/fr\/author\/dpress-ma\/"}]}},"amp_enabled":true,"_links":{"self":[{"href":"https:\/\/dpress.ma\/fr\/wp-json\/wp\/v2\/posts\/29709","targetHints":{"allow":["GET"]}}],"collection":[{"href":"https:\/\/dpress.ma\/fr\/wp-json\/wp\/v2\/posts"}],"about":[{"href":"https:\/\/dpress.ma\/fr\/wp-json\/wp\/v2\/types\/post"}],"author":[{"embeddable":true,"href":"https:\/\/dpress.ma\/fr\/wp-json\/wp\/v2\/users\/2"}],"replies":[{"embeddable":true,"href":"https:\/\/dpress.ma\/fr\/wp-json\/wp\/v2\/comments?post=29709"}],"version-history":[{"count":1,"href":"https:\/\/dpress.ma\/fr\/wp-json\/wp\/v2\/posts\/29709\/revisions"}],"predecessor-version":[{"id":29711,"href":"https:\/\/dpress.ma\/fr\/wp-json\/wp\/v2\/posts\/29709\/revisions\/29711"}],"wp:featuredmedia":[{"embeddable":true,"href":"https:\/\/dpress.ma\/fr\/wp-json\/wp\/v2\/media\/29710"}],"wp:attachment":[{"href":"https:\/\/dpress.ma\/fr\/wp-json\/wp\/v2\/media?parent=29709"}],"wp:term":[{"taxonomy":"category","embeddable":true,"href":"https:\/\/dpress.ma\/fr\/wp-json\/wp\/v2\/categories?post=29709"},{"taxonomy":"post_tag","embeddable":true,"href":"https:\/\/dpress.ma\/fr\/wp-json\/wp\/v2\/tags?post=29709"}],"curies":[{"name":"wp","href":"https:\/\/api.w.org\/{rel}","templated":true}]}}