{"id":29706,"date":"2026-04-30T14:30:48","date_gmt":"2026-04-30T14:30:48","guid":{"rendered":"https:\/\/dpress.ma\/fr\/?p=29706"},"modified":"2026-04-30T14:30:50","modified_gmt":"2026-04-30T14:30:50","slug":"le-chef-du-gouvernement-recoit-le-secretaire-detat-adjoint-americain","status":"publish","type":"post","link":"https:\/\/dpress.ma\/fr\/2026\/04\/30\/le-chef-du-gouvernement-recoit-le-secretaire-detat-adjoint-americain\/","title":{"rendered":"Le Chef du gouvernement re\u00e7oit le Secr\u00e9taire d\u2019Etat-adjoint am\u00e9ricain"},"content":{"rendered":"\n<p class=\"wp-block-paragraph\">Dpress<\/p>\n\n\n\n<p class=\"wp-block-paragraph\">Le Chef du gouvernement, Aziz Akhannouch, a re\u00e7u, jeudi \u00e0 Rabat, le Secr\u00e9taire d\u2019Etat-adjoint des Etats-Unis, Christopher Landau, qui effectue une visite officielle au Maroc.<\/p>\n\n\n\n<p class=\"wp-block-paragraph\">Ces entretiens, auxquels a pris part l\u2019ambassadeur des Etats-Unis d\u2019Am\u00e9rique au Maroc, Duke Buchan, ont \u00e9t\u00e9 l\u2019occasion d\u2019examiner les moyens de consolider les relations strat\u00e9giques entre le Royaume du Maroc et les Etats-Unis, sous la conduite des deux chefs d\u2019Etats, SM le Roi Mohammed VI, que Dieu L\u2019assiste, et le Pr\u00e9sident am\u00e9ricain SEM Donald Trump, indique un communiqu\u00e9 du D\u00e9partement du Chef de gouvernement.<\/p>\n\n\n\n<p class=\"wp-block-paragraph\">Lors de cette rencontre, le Chef du gouvernement a exprim\u00e9 la consid\u00e9ration du Royaume du Maroc pour la position des Etats-Unis d\u2019Am\u00e9rique \u00e0 l\u2019\u00e9gard de la question nationale, Washington ayant r\u00e9it\u00e9r\u00e9, mercredi, sa reconnaissance de la souverainet\u00e9 du Maroc sur le Sahara et mis l\u2019accent sur son soutien constant \u00e0 la proposition d\u2019autonomie marocaine, qualifi\u00e9e de base unique pour parvenir \u00e0 une solution juste et permanente au diff\u00e9rend autour du Sahara marocain, ajoute la m\u00eame source.<\/p>\n\n\n\n<p class=\"wp-block-paragraph\">M. Akhannouch a \u00e9galement salu\u00e9 le soutien par les Etats-Unis aux entreprises am\u00e9ricaines d\u00e9sireuses d\u2019investir dans les provinces du sud du Royaume, particuli\u00e8rement dans les secteurs de l\u2019hydrog\u00e8ne vert, du tourisme, de l\u2019agriculture et des \u00e9nergies vertes. Il a mis en lumi\u00e8re le r\u00f4le de premier plan que le Maroc peut jouer en tant que passerelle pour les investissements am\u00e9ricains dans le continent africain, dans le cadre d\u2019un partenariat gagnant-gagnant.<\/p>\n\n\n\n<p class=\"wp-block-paragraph\">Les deux parties ont par ailleurs pass\u00e9 en revue les opportunit\u00e9s pour d\u00e9velopper des partenariats \u00e9conomiques, d\u2019investissement et commerciaux entre le Maroc et les Etats-Unis et mis l\u2019accent sur l\u2019importance de la coop\u00e9ration bilat\u00e9rale \u00e0 travers notamment la Millenium Challenge Corporation (MCC) et l\u2019International Development Finance Corporation (DFC), ainsi que sur l\u2019importance de l\u2019accompagnement et l\u2019encadrement des activit\u00e9s des op\u00e9rateurs am\u00e9ricains dans le secteur social, particuli\u00e8rement en mati\u00e8re d\u2019\u00e9ducation et de sant\u00e9.<\/p>\n\n\n\n<p class=\"wp-block-paragraph\">Ces entretiens ont en outre \u00e9t\u00e9 l\u2019occasion de rappeler la profondeur des relations bilat\u00e9rales historiques, depuis la signature en 1787 du trait\u00e9 de paix et d\u2019amiti\u00e9 maroco-am\u00e9ricain et d\u2019exprimer l\u2019aspiration commune \u00e0 des horizons prometteurs entre les deux pays amis, conclut le communiqu\u00e9.<\/p>\n","protected":false},"excerpt":{"rendered":"<p>Dpress Le Chef du gouvernement, Aziz Akhannouch, a re\u00e7u, jeudi \u00e0 Rabat, le Secr\u00e9taire d\u2019Etat-adjoint des Etats-Unis, Christopher Landau, qui effectue une visite officielle au Maroc. Ces entretiens, auxquels a pris part l\u2019ambassadeur des Etats-Unis d\u2019Am\u00e9rique au Maroc, Duke Buchan, ont \u00e9t\u00e9 l\u2019occasion d\u2019examiner les moyens de consolider les relations strat\u00e9giques entre le Royaume du &hellip;<\/p>\n","protected":false},"author":2,"featured_media":29707,"comment_status":"open","ping_status":"open","sticky":false,"template":"","format":"standard","meta":{"footnotes":""},"categories":[26],"tags":[],"class_list":["post-29706","post","type-post","status-publish","format-standard","has-post-thumbnail","hentry","category-politiques"],"yoast_head":"<!-- This site is optimized with the Yoast SEO plugin v28.0 - https:\/\/yoast.com\/product\/yoast-seo-wordpress\/ -->\n<title>Le Chef du gouvernement re\u00e7oit le Secr\u00e9taire d\u2019Etat-adjoint am\u00e9ricain - Dpress.ma\/fr<\/title>\n<meta name=\"robots\" content=\"index, follow, max-snippet:-1, max-image-preview:large, max-video-preview:-1\" \/>\n<link rel=\"canonical\" href=\"https:\/\/dpress.ma\/fr\/2026\/04\/30\/le-chef-du-gouvernement-recoit-le-secretaire-detat-adjoint-americain\/\" \/>\n<meta property=\"og:locale\" content=\"fr_FR\" \/>\n<meta property=\"og:type\" content=\"article\" \/>\n<meta property=\"og:title\" content=\"Le Chef du gouvernement re\u00e7oit le Secr\u00e9taire d\u2019Etat-adjoint am\u00e9ricain - Dpress.ma\/fr\" \/>\n<meta property=\"og:description\" content=\"Dpress Le Chef du gouvernement, Aziz Akhannouch, a re\u00e7u, jeudi \u00e0 Rabat, le Secr\u00e9taire d\u2019Etat-adjoint des Etats-Unis, Christopher Landau, qui effectue une visite officielle au Maroc. Ces entretiens, auxquels a pris part l\u2019ambassadeur des Etats-Unis d\u2019Am\u00e9rique au Maroc, Duke Buchan, ont \u00e9t\u00e9 l\u2019occasion d\u2019examiner les moyens de consolider les relations strat\u00e9giques entre le Royaume du &hellip;\" \/>\n<meta property=\"og:url\" content=\"https:\/\/dpress.ma\/fr\/2026\/04\/30\/le-chef-du-gouvernement-recoit-le-secretaire-detat-adjoint-americain\/\" \/>\n<meta property=\"og:site_name\" content=\"Dpress.ma\/fr\" \/>\n<meta property=\"article:published_time\" content=\"2026-04-30T14:30:48+00:00\" \/>\n<meta property=\"article:modified_time\" content=\"2026-04-30T14:30:50+00:00\" \/>\n<meta property=\"og:image\" content=\"https:\/\/dpress.ma\/fr\/wp-content\/uploads\/sites\/2\/2026\/04\/97-1.jpg\" \/>\n\t<meta property=\"og:image:width\" content=\"2539\" \/>\n\t<meta property=\"og:image:height\" content=\"1594\" \/>\n\t<meta property=\"og:image:type\" content=\"image\/jpeg\" \/>\n<meta name=\"author\" content=\"Dpress.ma\" \/>\n<meta name=\"twitter:card\" content=\"summary_large_image\" \/>\n<meta name=\"twitter:label1\" content=\"\u00c9crit par\" \/>\n\t<meta name=\"twitter:data1\" content=\"Dpress.ma\" \/>\n\t<meta name=\"twitter:label2\" content=\"Dur\u00e9e de lecture estim\u00e9e\" \/>\n\t<meta name=\"twitter:data2\" content=\"2 minutes\" \/>\n<script type=\"application\/ld+json\" class=\"yoast-schema-graph\">{\"@context\":\"https:\\\/\\\/schema.org\",\"@graph\":[{\"@type\":\"Article\",\"@id\":\"https:\\\/\\\/dpress.ma\\\/fr\\\/2026\\\/04\\\/30\\\/le-chef-du-gouvernement-recoit-le-secretaire-detat-adjoint-americain\\\/#article\",\"isPartOf\":{\"@id\":\"https:\\\/\\\/dpress.ma\\\/fr\\\/2026\\\/04\\\/30\\\/le-chef-du-gouvernement-recoit-le-secretaire-detat-adjoint-americain\\\/\"},\"author\":{\"name\":\"Dpress.ma\",\"@id\":\"https:\\\/\\\/dpress.ma\\\/fr\\\/#\\\/schema\\\/person\\\/4898febf3ccd59e6578d838656a306a0\"},\"headline\":\"Le Chef du gouvernement re\u00e7oit le Secr\u00e9taire d\u2019Etat-adjoint am\u00e9ricain\",\"datePublished\":\"2026-04-30T14:30:48+00:00\",\"dateModified\":\"2026-04-30T14:30:50+00:00\",\"mainEntityOfPage\":{\"@id\":\"https:\\\/\\\/dpress.ma\\\/fr\\\/2026\\\/04\\\/30\\\/le-chef-du-gouvernement-recoit-le-secretaire-detat-adjoint-americain\\\/\"},\"wordCount\":416,\"commentCount\":0,\"image\":{\"@id\":\"https:\\\/\\\/dpress.ma\\\/fr\\\/2026\\\/04\\\/30\\\/le-chef-du-gouvernement-recoit-le-secretaire-detat-adjoint-americain\\\/#primaryimage\"},\"thumbnailUrl\":\"https:\\\/\\\/dpress.ma\\\/fr\\\/wp-content\\\/uploads\\\/sites\\\/2\\\/2026\\\/04\\\/97-1.jpg\",\"articleSection\":[\"Politiques\"],\"inLanguage\":\"fr-FR\",\"potentialAction\":[{\"@type\":\"CommentAction\",\"name\":\"Comment\",\"target\":[\"https:\\\/\\\/dpress.ma\\\/fr\\\/2026\\\/04\\\/30\\\/le-chef-du-gouvernement-recoit-le-secretaire-detat-adjoint-americain\\\/#respond\"]}]},{\"@type\":\"WebPage\",\"@id\":\"https:\\\/\\\/dpress.ma\\\/fr\\\/2026\\\/04\\\/30\\\/le-chef-du-gouvernement-recoit-le-secretaire-detat-adjoint-americain\\\/\",\"url\":\"https:\\\/\\\/dpress.ma\\\/fr\\\/2026\\\/04\\\/30\\\/le-chef-du-gouvernement-recoit-le-secretaire-detat-adjoint-americain\\\/\",\"name\":\"Le Chef du gouvernement re\u00e7oit le Secr\u00e9taire d\u2019Etat-adjoint am\u00e9ricain - Dpress.ma\\\/fr\",\"isPartOf\":{\"@id\":\"https:\\\/\\\/dpress.ma\\\/fr\\\/#website\"},\"primaryImageOfPage\":{\"@id\":\"https:\\\/\\\/dpress.ma\\\/fr\\\/2026\\\/04\\\/30\\\/le-chef-du-gouvernement-recoit-le-secretaire-detat-adjoint-americain\\\/#primaryimage\"},\"image\":{\"@id\":\"https:\\\/\\\/dpress.ma\\\/fr\\\/2026\\\/04\\\/30\\\/le-chef-du-gouvernement-recoit-le-secretaire-detat-adjoint-americain\\\/#primaryimage\"},\"thumbnailUrl\":\"https:\\\/\\\/dpress.ma\\\/fr\\\/wp-content\\\/uploads\\\/sites\\\/2\\\/2026\\\/04\\\/97-1.jpg\",\"datePublished\":\"2026-04-30T14:30:48+00:00\",\"dateModified\":\"2026-04-30T14:30:50+00:00\",\"author\":{\"@id\":\"https:\\\/\\\/dpress.ma\\\/fr\\\/#\\\/schema\\\/person\\\/4898febf3ccd59e6578d838656a306a0\"},\"breadcrumb\":{\"@id\":\"https:\\\/\\\/dpress.ma\\\/fr\\\/2026\\\/04\\\/30\\\/le-chef-du-gouvernement-recoit-le-secretaire-detat-adjoint-americain\\\/#breadcrumb\"},\"inLanguage\":\"fr-FR\",\"potentialAction\":[{\"@type\":\"ReadAction\",\"target\":[\"https:\\\/\\\/dpress.ma\\\/fr\\\/2026\\\/04\\\/30\\\/le-chef-du-gouvernement-recoit-le-secretaire-detat-adjoint-americain\\\/\"]}]},{\"@type\":\"ImageObject\",\"inLanguage\":\"fr-FR\",\"@id\":\"https:\\\/\\\/dpress.ma\\\/fr\\\/2026\\\/04\\\/30\\\/le-chef-du-gouvernement-recoit-le-secretaire-detat-adjoint-americain\\\/#primaryimage\",\"url\":\"https:\\\/\\\/dpress.ma\\\/fr\\\/wp-content\\\/uploads\\\/sites\\\/2\\\/2026\\\/04\\\/97-1.jpg\",\"contentUrl\":\"https:\\\/\\\/dpress.ma\\\/fr\\\/wp-content\\\/uploads\\\/sites\\\/2\\\/2026\\\/04\\\/97-1.jpg\",\"width\":2539,\"height\":1594},{\"@type\":\"BreadcrumbList\",\"@id\":\"https:\\\/\\\/dpress.ma\\\/fr\\\/2026\\\/04\\\/30\\\/le-chef-du-gouvernement-recoit-le-secretaire-detat-adjoint-americain\\\/#breadcrumb\",\"itemListElement\":[{\"@type\":\"ListItem\",\"position\":1,\"name\":\"Home\",\"item\":\"https:\\\/\\\/dpress.ma\\\/fr\\\/\"},{\"@type\":\"ListItem\",\"position\":2,\"name\":\"Le Chef du gouvernement re\u00e7oit le Secr\u00e9taire d\u2019Etat-adjoint am\u00e9ricain\"}]},{\"@type\":\"WebSite\",\"@id\":\"https:\\\/\\\/dpress.ma\\\/fr\\\/#website\",\"url\":\"https:\\\/\\\/dpress.ma\\\/fr\\\/\",\"name\":\"Dpress.ma\\\/fr\",\"description\":\"\",\"potentialAction\":[{\"@type\":\"SearchAction\",\"target\":{\"@type\":\"EntryPoint\",\"urlTemplate\":\"https:\\\/\\\/dpress.ma\\\/fr\\\/?s={search_term_string}\"},\"query-input\":{\"@type\":\"PropertyValueSpecification\",\"valueRequired\":true,\"valueName\":\"search_term_string\"}}],\"inLanguage\":\"fr-FR\"},{\"@type\":\"Person\",\"@id\":\"https:\\\/\\\/dpress.ma\\\/fr\\\/#\\\/schema\\\/person\\\/4898febf3ccd59e6578d838656a306a0\",\"name\":\"Dpress.ma\",\"image\":{\"@type\":\"ImageObject\",\"inLanguage\":\"fr-FR\",\"@id\":\"https:\\\/\\\/secure.gravatar.com\\\/avatar\\\/72ecc30e9db047a2e0e7176561eb9d564ed77c8108376495b19bd8336405198a?s=96&d=mm&r=g\",\"url\":\"https:\\\/\\\/secure.gravatar.com\\\/avatar\\\/72ecc30e9db047a2e0e7176561eb9d564ed77c8108376495b19bd8336405198a?s=96&d=mm&r=g\",\"contentUrl\":\"https:\\\/\\\/secure.gravatar.com\\\/avatar\\\/72ecc30e9db047a2e0e7176561eb9d564ed77c8108376495b19bd8336405198a?s=96&d=mm&r=g\",\"caption\":\"Dpress.ma\"},\"sameAs\":[\"https:\\\/\\\/www.dpress.ma\"],\"url\":\"https:\\\/\\\/dpress.ma\\\/fr\\\/author\\\/dpress-ma\\\/\"}]}<\/script>\n<!-- \/ Yoast SEO plugin. -->","yoast_head_json":{"title":"Le Chef du gouvernement re\u00e7oit le Secr\u00e9taire d\u2019Etat-adjoint am\u00e9ricain - Dpress.ma\/fr","robots":{"index":"index","follow":"follow","max-snippet":"max-snippet:-1","max-image-preview":"max-image-preview:large","max-video-preview":"max-video-preview:-1"},"canonical":"https:\/\/dpress.ma\/fr\/2026\/04\/30\/le-chef-du-gouvernement-recoit-le-secretaire-detat-adjoint-americain\/","og_locale":"fr_FR","og_type":"article","og_title":"Le Chef du gouvernement re\u00e7oit le Secr\u00e9taire d\u2019Etat-adjoint am\u00e9ricain - Dpress.ma\/fr","og_description":"Dpress Le Chef du gouvernement, Aziz Akhannouch, a re\u00e7u, jeudi \u00e0 Rabat, le Secr\u00e9taire d\u2019Etat-adjoint des Etats-Unis, Christopher Landau, qui effectue une visite officielle au Maroc. Ces entretiens, auxquels a pris part l\u2019ambassadeur des Etats-Unis d\u2019Am\u00e9rique au Maroc, Duke Buchan, ont \u00e9t\u00e9 l\u2019occasion d\u2019examiner les moyens de consolider les relations strat\u00e9giques entre le Royaume du &hellip;","og_url":"https:\/\/dpress.ma\/fr\/2026\/04\/30\/le-chef-du-gouvernement-recoit-le-secretaire-detat-adjoint-americain\/","og_site_name":"Dpress.ma\/fr","article_published_time":"2026-04-30T14:30:48+00:00","article_modified_time":"2026-04-30T14:30:50+00:00","og_image":[{"width":2539,"height":1594,"url":"https:\/\/dpress.ma\/fr\/wp-content\/uploads\/sites\/2\/2026\/04\/97-1.jpg","type":"image\/jpeg"}],"author":"Dpress.ma","twitter_card":"summary_large_image","twitter_misc":{"\u00c9crit par":"Dpress.ma","Dur\u00e9e de lecture estim\u00e9e":"2 minutes"},"schema":{"@context":"https:\/\/schema.org","@graph":[{"@type":"Article","@id":"https:\/\/dpress.ma\/fr\/2026\/04\/30\/le-chef-du-gouvernement-recoit-le-secretaire-detat-adjoint-americain\/#article","isPartOf":{"@id":"https:\/\/dpress.ma\/fr\/2026\/04\/30\/le-chef-du-gouvernement-recoit-le-secretaire-detat-adjoint-americain\/"},"author":{"name":"Dpress.ma","@id":"https:\/\/dpress.ma\/fr\/#\/schema\/person\/4898febf3ccd59e6578d838656a306a0"},"headline":"Le Chef du gouvernement re\u00e7oit le Secr\u00e9taire d\u2019Etat-adjoint am\u00e9ricain","datePublished":"2026-04-30T14:30:48+00:00","dateModified":"2026-04-30T14:30:50+00:00","mainEntityOfPage":{"@id":"https:\/\/dpress.ma\/fr\/2026\/04\/30\/le-chef-du-gouvernement-recoit-le-secretaire-detat-adjoint-americain\/"},"wordCount":416,"commentCount":0,"image":{"@id":"https:\/\/dpress.ma\/fr\/2026\/04\/30\/le-chef-du-gouvernement-recoit-le-secretaire-detat-adjoint-americain\/#primaryimage"},"thumbnailUrl":"https:\/\/dpress.ma\/fr\/wp-content\/uploads\/sites\/2\/2026\/04\/97-1.jpg","articleSection":["Politiques"],"inLanguage":"fr-FR","potentialAction":[{"@type":"CommentAction","name":"Comment","target":["https:\/\/dpress.ma\/fr\/2026\/04\/30\/le-chef-du-gouvernement-recoit-le-secretaire-detat-adjoint-americain\/#respond"]}]},{"@type":"WebPage","@id":"https:\/\/dpress.ma\/fr\/2026\/04\/30\/le-chef-du-gouvernement-recoit-le-secretaire-detat-adjoint-americain\/","url":"https:\/\/dpress.ma\/fr\/2026\/04\/30\/le-chef-du-gouvernement-recoit-le-secretaire-detat-adjoint-americain\/","name":"Le Chef du gouvernement re\u00e7oit le Secr\u00e9taire d\u2019Etat-adjoint am\u00e9ricain - Dpress.ma\/fr","isPartOf":{"@id":"https:\/\/dpress.ma\/fr\/#website"},"primaryImageOfPage":{"@id":"https:\/\/dpress.ma\/fr\/2026\/04\/30\/le-chef-du-gouvernement-recoit-le-secretaire-detat-adjoint-americain\/#primaryimage"},"image":{"@id":"https:\/\/dpress.ma\/fr\/2026\/04\/30\/le-chef-du-gouvernement-recoit-le-secretaire-detat-adjoint-americain\/#primaryimage"},"thumbnailUrl":"https:\/\/dpress.ma\/fr\/wp-content\/uploads\/sites\/2\/2026\/04\/97-1.jpg","datePublished":"2026-04-30T14:30:48+00:00","dateModified":"2026-04-30T14:30:50+00:00","author":{"@id":"https:\/\/dpress.ma\/fr\/#\/schema\/person\/4898febf3ccd59e6578d838656a306a0"},"breadcrumb":{"@id":"https:\/\/dpress.ma\/fr\/2026\/04\/30\/le-chef-du-gouvernement-recoit-le-secretaire-detat-adjoint-americain\/#breadcrumb"},"inLanguage":"fr-FR","potentialAction":[{"@type":"ReadAction","target":["https:\/\/dpress.ma\/fr\/2026\/04\/30\/le-chef-du-gouvernement-recoit-le-secretaire-detat-adjoint-americain\/"]}]},{"@type":"ImageObject","inLanguage":"fr-FR","@id":"https:\/\/dpress.ma\/fr\/2026\/04\/30\/le-chef-du-gouvernement-recoit-le-secretaire-detat-adjoint-americain\/#primaryimage","url":"https:\/\/dpress.ma\/fr\/wp-content\/uploads\/sites\/2\/2026\/04\/97-1.jpg","contentUrl":"https:\/\/dpress.ma\/fr\/wp-content\/uploads\/sites\/2\/2026\/04\/97-1.jpg","width":2539,"height":1594},{"@type":"BreadcrumbList","@id":"https:\/\/dpress.ma\/fr\/2026\/04\/30\/le-chef-du-gouvernement-recoit-le-secretaire-detat-adjoint-americain\/#breadcrumb","itemListElement":[{"@type":"ListItem","position":1,"name":"Home","item":"https:\/\/dpress.ma\/fr\/"},{"@type":"ListItem","position":2,"name":"Le Chef du gouvernement re\u00e7oit le Secr\u00e9taire d\u2019Etat-adjoint am\u00e9ricain"}]},{"@type":"WebSite","@id":"https:\/\/dpress.ma\/fr\/#website","url":"https:\/\/dpress.ma\/fr\/","name":"Dpress.ma\/fr","description":"","potentialAction":[{"@type":"SearchAction","target":{"@type":"EntryPoint","urlTemplate":"https:\/\/dpress.ma\/fr\/?s={search_term_string}"},"query-input":{"@type":"PropertyValueSpecification","valueRequired":true,"valueName":"search_term_string"}}],"inLanguage":"fr-FR"},{"@type":"Person","@id":"https:\/\/dpress.ma\/fr\/#\/schema\/person\/4898febf3ccd59e6578d838656a306a0","name":"Dpress.ma","image":{"@type":"ImageObject","inLanguage":"fr-FR","@id":"https:\/\/secure.gravatar.com\/avatar\/72ecc30e9db047a2e0e7176561eb9d564ed77c8108376495b19bd8336405198a?s=96&d=mm&r=g","url":"https:\/\/secure.gravatar.com\/avatar\/72ecc30e9db047a2e0e7176561eb9d564ed77c8108376495b19bd8336405198a?s=96&d=mm&r=g","contentUrl":"https:\/\/secure.gravatar.com\/avatar\/72ecc30e9db047a2e0e7176561eb9d564ed77c8108376495b19bd8336405198a?s=96&d=mm&r=g","caption":"Dpress.ma"},"sameAs":["https:\/\/www.dpress.ma"],"url":"https:\/\/dpress.ma\/fr\/author\/dpress-ma\/"}]}},"amp_enabled":true,"_links":{"self":[{"href":"https:\/\/dpress.ma\/fr\/wp-json\/wp\/v2\/posts\/29706","targetHints":{"allow":["GET"]}}],"collection":[{"href":"https:\/\/dpress.ma\/fr\/wp-json\/wp\/v2\/posts"}],"about":[{"href":"https:\/\/dpress.ma\/fr\/wp-json\/wp\/v2\/types\/post"}],"author":[{"embeddable":true,"href":"https:\/\/dpress.ma\/fr\/wp-json\/wp\/v2\/users\/2"}],"replies":[{"embeddable":true,"href":"https:\/\/dpress.ma\/fr\/wp-json\/wp\/v2\/comments?post=29706"}],"version-history":[{"count":1,"href":"https:\/\/dpress.ma\/fr\/wp-json\/wp\/v2\/posts\/29706\/revisions"}],"predecessor-version":[{"id":29708,"href":"https:\/\/dpress.ma\/fr\/wp-json\/wp\/v2\/posts\/29706\/revisions\/29708"}],"wp:featuredmedia":[{"embeddable":true,"href":"https:\/\/dpress.ma\/fr\/wp-json\/wp\/v2\/media\/29707"}],"wp:attachment":[{"href":"https:\/\/dpress.ma\/fr\/wp-json\/wp\/v2\/media?parent=29706"}],"wp:term":[{"taxonomy":"category","embeddable":true,"href":"https:\/\/dpress.ma\/fr\/wp-json\/wp\/v2\/categories?post=29706"},{"taxonomy":"post_tag","embeddable":true,"href":"https:\/\/dpress.ma\/fr\/wp-json\/wp\/v2\/tags?post=29706"}],"curies":[{"name":"wp","href":"https:\/\/api.w.org\/{rel}","templated":true}]}}