{"id":29700,"date":"2026-04-30T14:28:15","date_gmt":"2026-04-30T14:28:15","guid":{"rendered":"https:\/\/dpress.ma\/fr\/?p=29700"},"modified":"2026-04-30T14:28:17","modified_gmt":"2026-04-30T14:28:17","slug":"luxembourg-maroc-cap-sur-des-partenariats-concrets-et-durables","status":"publish","type":"post","link":"https:\/\/dpress.ma\/fr\/2026\/04\/30\/luxembourg-maroc-cap-sur-des-partenariats-concrets-et-durables\/","title":{"rendered":"Luxembourg-Maroc : Cap sur des partenariats concrets et durables"},"content":{"rendered":"\n<p>Dpress<\/p>\n\n\n\n<p>Le Luxembourg entend insuffler une forte impulsion \u00e0 ses relations de coop\u00e9ration \u00e9conomique avec le Maroc en focalisant davantage les \u00e9changes et les contacts bilat\u00e9raux autour de projets de partenariats concrets et durables.<\/p>\n\n\n\n<p>Cette orientation sera au c\u0153ur de la mission \u00e9conomique de haut niveau pr\u00e9vue du 4 au 7 mai au Maroc, conduite par le ministre luxembourgeois de l\u2019Economie, des PME, de l\u2019Energie et du Tourisme, Lex Delles.<\/p>\n\n\n\n<p>A la t\u00eate d\u2019une d\u00e9l\u00e9gation d\u2019une vingtaine d\u2019entreprises, M. Delles met en avant une d\u00e9marche r\u00e9solument op\u00e9rationnelle, centr\u00e9e sur la cr\u00e9ation de relations directes, cibl\u00e9es et qualifi\u00e9s entre les acteurs \u00e9conomiques des deux pays. L\u2019objectif est de renforcer les synergies existantes et de favoriser l\u2019\u00e9mergence de projets communs, port\u00e9s par les entreprises marocaines et luxembourgeoises.<\/p>\n\n\n\n<p>Cette mission s\u2019inscrit dans un contexte marocain marqu\u00e9 par une dynamique soutenue de transformation \u00e9conomique. Le Royaume engage actuellement d\u2019importants investissements dans les infrastructures portuaires, ferroviaires et a\u00e9roportuaires, tout en acc\u00e9l\u00e9rant le d\u00e9veloppement des r\u00e9seaux num\u00e9riques, notamment la fibre optique et la 5G. Les projets li\u00e9s \u00e0 la Coupe du monde 2030 viennent \u00e9galement consolider cette trajectoire, en ouvrant de nouvelles perspectives de coop\u00e9ration dans plusieurs secteurs.<\/p>\n\n\n\n<p>Dans ce cadre, le Luxembourg identifie des opportunit\u00e9s dans des domaines \u00e0 forte valeur ajout\u00e9e tels que les infrastructures, l\u2019industrie, les technologies et les services. L\u2019approche repose sur une logique de compl\u00e9mentarit\u00e9 entre deux \u00e9conomies aux profils diff\u00e9rents mais fortement convergents. Le Maroc, en tant que plateforme r\u00e9gionale vers l\u2019Afrique, et le Luxembourg, hub financier europ\u00e9en et porte d\u2019entr\u00e9e vers le march\u00e9 de l\u2019Union europ\u00e9enne.<\/p>\n\n\n\n<p>Les petites et moyennes entreprises occupent une place centrale dans cette dynamique. Elles sont consid\u00e9r\u00e9es comme des acteurs cl\u00e9s pour concr\u00e9tiser les opportunit\u00e9s identifi\u00e9es, gr\u00e2ce \u00e0 leur agilit\u00e9 et leur capacit\u00e9 \u00e0 d\u00e9velopper des projets cibl\u00e9s. L\u2019accent sera ainsi mis sur la mise en relation directe entre les op\u00e9rateurs \u00e9conomiques des deux pays et l\u2019accompagnement rigoureux des initiatives entrepreneuriales.<\/p>\n\n\n\n<p>Au-del\u00e0 de la mission, l\u2019enjeu porte \u00e9galement sur la continuit\u00e9 et la structuration des \u00e9changes dans la dur\u00e9e. Dans une interview \u00e0 la MAP en amont de sa visite au Maroc, M. Delles souligne l\u2019importance d\u2019un suivi structur\u00e9 afin de capitaliser sur les rencontres pr\u00e9vues \u00e0 Casablanca et d\u2019accompagner la transformation des opportunit\u00e9s en projets concrets. Les dispositifs existants, notamment le Luxembourg Trade and Investment Office de Casablanca et la Chambre de commerce du Luxembourg, constituent des relais essentiels dans cette dynamique.<\/p>\n\n\n\n<p>Les relations \u00e9conomiques entre le Luxembourg et le Maroc s\u2019inscrivent dans une trajectoire ascendante, soutenue par une intensification progressive des \u00e9changes et des investissements. Les flux commerciaux, estim\u00e9s entre 51 et 127 millions d\u2019euros en 2024, traduisent une activit\u00e9 \u00e9conomique en \u00e9volution, port\u00e9e par des compl\u00e9mentarit\u00e9s de plus en plus exploit\u00e9es entre les deux \u00e9conomies.<\/p>\n\n\n\n<p>Ce d\u00e9veloppement s\u2019appuie sur un cadre institutionnel solide, avec plusieurs accords structurants conclus ces derni\u00e8res ann\u00e9es dans des secteurs cl\u00e9s comme la finance, le num\u00e9rique et l\u2019industrie. Ces instruments renforcent le socle de la coop\u00e9ration \u00e9conomique et servent de base pour sa consolidation et son approfondissement dans le futur \u00e0 travers des initiatives et des projets communs.<\/p>\n\n\n\n<p>La coop\u00e9ration Maroc-Luxembourg est \u00e9galement soutenue par des m\u00e9canismes op\u00e9rationnels impliquant les chambres de commerce et les structures de promotion de l\u2019investissement, qui facilitent les \u00e9changes et accompagnent les entreprises dans leurs d\u00e9marches de partenariat.<\/p>\n\n\n\n<p>Dans cet environnement propice aux partenariats, le Luxembourg entend consolider son positionnement d\u2019investisseur actif au Maroc, avec des pr\u00e9sences bien \u00e9tablies dans plusieurs secteurs strat\u00e9giques tels que l\u2019industrie, l\u2019automobile, les infrastructures et l\u2019h\u00f4tellerie. Ces implantations contribuent \u00e0 renforcer encore pus les liens \u00e9conomiques et \u00e0 \u00e9largir les horizons de collaboration.<\/p>\n\n\n\n<p>Dans cette perspective, la mission \u00e9conomique de mai adopte une approche multisectorielle, visant \u00e0 explorer de nouvelles opportunit\u00e9s et \u00e0 renforcer les coop\u00e9rations existantes dans diff\u00e9rents domaines. Elle illustre une volont\u00e9 partag\u00e9e de consolider une relation dynamique et de l\u2019orienter vers des projets \u00e0 forte valeur ajout\u00e9e, au service des deux pays.<\/p>\n","protected":false},"excerpt":{"rendered":"<p>Dpress Le Luxembourg entend insuffler une forte impulsion \u00e0 ses relations de coop\u00e9ration \u00e9conomique avec le Maroc en focalisant davantage les \u00e9changes et les contacts bilat\u00e9raux autour de projets de partenariats concrets et durables. Cette orientation sera au c\u0153ur de la mission \u00e9conomique de haut niveau pr\u00e9vue du 4 au 7 mai au Maroc, conduite &hellip;<\/p>\n","protected":false},"author":2,"featured_media":29701,"comment_status":"open","ping_status":"open","sticky":false,"template":"","format":"standard","meta":{"footnotes":""},"categories":[26],"tags":[],"class_list":["post-29700","post","type-post","status-publish","format-standard","has-post-thumbnail","hentry","category-politiques"],"yoast_head":"<!-- This site is optimized with the Yoast SEO plugin v27.5 - https:\/\/yoast.com\/product\/yoast-seo-wordpress\/ -->\n<title>Luxembourg-Maroc : Cap sur des partenariats concrets et durables - Dpress.ma\/fr<\/title>\n<meta name=\"robots\" content=\"index, follow, max-snippet:-1, max-image-preview:large, max-video-preview:-1\" \/>\n<link rel=\"canonical\" href=\"https:\/\/dpress.ma\/fr\/2026\/04\/30\/luxembourg-maroc-cap-sur-des-partenariats-concrets-et-durables\/\" \/>\n<meta property=\"og:locale\" content=\"fr_FR\" \/>\n<meta property=\"og:type\" content=\"article\" \/>\n<meta property=\"og:title\" content=\"Luxembourg-Maroc : Cap sur des partenariats concrets et durables - Dpress.ma\/fr\" \/>\n<meta property=\"og:description\" content=\"Dpress Le Luxembourg entend insuffler une forte impulsion \u00e0 ses relations de coop\u00e9ration \u00e9conomique avec le Maroc en focalisant davantage les \u00e9changes et les contacts bilat\u00e9raux autour de projets de partenariats concrets et durables. Cette orientation sera au c\u0153ur de la mission \u00e9conomique de haut niveau pr\u00e9vue du 4 au 7 mai au Maroc, conduite &hellip;\" \/>\n<meta property=\"og:url\" content=\"https:\/\/dpress.ma\/fr\/2026\/04\/30\/luxembourg-maroc-cap-sur-des-partenariats-concrets-et-durables\/\" \/>\n<meta property=\"og:site_name\" content=\"Dpress.ma\/fr\" \/>\n<meta property=\"article:published_time\" content=\"2026-04-30T14:28:15+00:00\" \/>\n<meta property=\"article:modified_time\" content=\"2026-04-30T14:28:17+00:00\" \/>\n<meta property=\"og:image\" content=\"https:\/\/dpress.ma\/fr\/wp-content\/uploads\/sites\/2\/2026\/04\/91.jpg\" \/>\n\t<meta property=\"og:image:width\" content=\"2539\" \/>\n\t<meta property=\"og:image:height\" content=\"1594\" \/>\n\t<meta property=\"og:image:type\" content=\"image\/jpeg\" \/>\n<meta name=\"author\" content=\"Dpress.ma\" \/>\n<meta name=\"twitter:card\" content=\"summary_large_image\" \/>\n<meta name=\"twitter:label1\" content=\"\u00c9crit par\" \/>\n\t<meta name=\"twitter:data1\" content=\"Dpress.ma\" \/>\n\t<meta name=\"twitter:label2\" content=\"Dur\u00e9e de lecture estim\u00e9e\" \/>\n\t<meta name=\"twitter:data2\" content=\"4 minutes\" \/>\n<script type=\"application\/ld+json\" class=\"yoast-schema-graph\">{\"@context\":\"https:\\\/\\\/schema.org\",\"@graph\":[{\"@type\":\"Article\",\"@id\":\"https:\\\/\\\/dpress.ma\\\/fr\\\/2026\\\/04\\\/30\\\/luxembourg-maroc-cap-sur-des-partenariats-concrets-et-durables\\\/#article\",\"isPartOf\":{\"@id\":\"https:\\\/\\\/dpress.ma\\\/fr\\\/2026\\\/04\\\/30\\\/luxembourg-maroc-cap-sur-des-partenariats-concrets-et-durables\\\/\"},\"author\":{\"name\":\"Dpress.ma\",\"@id\":\"https:\\\/\\\/dpress.ma\\\/fr\\\/#\\\/schema\\\/person\\\/4898febf3ccd59e6578d838656a306a0\"},\"headline\":\"Luxembourg-Maroc : Cap sur des partenariats concrets et durables\",\"datePublished\":\"2026-04-30T14:28:15+00:00\",\"dateModified\":\"2026-04-30T14:28:17+00:00\",\"mainEntityOfPage\":{\"@id\":\"https:\\\/\\\/dpress.ma\\\/fr\\\/2026\\\/04\\\/30\\\/luxembourg-maroc-cap-sur-des-partenariats-concrets-et-durables\\\/\"},\"wordCount\":733,\"commentCount\":0,\"image\":{\"@id\":\"https:\\\/\\\/dpress.ma\\\/fr\\\/2026\\\/04\\\/30\\\/luxembourg-maroc-cap-sur-des-partenariats-concrets-et-durables\\\/#primaryimage\"},\"thumbnailUrl\":\"https:\\\/\\\/dpress.ma\\\/fr\\\/wp-content\\\/uploads\\\/sites\\\/2\\\/2026\\\/04\\\/91.jpg\",\"articleSection\":[\"Politiques\"],\"inLanguage\":\"fr-FR\",\"potentialAction\":[{\"@type\":\"CommentAction\",\"name\":\"Comment\",\"target\":[\"https:\\\/\\\/dpress.ma\\\/fr\\\/2026\\\/04\\\/30\\\/luxembourg-maroc-cap-sur-des-partenariats-concrets-et-durables\\\/#respond\"]}]},{\"@type\":\"WebPage\",\"@id\":\"https:\\\/\\\/dpress.ma\\\/fr\\\/2026\\\/04\\\/30\\\/luxembourg-maroc-cap-sur-des-partenariats-concrets-et-durables\\\/\",\"url\":\"https:\\\/\\\/dpress.ma\\\/fr\\\/2026\\\/04\\\/30\\\/luxembourg-maroc-cap-sur-des-partenariats-concrets-et-durables\\\/\",\"name\":\"Luxembourg-Maroc : Cap sur des partenariats concrets et durables - Dpress.ma\\\/fr\",\"isPartOf\":{\"@id\":\"https:\\\/\\\/dpress.ma\\\/fr\\\/#website\"},\"primaryImageOfPage\":{\"@id\":\"https:\\\/\\\/dpress.ma\\\/fr\\\/2026\\\/04\\\/30\\\/luxembourg-maroc-cap-sur-des-partenariats-concrets-et-durables\\\/#primaryimage\"},\"image\":{\"@id\":\"https:\\\/\\\/dpress.ma\\\/fr\\\/2026\\\/04\\\/30\\\/luxembourg-maroc-cap-sur-des-partenariats-concrets-et-durables\\\/#primaryimage\"},\"thumbnailUrl\":\"https:\\\/\\\/dpress.ma\\\/fr\\\/wp-content\\\/uploads\\\/sites\\\/2\\\/2026\\\/04\\\/91.jpg\",\"datePublished\":\"2026-04-30T14:28:15+00:00\",\"dateModified\":\"2026-04-30T14:28:17+00:00\",\"author\":{\"@id\":\"https:\\\/\\\/dpress.ma\\\/fr\\\/#\\\/schema\\\/person\\\/4898febf3ccd59e6578d838656a306a0\"},\"breadcrumb\":{\"@id\":\"https:\\\/\\\/dpress.ma\\\/fr\\\/2026\\\/04\\\/30\\\/luxembourg-maroc-cap-sur-des-partenariats-concrets-et-durables\\\/#breadcrumb\"},\"inLanguage\":\"fr-FR\",\"potentialAction\":[{\"@type\":\"ReadAction\",\"target\":[\"https:\\\/\\\/dpress.ma\\\/fr\\\/2026\\\/04\\\/30\\\/luxembourg-maroc-cap-sur-des-partenariats-concrets-et-durables\\\/\"]}]},{\"@type\":\"ImageObject\",\"inLanguage\":\"fr-FR\",\"@id\":\"https:\\\/\\\/dpress.ma\\\/fr\\\/2026\\\/04\\\/30\\\/luxembourg-maroc-cap-sur-des-partenariats-concrets-et-durables\\\/#primaryimage\",\"url\":\"https:\\\/\\\/dpress.ma\\\/fr\\\/wp-content\\\/uploads\\\/sites\\\/2\\\/2026\\\/04\\\/91.jpg\",\"contentUrl\":\"https:\\\/\\\/dpress.ma\\\/fr\\\/wp-content\\\/uploads\\\/sites\\\/2\\\/2026\\\/04\\\/91.jpg\",\"width\":2539,\"height\":1594},{\"@type\":\"BreadcrumbList\",\"@id\":\"https:\\\/\\\/dpress.ma\\\/fr\\\/2026\\\/04\\\/30\\\/luxembourg-maroc-cap-sur-des-partenariats-concrets-et-durables\\\/#breadcrumb\",\"itemListElement\":[{\"@type\":\"ListItem\",\"position\":1,\"name\":\"Home\",\"item\":\"https:\\\/\\\/dpress.ma\\\/fr\\\/\"},{\"@type\":\"ListItem\",\"position\":2,\"name\":\"Luxembourg-Maroc : Cap sur des partenariats concrets et durables\"}]},{\"@type\":\"WebSite\",\"@id\":\"https:\\\/\\\/dpress.ma\\\/fr\\\/#website\",\"url\":\"https:\\\/\\\/dpress.ma\\\/fr\\\/\",\"name\":\"Dpress.ma\\\/fr\",\"description\":\"\",\"potentialAction\":[{\"@type\":\"SearchAction\",\"target\":{\"@type\":\"EntryPoint\",\"urlTemplate\":\"https:\\\/\\\/dpress.ma\\\/fr\\\/?s={search_term_string}\"},\"query-input\":{\"@type\":\"PropertyValueSpecification\",\"valueRequired\":true,\"valueName\":\"search_term_string\"}}],\"inLanguage\":\"fr-FR\"},{\"@type\":\"Person\",\"@id\":\"https:\\\/\\\/dpress.ma\\\/fr\\\/#\\\/schema\\\/person\\\/4898febf3ccd59e6578d838656a306a0\",\"name\":\"Dpress.ma\",\"image\":{\"@type\":\"ImageObject\",\"inLanguage\":\"fr-FR\",\"@id\":\"https:\\\/\\\/secure.gravatar.com\\\/avatar\\\/72ecc30e9db047a2e0e7176561eb9d564ed77c8108376495b19bd8336405198a?s=96&d=mm&r=g\",\"url\":\"https:\\\/\\\/secure.gravatar.com\\\/avatar\\\/72ecc30e9db047a2e0e7176561eb9d564ed77c8108376495b19bd8336405198a?s=96&d=mm&r=g\",\"contentUrl\":\"https:\\\/\\\/secure.gravatar.com\\\/avatar\\\/72ecc30e9db047a2e0e7176561eb9d564ed77c8108376495b19bd8336405198a?s=96&d=mm&r=g\",\"caption\":\"Dpress.ma\"},\"sameAs\":[\"https:\\\/\\\/www.dpress.ma\"],\"url\":\"https:\\\/\\\/dpress.ma\\\/fr\\\/author\\\/dpress-ma\\\/\"}]}<\/script>\n<!-- \/ Yoast SEO plugin. -->","yoast_head_json":{"title":"Luxembourg-Maroc : Cap sur des partenariats concrets et durables - Dpress.ma\/fr","robots":{"index":"index","follow":"follow","max-snippet":"max-snippet:-1","max-image-preview":"max-image-preview:large","max-video-preview":"max-video-preview:-1"},"canonical":"https:\/\/dpress.ma\/fr\/2026\/04\/30\/luxembourg-maroc-cap-sur-des-partenariats-concrets-et-durables\/","og_locale":"fr_FR","og_type":"article","og_title":"Luxembourg-Maroc : Cap sur des partenariats concrets et durables - Dpress.ma\/fr","og_description":"Dpress Le Luxembourg entend insuffler une forte impulsion \u00e0 ses relations de coop\u00e9ration \u00e9conomique avec le Maroc en focalisant davantage les \u00e9changes et les contacts bilat\u00e9raux autour de projets de partenariats concrets et durables. Cette orientation sera au c\u0153ur de la mission \u00e9conomique de haut niveau pr\u00e9vue du 4 au 7 mai au Maroc, conduite &hellip;","og_url":"https:\/\/dpress.ma\/fr\/2026\/04\/30\/luxembourg-maroc-cap-sur-des-partenariats-concrets-et-durables\/","og_site_name":"Dpress.ma\/fr","article_published_time":"2026-04-30T14:28:15+00:00","article_modified_time":"2026-04-30T14:28:17+00:00","og_image":[{"width":2539,"height":1594,"url":"https:\/\/dpress.ma\/fr\/wp-content\/uploads\/sites\/2\/2026\/04\/91.jpg","type":"image\/jpeg"}],"author":"Dpress.ma","twitter_card":"summary_large_image","twitter_misc":{"\u00c9crit par":"Dpress.ma","Dur\u00e9e de lecture estim\u00e9e":"4 minutes"},"schema":{"@context":"https:\/\/schema.org","@graph":[{"@type":"Article","@id":"https:\/\/dpress.ma\/fr\/2026\/04\/30\/luxembourg-maroc-cap-sur-des-partenariats-concrets-et-durables\/#article","isPartOf":{"@id":"https:\/\/dpress.ma\/fr\/2026\/04\/30\/luxembourg-maroc-cap-sur-des-partenariats-concrets-et-durables\/"},"author":{"name":"Dpress.ma","@id":"https:\/\/dpress.ma\/fr\/#\/schema\/person\/4898febf3ccd59e6578d838656a306a0"},"headline":"Luxembourg-Maroc : Cap sur des partenariats concrets et durables","datePublished":"2026-04-30T14:28:15+00:00","dateModified":"2026-04-30T14:28:17+00:00","mainEntityOfPage":{"@id":"https:\/\/dpress.ma\/fr\/2026\/04\/30\/luxembourg-maroc-cap-sur-des-partenariats-concrets-et-durables\/"},"wordCount":733,"commentCount":0,"image":{"@id":"https:\/\/dpress.ma\/fr\/2026\/04\/30\/luxembourg-maroc-cap-sur-des-partenariats-concrets-et-durables\/#primaryimage"},"thumbnailUrl":"https:\/\/dpress.ma\/fr\/wp-content\/uploads\/sites\/2\/2026\/04\/91.jpg","articleSection":["Politiques"],"inLanguage":"fr-FR","potentialAction":[{"@type":"CommentAction","name":"Comment","target":["https:\/\/dpress.ma\/fr\/2026\/04\/30\/luxembourg-maroc-cap-sur-des-partenariats-concrets-et-durables\/#respond"]}]},{"@type":"WebPage","@id":"https:\/\/dpress.ma\/fr\/2026\/04\/30\/luxembourg-maroc-cap-sur-des-partenariats-concrets-et-durables\/","url":"https:\/\/dpress.ma\/fr\/2026\/04\/30\/luxembourg-maroc-cap-sur-des-partenariats-concrets-et-durables\/","name":"Luxembourg-Maroc : Cap sur des partenariats concrets et durables - Dpress.ma\/fr","isPartOf":{"@id":"https:\/\/dpress.ma\/fr\/#website"},"primaryImageOfPage":{"@id":"https:\/\/dpress.ma\/fr\/2026\/04\/30\/luxembourg-maroc-cap-sur-des-partenariats-concrets-et-durables\/#primaryimage"},"image":{"@id":"https:\/\/dpress.ma\/fr\/2026\/04\/30\/luxembourg-maroc-cap-sur-des-partenariats-concrets-et-durables\/#primaryimage"},"thumbnailUrl":"https:\/\/dpress.ma\/fr\/wp-content\/uploads\/sites\/2\/2026\/04\/91.jpg","datePublished":"2026-04-30T14:28:15+00:00","dateModified":"2026-04-30T14:28:17+00:00","author":{"@id":"https:\/\/dpress.ma\/fr\/#\/schema\/person\/4898febf3ccd59e6578d838656a306a0"},"breadcrumb":{"@id":"https:\/\/dpress.ma\/fr\/2026\/04\/30\/luxembourg-maroc-cap-sur-des-partenariats-concrets-et-durables\/#breadcrumb"},"inLanguage":"fr-FR","potentialAction":[{"@type":"ReadAction","target":["https:\/\/dpress.ma\/fr\/2026\/04\/30\/luxembourg-maroc-cap-sur-des-partenariats-concrets-et-durables\/"]}]},{"@type":"ImageObject","inLanguage":"fr-FR","@id":"https:\/\/dpress.ma\/fr\/2026\/04\/30\/luxembourg-maroc-cap-sur-des-partenariats-concrets-et-durables\/#primaryimage","url":"https:\/\/dpress.ma\/fr\/wp-content\/uploads\/sites\/2\/2026\/04\/91.jpg","contentUrl":"https:\/\/dpress.ma\/fr\/wp-content\/uploads\/sites\/2\/2026\/04\/91.jpg","width":2539,"height":1594},{"@type":"BreadcrumbList","@id":"https:\/\/dpress.ma\/fr\/2026\/04\/30\/luxembourg-maroc-cap-sur-des-partenariats-concrets-et-durables\/#breadcrumb","itemListElement":[{"@type":"ListItem","position":1,"name":"Home","item":"https:\/\/dpress.ma\/fr\/"},{"@type":"ListItem","position":2,"name":"Luxembourg-Maroc : Cap sur des partenariats concrets et durables"}]},{"@type":"WebSite","@id":"https:\/\/dpress.ma\/fr\/#website","url":"https:\/\/dpress.ma\/fr\/","name":"Dpress.ma\/fr","description":"","potentialAction":[{"@type":"SearchAction","target":{"@type":"EntryPoint","urlTemplate":"https:\/\/dpress.ma\/fr\/?s={search_term_string}"},"query-input":{"@type":"PropertyValueSpecification","valueRequired":true,"valueName":"search_term_string"}}],"inLanguage":"fr-FR"},{"@type":"Person","@id":"https:\/\/dpress.ma\/fr\/#\/schema\/person\/4898febf3ccd59e6578d838656a306a0","name":"Dpress.ma","image":{"@type":"ImageObject","inLanguage":"fr-FR","@id":"https:\/\/secure.gravatar.com\/avatar\/72ecc30e9db047a2e0e7176561eb9d564ed77c8108376495b19bd8336405198a?s=96&d=mm&r=g","url":"https:\/\/secure.gravatar.com\/avatar\/72ecc30e9db047a2e0e7176561eb9d564ed77c8108376495b19bd8336405198a?s=96&d=mm&r=g","contentUrl":"https:\/\/secure.gravatar.com\/avatar\/72ecc30e9db047a2e0e7176561eb9d564ed77c8108376495b19bd8336405198a?s=96&d=mm&r=g","caption":"Dpress.ma"},"sameAs":["https:\/\/www.dpress.ma"],"url":"https:\/\/dpress.ma\/fr\/author\/dpress-ma\/"}]}},"amp_enabled":true,"_links":{"self":[{"href":"https:\/\/dpress.ma\/fr\/wp-json\/wp\/v2\/posts\/29700","targetHints":{"allow":["GET"]}}],"collection":[{"href":"https:\/\/dpress.ma\/fr\/wp-json\/wp\/v2\/posts"}],"about":[{"href":"https:\/\/dpress.ma\/fr\/wp-json\/wp\/v2\/types\/post"}],"author":[{"embeddable":true,"href":"https:\/\/dpress.ma\/fr\/wp-json\/wp\/v2\/users\/2"}],"replies":[{"embeddable":true,"href":"https:\/\/dpress.ma\/fr\/wp-json\/wp\/v2\/comments?post=29700"}],"version-history":[{"count":1,"href":"https:\/\/dpress.ma\/fr\/wp-json\/wp\/v2\/posts\/29700\/revisions"}],"predecessor-version":[{"id":29702,"href":"https:\/\/dpress.ma\/fr\/wp-json\/wp\/v2\/posts\/29700\/revisions\/29702"}],"wp:featuredmedia":[{"embeddable":true,"href":"https:\/\/dpress.ma\/fr\/wp-json\/wp\/v2\/media\/29701"}],"wp:attachment":[{"href":"https:\/\/dpress.ma\/fr\/wp-json\/wp\/v2\/media?parent=29700"}],"wp:term":[{"taxonomy":"category","embeddable":true,"href":"https:\/\/dpress.ma\/fr\/wp-json\/wp\/v2\/categories?post=29700"},{"taxonomy":"post_tag","embeddable":true,"href":"https:\/\/dpress.ma\/fr\/wp-json\/wp\/v2\/tags?post=29700"}],"curies":[{"name":"wp","href":"https:\/\/api.w.org\/{rel}","templated":true}]}}