{"id":29697,"date":"2026-04-30T14:27:17","date_gmt":"2026-04-30T14:27:17","guid":{"rendered":"https:\/\/dpress.ma\/fr\/?p=29697"},"modified":"2026-04-30T14:27:19","modified_gmt":"2026-04-30T14:27:19","slug":"lancien-ambassadeur-degypte-au-maroc-decore-du-wissam-alaouite-de-lordre-de-commandeur","status":"publish","type":"post","link":"https:\/\/dpress.ma\/fr\/2026\/04\/30\/lancien-ambassadeur-degypte-au-maroc-decore-du-wissam-alaouite-de-lordre-de-commandeur\/","title":{"rendered":"L\u2019ancien ambassadeur d\u2019\u00c9gypte au Maroc d\u00e9cor\u00e9 du Wissam Alaouite de l\u2019ordre de Commandeur"},"content":{"rendered":"\n<p>Dpress<\/p>\n\n\n\n<p>L\u2019ancien ambassadeur d\u2019\u00c9gypte au Maroc, Yasser Mostafa Kamal Othman, a \u00e9t\u00e9 d\u00e9cor\u00e9, mercredi au Caire, du Wissam Alaouite de l\u2019ordre de Commandeur, qui lui a \u00e9t\u00e9 d\u00e9cern\u00e9 par Sa Majest\u00e9 le Roi Mohammed VI.<\/p>\n\n\n\n<p>Cette distinction royale lui a \u00e9t\u00e9 remise par l\u2019ambassadeur du Maroc en \u00c9gypte, Mohamed Ait Ouali, lors d\u2019une c\u00e9r\u00e9monie organis\u00e9e \u00e0 la r\u00e9sidence du Maroc dans la capitale \u00e9gyptienne.<\/p>\n\n\n\n<p>A cette occasion, M. Ait Ouali&nbsp;a soulign\u00e9 que cette haute distinction royale est un signe de reconnaissance des&nbsp;efforts d\u00e9ploy\u00e9s par M.&nbsp;Kamal Othman&nbsp;durant sa mission en tant qu\u2019ambassadeur de la R\u00e9publique arabe d\u2019\u00c9gypte au Maroc, pour le renforcement des relations bilat\u00e9rales et la consolidation des liens de fraternit\u00e9 entre les deux pays fr\u00e8res, rappelant, \u00e0 cet \u00e9gard, le caract\u00e8re distingu\u00e9 des relations entre les deux pays.<\/p>\n\n\n\n<p>De son c\u00f4t\u00e9, M. Kamal Othman a exprim\u00e9 sa profonde gratitude \u00e0 SM le Roi Mohammed VI pour cette distinction, se disant profond\u00e9ment honor\u00e9 par cette d\u00e9coration, apr\u00e8s avoir pass\u00e9 quatre ann\u00e9es \u00e0 la t\u00eate de la mission diplomatique de son pays au Maroc.<\/p>\n\n\n\n<p>La c\u00e9r\u00e9monie organis\u00e9e par l\u2019ambassade du Maroc a \u00e9t\u00e9 marqu\u00e9e par la pr\u00e9sence de plusieurs personnalit\u00e9s, notamment le pr\u00e9sident de la Cour des comptes d\u2019\u00c9gypte, Mohamed El Fay\u00e7al Youssef Ragab, ainsi que de hauts responsables du minist\u00e8re \u00e9gyptien des Affaires \u00e9trang\u00e8res, des membres du corps diplomatique arabe accr\u00e9dit\u00e9 au Caire et des repr\u00e9sentants permanents aupr\u00e8s de la Ligue des \u00c9tats arabes.<\/p>\n","protected":false},"excerpt":{"rendered":"<p>Dpress L\u2019ancien ambassadeur d\u2019\u00c9gypte au Maroc, Yasser Mostafa Kamal Othman, a \u00e9t\u00e9 d\u00e9cor\u00e9, mercredi au Caire, du Wissam Alaouite de l\u2019ordre de Commandeur, qui lui a \u00e9t\u00e9 d\u00e9cern\u00e9 par Sa Majest\u00e9 le Roi Mohammed VI. Cette distinction royale lui a \u00e9t\u00e9 remise par l\u2019ambassadeur du Maroc en \u00c9gypte, Mohamed Ait Ouali, lors d\u2019une c\u00e9r\u00e9monie organis\u00e9e &hellip;<\/p>\n","protected":false},"author":2,"featured_media":29698,"comment_status":"open","ping_status":"open","sticky":false,"template":"","format":"standard","meta":{"footnotes":""},"categories":[42],"tags":[],"class_list":["post-29697","post","type-post","status-publish","format-standard","has-post-thumbnail","hentry","category-monde"],"yoast_head":"<!-- This site is optimized with the Yoast SEO plugin v27.5 - https:\/\/yoast.com\/product\/yoast-seo-wordpress\/ -->\n<title>L\u2019ancien ambassadeur d\u2019\u00c9gypte au Maroc d\u00e9cor\u00e9 du Wissam Alaouite de l\u2019ordre de Commandeur - Dpress.ma\/fr<\/title>\n<meta name=\"robots\" content=\"index, follow, max-snippet:-1, max-image-preview:large, max-video-preview:-1\" \/>\n<link rel=\"canonical\" href=\"https:\/\/dpress.ma\/fr\/2026\/04\/30\/lancien-ambassadeur-degypte-au-maroc-decore-du-wissam-alaouite-de-lordre-de-commandeur\/\" \/>\n<meta property=\"og:locale\" content=\"fr_FR\" \/>\n<meta property=\"og:type\" content=\"article\" \/>\n<meta property=\"og:title\" content=\"L\u2019ancien ambassadeur d\u2019\u00c9gypte au Maroc d\u00e9cor\u00e9 du Wissam Alaouite de l\u2019ordre de Commandeur - Dpress.ma\/fr\" \/>\n<meta property=\"og:description\" content=\"Dpress L\u2019ancien ambassadeur d\u2019\u00c9gypte au Maroc, Yasser Mostafa Kamal Othman, a \u00e9t\u00e9 d\u00e9cor\u00e9, mercredi au Caire, du Wissam Alaouite de l\u2019ordre de Commandeur, qui lui a \u00e9t\u00e9 d\u00e9cern\u00e9 par Sa Majest\u00e9 le Roi Mohammed VI. Cette distinction royale lui a \u00e9t\u00e9 remise par l\u2019ambassadeur du Maroc en \u00c9gypte, Mohamed Ait Ouali, lors d\u2019une c\u00e9r\u00e9monie organis\u00e9e &hellip;\" \/>\n<meta property=\"og:url\" content=\"https:\/\/dpress.ma\/fr\/2026\/04\/30\/lancien-ambassadeur-degypte-au-maroc-decore-du-wissam-alaouite-de-lordre-de-commandeur\/\" \/>\n<meta property=\"og:site_name\" content=\"Dpress.ma\/fr\" \/>\n<meta property=\"article:published_time\" content=\"2026-04-30T14:27:17+00:00\" \/>\n<meta property=\"article:modified_time\" content=\"2026-04-30T14:27:19+00:00\" \/>\n<meta property=\"og:image\" content=\"https:\/\/dpress.ma\/fr\/wp-content\/uploads\/sites\/2\/2026\/04\/95-1.jpg\" \/>\n\t<meta property=\"og:image:width\" content=\"2539\" \/>\n\t<meta property=\"og:image:height\" content=\"1594\" \/>\n\t<meta property=\"og:image:type\" content=\"image\/jpeg\" \/>\n<meta name=\"author\" content=\"Dpress.ma\" \/>\n<meta name=\"twitter:card\" content=\"summary_large_image\" \/>\n<meta name=\"twitter:label1\" content=\"\u00c9crit par\" \/>\n\t<meta name=\"twitter:data1\" content=\"Dpress.ma\" \/>\n\t<meta name=\"twitter:label2\" content=\"Dur\u00e9e de lecture estim\u00e9e\" \/>\n\t<meta name=\"twitter:data2\" content=\"2 minutes\" \/>\n<script type=\"application\/ld+json\" class=\"yoast-schema-graph\">{\"@context\":\"https:\\\/\\\/schema.org\",\"@graph\":[{\"@type\":\"Article\",\"@id\":\"https:\\\/\\\/dpress.ma\\\/fr\\\/2026\\\/04\\\/30\\\/lancien-ambassadeur-degypte-au-maroc-decore-du-wissam-alaouite-de-lordre-de-commandeur\\\/#article\",\"isPartOf\":{\"@id\":\"https:\\\/\\\/dpress.ma\\\/fr\\\/2026\\\/04\\\/30\\\/lancien-ambassadeur-degypte-au-maroc-decore-du-wissam-alaouite-de-lordre-de-commandeur\\\/\"},\"author\":{\"name\":\"Dpress.ma\",\"@id\":\"https:\\\/\\\/dpress.ma\\\/fr\\\/#\\\/schema\\\/person\\\/4898febf3ccd59e6578d838656a306a0\"},\"headline\":\"L\u2019ancien ambassadeur d\u2019\u00c9gypte au Maroc d\u00e9cor\u00e9 du Wissam Alaouite de l\u2019ordre de Commandeur\",\"datePublished\":\"2026-04-30T14:27:17+00:00\",\"dateModified\":\"2026-04-30T14:27:19+00:00\",\"mainEntityOfPage\":{\"@id\":\"https:\\\/\\\/dpress.ma\\\/fr\\\/2026\\\/04\\\/30\\\/lancien-ambassadeur-degypte-au-maroc-decore-du-wissam-alaouite-de-lordre-de-commandeur\\\/\"},\"wordCount\":295,\"commentCount\":0,\"image\":{\"@id\":\"https:\\\/\\\/dpress.ma\\\/fr\\\/2026\\\/04\\\/30\\\/lancien-ambassadeur-degypte-au-maroc-decore-du-wissam-alaouite-de-lordre-de-commandeur\\\/#primaryimage\"},\"thumbnailUrl\":\"https:\\\/\\\/dpress.ma\\\/fr\\\/wp-content\\\/uploads\\\/sites\\\/2\\\/2026\\\/04\\\/95-1.jpg\",\"articleSection\":[\"monde\"],\"inLanguage\":\"fr-FR\",\"potentialAction\":[{\"@type\":\"CommentAction\",\"name\":\"Comment\",\"target\":[\"https:\\\/\\\/dpress.ma\\\/fr\\\/2026\\\/04\\\/30\\\/lancien-ambassadeur-degypte-au-maroc-decore-du-wissam-alaouite-de-lordre-de-commandeur\\\/#respond\"]}]},{\"@type\":\"WebPage\",\"@id\":\"https:\\\/\\\/dpress.ma\\\/fr\\\/2026\\\/04\\\/30\\\/lancien-ambassadeur-degypte-au-maroc-decore-du-wissam-alaouite-de-lordre-de-commandeur\\\/\",\"url\":\"https:\\\/\\\/dpress.ma\\\/fr\\\/2026\\\/04\\\/30\\\/lancien-ambassadeur-degypte-au-maroc-decore-du-wissam-alaouite-de-lordre-de-commandeur\\\/\",\"name\":\"L\u2019ancien ambassadeur d\u2019\u00c9gypte au Maroc d\u00e9cor\u00e9 du Wissam Alaouite de l\u2019ordre de Commandeur - Dpress.ma\\\/fr\",\"isPartOf\":{\"@id\":\"https:\\\/\\\/dpress.ma\\\/fr\\\/#website\"},\"primaryImageOfPage\":{\"@id\":\"https:\\\/\\\/dpress.ma\\\/fr\\\/2026\\\/04\\\/30\\\/lancien-ambassadeur-degypte-au-maroc-decore-du-wissam-alaouite-de-lordre-de-commandeur\\\/#primaryimage\"},\"image\":{\"@id\":\"https:\\\/\\\/dpress.ma\\\/fr\\\/2026\\\/04\\\/30\\\/lancien-ambassadeur-degypte-au-maroc-decore-du-wissam-alaouite-de-lordre-de-commandeur\\\/#primaryimage\"},\"thumbnailUrl\":\"https:\\\/\\\/dpress.ma\\\/fr\\\/wp-content\\\/uploads\\\/sites\\\/2\\\/2026\\\/04\\\/95-1.jpg\",\"datePublished\":\"2026-04-30T14:27:17+00:00\",\"dateModified\":\"2026-04-30T14:27:19+00:00\",\"author\":{\"@id\":\"https:\\\/\\\/dpress.ma\\\/fr\\\/#\\\/schema\\\/person\\\/4898febf3ccd59e6578d838656a306a0\"},\"breadcrumb\":{\"@id\":\"https:\\\/\\\/dpress.ma\\\/fr\\\/2026\\\/04\\\/30\\\/lancien-ambassadeur-degypte-au-maroc-decore-du-wissam-alaouite-de-lordre-de-commandeur\\\/#breadcrumb\"},\"inLanguage\":\"fr-FR\",\"potentialAction\":[{\"@type\":\"ReadAction\",\"target\":[\"https:\\\/\\\/dpress.ma\\\/fr\\\/2026\\\/04\\\/30\\\/lancien-ambassadeur-degypte-au-maroc-decore-du-wissam-alaouite-de-lordre-de-commandeur\\\/\"]}]},{\"@type\":\"ImageObject\",\"inLanguage\":\"fr-FR\",\"@id\":\"https:\\\/\\\/dpress.ma\\\/fr\\\/2026\\\/04\\\/30\\\/lancien-ambassadeur-degypte-au-maroc-decore-du-wissam-alaouite-de-lordre-de-commandeur\\\/#primaryimage\",\"url\":\"https:\\\/\\\/dpress.ma\\\/fr\\\/wp-content\\\/uploads\\\/sites\\\/2\\\/2026\\\/04\\\/95-1.jpg\",\"contentUrl\":\"https:\\\/\\\/dpress.ma\\\/fr\\\/wp-content\\\/uploads\\\/sites\\\/2\\\/2026\\\/04\\\/95-1.jpg\",\"width\":2539,\"height\":1594},{\"@type\":\"BreadcrumbList\",\"@id\":\"https:\\\/\\\/dpress.ma\\\/fr\\\/2026\\\/04\\\/30\\\/lancien-ambassadeur-degypte-au-maroc-decore-du-wissam-alaouite-de-lordre-de-commandeur\\\/#breadcrumb\",\"itemListElement\":[{\"@type\":\"ListItem\",\"position\":1,\"name\":\"Home\",\"item\":\"https:\\\/\\\/dpress.ma\\\/fr\\\/\"},{\"@type\":\"ListItem\",\"position\":2,\"name\":\"L\u2019ancien ambassadeur d\u2019\u00c9gypte au Maroc d\u00e9cor\u00e9 du Wissam Alaouite de l\u2019ordre de Commandeur\"}]},{\"@type\":\"WebSite\",\"@id\":\"https:\\\/\\\/dpress.ma\\\/fr\\\/#website\",\"url\":\"https:\\\/\\\/dpress.ma\\\/fr\\\/\",\"name\":\"Dpress.ma\\\/fr\",\"description\":\"\",\"potentialAction\":[{\"@type\":\"SearchAction\",\"target\":{\"@type\":\"EntryPoint\",\"urlTemplate\":\"https:\\\/\\\/dpress.ma\\\/fr\\\/?s={search_term_string}\"},\"query-input\":{\"@type\":\"PropertyValueSpecification\",\"valueRequired\":true,\"valueName\":\"search_term_string\"}}],\"inLanguage\":\"fr-FR\"},{\"@type\":\"Person\",\"@id\":\"https:\\\/\\\/dpress.ma\\\/fr\\\/#\\\/schema\\\/person\\\/4898febf3ccd59e6578d838656a306a0\",\"name\":\"Dpress.ma\",\"image\":{\"@type\":\"ImageObject\",\"inLanguage\":\"fr-FR\",\"@id\":\"https:\\\/\\\/secure.gravatar.com\\\/avatar\\\/72ecc30e9db047a2e0e7176561eb9d564ed77c8108376495b19bd8336405198a?s=96&d=mm&r=g\",\"url\":\"https:\\\/\\\/secure.gravatar.com\\\/avatar\\\/72ecc30e9db047a2e0e7176561eb9d564ed77c8108376495b19bd8336405198a?s=96&d=mm&r=g\",\"contentUrl\":\"https:\\\/\\\/secure.gravatar.com\\\/avatar\\\/72ecc30e9db047a2e0e7176561eb9d564ed77c8108376495b19bd8336405198a?s=96&d=mm&r=g\",\"caption\":\"Dpress.ma\"},\"sameAs\":[\"https:\\\/\\\/www.dpress.ma\"],\"url\":\"https:\\\/\\\/dpress.ma\\\/fr\\\/author\\\/dpress-ma\\\/\"}]}<\/script>\n<!-- \/ Yoast SEO plugin. -->","yoast_head_json":{"title":"L\u2019ancien ambassadeur d\u2019\u00c9gypte au Maroc d\u00e9cor\u00e9 du Wissam Alaouite de l\u2019ordre de Commandeur - Dpress.ma\/fr","robots":{"index":"index","follow":"follow","max-snippet":"max-snippet:-1","max-image-preview":"max-image-preview:large","max-video-preview":"max-video-preview:-1"},"canonical":"https:\/\/dpress.ma\/fr\/2026\/04\/30\/lancien-ambassadeur-degypte-au-maroc-decore-du-wissam-alaouite-de-lordre-de-commandeur\/","og_locale":"fr_FR","og_type":"article","og_title":"L\u2019ancien ambassadeur d\u2019\u00c9gypte au Maroc d\u00e9cor\u00e9 du Wissam Alaouite de l\u2019ordre de Commandeur - Dpress.ma\/fr","og_description":"Dpress L\u2019ancien ambassadeur d\u2019\u00c9gypte au Maroc, Yasser Mostafa Kamal Othman, a \u00e9t\u00e9 d\u00e9cor\u00e9, mercredi au Caire, du Wissam Alaouite de l\u2019ordre de Commandeur, qui lui a \u00e9t\u00e9 d\u00e9cern\u00e9 par Sa Majest\u00e9 le Roi Mohammed VI. Cette distinction royale lui a \u00e9t\u00e9 remise par l\u2019ambassadeur du Maroc en \u00c9gypte, Mohamed Ait Ouali, lors d\u2019une c\u00e9r\u00e9monie organis\u00e9e &hellip;","og_url":"https:\/\/dpress.ma\/fr\/2026\/04\/30\/lancien-ambassadeur-degypte-au-maroc-decore-du-wissam-alaouite-de-lordre-de-commandeur\/","og_site_name":"Dpress.ma\/fr","article_published_time":"2026-04-30T14:27:17+00:00","article_modified_time":"2026-04-30T14:27:19+00:00","og_image":[{"width":2539,"height":1594,"url":"https:\/\/dpress.ma\/fr\/wp-content\/uploads\/sites\/2\/2026\/04\/95-1.jpg","type":"image\/jpeg"}],"author":"Dpress.ma","twitter_card":"summary_large_image","twitter_misc":{"\u00c9crit par":"Dpress.ma","Dur\u00e9e de lecture estim\u00e9e":"2 minutes"},"schema":{"@context":"https:\/\/schema.org","@graph":[{"@type":"Article","@id":"https:\/\/dpress.ma\/fr\/2026\/04\/30\/lancien-ambassadeur-degypte-au-maroc-decore-du-wissam-alaouite-de-lordre-de-commandeur\/#article","isPartOf":{"@id":"https:\/\/dpress.ma\/fr\/2026\/04\/30\/lancien-ambassadeur-degypte-au-maroc-decore-du-wissam-alaouite-de-lordre-de-commandeur\/"},"author":{"name":"Dpress.ma","@id":"https:\/\/dpress.ma\/fr\/#\/schema\/person\/4898febf3ccd59e6578d838656a306a0"},"headline":"L\u2019ancien ambassadeur d\u2019\u00c9gypte au Maroc d\u00e9cor\u00e9 du Wissam Alaouite de l\u2019ordre de Commandeur","datePublished":"2026-04-30T14:27:17+00:00","dateModified":"2026-04-30T14:27:19+00:00","mainEntityOfPage":{"@id":"https:\/\/dpress.ma\/fr\/2026\/04\/30\/lancien-ambassadeur-degypte-au-maroc-decore-du-wissam-alaouite-de-lordre-de-commandeur\/"},"wordCount":295,"commentCount":0,"image":{"@id":"https:\/\/dpress.ma\/fr\/2026\/04\/30\/lancien-ambassadeur-degypte-au-maroc-decore-du-wissam-alaouite-de-lordre-de-commandeur\/#primaryimage"},"thumbnailUrl":"https:\/\/dpress.ma\/fr\/wp-content\/uploads\/sites\/2\/2026\/04\/95-1.jpg","articleSection":["monde"],"inLanguage":"fr-FR","potentialAction":[{"@type":"CommentAction","name":"Comment","target":["https:\/\/dpress.ma\/fr\/2026\/04\/30\/lancien-ambassadeur-degypte-au-maroc-decore-du-wissam-alaouite-de-lordre-de-commandeur\/#respond"]}]},{"@type":"WebPage","@id":"https:\/\/dpress.ma\/fr\/2026\/04\/30\/lancien-ambassadeur-degypte-au-maroc-decore-du-wissam-alaouite-de-lordre-de-commandeur\/","url":"https:\/\/dpress.ma\/fr\/2026\/04\/30\/lancien-ambassadeur-degypte-au-maroc-decore-du-wissam-alaouite-de-lordre-de-commandeur\/","name":"L\u2019ancien ambassadeur d\u2019\u00c9gypte au Maroc d\u00e9cor\u00e9 du Wissam Alaouite de l\u2019ordre de Commandeur - Dpress.ma\/fr","isPartOf":{"@id":"https:\/\/dpress.ma\/fr\/#website"},"primaryImageOfPage":{"@id":"https:\/\/dpress.ma\/fr\/2026\/04\/30\/lancien-ambassadeur-degypte-au-maroc-decore-du-wissam-alaouite-de-lordre-de-commandeur\/#primaryimage"},"image":{"@id":"https:\/\/dpress.ma\/fr\/2026\/04\/30\/lancien-ambassadeur-degypte-au-maroc-decore-du-wissam-alaouite-de-lordre-de-commandeur\/#primaryimage"},"thumbnailUrl":"https:\/\/dpress.ma\/fr\/wp-content\/uploads\/sites\/2\/2026\/04\/95-1.jpg","datePublished":"2026-04-30T14:27:17+00:00","dateModified":"2026-04-30T14:27:19+00:00","author":{"@id":"https:\/\/dpress.ma\/fr\/#\/schema\/person\/4898febf3ccd59e6578d838656a306a0"},"breadcrumb":{"@id":"https:\/\/dpress.ma\/fr\/2026\/04\/30\/lancien-ambassadeur-degypte-au-maroc-decore-du-wissam-alaouite-de-lordre-de-commandeur\/#breadcrumb"},"inLanguage":"fr-FR","potentialAction":[{"@type":"ReadAction","target":["https:\/\/dpress.ma\/fr\/2026\/04\/30\/lancien-ambassadeur-degypte-au-maroc-decore-du-wissam-alaouite-de-lordre-de-commandeur\/"]}]},{"@type":"ImageObject","inLanguage":"fr-FR","@id":"https:\/\/dpress.ma\/fr\/2026\/04\/30\/lancien-ambassadeur-degypte-au-maroc-decore-du-wissam-alaouite-de-lordre-de-commandeur\/#primaryimage","url":"https:\/\/dpress.ma\/fr\/wp-content\/uploads\/sites\/2\/2026\/04\/95-1.jpg","contentUrl":"https:\/\/dpress.ma\/fr\/wp-content\/uploads\/sites\/2\/2026\/04\/95-1.jpg","width":2539,"height":1594},{"@type":"BreadcrumbList","@id":"https:\/\/dpress.ma\/fr\/2026\/04\/30\/lancien-ambassadeur-degypte-au-maroc-decore-du-wissam-alaouite-de-lordre-de-commandeur\/#breadcrumb","itemListElement":[{"@type":"ListItem","position":1,"name":"Home","item":"https:\/\/dpress.ma\/fr\/"},{"@type":"ListItem","position":2,"name":"L\u2019ancien ambassadeur d\u2019\u00c9gypte au Maroc d\u00e9cor\u00e9 du Wissam Alaouite de l\u2019ordre de Commandeur"}]},{"@type":"WebSite","@id":"https:\/\/dpress.ma\/fr\/#website","url":"https:\/\/dpress.ma\/fr\/","name":"Dpress.ma\/fr","description":"","potentialAction":[{"@type":"SearchAction","target":{"@type":"EntryPoint","urlTemplate":"https:\/\/dpress.ma\/fr\/?s={search_term_string}"},"query-input":{"@type":"PropertyValueSpecification","valueRequired":true,"valueName":"search_term_string"}}],"inLanguage":"fr-FR"},{"@type":"Person","@id":"https:\/\/dpress.ma\/fr\/#\/schema\/person\/4898febf3ccd59e6578d838656a306a0","name":"Dpress.ma","image":{"@type":"ImageObject","inLanguage":"fr-FR","@id":"https:\/\/secure.gravatar.com\/avatar\/72ecc30e9db047a2e0e7176561eb9d564ed77c8108376495b19bd8336405198a?s=96&d=mm&r=g","url":"https:\/\/secure.gravatar.com\/avatar\/72ecc30e9db047a2e0e7176561eb9d564ed77c8108376495b19bd8336405198a?s=96&d=mm&r=g","contentUrl":"https:\/\/secure.gravatar.com\/avatar\/72ecc30e9db047a2e0e7176561eb9d564ed77c8108376495b19bd8336405198a?s=96&d=mm&r=g","caption":"Dpress.ma"},"sameAs":["https:\/\/www.dpress.ma"],"url":"https:\/\/dpress.ma\/fr\/author\/dpress-ma\/"}]}},"amp_enabled":true,"_links":{"self":[{"href":"https:\/\/dpress.ma\/fr\/wp-json\/wp\/v2\/posts\/29697","targetHints":{"allow":["GET"]}}],"collection":[{"href":"https:\/\/dpress.ma\/fr\/wp-json\/wp\/v2\/posts"}],"about":[{"href":"https:\/\/dpress.ma\/fr\/wp-json\/wp\/v2\/types\/post"}],"author":[{"embeddable":true,"href":"https:\/\/dpress.ma\/fr\/wp-json\/wp\/v2\/users\/2"}],"replies":[{"embeddable":true,"href":"https:\/\/dpress.ma\/fr\/wp-json\/wp\/v2\/comments?post=29697"}],"version-history":[{"count":1,"href":"https:\/\/dpress.ma\/fr\/wp-json\/wp\/v2\/posts\/29697\/revisions"}],"predecessor-version":[{"id":29699,"href":"https:\/\/dpress.ma\/fr\/wp-json\/wp\/v2\/posts\/29697\/revisions\/29699"}],"wp:featuredmedia":[{"embeddable":true,"href":"https:\/\/dpress.ma\/fr\/wp-json\/wp\/v2\/media\/29698"}],"wp:attachment":[{"href":"https:\/\/dpress.ma\/fr\/wp-json\/wp\/v2\/media?parent=29697"}],"wp:term":[{"taxonomy":"category","embeddable":true,"href":"https:\/\/dpress.ma\/fr\/wp-json\/wp\/v2\/categories?post=29697"},{"taxonomy":"post_tag","embeddable":true,"href":"https:\/\/dpress.ma\/fr\/wp-json\/wp\/v2\/tags?post=29697"}],"curies":[{"name":"wp","href":"https:\/\/api.w.org\/{rel}","templated":true}]}}