{"id":29695,"date":"2026-04-30T14:25:41","date_gmt":"2026-04-30T14:25:41","guid":{"rendered":"https:\/\/dpress.ma\/fr\/?p=29695"},"modified":"2026-04-30T14:25:42","modified_gmt":"2026-04-30T14:25:42","slug":"maroc-luxembourg-des-relations-economiques-en-constante-progression","status":"publish","type":"post","link":"https:\/\/dpress.ma\/fr\/2026\/04\/30\/maroc-luxembourg-des-relations-economiques-en-constante-progression\/","title":{"rendered":"Maroc-Luxembourg : Des relations \u00e9conomiques en constante progression"},"content":{"rendered":"\n<p>Dpress<\/p>\n\n\n\n<p>Les relations \u00e9conomiques entre le Maroc et le Luxembourg sont en constante progression, m\u00eame si elles n\u2019ont pas encore atteint tout leur potentiel, a indiqu\u00e9 le ministre luxembourgeois de l\u2019Economie, des PME, de l\u2019Energie et du Tourisme, Lex Delles.<\/p>\n\n\n\n<p>Cette dynamique repose sur une compl\u00e9mentarit\u00e9 claire entre les deux \u00e9conomies, le Maroc s\u2019affirmant comme une plateforme d\u2019acc\u00e8s aux march\u00e9s africains, tandis que le Luxembourg joue le r\u00f4le de porte d\u2019entr\u00e9e vers l\u2019Europe et de hub financier, a expliqu\u00e9 M. Delles dans une interview \u00e0 la MAP.<\/p>\n\n\n\n<p>Optimiste quant aux perspectives de d\u00e9veloppement des relations \u00e9conomiques bilat\u00e9rales, le ministre a assur\u00e9 que celles-ci sont r\u00e9elles et reposent avant tout sur une intensification des \u00e9changes entre entreprises, en particulier les PME, ainsi que sur une meilleure exploitation des cadres de coop\u00e9ration existants, qu\u2019ils soient institutionnels, \u00e9conomiques ou financiers.<\/p>\n\n\n\n<p>L\u2019enjeu pour les prochaines ann\u00e9es, a-t-il dit, sera surtout de transformer les opportunit\u00e9s identifi\u00e9es en projets structur\u00e9s et durables, port\u00e9s par des acteurs \u00e9conomiques engag\u00e9s et accompagn\u00e9s dans la dur\u00e9e, relevant que c\u2019est pr\u00e9cis\u00e9ment dans cette logique pragmatique et orient\u00e9e vers des r\u00e9sultats concrets que s\u2019inscrit la coop\u00e9ration entre le Maroc et le Luxembourg.<\/p>\n\n\n\n<p>S\u2019agissant de la mission \u00e9conomique luxembourgeoise de haut niveau pr\u00e9vue du 4 au 7 mai prochain, M. Delles, qui sera \u00e0 la t\u00eate de cette d\u00e9l\u00e9gation compos\u00e9e de vingt entreprises op\u00e9rant dans divers secteurs d\u2019activit\u00e9, a affirm\u00e9 que le but de cette op\u00e9ration est avant tout de consolider les liens existants entre les entreprises luxembourgeoises et marocaines et de favoriser des mises en relation directes, cibl\u00e9es et qualifi\u00e9es entre acteurs \u00e9conomiques, afin de cr\u00e9er un cadre propice \u00e0 l\u2019\u00e9mergence de partenariats concrets.<\/p>\n\n\n\n<p>Cette mission a \u00e9galement pour objectif d\u2019identifier de nouvelles opportunit\u00e9s d\u2019investissement et de coop\u00e9ration, notamment dans des secteurs en forte croissance tels que les infrastructures, l\u2019industrie, les technologies ou les services, o\u00f9 des compl\u00e9mentarit\u00e9s existent clairement entre les deux \u00e9cosyst\u00e8mes, a-t-il ajout\u00e9.<\/p>\n\n\n\n<p>Concr\u00e8tement, il s\u2019agit de renforcer les partenariats entre entreprises, en particulier entre PME, afin de favoriser des projets communs cr\u00e9ateurs de valeur, sans mettre l\u2019accent sur un secteur en particulier, a poursuivi le ministre, soutenant que le but est de transformer les \u00e9changes entre entreprises en coop\u00e9rations durables, fond\u00e9es sur la compl\u00e9mentarit\u00e9 des deux \u00e9conomies et orient\u00e9es vers des r\u00e9sultats concrets.<\/p>\n\n\n\n<p>M. Delles a soulign\u00e9 \u00e0 cet \u00e9gard que l\u2019enjeu essentiel r\u00e9side dans l\u2019apr\u00e8s-mission, l\u2019ambition \u00e9tant de mettre en place les bases d\u2019un suivi structur\u00e9, en s\u2019appuyant notamment sur le Luxembourg Trade and Investment Office de Casablanca et sur les partenaires institutionnels comme la Chambre de Commerce du Luxembourg, afin de concr\u00e9tiser les \u00e9changes engag\u00e9s.<\/p>\n","protected":false},"excerpt":{"rendered":"<p>Dpress Les relations \u00e9conomiques entre le Maroc et le Luxembourg sont en constante progression, m\u00eame si elles n\u2019ont pas encore atteint tout leur potentiel, a indiqu\u00e9 le ministre luxembourgeois de l\u2019Economie, des PME, de l\u2019Energie et du Tourisme, Lex Delles. Cette dynamique repose sur une compl\u00e9mentarit\u00e9 claire entre les deux \u00e9conomies, le Maroc s\u2019affirmant comme &hellip;<\/p>\n","protected":false},"author":2,"featured_media":29693,"comment_status":"open","ping_status":"open","sticky":false,"template":"","format":"standard","meta":{"footnotes":""},"categories":[26],"tags":[],"class_list":["post-29695","post","type-post","status-publish","format-standard","has-post-thumbnail","hentry","category-politiques"],"yoast_head":"<!-- This site is optimized with the Yoast SEO plugin v27.5 - https:\/\/yoast.com\/product\/yoast-seo-wordpress\/ -->\n<title>Maroc-Luxembourg : Des relations \u00e9conomiques en constante progression - Dpress.ma\/fr<\/title>\n<meta name=\"robots\" content=\"index, follow, max-snippet:-1, max-image-preview:large, max-video-preview:-1\" \/>\n<link rel=\"canonical\" href=\"https:\/\/dpress.ma\/fr\/2026\/04\/30\/maroc-luxembourg-des-relations-economiques-en-constante-progression\/\" \/>\n<meta property=\"og:locale\" content=\"fr_FR\" \/>\n<meta property=\"og:type\" content=\"article\" \/>\n<meta property=\"og:title\" content=\"Maroc-Luxembourg : Des relations \u00e9conomiques en constante progression - Dpress.ma\/fr\" \/>\n<meta property=\"og:description\" content=\"Dpress Les relations \u00e9conomiques entre le Maroc et le Luxembourg sont en constante progression, m\u00eame si elles n\u2019ont pas encore atteint tout leur potentiel, a indiqu\u00e9 le ministre luxembourgeois de l\u2019Economie, des PME, de l\u2019Energie et du Tourisme, Lex Delles. Cette dynamique repose sur une compl\u00e9mentarit\u00e9 claire entre les deux \u00e9conomies, le Maroc s\u2019affirmant comme &hellip;\" \/>\n<meta property=\"og:url\" content=\"https:\/\/dpress.ma\/fr\/2026\/04\/30\/maroc-luxembourg-des-relations-economiques-en-constante-progression\/\" \/>\n<meta property=\"og:site_name\" content=\"Dpress.ma\/fr\" \/>\n<meta property=\"article:published_time\" content=\"2026-04-30T14:25:41+00:00\" \/>\n<meta property=\"article:modified_time\" content=\"2026-04-30T14:25:42+00:00\" \/>\n<meta property=\"og:image\" content=\"https:\/\/dpress.ma\/fr\/wp-content\/uploads\/sites\/2\/2026\/04\/94-1.jpg\" \/>\n\t<meta property=\"og:image:width\" content=\"2539\" \/>\n\t<meta property=\"og:image:height\" content=\"1594\" \/>\n\t<meta property=\"og:image:type\" content=\"image\/jpeg\" \/>\n<meta name=\"author\" content=\"Dpress.ma\" \/>\n<meta name=\"twitter:card\" content=\"summary_large_image\" \/>\n<meta name=\"twitter:label1\" content=\"\u00c9crit par\" \/>\n\t<meta name=\"twitter:data1\" content=\"Dpress.ma\" \/>\n\t<meta name=\"twitter:label2\" content=\"Dur\u00e9e de lecture estim\u00e9e\" \/>\n\t<meta name=\"twitter:data2\" content=\"3 minutes\" \/>\n<script type=\"application\/ld+json\" class=\"yoast-schema-graph\">{\"@context\":\"https:\\\/\\\/schema.org\",\"@graph\":[{\"@type\":\"Article\",\"@id\":\"https:\\\/\\\/dpress.ma\\\/fr\\\/2026\\\/04\\\/30\\\/maroc-luxembourg-des-relations-economiques-en-constante-progression\\\/#article\",\"isPartOf\":{\"@id\":\"https:\\\/\\\/dpress.ma\\\/fr\\\/2026\\\/04\\\/30\\\/maroc-luxembourg-des-relations-economiques-en-constante-progression\\\/\"},\"author\":{\"name\":\"Dpress.ma\",\"@id\":\"https:\\\/\\\/dpress.ma\\\/fr\\\/#\\\/schema\\\/person\\\/4898febf3ccd59e6578d838656a306a0\"},\"headline\":\"Maroc-Luxembourg : Des relations \u00e9conomiques en constante progression\",\"datePublished\":\"2026-04-30T14:25:41+00:00\",\"dateModified\":\"2026-04-30T14:25:42+00:00\",\"mainEntityOfPage\":{\"@id\":\"https:\\\/\\\/dpress.ma\\\/fr\\\/2026\\\/04\\\/30\\\/maroc-luxembourg-des-relations-economiques-en-constante-progression\\\/\"},\"wordCount\":504,\"commentCount\":0,\"image\":{\"@id\":\"https:\\\/\\\/dpress.ma\\\/fr\\\/2026\\\/04\\\/30\\\/maroc-luxembourg-des-relations-economiques-en-constante-progression\\\/#primaryimage\"},\"thumbnailUrl\":\"https:\\\/\\\/dpress.ma\\\/fr\\\/wp-content\\\/uploads\\\/sites\\\/2\\\/2026\\\/04\\\/94-1.jpg\",\"articleSection\":[\"Politiques\"],\"inLanguage\":\"fr-FR\",\"potentialAction\":[{\"@type\":\"CommentAction\",\"name\":\"Comment\",\"target\":[\"https:\\\/\\\/dpress.ma\\\/fr\\\/2026\\\/04\\\/30\\\/maroc-luxembourg-des-relations-economiques-en-constante-progression\\\/#respond\"]}]},{\"@type\":\"WebPage\",\"@id\":\"https:\\\/\\\/dpress.ma\\\/fr\\\/2026\\\/04\\\/30\\\/maroc-luxembourg-des-relations-economiques-en-constante-progression\\\/\",\"url\":\"https:\\\/\\\/dpress.ma\\\/fr\\\/2026\\\/04\\\/30\\\/maroc-luxembourg-des-relations-economiques-en-constante-progression\\\/\",\"name\":\"Maroc-Luxembourg : Des relations \u00e9conomiques en constante progression - Dpress.ma\\\/fr\",\"isPartOf\":{\"@id\":\"https:\\\/\\\/dpress.ma\\\/fr\\\/#website\"},\"primaryImageOfPage\":{\"@id\":\"https:\\\/\\\/dpress.ma\\\/fr\\\/2026\\\/04\\\/30\\\/maroc-luxembourg-des-relations-economiques-en-constante-progression\\\/#primaryimage\"},\"image\":{\"@id\":\"https:\\\/\\\/dpress.ma\\\/fr\\\/2026\\\/04\\\/30\\\/maroc-luxembourg-des-relations-economiques-en-constante-progression\\\/#primaryimage\"},\"thumbnailUrl\":\"https:\\\/\\\/dpress.ma\\\/fr\\\/wp-content\\\/uploads\\\/sites\\\/2\\\/2026\\\/04\\\/94-1.jpg\",\"datePublished\":\"2026-04-30T14:25:41+00:00\",\"dateModified\":\"2026-04-30T14:25:42+00:00\",\"author\":{\"@id\":\"https:\\\/\\\/dpress.ma\\\/fr\\\/#\\\/schema\\\/person\\\/4898febf3ccd59e6578d838656a306a0\"},\"breadcrumb\":{\"@id\":\"https:\\\/\\\/dpress.ma\\\/fr\\\/2026\\\/04\\\/30\\\/maroc-luxembourg-des-relations-economiques-en-constante-progression\\\/#breadcrumb\"},\"inLanguage\":\"fr-FR\",\"potentialAction\":[{\"@type\":\"ReadAction\",\"target\":[\"https:\\\/\\\/dpress.ma\\\/fr\\\/2026\\\/04\\\/30\\\/maroc-luxembourg-des-relations-economiques-en-constante-progression\\\/\"]}]},{\"@type\":\"ImageObject\",\"inLanguage\":\"fr-FR\",\"@id\":\"https:\\\/\\\/dpress.ma\\\/fr\\\/2026\\\/04\\\/30\\\/maroc-luxembourg-des-relations-economiques-en-constante-progression\\\/#primaryimage\",\"url\":\"https:\\\/\\\/dpress.ma\\\/fr\\\/wp-content\\\/uploads\\\/sites\\\/2\\\/2026\\\/04\\\/94-1.jpg\",\"contentUrl\":\"https:\\\/\\\/dpress.ma\\\/fr\\\/wp-content\\\/uploads\\\/sites\\\/2\\\/2026\\\/04\\\/94-1.jpg\",\"width\":2539,\"height\":1594},{\"@type\":\"BreadcrumbList\",\"@id\":\"https:\\\/\\\/dpress.ma\\\/fr\\\/2026\\\/04\\\/30\\\/maroc-luxembourg-des-relations-economiques-en-constante-progression\\\/#breadcrumb\",\"itemListElement\":[{\"@type\":\"ListItem\",\"position\":1,\"name\":\"Home\",\"item\":\"https:\\\/\\\/dpress.ma\\\/fr\\\/\"},{\"@type\":\"ListItem\",\"position\":2,\"name\":\"Maroc-Luxembourg : Des relations \u00e9conomiques en constante progression\"}]},{\"@type\":\"WebSite\",\"@id\":\"https:\\\/\\\/dpress.ma\\\/fr\\\/#website\",\"url\":\"https:\\\/\\\/dpress.ma\\\/fr\\\/\",\"name\":\"Dpress.ma\\\/fr\",\"description\":\"\",\"potentialAction\":[{\"@type\":\"SearchAction\",\"target\":{\"@type\":\"EntryPoint\",\"urlTemplate\":\"https:\\\/\\\/dpress.ma\\\/fr\\\/?s={search_term_string}\"},\"query-input\":{\"@type\":\"PropertyValueSpecification\",\"valueRequired\":true,\"valueName\":\"search_term_string\"}}],\"inLanguage\":\"fr-FR\"},{\"@type\":\"Person\",\"@id\":\"https:\\\/\\\/dpress.ma\\\/fr\\\/#\\\/schema\\\/person\\\/4898febf3ccd59e6578d838656a306a0\",\"name\":\"Dpress.ma\",\"image\":{\"@type\":\"ImageObject\",\"inLanguage\":\"fr-FR\",\"@id\":\"https:\\\/\\\/secure.gravatar.com\\\/avatar\\\/72ecc30e9db047a2e0e7176561eb9d564ed77c8108376495b19bd8336405198a?s=96&d=mm&r=g\",\"url\":\"https:\\\/\\\/secure.gravatar.com\\\/avatar\\\/72ecc30e9db047a2e0e7176561eb9d564ed77c8108376495b19bd8336405198a?s=96&d=mm&r=g\",\"contentUrl\":\"https:\\\/\\\/secure.gravatar.com\\\/avatar\\\/72ecc30e9db047a2e0e7176561eb9d564ed77c8108376495b19bd8336405198a?s=96&d=mm&r=g\",\"caption\":\"Dpress.ma\"},\"sameAs\":[\"https:\\\/\\\/www.dpress.ma\"],\"url\":\"https:\\\/\\\/dpress.ma\\\/fr\\\/author\\\/dpress-ma\\\/\"}]}<\/script>\n<!-- \/ Yoast SEO plugin. -->","yoast_head_json":{"title":"Maroc-Luxembourg : Des relations \u00e9conomiques en constante progression - Dpress.ma\/fr","robots":{"index":"index","follow":"follow","max-snippet":"max-snippet:-1","max-image-preview":"max-image-preview:large","max-video-preview":"max-video-preview:-1"},"canonical":"https:\/\/dpress.ma\/fr\/2026\/04\/30\/maroc-luxembourg-des-relations-economiques-en-constante-progression\/","og_locale":"fr_FR","og_type":"article","og_title":"Maroc-Luxembourg : Des relations \u00e9conomiques en constante progression - Dpress.ma\/fr","og_description":"Dpress Les relations \u00e9conomiques entre le Maroc et le Luxembourg sont en constante progression, m\u00eame si elles n\u2019ont pas encore atteint tout leur potentiel, a indiqu\u00e9 le ministre luxembourgeois de l\u2019Economie, des PME, de l\u2019Energie et du Tourisme, Lex Delles. Cette dynamique repose sur une compl\u00e9mentarit\u00e9 claire entre les deux \u00e9conomies, le Maroc s\u2019affirmant comme &hellip;","og_url":"https:\/\/dpress.ma\/fr\/2026\/04\/30\/maroc-luxembourg-des-relations-economiques-en-constante-progression\/","og_site_name":"Dpress.ma\/fr","article_published_time":"2026-04-30T14:25:41+00:00","article_modified_time":"2026-04-30T14:25:42+00:00","og_image":[{"width":2539,"height":1594,"url":"https:\/\/dpress.ma\/fr\/wp-content\/uploads\/sites\/2\/2026\/04\/94-1.jpg","type":"image\/jpeg"}],"author":"Dpress.ma","twitter_card":"summary_large_image","twitter_misc":{"\u00c9crit par":"Dpress.ma","Dur\u00e9e de lecture estim\u00e9e":"3 minutes"},"schema":{"@context":"https:\/\/schema.org","@graph":[{"@type":"Article","@id":"https:\/\/dpress.ma\/fr\/2026\/04\/30\/maroc-luxembourg-des-relations-economiques-en-constante-progression\/#article","isPartOf":{"@id":"https:\/\/dpress.ma\/fr\/2026\/04\/30\/maroc-luxembourg-des-relations-economiques-en-constante-progression\/"},"author":{"name":"Dpress.ma","@id":"https:\/\/dpress.ma\/fr\/#\/schema\/person\/4898febf3ccd59e6578d838656a306a0"},"headline":"Maroc-Luxembourg : Des relations \u00e9conomiques en constante progression","datePublished":"2026-04-30T14:25:41+00:00","dateModified":"2026-04-30T14:25:42+00:00","mainEntityOfPage":{"@id":"https:\/\/dpress.ma\/fr\/2026\/04\/30\/maroc-luxembourg-des-relations-economiques-en-constante-progression\/"},"wordCount":504,"commentCount":0,"image":{"@id":"https:\/\/dpress.ma\/fr\/2026\/04\/30\/maroc-luxembourg-des-relations-economiques-en-constante-progression\/#primaryimage"},"thumbnailUrl":"https:\/\/dpress.ma\/fr\/wp-content\/uploads\/sites\/2\/2026\/04\/94-1.jpg","articleSection":["Politiques"],"inLanguage":"fr-FR","potentialAction":[{"@type":"CommentAction","name":"Comment","target":["https:\/\/dpress.ma\/fr\/2026\/04\/30\/maroc-luxembourg-des-relations-economiques-en-constante-progression\/#respond"]}]},{"@type":"WebPage","@id":"https:\/\/dpress.ma\/fr\/2026\/04\/30\/maroc-luxembourg-des-relations-economiques-en-constante-progression\/","url":"https:\/\/dpress.ma\/fr\/2026\/04\/30\/maroc-luxembourg-des-relations-economiques-en-constante-progression\/","name":"Maroc-Luxembourg : Des relations \u00e9conomiques en constante progression - Dpress.ma\/fr","isPartOf":{"@id":"https:\/\/dpress.ma\/fr\/#website"},"primaryImageOfPage":{"@id":"https:\/\/dpress.ma\/fr\/2026\/04\/30\/maroc-luxembourg-des-relations-economiques-en-constante-progression\/#primaryimage"},"image":{"@id":"https:\/\/dpress.ma\/fr\/2026\/04\/30\/maroc-luxembourg-des-relations-economiques-en-constante-progression\/#primaryimage"},"thumbnailUrl":"https:\/\/dpress.ma\/fr\/wp-content\/uploads\/sites\/2\/2026\/04\/94-1.jpg","datePublished":"2026-04-30T14:25:41+00:00","dateModified":"2026-04-30T14:25:42+00:00","author":{"@id":"https:\/\/dpress.ma\/fr\/#\/schema\/person\/4898febf3ccd59e6578d838656a306a0"},"breadcrumb":{"@id":"https:\/\/dpress.ma\/fr\/2026\/04\/30\/maroc-luxembourg-des-relations-economiques-en-constante-progression\/#breadcrumb"},"inLanguage":"fr-FR","potentialAction":[{"@type":"ReadAction","target":["https:\/\/dpress.ma\/fr\/2026\/04\/30\/maroc-luxembourg-des-relations-economiques-en-constante-progression\/"]}]},{"@type":"ImageObject","inLanguage":"fr-FR","@id":"https:\/\/dpress.ma\/fr\/2026\/04\/30\/maroc-luxembourg-des-relations-economiques-en-constante-progression\/#primaryimage","url":"https:\/\/dpress.ma\/fr\/wp-content\/uploads\/sites\/2\/2026\/04\/94-1.jpg","contentUrl":"https:\/\/dpress.ma\/fr\/wp-content\/uploads\/sites\/2\/2026\/04\/94-1.jpg","width":2539,"height":1594},{"@type":"BreadcrumbList","@id":"https:\/\/dpress.ma\/fr\/2026\/04\/30\/maroc-luxembourg-des-relations-economiques-en-constante-progression\/#breadcrumb","itemListElement":[{"@type":"ListItem","position":1,"name":"Home","item":"https:\/\/dpress.ma\/fr\/"},{"@type":"ListItem","position":2,"name":"Maroc-Luxembourg : Des relations \u00e9conomiques en constante progression"}]},{"@type":"WebSite","@id":"https:\/\/dpress.ma\/fr\/#website","url":"https:\/\/dpress.ma\/fr\/","name":"Dpress.ma\/fr","description":"","potentialAction":[{"@type":"SearchAction","target":{"@type":"EntryPoint","urlTemplate":"https:\/\/dpress.ma\/fr\/?s={search_term_string}"},"query-input":{"@type":"PropertyValueSpecification","valueRequired":true,"valueName":"search_term_string"}}],"inLanguage":"fr-FR"},{"@type":"Person","@id":"https:\/\/dpress.ma\/fr\/#\/schema\/person\/4898febf3ccd59e6578d838656a306a0","name":"Dpress.ma","image":{"@type":"ImageObject","inLanguage":"fr-FR","@id":"https:\/\/secure.gravatar.com\/avatar\/72ecc30e9db047a2e0e7176561eb9d564ed77c8108376495b19bd8336405198a?s=96&d=mm&r=g","url":"https:\/\/secure.gravatar.com\/avatar\/72ecc30e9db047a2e0e7176561eb9d564ed77c8108376495b19bd8336405198a?s=96&d=mm&r=g","contentUrl":"https:\/\/secure.gravatar.com\/avatar\/72ecc30e9db047a2e0e7176561eb9d564ed77c8108376495b19bd8336405198a?s=96&d=mm&r=g","caption":"Dpress.ma"},"sameAs":["https:\/\/www.dpress.ma"],"url":"https:\/\/dpress.ma\/fr\/author\/dpress-ma\/"}]}},"amp_enabled":true,"_links":{"self":[{"href":"https:\/\/dpress.ma\/fr\/wp-json\/wp\/v2\/posts\/29695","targetHints":{"allow":["GET"]}}],"collection":[{"href":"https:\/\/dpress.ma\/fr\/wp-json\/wp\/v2\/posts"}],"about":[{"href":"https:\/\/dpress.ma\/fr\/wp-json\/wp\/v2\/types\/post"}],"author":[{"embeddable":true,"href":"https:\/\/dpress.ma\/fr\/wp-json\/wp\/v2\/users\/2"}],"replies":[{"embeddable":true,"href":"https:\/\/dpress.ma\/fr\/wp-json\/wp\/v2\/comments?post=29695"}],"version-history":[{"count":1,"href":"https:\/\/dpress.ma\/fr\/wp-json\/wp\/v2\/posts\/29695\/revisions"}],"predecessor-version":[{"id":29696,"href":"https:\/\/dpress.ma\/fr\/wp-json\/wp\/v2\/posts\/29695\/revisions\/29696"}],"wp:featuredmedia":[{"embeddable":true,"href":"https:\/\/dpress.ma\/fr\/wp-json\/wp\/v2\/media\/29693"}],"wp:attachment":[{"href":"https:\/\/dpress.ma\/fr\/wp-json\/wp\/v2\/media?parent=29695"}],"wp:term":[{"taxonomy":"category","embeddable":true,"href":"https:\/\/dpress.ma\/fr\/wp-json\/wp\/v2\/categories?post=29695"},{"taxonomy":"post_tag","embeddable":true,"href":"https:\/\/dpress.ma\/fr\/wp-json\/wp\/v2\/tags?post=29695"}],"curies":[{"name":"wp","href":"https:\/\/api.w.org\/{rel}","templated":true}]}}