{"id":29692,"date":"2026-04-30T14:24:59","date_gmt":"2026-04-30T14:24:59","guid":{"rendered":"https:\/\/dpress.ma\/fr\/?p=29692"},"modified":"2026-04-30T14:25:01","modified_gmt":"2026-04-30T14:25:01","slug":"interview-avec-lex-delles-ministre-luxembourgeois-de-leconomie-des-pme-de-lenergie-et-du-tourisme","status":"publish","type":"post","link":"https:\/\/dpress.ma\/fr\/2026\/04\/30\/interview-avec-lex-delles-ministre-luxembourgeois-de-leconomie-des-pme-de-lenergie-et-du-tourisme\/","title":{"rendered":"Interview avec Lex Delles, ministre luxembourgeois de l\u2019Economie, des PME, de l\u2019Energie et du Tourisme"},"content":{"rendered":"\n<p>Dpress<\/p>\n\n\n\n<p>Le ministre de l\u2019Economie, des PME, de l\u2019Energie et du Tourisme du Luxembourg, Lex Delles, a accord\u00e9 une interview \u00e0 la MAP en amont de sa visite de travail au Maroc, pr\u00e9vue du 4 au 7 mai prochain, \u00e0 la t\u00eate d\u2019une mission \u00e9conomique de haut niveau compos\u00e9e d\u2019une vingtaine d\u2019entreprises op\u00e9rant dans divers secteurs d\u2019activit\u00e9.<\/p>\n\n\n\n<p>Dans cet entretien, le ministre dresse un \u00e9tat des lieux de la coop\u00e9ration \u00e9conomique bilat\u00e9rale et \u00e9voque les perspectives de d\u00e9veloppement du partenariat entre le Maroc et le Luxembourg, ainsi que les opportunit\u00e9s de coop\u00e9ration entre les milieux d\u2019affaires des deux pays.<\/p>\n\n\n\n<p><strong>Quelles retomb\u00e9es concr\u00e8tes attendez-vous de cette visite au Maroc ?<\/strong><\/p>\n\n\n\n<p>Cette mission \u00e9conomique vise avant tout \u00e0 consolider les liens existants entre les entreprises luxembourgeoises et marocaines. Il s\u2019agit de favoriser des mises en relation directes, cibl\u00e9es et qualifi\u00e9es entre acteurs \u00e9conomiques, afin de cr\u00e9er un cadre propice \u00e0 l\u2019\u00e9mergence de partenariats concrets.<\/p>\n\n\n\n<p>La mission a \u00e9galement pour objectif d\u2019identifier de nouvelles opportunit\u00e9s d\u2019investissement et de coop\u00e9ration, notamment dans des secteurs en forte croissance tels que les infrastructures, l\u2019industrie, les technologies ou les services, o\u00f9 des compl\u00e9mentarit\u00e9s existent clairement entre les deux \u00e9cosyst\u00e8mes.<\/p>\n\n\n\n<p>Enfin, un enjeu essentiel r\u00e9side dans l\u2019apr\u00e8s\u2011mission. L\u2019ambition est de mettre en place les bases d\u2019un suivi structur\u00e9, en s\u2019appuyant notamment sur le Luxembourg Trade and Investment Office de Casablanca et les partenaires institutionnels comme la Chambre de Commerce du Luxembourg, afin de concr\u00e9tiser les \u00e9changes engag\u00e9s.<\/p>\n\n\n\n<p><strong>Quel est aujourd\u2019hui l\u2019\u00e9tat des relations \u00e9conomiques entre le Luxembourg et le Maroc ?<\/strong><\/p>\n\n\n\n<p>Les relations \u00e9conomiques entre les deux pays sont en progression constante, m\u00eame si elles n\u2019ont pas encore atteint tout leur potentiel. Cette dynamique repose sur une compl\u00e9mentarit\u00e9 claire entre nos deux \u00e9conomies\u202f: le Maroc s\u2019affirme comme une plateforme d\u2019acc\u00e8s aux march\u00e9s africains, tandis que le Luxembourg joue le r\u00f4le de porte d\u2019entr\u00e9e vers l\u2019Europe et hub financier.<\/p>\n\n\n\n<p>Les perspectives de d\u00e9veloppement sont r\u00e9elles et reposent avant tout sur une intensification des \u00e9changes entre entreprises, en particulier entre PME, ainsi que sur une meilleure exploitation des cadres de coop\u00e9ration existants, qu\u2019ils soient institutionnels, \u00e9conomiques ou financiers.<\/p>\n\n\n\n<p>L\u2019enjeu pour les prochaines ann\u00e9es sera surtout de transformer les opportunit\u00e9s identifi\u00e9es en projets structur\u00e9s et durables, port\u00e9s par des acteurs \u00e9conomiques engag\u00e9s et accompagn\u00e9s dans la dur\u00e9e. C\u2019est pr\u00e9cis\u00e9ment dans cette logique pragmatique et orient\u00e9e vers des r\u00e9sultats concrets que s\u2019inscrit notre coop\u00e9ration avec le Maroc.<\/p>\n\n\n\n<p><strong>L\u2019accent sera-t-il mis sur des secteurs prioritaires communs aux deux pays ?<\/strong><\/p>\n\n\n\n<p>La diversit\u00e9 de la d\u00e9l\u00e9gation \u00e9conomique luxembourgeoise qui participe \u00e0 la mission refl\u00e8te notre approche multisectorielle.&nbsp;Concr\u00e8tement, il s\u2019agit de renforcer les partenariats entre entreprises, en particulier entre PME, afin de favoriser des projets communs et cr\u00e9ateurs de valeur sans focus sur un secteur en particulier.<\/p>\n\n\n\n<p>L\u2019objectif est de transformer les \u00e9changes entre entreprises en coop\u00e9rations durables, fond\u00e9es sur la compl\u00e9mentarit\u00e9 des deux \u00e9conomies et orient\u00e9es vers des r\u00e9sultats concrets.<\/p>\n","protected":false},"excerpt":{"rendered":"<p>Dpress Le ministre de l\u2019Economie, des PME, de l\u2019Energie et du Tourisme du Luxembourg, Lex Delles, a accord\u00e9 une interview \u00e0 la MAP en amont de sa visite de travail au Maroc, pr\u00e9vue du 4 au 7 mai prochain, \u00e0 la t\u00eate d\u2019une mission \u00e9conomique de haut niveau compos\u00e9e d\u2019une vingtaine d\u2019entreprises op\u00e9rant dans divers &hellip;<\/p>\n","protected":false},"author":2,"featured_media":29693,"comment_status":"open","ping_status":"open","sticky":false,"template":"","format":"standard","meta":{"footnotes":""},"categories":[42],"tags":[],"class_list":["post-29692","post","type-post","status-publish","format-standard","has-post-thumbnail","hentry","category-monde"],"yoast_head":"<!-- This site is optimized with the Yoast SEO plugin v27.5 - https:\/\/yoast.com\/product\/yoast-seo-wordpress\/ -->\n<title>Interview avec Lex Delles, ministre luxembourgeois de l\u2019Economie, des PME, de l\u2019Energie et du Tourisme - Dpress.ma\/fr<\/title>\n<meta name=\"robots\" content=\"index, follow, max-snippet:-1, max-image-preview:large, max-video-preview:-1\" \/>\n<link rel=\"canonical\" href=\"https:\/\/dpress.ma\/fr\/2026\/04\/30\/interview-avec-lex-delles-ministre-luxembourgeois-de-leconomie-des-pme-de-lenergie-et-du-tourisme\/\" \/>\n<meta property=\"og:locale\" content=\"fr_FR\" \/>\n<meta property=\"og:type\" content=\"article\" \/>\n<meta property=\"og:title\" content=\"Interview avec Lex Delles, ministre luxembourgeois de l\u2019Economie, des PME, de l\u2019Energie et du Tourisme - Dpress.ma\/fr\" \/>\n<meta property=\"og:description\" content=\"Dpress Le ministre de l\u2019Economie, des PME, de l\u2019Energie et du Tourisme du Luxembourg, Lex Delles, a accord\u00e9 une interview \u00e0 la MAP en amont de sa visite de travail au Maroc, pr\u00e9vue du 4 au 7 mai prochain, \u00e0 la t\u00eate d\u2019une mission \u00e9conomique de haut niveau compos\u00e9e d\u2019une vingtaine d\u2019entreprises op\u00e9rant dans divers &hellip;\" \/>\n<meta property=\"og:url\" content=\"https:\/\/dpress.ma\/fr\/2026\/04\/30\/interview-avec-lex-delles-ministre-luxembourgeois-de-leconomie-des-pme-de-lenergie-et-du-tourisme\/\" \/>\n<meta property=\"og:site_name\" content=\"Dpress.ma\/fr\" \/>\n<meta property=\"article:published_time\" content=\"2026-04-30T14:24:59+00:00\" \/>\n<meta property=\"article:modified_time\" content=\"2026-04-30T14:25:01+00:00\" \/>\n<meta property=\"og:image\" content=\"https:\/\/dpress.ma\/fr\/wp-content\/uploads\/sites\/2\/2026\/04\/94-1.jpg\" \/>\n\t<meta property=\"og:image:width\" content=\"2539\" \/>\n\t<meta property=\"og:image:height\" content=\"1594\" \/>\n\t<meta property=\"og:image:type\" content=\"image\/jpeg\" \/>\n<meta name=\"author\" content=\"Dpress.ma\" \/>\n<meta name=\"twitter:card\" content=\"summary_large_image\" \/>\n<meta name=\"twitter:label1\" content=\"\u00c9crit par\" \/>\n\t<meta name=\"twitter:data1\" content=\"Dpress.ma\" \/>\n\t<meta name=\"twitter:label2\" content=\"Dur\u00e9e de lecture estim\u00e9e\" \/>\n\t<meta name=\"twitter:data2\" content=\"3 minutes\" \/>\n<script type=\"application\/ld+json\" class=\"yoast-schema-graph\">{\"@context\":\"https:\\\/\\\/schema.org\",\"@graph\":[{\"@type\":\"Article\",\"@id\":\"https:\\\/\\\/dpress.ma\\\/fr\\\/2026\\\/04\\\/30\\\/interview-avec-lex-delles-ministre-luxembourgeois-de-leconomie-des-pme-de-lenergie-et-du-tourisme\\\/#article\",\"isPartOf\":{\"@id\":\"https:\\\/\\\/dpress.ma\\\/fr\\\/2026\\\/04\\\/30\\\/interview-avec-lex-delles-ministre-luxembourgeois-de-leconomie-des-pme-de-lenergie-et-du-tourisme\\\/\"},\"author\":{\"name\":\"Dpress.ma\",\"@id\":\"https:\\\/\\\/dpress.ma\\\/fr\\\/#\\\/schema\\\/person\\\/4898febf3ccd59e6578d838656a306a0\"},\"headline\":\"Interview avec Lex Delles, ministre luxembourgeois de l\u2019Economie, des PME, de l\u2019Energie et du Tourisme\",\"datePublished\":\"2026-04-30T14:24:59+00:00\",\"dateModified\":\"2026-04-30T14:25:01+00:00\",\"mainEntityOfPage\":{\"@id\":\"https:\\\/\\\/dpress.ma\\\/fr\\\/2026\\\/04\\\/30\\\/interview-avec-lex-delles-ministre-luxembourgeois-de-leconomie-des-pme-de-lenergie-et-du-tourisme\\\/\"},\"wordCount\":571,\"commentCount\":0,\"image\":{\"@id\":\"https:\\\/\\\/dpress.ma\\\/fr\\\/2026\\\/04\\\/30\\\/interview-avec-lex-delles-ministre-luxembourgeois-de-leconomie-des-pme-de-lenergie-et-du-tourisme\\\/#primaryimage\"},\"thumbnailUrl\":\"https:\\\/\\\/dpress.ma\\\/fr\\\/wp-content\\\/uploads\\\/sites\\\/2\\\/2026\\\/04\\\/94-1.jpg\",\"articleSection\":[\"monde\"],\"inLanguage\":\"fr-FR\",\"potentialAction\":[{\"@type\":\"CommentAction\",\"name\":\"Comment\",\"target\":[\"https:\\\/\\\/dpress.ma\\\/fr\\\/2026\\\/04\\\/30\\\/interview-avec-lex-delles-ministre-luxembourgeois-de-leconomie-des-pme-de-lenergie-et-du-tourisme\\\/#respond\"]}]},{\"@type\":\"WebPage\",\"@id\":\"https:\\\/\\\/dpress.ma\\\/fr\\\/2026\\\/04\\\/30\\\/interview-avec-lex-delles-ministre-luxembourgeois-de-leconomie-des-pme-de-lenergie-et-du-tourisme\\\/\",\"url\":\"https:\\\/\\\/dpress.ma\\\/fr\\\/2026\\\/04\\\/30\\\/interview-avec-lex-delles-ministre-luxembourgeois-de-leconomie-des-pme-de-lenergie-et-du-tourisme\\\/\",\"name\":\"Interview avec Lex Delles, ministre luxembourgeois de l\u2019Economie, des PME, de l\u2019Energie et du Tourisme - Dpress.ma\\\/fr\",\"isPartOf\":{\"@id\":\"https:\\\/\\\/dpress.ma\\\/fr\\\/#website\"},\"primaryImageOfPage\":{\"@id\":\"https:\\\/\\\/dpress.ma\\\/fr\\\/2026\\\/04\\\/30\\\/interview-avec-lex-delles-ministre-luxembourgeois-de-leconomie-des-pme-de-lenergie-et-du-tourisme\\\/#primaryimage\"},\"image\":{\"@id\":\"https:\\\/\\\/dpress.ma\\\/fr\\\/2026\\\/04\\\/30\\\/interview-avec-lex-delles-ministre-luxembourgeois-de-leconomie-des-pme-de-lenergie-et-du-tourisme\\\/#primaryimage\"},\"thumbnailUrl\":\"https:\\\/\\\/dpress.ma\\\/fr\\\/wp-content\\\/uploads\\\/sites\\\/2\\\/2026\\\/04\\\/94-1.jpg\",\"datePublished\":\"2026-04-30T14:24:59+00:00\",\"dateModified\":\"2026-04-30T14:25:01+00:00\",\"author\":{\"@id\":\"https:\\\/\\\/dpress.ma\\\/fr\\\/#\\\/schema\\\/person\\\/4898febf3ccd59e6578d838656a306a0\"},\"breadcrumb\":{\"@id\":\"https:\\\/\\\/dpress.ma\\\/fr\\\/2026\\\/04\\\/30\\\/interview-avec-lex-delles-ministre-luxembourgeois-de-leconomie-des-pme-de-lenergie-et-du-tourisme\\\/#breadcrumb\"},\"inLanguage\":\"fr-FR\",\"potentialAction\":[{\"@type\":\"ReadAction\",\"target\":[\"https:\\\/\\\/dpress.ma\\\/fr\\\/2026\\\/04\\\/30\\\/interview-avec-lex-delles-ministre-luxembourgeois-de-leconomie-des-pme-de-lenergie-et-du-tourisme\\\/\"]}]},{\"@type\":\"ImageObject\",\"inLanguage\":\"fr-FR\",\"@id\":\"https:\\\/\\\/dpress.ma\\\/fr\\\/2026\\\/04\\\/30\\\/interview-avec-lex-delles-ministre-luxembourgeois-de-leconomie-des-pme-de-lenergie-et-du-tourisme\\\/#primaryimage\",\"url\":\"https:\\\/\\\/dpress.ma\\\/fr\\\/wp-content\\\/uploads\\\/sites\\\/2\\\/2026\\\/04\\\/94-1.jpg\",\"contentUrl\":\"https:\\\/\\\/dpress.ma\\\/fr\\\/wp-content\\\/uploads\\\/sites\\\/2\\\/2026\\\/04\\\/94-1.jpg\",\"width\":2539,\"height\":1594},{\"@type\":\"BreadcrumbList\",\"@id\":\"https:\\\/\\\/dpress.ma\\\/fr\\\/2026\\\/04\\\/30\\\/interview-avec-lex-delles-ministre-luxembourgeois-de-leconomie-des-pme-de-lenergie-et-du-tourisme\\\/#breadcrumb\",\"itemListElement\":[{\"@type\":\"ListItem\",\"position\":1,\"name\":\"Home\",\"item\":\"https:\\\/\\\/dpress.ma\\\/fr\\\/\"},{\"@type\":\"ListItem\",\"position\":2,\"name\":\"Interview avec Lex Delles, ministre luxembourgeois de l\u2019Economie, des PME, de l\u2019Energie et du Tourisme\"}]},{\"@type\":\"WebSite\",\"@id\":\"https:\\\/\\\/dpress.ma\\\/fr\\\/#website\",\"url\":\"https:\\\/\\\/dpress.ma\\\/fr\\\/\",\"name\":\"Dpress.ma\\\/fr\",\"description\":\"\",\"potentialAction\":[{\"@type\":\"SearchAction\",\"target\":{\"@type\":\"EntryPoint\",\"urlTemplate\":\"https:\\\/\\\/dpress.ma\\\/fr\\\/?s={search_term_string}\"},\"query-input\":{\"@type\":\"PropertyValueSpecification\",\"valueRequired\":true,\"valueName\":\"search_term_string\"}}],\"inLanguage\":\"fr-FR\"},{\"@type\":\"Person\",\"@id\":\"https:\\\/\\\/dpress.ma\\\/fr\\\/#\\\/schema\\\/person\\\/4898febf3ccd59e6578d838656a306a0\",\"name\":\"Dpress.ma\",\"image\":{\"@type\":\"ImageObject\",\"inLanguage\":\"fr-FR\",\"@id\":\"https:\\\/\\\/secure.gravatar.com\\\/avatar\\\/72ecc30e9db047a2e0e7176561eb9d564ed77c8108376495b19bd8336405198a?s=96&d=mm&r=g\",\"url\":\"https:\\\/\\\/secure.gravatar.com\\\/avatar\\\/72ecc30e9db047a2e0e7176561eb9d564ed77c8108376495b19bd8336405198a?s=96&d=mm&r=g\",\"contentUrl\":\"https:\\\/\\\/secure.gravatar.com\\\/avatar\\\/72ecc30e9db047a2e0e7176561eb9d564ed77c8108376495b19bd8336405198a?s=96&d=mm&r=g\",\"caption\":\"Dpress.ma\"},\"sameAs\":[\"https:\\\/\\\/www.dpress.ma\"],\"url\":\"https:\\\/\\\/dpress.ma\\\/fr\\\/author\\\/dpress-ma\\\/\"}]}<\/script>\n<!-- \/ Yoast SEO plugin. -->","yoast_head_json":{"title":"Interview avec Lex Delles, ministre luxembourgeois de l\u2019Economie, des PME, de l\u2019Energie et du Tourisme - Dpress.ma\/fr","robots":{"index":"index","follow":"follow","max-snippet":"max-snippet:-1","max-image-preview":"max-image-preview:large","max-video-preview":"max-video-preview:-1"},"canonical":"https:\/\/dpress.ma\/fr\/2026\/04\/30\/interview-avec-lex-delles-ministre-luxembourgeois-de-leconomie-des-pme-de-lenergie-et-du-tourisme\/","og_locale":"fr_FR","og_type":"article","og_title":"Interview avec Lex Delles, ministre luxembourgeois de l\u2019Economie, des PME, de l\u2019Energie et du Tourisme - Dpress.ma\/fr","og_description":"Dpress Le ministre de l\u2019Economie, des PME, de l\u2019Energie et du Tourisme du Luxembourg, Lex Delles, a accord\u00e9 une interview \u00e0 la MAP en amont de sa visite de travail au Maroc, pr\u00e9vue du 4 au 7 mai prochain, \u00e0 la t\u00eate d\u2019une mission \u00e9conomique de haut niveau compos\u00e9e d\u2019une vingtaine d\u2019entreprises op\u00e9rant dans divers &hellip;","og_url":"https:\/\/dpress.ma\/fr\/2026\/04\/30\/interview-avec-lex-delles-ministre-luxembourgeois-de-leconomie-des-pme-de-lenergie-et-du-tourisme\/","og_site_name":"Dpress.ma\/fr","article_published_time":"2026-04-30T14:24:59+00:00","article_modified_time":"2026-04-30T14:25:01+00:00","og_image":[{"width":2539,"height":1594,"url":"https:\/\/dpress.ma\/fr\/wp-content\/uploads\/sites\/2\/2026\/04\/94-1.jpg","type":"image\/jpeg"}],"author":"Dpress.ma","twitter_card":"summary_large_image","twitter_misc":{"\u00c9crit par":"Dpress.ma","Dur\u00e9e de lecture estim\u00e9e":"3 minutes"},"schema":{"@context":"https:\/\/schema.org","@graph":[{"@type":"Article","@id":"https:\/\/dpress.ma\/fr\/2026\/04\/30\/interview-avec-lex-delles-ministre-luxembourgeois-de-leconomie-des-pme-de-lenergie-et-du-tourisme\/#article","isPartOf":{"@id":"https:\/\/dpress.ma\/fr\/2026\/04\/30\/interview-avec-lex-delles-ministre-luxembourgeois-de-leconomie-des-pme-de-lenergie-et-du-tourisme\/"},"author":{"name":"Dpress.ma","@id":"https:\/\/dpress.ma\/fr\/#\/schema\/person\/4898febf3ccd59e6578d838656a306a0"},"headline":"Interview avec Lex Delles, ministre luxembourgeois de l\u2019Economie, des PME, de l\u2019Energie et du Tourisme","datePublished":"2026-04-30T14:24:59+00:00","dateModified":"2026-04-30T14:25:01+00:00","mainEntityOfPage":{"@id":"https:\/\/dpress.ma\/fr\/2026\/04\/30\/interview-avec-lex-delles-ministre-luxembourgeois-de-leconomie-des-pme-de-lenergie-et-du-tourisme\/"},"wordCount":571,"commentCount":0,"image":{"@id":"https:\/\/dpress.ma\/fr\/2026\/04\/30\/interview-avec-lex-delles-ministre-luxembourgeois-de-leconomie-des-pme-de-lenergie-et-du-tourisme\/#primaryimage"},"thumbnailUrl":"https:\/\/dpress.ma\/fr\/wp-content\/uploads\/sites\/2\/2026\/04\/94-1.jpg","articleSection":["monde"],"inLanguage":"fr-FR","potentialAction":[{"@type":"CommentAction","name":"Comment","target":["https:\/\/dpress.ma\/fr\/2026\/04\/30\/interview-avec-lex-delles-ministre-luxembourgeois-de-leconomie-des-pme-de-lenergie-et-du-tourisme\/#respond"]}]},{"@type":"WebPage","@id":"https:\/\/dpress.ma\/fr\/2026\/04\/30\/interview-avec-lex-delles-ministre-luxembourgeois-de-leconomie-des-pme-de-lenergie-et-du-tourisme\/","url":"https:\/\/dpress.ma\/fr\/2026\/04\/30\/interview-avec-lex-delles-ministre-luxembourgeois-de-leconomie-des-pme-de-lenergie-et-du-tourisme\/","name":"Interview avec Lex Delles, ministre luxembourgeois de l\u2019Economie, des PME, de l\u2019Energie et du Tourisme - Dpress.ma\/fr","isPartOf":{"@id":"https:\/\/dpress.ma\/fr\/#website"},"primaryImageOfPage":{"@id":"https:\/\/dpress.ma\/fr\/2026\/04\/30\/interview-avec-lex-delles-ministre-luxembourgeois-de-leconomie-des-pme-de-lenergie-et-du-tourisme\/#primaryimage"},"image":{"@id":"https:\/\/dpress.ma\/fr\/2026\/04\/30\/interview-avec-lex-delles-ministre-luxembourgeois-de-leconomie-des-pme-de-lenergie-et-du-tourisme\/#primaryimage"},"thumbnailUrl":"https:\/\/dpress.ma\/fr\/wp-content\/uploads\/sites\/2\/2026\/04\/94-1.jpg","datePublished":"2026-04-30T14:24:59+00:00","dateModified":"2026-04-30T14:25:01+00:00","author":{"@id":"https:\/\/dpress.ma\/fr\/#\/schema\/person\/4898febf3ccd59e6578d838656a306a0"},"breadcrumb":{"@id":"https:\/\/dpress.ma\/fr\/2026\/04\/30\/interview-avec-lex-delles-ministre-luxembourgeois-de-leconomie-des-pme-de-lenergie-et-du-tourisme\/#breadcrumb"},"inLanguage":"fr-FR","potentialAction":[{"@type":"ReadAction","target":["https:\/\/dpress.ma\/fr\/2026\/04\/30\/interview-avec-lex-delles-ministre-luxembourgeois-de-leconomie-des-pme-de-lenergie-et-du-tourisme\/"]}]},{"@type":"ImageObject","inLanguage":"fr-FR","@id":"https:\/\/dpress.ma\/fr\/2026\/04\/30\/interview-avec-lex-delles-ministre-luxembourgeois-de-leconomie-des-pme-de-lenergie-et-du-tourisme\/#primaryimage","url":"https:\/\/dpress.ma\/fr\/wp-content\/uploads\/sites\/2\/2026\/04\/94-1.jpg","contentUrl":"https:\/\/dpress.ma\/fr\/wp-content\/uploads\/sites\/2\/2026\/04\/94-1.jpg","width":2539,"height":1594},{"@type":"BreadcrumbList","@id":"https:\/\/dpress.ma\/fr\/2026\/04\/30\/interview-avec-lex-delles-ministre-luxembourgeois-de-leconomie-des-pme-de-lenergie-et-du-tourisme\/#breadcrumb","itemListElement":[{"@type":"ListItem","position":1,"name":"Home","item":"https:\/\/dpress.ma\/fr\/"},{"@type":"ListItem","position":2,"name":"Interview avec Lex Delles, ministre luxembourgeois de l\u2019Economie, des PME, de l\u2019Energie et du Tourisme"}]},{"@type":"WebSite","@id":"https:\/\/dpress.ma\/fr\/#website","url":"https:\/\/dpress.ma\/fr\/","name":"Dpress.ma\/fr","description":"","potentialAction":[{"@type":"SearchAction","target":{"@type":"EntryPoint","urlTemplate":"https:\/\/dpress.ma\/fr\/?s={search_term_string}"},"query-input":{"@type":"PropertyValueSpecification","valueRequired":true,"valueName":"search_term_string"}}],"inLanguage":"fr-FR"},{"@type":"Person","@id":"https:\/\/dpress.ma\/fr\/#\/schema\/person\/4898febf3ccd59e6578d838656a306a0","name":"Dpress.ma","image":{"@type":"ImageObject","inLanguage":"fr-FR","@id":"https:\/\/secure.gravatar.com\/avatar\/72ecc30e9db047a2e0e7176561eb9d564ed77c8108376495b19bd8336405198a?s=96&d=mm&r=g","url":"https:\/\/secure.gravatar.com\/avatar\/72ecc30e9db047a2e0e7176561eb9d564ed77c8108376495b19bd8336405198a?s=96&d=mm&r=g","contentUrl":"https:\/\/secure.gravatar.com\/avatar\/72ecc30e9db047a2e0e7176561eb9d564ed77c8108376495b19bd8336405198a?s=96&d=mm&r=g","caption":"Dpress.ma"},"sameAs":["https:\/\/www.dpress.ma"],"url":"https:\/\/dpress.ma\/fr\/author\/dpress-ma\/"}]}},"amp_enabled":true,"_links":{"self":[{"href":"https:\/\/dpress.ma\/fr\/wp-json\/wp\/v2\/posts\/29692","targetHints":{"allow":["GET"]}}],"collection":[{"href":"https:\/\/dpress.ma\/fr\/wp-json\/wp\/v2\/posts"}],"about":[{"href":"https:\/\/dpress.ma\/fr\/wp-json\/wp\/v2\/types\/post"}],"author":[{"embeddable":true,"href":"https:\/\/dpress.ma\/fr\/wp-json\/wp\/v2\/users\/2"}],"replies":[{"embeddable":true,"href":"https:\/\/dpress.ma\/fr\/wp-json\/wp\/v2\/comments?post=29692"}],"version-history":[{"count":1,"href":"https:\/\/dpress.ma\/fr\/wp-json\/wp\/v2\/posts\/29692\/revisions"}],"predecessor-version":[{"id":29694,"href":"https:\/\/dpress.ma\/fr\/wp-json\/wp\/v2\/posts\/29692\/revisions\/29694"}],"wp:featuredmedia":[{"embeddable":true,"href":"https:\/\/dpress.ma\/fr\/wp-json\/wp\/v2\/media\/29693"}],"wp:attachment":[{"href":"https:\/\/dpress.ma\/fr\/wp-json\/wp\/v2\/media?parent=29692"}],"wp:term":[{"taxonomy":"category","embeddable":true,"href":"https:\/\/dpress.ma\/fr\/wp-json\/wp\/v2\/categories?post=29692"},{"taxonomy":"post_tag","embeddable":true,"href":"https:\/\/dpress.ma\/fr\/wp-json\/wp\/v2\/tags?post=29692"}],"curies":[{"name":"wp","href":"https:\/\/api.w.org\/{rel}","templated":true}]}}