{"id":29686,"date":"2026-04-30T14:21:40","date_gmt":"2026-04-30T14:21:40","guid":{"rendered":"https:\/\/dpress.ma\/fr\/?p=29686"},"modified":"2026-04-30T14:21:42","modified_gmt":"2026-04-30T14:21:42","slug":"sahara-les-participants-a-lausaco-reaffirment-leur-plein-soutien-au-plan-marocain-dautonomie","status":"publish","type":"post","link":"https:\/\/dpress.ma\/fr\/2026\/04\/30\/sahara-les-participants-a-lausaco-reaffirment-leur-plein-soutien-au-plan-marocain-dautonomie\/","title":{"rendered":"Sahara: Les participants \u00e0 l\u2019AUSACO r\u00e9affirment leur plein soutien au plan marocain d\u2019autonomie"},"content":{"rendered":"\n<p>Dpress<\/p>\n\n\n\n<p>Les participants \u00e0 la troisi\u00e8me \u00e9dition de la Policy Conference de la Coalition pour l\u2019Autonomie au Sahara (AUSACO) ont r\u00e9affirm\u00e9, mercredi \u00e0 Dakhla, leur plein soutien au plan marocain d\u2019autonomie comme seule et unique solution politique au diff\u00e9rend r\u00e9gional autour du Sahara marocain.<\/p>\n\n\n\n<p>Dans leur D\u00e9claration finale, les membres de l\u2019AUSACO, r\u00e9unis \u00e0 un moment o\u00f9 le dossier du Sahara marocain entame un tournant in\u00e9dit en vue de son r\u00e8glement d\u00e9finitif, ont salu\u00e9 la r\u00e9solution 2797 du Conseil de s\u00e9curit\u00e9 de l\u2019ONU, qui consacre le plan d\u2019autonomie marocain comme l\u2019unique solution politique \u00e0 ce diff\u00e9rend r\u00e9gional.<\/p>\n\n\n\n<p>La dynamique internationale marqu\u00e9e par un soutien croissant \u00e0 la marocanit\u00e9 du Sahara et au plan d\u2019autonomie, s\u2019est traduite \u00e9galement par l\u2019ouverture par 32 pays issus de tous les continents de Consulats G\u00e9n\u00e9raux dans les villes de La\u00e2youne et de Dakhla, ont-ils relev\u00e9.<\/p>\n\n\n\n<p>Mettant en avant l\u2019important d\u00e9veloppement que connaissent les provinces du Sud, ces experts internationaux se sont f\u00e9licit\u00e9 par ailleurs des efforts d\u00e9ploy\u00e9s par le Maroc dans le cadre du Nouveau mod\u00e8le de d\u00e9veloppement de ces provinces lanc\u00e9 en 2015.<\/p>\n\n\n\n<p>Ces efforts, note la D\u00e9claration finale, ont permis la r\u00e9alisations de projets d\u2019envergure, notamment le m\u00e9gaprojet du port Dakhla Atlantique et celui de la voie Tiznit-Dakhla, outre des chantiers structurants dans les domaines des infrastructures, des \u00e9nergies renouvelables, de l\u2019\u00e9conomie bleue et des stations de dessalement.<\/p>\n\n\n\n<p>Les membres de l\u2019AUSACO ont, par la m\u00eame occasion, salu\u00e9 le climat de paix, de s\u00e9curit\u00e9, de libert\u00e9 et de d\u00e9mocratie qui r\u00e8gne dans ces provinces, ainsi que l\u2019\u00e9lan de d\u00e9veloppement \u00e9conomique que conna\u00eet cette r\u00e9gion, notamment \u00e0 travers la tenue de forums \u00e9conomiques internationaux et de Commissions mixtes.<\/p>\n\n\n\n<p>La troisi\u00e8me \u00e9dition de la Policy Conference d\u2019AUSACO a \u00e9t\u00e9 marqu\u00e9e par l\u2019organisation de plusieurs panels de discussion visant \u00e0 mener une r\u00e9flexion sur les perspectives futures li\u00e9es au r\u00e8glement d\u00e9finitif de la question du Sahara marocain, \u00e0 la lumi\u00e8re de l\u2019adoption historique de la r\u00e9solution 2797 du Conseil de s\u00e9curit\u00e9 de l\u2019ONU.<\/p>\n","protected":false},"excerpt":{"rendered":"<p>Dpress Les participants \u00e0 la troisi\u00e8me \u00e9dition de la Policy Conference de la Coalition pour l\u2019Autonomie au Sahara (AUSACO) ont r\u00e9affirm\u00e9, mercredi \u00e0 Dakhla, leur plein soutien au plan marocain d\u2019autonomie comme seule et unique solution politique au diff\u00e9rend r\u00e9gional autour du Sahara marocain. Dans leur D\u00e9claration finale, les membres de l\u2019AUSACO, r\u00e9unis \u00e0 un &hellip;<\/p>\n","protected":false},"author":2,"featured_media":29687,"comment_status":"open","ping_status":"open","sticky":false,"template":"","format":"standard","meta":{"footnotes":""},"categories":[30],"tags":[],"class_list":["post-29686","post","type-post","status-publish","format-standard","has-post-thumbnail","hentry","category-sahara-marocain"],"yoast_head":"<!-- This site is optimized with the Yoast SEO plugin v27.5 - https:\/\/yoast.com\/product\/yoast-seo-wordpress\/ -->\n<title>Sahara: Les participants \u00e0 l\u2019AUSACO r\u00e9affirment leur plein soutien au plan marocain d\u2019autonomie - Dpress.ma\/fr<\/title>\n<meta name=\"robots\" content=\"index, follow, max-snippet:-1, max-image-preview:large, max-video-preview:-1\" \/>\n<link rel=\"canonical\" href=\"https:\/\/dpress.ma\/fr\/2026\/04\/30\/sahara-les-participants-a-lausaco-reaffirment-leur-plein-soutien-au-plan-marocain-dautonomie\/\" \/>\n<meta property=\"og:locale\" content=\"fr_FR\" \/>\n<meta property=\"og:type\" content=\"article\" \/>\n<meta property=\"og:title\" content=\"Sahara: Les participants \u00e0 l\u2019AUSACO r\u00e9affirment leur plein soutien au plan marocain d\u2019autonomie - Dpress.ma\/fr\" \/>\n<meta property=\"og:description\" content=\"Dpress Les participants \u00e0 la troisi\u00e8me \u00e9dition de la Policy Conference de la Coalition pour l\u2019Autonomie au Sahara (AUSACO) ont r\u00e9affirm\u00e9, mercredi \u00e0 Dakhla, leur plein soutien au plan marocain d\u2019autonomie comme seule et unique solution politique au diff\u00e9rend r\u00e9gional autour du Sahara marocain. Dans leur D\u00e9claration finale, les membres de l\u2019AUSACO, r\u00e9unis \u00e0 un &hellip;\" \/>\n<meta property=\"og:url\" content=\"https:\/\/dpress.ma\/fr\/2026\/04\/30\/sahara-les-participants-a-lausaco-reaffirment-leur-plein-soutien-au-plan-marocain-dautonomie\/\" \/>\n<meta property=\"og:site_name\" content=\"Dpress.ma\/fr\" \/>\n<meta property=\"article:published_time\" content=\"2026-04-30T14:21:40+00:00\" \/>\n<meta property=\"article:modified_time\" content=\"2026-04-30T14:21:42+00:00\" \/>\n<meta property=\"og:image\" content=\"https:\/\/dpress.ma\/fr\/wp-content\/uploads\/sites\/2\/2026\/04\/92.jpg\" \/>\n\t<meta property=\"og:image:width\" content=\"2539\" \/>\n\t<meta property=\"og:image:height\" content=\"1594\" \/>\n\t<meta property=\"og:image:type\" content=\"image\/jpeg\" \/>\n<meta name=\"author\" content=\"Dpress.ma\" \/>\n<meta name=\"twitter:card\" content=\"summary_large_image\" \/>\n<meta name=\"twitter:label1\" content=\"\u00c9crit par\" \/>\n\t<meta name=\"twitter:data1\" content=\"Dpress.ma\" \/>\n\t<meta name=\"twitter:label2\" content=\"Dur\u00e9e de lecture estim\u00e9e\" \/>\n\t<meta name=\"twitter:data2\" content=\"2 minutes\" \/>\n<script type=\"application\/ld+json\" class=\"yoast-schema-graph\">{\"@context\":\"https:\\\/\\\/schema.org\",\"@graph\":[{\"@type\":\"Article\",\"@id\":\"https:\\\/\\\/dpress.ma\\\/fr\\\/2026\\\/04\\\/30\\\/sahara-les-participants-a-lausaco-reaffirment-leur-plein-soutien-au-plan-marocain-dautonomie\\\/#article\",\"isPartOf\":{\"@id\":\"https:\\\/\\\/dpress.ma\\\/fr\\\/2026\\\/04\\\/30\\\/sahara-les-participants-a-lausaco-reaffirment-leur-plein-soutien-au-plan-marocain-dautonomie\\\/\"},\"author\":{\"name\":\"Dpress.ma\",\"@id\":\"https:\\\/\\\/dpress.ma\\\/fr\\\/#\\\/schema\\\/person\\\/4898febf3ccd59e6578d838656a306a0\"},\"headline\":\"Sahara: Les participants \u00e0 l\u2019AUSACO r\u00e9affirment leur plein soutien au plan marocain d\u2019autonomie\",\"datePublished\":\"2026-04-30T14:21:40+00:00\",\"dateModified\":\"2026-04-30T14:21:42+00:00\",\"mainEntityOfPage\":{\"@id\":\"https:\\\/\\\/dpress.ma\\\/fr\\\/2026\\\/04\\\/30\\\/sahara-les-participants-a-lausaco-reaffirment-leur-plein-soutien-au-plan-marocain-dautonomie\\\/\"},\"wordCount\":390,\"commentCount\":0,\"image\":{\"@id\":\"https:\\\/\\\/dpress.ma\\\/fr\\\/2026\\\/04\\\/30\\\/sahara-les-participants-a-lausaco-reaffirment-leur-plein-soutien-au-plan-marocain-dautonomie\\\/#primaryimage\"},\"thumbnailUrl\":\"https:\\\/\\\/dpress.ma\\\/fr\\\/wp-content\\\/uploads\\\/sites\\\/2\\\/2026\\\/04\\\/92.jpg\",\"articleSection\":[\"Sahara Marocain\"],\"inLanguage\":\"fr-FR\",\"potentialAction\":[{\"@type\":\"CommentAction\",\"name\":\"Comment\",\"target\":[\"https:\\\/\\\/dpress.ma\\\/fr\\\/2026\\\/04\\\/30\\\/sahara-les-participants-a-lausaco-reaffirment-leur-plein-soutien-au-plan-marocain-dautonomie\\\/#respond\"]}]},{\"@type\":\"WebPage\",\"@id\":\"https:\\\/\\\/dpress.ma\\\/fr\\\/2026\\\/04\\\/30\\\/sahara-les-participants-a-lausaco-reaffirment-leur-plein-soutien-au-plan-marocain-dautonomie\\\/\",\"url\":\"https:\\\/\\\/dpress.ma\\\/fr\\\/2026\\\/04\\\/30\\\/sahara-les-participants-a-lausaco-reaffirment-leur-plein-soutien-au-plan-marocain-dautonomie\\\/\",\"name\":\"Sahara: Les participants \u00e0 l\u2019AUSACO r\u00e9affirment leur plein soutien au plan marocain d\u2019autonomie - Dpress.ma\\\/fr\",\"isPartOf\":{\"@id\":\"https:\\\/\\\/dpress.ma\\\/fr\\\/#website\"},\"primaryImageOfPage\":{\"@id\":\"https:\\\/\\\/dpress.ma\\\/fr\\\/2026\\\/04\\\/30\\\/sahara-les-participants-a-lausaco-reaffirment-leur-plein-soutien-au-plan-marocain-dautonomie\\\/#primaryimage\"},\"image\":{\"@id\":\"https:\\\/\\\/dpress.ma\\\/fr\\\/2026\\\/04\\\/30\\\/sahara-les-participants-a-lausaco-reaffirment-leur-plein-soutien-au-plan-marocain-dautonomie\\\/#primaryimage\"},\"thumbnailUrl\":\"https:\\\/\\\/dpress.ma\\\/fr\\\/wp-content\\\/uploads\\\/sites\\\/2\\\/2026\\\/04\\\/92.jpg\",\"datePublished\":\"2026-04-30T14:21:40+00:00\",\"dateModified\":\"2026-04-30T14:21:42+00:00\",\"author\":{\"@id\":\"https:\\\/\\\/dpress.ma\\\/fr\\\/#\\\/schema\\\/person\\\/4898febf3ccd59e6578d838656a306a0\"},\"breadcrumb\":{\"@id\":\"https:\\\/\\\/dpress.ma\\\/fr\\\/2026\\\/04\\\/30\\\/sahara-les-participants-a-lausaco-reaffirment-leur-plein-soutien-au-plan-marocain-dautonomie\\\/#breadcrumb\"},\"inLanguage\":\"fr-FR\",\"potentialAction\":[{\"@type\":\"ReadAction\",\"target\":[\"https:\\\/\\\/dpress.ma\\\/fr\\\/2026\\\/04\\\/30\\\/sahara-les-participants-a-lausaco-reaffirment-leur-plein-soutien-au-plan-marocain-dautonomie\\\/\"]}]},{\"@type\":\"ImageObject\",\"inLanguage\":\"fr-FR\",\"@id\":\"https:\\\/\\\/dpress.ma\\\/fr\\\/2026\\\/04\\\/30\\\/sahara-les-participants-a-lausaco-reaffirment-leur-plein-soutien-au-plan-marocain-dautonomie\\\/#primaryimage\",\"url\":\"https:\\\/\\\/dpress.ma\\\/fr\\\/wp-content\\\/uploads\\\/sites\\\/2\\\/2026\\\/04\\\/92.jpg\",\"contentUrl\":\"https:\\\/\\\/dpress.ma\\\/fr\\\/wp-content\\\/uploads\\\/sites\\\/2\\\/2026\\\/04\\\/92.jpg\",\"width\":2539,\"height\":1594},{\"@type\":\"BreadcrumbList\",\"@id\":\"https:\\\/\\\/dpress.ma\\\/fr\\\/2026\\\/04\\\/30\\\/sahara-les-participants-a-lausaco-reaffirment-leur-plein-soutien-au-plan-marocain-dautonomie\\\/#breadcrumb\",\"itemListElement\":[{\"@type\":\"ListItem\",\"position\":1,\"name\":\"Home\",\"item\":\"https:\\\/\\\/dpress.ma\\\/fr\\\/\"},{\"@type\":\"ListItem\",\"position\":2,\"name\":\"Sahara: Les participants \u00e0 l\u2019AUSACO r\u00e9affirment leur plein soutien au plan marocain d\u2019autonomie\"}]},{\"@type\":\"WebSite\",\"@id\":\"https:\\\/\\\/dpress.ma\\\/fr\\\/#website\",\"url\":\"https:\\\/\\\/dpress.ma\\\/fr\\\/\",\"name\":\"Dpress.ma\\\/fr\",\"description\":\"\",\"potentialAction\":[{\"@type\":\"SearchAction\",\"target\":{\"@type\":\"EntryPoint\",\"urlTemplate\":\"https:\\\/\\\/dpress.ma\\\/fr\\\/?s={search_term_string}\"},\"query-input\":{\"@type\":\"PropertyValueSpecification\",\"valueRequired\":true,\"valueName\":\"search_term_string\"}}],\"inLanguage\":\"fr-FR\"},{\"@type\":\"Person\",\"@id\":\"https:\\\/\\\/dpress.ma\\\/fr\\\/#\\\/schema\\\/person\\\/4898febf3ccd59e6578d838656a306a0\",\"name\":\"Dpress.ma\",\"image\":{\"@type\":\"ImageObject\",\"inLanguage\":\"fr-FR\",\"@id\":\"https:\\\/\\\/secure.gravatar.com\\\/avatar\\\/72ecc30e9db047a2e0e7176561eb9d564ed77c8108376495b19bd8336405198a?s=96&d=mm&r=g\",\"url\":\"https:\\\/\\\/secure.gravatar.com\\\/avatar\\\/72ecc30e9db047a2e0e7176561eb9d564ed77c8108376495b19bd8336405198a?s=96&d=mm&r=g\",\"contentUrl\":\"https:\\\/\\\/secure.gravatar.com\\\/avatar\\\/72ecc30e9db047a2e0e7176561eb9d564ed77c8108376495b19bd8336405198a?s=96&d=mm&r=g\",\"caption\":\"Dpress.ma\"},\"sameAs\":[\"https:\\\/\\\/www.dpress.ma\"],\"url\":\"https:\\\/\\\/dpress.ma\\\/fr\\\/author\\\/dpress-ma\\\/\"}]}<\/script>\n<!-- \/ Yoast SEO plugin. -->","yoast_head_json":{"title":"Sahara: Les participants \u00e0 l\u2019AUSACO r\u00e9affirment leur plein soutien au plan marocain d\u2019autonomie - Dpress.ma\/fr","robots":{"index":"index","follow":"follow","max-snippet":"max-snippet:-1","max-image-preview":"max-image-preview:large","max-video-preview":"max-video-preview:-1"},"canonical":"https:\/\/dpress.ma\/fr\/2026\/04\/30\/sahara-les-participants-a-lausaco-reaffirment-leur-plein-soutien-au-plan-marocain-dautonomie\/","og_locale":"fr_FR","og_type":"article","og_title":"Sahara: Les participants \u00e0 l\u2019AUSACO r\u00e9affirment leur plein soutien au plan marocain d\u2019autonomie - Dpress.ma\/fr","og_description":"Dpress Les participants \u00e0 la troisi\u00e8me \u00e9dition de la Policy Conference de la Coalition pour l\u2019Autonomie au Sahara (AUSACO) ont r\u00e9affirm\u00e9, mercredi \u00e0 Dakhla, leur plein soutien au plan marocain d\u2019autonomie comme seule et unique solution politique au diff\u00e9rend r\u00e9gional autour du Sahara marocain. Dans leur D\u00e9claration finale, les membres de l\u2019AUSACO, r\u00e9unis \u00e0 un &hellip;","og_url":"https:\/\/dpress.ma\/fr\/2026\/04\/30\/sahara-les-participants-a-lausaco-reaffirment-leur-plein-soutien-au-plan-marocain-dautonomie\/","og_site_name":"Dpress.ma\/fr","article_published_time":"2026-04-30T14:21:40+00:00","article_modified_time":"2026-04-30T14:21:42+00:00","og_image":[{"width":2539,"height":1594,"url":"https:\/\/dpress.ma\/fr\/wp-content\/uploads\/sites\/2\/2026\/04\/92.jpg","type":"image\/jpeg"}],"author":"Dpress.ma","twitter_card":"summary_large_image","twitter_misc":{"\u00c9crit par":"Dpress.ma","Dur\u00e9e de lecture estim\u00e9e":"2 minutes"},"schema":{"@context":"https:\/\/schema.org","@graph":[{"@type":"Article","@id":"https:\/\/dpress.ma\/fr\/2026\/04\/30\/sahara-les-participants-a-lausaco-reaffirment-leur-plein-soutien-au-plan-marocain-dautonomie\/#article","isPartOf":{"@id":"https:\/\/dpress.ma\/fr\/2026\/04\/30\/sahara-les-participants-a-lausaco-reaffirment-leur-plein-soutien-au-plan-marocain-dautonomie\/"},"author":{"name":"Dpress.ma","@id":"https:\/\/dpress.ma\/fr\/#\/schema\/person\/4898febf3ccd59e6578d838656a306a0"},"headline":"Sahara: Les participants \u00e0 l\u2019AUSACO r\u00e9affirment leur plein soutien au plan marocain d\u2019autonomie","datePublished":"2026-04-30T14:21:40+00:00","dateModified":"2026-04-30T14:21:42+00:00","mainEntityOfPage":{"@id":"https:\/\/dpress.ma\/fr\/2026\/04\/30\/sahara-les-participants-a-lausaco-reaffirment-leur-plein-soutien-au-plan-marocain-dautonomie\/"},"wordCount":390,"commentCount":0,"image":{"@id":"https:\/\/dpress.ma\/fr\/2026\/04\/30\/sahara-les-participants-a-lausaco-reaffirment-leur-plein-soutien-au-plan-marocain-dautonomie\/#primaryimage"},"thumbnailUrl":"https:\/\/dpress.ma\/fr\/wp-content\/uploads\/sites\/2\/2026\/04\/92.jpg","articleSection":["Sahara Marocain"],"inLanguage":"fr-FR","potentialAction":[{"@type":"CommentAction","name":"Comment","target":["https:\/\/dpress.ma\/fr\/2026\/04\/30\/sahara-les-participants-a-lausaco-reaffirment-leur-plein-soutien-au-plan-marocain-dautonomie\/#respond"]}]},{"@type":"WebPage","@id":"https:\/\/dpress.ma\/fr\/2026\/04\/30\/sahara-les-participants-a-lausaco-reaffirment-leur-plein-soutien-au-plan-marocain-dautonomie\/","url":"https:\/\/dpress.ma\/fr\/2026\/04\/30\/sahara-les-participants-a-lausaco-reaffirment-leur-plein-soutien-au-plan-marocain-dautonomie\/","name":"Sahara: Les participants \u00e0 l\u2019AUSACO r\u00e9affirment leur plein soutien au plan marocain d\u2019autonomie - Dpress.ma\/fr","isPartOf":{"@id":"https:\/\/dpress.ma\/fr\/#website"},"primaryImageOfPage":{"@id":"https:\/\/dpress.ma\/fr\/2026\/04\/30\/sahara-les-participants-a-lausaco-reaffirment-leur-plein-soutien-au-plan-marocain-dautonomie\/#primaryimage"},"image":{"@id":"https:\/\/dpress.ma\/fr\/2026\/04\/30\/sahara-les-participants-a-lausaco-reaffirment-leur-plein-soutien-au-plan-marocain-dautonomie\/#primaryimage"},"thumbnailUrl":"https:\/\/dpress.ma\/fr\/wp-content\/uploads\/sites\/2\/2026\/04\/92.jpg","datePublished":"2026-04-30T14:21:40+00:00","dateModified":"2026-04-30T14:21:42+00:00","author":{"@id":"https:\/\/dpress.ma\/fr\/#\/schema\/person\/4898febf3ccd59e6578d838656a306a0"},"breadcrumb":{"@id":"https:\/\/dpress.ma\/fr\/2026\/04\/30\/sahara-les-participants-a-lausaco-reaffirment-leur-plein-soutien-au-plan-marocain-dautonomie\/#breadcrumb"},"inLanguage":"fr-FR","potentialAction":[{"@type":"ReadAction","target":["https:\/\/dpress.ma\/fr\/2026\/04\/30\/sahara-les-participants-a-lausaco-reaffirment-leur-plein-soutien-au-plan-marocain-dautonomie\/"]}]},{"@type":"ImageObject","inLanguage":"fr-FR","@id":"https:\/\/dpress.ma\/fr\/2026\/04\/30\/sahara-les-participants-a-lausaco-reaffirment-leur-plein-soutien-au-plan-marocain-dautonomie\/#primaryimage","url":"https:\/\/dpress.ma\/fr\/wp-content\/uploads\/sites\/2\/2026\/04\/92.jpg","contentUrl":"https:\/\/dpress.ma\/fr\/wp-content\/uploads\/sites\/2\/2026\/04\/92.jpg","width":2539,"height":1594},{"@type":"BreadcrumbList","@id":"https:\/\/dpress.ma\/fr\/2026\/04\/30\/sahara-les-participants-a-lausaco-reaffirment-leur-plein-soutien-au-plan-marocain-dautonomie\/#breadcrumb","itemListElement":[{"@type":"ListItem","position":1,"name":"Home","item":"https:\/\/dpress.ma\/fr\/"},{"@type":"ListItem","position":2,"name":"Sahara: Les participants \u00e0 l\u2019AUSACO r\u00e9affirment leur plein soutien au plan marocain d\u2019autonomie"}]},{"@type":"WebSite","@id":"https:\/\/dpress.ma\/fr\/#website","url":"https:\/\/dpress.ma\/fr\/","name":"Dpress.ma\/fr","description":"","potentialAction":[{"@type":"SearchAction","target":{"@type":"EntryPoint","urlTemplate":"https:\/\/dpress.ma\/fr\/?s={search_term_string}"},"query-input":{"@type":"PropertyValueSpecification","valueRequired":true,"valueName":"search_term_string"}}],"inLanguage":"fr-FR"},{"@type":"Person","@id":"https:\/\/dpress.ma\/fr\/#\/schema\/person\/4898febf3ccd59e6578d838656a306a0","name":"Dpress.ma","image":{"@type":"ImageObject","inLanguage":"fr-FR","@id":"https:\/\/secure.gravatar.com\/avatar\/72ecc30e9db047a2e0e7176561eb9d564ed77c8108376495b19bd8336405198a?s=96&d=mm&r=g","url":"https:\/\/secure.gravatar.com\/avatar\/72ecc30e9db047a2e0e7176561eb9d564ed77c8108376495b19bd8336405198a?s=96&d=mm&r=g","contentUrl":"https:\/\/secure.gravatar.com\/avatar\/72ecc30e9db047a2e0e7176561eb9d564ed77c8108376495b19bd8336405198a?s=96&d=mm&r=g","caption":"Dpress.ma"},"sameAs":["https:\/\/www.dpress.ma"],"url":"https:\/\/dpress.ma\/fr\/author\/dpress-ma\/"}]}},"amp_enabled":true,"_links":{"self":[{"href":"https:\/\/dpress.ma\/fr\/wp-json\/wp\/v2\/posts\/29686","targetHints":{"allow":["GET"]}}],"collection":[{"href":"https:\/\/dpress.ma\/fr\/wp-json\/wp\/v2\/posts"}],"about":[{"href":"https:\/\/dpress.ma\/fr\/wp-json\/wp\/v2\/types\/post"}],"author":[{"embeddable":true,"href":"https:\/\/dpress.ma\/fr\/wp-json\/wp\/v2\/users\/2"}],"replies":[{"embeddable":true,"href":"https:\/\/dpress.ma\/fr\/wp-json\/wp\/v2\/comments?post=29686"}],"version-history":[{"count":1,"href":"https:\/\/dpress.ma\/fr\/wp-json\/wp\/v2\/posts\/29686\/revisions"}],"predecessor-version":[{"id":29688,"href":"https:\/\/dpress.ma\/fr\/wp-json\/wp\/v2\/posts\/29686\/revisions\/29688"}],"wp:featuredmedia":[{"embeddable":true,"href":"https:\/\/dpress.ma\/fr\/wp-json\/wp\/v2\/media\/29687"}],"wp:attachment":[{"href":"https:\/\/dpress.ma\/fr\/wp-json\/wp\/v2\/media?parent=29686"}],"wp:term":[{"taxonomy":"category","embeddable":true,"href":"https:\/\/dpress.ma\/fr\/wp-json\/wp\/v2\/categories?post=29686"},{"taxonomy":"post_tag","embeddable":true,"href":"https:\/\/dpress.ma\/fr\/wp-json\/wp\/v2\/tags?post=29686"}],"curies":[{"name":"wp","href":"https:\/\/api.w.org\/{rel}","templated":true}]}}