{"id":29680,"date":"2026-04-30T14:17:35","date_gmt":"2026-04-30T14:17:35","guid":{"rendered":"https:\/\/dpress.ma\/fr\/?p=29680"},"modified":"2026-04-30T14:17:37","modified_gmt":"2026-04-30T14:17:37","slug":"m-bensaid-sentretient-a-rabat-avec-son-homologue-francaise-des-perspectives-de-la-cooperation-bilaterale-dans-le-domaine-culturel","status":"publish","type":"post","link":"https:\/\/dpress.ma\/fr\/2026\/04\/30\/m-bensaid-sentretient-a-rabat-avec-son-homologue-francaise-des-perspectives-de-la-cooperation-bilaterale-dans-le-domaine-culturel\/","title":{"rendered":"M. Bensaid s\u2019entretient \u00e0 Rabat avec son homologue fran\u00e7aise des perspectives de la coop\u00e9ration bilat\u00e9rale dans le domaine culturel"},"content":{"rendered":"\n<p>Dpress<\/p>\n\n\n\n<p>Le ministre de la Jeunesse, de la Culture et de la Communication, Mohamed Mehdi Bensaid s\u2019est entretenu, jeudi \u00e0 Rabat, avec son homologue fran\u00e7aise Catherine P\u00e9gard, des perspectives de renforcement de la coop\u00e9ration culturelle entre les deux pays.<\/p>\n\n\n\n<p>\u201cJe suis tr\u00e8s honor\u00e9 de recevoir Mme P\u00e9gard pour son premier d\u00e9placement \u00e0 l\u2019\u00e9tranger ici au Maroc. Nous esp\u00e9rons que la r\u00e9flexion soit focalis\u00e9e sur davantage de partenariats au profit de l\u2019industrie culturelle\u201d, a d\u00e9clar\u00e9 M. Bensaid \u00e0 la presse \u00e0 l\u2019issue de cette entrevue.<\/p>\n\n\n\n<p>M. Bensaid a appel\u00e9 \u00e0 cette occasion \u00e0 tirer profit de l\u2019expertise fran\u00e7aise dans plusieurs domaines, notamment le cin\u00e9ma, notant que \u201cd\u2019autres \u00e9changes viendront par la suite afin de pouvoir encourager les entrepreneurs culturels marocains \u00e0 davantage s\u2019exporter\u201d.<\/p>\n\n\n\n<p>Le partenariat culturel entre les deux pays concerne entre autres les domaines du gaming, de l\u2019\u00e9dition et du livre, du cin\u00e9ma et de l\u2019arch\u00e9ologie, a-t-il soulign\u00e9, relevant que la r\u00e9flexion doit se focaliser sur davantage de partenariats au profit de l\u2019industrie culturelle.<\/p>\n\n\n\n<p>De son c\u00f4t\u00e9, la ministre fran\u00e7aise de la Culture, s\u2019est dite \u201cextr\u00eamement heureuse d\u2019\u00eatre \u00e0 Rabat, \u00e0 l\u2019occasion du Salon international de l\u2019\u00e9dition et du livre (SIEL), dont la France est l\u2019invit\u00e9e d\u2019honneur\u201d.<\/p>\n\n\n\n<p>\u201cJe suis \u00e0 la fois heureuse et tr\u00e8s honor\u00e9e de pouvoir contribuer d\u00e9sormais \u00e0 la mise en \u0153uvre de ce partenariat renforc\u00e9 entre la France et le Maroc\u201d, a affirm\u00e9 Mme P\u00e9gard.<\/p>\n\n\n\n<p>\u201cL\u2019ann\u00e9e derni\u00e8re, le Maroc \u00e9tait l\u2019invit\u00e9 du Festival du Livre \u00e0 Paris. Dans quelques jours, le Maroc sera l\u2019invit\u00e9 du Festival de l\u2019Histoire de l\u2019Art \u00e0 Fontainebleau, qui f\u00eate sa 15\u00e8me \u00e9dition\u201d, a-t-elle dit, relevant que cette entrevue est \u00e0 m\u00eame d\u2019ouvrir de nouvelles perspectives pour la culture et pour le renforcement des liens bilat\u00e9raux.<\/p>\n\n\n\n<p>La France est l\u2019invit\u00e9 d\u2019honneur de la 31e \u00e9dition du Salon international de l\u2019\u00e9dition et du livre (du 1er au 10 mai) avec la programmation de 125 activit\u00e9s et des rencontres avec 15 \u00e9crivains.<\/p>\n","protected":false},"excerpt":{"rendered":"<p>Dpress Le ministre de la Jeunesse, de la Culture et de la Communication, Mohamed Mehdi Bensaid s\u2019est entretenu, jeudi \u00e0 Rabat, avec son homologue fran\u00e7aise Catherine P\u00e9gard, des perspectives de renforcement de la coop\u00e9ration culturelle entre les deux pays. \u201cJe suis tr\u00e8s honor\u00e9 de recevoir Mme P\u00e9gard pour son premier d\u00e9placement \u00e0 l\u2019\u00e9tranger ici au &hellip;<\/p>\n","protected":false},"author":2,"featured_media":29681,"comment_status":"open","ping_status":"open","sticky":false,"template":"","format":"standard","meta":{"footnotes":""},"categories":[31],"tags":[],"class_list":["post-29680","post","type-post","status-publish","format-standard","has-post-thumbnail","hentry","category-art-et-culture"],"yoast_head":"<!-- This site is optimized with the Yoast SEO plugin v27.5 - https:\/\/yoast.com\/product\/yoast-seo-wordpress\/ -->\n<title>M. Bensaid s\u2019entretient \u00e0 Rabat avec son homologue fran\u00e7aise des perspectives de la coop\u00e9ration bilat\u00e9rale dans le domaine culturel - Dpress.ma\/fr<\/title>\n<meta name=\"robots\" content=\"index, follow, max-snippet:-1, max-image-preview:large, max-video-preview:-1\" \/>\n<link rel=\"canonical\" href=\"https:\/\/dpress.ma\/fr\/2026\/04\/30\/m-bensaid-sentretient-a-rabat-avec-son-homologue-francaise-des-perspectives-de-la-cooperation-bilaterale-dans-le-domaine-culturel\/\" \/>\n<meta property=\"og:locale\" content=\"fr_FR\" \/>\n<meta property=\"og:type\" content=\"article\" \/>\n<meta property=\"og:title\" content=\"M. Bensaid s\u2019entretient \u00e0 Rabat avec son homologue fran\u00e7aise des perspectives de la coop\u00e9ration bilat\u00e9rale dans le domaine culturel - Dpress.ma\/fr\" \/>\n<meta property=\"og:description\" content=\"Dpress Le ministre de la Jeunesse, de la Culture et de la Communication, Mohamed Mehdi Bensaid s\u2019est entretenu, jeudi \u00e0 Rabat, avec son homologue fran\u00e7aise Catherine P\u00e9gard, des perspectives de renforcement de la coop\u00e9ration culturelle entre les deux pays. \u201cJe suis tr\u00e8s honor\u00e9 de recevoir Mme P\u00e9gard pour son premier d\u00e9placement \u00e0 l\u2019\u00e9tranger ici au &hellip;\" \/>\n<meta property=\"og:url\" content=\"https:\/\/dpress.ma\/fr\/2026\/04\/30\/m-bensaid-sentretient-a-rabat-avec-son-homologue-francaise-des-perspectives-de-la-cooperation-bilaterale-dans-le-domaine-culturel\/\" \/>\n<meta property=\"og:site_name\" content=\"Dpress.ma\/fr\" \/>\n<meta property=\"article:published_time\" content=\"2026-04-30T14:17:35+00:00\" \/>\n<meta property=\"article:modified_time\" content=\"2026-04-30T14:17:37+00:00\" \/>\n<meta property=\"og:image\" content=\"https:\/\/dpress.ma\/fr\/wp-content\/uploads\/sites\/2\/2026\/04\/89.jpg\" \/>\n\t<meta property=\"og:image:width\" content=\"2539\" \/>\n\t<meta property=\"og:image:height\" content=\"1594\" \/>\n\t<meta property=\"og:image:type\" content=\"image\/jpeg\" \/>\n<meta name=\"author\" content=\"Dpress.ma\" \/>\n<meta name=\"twitter:card\" content=\"summary_large_image\" \/>\n<meta name=\"twitter:label1\" content=\"\u00c9crit par\" \/>\n\t<meta name=\"twitter:data1\" content=\"Dpress.ma\" \/>\n\t<meta name=\"twitter:label2\" content=\"Dur\u00e9e de lecture estim\u00e9e\" \/>\n\t<meta name=\"twitter:data2\" content=\"2 minutes\" \/>\n<script type=\"application\/ld+json\" class=\"yoast-schema-graph\">{\"@context\":\"https:\\\/\\\/schema.org\",\"@graph\":[{\"@type\":\"Article\",\"@id\":\"https:\\\/\\\/dpress.ma\\\/fr\\\/2026\\\/04\\\/30\\\/m-bensaid-sentretient-a-rabat-avec-son-homologue-francaise-des-perspectives-de-la-cooperation-bilaterale-dans-le-domaine-culturel\\\/#article\",\"isPartOf\":{\"@id\":\"https:\\\/\\\/dpress.ma\\\/fr\\\/2026\\\/04\\\/30\\\/m-bensaid-sentretient-a-rabat-avec-son-homologue-francaise-des-perspectives-de-la-cooperation-bilaterale-dans-le-domaine-culturel\\\/\"},\"author\":{\"name\":\"Dpress.ma\",\"@id\":\"https:\\\/\\\/dpress.ma\\\/fr\\\/#\\\/schema\\\/person\\\/4898febf3ccd59e6578d838656a306a0\"},\"headline\":\"M. Bensaid s\u2019entretient \u00e0 Rabat avec son homologue fran\u00e7aise des perspectives de la coop\u00e9ration bilat\u00e9rale dans le domaine culturel\",\"datePublished\":\"2026-04-30T14:17:35+00:00\",\"dateModified\":\"2026-04-30T14:17:37+00:00\",\"mainEntityOfPage\":{\"@id\":\"https:\\\/\\\/dpress.ma\\\/fr\\\/2026\\\/04\\\/30\\\/m-bensaid-sentretient-a-rabat-avec-son-homologue-francaise-des-perspectives-de-la-cooperation-bilaterale-dans-le-domaine-culturel\\\/\"},\"wordCount\":377,\"commentCount\":0,\"image\":{\"@id\":\"https:\\\/\\\/dpress.ma\\\/fr\\\/2026\\\/04\\\/30\\\/m-bensaid-sentretient-a-rabat-avec-son-homologue-francaise-des-perspectives-de-la-cooperation-bilaterale-dans-le-domaine-culturel\\\/#primaryimage\"},\"thumbnailUrl\":\"https:\\\/\\\/dpress.ma\\\/fr\\\/wp-content\\\/uploads\\\/sites\\\/2\\\/2026\\\/04\\\/89.jpg\",\"articleSection\":[\"Art et Culture\"],\"inLanguage\":\"fr-FR\",\"potentialAction\":[{\"@type\":\"CommentAction\",\"name\":\"Comment\",\"target\":[\"https:\\\/\\\/dpress.ma\\\/fr\\\/2026\\\/04\\\/30\\\/m-bensaid-sentretient-a-rabat-avec-son-homologue-francaise-des-perspectives-de-la-cooperation-bilaterale-dans-le-domaine-culturel\\\/#respond\"]}]},{\"@type\":\"WebPage\",\"@id\":\"https:\\\/\\\/dpress.ma\\\/fr\\\/2026\\\/04\\\/30\\\/m-bensaid-sentretient-a-rabat-avec-son-homologue-francaise-des-perspectives-de-la-cooperation-bilaterale-dans-le-domaine-culturel\\\/\",\"url\":\"https:\\\/\\\/dpress.ma\\\/fr\\\/2026\\\/04\\\/30\\\/m-bensaid-sentretient-a-rabat-avec-son-homologue-francaise-des-perspectives-de-la-cooperation-bilaterale-dans-le-domaine-culturel\\\/\",\"name\":\"M. Bensaid s\u2019entretient \u00e0 Rabat avec son homologue fran\u00e7aise des perspectives de la coop\u00e9ration bilat\u00e9rale dans le domaine culturel - Dpress.ma\\\/fr\",\"isPartOf\":{\"@id\":\"https:\\\/\\\/dpress.ma\\\/fr\\\/#website\"},\"primaryImageOfPage\":{\"@id\":\"https:\\\/\\\/dpress.ma\\\/fr\\\/2026\\\/04\\\/30\\\/m-bensaid-sentretient-a-rabat-avec-son-homologue-francaise-des-perspectives-de-la-cooperation-bilaterale-dans-le-domaine-culturel\\\/#primaryimage\"},\"image\":{\"@id\":\"https:\\\/\\\/dpress.ma\\\/fr\\\/2026\\\/04\\\/30\\\/m-bensaid-sentretient-a-rabat-avec-son-homologue-francaise-des-perspectives-de-la-cooperation-bilaterale-dans-le-domaine-culturel\\\/#primaryimage\"},\"thumbnailUrl\":\"https:\\\/\\\/dpress.ma\\\/fr\\\/wp-content\\\/uploads\\\/sites\\\/2\\\/2026\\\/04\\\/89.jpg\",\"datePublished\":\"2026-04-30T14:17:35+00:00\",\"dateModified\":\"2026-04-30T14:17:37+00:00\",\"author\":{\"@id\":\"https:\\\/\\\/dpress.ma\\\/fr\\\/#\\\/schema\\\/person\\\/4898febf3ccd59e6578d838656a306a0\"},\"breadcrumb\":{\"@id\":\"https:\\\/\\\/dpress.ma\\\/fr\\\/2026\\\/04\\\/30\\\/m-bensaid-sentretient-a-rabat-avec-son-homologue-francaise-des-perspectives-de-la-cooperation-bilaterale-dans-le-domaine-culturel\\\/#breadcrumb\"},\"inLanguage\":\"fr-FR\",\"potentialAction\":[{\"@type\":\"ReadAction\",\"target\":[\"https:\\\/\\\/dpress.ma\\\/fr\\\/2026\\\/04\\\/30\\\/m-bensaid-sentretient-a-rabat-avec-son-homologue-francaise-des-perspectives-de-la-cooperation-bilaterale-dans-le-domaine-culturel\\\/\"]}]},{\"@type\":\"ImageObject\",\"inLanguage\":\"fr-FR\",\"@id\":\"https:\\\/\\\/dpress.ma\\\/fr\\\/2026\\\/04\\\/30\\\/m-bensaid-sentretient-a-rabat-avec-son-homologue-francaise-des-perspectives-de-la-cooperation-bilaterale-dans-le-domaine-culturel\\\/#primaryimage\",\"url\":\"https:\\\/\\\/dpress.ma\\\/fr\\\/wp-content\\\/uploads\\\/sites\\\/2\\\/2026\\\/04\\\/89.jpg\",\"contentUrl\":\"https:\\\/\\\/dpress.ma\\\/fr\\\/wp-content\\\/uploads\\\/sites\\\/2\\\/2026\\\/04\\\/89.jpg\",\"width\":2539,\"height\":1594},{\"@type\":\"BreadcrumbList\",\"@id\":\"https:\\\/\\\/dpress.ma\\\/fr\\\/2026\\\/04\\\/30\\\/m-bensaid-sentretient-a-rabat-avec-son-homologue-francaise-des-perspectives-de-la-cooperation-bilaterale-dans-le-domaine-culturel\\\/#breadcrumb\",\"itemListElement\":[{\"@type\":\"ListItem\",\"position\":1,\"name\":\"Home\",\"item\":\"https:\\\/\\\/dpress.ma\\\/fr\\\/\"},{\"@type\":\"ListItem\",\"position\":2,\"name\":\"M. Bensaid s\u2019entretient \u00e0 Rabat avec son homologue fran\u00e7aise des perspectives de la coop\u00e9ration bilat\u00e9rale dans le domaine culturel\"}]},{\"@type\":\"WebSite\",\"@id\":\"https:\\\/\\\/dpress.ma\\\/fr\\\/#website\",\"url\":\"https:\\\/\\\/dpress.ma\\\/fr\\\/\",\"name\":\"Dpress.ma\\\/fr\",\"description\":\"\",\"potentialAction\":[{\"@type\":\"SearchAction\",\"target\":{\"@type\":\"EntryPoint\",\"urlTemplate\":\"https:\\\/\\\/dpress.ma\\\/fr\\\/?s={search_term_string}\"},\"query-input\":{\"@type\":\"PropertyValueSpecification\",\"valueRequired\":true,\"valueName\":\"search_term_string\"}}],\"inLanguage\":\"fr-FR\"},{\"@type\":\"Person\",\"@id\":\"https:\\\/\\\/dpress.ma\\\/fr\\\/#\\\/schema\\\/person\\\/4898febf3ccd59e6578d838656a306a0\",\"name\":\"Dpress.ma\",\"image\":{\"@type\":\"ImageObject\",\"inLanguage\":\"fr-FR\",\"@id\":\"https:\\\/\\\/secure.gravatar.com\\\/avatar\\\/72ecc30e9db047a2e0e7176561eb9d564ed77c8108376495b19bd8336405198a?s=96&d=mm&r=g\",\"url\":\"https:\\\/\\\/secure.gravatar.com\\\/avatar\\\/72ecc30e9db047a2e0e7176561eb9d564ed77c8108376495b19bd8336405198a?s=96&d=mm&r=g\",\"contentUrl\":\"https:\\\/\\\/secure.gravatar.com\\\/avatar\\\/72ecc30e9db047a2e0e7176561eb9d564ed77c8108376495b19bd8336405198a?s=96&d=mm&r=g\",\"caption\":\"Dpress.ma\"},\"sameAs\":[\"https:\\\/\\\/www.dpress.ma\"],\"url\":\"https:\\\/\\\/dpress.ma\\\/fr\\\/author\\\/dpress-ma\\\/\"}]}<\/script>\n<!-- \/ Yoast SEO plugin. -->","yoast_head_json":{"title":"M. Bensaid s\u2019entretient \u00e0 Rabat avec son homologue fran\u00e7aise des perspectives de la coop\u00e9ration bilat\u00e9rale dans le domaine culturel - Dpress.ma\/fr","robots":{"index":"index","follow":"follow","max-snippet":"max-snippet:-1","max-image-preview":"max-image-preview:large","max-video-preview":"max-video-preview:-1"},"canonical":"https:\/\/dpress.ma\/fr\/2026\/04\/30\/m-bensaid-sentretient-a-rabat-avec-son-homologue-francaise-des-perspectives-de-la-cooperation-bilaterale-dans-le-domaine-culturel\/","og_locale":"fr_FR","og_type":"article","og_title":"M. Bensaid s\u2019entretient \u00e0 Rabat avec son homologue fran\u00e7aise des perspectives de la coop\u00e9ration bilat\u00e9rale dans le domaine culturel - Dpress.ma\/fr","og_description":"Dpress Le ministre de la Jeunesse, de la Culture et de la Communication, Mohamed Mehdi Bensaid s\u2019est entretenu, jeudi \u00e0 Rabat, avec son homologue fran\u00e7aise Catherine P\u00e9gard, des perspectives de renforcement de la coop\u00e9ration culturelle entre les deux pays. \u201cJe suis tr\u00e8s honor\u00e9 de recevoir Mme P\u00e9gard pour son premier d\u00e9placement \u00e0 l\u2019\u00e9tranger ici au &hellip;","og_url":"https:\/\/dpress.ma\/fr\/2026\/04\/30\/m-bensaid-sentretient-a-rabat-avec-son-homologue-francaise-des-perspectives-de-la-cooperation-bilaterale-dans-le-domaine-culturel\/","og_site_name":"Dpress.ma\/fr","article_published_time":"2026-04-30T14:17:35+00:00","article_modified_time":"2026-04-30T14:17:37+00:00","og_image":[{"width":2539,"height":1594,"url":"https:\/\/dpress.ma\/fr\/wp-content\/uploads\/sites\/2\/2026\/04\/89.jpg","type":"image\/jpeg"}],"author":"Dpress.ma","twitter_card":"summary_large_image","twitter_misc":{"\u00c9crit par":"Dpress.ma","Dur\u00e9e de lecture estim\u00e9e":"2 minutes"},"schema":{"@context":"https:\/\/schema.org","@graph":[{"@type":"Article","@id":"https:\/\/dpress.ma\/fr\/2026\/04\/30\/m-bensaid-sentretient-a-rabat-avec-son-homologue-francaise-des-perspectives-de-la-cooperation-bilaterale-dans-le-domaine-culturel\/#article","isPartOf":{"@id":"https:\/\/dpress.ma\/fr\/2026\/04\/30\/m-bensaid-sentretient-a-rabat-avec-son-homologue-francaise-des-perspectives-de-la-cooperation-bilaterale-dans-le-domaine-culturel\/"},"author":{"name":"Dpress.ma","@id":"https:\/\/dpress.ma\/fr\/#\/schema\/person\/4898febf3ccd59e6578d838656a306a0"},"headline":"M. Bensaid s\u2019entretient \u00e0 Rabat avec son homologue fran\u00e7aise des perspectives de la coop\u00e9ration bilat\u00e9rale dans le domaine culturel","datePublished":"2026-04-30T14:17:35+00:00","dateModified":"2026-04-30T14:17:37+00:00","mainEntityOfPage":{"@id":"https:\/\/dpress.ma\/fr\/2026\/04\/30\/m-bensaid-sentretient-a-rabat-avec-son-homologue-francaise-des-perspectives-de-la-cooperation-bilaterale-dans-le-domaine-culturel\/"},"wordCount":377,"commentCount":0,"image":{"@id":"https:\/\/dpress.ma\/fr\/2026\/04\/30\/m-bensaid-sentretient-a-rabat-avec-son-homologue-francaise-des-perspectives-de-la-cooperation-bilaterale-dans-le-domaine-culturel\/#primaryimage"},"thumbnailUrl":"https:\/\/dpress.ma\/fr\/wp-content\/uploads\/sites\/2\/2026\/04\/89.jpg","articleSection":["Art et Culture"],"inLanguage":"fr-FR","potentialAction":[{"@type":"CommentAction","name":"Comment","target":["https:\/\/dpress.ma\/fr\/2026\/04\/30\/m-bensaid-sentretient-a-rabat-avec-son-homologue-francaise-des-perspectives-de-la-cooperation-bilaterale-dans-le-domaine-culturel\/#respond"]}]},{"@type":"WebPage","@id":"https:\/\/dpress.ma\/fr\/2026\/04\/30\/m-bensaid-sentretient-a-rabat-avec-son-homologue-francaise-des-perspectives-de-la-cooperation-bilaterale-dans-le-domaine-culturel\/","url":"https:\/\/dpress.ma\/fr\/2026\/04\/30\/m-bensaid-sentretient-a-rabat-avec-son-homologue-francaise-des-perspectives-de-la-cooperation-bilaterale-dans-le-domaine-culturel\/","name":"M. Bensaid s\u2019entretient \u00e0 Rabat avec son homologue fran\u00e7aise des perspectives de la coop\u00e9ration bilat\u00e9rale dans le domaine culturel - Dpress.ma\/fr","isPartOf":{"@id":"https:\/\/dpress.ma\/fr\/#website"},"primaryImageOfPage":{"@id":"https:\/\/dpress.ma\/fr\/2026\/04\/30\/m-bensaid-sentretient-a-rabat-avec-son-homologue-francaise-des-perspectives-de-la-cooperation-bilaterale-dans-le-domaine-culturel\/#primaryimage"},"image":{"@id":"https:\/\/dpress.ma\/fr\/2026\/04\/30\/m-bensaid-sentretient-a-rabat-avec-son-homologue-francaise-des-perspectives-de-la-cooperation-bilaterale-dans-le-domaine-culturel\/#primaryimage"},"thumbnailUrl":"https:\/\/dpress.ma\/fr\/wp-content\/uploads\/sites\/2\/2026\/04\/89.jpg","datePublished":"2026-04-30T14:17:35+00:00","dateModified":"2026-04-30T14:17:37+00:00","author":{"@id":"https:\/\/dpress.ma\/fr\/#\/schema\/person\/4898febf3ccd59e6578d838656a306a0"},"breadcrumb":{"@id":"https:\/\/dpress.ma\/fr\/2026\/04\/30\/m-bensaid-sentretient-a-rabat-avec-son-homologue-francaise-des-perspectives-de-la-cooperation-bilaterale-dans-le-domaine-culturel\/#breadcrumb"},"inLanguage":"fr-FR","potentialAction":[{"@type":"ReadAction","target":["https:\/\/dpress.ma\/fr\/2026\/04\/30\/m-bensaid-sentretient-a-rabat-avec-son-homologue-francaise-des-perspectives-de-la-cooperation-bilaterale-dans-le-domaine-culturel\/"]}]},{"@type":"ImageObject","inLanguage":"fr-FR","@id":"https:\/\/dpress.ma\/fr\/2026\/04\/30\/m-bensaid-sentretient-a-rabat-avec-son-homologue-francaise-des-perspectives-de-la-cooperation-bilaterale-dans-le-domaine-culturel\/#primaryimage","url":"https:\/\/dpress.ma\/fr\/wp-content\/uploads\/sites\/2\/2026\/04\/89.jpg","contentUrl":"https:\/\/dpress.ma\/fr\/wp-content\/uploads\/sites\/2\/2026\/04\/89.jpg","width":2539,"height":1594},{"@type":"BreadcrumbList","@id":"https:\/\/dpress.ma\/fr\/2026\/04\/30\/m-bensaid-sentretient-a-rabat-avec-son-homologue-francaise-des-perspectives-de-la-cooperation-bilaterale-dans-le-domaine-culturel\/#breadcrumb","itemListElement":[{"@type":"ListItem","position":1,"name":"Home","item":"https:\/\/dpress.ma\/fr\/"},{"@type":"ListItem","position":2,"name":"M. Bensaid s\u2019entretient \u00e0 Rabat avec son homologue fran\u00e7aise des perspectives de la coop\u00e9ration bilat\u00e9rale dans le domaine culturel"}]},{"@type":"WebSite","@id":"https:\/\/dpress.ma\/fr\/#website","url":"https:\/\/dpress.ma\/fr\/","name":"Dpress.ma\/fr","description":"","potentialAction":[{"@type":"SearchAction","target":{"@type":"EntryPoint","urlTemplate":"https:\/\/dpress.ma\/fr\/?s={search_term_string}"},"query-input":{"@type":"PropertyValueSpecification","valueRequired":true,"valueName":"search_term_string"}}],"inLanguage":"fr-FR"},{"@type":"Person","@id":"https:\/\/dpress.ma\/fr\/#\/schema\/person\/4898febf3ccd59e6578d838656a306a0","name":"Dpress.ma","image":{"@type":"ImageObject","inLanguage":"fr-FR","@id":"https:\/\/secure.gravatar.com\/avatar\/72ecc30e9db047a2e0e7176561eb9d564ed77c8108376495b19bd8336405198a?s=96&d=mm&r=g","url":"https:\/\/secure.gravatar.com\/avatar\/72ecc30e9db047a2e0e7176561eb9d564ed77c8108376495b19bd8336405198a?s=96&d=mm&r=g","contentUrl":"https:\/\/secure.gravatar.com\/avatar\/72ecc30e9db047a2e0e7176561eb9d564ed77c8108376495b19bd8336405198a?s=96&d=mm&r=g","caption":"Dpress.ma"},"sameAs":["https:\/\/www.dpress.ma"],"url":"https:\/\/dpress.ma\/fr\/author\/dpress-ma\/"}]}},"amp_enabled":true,"_links":{"self":[{"href":"https:\/\/dpress.ma\/fr\/wp-json\/wp\/v2\/posts\/29680","targetHints":{"allow":["GET"]}}],"collection":[{"href":"https:\/\/dpress.ma\/fr\/wp-json\/wp\/v2\/posts"}],"about":[{"href":"https:\/\/dpress.ma\/fr\/wp-json\/wp\/v2\/types\/post"}],"author":[{"embeddable":true,"href":"https:\/\/dpress.ma\/fr\/wp-json\/wp\/v2\/users\/2"}],"replies":[{"embeddable":true,"href":"https:\/\/dpress.ma\/fr\/wp-json\/wp\/v2\/comments?post=29680"}],"version-history":[{"count":1,"href":"https:\/\/dpress.ma\/fr\/wp-json\/wp\/v2\/posts\/29680\/revisions"}],"predecessor-version":[{"id":29682,"href":"https:\/\/dpress.ma\/fr\/wp-json\/wp\/v2\/posts\/29680\/revisions\/29682"}],"wp:featuredmedia":[{"embeddable":true,"href":"https:\/\/dpress.ma\/fr\/wp-json\/wp\/v2\/media\/29681"}],"wp:attachment":[{"href":"https:\/\/dpress.ma\/fr\/wp-json\/wp\/v2\/media?parent=29680"}],"wp:term":[{"taxonomy":"category","embeddable":true,"href":"https:\/\/dpress.ma\/fr\/wp-json\/wp\/v2\/categories?post=29680"},{"taxonomy":"post_tag","embeddable":true,"href":"https:\/\/dpress.ma\/fr\/wp-json\/wp\/v2\/tags?post=29680"}],"curies":[{"name":"wp","href":"https:\/\/api.w.org\/{rel}","templated":true}]}}