{"id":29668,"date":"2026-04-30T14:09:26","date_gmt":"2026-04-30T14:09:26","guid":{"rendered":"https:\/\/dpress.ma\/fr\/?p=29668"},"modified":"2026-04-30T14:09:27","modified_gmt":"2026-04-30T14:09:27","slug":"settat-eclairage-sur-limage-du-royaume-dans-les-ecrits-de-lautre","status":"publish","type":"post","link":"https:\/\/dpress.ma\/fr\/2026\/04\/30\/settat-eclairage-sur-limage-du-royaume-dans-les-ecrits-de-lautre\/","title":{"rendered":"Settat : Eclairage sur l\u2019image du Royaume dans les \u00e9crits de l\u2019autre"},"content":{"rendered":"\n<p>Dpress<\/p>\n\n\n\n<p>Des acad\u00e9miciens et des chercheurs, r\u00e9unis mercredi \u00e0 Settat, ont mis en lumi\u00e8re les m\u00e9canismes et les contextes au travers desquels l\u2019image du Maroc prend forme dans les \u00e9crits des auteurs \u00e9trangers.<\/p>\n\n\n\n<p>Lors de cette rencontre-d\u00e9bat organis\u00e9e par la Facult\u00e9 des Langues, Arts et Sciences Humaines de Settat sur le th\u00e8me \u201cL\u2019image du Maroc dans les \u00e9crits de l\u2019autre&nbsp;: Repr\u00e9sentations et Discours\u201d, les intervenants ont mis le doigt sur les consid\u00e9rations historiques et id\u00e9ologiques qui interviennent dans la conception de cette image.<\/p>\n\n\n\n<p>Ils ont ainsi soulign\u00e9 l\u2019importance des approches critiques compar\u00e9es dans la compr\u00e9hension des repr\u00e9sentations et leur transmission entre les diff\u00e9rentes cultures du monde.<\/p>\n\n\n\n<p>Dans une d\u00e9claration \u00e0 la MAP, le Doyen de la Facult\u00e9 des Langues, Arts et Sciences Humaines de Settat, Khalid Rizk a indiqu\u00e9 que ce d\u00e9bat s\u2019inscrit dans le cadre des activit\u00e9s programm\u00e9es p\u00e9riodiquement par son \u00e9tablissement, notant que la position g\u00e9ographique du Maroc en fait un carrefour de brassage des cultures et des civilisations \u00e0 travers les si\u00e8cles, ce qui explique la richesse et la diversit\u00e9 de l\u2019image per\u00e7ue par l\u2019autre.<\/p>\n\n\n\n<p>Tout en relevant que les repr\u00e9sentations de l\u2019autre est un vaste sujet pour les chercheurs, il a affirm\u00e9 que cette rencontre cherche \u00e0 susciter un d\u00e9bat acad\u00e9mique s\u00e9rieux et \u00e0 promouvoir les \u00e9changes des id\u00e9es tout en permettant de mettre toute la lumi\u00e8re sur l\u2019extraordinaire richesse de la culture marocaine.<\/p>\n\n\n\n<p>Pour sa part, le directeur du Laboratoire des Langues, Arts et Sciences Humaines \u00e0 l\u2019Universit\u00e9 Hassan 1er de Settat, Ahmed Jilali a not\u00e9 que ce d\u00e9bat intervient dans un contexte marqu\u00e9 par de grands chamboulements dans le monde et une propagation exponentiellement rapide des images et des repr\u00e9sentations via les r\u00e9seaux sociaux.<\/p>\n\n\n\n<p>Et d\u2019ajouter que cette ouverture, certes favorable \u00e0 une r\u00e9elle interaction culturelle, il n\u2019en reste pas moins qu\u2019elle repr\u00e9sente la menace d\u2019\u00e9ventuelles d\u00e9rives, surtout en l\u2019absence d\u2019une m\u00e9thodologie scientifique rigoureuse.<\/p>\n\n\n\n<p>D\u2019o\u00f9, pour lui, l\u2019importance de cette rencontre de r\u00e9flexion qui vise \u00e0 d\u00e9cortiquer les discours et ainsi mieux comprendre la mani\u00e8re selon laquelle l\u2019image du Maroc est per\u00e7ue et construite dans les \u00e9crits et les repr\u00e9sentations de l\u2019autre.<\/p>\n\n\n\n<p>Cette rencontre a abord\u00e9 plusieurs th\u00e9matiques, entre autres, \u201cIdentit\u00e9s et repr\u00e9sentations dans les \u00e9crits de l\u2019autre\u201d, \u201cL\u2019image du Maroc dans les discours linguistiques et symboliques\u201d ou encore \u201cL\u2019image du Maroc dans l\u2019imaginaire des europ\u00e9ens\u201d.&nbsp;Une occasion d\u2019enrichir le d\u00e9bat et d\u2019\u00e9changer les opinions en vue de promouvoir la recherche scientifique concernant l\u2019image du Maroc dans les litt\u00e9ratures du monde.<\/p>\n","protected":false},"excerpt":{"rendered":"<p>Dpress Des acad\u00e9miciens et des chercheurs, r\u00e9unis mercredi \u00e0 Settat, ont mis en lumi\u00e8re les m\u00e9canismes et les contextes au travers desquels l\u2019image du Maroc prend forme dans les \u00e9crits des auteurs \u00e9trangers. Lors de cette rencontre-d\u00e9bat organis\u00e9e par la Facult\u00e9 des Langues, Arts et Sciences Humaines de Settat sur le th\u00e8me \u201cL\u2019image du Maroc &hellip;<\/p>\n","protected":false},"author":2,"featured_media":29669,"comment_status":"open","ping_status":"open","sticky":false,"template":"","format":"standard","meta":{"footnotes":""},"categories":[40],"tags":[],"class_list":["post-29668","post","type-post","status-publish","format-standard","has-post-thumbnail","hentry","category-societe-et-regions"],"yoast_head":"<!-- This site is optimized with the Yoast SEO plugin v27.5 - https:\/\/yoast.com\/product\/yoast-seo-wordpress\/ -->\n<title>Settat : Eclairage sur l\u2019image du Royaume dans les \u00e9crits de l\u2019autre - Dpress.ma\/fr<\/title>\n<meta name=\"robots\" content=\"index, follow, max-snippet:-1, max-image-preview:large, max-video-preview:-1\" \/>\n<link rel=\"canonical\" href=\"https:\/\/dpress.ma\/fr\/2026\/04\/30\/settat-eclairage-sur-limage-du-royaume-dans-les-ecrits-de-lautre\/\" \/>\n<meta property=\"og:locale\" content=\"fr_FR\" \/>\n<meta property=\"og:type\" content=\"article\" \/>\n<meta property=\"og:title\" content=\"Settat : Eclairage sur l\u2019image du Royaume dans les \u00e9crits de l\u2019autre - Dpress.ma\/fr\" \/>\n<meta property=\"og:description\" content=\"Dpress Des acad\u00e9miciens et des chercheurs, r\u00e9unis mercredi \u00e0 Settat, ont mis en lumi\u00e8re les m\u00e9canismes et les contextes au travers desquels l\u2019image du Maroc prend forme dans les \u00e9crits des auteurs \u00e9trangers. Lors de cette rencontre-d\u00e9bat organis\u00e9e par la Facult\u00e9 des Langues, Arts et Sciences Humaines de Settat sur le th\u00e8me \u201cL\u2019image du Maroc &hellip;\" \/>\n<meta property=\"og:url\" content=\"https:\/\/dpress.ma\/fr\/2026\/04\/30\/settat-eclairage-sur-limage-du-royaume-dans-les-ecrits-de-lautre\/\" \/>\n<meta property=\"og:site_name\" content=\"Dpress.ma\/fr\" \/>\n<meta property=\"article:published_time\" content=\"2026-04-30T14:09:26+00:00\" \/>\n<meta property=\"article:modified_time\" content=\"2026-04-30T14:09:27+00:00\" \/>\n<meta property=\"og:image\" content=\"https:\/\/dpress.ma\/fr\/wp-content\/uploads\/sites\/2\/2026\/04\/85.jpg\" \/>\n\t<meta property=\"og:image:width\" content=\"2539\" \/>\n\t<meta property=\"og:image:height\" content=\"1594\" \/>\n\t<meta property=\"og:image:type\" content=\"image\/jpeg\" \/>\n<meta name=\"author\" content=\"Dpress.ma\" \/>\n<meta name=\"twitter:card\" content=\"summary_large_image\" \/>\n<meta name=\"twitter:label1\" content=\"\u00c9crit par\" \/>\n\t<meta name=\"twitter:data1\" content=\"Dpress.ma\" \/>\n\t<meta name=\"twitter:label2\" content=\"Dur\u00e9e de lecture estim\u00e9e\" \/>\n\t<meta name=\"twitter:data2\" content=\"3 minutes\" \/>\n<script type=\"application\/ld+json\" class=\"yoast-schema-graph\">{\"@context\":\"https:\\\/\\\/schema.org\",\"@graph\":[{\"@type\":\"Article\",\"@id\":\"https:\\\/\\\/dpress.ma\\\/fr\\\/2026\\\/04\\\/30\\\/settat-eclairage-sur-limage-du-royaume-dans-les-ecrits-de-lautre\\\/#article\",\"isPartOf\":{\"@id\":\"https:\\\/\\\/dpress.ma\\\/fr\\\/2026\\\/04\\\/30\\\/settat-eclairage-sur-limage-du-royaume-dans-les-ecrits-de-lautre\\\/\"},\"author\":{\"name\":\"Dpress.ma\",\"@id\":\"https:\\\/\\\/dpress.ma\\\/fr\\\/#\\\/schema\\\/person\\\/4898febf3ccd59e6578d838656a306a0\"},\"headline\":\"Settat : Eclairage sur l\u2019image du Royaume dans les \u00e9crits de l\u2019autre\",\"datePublished\":\"2026-04-30T14:09:26+00:00\",\"dateModified\":\"2026-04-30T14:09:27+00:00\",\"mainEntityOfPage\":{\"@id\":\"https:\\\/\\\/dpress.ma\\\/fr\\\/2026\\\/04\\\/30\\\/settat-eclairage-sur-limage-du-royaume-dans-les-ecrits-de-lautre\\\/\"},\"wordCount\":487,\"commentCount\":0,\"image\":{\"@id\":\"https:\\\/\\\/dpress.ma\\\/fr\\\/2026\\\/04\\\/30\\\/settat-eclairage-sur-limage-du-royaume-dans-les-ecrits-de-lautre\\\/#primaryimage\"},\"thumbnailUrl\":\"https:\\\/\\\/dpress.ma\\\/fr\\\/wp-content\\\/uploads\\\/sites\\\/2\\\/2026\\\/04\\\/85.jpg\",\"articleSection\":[\"societe et regions\"],\"inLanguage\":\"fr-FR\",\"potentialAction\":[{\"@type\":\"CommentAction\",\"name\":\"Comment\",\"target\":[\"https:\\\/\\\/dpress.ma\\\/fr\\\/2026\\\/04\\\/30\\\/settat-eclairage-sur-limage-du-royaume-dans-les-ecrits-de-lautre\\\/#respond\"]}]},{\"@type\":\"WebPage\",\"@id\":\"https:\\\/\\\/dpress.ma\\\/fr\\\/2026\\\/04\\\/30\\\/settat-eclairage-sur-limage-du-royaume-dans-les-ecrits-de-lautre\\\/\",\"url\":\"https:\\\/\\\/dpress.ma\\\/fr\\\/2026\\\/04\\\/30\\\/settat-eclairage-sur-limage-du-royaume-dans-les-ecrits-de-lautre\\\/\",\"name\":\"Settat : Eclairage sur l\u2019image du Royaume dans les \u00e9crits de l\u2019autre - Dpress.ma\\\/fr\",\"isPartOf\":{\"@id\":\"https:\\\/\\\/dpress.ma\\\/fr\\\/#website\"},\"primaryImageOfPage\":{\"@id\":\"https:\\\/\\\/dpress.ma\\\/fr\\\/2026\\\/04\\\/30\\\/settat-eclairage-sur-limage-du-royaume-dans-les-ecrits-de-lautre\\\/#primaryimage\"},\"image\":{\"@id\":\"https:\\\/\\\/dpress.ma\\\/fr\\\/2026\\\/04\\\/30\\\/settat-eclairage-sur-limage-du-royaume-dans-les-ecrits-de-lautre\\\/#primaryimage\"},\"thumbnailUrl\":\"https:\\\/\\\/dpress.ma\\\/fr\\\/wp-content\\\/uploads\\\/sites\\\/2\\\/2026\\\/04\\\/85.jpg\",\"datePublished\":\"2026-04-30T14:09:26+00:00\",\"dateModified\":\"2026-04-30T14:09:27+00:00\",\"author\":{\"@id\":\"https:\\\/\\\/dpress.ma\\\/fr\\\/#\\\/schema\\\/person\\\/4898febf3ccd59e6578d838656a306a0\"},\"breadcrumb\":{\"@id\":\"https:\\\/\\\/dpress.ma\\\/fr\\\/2026\\\/04\\\/30\\\/settat-eclairage-sur-limage-du-royaume-dans-les-ecrits-de-lautre\\\/#breadcrumb\"},\"inLanguage\":\"fr-FR\",\"potentialAction\":[{\"@type\":\"ReadAction\",\"target\":[\"https:\\\/\\\/dpress.ma\\\/fr\\\/2026\\\/04\\\/30\\\/settat-eclairage-sur-limage-du-royaume-dans-les-ecrits-de-lautre\\\/\"]}]},{\"@type\":\"ImageObject\",\"inLanguage\":\"fr-FR\",\"@id\":\"https:\\\/\\\/dpress.ma\\\/fr\\\/2026\\\/04\\\/30\\\/settat-eclairage-sur-limage-du-royaume-dans-les-ecrits-de-lautre\\\/#primaryimage\",\"url\":\"https:\\\/\\\/dpress.ma\\\/fr\\\/wp-content\\\/uploads\\\/sites\\\/2\\\/2026\\\/04\\\/85.jpg\",\"contentUrl\":\"https:\\\/\\\/dpress.ma\\\/fr\\\/wp-content\\\/uploads\\\/sites\\\/2\\\/2026\\\/04\\\/85.jpg\",\"width\":2539,\"height\":1594},{\"@type\":\"BreadcrumbList\",\"@id\":\"https:\\\/\\\/dpress.ma\\\/fr\\\/2026\\\/04\\\/30\\\/settat-eclairage-sur-limage-du-royaume-dans-les-ecrits-de-lautre\\\/#breadcrumb\",\"itemListElement\":[{\"@type\":\"ListItem\",\"position\":1,\"name\":\"Home\",\"item\":\"https:\\\/\\\/dpress.ma\\\/fr\\\/\"},{\"@type\":\"ListItem\",\"position\":2,\"name\":\"Settat : Eclairage sur l\u2019image du Royaume dans les \u00e9crits de l\u2019autre\"}]},{\"@type\":\"WebSite\",\"@id\":\"https:\\\/\\\/dpress.ma\\\/fr\\\/#website\",\"url\":\"https:\\\/\\\/dpress.ma\\\/fr\\\/\",\"name\":\"Dpress.ma\\\/fr\",\"description\":\"\",\"potentialAction\":[{\"@type\":\"SearchAction\",\"target\":{\"@type\":\"EntryPoint\",\"urlTemplate\":\"https:\\\/\\\/dpress.ma\\\/fr\\\/?s={search_term_string}\"},\"query-input\":{\"@type\":\"PropertyValueSpecification\",\"valueRequired\":true,\"valueName\":\"search_term_string\"}}],\"inLanguage\":\"fr-FR\"},{\"@type\":\"Person\",\"@id\":\"https:\\\/\\\/dpress.ma\\\/fr\\\/#\\\/schema\\\/person\\\/4898febf3ccd59e6578d838656a306a0\",\"name\":\"Dpress.ma\",\"image\":{\"@type\":\"ImageObject\",\"inLanguage\":\"fr-FR\",\"@id\":\"https:\\\/\\\/secure.gravatar.com\\\/avatar\\\/72ecc30e9db047a2e0e7176561eb9d564ed77c8108376495b19bd8336405198a?s=96&d=mm&r=g\",\"url\":\"https:\\\/\\\/secure.gravatar.com\\\/avatar\\\/72ecc30e9db047a2e0e7176561eb9d564ed77c8108376495b19bd8336405198a?s=96&d=mm&r=g\",\"contentUrl\":\"https:\\\/\\\/secure.gravatar.com\\\/avatar\\\/72ecc30e9db047a2e0e7176561eb9d564ed77c8108376495b19bd8336405198a?s=96&d=mm&r=g\",\"caption\":\"Dpress.ma\"},\"sameAs\":[\"https:\\\/\\\/www.dpress.ma\"],\"url\":\"https:\\\/\\\/dpress.ma\\\/fr\\\/author\\\/dpress-ma\\\/\"}]}<\/script>\n<!-- \/ Yoast SEO plugin. -->","yoast_head_json":{"title":"Settat : Eclairage sur l\u2019image du Royaume dans les \u00e9crits de l\u2019autre - Dpress.ma\/fr","robots":{"index":"index","follow":"follow","max-snippet":"max-snippet:-1","max-image-preview":"max-image-preview:large","max-video-preview":"max-video-preview:-1"},"canonical":"https:\/\/dpress.ma\/fr\/2026\/04\/30\/settat-eclairage-sur-limage-du-royaume-dans-les-ecrits-de-lautre\/","og_locale":"fr_FR","og_type":"article","og_title":"Settat : Eclairage sur l\u2019image du Royaume dans les \u00e9crits de l\u2019autre - Dpress.ma\/fr","og_description":"Dpress Des acad\u00e9miciens et des chercheurs, r\u00e9unis mercredi \u00e0 Settat, ont mis en lumi\u00e8re les m\u00e9canismes et les contextes au travers desquels l\u2019image du Maroc prend forme dans les \u00e9crits des auteurs \u00e9trangers. Lors de cette rencontre-d\u00e9bat organis\u00e9e par la Facult\u00e9 des Langues, Arts et Sciences Humaines de Settat sur le th\u00e8me \u201cL\u2019image du Maroc &hellip;","og_url":"https:\/\/dpress.ma\/fr\/2026\/04\/30\/settat-eclairage-sur-limage-du-royaume-dans-les-ecrits-de-lautre\/","og_site_name":"Dpress.ma\/fr","article_published_time":"2026-04-30T14:09:26+00:00","article_modified_time":"2026-04-30T14:09:27+00:00","og_image":[{"width":2539,"height":1594,"url":"https:\/\/dpress.ma\/fr\/wp-content\/uploads\/sites\/2\/2026\/04\/85.jpg","type":"image\/jpeg"}],"author":"Dpress.ma","twitter_card":"summary_large_image","twitter_misc":{"\u00c9crit par":"Dpress.ma","Dur\u00e9e de lecture estim\u00e9e":"3 minutes"},"schema":{"@context":"https:\/\/schema.org","@graph":[{"@type":"Article","@id":"https:\/\/dpress.ma\/fr\/2026\/04\/30\/settat-eclairage-sur-limage-du-royaume-dans-les-ecrits-de-lautre\/#article","isPartOf":{"@id":"https:\/\/dpress.ma\/fr\/2026\/04\/30\/settat-eclairage-sur-limage-du-royaume-dans-les-ecrits-de-lautre\/"},"author":{"name":"Dpress.ma","@id":"https:\/\/dpress.ma\/fr\/#\/schema\/person\/4898febf3ccd59e6578d838656a306a0"},"headline":"Settat : Eclairage sur l\u2019image du Royaume dans les \u00e9crits de l\u2019autre","datePublished":"2026-04-30T14:09:26+00:00","dateModified":"2026-04-30T14:09:27+00:00","mainEntityOfPage":{"@id":"https:\/\/dpress.ma\/fr\/2026\/04\/30\/settat-eclairage-sur-limage-du-royaume-dans-les-ecrits-de-lautre\/"},"wordCount":487,"commentCount":0,"image":{"@id":"https:\/\/dpress.ma\/fr\/2026\/04\/30\/settat-eclairage-sur-limage-du-royaume-dans-les-ecrits-de-lautre\/#primaryimage"},"thumbnailUrl":"https:\/\/dpress.ma\/fr\/wp-content\/uploads\/sites\/2\/2026\/04\/85.jpg","articleSection":["societe et regions"],"inLanguage":"fr-FR","potentialAction":[{"@type":"CommentAction","name":"Comment","target":["https:\/\/dpress.ma\/fr\/2026\/04\/30\/settat-eclairage-sur-limage-du-royaume-dans-les-ecrits-de-lautre\/#respond"]}]},{"@type":"WebPage","@id":"https:\/\/dpress.ma\/fr\/2026\/04\/30\/settat-eclairage-sur-limage-du-royaume-dans-les-ecrits-de-lautre\/","url":"https:\/\/dpress.ma\/fr\/2026\/04\/30\/settat-eclairage-sur-limage-du-royaume-dans-les-ecrits-de-lautre\/","name":"Settat : Eclairage sur l\u2019image du Royaume dans les \u00e9crits de l\u2019autre - Dpress.ma\/fr","isPartOf":{"@id":"https:\/\/dpress.ma\/fr\/#website"},"primaryImageOfPage":{"@id":"https:\/\/dpress.ma\/fr\/2026\/04\/30\/settat-eclairage-sur-limage-du-royaume-dans-les-ecrits-de-lautre\/#primaryimage"},"image":{"@id":"https:\/\/dpress.ma\/fr\/2026\/04\/30\/settat-eclairage-sur-limage-du-royaume-dans-les-ecrits-de-lautre\/#primaryimage"},"thumbnailUrl":"https:\/\/dpress.ma\/fr\/wp-content\/uploads\/sites\/2\/2026\/04\/85.jpg","datePublished":"2026-04-30T14:09:26+00:00","dateModified":"2026-04-30T14:09:27+00:00","author":{"@id":"https:\/\/dpress.ma\/fr\/#\/schema\/person\/4898febf3ccd59e6578d838656a306a0"},"breadcrumb":{"@id":"https:\/\/dpress.ma\/fr\/2026\/04\/30\/settat-eclairage-sur-limage-du-royaume-dans-les-ecrits-de-lautre\/#breadcrumb"},"inLanguage":"fr-FR","potentialAction":[{"@type":"ReadAction","target":["https:\/\/dpress.ma\/fr\/2026\/04\/30\/settat-eclairage-sur-limage-du-royaume-dans-les-ecrits-de-lautre\/"]}]},{"@type":"ImageObject","inLanguage":"fr-FR","@id":"https:\/\/dpress.ma\/fr\/2026\/04\/30\/settat-eclairage-sur-limage-du-royaume-dans-les-ecrits-de-lautre\/#primaryimage","url":"https:\/\/dpress.ma\/fr\/wp-content\/uploads\/sites\/2\/2026\/04\/85.jpg","contentUrl":"https:\/\/dpress.ma\/fr\/wp-content\/uploads\/sites\/2\/2026\/04\/85.jpg","width":2539,"height":1594},{"@type":"BreadcrumbList","@id":"https:\/\/dpress.ma\/fr\/2026\/04\/30\/settat-eclairage-sur-limage-du-royaume-dans-les-ecrits-de-lautre\/#breadcrumb","itemListElement":[{"@type":"ListItem","position":1,"name":"Home","item":"https:\/\/dpress.ma\/fr\/"},{"@type":"ListItem","position":2,"name":"Settat : Eclairage sur l\u2019image du Royaume dans les \u00e9crits de l\u2019autre"}]},{"@type":"WebSite","@id":"https:\/\/dpress.ma\/fr\/#website","url":"https:\/\/dpress.ma\/fr\/","name":"Dpress.ma\/fr","description":"","potentialAction":[{"@type":"SearchAction","target":{"@type":"EntryPoint","urlTemplate":"https:\/\/dpress.ma\/fr\/?s={search_term_string}"},"query-input":{"@type":"PropertyValueSpecification","valueRequired":true,"valueName":"search_term_string"}}],"inLanguage":"fr-FR"},{"@type":"Person","@id":"https:\/\/dpress.ma\/fr\/#\/schema\/person\/4898febf3ccd59e6578d838656a306a0","name":"Dpress.ma","image":{"@type":"ImageObject","inLanguage":"fr-FR","@id":"https:\/\/secure.gravatar.com\/avatar\/72ecc30e9db047a2e0e7176561eb9d564ed77c8108376495b19bd8336405198a?s=96&d=mm&r=g","url":"https:\/\/secure.gravatar.com\/avatar\/72ecc30e9db047a2e0e7176561eb9d564ed77c8108376495b19bd8336405198a?s=96&d=mm&r=g","contentUrl":"https:\/\/secure.gravatar.com\/avatar\/72ecc30e9db047a2e0e7176561eb9d564ed77c8108376495b19bd8336405198a?s=96&d=mm&r=g","caption":"Dpress.ma"},"sameAs":["https:\/\/www.dpress.ma"],"url":"https:\/\/dpress.ma\/fr\/author\/dpress-ma\/"}]}},"amp_enabled":true,"_links":{"self":[{"href":"https:\/\/dpress.ma\/fr\/wp-json\/wp\/v2\/posts\/29668","targetHints":{"allow":["GET"]}}],"collection":[{"href":"https:\/\/dpress.ma\/fr\/wp-json\/wp\/v2\/posts"}],"about":[{"href":"https:\/\/dpress.ma\/fr\/wp-json\/wp\/v2\/types\/post"}],"author":[{"embeddable":true,"href":"https:\/\/dpress.ma\/fr\/wp-json\/wp\/v2\/users\/2"}],"replies":[{"embeddable":true,"href":"https:\/\/dpress.ma\/fr\/wp-json\/wp\/v2\/comments?post=29668"}],"version-history":[{"count":1,"href":"https:\/\/dpress.ma\/fr\/wp-json\/wp\/v2\/posts\/29668\/revisions"}],"predecessor-version":[{"id":29670,"href":"https:\/\/dpress.ma\/fr\/wp-json\/wp\/v2\/posts\/29668\/revisions\/29670"}],"wp:featuredmedia":[{"embeddable":true,"href":"https:\/\/dpress.ma\/fr\/wp-json\/wp\/v2\/media\/29669"}],"wp:attachment":[{"href":"https:\/\/dpress.ma\/fr\/wp-json\/wp\/v2\/media?parent=29668"}],"wp:term":[{"taxonomy":"category","embeddable":true,"href":"https:\/\/dpress.ma\/fr\/wp-json\/wp\/v2\/categories?post=29668"},{"taxonomy":"post_tag","embeddable":true,"href":"https:\/\/dpress.ma\/fr\/wp-json\/wp\/v2\/tags?post=29668"}],"curies":[{"name":"wp","href":"https:\/\/api.w.org\/{rel}","templated":true}]}}