{"id":29657,"date":"2026-04-30T11:23:07","date_gmt":"2026-04-30T11:23:07","guid":{"rendered":"https:\/\/dpress.ma\/fr\/?p=29657"},"modified":"2026-04-30T11:23:09","modified_gmt":"2026-04-30T11:23:09","slug":"fes-des-decideurs-et-des-experts-analysent-les-dynamiques-dindustrialisation-liees-a-le-methanol-et-a-le-ammoniac","status":"publish","type":"post","link":"https:\/\/dpress.ma\/fr\/2026\/04\/30\/fes-des-decideurs-et-des-experts-analysent-les-dynamiques-dindustrialisation-liees-a-le-methanol-et-a-le-ammoniac\/","title":{"rendered":"F\u00e8s: des d\u00e9cideurs et des experts analysent les dynamiques d\u2019industrialisation li\u00e9es \u00e0 l\u2019e-m\u00e9thanol et \u00e0 l\u2019e-ammoniac"},"content":{"rendered":"\n<p>Dpress<\/p>\n\n\n\n<p>Une Conf\u00e9rence Internationale sur l\u2019E-M\u00e9thanol et l\u2019E-Ammoniac s\u2019est ouverte, mercredi \u00e0 F\u00e8s, avec la participation de d\u00e9cideurs publics, des industriels, des investisseurs et des repr\u00e9sentants d\u2019institutions financi\u00e8res et experts internationaux.<\/p>\n\n\n\n<p>Initi\u00e9e par le Cluster Green H2, sous l\u2019\u00e9gide du minist\u00e8re de l\u2019Industrie et du Commerce, cette rencontre tend \u00e0 analyser les perspectives de march\u00e9, les conditions de bancabilit\u00e9 et les dynamiques d\u2019industrialisation li\u00e9es \u00e0 l\u2019e-m\u00e9thanol et \u00e0 l\u2019e-ammoniac.<\/p>\n\n\n\n<p>Intervenant \u00e0 cette occasion, le pr\u00e9sident du Cluster Green H2, Mohamed Yahya Zniber a indiqu\u00e9 que le Maroc \u201cn\u2019est pas seulement un pays qui extrait et exporte des ressources brutes, il est en train de devenir un pays qui transforme son soleil, son vent, son azote atmosph\u00e9rique, son CO2, en mol\u00e9cules, en valeur, en emplois, en souverainet\u00e9\u201d.<\/p>\n\n\n\n<p>Apr\u00e8s avoir mis l\u2019accent sur la grande port\u00e9e du E-m\u00e9thanol et E-Ammoniac dans les soci\u00e9t\u00e9s d\u2019aujourd\u2019hui, M. Zniber a soulign\u00e9 que \u201cce ne sont pas des produits d\u2019un avenir lointain mais des produits dont les contrats se signent aujourd\u2019hui, dont les appels d\u2019offres se lancent aujourd\u2019hui, et dont le Maroc peut \u00eatre fournisseur si nous prenons les bonnes d\u00e9cisions maintenant\u201d.<\/p>\n\n\n\n<p>Rappelant le grand engouement des grandes pays dont la Chine, l\u2019Australie, l\u2019Arabie Saoudite pour l\u2019investissement dans ces produits, le pr\u00e9sident du Cluster H2 a relev\u00e9 que l\u2019Europe cherche des partenaires fiables dont elle a besoin sous la pression du m\u00e9canisme CBAM (taxe carbone aux fronti\u00e8res).<\/p>\n\n\n\n<p>Selon lui, le Maroc a des atouts que peu de pays au monde en disposent ensemble, citant le meilleur vent d\u2019Afrique, le meilleur soleil m\u00e9diterran\u00e9en, 70% des r\u00e9serves mondiales de phosphate et une plateforme industrielle (OCP Jorf Lasfar) branch\u00e9e sur les march\u00e9s mondiaux.<\/p>\n\n\n\n<p>Plaidant pour la r\u00e9solution de la question de l\u2019origine du CO2 \u201cune contrainte structurelle\u201d qui redessine la strat\u00e9gie dans le domaine, M. Zniber a soulign\u00e9 par ailleurs l\u2019importance de la dimension territoriale, La\u00e2youne, Dakhla, Guelmim vont devenir les moteurs industriels du Maroc de demain et de v\u00e9ritables sites de production \u00e0 haute valeur ajout\u00e9e, g\u00e9n\u00e9rateurs d\u2019emplois qualifi\u00e9s permanents ancr\u00e9s dans les territoires.<\/p>\n\n\n\n<p>\u201cLe Maroc a la chance d\u2019\u00eatre, pour une fois, du bon c\u00f4t\u00e9 de la cha\u00eene de valeur, pas l\u2019importateur d\u2019\u00e9nergie fossile subie, mais l\u2019exportateur d\u2019\u00e9nergie verte choisi\u201d, a not\u00e9 M. Zniber, appelant \u00e0 transformer \u201cle potentiel en trajectoire, le d\u00e9bat en d\u00e9cision, et la d\u00e9cision en r\u00e9alit\u00e9 marocaine\u201d.<\/p>\n\n\n\n<p>De son c\u00f4t\u00e9, le pr\u00e9sident de l\u2019Universit\u00e9 Euromed de F\u00e8s, Mustpha Bousmina, s\u2019est f\u00e9licit\u00e9 de la th\u00e9matique de cette rencontre qui embrasse \u00e0 la fois les dimensions g\u00e9opolitique et scientifique, ajoutant que les deux produits ne servent pas \u00e0 produire des engrais mais aussi des esp\u00e8ces de carburants.<\/p>\n\n\n\n<p>Le Maroc, qui a de grandes ambitions dans ce domaine, a annonc\u00e9 des investissements l\u2019hydrog\u00e8ne vert de 32 milliards de dollars, a-t-il rappel\u00e9, ajoutant que jamais un investissement de cette grandeur n\u2019a \u00e9t\u00e9 mobilis\u00e9 au Maroc, sachant que l\u2019Allemagne est le premier pays qui investit dans l\u2019hydrog\u00e8ne vert avec 33 milliards de dollars.<\/p>\n\n\n\n<p>\u201cIl y a ainsi de grandes ambitions, une feuille de route, des stations de dessalement qui sont en train d\u2019\u00eatre install\u00e9es, des projets en cours et des opportunit\u00e9s \u00e9normes pour que le Maroc puisse devenir une plateforme pour ces mol\u00e9cules vertes\u201d, a-t-il dit.<\/p>\n\n\n\n<p>Initi\u00e9e en partenariat avec l\u2019universit\u00e9 Euromed de F\u00e8s, cette rencontre r\u00e9unit des d\u00e9cideurs publics, des industriels, des investisseurs, des autorit\u00e9s portuaires, des d\u00e9veloppeurs de projets, des acteurs technologiques, des institutions financi\u00e8res et des experts internationaux. Les \u00e9changes portent sur les perspectives de march\u00e9, les conditions de bancabilit\u00e9 et les dynamiques d\u2019industrialisation li\u00e9es \u00e0 l\u2019e-m\u00e9thanol et \u00e0 l\u2019e-ammoniac.<\/p>\n\n\n\n<p>Cette rencontre, qui s\u2019inscrit dans la continuit\u00e9 des ambitions nationales en mati\u00e8re d\u2019hydrog\u00e8ne vert et de Power-to-X, avec l\u2019objectif de renforcer le positionnement du Maroc dans les cha\u00eenes de valeur internationales, se d\u00e9cline en trois panels.<\/p>\n\n\n\n<p>Le premier portera sur les march\u00e9s et les technologies de l\u2019e-m\u00e9thanol et de l\u2019e-ammoniac, avec un focus sur la demande internationale, la structuration des offtakes, la maturit\u00e9 technologique, les d\u00e9veloppeurs et les utilisateurs finaux.<\/p>\n\n\n\n<p>Le deuxi\u00e8me panel sera consacr\u00e9 aux corridors verts, aux infrastructures portuaires et \u00e0 la bancabilit\u00e9 des exportations, tandis que le troisi\u00e8me abordera le d\u00e9veloppement industriel, l\u2019innovation et les externalit\u00e9s positives.<\/p>\n","protected":false},"excerpt":{"rendered":"<p>Dpress Une Conf\u00e9rence Internationale sur l\u2019E-M\u00e9thanol et l\u2019E-Ammoniac s\u2019est ouverte, mercredi \u00e0 F\u00e8s, avec la participation de d\u00e9cideurs publics, des industriels, des investisseurs et des repr\u00e9sentants d\u2019institutions financi\u00e8res et experts internationaux. Initi\u00e9e par le Cluster Green H2, sous l\u2019\u00e9gide du minist\u00e8re de l\u2019Industrie et du Commerce, cette rencontre tend \u00e0 analyser les perspectives de march\u00e9, &hellip;<\/p>\n","protected":false},"author":2,"featured_media":29658,"comment_status":"open","ping_status":"open","sticky":false,"template":"","format":"standard","meta":{"footnotes":""},"categories":[25],"tags":[],"class_list":["post-29657","post","type-post","status-publish","format-standard","has-post-thumbnail","hentry","category-economie"],"yoast_head":"<!-- This site is optimized with the Yoast SEO plugin v27.5 - https:\/\/yoast.com\/product\/yoast-seo-wordpress\/ -->\n<title>F\u00e8s: des d\u00e9cideurs et des experts analysent les dynamiques d\u2019industrialisation li\u00e9es \u00e0 l\u2019e-m\u00e9thanol et \u00e0 l\u2019e-ammoniac - Dpress.ma\/fr<\/title>\n<meta name=\"robots\" content=\"index, follow, max-snippet:-1, max-image-preview:large, max-video-preview:-1\" \/>\n<link rel=\"canonical\" href=\"https:\/\/dpress.ma\/fr\/2026\/04\/30\/fes-des-decideurs-et-des-experts-analysent-les-dynamiques-dindustrialisation-liees-a-le-methanol-et-a-le-ammoniac\/\" \/>\n<meta property=\"og:locale\" content=\"fr_FR\" \/>\n<meta property=\"og:type\" content=\"article\" \/>\n<meta property=\"og:title\" content=\"F\u00e8s: des d\u00e9cideurs et des experts analysent les dynamiques d\u2019industrialisation li\u00e9es \u00e0 l\u2019e-m\u00e9thanol et \u00e0 l\u2019e-ammoniac - Dpress.ma\/fr\" \/>\n<meta property=\"og:description\" content=\"Dpress Une Conf\u00e9rence Internationale sur l\u2019E-M\u00e9thanol et l\u2019E-Ammoniac s\u2019est ouverte, mercredi \u00e0 F\u00e8s, avec la participation de d\u00e9cideurs publics, des industriels, des investisseurs et des repr\u00e9sentants d\u2019institutions financi\u00e8res et experts internationaux. Initi\u00e9e par le Cluster Green H2, sous l\u2019\u00e9gide du minist\u00e8re de l\u2019Industrie et du Commerce, cette rencontre tend \u00e0 analyser les perspectives de march\u00e9, &hellip;\" \/>\n<meta property=\"og:url\" content=\"https:\/\/dpress.ma\/fr\/2026\/04\/30\/fes-des-decideurs-et-des-experts-analysent-les-dynamiques-dindustrialisation-liees-a-le-methanol-et-a-le-ammoniac\/\" \/>\n<meta property=\"og:site_name\" content=\"Dpress.ma\/fr\" \/>\n<meta property=\"article:published_time\" content=\"2026-04-30T11:23:07+00:00\" \/>\n<meta property=\"article:modified_time\" content=\"2026-04-30T11:23:09+00:00\" \/>\n<meta property=\"og:image\" content=\"https:\/\/dpress.ma\/fr\/wp-content\/uploads\/sites\/2\/2026\/04\/51-15.jpg\" \/>\n\t<meta property=\"og:image:width\" content=\"2539\" \/>\n\t<meta property=\"og:image:height\" content=\"1594\" \/>\n\t<meta property=\"og:image:type\" content=\"image\/jpeg\" \/>\n<meta name=\"author\" content=\"Dpress.ma\" \/>\n<meta name=\"twitter:card\" content=\"summary_large_image\" \/>\n<meta name=\"twitter:label1\" content=\"\u00c9crit par\" \/>\n\t<meta name=\"twitter:data1\" content=\"Dpress.ma\" \/>\n\t<meta name=\"twitter:label2\" content=\"Dur\u00e9e de lecture estim\u00e9e\" \/>\n\t<meta name=\"twitter:data2\" content=\"4 minutes\" \/>\n<script type=\"application\/ld+json\" class=\"yoast-schema-graph\">{\"@context\":\"https:\\\/\\\/schema.org\",\"@graph\":[{\"@type\":\"Article\",\"@id\":\"https:\\\/\\\/dpress.ma\\\/fr\\\/2026\\\/04\\\/30\\\/fes-des-decideurs-et-des-experts-analysent-les-dynamiques-dindustrialisation-liees-a-le-methanol-et-a-le-ammoniac\\\/#article\",\"isPartOf\":{\"@id\":\"https:\\\/\\\/dpress.ma\\\/fr\\\/2026\\\/04\\\/30\\\/fes-des-decideurs-et-des-experts-analysent-les-dynamiques-dindustrialisation-liees-a-le-methanol-et-a-le-ammoniac\\\/\"},\"author\":{\"name\":\"Dpress.ma\",\"@id\":\"https:\\\/\\\/dpress.ma\\\/fr\\\/#\\\/schema\\\/person\\\/4898febf3ccd59e6578d838656a306a0\"},\"headline\":\"F\u00e8s: des d\u00e9cideurs et des experts analysent les dynamiques d\u2019industrialisation li\u00e9es \u00e0 l\u2019e-m\u00e9thanol et \u00e0 l\u2019e-ammoniac\",\"datePublished\":\"2026-04-30T11:23:07+00:00\",\"dateModified\":\"2026-04-30T11:23:09+00:00\",\"mainEntityOfPage\":{\"@id\":\"https:\\\/\\\/dpress.ma\\\/fr\\\/2026\\\/04\\\/30\\\/fes-des-decideurs-et-des-experts-analysent-les-dynamiques-dindustrialisation-liees-a-le-methanol-et-a-le-ammoniac\\\/\"},\"wordCount\":812,\"commentCount\":0,\"image\":{\"@id\":\"https:\\\/\\\/dpress.ma\\\/fr\\\/2026\\\/04\\\/30\\\/fes-des-decideurs-et-des-experts-analysent-les-dynamiques-dindustrialisation-liees-a-le-methanol-et-a-le-ammoniac\\\/#primaryimage\"},\"thumbnailUrl\":\"https:\\\/\\\/dpress.ma\\\/fr\\\/wp-content\\\/uploads\\\/sites\\\/2\\\/2026\\\/04\\\/51-15.jpg\",\"articleSection\":[\"\u00c9conomie\"],\"inLanguage\":\"fr-FR\",\"potentialAction\":[{\"@type\":\"CommentAction\",\"name\":\"Comment\",\"target\":[\"https:\\\/\\\/dpress.ma\\\/fr\\\/2026\\\/04\\\/30\\\/fes-des-decideurs-et-des-experts-analysent-les-dynamiques-dindustrialisation-liees-a-le-methanol-et-a-le-ammoniac\\\/#respond\"]}]},{\"@type\":\"WebPage\",\"@id\":\"https:\\\/\\\/dpress.ma\\\/fr\\\/2026\\\/04\\\/30\\\/fes-des-decideurs-et-des-experts-analysent-les-dynamiques-dindustrialisation-liees-a-le-methanol-et-a-le-ammoniac\\\/\",\"url\":\"https:\\\/\\\/dpress.ma\\\/fr\\\/2026\\\/04\\\/30\\\/fes-des-decideurs-et-des-experts-analysent-les-dynamiques-dindustrialisation-liees-a-le-methanol-et-a-le-ammoniac\\\/\",\"name\":\"F\u00e8s: des d\u00e9cideurs et des experts analysent les dynamiques d\u2019industrialisation li\u00e9es \u00e0 l\u2019e-m\u00e9thanol et \u00e0 l\u2019e-ammoniac - Dpress.ma\\\/fr\",\"isPartOf\":{\"@id\":\"https:\\\/\\\/dpress.ma\\\/fr\\\/#website\"},\"primaryImageOfPage\":{\"@id\":\"https:\\\/\\\/dpress.ma\\\/fr\\\/2026\\\/04\\\/30\\\/fes-des-decideurs-et-des-experts-analysent-les-dynamiques-dindustrialisation-liees-a-le-methanol-et-a-le-ammoniac\\\/#primaryimage\"},\"image\":{\"@id\":\"https:\\\/\\\/dpress.ma\\\/fr\\\/2026\\\/04\\\/30\\\/fes-des-decideurs-et-des-experts-analysent-les-dynamiques-dindustrialisation-liees-a-le-methanol-et-a-le-ammoniac\\\/#primaryimage\"},\"thumbnailUrl\":\"https:\\\/\\\/dpress.ma\\\/fr\\\/wp-content\\\/uploads\\\/sites\\\/2\\\/2026\\\/04\\\/51-15.jpg\",\"datePublished\":\"2026-04-30T11:23:07+00:00\",\"dateModified\":\"2026-04-30T11:23:09+00:00\",\"author\":{\"@id\":\"https:\\\/\\\/dpress.ma\\\/fr\\\/#\\\/schema\\\/person\\\/4898febf3ccd59e6578d838656a306a0\"},\"breadcrumb\":{\"@id\":\"https:\\\/\\\/dpress.ma\\\/fr\\\/2026\\\/04\\\/30\\\/fes-des-decideurs-et-des-experts-analysent-les-dynamiques-dindustrialisation-liees-a-le-methanol-et-a-le-ammoniac\\\/#breadcrumb\"},\"inLanguage\":\"fr-FR\",\"potentialAction\":[{\"@type\":\"ReadAction\",\"target\":[\"https:\\\/\\\/dpress.ma\\\/fr\\\/2026\\\/04\\\/30\\\/fes-des-decideurs-et-des-experts-analysent-les-dynamiques-dindustrialisation-liees-a-le-methanol-et-a-le-ammoniac\\\/\"]}]},{\"@type\":\"ImageObject\",\"inLanguage\":\"fr-FR\",\"@id\":\"https:\\\/\\\/dpress.ma\\\/fr\\\/2026\\\/04\\\/30\\\/fes-des-decideurs-et-des-experts-analysent-les-dynamiques-dindustrialisation-liees-a-le-methanol-et-a-le-ammoniac\\\/#primaryimage\",\"url\":\"https:\\\/\\\/dpress.ma\\\/fr\\\/wp-content\\\/uploads\\\/sites\\\/2\\\/2026\\\/04\\\/51-15.jpg\",\"contentUrl\":\"https:\\\/\\\/dpress.ma\\\/fr\\\/wp-content\\\/uploads\\\/sites\\\/2\\\/2026\\\/04\\\/51-15.jpg\",\"width\":2539,\"height\":1594},{\"@type\":\"BreadcrumbList\",\"@id\":\"https:\\\/\\\/dpress.ma\\\/fr\\\/2026\\\/04\\\/30\\\/fes-des-decideurs-et-des-experts-analysent-les-dynamiques-dindustrialisation-liees-a-le-methanol-et-a-le-ammoniac\\\/#breadcrumb\",\"itemListElement\":[{\"@type\":\"ListItem\",\"position\":1,\"name\":\"Home\",\"item\":\"https:\\\/\\\/dpress.ma\\\/fr\\\/\"},{\"@type\":\"ListItem\",\"position\":2,\"name\":\"F\u00e8s: des d\u00e9cideurs et des experts analysent les dynamiques d\u2019industrialisation li\u00e9es \u00e0 l\u2019e-m\u00e9thanol et \u00e0 l\u2019e-ammoniac\"}]},{\"@type\":\"WebSite\",\"@id\":\"https:\\\/\\\/dpress.ma\\\/fr\\\/#website\",\"url\":\"https:\\\/\\\/dpress.ma\\\/fr\\\/\",\"name\":\"Dpress.ma\\\/fr\",\"description\":\"\",\"potentialAction\":[{\"@type\":\"SearchAction\",\"target\":{\"@type\":\"EntryPoint\",\"urlTemplate\":\"https:\\\/\\\/dpress.ma\\\/fr\\\/?s={search_term_string}\"},\"query-input\":{\"@type\":\"PropertyValueSpecification\",\"valueRequired\":true,\"valueName\":\"search_term_string\"}}],\"inLanguage\":\"fr-FR\"},{\"@type\":\"Person\",\"@id\":\"https:\\\/\\\/dpress.ma\\\/fr\\\/#\\\/schema\\\/person\\\/4898febf3ccd59e6578d838656a306a0\",\"name\":\"Dpress.ma\",\"image\":{\"@type\":\"ImageObject\",\"inLanguage\":\"fr-FR\",\"@id\":\"https:\\\/\\\/secure.gravatar.com\\\/avatar\\\/72ecc30e9db047a2e0e7176561eb9d564ed77c8108376495b19bd8336405198a?s=96&d=mm&r=g\",\"url\":\"https:\\\/\\\/secure.gravatar.com\\\/avatar\\\/72ecc30e9db047a2e0e7176561eb9d564ed77c8108376495b19bd8336405198a?s=96&d=mm&r=g\",\"contentUrl\":\"https:\\\/\\\/secure.gravatar.com\\\/avatar\\\/72ecc30e9db047a2e0e7176561eb9d564ed77c8108376495b19bd8336405198a?s=96&d=mm&r=g\",\"caption\":\"Dpress.ma\"},\"sameAs\":[\"https:\\\/\\\/www.dpress.ma\"],\"url\":\"https:\\\/\\\/dpress.ma\\\/fr\\\/author\\\/dpress-ma\\\/\"}]}<\/script>\n<!-- \/ Yoast SEO plugin. -->","yoast_head_json":{"title":"F\u00e8s: des d\u00e9cideurs et des experts analysent les dynamiques d\u2019industrialisation li\u00e9es \u00e0 l\u2019e-m\u00e9thanol et \u00e0 l\u2019e-ammoniac - Dpress.ma\/fr","robots":{"index":"index","follow":"follow","max-snippet":"max-snippet:-1","max-image-preview":"max-image-preview:large","max-video-preview":"max-video-preview:-1"},"canonical":"https:\/\/dpress.ma\/fr\/2026\/04\/30\/fes-des-decideurs-et-des-experts-analysent-les-dynamiques-dindustrialisation-liees-a-le-methanol-et-a-le-ammoniac\/","og_locale":"fr_FR","og_type":"article","og_title":"F\u00e8s: des d\u00e9cideurs et des experts analysent les dynamiques d\u2019industrialisation li\u00e9es \u00e0 l\u2019e-m\u00e9thanol et \u00e0 l\u2019e-ammoniac - Dpress.ma\/fr","og_description":"Dpress Une Conf\u00e9rence Internationale sur l\u2019E-M\u00e9thanol et l\u2019E-Ammoniac s\u2019est ouverte, mercredi \u00e0 F\u00e8s, avec la participation de d\u00e9cideurs publics, des industriels, des investisseurs et des repr\u00e9sentants d\u2019institutions financi\u00e8res et experts internationaux. Initi\u00e9e par le Cluster Green H2, sous l\u2019\u00e9gide du minist\u00e8re de l\u2019Industrie et du Commerce, cette rencontre tend \u00e0 analyser les perspectives de march\u00e9, &hellip;","og_url":"https:\/\/dpress.ma\/fr\/2026\/04\/30\/fes-des-decideurs-et-des-experts-analysent-les-dynamiques-dindustrialisation-liees-a-le-methanol-et-a-le-ammoniac\/","og_site_name":"Dpress.ma\/fr","article_published_time":"2026-04-30T11:23:07+00:00","article_modified_time":"2026-04-30T11:23:09+00:00","og_image":[{"width":2539,"height":1594,"url":"https:\/\/dpress.ma\/fr\/wp-content\/uploads\/sites\/2\/2026\/04\/51-15.jpg","type":"image\/jpeg"}],"author":"Dpress.ma","twitter_card":"summary_large_image","twitter_misc":{"\u00c9crit par":"Dpress.ma","Dur\u00e9e de lecture estim\u00e9e":"4 minutes"},"schema":{"@context":"https:\/\/schema.org","@graph":[{"@type":"Article","@id":"https:\/\/dpress.ma\/fr\/2026\/04\/30\/fes-des-decideurs-et-des-experts-analysent-les-dynamiques-dindustrialisation-liees-a-le-methanol-et-a-le-ammoniac\/#article","isPartOf":{"@id":"https:\/\/dpress.ma\/fr\/2026\/04\/30\/fes-des-decideurs-et-des-experts-analysent-les-dynamiques-dindustrialisation-liees-a-le-methanol-et-a-le-ammoniac\/"},"author":{"name":"Dpress.ma","@id":"https:\/\/dpress.ma\/fr\/#\/schema\/person\/4898febf3ccd59e6578d838656a306a0"},"headline":"F\u00e8s: des d\u00e9cideurs et des experts analysent les dynamiques d\u2019industrialisation li\u00e9es \u00e0 l\u2019e-m\u00e9thanol et \u00e0 l\u2019e-ammoniac","datePublished":"2026-04-30T11:23:07+00:00","dateModified":"2026-04-30T11:23:09+00:00","mainEntityOfPage":{"@id":"https:\/\/dpress.ma\/fr\/2026\/04\/30\/fes-des-decideurs-et-des-experts-analysent-les-dynamiques-dindustrialisation-liees-a-le-methanol-et-a-le-ammoniac\/"},"wordCount":812,"commentCount":0,"image":{"@id":"https:\/\/dpress.ma\/fr\/2026\/04\/30\/fes-des-decideurs-et-des-experts-analysent-les-dynamiques-dindustrialisation-liees-a-le-methanol-et-a-le-ammoniac\/#primaryimage"},"thumbnailUrl":"https:\/\/dpress.ma\/fr\/wp-content\/uploads\/sites\/2\/2026\/04\/51-15.jpg","articleSection":["\u00c9conomie"],"inLanguage":"fr-FR","potentialAction":[{"@type":"CommentAction","name":"Comment","target":["https:\/\/dpress.ma\/fr\/2026\/04\/30\/fes-des-decideurs-et-des-experts-analysent-les-dynamiques-dindustrialisation-liees-a-le-methanol-et-a-le-ammoniac\/#respond"]}]},{"@type":"WebPage","@id":"https:\/\/dpress.ma\/fr\/2026\/04\/30\/fes-des-decideurs-et-des-experts-analysent-les-dynamiques-dindustrialisation-liees-a-le-methanol-et-a-le-ammoniac\/","url":"https:\/\/dpress.ma\/fr\/2026\/04\/30\/fes-des-decideurs-et-des-experts-analysent-les-dynamiques-dindustrialisation-liees-a-le-methanol-et-a-le-ammoniac\/","name":"F\u00e8s: des d\u00e9cideurs et des experts analysent les dynamiques d\u2019industrialisation li\u00e9es \u00e0 l\u2019e-m\u00e9thanol et \u00e0 l\u2019e-ammoniac - Dpress.ma\/fr","isPartOf":{"@id":"https:\/\/dpress.ma\/fr\/#website"},"primaryImageOfPage":{"@id":"https:\/\/dpress.ma\/fr\/2026\/04\/30\/fes-des-decideurs-et-des-experts-analysent-les-dynamiques-dindustrialisation-liees-a-le-methanol-et-a-le-ammoniac\/#primaryimage"},"image":{"@id":"https:\/\/dpress.ma\/fr\/2026\/04\/30\/fes-des-decideurs-et-des-experts-analysent-les-dynamiques-dindustrialisation-liees-a-le-methanol-et-a-le-ammoniac\/#primaryimage"},"thumbnailUrl":"https:\/\/dpress.ma\/fr\/wp-content\/uploads\/sites\/2\/2026\/04\/51-15.jpg","datePublished":"2026-04-30T11:23:07+00:00","dateModified":"2026-04-30T11:23:09+00:00","author":{"@id":"https:\/\/dpress.ma\/fr\/#\/schema\/person\/4898febf3ccd59e6578d838656a306a0"},"breadcrumb":{"@id":"https:\/\/dpress.ma\/fr\/2026\/04\/30\/fes-des-decideurs-et-des-experts-analysent-les-dynamiques-dindustrialisation-liees-a-le-methanol-et-a-le-ammoniac\/#breadcrumb"},"inLanguage":"fr-FR","potentialAction":[{"@type":"ReadAction","target":["https:\/\/dpress.ma\/fr\/2026\/04\/30\/fes-des-decideurs-et-des-experts-analysent-les-dynamiques-dindustrialisation-liees-a-le-methanol-et-a-le-ammoniac\/"]}]},{"@type":"ImageObject","inLanguage":"fr-FR","@id":"https:\/\/dpress.ma\/fr\/2026\/04\/30\/fes-des-decideurs-et-des-experts-analysent-les-dynamiques-dindustrialisation-liees-a-le-methanol-et-a-le-ammoniac\/#primaryimage","url":"https:\/\/dpress.ma\/fr\/wp-content\/uploads\/sites\/2\/2026\/04\/51-15.jpg","contentUrl":"https:\/\/dpress.ma\/fr\/wp-content\/uploads\/sites\/2\/2026\/04\/51-15.jpg","width":2539,"height":1594},{"@type":"BreadcrumbList","@id":"https:\/\/dpress.ma\/fr\/2026\/04\/30\/fes-des-decideurs-et-des-experts-analysent-les-dynamiques-dindustrialisation-liees-a-le-methanol-et-a-le-ammoniac\/#breadcrumb","itemListElement":[{"@type":"ListItem","position":1,"name":"Home","item":"https:\/\/dpress.ma\/fr\/"},{"@type":"ListItem","position":2,"name":"F\u00e8s: des d\u00e9cideurs et des experts analysent les dynamiques d\u2019industrialisation li\u00e9es \u00e0 l\u2019e-m\u00e9thanol et \u00e0 l\u2019e-ammoniac"}]},{"@type":"WebSite","@id":"https:\/\/dpress.ma\/fr\/#website","url":"https:\/\/dpress.ma\/fr\/","name":"Dpress.ma\/fr","description":"","potentialAction":[{"@type":"SearchAction","target":{"@type":"EntryPoint","urlTemplate":"https:\/\/dpress.ma\/fr\/?s={search_term_string}"},"query-input":{"@type":"PropertyValueSpecification","valueRequired":true,"valueName":"search_term_string"}}],"inLanguage":"fr-FR"},{"@type":"Person","@id":"https:\/\/dpress.ma\/fr\/#\/schema\/person\/4898febf3ccd59e6578d838656a306a0","name":"Dpress.ma","image":{"@type":"ImageObject","inLanguage":"fr-FR","@id":"https:\/\/secure.gravatar.com\/avatar\/72ecc30e9db047a2e0e7176561eb9d564ed77c8108376495b19bd8336405198a?s=96&d=mm&r=g","url":"https:\/\/secure.gravatar.com\/avatar\/72ecc30e9db047a2e0e7176561eb9d564ed77c8108376495b19bd8336405198a?s=96&d=mm&r=g","contentUrl":"https:\/\/secure.gravatar.com\/avatar\/72ecc30e9db047a2e0e7176561eb9d564ed77c8108376495b19bd8336405198a?s=96&d=mm&r=g","caption":"Dpress.ma"},"sameAs":["https:\/\/www.dpress.ma"],"url":"https:\/\/dpress.ma\/fr\/author\/dpress-ma\/"}]}},"amp_enabled":true,"_links":{"self":[{"href":"https:\/\/dpress.ma\/fr\/wp-json\/wp\/v2\/posts\/29657","targetHints":{"allow":["GET"]}}],"collection":[{"href":"https:\/\/dpress.ma\/fr\/wp-json\/wp\/v2\/posts"}],"about":[{"href":"https:\/\/dpress.ma\/fr\/wp-json\/wp\/v2\/types\/post"}],"author":[{"embeddable":true,"href":"https:\/\/dpress.ma\/fr\/wp-json\/wp\/v2\/users\/2"}],"replies":[{"embeddable":true,"href":"https:\/\/dpress.ma\/fr\/wp-json\/wp\/v2\/comments?post=29657"}],"version-history":[{"count":1,"href":"https:\/\/dpress.ma\/fr\/wp-json\/wp\/v2\/posts\/29657\/revisions"}],"predecessor-version":[{"id":29659,"href":"https:\/\/dpress.ma\/fr\/wp-json\/wp\/v2\/posts\/29657\/revisions\/29659"}],"wp:featuredmedia":[{"embeddable":true,"href":"https:\/\/dpress.ma\/fr\/wp-json\/wp\/v2\/media\/29658"}],"wp:attachment":[{"href":"https:\/\/dpress.ma\/fr\/wp-json\/wp\/v2\/media?parent=29657"}],"wp:term":[{"taxonomy":"category","embeddable":true,"href":"https:\/\/dpress.ma\/fr\/wp-json\/wp\/v2\/categories?post=29657"},{"taxonomy":"post_tag","embeddable":true,"href":"https:\/\/dpress.ma\/fr\/wp-json\/wp\/v2\/tags?post=29657"}],"curies":[{"name":"wp","href":"https:\/\/api.w.org\/{rel}","templated":true}]}}