{"id":29629,"date":"2026-04-29T14:19:20","date_gmt":"2026-04-29T14:19:20","guid":{"rendered":"https:\/\/dpress.ma\/fr\/?p=29629"},"modified":"2026-04-29T14:19:23","modified_gmt":"2026-04-29T14:19:23","slug":"lever-de-rideau-sur-le-1er-festival-international-universitaire-du-film-de-ouarzazate","status":"publish","type":"post","link":"https:\/\/dpress.ma\/fr\/2026\/04\/29\/lever-de-rideau-sur-le-1er-festival-international-universitaire-du-film-de-ouarzazate\/","title":{"rendered":"Lever de rideau sur le 1er Festival International Universitaire du Film de Ouarzazate"},"content":{"rendered":"\n<p>Dpress<\/p>\n\n\n\n<p>Le Mus\u00e9e du Cin\u00e9ma de Ouarzazate a accueilli, mardi soir, la c\u00e9r\u00e9monie d\u2019ouverture de la premi\u00e8re \u00e9dition du Festival International Universitaire du Film de Ouarzazate (OIUFF), organis\u00e9 \u00e0 l\u2019initiative de la Facult\u00e9 Polydisciplinaire de Ouarzazate et la Fondation Ouarzazate Film Cr\u00e9atif.<\/p>\n\n\n\n<p>S\u2019inscrivant dans le cadre de l\u2019ouverture de l\u2019universit\u00e9 sur son environnement culturel et cr\u00e9atif, cette manifestation cin\u00e9matographique entend cr\u00e9er un espace de rencontre entre la recherche acad\u00e9mique et la pratique artistique, renfor\u00e7ant ainsi le r\u00f4le de l\u2019universit\u00e9 en tant qu\u2019acteur cl\u00e9 du d\u00e9veloppement culturel, tout en traduisant la vision de Ouarzazate en tant que ville cr\u00e9ative, engag\u00e9e dans le R\u00e9seau des villes cr\u00e9atives de l\u2019UNESCO.<\/p>\n\n\n\n<p>Dans une allocution de circonstance, le pr\u00e9sident du festival, Nabil Safaj, doyen de la Facult\u00e9 Polydisciplinaire de Ouarzazate, a indiqu\u00e9 que l\u2019id\u00e9e de l\u2019organisation de cette manifestation cin\u00e9matographique a germ\u00e9 au sein du Centre d\u2019excellence pour le cin\u00e9ma et l\u2019audiovisuel relevant de la facult\u00e9, notant que l\u2019objectif \u00e9tant de consolider les valeurs des \u00e9changes culturels entre les peuples et de favoriser l\u2019ouverture aux exp\u00e9riences cin\u00e9matographiques internationales, notamment au cin\u00e9ma japonais, invit\u00e9 d\u2019honneur de cette \u00e9dition.<\/p>\n\n\n\n<p>Cette \u00e9dition, a-t-il poursuivi, connait la participation de chercheurs, de r\u00e9alisateurs et de professionnels issus de plusieurs pays, dont l\u2019\u00c9gypte, les \u00c9tats-Unis, le Royaume-Uni et les pays du Golfe, refl\u00e9tant ainsi la dimension internationale du festival et son ambition d\u2019\u00e9riger Ouarzazate en un p\u00f4le d\u2019\u00e9changes entre \u00e9tudiants, chercheurs et cin\u00e9astes.<\/p>\n\n\n\n<p>Pour sa part, le directeur du festival, Rabie El Jouhari, a soulign\u00e9 l\u2019importance de cet \u00e9v\u00e9nement en termes de l\u2019accompagnement des mutations que connait le secteur cin\u00e9ma, et ses liens grandissants avec les nouvelles technologies et l\u2019intelligence artificielle.<\/p>\n\n\n\n<p>Il a, par ailleurs, pr\u00e9cis\u00e9 que le festival a pour objectif de rapprocher les \u00e9tudiants de Ouarzazate, en particulier ceux du Centre d\u2019Excellence pour le Cin\u00e9ma et l\u2019Audiovisuel, de l\u2019expertise acad\u00e9mique et artistique internationale.<\/p>\n\n\n\n<p>De son c\u00f4t\u00e9, l\u2019ambassadeur du Japon au Maroc, Nakata Masahiro s\u2019est dit fier de participer \u00e0 l\u2019ouverture de ce festival \u00e0 Ouarzazate, soulignant que la programmation de films japonais tels que \u201d Godzilla Minus One \u201d et \u201d A Samurai in Time \u201d offre l\u2019opportunit\u00e9 de braquer les projecteurs sur la richesse et la diversit\u00e9 du cin\u00e9ma japonais.<\/p>\n\n\n\n<p>Et d\u2019expliquer que le cin\u00e9ma japonais s\u2019int\u00e9resse de plus en plus aux questions inh\u00e9rentes \u00e0 la technologie et \u00e0 la relation entre l\u2019homme et la machine, notant que ce festival se veut un nouveau pont culturel \u00e0 m\u00eame de renforcer les liens culturels et intellectuels entre le Maroc et le Japon.<\/p>\n\n\n\n<p>La c\u00e9r\u00e9monie d\u2019ouverture de cet \u00e9v\u00e9nement a \u00e9t\u00e9 marqu\u00e9e par une prestation musicale interpr\u00e9t\u00e9e avec brio par l\u2019Orchestre Montassir Hamala, un aper\u00e7u du cin\u00e9ma japonais ainsi que par des hommages vibrants \u00e0 plusieurs figures artistiques, dont l\u2019acteur \u00e9gyptien Riad El Khouly, l\u2019acteur et r\u00e9alisateur marocain Driss Roukh et l\u2019actrice marocaine amazighe Fatima Bouchane, en reconnaissance de leurs riches parcours artistiques et leurs contributions remarquables au cin\u00e9ma, \u00e0 la t\u00e9l\u00e9vision et au th\u00e9\u00e2tre.<\/p>\n\n\n\n<p>Au terme de la c\u00e9r\u00e9monie d\u2019ouverture, le public a agr\u00e9ablement assist\u00e9 \u00e0 la projection du long-m\u00e9trage japonais \u201d Godzilla Minus One\u201d, de son r\u00e9alisateur Takashi Yamazaki.<\/p>\n\n\n\n<p>Cette premi\u00e8re \u00e9dition du Festival International Universitaire du Film de Ouarzazate (28-30 avril), met \u00e0 l\u2019honneur le cin\u00e9ma japonais, en le c\u00e9l\u00e9brant \u00e0 l\u2019occasion du 70\u00b0 anniversaire des relations diplomatiques entre le Maroc et le Japon. \u00c0 cette occasion, une programmation sp\u00e9ciale a \u00e9t\u00e9 concoct\u00e9e avec une s\u00e9lection de films japonais, refl\u00e9tant ainsi la profondeur des liens culturels entre les deux pays.<\/p>\n\n\n\n<p>L\u2019\u00e9v\u00e9nement est organis\u00e9 en partenariat avec la pr\u00e9fecture de la province de Ouarzazate et Ouarzazate Events, avec le soutien du minist\u00e8re de la Jeunesse, de la Culture et de la Communication, du Conseil provincial, du Conseil communal et du Centre Cin\u00e9matographique Marocain.<\/p>\n","protected":false},"excerpt":{"rendered":"<p>Dpress Le Mus\u00e9e du Cin\u00e9ma de Ouarzazate a accueilli, mardi soir, la c\u00e9r\u00e9monie d\u2019ouverture de la premi\u00e8re \u00e9dition du Festival International Universitaire du Film de Ouarzazate (OIUFF), organis\u00e9 \u00e0 l\u2019initiative de la Facult\u00e9 Polydisciplinaire de Ouarzazate et la Fondation Ouarzazate Film Cr\u00e9atif. S\u2019inscrivant dans le cadre de l\u2019ouverture de l\u2019universit\u00e9 sur son environnement culturel et &hellip;<\/p>\n","protected":false},"author":2,"featured_media":29630,"comment_status":"open","ping_status":"open","sticky":false,"template":"","format":"standard","meta":{"footnotes":""},"categories":[31],"tags":[],"class_list":["post-29629","post","type-post","status-publish","format-standard","has-post-thumbnail","hentry","category-art-et-culture"],"yoast_head":"<!-- This site is optimized with the Yoast SEO plugin v27.5 - https:\/\/yoast.com\/product\/yoast-seo-wordpress\/ -->\n<title>Lever de rideau sur le 1er Festival International Universitaire du Film de Ouarzazate - Dpress.ma\/fr<\/title>\n<meta name=\"robots\" content=\"index, follow, max-snippet:-1, max-image-preview:large, max-video-preview:-1\" \/>\n<link rel=\"canonical\" href=\"https:\/\/dpress.ma\/fr\/2026\/04\/29\/lever-de-rideau-sur-le-1er-festival-international-universitaire-du-film-de-ouarzazate\/\" \/>\n<meta property=\"og:locale\" content=\"fr_FR\" \/>\n<meta property=\"og:type\" content=\"article\" \/>\n<meta property=\"og:title\" content=\"Lever de rideau sur le 1er Festival International Universitaire du Film de Ouarzazate - Dpress.ma\/fr\" \/>\n<meta property=\"og:description\" content=\"Dpress Le Mus\u00e9e du Cin\u00e9ma de Ouarzazate a accueilli, mardi soir, la c\u00e9r\u00e9monie d\u2019ouverture de la premi\u00e8re \u00e9dition du Festival International Universitaire du Film de Ouarzazate (OIUFF), organis\u00e9 \u00e0 l\u2019initiative de la Facult\u00e9 Polydisciplinaire de Ouarzazate et la Fondation Ouarzazate Film Cr\u00e9atif. S\u2019inscrivant dans le cadre de l\u2019ouverture de l\u2019universit\u00e9 sur son environnement culturel et &hellip;\" \/>\n<meta property=\"og:url\" content=\"https:\/\/dpress.ma\/fr\/2026\/04\/29\/lever-de-rideau-sur-le-1er-festival-international-universitaire-du-film-de-ouarzazate\/\" \/>\n<meta property=\"og:site_name\" content=\"Dpress.ma\/fr\" \/>\n<meta property=\"article:published_time\" content=\"2026-04-29T14:19:20+00:00\" \/>\n<meta property=\"article:modified_time\" content=\"2026-04-29T14:19:23+00:00\" \/>\n<meta property=\"og:image\" content=\"https:\/\/dpress.ma\/fr\/wp-content\/uploads\/sites\/2\/2026\/04\/38-14.jpg\" \/>\n\t<meta property=\"og:image:width\" content=\"2539\" \/>\n\t<meta property=\"og:image:height\" content=\"1594\" \/>\n\t<meta property=\"og:image:type\" content=\"image\/jpeg\" \/>\n<meta name=\"author\" content=\"Dpress.ma\" \/>\n<meta name=\"twitter:card\" content=\"summary_large_image\" \/>\n<meta name=\"twitter:label1\" content=\"\u00c9crit par\" \/>\n\t<meta name=\"twitter:data1\" content=\"Dpress.ma\" \/>\n\t<meta name=\"twitter:label2\" content=\"Dur\u00e9e de lecture estim\u00e9e\" \/>\n\t<meta name=\"twitter:data2\" content=\"4 minutes\" \/>\n<script type=\"application\/ld+json\" class=\"yoast-schema-graph\">{\"@context\":\"https:\\\/\\\/schema.org\",\"@graph\":[{\"@type\":\"Article\",\"@id\":\"https:\\\/\\\/dpress.ma\\\/fr\\\/2026\\\/04\\\/29\\\/lever-de-rideau-sur-le-1er-festival-international-universitaire-du-film-de-ouarzazate\\\/#article\",\"isPartOf\":{\"@id\":\"https:\\\/\\\/dpress.ma\\\/fr\\\/2026\\\/04\\\/29\\\/lever-de-rideau-sur-le-1er-festival-international-universitaire-du-film-de-ouarzazate\\\/\"},\"author\":{\"name\":\"Dpress.ma\",\"@id\":\"https:\\\/\\\/dpress.ma\\\/fr\\\/#\\\/schema\\\/person\\\/4898febf3ccd59e6578d838656a306a0\"},\"headline\":\"Lever de rideau sur le 1er Festival International Universitaire du Film de Ouarzazate\",\"datePublished\":\"2026-04-29T14:19:20+00:00\",\"dateModified\":\"2026-04-29T14:19:23+00:00\",\"mainEntityOfPage\":{\"@id\":\"https:\\\/\\\/dpress.ma\\\/fr\\\/2026\\\/04\\\/29\\\/lever-de-rideau-sur-le-1er-festival-international-universitaire-du-film-de-ouarzazate\\\/\"},\"wordCount\":719,\"commentCount\":0,\"image\":{\"@id\":\"https:\\\/\\\/dpress.ma\\\/fr\\\/2026\\\/04\\\/29\\\/lever-de-rideau-sur-le-1er-festival-international-universitaire-du-film-de-ouarzazate\\\/#primaryimage\"},\"thumbnailUrl\":\"https:\\\/\\\/dpress.ma\\\/fr\\\/wp-content\\\/uploads\\\/sites\\\/2\\\/2026\\\/04\\\/38-14.jpg\",\"articleSection\":[\"Art et Culture\"],\"inLanguage\":\"fr-FR\",\"potentialAction\":[{\"@type\":\"CommentAction\",\"name\":\"Comment\",\"target\":[\"https:\\\/\\\/dpress.ma\\\/fr\\\/2026\\\/04\\\/29\\\/lever-de-rideau-sur-le-1er-festival-international-universitaire-du-film-de-ouarzazate\\\/#respond\"]}]},{\"@type\":\"WebPage\",\"@id\":\"https:\\\/\\\/dpress.ma\\\/fr\\\/2026\\\/04\\\/29\\\/lever-de-rideau-sur-le-1er-festival-international-universitaire-du-film-de-ouarzazate\\\/\",\"url\":\"https:\\\/\\\/dpress.ma\\\/fr\\\/2026\\\/04\\\/29\\\/lever-de-rideau-sur-le-1er-festival-international-universitaire-du-film-de-ouarzazate\\\/\",\"name\":\"Lever de rideau sur le 1er Festival International Universitaire du Film de Ouarzazate - Dpress.ma\\\/fr\",\"isPartOf\":{\"@id\":\"https:\\\/\\\/dpress.ma\\\/fr\\\/#website\"},\"primaryImageOfPage\":{\"@id\":\"https:\\\/\\\/dpress.ma\\\/fr\\\/2026\\\/04\\\/29\\\/lever-de-rideau-sur-le-1er-festival-international-universitaire-du-film-de-ouarzazate\\\/#primaryimage\"},\"image\":{\"@id\":\"https:\\\/\\\/dpress.ma\\\/fr\\\/2026\\\/04\\\/29\\\/lever-de-rideau-sur-le-1er-festival-international-universitaire-du-film-de-ouarzazate\\\/#primaryimage\"},\"thumbnailUrl\":\"https:\\\/\\\/dpress.ma\\\/fr\\\/wp-content\\\/uploads\\\/sites\\\/2\\\/2026\\\/04\\\/38-14.jpg\",\"datePublished\":\"2026-04-29T14:19:20+00:00\",\"dateModified\":\"2026-04-29T14:19:23+00:00\",\"author\":{\"@id\":\"https:\\\/\\\/dpress.ma\\\/fr\\\/#\\\/schema\\\/person\\\/4898febf3ccd59e6578d838656a306a0\"},\"breadcrumb\":{\"@id\":\"https:\\\/\\\/dpress.ma\\\/fr\\\/2026\\\/04\\\/29\\\/lever-de-rideau-sur-le-1er-festival-international-universitaire-du-film-de-ouarzazate\\\/#breadcrumb\"},\"inLanguage\":\"fr-FR\",\"potentialAction\":[{\"@type\":\"ReadAction\",\"target\":[\"https:\\\/\\\/dpress.ma\\\/fr\\\/2026\\\/04\\\/29\\\/lever-de-rideau-sur-le-1er-festival-international-universitaire-du-film-de-ouarzazate\\\/\"]}]},{\"@type\":\"ImageObject\",\"inLanguage\":\"fr-FR\",\"@id\":\"https:\\\/\\\/dpress.ma\\\/fr\\\/2026\\\/04\\\/29\\\/lever-de-rideau-sur-le-1er-festival-international-universitaire-du-film-de-ouarzazate\\\/#primaryimage\",\"url\":\"https:\\\/\\\/dpress.ma\\\/fr\\\/wp-content\\\/uploads\\\/sites\\\/2\\\/2026\\\/04\\\/38-14.jpg\",\"contentUrl\":\"https:\\\/\\\/dpress.ma\\\/fr\\\/wp-content\\\/uploads\\\/sites\\\/2\\\/2026\\\/04\\\/38-14.jpg\",\"width\":2539,\"height\":1594},{\"@type\":\"BreadcrumbList\",\"@id\":\"https:\\\/\\\/dpress.ma\\\/fr\\\/2026\\\/04\\\/29\\\/lever-de-rideau-sur-le-1er-festival-international-universitaire-du-film-de-ouarzazate\\\/#breadcrumb\",\"itemListElement\":[{\"@type\":\"ListItem\",\"position\":1,\"name\":\"Home\",\"item\":\"https:\\\/\\\/dpress.ma\\\/fr\\\/\"},{\"@type\":\"ListItem\",\"position\":2,\"name\":\"Lever de rideau sur le 1er Festival International Universitaire du Film de Ouarzazate\"}]},{\"@type\":\"WebSite\",\"@id\":\"https:\\\/\\\/dpress.ma\\\/fr\\\/#website\",\"url\":\"https:\\\/\\\/dpress.ma\\\/fr\\\/\",\"name\":\"Dpress.ma\\\/fr\",\"description\":\"\",\"potentialAction\":[{\"@type\":\"SearchAction\",\"target\":{\"@type\":\"EntryPoint\",\"urlTemplate\":\"https:\\\/\\\/dpress.ma\\\/fr\\\/?s={search_term_string}\"},\"query-input\":{\"@type\":\"PropertyValueSpecification\",\"valueRequired\":true,\"valueName\":\"search_term_string\"}}],\"inLanguage\":\"fr-FR\"},{\"@type\":\"Person\",\"@id\":\"https:\\\/\\\/dpress.ma\\\/fr\\\/#\\\/schema\\\/person\\\/4898febf3ccd59e6578d838656a306a0\",\"name\":\"Dpress.ma\",\"image\":{\"@type\":\"ImageObject\",\"inLanguage\":\"fr-FR\",\"@id\":\"https:\\\/\\\/secure.gravatar.com\\\/avatar\\\/72ecc30e9db047a2e0e7176561eb9d564ed77c8108376495b19bd8336405198a?s=96&d=mm&r=g\",\"url\":\"https:\\\/\\\/secure.gravatar.com\\\/avatar\\\/72ecc30e9db047a2e0e7176561eb9d564ed77c8108376495b19bd8336405198a?s=96&d=mm&r=g\",\"contentUrl\":\"https:\\\/\\\/secure.gravatar.com\\\/avatar\\\/72ecc30e9db047a2e0e7176561eb9d564ed77c8108376495b19bd8336405198a?s=96&d=mm&r=g\",\"caption\":\"Dpress.ma\"},\"sameAs\":[\"https:\\\/\\\/www.dpress.ma\"],\"url\":\"https:\\\/\\\/dpress.ma\\\/fr\\\/author\\\/dpress-ma\\\/\"}]}<\/script>\n<!-- \/ Yoast SEO plugin. -->","yoast_head_json":{"title":"Lever de rideau sur le 1er Festival International Universitaire du Film de Ouarzazate - Dpress.ma\/fr","robots":{"index":"index","follow":"follow","max-snippet":"max-snippet:-1","max-image-preview":"max-image-preview:large","max-video-preview":"max-video-preview:-1"},"canonical":"https:\/\/dpress.ma\/fr\/2026\/04\/29\/lever-de-rideau-sur-le-1er-festival-international-universitaire-du-film-de-ouarzazate\/","og_locale":"fr_FR","og_type":"article","og_title":"Lever de rideau sur le 1er Festival International Universitaire du Film de Ouarzazate - Dpress.ma\/fr","og_description":"Dpress Le Mus\u00e9e du Cin\u00e9ma de Ouarzazate a accueilli, mardi soir, la c\u00e9r\u00e9monie d\u2019ouverture de la premi\u00e8re \u00e9dition du Festival International Universitaire du Film de Ouarzazate (OIUFF), organis\u00e9 \u00e0 l\u2019initiative de la Facult\u00e9 Polydisciplinaire de Ouarzazate et la Fondation Ouarzazate Film Cr\u00e9atif. S\u2019inscrivant dans le cadre de l\u2019ouverture de l\u2019universit\u00e9 sur son environnement culturel et &hellip;","og_url":"https:\/\/dpress.ma\/fr\/2026\/04\/29\/lever-de-rideau-sur-le-1er-festival-international-universitaire-du-film-de-ouarzazate\/","og_site_name":"Dpress.ma\/fr","article_published_time":"2026-04-29T14:19:20+00:00","article_modified_time":"2026-04-29T14:19:23+00:00","og_image":[{"width":2539,"height":1594,"url":"https:\/\/dpress.ma\/fr\/wp-content\/uploads\/sites\/2\/2026\/04\/38-14.jpg","type":"image\/jpeg"}],"author":"Dpress.ma","twitter_card":"summary_large_image","twitter_misc":{"\u00c9crit par":"Dpress.ma","Dur\u00e9e de lecture estim\u00e9e":"4 minutes"},"schema":{"@context":"https:\/\/schema.org","@graph":[{"@type":"Article","@id":"https:\/\/dpress.ma\/fr\/2026\/04\/29\/lever-de-rideau-sur-le-1er-festival-international-universitaire-du-film-de-ouarzazate\/#article","isPartOf":{"@id":"https:\/\/dpress.ma\/fr\/2026\/04\/29\/lever-de-rideau-sur-le-1er-festival-international-universitaire-du-film-de-ouarzazate\/"},"author":{"name":"Dpress.ma","@id":"https:\/\/dpress.ma\/fr\/#\/schema\/person\/4898febf3ccd59e6578d838656a306a0"},"headline":"Lever de rideau sur le 1er Festival International Universitaire du Film de Ouarzazate","datePublished":"2026-04-29T14:19:20+00:00","dateModified":"2026-04-29T14:19:23+00:00","mainEntityOfPage":{"@id":"https:\/\/dpress.ma\/fr\/2026\/04\/29\/lever-de-rideau-sur-le-1er-festival-international-universitaire-du-film-de-ouarzazate\/"},"wordCount":719,"commentCount":0,"image":{"@id":"https:\/\/dpress.ma\/fr\/2026\/04\/29\/lever-de-rideau-sur-le-1er-festival-international-universitaire-du-film-de-ouarzazate\/#primaryimage"},"thumbnailUrl":"https:\/\/dpress.ma\/fr\/wp-content\/uploads\/sites\/2\/2026\/04\/38-14.jpg","articleSection":["Art et Culture"],"inLanguage":"fr-FR","potentialAction":[{"@type":"CommentAction","name":"Comment","target":["https:\/\/dpress.ma\/fr\/2026\/04\/29\/lever-de-rideau-sur-le-1er-festival-international-universitaire-du-film-de-ouarzazate\/#respond"]}]},{"@type":"WebPage","@id":"https:\/\/dpress.ma\/fr\/2026\/04\/29\/lever-de-rideau-sur-le-1er-festival-international-universitaire-du-film-de-ouarzazate\/","url":"https:\/\/dpress.ma\/fr\/2026\/04\/29\/lever-de-rideau-sur-le-1er-festival-international-universitaire-du-film-de-ouarzazate\/","name":"Lever de rideau sur le 1er Festival International Universitaire du Film de Ouarzazate - Dpress.ma\/fr","isPartOf":{"@id":"https:\/\/dpress.ma\/fr\/#website"},"primaryImageOfPage":{"@id":"https:\/\/dpress.ma\/fr\/2026\/04\/29\/lever-de-rideau-sur-le-1er-festival-international-universitaire-du-film-de-ouarzazate\/#primaryimage"},"image":{"@id":"https:\/\/dpress.ma\/fr\/2026\/04\/29\/lever-de-rideau-sur-le-1er-festival-international-universitaire-du-film-de-ouarzazate\/#primaryimage"},"thumbnailUrl":"https:\/\/dpress.ma\/fr\/wp-content\/uploads\/sites\/2\/2026\/04\/38-14.jpg","datePublished":"2026-04-29T14:19:20+00:00","dateModified":"2026-04-29T14:19:23+00:00","author":{"@id":"https:\/\/dpress.ma\/fr\/#\/schema\/person\/4898febf3ccd59e6578d838656a306a0"},"breadcrumb":{"@id":"https:\/\/dpress.ma\/fr\/2026\/04\/29\/lever-de-rideau-sur-le-1er-festival-international-universitaire-du-film-de-ouarzazate\/#breadcrumb"},"inLanguage":"fr-FR","potentialAction":[{"@type":"ReadAction","target":["https:\/\/dpress.ma\/fr\/2026\/04\/29\/lever-de-rideau-sur-le-1er-festival-international-universitaire-du-film-de-ouarzazate\/"]}]},{"@type":"ImageObject","inLanguage":"fr-FR","@id":"https:\/\/dpress.ma\/fr\/2026\/04\/29\/lever-de-rideau-sur-le-1er-festival-international-universitaire-du-film-de-ouarzazate\/#primaryimage","url":"https:\/\/dpress.ma\/fr\/wp-content\/uploads\/sites\/2\/2026\/04\/38-14.jpg","contentUrl":"https:\/\/dpress.ma\/fr\/wp-content\/uploads\/sites\/2\/2026\/04\/38-14.jpg","width":2539,"height":1594},{"@type":"BreadcrumbList","@id":"https:\/\/dpress.ma\/fr\/2026\/04\/29\/lever-de-rideau-sur-le-1er-festival-international-universitaire-du-film-de-ouarzazate\/#breadcrumb","itemListElement":[{"@type":"ListItem","position":1,"name":"Home","item":"https:\/\/dpress.ma\/fr\/"},{"@type":"ListItem","position":2,"name":"Lever de rideau sur le 1er Festival International Universitaire du Film de Ouarzazate"}]},{"@type":"WebSite","@id":"https:\/\/dpress.ma\/fr\/#website","url":"https:\/\/dpress.ma\/fr\/","name":"Dpress.ma\/fr","description":"","potentialAction":[{"@type":"SearchAction","target":{"@type":"EntryPoint","urlTemplate":"https:\/\/dpress.ma\/fr\/?s={search_term_string}"},"query-input":{"@type":"PropertyValueSpecification","valueRequired":true,"valueName":"search_term_string"}}],"inLanguage":"fr-FR"},{"@type":"Person","@id":"https:\/\/dpress.ma\/fr\/#\/schema\/person\/4898febf3ccd59e6578d838656a306a0","name":"Dpress.ma","image":{"@type":"ImageObject","inLanguage":"fr-FR","@id":"https:\/\/secure.gravatar.com\/avatar\/72ecc30e9db047a2e0e7176561eb9d564ed77c8108376495b19bd8336405198a?s=96&d=mm&r=g","url":"https:\/\/secure.gravatar.com\/avatar\/72ecc30e9db047a2e0e7176561eb9d564ed77c8108376495b19bd8336405198a?s=96&d=mm&r=g","contentUrl":"https:\/\/secure.gravatar.com\/avatar\/72ecc30e9db047a2e0e7176561eb9d564ed77c8108376495b19bd8336405198a?s=96&d=mm&r=g","caption":"Dpress.ma"},"sameAs":["https:\/\/www.dpress.ma"],"url":"https:\/\/dpress.ma\/fr\/author\/dpress-ma\/"}]}},"amp_enabled":true,"_links":{"self":[{"href":"https:\/\/dpress.ma\/fr\/wp-json\/wp\/v2\/posts\/29629","targetHints":{"allow":["GET"]}}],"collection":[{"href":"https:\/\/dpress.ma\/fr\/wp-json\/wp\/v2\/posts"}],"about":[{"href":"https:\/\/dpress.ma\/fr\/wp-json\/wp\/v2\/types\/post"}],"author":[{"embeddable":true,"href":"https:\/\/dpress.ma\/fr\/wp-json\/wp\/v2\/users\/2"}],"replies":[{"embeddable":true,"href":"https:\/\/dpress.ma\/fr\/wp-json\/wp\/v2\/comments?post=29629"}],"version-history":[{"count":1,"href":"https:\/\/dpress.ma\/fr\/wp-json\/wp\/v2\/posts\/29629\/revisions"}],"predecessor-version":[{"id":29631,"href":"https:\/\/dpress.ma\/fr\/wp-json\/wp\/v2\/posts\/29629\/revisions\/29631"}],"wp:featuredmedia":[{"embeddable":true,"href":"https:\/\/dpress.ma\/fr\/wp-json\/wp\/v2\/media\/29630"}],"wp:attachment":[{"href":"https:\/\/dpress.ma\/fr\/wp-json\/wp\/v2\/media?parent=29629"}],"wp:term":[{"taxonomy":"category","embeddable":true,"href":"https:\/\/dpress.ma\/fr\/wp-json\/wp\/v2\/categories?post=29629"},{"taxonomy":"post_tag","embeddable":true,"href":"https:\/\/dpress.ma\/fr\/wp-json\/wp\/v2\/tags?post=29629"}],"curies":[{"name":"wp","href":"https:\/\/api.w.org\/{rel}","templated":true}]}}