{"id":29626,"date":"2026-04-29T14:17:37","date_gmt":"2026-04-29T14:17:37","guid":{"rendered":"https:\/\/dpress.ma\/fr\/?p=29626"},"modified":"2026-04-29T14:17:39","modified_gmt":"2026-04-29T14:17:39","slug":"el-jadida-celebration-du-centenaire-de-la-naissance-de-driss-chraibi","status":"publish","type":"post","link":"https:\/\/dpress.ma\/fr\/2026\/04\/29\/el-jadida-celebration-du-centenaire-de-la-naissance-de-driss-chraibi\/","title":{"rendered":"El Jadida : C\u00e9l\u00e9bration du centenaire de la naissance de Driss Chra\u00efbi"},"content":{"rendered":"\n<p>Dpress<\/p>\n\n\n\n<p>Le th\u00e9\u00e2tre de la Cit\u00e9 Portugaise \u00e0 El Jadida a abrit\u00e9 mardi soir une rencontre en c\u00e9l\u00e9bration du centenaire de la naissance du romancier Driss Chra\u00efbi, l\u2019un des \u00e9crivains les plus marquants de la litt\u00e9rature marocaine.<\/p>\n\n\n\n<p>Dans une d\u00e9claration \u00e0 la MAP, le directeur provincial de la Culture par int\u00e9rim \u00e0 El Jadida et Sidi Bennour, Redouane Khedid a affirm\u00e9 que cette c\u00e9l\u00e9bration dans la ville natale de l\u2019\u00e9crivain disparu cherche \u00e0 mettre en lumi\u00e8re son \u0153uvre, avant d\u2019ajouter que cet \u00e9v\u00e9nement se veut une passerelle entre les g\u00e9n\u00e9rations, avec l\u2019ambition de transmettre la richesse intellectuelle et l\u2019h\u00e9ritage culturel laiss\u00e9 par l\u2019auteur, entre autres, \u201cDu&nbsp;Pass\u00e9 simple\u201d et de \u201cL\u2019Homme qui venait du pass\u00e9\u201d.<\/p>\n\n\n\n<p>Pour sa part, Abdelouahed Mabrour, enseignant-chercheur au Laboratoire d\u2019\u00c9tudes et de Recherches sur l\u2019Interculturel, a soulign\u00e9 que cette comm\u00e9moration repr\u00e9sente une reconnaissance de l\u2019importance de l\u2019\u0153uvre romanesque de Driss Chra\u00efbi et de sa dimension universelle.<\/p>\n\n\n\n<p>Et de noter que cette c\u00e9l\u00e9bration du centenaire de Driss Chra\u00efbi se prolongera dans le cadre des activit\u00e9s programm\u00e9es lors de la toute prochaine \u00e9dition du Salon International de l\u2019Edition et du Livre de Rabat (1-10 mai).<\/p>\n\n\n\n<p>Autre d\u00e9claration recueillie par la MAP, celle de Sheena Chra\u00efbi, \u00e9pouse et ayant droit de l\u2019\u0153uvre de Driss Chraibi, qui s\u2019est dite sensible \u00e0 cet hommage rendu \u00e0 un grand \u00e9crivain avec l\u2019ambition de transmettre son h\u00e9ritage litt\u00e9raire et humaniste aux g\u00e9n\u00e9rations futures.<\/p>\n\n\n\n<p>Elle a aussi fait savoir que la programmation de cet \u00e9v\u00e9nement au Maroc et en France cherche surtout \u00e0 cibler les jeunes dans les \u00e9tablissements scolaires, sachant que le romancier disparu croyait intimement que \u201cLa jeunesse repr\u00e9sente l\u2019avenir du pays\u201d.<\/p>\n\n\n\n<p>Au programme de cette comm\u00e9moration en deux jours, on cite notamment une exposition de peintures et de photographies \u201cChra\u00efbi en images\u201d pr\u00e9vue jusqu\u2019au 9 mai prochain et pr\u00e9sentant les travaux d\u2019artistes locaux t\u00e9moignant de l\u2019influence de l\u2019\u0153uvre de Driss Chra\u00efbi dans leur propre cr\u00e9ation, outre des rencontres litt\u00e9raires, des spectacles de conte ou encore une soir\u00e9e de musique avec la Troupe Dar Al Malhoun \u00e0 Azemmour.<\/p>\n\n\n\n<p>Cette rencontre autour de l\u2019\u0153uvre et de la pens\u00e9e de Chra\u00efbi est organis\u00e9e avec l\u2019appui du minist\u00e8re de la Jeunesse, de la Culture et de la Communication ainsi que le Conseil de la Communaut\u00e9 Marocaine \u00e0 l\u2019Etranger (CCME), en partenariat avec notamment l\u2019Institut fran\u00e7ais d\u2019El Jadida,&nbsp;le Laboratoire d\u2019\u00c9tudes et de Recherches sur l\u2019Interculturel (LERIC) relevant de l\u2019Universit\u00e9 Choua\u00efb Doukkali, la Fondation Abdelouahed El Kadiri et&nbsp;l\u2019Association Provinciale des Affaires Culturelles d\u2019El Jadida (APAC).<\/p>\n","protected":false},"excerpt":{"rendered":"<p>Dpress Le th\u00e9\u00e2tre de la Cit\u00e9 Portugaise \u00e0 El Jadida a abrit\u00e9 mardi soir une rencontre en c\u00e9l\u00e9bration du centenaire de la naissance du romancier Driss Chra\u00efbi, l\u2019un des \u00e9crivains les plus marquants de la litt\u00e9rature marocaine. Dans une d\u00e9claration \u00e0 la MAP, le directeur provincial de la Culture par int\u00e9rim \u00e0 El Jadida et &hellip;<\/p>\n","protected":false},"author":2,"featured_media":29627,"comment_status":"open","ping_status":"open","sticky":false,"template":"","format":"standard","meta":{"footnotes":""},"categories":[31],"tags":[],"class_list":["post-29626","post","type-post","status-publish","format-standard","has-post-thumbnail","hentry","category-art-et-culture"],"yoast_head":"<!-- This site is optimized with the Yoast SEO plugin v27.5 - https:\/\/yoast.com\/product\/yoast-seo-wordpress\/ -->\n<title>El Jadida : C\u00e9l\u00e9bration du centenaire de la naissance de Driss Chra\u00efbi - Dpress.ma\/fr<\/title>\n<meta name=\"robots\" content=\"index, follow, max-snippet:-1, max-image-preview:large, max-video-preview:-1\" \/>\n<link rel=\"canonical\" href=\"https:\/\/dpress.ma\/fr\/2026\/04\/29\/el-jadida-celebration-du-centenaire-de-la-naissance-de-driss-chraibi\/\" \/>\n<meta property=\"og:locale\" content=\"fr_FR\" \/>\n<meta property=\"og:type\" content=\"article\" \/>\n<meta property=\"og:title\" content=\"El Jadida : C\u00e9l\u00e9bration du centenaire de la naissance de Driss Chra\u00efbi - Dpress.ma\/fr\" \/>\n<meta property=\"og:description\" content=\"Dpress Le th\u00e9\u00e2tre de la Cit\u00e9 Portugaise \u00e0 El Jadida a abrit\u00e9 mardi soir une rencontre en c\u00e9l\u00e9bration du centenaire de la naissance du romancier Driss Chra\u00efbi, l\u2019un des \u00e9crivains les plus marquants de la litt\u00e9rature marocaine. Dans une d\u00e9claration \u00e0 la MAP, le directeur provincial de la Culture par int\u00e9rim \u00e0 El Jadida et &hellip;\" \/>\n<meta property=\"og:url\" content=\"https:\/\/dpress.ma\/fr\/2026\/04\/29\/el-jadida-celebration-du-centenaire-de-la-naissance-de-driss-chraibi\/\" \/>\n<meta property=\"og:site_name\" content=\"Dpress.ma\/fr\" \/>\n<meta property=\"article:published_time\" content=\"2026-04-29T14:17:37+00:00\" \/>\n<meta property=\"article:modified_time\" content=\"2026-04-29T14:17:39+00:00\" \/>\n<meta property=\"og:image\" content=\"https:\/\/dpress.ma\/fr\/wp-content\/uploads\/sites\/2\/2026\/04\/375.jpg\" \/>\n\t<meta property=\"og:image:width\" content=\"2539\" \/>\n\t<meta property=\"og:image:height\" content=\"1594\" \/>\n\t<meta property=\"og:image:type\" content=\"image\/jpeg\" \/>\n<meta name=\"author\" content=\"Dpress.ma\" \/>\n<meta name=\"twitter:card\" content=\"summary_large_image\" \/>\n<meta name=\"twitter:label1\" content=\"\u00c9crit par\" \/>\n\t<meta name=\"twitter:data1\" content=\"Dpress.ma\" \/>\n\t<meta name=\"twitter:label2\" content=\"Dur\u00e9e de lecture estim\u00e9e\" \/>\n\t<meta name=\"twitter:data2\" content=\"3 minutes\" \/>\n<script type=\"application\/ld+json\" class=\"yoast-schema-graph\">{\"@context\":\"https:\\\/\\\/schema.org\",\"@graph\":[{\"@type\":\"Article\",\"@id\":\"https:\\\/\\\/dpress.ma\\\/fr\\\/2026\\\/04\\\/29\\\/el-jadida-celebration-du-centenaire-de-la-naissance-de-driss-chraibi\\\/#article\",\"isPartOf\":{\"@id\":\"https:\\\/\\\/dpress.ma\\\/fr\\\/2026\\\/04\\\/29\\\/el-jadida-celebration-du-centenaire-de-la-naissance-de-driss-chraibi\\\/\"},\"author\":{\"name\":\"Dpress.ma\",\"@id\":\"https:\\\/\\\/dpress.ma\\\/fr\\\/#\\\/schema\\\/person\\\/4898febf3ccd59e6578d838656a306a0\"},\"headline\":\"El Jadida : C\u00e9l\u00e9bration du centenaire de la naissance de Driss Chra\u00efbi\",\"datePublished\":\"2026-04-29T14:17:37+00:00\",\"dateModified\":\"2026-04-29T14:17:39+00:00\",\"mainEntityOfPage\":{\"@id\":\"https:\\\/\\\/dpress.ma\\\/fr\\\/2026\\\/04\\\/29\\\/el-jadida-celebration-du-centenaire-de-la-naissance-de-driss-chraibi\\\/\"},\"wordCount\":492,\"commentCount\":0,\"image\":{\"@id\":\"https:\\\/\\\/dpress.ma\\\/fr\\\/2026\\\/04\\\/29\\\/el-jadida-celebration-du-centenaire-de-la-naissance-de-driss-chraibi\\\/#primaryimage\"},\"thumbnailUrl\":\"https:\\\/\\\/dpress.ma\\\/fr\\\/wp-content\\\/uploads\\\/sites\\\/2\\\/2026\\\/04\\\/375.jpg\",\"articleSection\":[\"Art et Culture\"],\"inLanguage\":\"fr-FR\",\"potentialAction\":[{\"@type\":\"CommentAction\",\"name\":\"Comment\",\"target\":[\"https:\\\/\\\/dpress.ma\\\/fr\\\/2026\\\/04\\\/29\\\/el-jadida-celebration-du-centenaire-de-la-naissance-de-driss-chraibi\\\/#respond\"]}]},{\"@type\":\"WebPage\",\"@id\":\"https:\\\/\\\/dpress.ma\\\/fr\\\/2026\\\/04\\\/29\\\/el-jadida-celebration-du-centenaire-de-la-naissance-de-driss-chraibi\\\/\",\"url\":\"https:\\\/\\\/dpress.ma\\\/fr\\\/2026\\\/04\\\/29\\\/el-jadida-celebration-du-centenaire-de-la-naissance-de-driss-chraibi\\\/\",\"name\":\"El Jadida : C\u00e9l\u00e9bration du centenaire de la naissance de Driss Chra\u00efbi - Dpress.ma\\\/fr\",\"isPartOf\":{\"@id\":\"https:\\\/\\\/dpress.ma\\\/fr\\\/#website\"},\"primaryImageOfPage\":{\"@id\":\"https:\\\/\\\/dpress.ma\\\/fr\\\/2026\\\/04\\\/29\\\/el-jadida-celebration-du-centenaire-de-la-naissance-de-driss-chraibi\\\/#primaryimage\"},\"image\":{\"@id\":\"https:\\\/\\\/dpress.ma\\\/fr\\\/2026\\\/04\\\/29\\\/el-jadida-celebration-du-centenaire-de-la-naissance-de-driss-chraibi\\\/#primaryimage\"},\"thumbnailUrl\":\"https:\\\/\\\/dpress.ma\\\/fr\\\/wp-content\\\/uploads\\\/sites\\\/2\\\/2026\\\/04\\\/375.jpg\",\"datePublished\":\"2026-04-29T14:17:37+00:00\",\"dateModified\":\"2026-04-29T14:17:39+00:00\",\"author\":{\"@id\":\"https:\\\/\\\/dpress.ma\\\/fr\\\/#\\\/schema\\\/person\\\/4898febf3ccd59e6578d838656a306a0\"},\"breadcrumb\":{\"@id\":\"https:\\\/\\\/dpress.ma\\\/fr\\\/2026\\\/04\\\/29\\\/el-jadida-celebration-du-centenaire-de-la-naissance-de-driss-chraibi\\\/#breadcrumb\"},\"inLanguage\":\"fr-FR\",\"potentialAction\":[{\"@type\":\"ReadAction\",\"target\":[\"https:\\\/\\\/dpress.ma\\\/fr\\\/2026\\\/04\\\/29\\\/el-jadida-celebration-du-centenaire-de-la-naissance-de-driss-chraibi\\\/\"]}]},{\"@type\":\"ImageObject\",\"inLanguage\":\"fr-FR\",\"@id\":\"https:\\\/\\\/dpress.ma\\\/fr\\\/2026\\\/04\\\/29\\\/el-jadida-celebration-du-centenaire-de-la-naissance-de-driss-chraibi\\\/#primaryimage\",\"url\":\"https:\\\/\\\/dpress.ma\\\/fr\\\/wp-content\\\/uploads\\\/sites\\\/2\\\/2026\\\/04\\\/375.jpg\",\"contentUrl\":\"https:\\\/\\\/dpress.ma\\\/fr\\\/wp-content\\\/uploads\\\/sites\\\/2\\\/2026\\\/04\\\/375.jpg\",\"width\":2539,\"height\":1594},{\"@type\":\"BreadcrumbList\",\"@id\":\"https:\\\/\\\/dpress.ma\\\/fr\\\/2026\\\/04\\\/29\\\/el-jadida-celebration-du-centenaire-de-la-naissance-de-driss-chraibi\\\/#breadcrumb\",\"itemListElement\":[{\"@type\":\"ListItem\",\"position\":1,\"name\":\"Home\",\"item\":\"https:\\\/\\\/dpress.ma\\\/fr\\\/\"},{\"@type\":\"ListItem\",\"position\":2,\"name\":\"El Jadida : C\u00e9l\u00e9bration du centenaire de la naissance de Driss Chra\u00efbi\"}]},{\"@type\":\"WebSite\",\"@id\":\"https:\\\/\\\/dpress.ma\\\/fr\\\/#website\",\"url\":\"https:\\\/\\\/dpress.ma\\\/fr\\\/\",\"name\":\"Dpress.ma\\\/fr\",\"description\":\"\",\"potentialAction\":[{\"@type\":\"SearchAction\",\"target\":{\"@type\":\"EntryPoint\",\"urlTemplate\":\"https:\\\/\\\/dpress.ma\\\/fr\\\/?s={search_term_string}\"},\"query-input\":{\"@type\":\"PropertyValueSpecification\",\"valueRequired\":true,\"valueName\":\"search_term_string\"}}],\"inLanguage\":\"fr-FR\"},{\"@type\":\"Person\",\"@id\":\"https:\\\/\\\/dpress.ma\\\/fr\\\/#\\\/schema\\\/person\\\/4898febf3ccd59e6578d838656a306a0\",\"name\":\"Dpress.ma\",\"image\":{\"@type\":\"ImageObject\",\"inLanguage\":\"fr-FR\",\"@id\":\"https:\\\/\\\/secure.gravatar.com\\\/avatar\\\/72ecc30e9db047a2e0e7176561eb9d564ed77c8108376495b19bd8336405198a?s=96&d=mm&r=g\",\"url\":\"https:\\\/\\\/secure.gravatar.com\\\/avatar\\\/72ecc30e9db047a2e0e7176561eb9d564ed77c8108376495b19bd8336405198a?s=96&d=mm&r=g\",\"contentUrl\":\"https:\\\/\\\/secure.gravatar.com\\\/avatar\\\/72ecc30e9db047a2e0e7176561eb9d564ed77c8108376495b19bd8336405198a?s=96&d=mm&r=g\",\"caption\":\"Dpress.ma\"},\"sameAs\":[\"https:\\\/\\\/www.dpress.ma\"],\"url\":\"https:\\\/\\\/dpress.ma\\\/fr\\\/author\\\/dpress-ma\\\/\"}]}<\/script>\n<!-- \/ Yoast SEO plugin. -->","yoast_head_json":{"title":"El Jadida : C\u00e9l\u00e9bration du centenaire de la naissance de Driss Chra\u00efbi - Dpress.ma\/fr","robots":{"index":"index","follow":"follow","max-snippet":"max-snippet:-1","max-image-preview":"max-image-preview:large","max-video-preview":"max-video-preview:-1"},"canonical":"https:\/\/dpress.ma\/fr\/2026\/04\/29\/el-jadida-celebration-du-centenaire-de-la-naissance-de-driss-chraibi\/","og_locale":"fr_FR","og_type":"article","og_title":"El Jadida : C\u00e9l\u00e9bration du centenaire de la naissance de Driss Chra\u00efbi - Dpress.ma\/fr","og_description":"Dpress Le th\u00e9\u00e2tre de la Cit\u00e9 Portugaise \u00e0 El Jadida a abrit\u00e9 mardi soir une rencontre en c\u00e9l\u00e9bration du centenaire de la naissance du romancier Driss Chra\u00efbi, l\u2019un des \u00e9crivains les plus marquants de la litt\u00e9rature marocaine. Dans une d\u00e9claration \u00e0 la MAP, le directeur provincial de la Culture par int\u00e9rim \u00e0 El Jadida et &hellip;","og_url":"https:\/\/dpress.ma\/fr\/2026\/04\/29\/el-jadida-celebration-du-centenaire-de-la-naissance-de-driss-chraibi\/","og_site_name":"Dpress.ma\/fr","article_published_time":"2026-04-29T14:17:37+00:00","article_modified_time":"2026-04-29T14:17:39+00:00","og_image":[{"width":2539,"height":1594,"url":"https:\/\/dpress.ma\/fr\/wp-content\/uploads\/sites\/2\/2026\/04\/375.jpg","type":"image\/jpeg"}],"author":"Dpress.ma","twitter_card":"summary_large_image","twitter_misc":{"\u00c9crit par":"Dpress.ma","Dur\u00e9e de lecture estim\u00e9e":"3 minutes"},"schema":{"@context":"https:\/\/schema.org","@graph":[{"@type":"Article","@id":"https:\/\/dpress.ma\/fr\/2026\/04\/29\/el-jadida-celebration-du-centenaire-de-la-naissance-de-driss-chraibi\/#article","isPartOf":{"@id":"https:\/\/dpress.ma\/fr\/2026\/04\/29\/el-jadida-celebration-du-centenaire-de-la-naissance-de-driss-chraibi\/"},"author":{"name":"Dpress.ma","@id":"https:\/\/dpress.ma\/fr\/#\/schema\/person\/4898febf3ccd59e6578d838656a306a0"},"headline":"El Jadida : C\u00e9l\u00e9bration du centenaire de la naissance de Driss Chra\u00efbi","datePublished":"2026-04-29T14:17:37+00:00","dateModified":"2026-04-29T14:17:39+00:00","mainEntityOfPage":{"@id":"https:\/\/dpress.ma\/fr\/2026\/04\/29\/el-jadida-celebration-du-centenaire-de-la-naissance-de-driss-chraibi\/"},"wordCount":492,"commentCount":0,"image":{"@id":"https:\/\/dpress.ma\/fr\/2026\/04\/29\/el-jadida-celebration-du-centenaire-de-la-naissance-de-driss-chraibi\/#primaryimage"},"thumbnailUrl":"https:\/\/dpress.ma\/fr\/wp-content\/uploads\/sites\/2\/2026\/04\/375.jpg","articleSection":["Art et Culture"],"inLanguage":"fr-FR","potentialAction":[{"@type":"CommentAction","name":"Comment","target":["https:\/\/dpress.ma\/fr\/2026\/04\/29\/el-jadida-celebration-du-centenaire-de-la-naissance-de-driss-chraibi\/#respond"]}]},{"@type":"WebPage","@id":"https:\/\/dpress.ma\/fr\/2026\/04\/29\/el-jadida-celebration-du-centenaire-de-la-naissance-de-driss-chraibi\/","url":"https:\/\/dpress.ma\/fr\/2026\/04\/29\/el-jadida-celebration-du-centenaire-de-la-naissance-de-driss-chraibi\/","name":"El Jadida : C\u00e9l\u00e9bration du centenaire de la naissance de Driss Chra\u00efbi - Dpress.ma\/fr","isPartOf":{"@id":"https:\/\/dpress.ma\/fr\/#website"},"primaryImageOfPage":{"@id":"https:\/\/dpress.ma\/fr\/2026\/04\/29\/el-jadida-celebration-du-centenaire-de-la-naissance-de-driss-chraibi\/#primaryimage"},"image":{"@id":"https:\/\/dpress.ma\/fr\/2026\/04\/29\/el-jadida-celebration-du-centenaire-de-la-naissance-de-driss-chraibi\/#primaryimage"},"thumbnailUrl":"https:\/\/dpress.ma\/fr\/wp-content\/uploads\/sites\/2\/2026\/04\/375.jpg","datePublished":"2026-04-29T14:17:37+00:00","dateModified":"2026-04-29T14:17:39+00:00","author":{"@id":"https:\/\/dpress.ma\/fr\/#\/schema\/person\/4898febf3ccd59e6578d838656a306a0"},"breadcrumb":{"@id":"https:\/\/dpress.ma\/fr\/2026\/04\/29\/el-jadida-celebration-du-centenaire-de-la-naissance-de-driss-chraibi\/#breadcrumb"},"inLanguage":"fr-FR","potentialAction":[{"@type":"ReadAction","target":["https:\/\/dpress.ma\/fr\/2026\/04\/29\/el-jadida-celebration-du-centenaire-de-la-naissance-de-driss-chraibi\/"]}]},{"@type":"ImageObject","inLanguage":"fr-FR","@id":"https:\/\/dpress.ma\/fr\/2026\/04\/29\/el-jadida-celebration-du-centenaire-de-la-naissance-de-driss-chraibi\/#primaryimage","url":"https:\/\/dpress.ma\/fr\/wp-content\/uploads\/sites\/2\/2026\/04\/375.jpg","contentUrl":"https:\/\/dpress.ma\/fr\/wp-content\/uploads\/sites\/2\/2026\/04\/375.jpg","width":2539,"height":1594},{"@type":"BreadcrumbList","@id":"https:\/\/dpress.ma\/fr\/2026\/04\/29\/el-jadida-celebration-du-centenaire-de-la-naissance-de-driss-chraibi\/#breadcrumb","itemListElement":[{"@type":"ListItem","position":1,"name":"Home","item":"https:\/\/dpress.ma\/fr\/"},{"@type":"ListItem","position":2,"name":"El Jadida : C\u00e9l\u00e9bration du centenaire de la naissance de Driss Chra\u00efbi"}]},{"@type":"WebSite","@id":"https:\/\/dpress.ma\/fr\/#website","url":"https:\/\/dpress.ma\/fr\/","name":"Dpress.ma\/fr","description":"","potentialAction":[{"@type":"SearchAction","target":{"@type":"EntryPoint","urlTemplate":"https:\/\/dpress.ma\/fr\/?s={search_term_string}"},"query-input":{"@type":"PropertyValueSpecification","valueRequired":true,"valueName":"search_term_string"}}],"inLanguage":"fr-FR"},{"@type":"Person","@id":"https:\/\/dpress.ma\/fr\/#\/schema\/person\/4898febf3ccd59e6578d838656a306a0","name":"Dpress.ma","image":{"@type":"ImageObject","inLanguage":"fr-FR","@id":"https:\/\/secure.gravatar.com\/avatar\/72ecc30e9db047a2e0e7176561eb9d564ed77c8108376495b19bd8336405198a?s=96&d=mm&r=g","url":"https:\/\/secure.gravatar.com\/avatar\/72ecc30e9db047a2e0e7176561eb9d564ed77c8108376495b19bd8336405198a?s=96&d=mm&r=g","contentUrl":"https:\/\/secure.gravatar.com\/avatar\/72ecc30e9db047a2e0e7176561eb9d564ed77c8108376495b19bd8336405198a?s=96&d=mm&r=g","caption":"Dpress.ma"},"sameAs":["https:\/\/www.dpress.ma"],"url":"https:\/\/dpress.ma\/fr\/author\/dpress-ma\/"}]}},"amp_enabled":true,"_links":{"self":[{"href":"https:\/\/dpress.ma\/fr\/wp-json\/wp\/v2\/posts\/29626","targetHints":{"allow":["GET"]}}],"collection":[{"href":"https:\/\/dpress.ma\/fr\/wp-json\/wp\/v2\/posts"}],"about":[{"href":"https:\/\/dpress.ma\/fr\/wp-json\/wp\/v2\/types\/post"}],"author":[{"embeddable":true,"href":"https:\/\/dpress.ma\/fr\/wp-json\/wp\/v2\/users\/2"}],"replies":[{"embeddable":true,"href":"https:\/\/dpress.ma\/fr\/wp-json\/wp\/v2\/comments?post=29626"}],"version-history":[{"count":1,"href":"https:\/\/dpress.ma\/fr\/wp-json\/wp\/v2\/posts\/29626\/revisions"}],"predecessor-version":[{"id":29628,"href":"https:\/\/dpress.ma\/fr\/wp-json\/wp\/v2\/posts\/29626\/revisions\/29628"}],"wp:featuredmedia":[{"embeddable":true,"href":"https:\/\/dpress.ma\/fr\/wp-json\/wp\/v2\/media\/29627"}],"wp:attachment":[{"href":"https:\/\/dpress.ma\/fr\/wp-json\/wp\/v2\/media?parent=29626"}],"wp:term":[{"taxonomy":"category","embeddable":true,"href":"https:\/\/dpress.ma\/fr\/wp-json\/wp\/v2\/categories?post=29626"},{"taxonomy":"post_tag","embeddable":true,"href":"https:\/\/dpress.ma\/fr\/wp-json\/wp\/v2\/tags?post=29626"}],"curies":[{"name":"wp","href":"https:\/\/api.w.org\/{rel}","templated":true}]}}