{"id":29623,"date":"2026-04-29T14:14:55","date_gmt":"2026-04-29T14:14:55","guid":{"rendered":"https:\/\/dpress.ma\/fr\/?p=29623"},"modified":"2026-04-29T14:14:57","modified_gmt":"2026-04-29T14:14:57","slug":"la-1ere-edition-de-tiqqa-dor-rend-hommage-a-des-personnalites-marocaines-inspirantes","status":"publish","type":"post","link":"https:\/\/dpress.ma\/fr\/2026\/04\/29\/la-1ere-edition-de-tiqqa-dor-rend-hommage-a-des-personnalites-marocaines-inspirantes\/","title":{"rendered":"La 1\u00e8re \u00e9dition de \u201cTiqqa d\u2019Or\u201d rend hommage \u00e0 des personnalit\u00e9s marocaines inspirantes"},"content":{"rendered":"\n<p>Dpress<\/p>\n\n\n\n<p>Un hommage appuy\u00e9 a \u00e9t\u00e9 rendu, mardi soir au Th\u00e9\u00e2tre national Mohammed V de Rabat, \u00e0 des personnalit\u00e9s ayant marqu\u00e9 la soci\u00e9t\u00e9 par leurs contributions professionnelles, humaines et citoyennes, \u00e0 l\u2019occasion de la premi\u00e8re \u00e9dition de l\u2019initiative \u201cTiqqa d\u2019Or\u201d.<\/p>\n\n\n\n<p>Organis\u00e9e par la plateforme \u201cTiqqa\u201d dans une atmosph\u00e8re empreinte d\u2019\u00e9motion et de reconnaissance, cette c\u00e9r\u00e9monie a mis \u00e0 l\u2019honneur des personnalit\u00e9s issues de divers horizons, dont les parcours incarnent les valeurs de transmission, d\u2019engagement et de solidarit\u00e9.<\/p>\n\n\n\n<p>\u00c0 travers une sc\u00e9nographie sobre et \u00e9l\u00e9gante, ponctu\u00e9e de s\u00e9quences artistiques et de t\u00e9moignages, l\u2019\u00e9v\u00e9nement a c\u00e9l\u00e9br\u00e9 des itin\u00e9raires de vie ayant contribu\u00e9 au rayonnement du Maroc dans plusieurs domaines, notamment la culture, les sciences, l\u2019entrepreneuriat, le sport, l\u2019action sociale et les m\u00e9dias.<\/p>\n\n\n\n<p>Lors de cette c\u00e9r\u00e9monie qui s\u2019est d\u00e9roul\u00e9e en pr\u00e9sence, notamment, du ministre de la Jeunesse, de la Culture et de la Communication, Mohamed Mehdi Bensaid, et du ministre de l\u2019Inclusion \u00e9conomique, de la Petite entreprise, de l\u2019Emploi et des Comp\u00e9tences, Younes Sekkouri, il a \u00e9t\u00e9 proc\u00e9d\u00e9 \u00e0 la signature d\u2019une convention de partenariat strat\u00e9gique entre Tiqqa et Cr\u00e9dit Agricole du Maroc.<\/p>\n\n\n\n<p>S\u2019exprimant \u00e0 cette occasion, le cofondateur de \u201cTiqqa\u201d, Tarik Hajji, a soulign\u00e9 que la c\u00e9l\u00e9bration de ces parcours d\u2019exception constitue, dans son essence, une c\u00e9l\u00e9bration de valeurs nobles qui sont le fondement de toute construction humaine et soci\u00e9tale. M.&nbsp;Hajji a tenu, par l\u00e0-m\u00eame, \u00e0 remercier les partenaires et mentors pour leurs efforts qui ont permis \u00e0 cette initiative de voir le jour.<\/p>\n\n\n\n<p>De son c\u00f4t\u00e9, le pr\u00e9sident du Directoire du Cr\u00e9dit Agricole du Maroc, Mohamed Fikrat, a indiqu\u00e9 que \u201cTiqqa d\u2019Or\u201d constitue l\u2019occasion de c\u00e9l\u00e9brer des parcours professionnels exemplaires de femmes et d\u2019hommes ayant contribu\u00e9, chacun depuis son domaine d\u2019action, \u00e0 l\u2019\u00e9dification de la Nation gr\u00e2ce \u00e0 leur engagement, leur sens de responsabilit\u00e9 ainsi qu\u2019aux valeurs de g\u00e9n\u00e9rosit\u00e9, de solidarit\u00e9 et de partage de l\u2019expertise qu\u2019ils ont port\u00e9es tout au long de leur carri\u00e8re.<\/p>\n\n\n\n<p>Selon M. Fikrat, le groupe Cr\u00e9dit Agricole du Maroc accorde une importance particuli\u00e8re \u00e0 cette dimension, en tant qu\u2019institution tourn\u00e9e vers l\u2019avenir, tout en veillant \u00e0 reconna\u00eetre la contribution de celles et ceux ayant particip\u00e9 \u00e0 sa construction et \u00e0 l\u2019ancrage de ses valeurs au fil du temps.<\/p>\n\n\n\n<p>Lors de cette c\u00e9r\u00e9monie, les Prix \u201cTiqqa d\u2019Or\u201d ont \u00e9t\u00e9 d\u00e9cern\u00e9s \u00e0 plusieurs personnalit\u00e9s marocaines en reconnaissance de leurs parcours et contributions dans divers domaines. Dans la cat\u00e9gorie \u201cArts et Culture\u201d, le prix a \u00e9t\u00e9 remis \u00e0 l\u2019humoriste et acteur marocain Mohamed El Jem.<\/p>\n\n\n\n<p>Le prix de la cat\u00e9gorie \u201cSciences et Sant\u00e9\u201d a \u00e9t\u00e9 attribu\u00e9 \u00e0 la chercheuse Rajae Cherkaoui El Moursli, tandis que celui de la cat\u00e9gorie \u201cMonde rural et Territoires\u201d est revenu \u00e0 Ahmed Ouayach.<\/p>\n\n\n\n<p>Dans la cat\u00e9gorie \u201cMarocains du monde\u201d, le prix a \u00e9t\u00e9 d\u00e9cern\u00e9 au m\u00e9decin cardiologue Abderrahman Machraoui, alors que&nbsp;l\u2019homme d\u2019affaires Mohamed Hourani a \u00e9t\u00e9 remport\u00e9 le prix \u201cEntrepreneuriat et \u00c9conomie\u201d.<\/p>\n\n\n\n<p>Le prix de \u201cl\u2019Engagement social et de la Solidarit\u00e9\u201d a \u00e9t\u00e9 attribu\u00e9 \u00e0 Moulay Driss El Mechtani Idrissi, tandis que \u201cSport et D\u00e9passement de soi\u201d a r\u00e9compens\u00e9 l\u2019ancien footballeur Aziz Boudarbala.<\/p>\n\n\n\n<p>Dans la cat\u00e9gorie \u201cArtisanat et Savoir-faire\u201d, le prix est revenu \u00e0 l\u2019artisan Said Benadiba, alors que le prix \u201cCoup de c\u0153ur\u201d est revenu \u00e0 Rachid Sebbahi.&nbsp;Par ailleurs, la journaliste Touria Souaf a remport\u00e9 le&nbsp;prix \u201cM\u00e9dias et Journalisme\u201d.<\/p>\n\n\n\n<p>Enfin, le \u201cTiqqa d\u2019Or d\u2019honneur\u201d a \u00e9t\u00e9 remis au chanteur et compositeur Abdelwahab Doukkali, en reconnaissance de l\u2019ensemble de son parcours artistique et de sa contribution au rayonnement de la culture marocaine.<\/p>\n\n\n\n<p>\u00c0 travers cette initiative, \u201cTiqqa d\u2019Or\u201d ambitionne d\u2019inscrire dans le paysage national un rendez-vous de r\u00e9f\u00e9rence consacr\u00e9 \u00e0 l\u2019hommage public \u00e0 celles et ceux qui incarnent la m\u00e9moire vivante du pays, la force de l\u2019exp\u00e9rience, la dignit\u00e9 de l\u2019engagement et l\u2019exigence de transmission entre les g\u00e9n\u00e9rations. \u201cTiqqa\u201d constitue la premi\u00e8re offre de services compl\u00e8te, 100% marocaine, d\u00e9di\u00e9e aux seniors de plus de 60 ans.<\/p>\n","protected":false},"excerpt":{"rendered":"<p>Dpress Un hommage appuy\u00e9 a \u00e9t\u00e9 rendu, mardi soir au Th\u00e9\u00e2tre national Mohammed V de Rabat, \u00e0 des personnalit\u00e9s ayant marqu\u00e9 la soci\u00e9t\u00e9 par leurs contributions professionnelles, humaines et citoyennes, \u00e0 l\u2019occasion de la premi\u00e8re \u00e9dition de l\u2019initiative \u201cTiqqa d\u2019Or\u201d. Organis\u00e9e par la plateforme \u201cTiqqa\u201d dans une atmosph\u00e8re empreinte d\u2019\u00e9motion et de reconnaissance, cette c\u00e9r\u00e9monie &hellip;<\/p>\n","protected":false},"author":2,"featured_media":29624,"comment_status":"open","ping_status":"open","sticky":false,"template":"","format":"standard","meta":{"footnotes":""},"categories":[31],"tags":[],"class_list":["post-29623","post","type-post","status-publish","format-standard","has-post-thumbnail","hentry","category-art-et-culture"],"yoast_head":"<!-- This site is optimized with the Yoast SEO plugin v27.5 - https:\/\/yoast.com\/product\/yoast-seo-wordpress\/ -->\n<title>La 1\u00e8re \u00e9dition de \u201cTiqqa d\u2019Or\u201d rend hommage \u00e0 des personnalit\u00e9s marocaines inspirantes - Dpress.ma\/fr<\/title>\n<meta name=\"robots\" content=\"index, follow, max-snippet:-1, max-image-preview:large, max-video-preview:-1\" \/>\n<link rel=\"canonical\" href=\"https:\/\/dpress.ma\/fr\/2026\/04\/29\/la-1ere-edition-de-tiqqa-dor-rend-hommage-a-des-personnalites-marocaines-inspirantes\/\" \/>\n<meta property=\"og:locale\" content=\"fr_FR\" \/>\n<meta property=\"og:type\" content=\"article\" \/>\n<meta property=\"og:title\" content=\"La 1\u00e8re \u00e9dition de \u201cTiqqa d\u2019Or\u201d rend hommage \u00e0 des personnalit\u00e9s marocaines inspirantes - Dpress.ma\/fr\" \/>\n<meta property=\"og:description\" content=\"Dpress Un hommage appuy\u00e9 a \u00e9t\u00e9 rendu, mardi soir au Th\u00e9\u00e2tre national Mohammed V de Rabat, \u00e0 des personnalit\u00e9s ayant marqu\u00e9 la soci\u00e9t\u00e9 par leurs contributions professionnelles, humaines et citoyennes, \u00e0 l\u2019occasion de la premi\u00e8re \u00e9dition de l\u2019initiative \u201cTiqqa d\u2019Or\u201d. Organis\u00e9e par la plateforme \u201cTiqqa\u201d dans une atmosph\u00e8re empreinte d\u2019\u00e9motion et de reconnaissance, cette c\u00e9r\u00e9monie &hellip;\" \/>\n<meta property=\"og:url\" content=\"https:\/\/dpress.ma\/fr\/2026\/04\/29\/la-1ere-edition-de-tiqqa-dor-rend-hommage-a-des-personnalites-marocaines-inspirantes\/\" \/>\n<meta property=\"og:site_name\" content=\"Dpress.ma\/fr\" \/>\n<meta property=\"article:published_time\" content=\"2026-04-29T14:14:55+00:00\" \/>\n<meta property=\"article:modified_time\" content=\"2026-04-29T14:14:57+00:00\" \/>\n<meta property=\"og:image\" content=\"https:\/\/dpress.ma\/fr\/wp-content\/uploads\/sites\/2\/2026\/04\/363.jpg\" \/>\n\t<meta property=\"og:image:width\" content=\"2539\" \/>\n\t<meta property=\"og:image:height\" content=\"1594\" \/>\n\t<meta property=\"og:image:type\" content=\"image\/jpeg\" \/>\n<meta name=\"author\" content=\"Dpress.ma\" \/>\n<meta name=\"twitter:card\" content=\"summary_large_image\" \/>\n<meta name=\"twitter:label1\" content=\"\u00c9crit par\" \/>\n\t<meta name=\"twitter:data1\" content=\"Dpress.ma\" \/>\n\t<meta name=\"twitter:label2\" content=\"Dur\u00e9e de lecture estim\u00e9e\" \/>\n\t<meta name=\"twitter:data2\" content=\"4 minutes\" \/>\n<script type=\"application\/ld+json\" class=\"yoast-schema-graph\">{\"@context\":\"https:\\\/\\\/schema.org\",\"@graph\":[{\"@type\":\"Article\",\"@id\":\"https:\\\/\\\/dpress.ma\\\/fr\\\/2026\\\/04\\\/29\\\/la-1ere-edition-de-tiqqa-dor-rend-hommage-a-des-personnalites-marocaines-inspirantes\\\/#article\",\"isPartOf\":{\"@id\":\"https:\\\/\\\/dpress.ma\\\/fr\\\/2026\\\/04\\\/29\\\/la-1ere-edition-de-tiqqa-dor-rend-hommage-a-des-personnalites-marocaines-inspirantes\\\/\"},\"author\":{\"name\":\"Dpress.ma\",\"@id\":\"https:\\\/\\\/dpress.ma\\\/fr\\\/#\\\/schema\\\/person\\\/4898febf3ccd59e6578d838656a306a0\"},\"headline\":\"La 1\u00e8re \u00e9dition de \u201cTiqqa d\u2019Or\u201d rend hommage \u00e0 des personnalit\u00e9s marocaines inspirantes\",\"datePublished\":\"2026-04-29T14:14:55+00:00\",\"dateModified\":\"2026-04-29T14:14:57+00:00\",\"mainEntityOfPage\":{\"@id\":\"https:\\\/\\\/dpress.ma\\\/fr\\\/2026\\\/04\\\/29\\\/la-1ere-edition-de-tiqqa-dor-rend-hommage-a-des-personnalites-marocaines-inspirantes\\\/\"},\"wordCount\":746,\"commentCount\":0,\"image\":{\"@id\":\"https:\\\/\\\/dpress.ma\\\/fr\\\/2026\\\/04\\\/29\\\/la-1ere-edition-de-tiqqa-dor-rend-hommage-a-des-personnalites-marocaines-inspirantes\\\/#primaryimage\"},\"thumbnailUrl\":\"https:\\\/\\\/dpress.ma\\\/fr\\\/wp-content\\\/uploads\\\/sites\\\/2\\\/2026\\\/04\\\/363.jpg\",\"articleSection\":[\"Art et Culture\"],\"inLanguage\":\"fr-FR\",\"potentialAction\":[{\"@type\":\"CommentAction\",\"name\":\"Comment\",\"target\":[\"https:\\\/\\\/dpress.ma\\\/fr\\\/2026\\\/04\\\/29\\\/la-1ere-edition-de-tiqqa-dor-rend-hommage-a-des-personnalites-marocaines-inspirantes\\\/#respond\"]}]},{\"@type\":\"WebPage\",\"@id\":\"https:\\\/\\\/dpress.ma\\\/fr\\\/2026\\\/04\\\/29\\\/la-1ere-edition-de-tiqqa-dor-rend-hommage-a-des-personnalites-marocaines-inspirantes\\\/\",\"url\":\"https:\\\/\\\/dpress.ma\\\/fr\\\/2026\\\/04\\\/29\\\/la-1ere-edition-de-tiqqa-dor-rend-hommage-a-des-personnalites-marocaines-inspirantes\\\/\",\"name\":\"La 1\u00e8re \u00e9dition de \u201cTiqqa d\u2019Or\u201d rend hommage \u00e0 des personnalit\u00e9s marocaines inspirantes - Dpress.ma\\\/fr\",\"isPartOf\":{\"@id\":\"https:\\\/\\\/dpress.ma\\\/fr\\\/#website\"},\"primaryImageOfPage\":{\"@id\":\"https:\\\/\\\/dpress.ma\\\/fr\\\/2026\\\/04\\\/29\\\/la-1ere-edition-de-tiqqa-dor-rend-hommage-a-des-personnalites-marocaines-inspirantes\\\/#primaryimage\"},\"image\":{\"@id\":\"https:\\\/\\\/dpress.ma\\\/fr\\\/2026\\\/04\\\/29\\\/la-1ere-edition-de-tiqqa-dor-rend-hommage-a-des-personnalites-marocaines-inspirantes\\\/#primaryimage\"},\"thumbnailUrl\":\"https:\\\/\\\/dpress.ma\\\/fr\\\/wp-content\\\/uploads\\\/sites\\\/2\\\/2026\\\/04\\\/363.jpg\",\"datePublished\":\"2026-04-29T14:14:55+00:00\",\"dateModified\":\"2026-04-29T14:14:57+00:00\",\"author\":{\"@id\":\"https:\\\/\\\/dpress.ma\\\/fr\\\/#\\\/schema\\\/person\\\/4898febf3ccd59e6578d838656a306a0\"},\"breadcrumb\":{\"@id\":\"https:\\\/\\\/dpress.ma\\\/fr\\\/2026\\\/04\\\/29\\\/la-1ere-edition-de-tiqqa-dor-rend-hommage-a-des-personnalites-marocaines-inspirantes\\\/#breadcrumb\"},\"inLanguage\":\"fr-FR\",\"potentialAction\":[{\"@type\":\"ReadAction\",\"target\":[\"https:\\\/\\\/dpress.ma\\\/fr\\\/2026\\\/04\\\/29\\\/la-1ere-edition-de-tiqqa-dor-rend-hommage-a-des-personnalites-marocaines-inspirantes\\\/\"]}]},{\"@type\":\"ImageObject\",\"inLanguage\":\"fr-FR\",\"@id\":\"https:\\\/\\\/dpress.ma\\\/fr\\\/2026\\\/04\\\/29\\\/la-1ere-edition-de-tiqqa-dor-rend-hommage-a-des-personnalites-marocaines-inspirantes\\\/#primaryimage\",\"url\":\"https:\\\/\\\/dpress.ma\\\/fr\\\/wp-content\\\/uploads\\\/sites\\\/2\\\/2026\\\/04\\\/363.jpg\",\"contentUrl\":\"https:\\\/\\\/dpress.ma\\\/fr\\\/wp-content\\\/uploads\\\/sites\\\/2\\\/2026\\\/04\\\/363.jpg\",\"width\":2539,\"height\":1594},{\"@type\":\"BreadcrumbList\",\"@id\":\"https:\\\/\\\/dpress.ma\\\/fr\\\/2026\\\/04\\\/29\\\/la-1ere-edition-de-tiqqa-dor-rend-hommage-a-des-personnalites-marocaines-inspirantes\\\/#breadcrumb\",\"itemListElement\":[{\"@type\":\"ListItem\",\"position\":1,\"name\":\"Home\",\"item\":\"https:\\\/\\\/dpress.ma\\\/fr\\\/\"},{\"@type\":\"ListItem\",\"position\":2,\"name\":\"La 1\u00e8re \u00e9dition de \u201cTiqqa d\u2019Or\u201d rend hommage \u00e0 des personnalit\u00e9s marocaines inspirantes\"}]},{\"@type\":\"WebSite\",\"@id\":\"https:\\\/\\\/dpress.ma\\\/fr\\\/#website\",\"url\":\"https:\\\/\\\/dpress.ma\\\/fr\\\/\",\"name\":\"Dpress.ma\\\/fr\",\"description\":\"\",\"potentialAction\":[{\"@type\":\"SearchAction\",\"target\":{\"@type\":\"EntryPoint\",\"urlTemplate\":\"https:\\\/\\\/dpress.ma\\\/fr\\\/?s={search_term_string}\"},\"query-input\":{\"@type\":\"PropertyValueSpecification\",\"valueRequired\":true,\"valueName\":\"search_term_string\"}}],\"inLanguage\":\"fr-FR\"},{\"@type\":\"Person\",\"@id\":\"https:\\\/\\\/dpress.ma\\\/fr\\\/#\\\/schema\\\/person\\\/4898febf3ccd59e6578d838656a306a0\",\"name\":\"Dpress.ma\",\"image\":{\"@type\":\"ImageObject\",\"inLanguage\":\"fr-FR\",\"@id\":\"https:\\\/\\\/secure.gravatar.com\\\/avatar\\\/72ecc30e9db047a2e0e7176561eb9d564ed77c8108376495b19bd8336405198a?s=96&d=mm&r=g\",\"url\":\"https:\\\/\\\/secure.gravatar.com\\\/avatar\\\/72ecc30e9db047a2e0e7176561eb9d564ed77c8108376495b19bd8336405198a?s=96&d=mm&r=g\",\"contentUrl\":\"https:\\\/\\\/secure.gravatar.com\\\/avatar\\\/72ecc30e9db047a2e0e7176561eb9d564ed77c8108376495b19bd8336405198a?s=96&d=mm&r=g\",\"caption\":\"Dpress.ma\"},\"sameAs\":[\"https:\\\/\\\/www.dpress.ma\"],\"url\":\"https:\\\/\\\/dpress.ma\\\/fr\\\/author\\\/dpress-ma\\\/\"}]}<\/script>\n<!-- \/ Yoast SEO plugin. -->","yoast_head_json":{"title":"La 1\u00e8re \u00e9dition de \u201cTiqqa d\u2019Or\u201d rend hommage \u00e0 des personnalit\u00e9s marocaines inspirantes - Dpress.ma\/fr","robots":{"index":"index","follow":"follow","max-snippet":"max-snippet:-1","max-image-preview":"max-image-preview:large","max-video-preview":"max-video-preview:-1"},"canonical":"https:\/\/dpress.ma\/fr\/2026\/04\/29\/la-1ere-edition-de-tiqqa-dor-rend-hommage-a-des-personnalites-marocaines-inspirantes\/","og_locale":"fr_FR","og_type":"article","og_title":"La 1\u00e8re \u00e9dition de \u201cTiqqa d\u2019Or\u201d rend hommage \u00e0 des personnalit\u00e9s marocaines inspirantes - Dpress.ma\/fr","og_description":"Dpress Un hommage appuy\u00e9 a \u00e9t\u00e9 rendu, mardi soir au Th\u00e9\u00e2tre national Mohammed V de Rabat, \u00e0 des personnalit\u00e9s ayant marqu\u00e9 la soci\u00e9t\u00e9 par leurs contributions professionnelles, humaines et citoyennes, \u00e0 l\u2019occasion de la premi\u00e8re \u00e9dition de l\u2019initiative \u201cTiqqa d\u2019Or\u201d. Organis\u00e9e par la plateforme \u201cTiqqa\u201d dans une atmosph\u00e8re empreinte d\u2019\u00e9motion et de reconnaissance, cette c\u00e9r\u00e9monie &hellip;","og_url":"https:\/\/dpress.ma\/fr\/2026\/04\/29\/la-1ere-edition-de-tiqqa-dor-rend-hommage-a-des-personnalites-marocaines-inspirantes\/","og_site_name":"Dpress.ma\/fr","article_published_time":"2026-04-29T14:14:55+00:00","article_modified_time":"2026-04-29T14:14:57+00:00","og_image":[{"width":2539,"height":1594,"url":"https:\/\/dpress.ma\/fr\/wp-content\/uploads\/sites\/2\/2026\/04\/363.jpg","type":"image\/jpeg"}],"author":"Dpress.ma","twitter_card":"summary_large_image","twitter_misc":{"\u00c9crit par":"Dpress.ma","Dur\u00e9e de lecture estim\u00e9e":"4 minutes"},"schema":{"@context":"https:\/\/schema.org","@graph":[{"@type":"Article","@id":"https:\/\/dpress.ma\/fr\/2026\/04\/29\/la-1ere-edition-de-tiqqa-dor-rend-hommage-a-des-personnalites-marocaines-inspirantes\/#article","isPartOf":{"@id":"https:\/\/dpress.ma\/fr\/2026\/04\/29\/la-1ere-edition-de-tiqqa-dor-rend-hommage-a-des-personnalites-marocaines-inspirantes\/"},"author":{"name":"Dpress.ma","@id":"https:\/\/dpress.ma\/fr\/#\/schema\/person\/4898febf3ccd59e6578d838656a306a0"},"headline":"La 1\u00e8re \u00e9dition de \u201cTiqqa d\u2019Or\u201d rend hommage \u00e0 des personnalit\u00e9s marocaines inspirantes","datePublished":"2026-04-29T14:14:55+00:00","dateModified":"2026-04-29T14:14:57+00:00","mainEntityOfPage":{"@id":"https:\/\/dpress.ma\/fr\/2026\/04\/29\/la-1ere-edition-de-tiqqa-dor-rend-hommage-a-des-personnalites-marocaines-inspirantes\/"},"wordCount":746,"commentCount":0,"image":{"@id":"https:\/\/dpress.ma\/fr\/2026\/04\/29\/la-1ere-edition-de-tiqqa-dor-rend-hommage-a-des-personnalites-marocaines-inspirantes\/#primaryimage"},"thumbnailUrl":"https:\/\/dpress.ma\/fr\/wp-content\/uploads\/sites\/2\/2026\/04\/363.jpg","articleSection":["Art et Culture"],"inLanguage":"fr-FR","potentialAction":[{"@type":"CommentAction","name":"Comment","target":["https:\/\/dpress.ma\/fr\/2026\/04\/29\/la-1ere-edition-de-tiqqa-dor-rend-hommage-a-des-personnalites-marocaines-inspirantes\/#respond"]}]},{"@type":"WebPage","@id":"https:\/\/dpress.ma\/fr\/2026\/04\/29\/la-1ere-edition-de-tiqqa-dor-rend-hommage-a-des-personnalites-marocaines-inspirantes\/","url":"https:\/\/dpress.ma\/fr\/2026\/04\/29\/la-1ere-edition-de-tiqqa-dor-rend-hommage-a-des-personnalites-marocaines-inspirantes\/","name":"La 1\u00e8re \u00e9dition de \u201cTiqqa d\u2019Or\u201d rend hommage \u00e0 des personnalit\u00e9s marocaines inspirantes - Dpress.ma\/fr","isPartOf":{"@id":"https:\/\/dpress.ma\/fr\/#website"},"primaryImageOfPage":{"@id":"https:\/\/dpress.ma\/fr\/2026\/04\/29\/la-1ere-edition-de-tiqqa-dor-rend-hommage-a-des-personnalites-marocaines-inspirantes\/#primaryimage"},"image":{"@id":"https:\/\/dpress.ma\/fr\/2026\/04\/29\/la-1ere-edition-de-tiqqa-dor-rend-hommage-a-des-personnalites-marocaines-inspirantes\/#primaryimage"},"thumbnailUrl":"https:\/\/dpress.ma\/fr\/wp-content\/uploads\/sites\/2\/2026\/04\/363.jpg","datePublished":"2026-04-29T14:14:55+00:00","dateModified":"2026-04-29T14:14:57+00:00","author":{"@id":"https:\/\/dpress.ma\/fr\/#\/schema\/person\/4898febf3ccd59e6578d838656a306a0"},"breadcrumb":{"@id":"https:\/\/dpress.ma\/fr\/2026\/04\/29\/la-1ere-edition-de-tiqqa-dor-rend-hommage-a-des-personnalites-marocaines-inspirantes\/#breadcrumb"},"inLanguage":"fr-FR","potentialAction":[{"@type":"ReadAction","target":["https:\/\/dpress.ma\/fr\/2026\/04\/29\/la-1ere-edition-de-tiqqa-dor-rend-hommage-a-des-personnalites-marocaines-inspirantes\/"]}]},{"@type":"ImageObject","inLanguage":"fr-FR","@id":"https:\/\/dpress.ma\/fr\/2026\/04\/29\/la-1ere-edition-de-tiqqa-dor-rend-hommage-a-des-personnalites-marocaines-inspirantes\/#primaryimage","url":"https:\/\/dpress.ma\/fr\/wp-content\/uploads\/sites\/2\/2026\/04\/363.jpg","contentUrl":"https:\/\/dpress.ma\/fr\/wp-content\/uploads\/sites\/2\/2026\/04\/363.jpg","width":2539,"height":1594},{"@type":"BreadcrumbList","@id":"https:\/\/dpress.ma\/fr\/2026\/04\/29\/la-1ere-edition-de-tiqqa-dor-rend-hommage-a-des-personnalites-marocaines-inspirantes\/#breadcrumb","itemListElement":[{"@type":"ListItem","position":1,"name":"Home","item":"https:\/\/dpress.ma\/fr\/"},{"@type":"ListItem","position":2,"name":"La 1\u00e8re \u00e9dition de \u201cTiqqa d\u2019Or\u201d rend hommage \u00e0 des personnalit\u00e9s marocaines inspirantes"}]},{"@type":"WebSite","@id":"https:\/\/dpress.ma\/fr\/#website","url":"https:\/\/dpress.ma\/fr\/","name":"Dpress.ma\/fr","description":"","potentialAction":[{"@type":"SearchAction","target":{"@type":"EntryPoint","urlTemplate":"https:\/\/dpress.ma\/fr\/?s={search_term_string}"},"query-input":{"@type":"PropertyValueSpecification","valueRequired":true,"valueName":"search_term_string"}}],"inLanguage":"fr-FR"},{"@type":"Person","@id":"https:\/\/dpress.ma\/fr\/#\/schema\/person\/4898febf3ccd59e6578d838656a306a0","name":"Dpress.ma","image":{"@type":"ImageObject","inLanguage":"fr-FR","@id":"https:\/\/secure.gravatar.com\/avatar\/72ecc30e9db047a2e0e7176561eb9d564ed77c8108376495b19bd8336405198a?s=96&d=mm&r=g","url":"https:\/\/secure.gravatar.com\/avatar\/72ecc30e9db047a2e0e7176561eb9d564ed77c8108376495b19bd8336405198a?s=96&d=mm&r=g","contentUrl":"https:\/\/secure.gravatar.com\/avatar\/72ecc30e9db047a2e0e7176561eb9d564ed77c8108376495b19bd8336405198a?s=96&d=mm&r=g","caption":"Dpress.ma"},"sameAs":["https:\/\/www.dpress.ma"],"url":"https:\/\/dpress.ma\/fr\/author\/dpress-ma\/"}]}},"amp_enabled":true,"_links":{"self":[{"href":"https:\/\/dpress.ma\/fr\/wp-json\/wp\/v2\/posts\/29623","targetHints":{"allow":["GET"]}}],"collection":[{"href":"https:\/\/dpress.ma\/fr\/wp-json\/wp\/v2\/posts"}],"about":[{"href":"https:\/\/dpress.ma\/fr\/wp-json\/wp\/v2\/types\/post"}],"author":[{"embeddable":true,"href":"https:\/\/dpress.ma\/fr\/wp-json\/wp\/v2\/users\/2"}],"replies":[{"embeddable":true,"href":"https:\/\/dpress.ma\/fr\/wp-json\/wp\/v2\/comments?post=29623"}],"version-history":[{"count":1,"href":"https:\/\/dpress.ma\/fr\/wp-json\/wp\/v2\/posts\/29623\/revisions"}],"predecessor-version":[{"id":29625,"href":"https:\/\/dpress.ma\/fr\/wp-json\/wp\/v2\/posts\/29623\/revisions\/29625"}],"wp:featuredmedia":[{"embeddable":true,"href":"https:\/\/dpress.ma\/fr\/wp-json\/wp\/v2\/media\/29624"}],"wp:attachment":[{"href":"https:\/\/dpress.ma\/fr\/wp-json\/wp\/v2\/media?parent=29623"}],"wp:term":[{"taxonomy":"category","embeddable":true,"href":"https:\/\/dpress.ma\/fr\/wp-json\/wp\/v2\/categories?post=29623"},{"taxonomy":"post_tag","embeddable":true,"href":"https:\/\/dpress.ma\/fr\/wp-json\/wp\/v2\/tags?post=29623"}],"curies":[{"name":"wp","href":"https:\/\/api.w.org\/{rel}","templated":true}]}}