{"id":29618,"date":"2026-04-29T14:10:14","date_gmt":"2026-04-29T14:10:14","guid":{"rendered":"https:\/\/dpress.ma\/fr\/?p=29618"},"modified":"2026-04-29T14:10:16","modified_gmt":"2026-04-29T14:10:16","slug":"casablanca-vernissage-dune-exposition-collective-sur-la-femme-et-la-nature","status":"publish","type":"post","link":"https:\/\/dpress.ma\/fr\/2026\/04\/29\/casablanca-vernissage-dune-exposition-collective-sur-la-femme-et-la-nature\/","title":{"rendered":"Casablanca : vernissage d\u2019une exposition collective sur la femme et la nature"},"content":{"rendered":"\n<p>Dpress<\/p>\n\n\n\n<p>L\u2019association AREA a inaugur\u00e9, mardi \u00e0 Casablanca, une exposition collective de peinture r\u00e9unissant plusieurs femmes artistes marocaines, sous le th\u00e8me \u201cSouffle de femmes, souffle de fleurs\u201d.<\/p>\n\n\n\n<p>Le vernissage a rassembl\u00e9 une trentaine de peintres repr\u00e9sentant diff\u00e9rentes g\u00e9n\u00e9rations et exp\u00e9riences artistiques, dont les \u0153uvres, toutes r\u00e9alis\u00e9es \u00e0 l\u2019huile sur toile, explorent avec sensibilit\u00e9 les liens profonds entre f\u00e9minit\u00e9, nature et beaut\u00e9 int\u00e9rieure.<\/p>\n\n\n\n<p>Roses \u00e9clatantes, orchid\u00e9es dansantes, lacs de n\u00e9nuphars baign\u00e9s de lumi\u00e8re dor\u00e9e, femmes v\u00eatues de tenues traditionnelles marocaines, autant de compositions qui t\u00e9moignent d\u2019un fort attachement \u00e0 l\u2019identit\u00e9 culturelle nationale et \u00e0 la nature.<\/p>\n\n\n\n<p>Les tableaux pr\u00e9sent\u00e9s d\u00e9clinent une grande vari\u00e9t\u00e9 de registres plastiques et symboliques. Certaines artistes ont choisi de mettre en sc\u00e8ne des figures f\u00e9minines ancr\u00e9es dans le quotidien marocain, c\u00e9l\u00e9brant des gestes simples et ancestraux charg\u00e9s de sens.<\/p>\n\n\n\n<p>D\u2019autres ont opt\u00e9 pour un langage plus all\u00e9gorique, convoquant des cr\u00e9atures mythiques, des paysages oniriques ou des m\u00e9tamorphoses florales pour exprimer la complexit\u00e9 et la richesse de l\u2019\u00e2me f\u00e9minine.<\/p>\n\n\n\n<p>L\u2019exposition refl\u00e8te \u00e9galement une ma\u00eetrise technique affirm\u00e9e. Elle r\u00e9v\u00e8le un travail approfondi sur la lumi\u00e8re et la couleur. Le format uniforme des toiles conf\u00e8re \u00e0 l\u2019ensemble une coh\u00e9rence visuelle qui renforce l\u2019identit\u00e9 collective de l\u2019\u00e9v\u00e9nement sans effacer la singularit\u00e9 de chaque regard artistique.<\/p>\n\n\n\n<p>Cette exposition vise \u00e0 mettre en lumi\u00e8re la cr\u00e9ativit\u00e9 de la femme \u00e0 travers l\u2019art, et \u00e0 \u00e9clairer sa relation avec la beaut\u00e9 et la nature, sous un slogan qui unit la femme et les fleurs comme symboles de g\u00e9n\u00e9rosit\u00e9, de vie et de beaut\u00e9, a d\u00e9clar\u00e9 \u00e0 la MAP la pr\u00e9sidente de l\u2019association AREA, Jamila Chmoul.<\/p>\n\n\n\n<p>Elle a soulign\u00e9 que cette exposition collective, qui regroupe plus de 30 artistes de tout \u00e2ge, ambitionne d\u2019encourager les talents f\u00e9minins et de cr\u00e9er un espace d\u2019\u00e9change culturel et artistique.<\/p>\n\n\n\n<p>De son c\u00f4t\u00e9, l\u2019artiste peintre Ghizlane Selmane a fait savoir que l\u2019exposition est le fruit du travail de l\u2019atelier Ryan Art, ajoutant que la femme est une fleur pour son entourage et sa famille, d\u2019o\u00f9 le choix de la th\u00e9matique.<\/p>\n\n\n\n<p>Elle a soulign\u00e9 que chaque participante a su exprimer, \u00e0 travers son style propre, ce qu\u2019elle vit au quotidien, expliquant que son \u0153uvre repr\u00e9sente un paysage de n\u00e9nuphars travers\u00e9 par une main f\u00e9minine apportant une touche transformatrice \u00e0 son environnement, \u00e0 l\u2019image du n\u00e9nuphar qui \u00e9merge \u00e9clatant et lumineux d\u2019une eau sombre et stagnante pour rendre le paysage accueillant et charmant.<\/p>\n\n\n\n<p>Pour sa part, l\u2019artiste peintre Halima Gharbi, dont l\u2019\u0153uvre \u201cLa femme devenue paysage\u201d c\u00e9l\u00e8bre l\u2019harmonie profonde entre la f\u00e9minit\u00e9 et la nature, a relev\u00e9 que malgr\u00e9 la diversit\u00e9 des horizons et des sensibilit\u00e9s des artistes participantes, toutes parlent la m\u00eame langue, celle de la beaut\u00e9 et de la libert\u00e9, affirmant que toutes ces femmes ont choisi le pinceau pour s\u2019exprimer.<\/p>\n\n\n\n<p>L\u2019exposition se veut ainsi un espace de valorisation de la cr\u00e9ation f\u00e9minine marocaine et un pont entre patrimoine culturel et sensibilit\u00e9 artistique contemporaine.<\/p>\n","protected":false},"excerpt":{"rendered":"<p>Dpress L\u2019association AREA a inaugur\u00e9, mardi \u00e0 Casablanca, une exposition collective de peinture r\u00e9unissant plusieurs femmes artistes marocaines, sous le th\u00e8me \u201cSouffle de femmes, souffle de fleurs\u201d. Le vernissage a rassembl\u00e9 une trentaine de peintres repr\u00e9sentant diff\u00e9rentes g\u00e9n\u00e9rations et exp\u00e9riences artistiques, dont les \u0153uvres, toutes r\u00e9alis\u00e9es \u00e0 l\u2019huile sur toile, explorent avec sensibilit\u00e9 les liens &hellip;<\/p>\n","protected":false},"author":2,"featured_media":29619,"comment_status":"open","ping_status":"open","sticky":false,"template":"","format":"standard","meta":{"footnotes":""},"categories":[31],"tags":[],"class_list":["post-29618","post","type-post","status-publish","format-standard","has-post-thumbnail","hentry","category-art-et-culture"],"yoast_head":"<!-- This site is optimized with the Yoast SEO plugin v27.5 - https:\/\/yoast.com\/product\/yoast-seo-wordpress\/ -->\n<title>Casablanca : vernissage d\u2019une exposition collective sur la femme et la nature - Dpress.ma\/fr<\/title>\n<meta name=\"robots\" content=\"index, follow, max-snippet:-1, max-image-preview:large, max-video-preview:-1\" \/>\n<link rel=\"canonical\" href=\"https:\/\/dpress.ma\/fr\/2026\/04\/29\/casablanca-vernissage-dune-exposition-collective-sur-la-femme-et-la-nature\/\" \/>\n<meta property=\"og:locale\" content=\"fr_FR\" \/>\n<meta property=\"og:type\" content=\"article\" \/>\n<meta property=\"og:title\" content=\"Casablanca : vernissage d\u2019une exposition collective sur la femme et la nature - Dpress.ma\/fr\" \/>\n<meta property=\"og:description\" content=\"Dpress L\u2019association AREA a inaugur\u00e9, mardi \u00e0 Casablanca, une exposition collective de peinture r\u00e9unissant plusieurs femmes artistes marocaines, sous le th\u00e8me \u201cSouffle de femmes, souffle de fleurs\u201d. Le vernissage a rassembl\u00e9 une trentaine de peintres repr\u00e9sentant diff\u00e9rentes g\u00e9n\u00e9rations et exp\u00e9riences artistiques, dont les \u0153uvres, toutes r\u00e9alis\u00e9es \u00e0 l\u2019huile sur toile, explorent avec sensibilit\u00e9 les liens &hellip;\" \/>\n<meta property=\"og:url\" content=\"https:\/\/dpress.ma\/fr\/2026\/04\/29\/casablanca-vernissage-dune-exposition-collective-sur-la-femme-et-la-nature\/\" \/>\n<meta property=\"og:site_name\" content=\"Dpress.ma\/fr\" \/>\n<meta property=\"article:published_time\" content=\"2026-04-29T14:10:14+00:00\" \/>\n<meta property=\"article:modified_time\" content=\"2026-04-29T14:10:16+00:00\" \/>\n<meta property=\"og:image\" content=\"https:\/\/dpress.ma\/fr\/wp-content\/uploads\/sites\/2\/2026\/04\/353.jpg\" \/>\n\t<meta property=\"og:image:width\" content=\"2539\" \/>\n\t<meta property=\"og:image:height\" content=\"1594\" \/>\n\t<meta property=\"og:image:type\" content=\"image\/jpeg\" \/>\n<meta name=\"author\" content=\"Dpress.ma\" \/>\n<meta name=\"twitter:card\" content=\"summary_large_image\" \/>\n<meta name=\"twitter:label1\" content=\"\u00c9crit par\" \/>\n\t<meta name=\"twitter:data1\" content=\"Dpress.ma\" \/>\n\t<meta name=\"twitter:label2\" content=\"Dur\u00e9e de lecture estim\u00e9e\" \/>\n\t<meta name=\"twitter:data2\" content=\"3 minutes\" \/>\n<script type=\"application\/ld+json\" class=\"yoast-schema-graph\">{\"@context\":\"https:\\\/\\\/schema.org\",\"@graph\":[{\"@type\":\"Article\",\"@id\":\"https:\\\/\\\/dpress.ma\\\/fr\\\/2026\\\/04\\\/29\\\/casablanca-vernissage-dune-exposition-collective-sur-la-femme-et-la-nature\\\/#article\",\"isPartOf\":{\"@id\":\"https:\\\/\\\/dpress.ma\\\/fr\\\/2026\\\/04\\\/29\\\/casablanca-vernissage-dune-exposition-collective-sur-la-femme-et-la-nature\\\/\"},\"author\":{\"name\":\"Dpress.ma\",\"@id\":\"https:\\\/\\\/dpress.ma\\\/fr\\\/#\\\/schema\\\/person\\\/4898febf3ccd59e6578d838656a306a0\"},\"headline\":\"Casablanca : vernissage d\u2019une exposition collective sur la femme et la nature\",\"datePublished\":\"2026-04-29T14:10:14+00:00\",\"dateModified\":\"2026-04-29T14:10:16+00:00\",\"mainEntityOfPage\":{\"@id\":\"https:\\\/\\\/dpress.ma\\\/fr\\\/2026\\\/04\\\/29\\\/casablanca-vernissage-dune-exposition-collective-sur-la-femme-et-la-nature\\\/\"},\"wordCount\":562,\"commentCount\":0,\"image\":{\"@id\":\"https:\\\/\\\/dpress.ma\\\/fr\\\/2026\\\/04\\\/29\\\/casablanca-vernissage-dune-exposition-collective-sur-la-femme-et-la-nature\\\/#primaryimage\"},\"thumbnailUrl\":\"https:\\\/\\\/dpress.ma\\\/fr\\\/wp-content\\\/uploads\\\/sites\\\/2\\\/2026\\\/04\\\/353.jpg\",\"articleSection\":[\"Art et Culture\"],\"inLanguage\":\"fr-FR\",\"potentialAction\":[{\"@type\":\"CommentAction\",\"name\":\"Comment\",\"target\":[\"https:\\\/\\\/dpress.ma\\\/fr\\\/2026\\\/04\\\/29\\\/casablanca-vernissage-dune-exposition-collective-sur-la-femme-et-la-nature\\\/#respond\"]}]},{\"@type\":\"WebPage\",\"@id\":\"https:\\\/\\\/dpress.ma\\\/fr\\\/2026\\\/04\\\/29\\\/casablanca-vernissage-dune-exposition-collective-sur-la-femme-et-la-nature\\\/\",\"url\":\"https:\\\/\\\/dpress.ma\\\/fr\\\/2026\\\/04\\\/29\\\/casablanca-vernissage-dune-exposition-collective-sur-la-femme-et-la-nature\\\/\",\"name\":\"Casablanca : vernissage d\u2019une exposition collective sur la femme et la nature - Dpress.ma\\\/fr\",\"isPartOf\":{\"@id\":\"https:\\\/\\\/dpress.ma\\\/fr\\\/#website\"},\"primaryImageOfPage\":{\"@id\":\"https:\\\/\\\/dpress.ma\\\/fr\\\/2026\\\/04\\\/29\\\/casablanca-vernissage-dune-exposition-collective-sur-la-femme-et-la-nature\\\/#primaryimage\"},\"image\":{\"@id\":\"https:\\\/\\\/dpress.ma\\\/fr\\\/2026\\\/04\\\/29\\\/casablanca-vernissage-dune-exposition-collective-sur-la-femme-et-la-nature\\\/#primaryimage\"},\"thumbnailUrl\":\"https:\\\/\\\/dpress.ma\\\/fr\\\/wp-content\\\/uploads\\\/sites\\\/2\\\/2026\\\/04\\\/353.jpg\",\"datePublished\":\"2026-04-29T14:10:14+00:00\",\"dateModified\":\"2026-04-29T14:10:16+00:00\",\"author\":{\"@id\":\"https:\\\/\\\/dpress.ma\\\/fr\\\/#\\\/schema\\\/person\\\/4898febf3ccd59e6578d838656a306a0\"},\"breadcrumb\":{\"@id\":\"https:\\\/\\\/dpress.ma\\\/fr\\\/2026\\\/04\\\/29\\\/casablanca-vernissage-dune-exposition-collective-sur-la-femme-et-la-nature\\\/#breadcrumb\"},\"inLanguage\":\"fr-FR\",\"potentialAction\":[{\"@type\":\"ReadAction\",\"target\":[\"https:\\\/\\\/dpress.ma\\\/fr\\\/2026\\\/04\\\/29\\\/casablanca-vernissage-dune-exposition-collective-sur-la-femme-et-la-nature\\\/\"]}]},{\"@type\":\"ImageObject\",\"inLanguage\":\"fr-FR\",\"@id\":\"https:\\\/\\\/dpress.ma\\\/fr\\\/2026\\\/04\\\/29\\\/casablanca-vernissage-dune-exposition-collective-sur-la-femme-et-la-nature\\\/#primaryimage\",\"url\":\"https:\\\/\\\/dpress.ma\\\/fr\\\/wp-content\\\/uploads\\\/sites\\\/2\\\/2026\\\/04\\\/353.jpg\",\"contentUrl\":\"https:\\\/\\\/dpress.ma\\\/fr\\\/wp-content\\\/uploads\\\/sites\\\/2\\\/2026\\\/04\\\/353.jpg\",\"width\":2539,\"height\":1594},{\"@type\":\"BreadcrumbList\",\"@id\":\"https:\\\/\\\/dpress.ma\\\/fr\\\/2026\\\/04\\\/29\\\/casablanca-vernissage-dune-exposition-collective-sur-la-femme-et-la-nature\\\/#breadcrumb\",\"itemListElement\":[{\"@type\":\"ListItem\",\"position\":1,\"name\":\"Home\",\"item\":\"https:\\\/\\\/dpress.ma\\\/fr\\\/\"},{\"@type\":\"ListItem\",\"position\":2,\"name\":\"Casablanca : vernissage d\u2019une exposition collective sur la femme et la nature\"}]},{\"@type\":\"WebSite\",\"@id\":\"https:\\\/\\\/dpress.ma\\\/fr\\\/#website\",\"url\":\"https:\\\/\\\/dpress.ma\\\/fr\\\/\",\"name\":\"Dpress.ma\\\/fr\",\"description\":\"\",\"potentialAction\":[{\"@type\":\"SearchAction\",\"target\":{\"@type\":\"EntryPoint\",\"urlTemplate\":\"https:\\\/\\\/dpress.ma\\\/fr\\\/?s={search_term_string}\"},\"query-input\":{\"@type\":\"PropertyValueSpecification\",\"valueRequired\":true,\"valueName\":\"search_term_string\"}}],\"inLanguage\":\"fr-FR\"},{\"@type\":\"Person\",\"@id\":\"https:\\\/\\\/dpress.ma\\\/fr\\\/#\\\/schema\\\/person\\\/4898febf3ccd59e6578d838656a306a0\",\"name\":\"Dpress.ma\",\"image\":{\"@type\":\"ImageObject\",\"inLanguage\":\"fr-FR\",\"@id\":\"https:\\\/\\\/secure.gravatar.com\\\/avatar\\\/72ecc30e9db047a2e0e7176561eb9d564ed77c8108376495b19bd8336405198a?s=96&d=mm&r=g\",\"url\":\"https:\\\/\\\/secure.gravatar.com\\\/avatar\\\/72ecc30e9db047a2e0e7176561eb9d564ed77c8108376495b19bd8336405198a?s=96&d=mm&r=g\",\"contentUrl\":\"https:\\\/\\\/secure.gravatar.com\\\/avatar\\\/72ecc30e9db047a2e0e7176561eb9d564ed77c8108376495b19bd8336405198a?s=96&d=mm&r=g\",\"caption\":\"Dpress.ma\"},\"sameAs\":[\"https:\\\/\\\/www.dpress.ma\"],\"url\":\"https:\\\/\\\/dpress.ma\\\/fr\\\/author\\\/dpress-ma\\\/\"}]}<\/script>\n<!-- \/ Yoast SEO plugin. -->","yoast_head_json":{"title":"Casablanca : vernissage d\u2019une exposition collective sur la femme et la nature - Dpress.ma\/fr","robots":{"index":"index","follow":"follow","max-snippet":"max-snippet:-1","max-image-preview":"max-image-preview:large","max-video-preview":"max-video-preview:-1"},"canonical":"https:\/\/dpress.ma\/fr\/2026\/04\/29\/casablanca-vernissage-dune-exposition-collective-sur-la-femme-et-la-nature\/","og_locale":"fr_FR","og_type":"article","og_title":"Casablanca : vernissage d\u2019une exposition collective sur la femme et la nature - Dpress.ma\/fr","og_description":"Dpress L\u2019association AREA a inaugur\u00e9, mardi \u00e0 Casablanca, une exposition collective de peinture r\u00e9unissant plusieurs femmes artistes marocaines, sous le th\u00e8me \u201cSouffle de femmes, souffle de fleurs\u201d. Le vernissage a rassembl\u00e9 une trentaine de peintres repr\u00e9sentant diff\u00e9rentes g\u00e9n\u00e9rations et exp\u00e9riences artistiques, dont les \u0153uvres, toutes r\u00e9alis\u00e9es \u00e0 l\u2019huile sur toile, explorent avec sensibilit\u00e9 les liens &hellip;","og_url":"https:\/\/dpress.ma\/fr\/2026\/04\/29\/casablanca-vernissage-dune-exposition-collective-sur-la-femme-et-la-nature\/","og_site_name":"Dpress.ma\/fr","article_published_time":"2026-04-29T14:10:14+00:00","article_modified_time":"2026-04-29T14:10:16+00:00","og_image":[{"width":2539,"height":1594,"url":"https:\/\/dpress.ma\/fr\/wp-content\/uploads\/sites\/2\/2026\/04\/353.jpg","type":"image\/jpeg"}],"author":"Dpress.ma","twitter_card":"summary_large_image","twitter_misc":{"\u00c9crit par":"Dpress.ma","Dur\u00e9e de lecture estim\u00e9e":"3 minutes"},"schema":{"@context":"https:\/\/schema.org","@graph":[{"@type":"Article","@id":"https:\/\/dpress.ma\/fr\/2026\/04\/29\/casablanca-vernissage-dune-exposition-collective-sur-la-femme-et-la-nature\/#article","isPartOf":{"@id":"https:\/\/dpress.ma\/fr\/2026\/04\/29\/casablanca-vernissage-dune-exposition-collective-sur-la-femme-et-la-nature\/"},"author":{"name":"Dpress.ma","@id":"https:\/\/dpress.ma\/fr\/#\/schema\/person\/4898febf3ccd59e6578d838656a306a0"},"headline":"Casablanca : vernissage d\u2019une exposition collective sur la femme et la nature","datePublished":"2026-04-29T14:10:14+00:00","dateModified":"2026-04-29T14:10:16+00:00","mainEntityOfPage":{"@id":"https:\/\/dpress.ma\/fr\/2026\/04\/29\/casablanca-vernissage-dune-exposition-collective-sur-la-femme-et-la-nature\/"},"wordCount":562,"commentCount":0,"image":{"@id":"https:\/\/dpress.ma\/fr\/2026\/04\/29\/casablanca-vernissage-dune-exposition-collective-sur-la-femme-et-la-nature\/#primaryimage"},"thumbnailUrl":"https:\/\/dpress.ma\/fr\/wp-content\/uploads\/sites\/2\/2026\/04\/353.jpg","articleSection":["Art et Culture"],"inLanguage":"fr-FR","potentialAction":[{"@type":"CommentAction","name":"Comment","target":["https:\/\/dpress.ma\/fr\/2026\/04\/29\/casablanca-vernissage-dune-exposition-collective-sur-la-femme-et-la-nature\/#respond"]}]},{"@type":"WebPage","@id":"https:\/\/dpress.ma\/fr\/2026\/04\/29\/casablanca-vernissage-dune-exposition-collective-sur-la-femme-et-la-nature\/","url":"https:\/\/dpress.ma\/fr\/2026\/04\/29\/casablanca-vernissage-dune-exposition-collective-sur-la-femme-et-la-nature\/","name":"Casablanca : vernissage d\u2019une exposition collective sur la femme et la nature - Dpress.ma\/fr","isPartOf":{"@id":"https:\/\/dpress.ma\/fr\/#website"},"primaryImageOfPage":{"@id":"https:\/\/dpress.ma\/fr\/2026\/04\/29\/casablanca-vernissage-dune-exposition-collective-sur-la-femme-et-la-nature\/#primaryimage"},"image":{"@id":"https:\/\/dpress.ma\/fr\/2026\/04\/29\/casablanca-vernissage-dune-exposition-collective-sur-la-femme-et-la-nature\/#primaryimage"},"thumbnailUrl":"https:\/\/dpress.ma\/fr\/wp-content\/uploads\/sites\/2\/2026\/04\/353.jpg","datePublished":"2026-04-29T14:10:14+00:00","dateModified":"2026-04-29T14:10:16+00:00","author":{"@id":"https:\/\/dpress.ma\/fr\/#\/schema\/person\/4898febf3ccd59e6578d838656a306a0"},"breadcrumb":{"@id":"https:\/\/dpress.ma\/fr\/2026\/04\/29\/casablanca-vernissage-dune-exposition-collective-sur-la-femme-et-la-nature\/#breadcrumb"},"inLanguage":"fr-FR","potentialAction":[{"@type":"ReadAction","target":["https:\/\/dpress.ma\/fr\/2026\/04\/29\/casablanca-vernissage-dune-exposition-collective-sur-la-femme-et-la-nature\/"]}]},{"@type":"ImageObject","inLanguage":"fr-FR","@id":"https:\/\/dpress.ma\/fr\/2026\/04\/29\/casablanca-vernissage-dune-exposition-collective-sur-la-femme-et-la-nature\/#primaryimage","url":"https:\/\/dpress.ma\/fr\/wp-content\/uploads\/sites\/2\/2026\/04\/353.jpg","contentUrl":"https:\/\/dpress.ma\/fr\/wp-content\/uploads\/sites\/2\/2026\/04\/353.jpg","width":2539,"height":1594},{"@type":"BreadcrumbList","@id":"https:\/\/dpress.ma\/fr\/2026\/04\/29\/casablanca-vernissage-dune-exposition-collective-sur-la-femme-et-la-nature\/#breadcrumb","itemListElement":[{"@type":"ListItem","position":1,"name":"Home","item":"https:\/\/dpress.ma\/fr\/"},{"@type":"ListItem","position":2,"name":"Casablanca : vernissage d\u2019une exposition collective sur la femme et la nature"}]},{"@type":"WebSite","@id":"https:\/\/dpress.ma\/fr\/#website","url":"https:\/\/dpress.ma\/fr\/","name":"Dpress.ma\/fr","description":"","potentialAction":[{"@type":"SearchAction","target":{"@type":"EntryPoint","urlTemplate":"https:\/\/dpress.ma\/fr\/?s={search_term_string}"},"query-input":{"@type":"PropertyValueSpecification","valueRequired":true,"valueName":"search_term_string"}}],"inLanguage":"fr-FR"},{"@type":"Person","@id":"https:\/\/dpress.ma\/fr\/#\/schema\/person\/4898febf3ccd59e6578d838656a306a0","name":"Dpress.ma","image":{"@type":"ImageObject","inLanguage":"fr-FR","@id":"https:\/\/secure.gravatar.com\/avatar\/72ecc30e9db047a2e0e7176561eb9d564ed77c8108376495b19bd8336405198a?s=96&d=mm&r=g","url":"https:\/\/secure.gravatar.com\/avatar\/72ecc30e9db047a2e0e7176561eb9d564ed77c8108376495b19bd8336405198a?s=96&d=mm&r=g","contentUrl":"https:\/\/secure.gravatar.com\/avatar\/72ecc30e9db047a2e0e7176561eb9d564ed77c8108376495b19bd8336405198a?s=96&d=mm&r=g","caption":"Dpress.ma"},"sameAs":["https:\/\/www.dpress.ma"],"url":"https:\/\/dpress.ma\/fr\/author\/dpress-ma\/"}]}},"amp_enabled":true,"_links":{"self":[{"href":"https:\/\/dpress.ma\/fr\/wp-json\/wp\/v2\/posts\/29618","targetHints":{"allow":["GET"]}}],"collection":[{"href":"https:\/\/dpress.ma\/fr\/wp-json\/wp\/v2\/posts"}],"about":[{"href":"https:\/\/dpress.ma\/fr\/wp-json\/wp\/v2\/types\/post"}],"author":[{"embeddable":true,"href":"https:\/\/dpress.ma\/fr\/wp-json\/wp\/v2\/users\/2"}],"replies":[{"embeddable":true,"href":"https:\/\/dpress.ma\/fr\/wp-json\/wp\/v2\/comments?post=29618"}],"version-history":[{"count":1,"href":"https:\/\/dpress.ma\/fr\/wp-json\/wp\/v2\/posts\/29618\/revisions"}],"predecessor-version":[{"id":29620,"href":"https:\/\/dpress.ma\/fr\/wp-json\/wp\/v2\/posts\/29618\/revisions\/29620"}],"wp:featuredmedia":[{"embeddable":true,"href":"https:\/\/dpress.ma\/fr\/wp-json\/wp\/v2\/media\/29619"}],"wp:attachment":[{"href":"https:\/\/dpress.ma\/fr\/wp-json\/wp\/v2\/media?parent=29618"}],"wp:term":[{"taxonomy":"category","embeddable":true,"href":"https:\/\/dpress.ma\/fr\/wp-json\/wp\/v2\/categories?post=29618"},{"taxonomy":"post_tag","embeddable":true,"href":"https:\/\/dpress.ma\/fr\/wp-json\/wp\/v2\/tags?post=29618"}],"curies":[{"name":"wp","href":"https:\/\/api.w.org\/{rel}","templated":true}]}}