{"id":29612,"date":"2026-04-29T14:07:03","date_gmt":"2026-04-29T14:07:03","guid":{"rendered":"https:\/\/dpress.ma\/fr\/?p=29612"},"modified":"2026-04-29T14:07:05","modified_gmt":"2026-04-29T14:07:05","slug":"rabat-lemi-accueille-son-7e-entrepreneurial-summit","status":"publish","type":"post","link":"https:\/\/dpress.ma\/fr\/2026\/04\/29\/rabat-lemi-accueille-son-7e-entrepreneurial-summit\/","title":{"rendered":"Rabat: L\u2019EMI accueille son 7\u00e8 Entrepreneurial Summit"},"content":{"rendered":"\n<p>Dpress<\/p>\n\n\n\n<p>L\u2019\u00c9cole Mohammadia d\u2019Ing\u00e9nieurs (EMI) a abrit\u00e9, mardi \u00e0 Rabat, la 7\u00e8 \u00e9dition de son Entrepreneurial Summit, visant \u00e0 pr\u00e9senter des parcours entrepreneuriaux inspirants tout en contribuant \u00e0 forger un nouveau&nbsp;monde des affaires et de l\u2019entrepreneuriat.<\/p>\n\n\n\n<p>Cet \u00e9v\u00e9nement, port\u00e9 par le club \u00e9tudiant Enactus EMI, affili\u00e9 au r\u00e9seau mondial Enactus, sp\u00e9cialis\u00e9 dans la promotion de l\u2019entrepreneuriat social et du d\u00e9veloppement durable, est plac\u00e9 sous le th\u00e8me : \u201cL\u2019entrepreneuriat inclusif : l\u2019espoir \u00e9veill\u00e9 des talents invisibles\u201d.<\/p>\n\n\n\n<p>Mettant en lumi\u00e8re des entrepreneurs en situation de handicap dont les initiatives ont contribu\u00e9 \u00e0 fa\u00e7onner les r\u00e9alit\u00e9s \u00e9conomiques et sociales locales, cette rencontre a r\u00e9uni plusieurs experts dont les r\u00e9flexions ont converg\u00e9 vers l\u2019id\u00e9e que le handicap, loin d\u2019\u00eatre une limite, peut devenir un levier de cr\u00e9ativit\u00e9 et de progr\u00e8s, \u00e0 condition d\u2019adapter les environnements professionnels et de promouvoir une culture bas\u00e9e sur l\u2019\u00e9quit\u00e9 et l\u2019accessibilit\u00e9.<\/p>\n\n\n\n<p>\u00c0 cette occasion, Karim Banaoui, entrepreneur fort de vingt ans d\u2019expertise en ressources humaines, a appel\u00e9 \u00e0 faire \u00e9voluer le regard sur le handicap dans le monde professionnel, en adaptant les cultures organisationnelles afin de mieux int\u00e9grer ces talents.<\/p>\n\n\n\n<p>Soulignant la d\u00e9termination et la volont\u00e9 de r\u00e9ussite de cette cat\u00e9gorie de collaborateurs, il a insist\u00e9 sur la n\u00e9cessit\u00e9 d\u2019adapter les environnements de travail pour les rendre v\u00e9ritablement inclusifs, tout en proposant l\u2019exploration de solutions innovantes, telles que la cr\u00e9ation d\u2019incubateurs inclusifs.<\/p>\n\n\n\n<p>De son c\u00f4t\u00e9, Aziza Gannoune, directrice g\u00e9n\u00e9rale d\u2019une organisation non gouvernementale sp\u00e9cialis\u00e9e dans l\u2019inclusion des personnes en situation de handicap, a mis en avant l\u2019\u00e9mergence d\u2019une prise de conscience positive au sein de la soci\u00e9t\u00e9 marocaine concernant l\u2019insertion professionnelle de cette frange de la soci\u00e9t\u00e9.<\/p>\n\n\n\n<p>Elle a \u00e9galement exhort\u00e9 les professionnels \u00e0 d\u00e9construire les croyances limitantes qui freinent encore le recrutement et \u00e0 accompagner activement les entreprises dans la cr\u00e9ation d\u2019opportunit\u00e9s de carri\u00e8re concr\u00e8tes et durables pour ces profils.<\/p>\n\n\n\n<p>Pour sa part, Abdelaziz Eladnany, fondateur et CEO d\u2019une agence de voyage inclusive, a plaid\u00e9 pour une modernisation des infrastructures et le recours \u00e0 des \u00e9quipements adapt\u00e9s aux activit\u00e9s de plein air. Selon lui, l\u2019innovation technologique constitue un levier essentiel pour lever les barri\u00e8res physiques et permettre la pratique de sports d\u2019aventure, tels que le parapente ou la randonn\u00e9e en haute montagne, \u00e0 un plus large public.<\/p>\n\n\n\n<p>Ayant transform\u00e9 son propre handicap moteur en levier d\u2019innovation, il a affirm\u00e9 que le loisir et l\u2019exploration constituent des droits fondamentaux, qui n\u00e9cessitent une offre adapt\u00e9e permettant \u00e0 chacun de voyager sans entraves, quelles que soient ses capacit\u00e9s physiques.<\/p>\n\n\n\n<p>L\u2019Entrepreneurial Summit se veut un espace de rencontre entre entrepreneurs, investisseurs, experts et leaders d\u2019opinion, visant \u00e0 favoriser les \u00e9changes, \u00e0 stimuler les collaborations et \u00e0 contribuer \u00e0 dessiner les contours de l\u2019entrepreneuriat de demain.<\/p>\n\n\n\n<p>Le r\u00e9seau Enactus, pr\u00e9sent au Maroc depuis 2003, a d\u00e9j\u00e0 accompagn\u00e9 plus de 20.000 \u00e9tudiants, contribuant chaque ann\u00e9e&nbsp;\u00e0 la r\u00e9alisation de centaines de projets \u00e0 impact.<\/p>\n","protected":false},"excerpt":{"rendered":"<p>Dpress L\u2019\u00c9cole Mohammadia d\u2019Ing\u00e9nieurs (EMI) a abrit\u00e9, mardi \u00e0 Rabat, la 7\u00e8 \u00e9dition de son Entrepreneurial Summit, visant \u00e0 pr\u00e9senter des parcours entrepreneuriaux inspirants tout en contribuant \u00e0 forger un nouveau&nbsp;monde des affaires et de l\u2019entrepreneuriat. Cet \u00e9v\u00e9nement, port\u00e9 par le club \u00e9tudiant Enactus EMI, affili\u00e9 au r\u00e9seau mondial Enactus, sp\u00e9cialis\u00e9 dans la promotion de &hellip;<\/p>\n","protected":false},"author":2,"featured_media":29613,"comment_status":"open","ping_status":"open","sticky":false,"template":"","format":"standard","meta":{"footnotes":""},"categories":[25],"tags":[],"class_list":["post-29612","post","type-post","status-publish","format-standard","has-post-thumbnail","hentry","category-economie"],"yoast_head":"<!-- This site is optimized with the Yoast SEO plugin v27.5 - https:\/\/yoast.com\/product\/yoast-seo-wordpress\/ -->\n<title>Rabat: L\u2019EMI accueille son 7\u00e8 Entrepreneurial Summit - Dpress.ma\/fr<\/title>\n<meta name=\"robots\" content=\"index, follow, max-snippet:-1, max-image-preview:large, max-video-preview:-1\" \/>\n<link rel=\"canonical\" href=\"https:\/\/dpress.ma\/fr\/2026\/04\/29\/rabat-lemi-accueille-son-7e-entrepreneurial-summit\/\" \/>\n<meta property=\"og:locale\" content=\"fr_FR\" \/>\n<meta property=\"og:type\" content=\"article\" \/>\n<meta property=\"og:title\" content=\"Rabat: L\u2019EMI accueille son 7\u00e8 Entrepreneurial Summit - Dpress.ma\/fr\" \/>\n<meta property=\"og:description\" content=\"Dpress L\u2019\u00c9cole Mohammadia d\u2019Ing\u00e9nieurs (EMI) a abrit\u00e9, mardi \u00e0 Rabat, la 7\u00e8 \u00e9dition de son Entrepreneurial Summit, visant \u00e0 pr\u00e9senter des parcours entrepreneuriaux inspirants tout en contribuant \u00e0 forger un nouveau&nbsp;monde des affaires et de l\u2019entrepreneuriat. Cet \u00e9v\u00e9nement, port\u00e9 par le club \u00e9tudiant Enactus EMI, affili\u00e9 au r\u00e9seau mondial Enactus, sp\u00e9cialis\u00e9 dans la promotion de &hellip;\" \/>\n<meta property=\"og:url\" content=\"https:\/\/dpress.ma\/fr\/2026\/04\/29\/rabat-lemi-accueille-son-7e-entrepreneurial-summit\/\" \/>\n<meta property=\"og:site_name\" content=\"Dpress.ma\/fr\" \/>\n<meta property=\"article:published_time\" content=\"2026-04-29T14:07:03+00:00\" \/>\n<meta property=\"article:modified_time\" content=\"2026-04-29T14:07:05+00:00\" \/>\n<meta property=\"og:image\" content=\"https:\/\/dpress.ma\/fr\/wp-content\/uploads\/sites\/2\/2026\/04\/342.jpg\" \/>\n\t<meta property=\"og:image:width\" content=\"2539\" \/>\n\t<meta property=\"og:image:height\" content=\"1594\" \/>\n\t<meta property=\"og:image:type\" content=\"image\/jpeg\" \/>\n<meta name=\"author\" content=\"Dpress.ma\" \/>\n<meta name=\"twitter:card\" content=\"summary_large_image\" \/>\n<meta name=\"twitter:label1\" content=\"\u00c9crit par\" \/>\n\t<meta name=\"twitter:data1\" content=\"Dpress.ma\" \/>\n\t<meta name=\"twitter:label2\" content=\"Dur\u00e9e de lecture estim\u00e9e\" \/>\n\t<meta name=\"twitter:data2\" content=\"3 minutes\" \/>\n<script type=\"application\/ld+json\" class=\"yoast-schema-graph\">{\"@context\":\"https:\\\/\\\/schema.org\",\"@graph\":[{\"@type\":\"Article\",\"@id\":\"https:\\\/\\\/dpress.ma\\\/fr\\\/2026\\\/04\\\/29\\\/rabat-lemi-accueille-son-7e-entrepreneurial-summit\\\/#article\",\"isPartOf\":{\"@id\":\"https:\\\/\\\/dpress.ma\\\/fr\\\/2026\\\/04\\\/29\\\/rabat-lemi-accueille-son-7e-entrepreneurial-summit\\\/\"},\"author\":{\"name\":\"Dpress.ma\",\"@id\":\"https:\\\/\\\/dpress.ma\\\/fr\\\/#\\\/schema\\\/person\\\/4898febf3ccd59e6578d838656a306a0\"},\"headline\":\"Rabat: L\u2019EMI accueille son 7\u00e8 Entrepreneurial Summit\",\"datePublished\":\"2026-04-29T14:07:03+00:00\",\"dateModified\":\"2026-04-29T14:07:05+00:00\",\"mainEntityOfPage\":{\"@id\":\"https:\\\/\\\/dpress.ma\\\/fr\\\/2026\\\/04\\\/29\\\/rabat-lemi-accueille-son-7e-entrepreneurial-summit\\\/\"},\"wordCount\":534,\"commentCount\":0,\"image\":{\"@id\":\"https:\\\/\\\/dpress.ma\\\/fr\\\/2026\\\/04\\\/29\\\/rabat-lemi-accueille-son-7e-entrepreneurial-summit\\\/#primaryimage\"},\"thumbnailUrl\":\"https:\\\/\\\/dpress.ma\\\/fr\\\/wp-content\\\/uploads\\\/sites\\\/2\\\/2026\\\/04\\\/342.jpg\",\"articleSection\":[\"\u00c9conomie\"],\"inLanguage\":\"fr-FR\",\"potentialAction\":[{\"@type\":\"CommentAction\",\"name\":\"Comment\",\"target\":[\"https:\\\/\\\/dpress.ma\\\/fr\\\/2026\\\/04\\\/29\\\/rabat-lemi-accueille-son-7e-entrepreneurial-summit\\\/#respond\"]}]},{\"@type\":\"WebPage\",\"@id\":\"https:\\\/\\\/dpress.ma\\\/fr\\\/2026\\\/04\\\/29\\\/rabat-lemi-accueille-son-7e-entrepreneurial-summit\\\/\",\"url\":\"https:\\\/\\\/dpress.ma\\\/fr\\\/2026\\\/04\\\/29\\\/rabat-lemi-accueille-son-7e-entrepreneurial-summit\\\/\",\"name\":\"Rabat: L\u2019EMI accueille son 7\u00e8 Entrepreneurial Summit - Dpress.ma\\\/fr\",\"isPartOf\":{\"@id\":\"https:\\\/\\\/dpress.ma\\\/fr\\\/#website\"},\"primaryImageOfPage\":{\"@id\":\"https:\\\/\\\/dpress.ma\\\/fr\\\/2026\\\/04\\\/29\\\/rabat-lemi-accueille-son-7e-entrepreneurial-summit\\\/#primaryimage\"},\"image\":{\"@id\":\"https:\\\/\\\/dpress.ma\\\/fr\\\/2026\\\/04\\\/29\\\/rabat-lemi-accueille-son-7e-entrepreneurial-summit\\\/#primaryimage\"},\"thumbnailUrl\":\"https:\\\/\\\/dpress.ma\\\/fr\\\/wp-content\\\/uploads\\\/sites\\\/2\\\/2026\\\/04\\\/342.jpg\",\"datePublished\":\"2026-04-29T14:07:03+00:00\",\"dateModified\":\"2026-04-29T14:07:05+00:00\",\"author\":{\"@id\":\"https:\\\/\\\/dpress.ma\\\/fr\\\/#\\\/schema\\\/person\\\/4898febf3ccd59e6578d838656a306a0\"},\"breadcrumb\":{\"@id\":\"https:\\\/\\\/dpress.ma\\\/fr\\\/2026\\\/04\\\/29\\\/rabat-lemi-accueille-son-7e-entrepreneurial-summit\\\/#breadcrumb\"},\"inLanguage\":\"fr-FR\",\"potentialAction\":[{\"@type\":\"ReadAction\",\"target\":[\"https:\\\/\\\/dpress.ma\\\/fr\\\/2026\\\/04\\\/29\\\/rabat-lemi-accueille-son-7e-entrepreneurial-summit\\\/\"]}]},{\"@type\":\"ImageObject\",\"inLanguage\":\"fr-FR\",\"@id\":\"https:\\\/\\\/dpress.ma\\\/fr\\\/2026\\\/04\\\/29\\\/rabat-lemi-accueille-son-7e-entrepreneurial-summit\\\/#primaryimage\",\"url\":\"https:\\\/\\\/dpress.ma\\\/fr\\\/wp-content\\\/uploads\\\/sites\\\/2\\\/2026\\\/04\\\/342.jpg\",\"contentUrl\":\"https:\\\/\\\/dpress.ma\\\/fr\\\/wp-content\\\/uploads\\\/sites\\\/2\\\/2026\\\/04\\\/342.jpg\",\"width\":2539,\"height\":1594},{\"@type\":\"BreadcrumbList\",\"@id\":\"https:\\\/\\\/dpress.ma\\\/fr\\\/2026\\\/04\\\/29\\\/rabat-lemi-accueille-son-7e-entrepreneurial-summit\\\/#breadcrumb\",\"itemListElement\":[{\"@type\":\"ListItem\",\"position\":1,\"name\":\"Home\",\"item\":\"https:\\\/\\\/dpress.ma\\\/fr\\\/\"},{\"@type\":\"ListItem\",\"position\":2,\"name\":\"Rabat: L\u2019EMI accueille son 7\u00e8 Entrepreneurial Summit\"}]},{\"@type\":\"WebSite\",\"@id\":\"https:\\\/\\\/dpress.ma\\\/fr\\\/#website\",\"url\":\"https:\\\/\\\/dpress.ma\\\/fr\\\/\",\"name\":\"Dpress.ma\\\/fr\",\"description\":\"\",\"potentialAction\":[{\"@type\":\"SearchAction\",\"target\":{\"@type\":\"EntryPoint\",\"urlTemplate\":\"https:\\\/\\\/dpress.ma\\\/fr\\\/?s={search_term_string}\"},\"query-input\":{\"@type\":\"PropertyValueSpecification\",\"valueRequired\":true,\"valueName\":\"search_term_string\"}}],\"inLanguage\":\"fr-FR\"},{\"@type\":\"Person\",\"@id\":\"https:\\\/\\\/dpress.ma\\\/fr\\\/#\\\/schema\\\/person\\\/4898febf3ccd59e6578d838656a306a0\",\"name\":\"Dpress.ma\",\"image\":{\"@type\":\"ImageObject\",\"inLanguage\":\"fr-FR\",\"@id\":\"https:\\\/\\\/secure.gravatar.com\\\/avatar\\\/72ecc30e9db047a2e0e7176561eb9d564ed77c8108376495b19bd8336405198a?s=96&d=mm&r=g\",\"url\":\"https:\\\/\\\/secure.gravatar.com\\\/avatar\\\/72ecc30e9db047a2e0e7176561eb9d564ed77c8108376495b19bd8336405198a?s=96&d=mm&r=g\",\"contentUrl\":\"https:\\\/\\\/secure.gravatar.com\\\/avatar\\\/72ecc30e9db047a2e0e7176561eb9d564ed77c8108376495b19bd8336405198a?s=96&d=mm&r=g\",\"caption\":\"Dpress.ma\"},\"sameAs\":[\"https:\\\/\\\/www.dpress.ma\"],\"url\":\"https:\\\/\\\/dpress.ma\\\/fr\\\/author\\\/dpress-ma\\\/\"}]}<\/script>\n<!-- \/ Yoast SEO plugin. -->","yoast_head_json":{"title":"Rabat: L\u2019EMI accueille son 7\u00e8 Entrepreneurial Summit - Dpress.ma\/fr","robots":{"index":"index","follow":"follow","max-snippet":"max-snippet:-1","max-image-preview":"max-image-preview:large","max-video-preview":"max-video-preview:-1"},"canonical":"https:\/\/dpress.ma\/fr\/2026\/04\/29\/rabat-lemi-accueille-son-7e-entrepreneurial-summit\/","og_locale":"fr_FR","og_type":"article","og_title":"Rabat: L\u2019EMI accueille son 7\u00e8 Entrepreneurial Summit - Dpress.ma\/fr","og_description":"Dpress L\u2019\u00c9cole Mohammadia d\u2019Ing\u00e9nieurs (EMI) a abrit\u00e9, mardi \u00e0 Rabat, la 7\u00e8 \u00e9dition de son Entrepreneurial Summit, visant \u00e0 pr\u00e9senter des parcours entrepreneuriaux inspirants tout en contribuant \u00e0 forger un nouveau&nbsp;monde des affaires et de l\u2019entrepreneuriat. Cet \u00e9v\u00e9nement, port\u00e9 par le club \u00e9tudiant Enactus EMI, affili\u00e9 au r\u00e9seau mondial Enactus, sp\u00e9cialis\u00e9 dans la promotion de &hellip;","og_url":"https:\/\/dpress.ma\/fr\/2026\/04\/29\/rabat-lemi-accueille-son-7e-entrepreneurial-summit\/","og_site_name":"Dpress.ma\/fr","article_published_time":"2026-04-29T14:07:03+00:00","article_modified_time":"2026-04-29T14:07:05+00:00","og_image":[{"width":2539,"height":1594,"url":"https:\/\/dpress.ma\/fr\/wp-content\/uploads\/sites\/2\/2026\/04\/342.jpg","type":"image\/jpeg"}],"author":"Dpress.ma","twitter_card":"summary_large_image","twitter_misc":{"\u00c9crit par":"Dpress.ma","Dur\u00e9e de lecture estim\u00e9e":"3 minutes"},"schema":{"@context":"https:\/\/schema.org","@graph":[{"@type":"Article","@id":"https:\/\/dpress.ma\/fr\/2026\/04\/29\/rabat-lemi-accueille-son-7e-entrepreneurial-summit\/#article","isPartOf":{"@id":"https:\/\/dpress.ma\/fr\/2026\/04\/29\/rabat-lemi-accueille-son-7e-entrepreneurial-summit\/"},"author":{"name":"Dpress.ma","@id":"https:\/\/dpress.ma\/fr\/#\/schema\/person\/4898febf3ccd59e6578d838656a306a0"},"headline":"Rabat: L\u2019EMI accueille son 7\u00e8 Entrepreneurial Summit","datePublished":"2026-04-29T14:07:03+00:00","dateModified":"2026-04-29T14:07:05+00:00","mainEntityOfPage":{"@id":"https:\/\/dpress.ma\/fr\/2026\/04\/29\/rabat-lemi-accueille-son-7e-entrepreneurial-summit\/"},"wordCount":534,"commentCount":0,"image":{"@id":"https:\/\/dpress.ma\/fr\/2026\/04\/29\/rabat-lemi-accueille-son-7e-entrepreneurial-summit\/#primaryimage"},"thumbnailUrl":"https:\/\/dpress.ma\/fr\/wp-content\/uploads\/sites\/2\/2026\/04\/342.jpg","articleSection":["\u00c9conomie"],"inLanguage":"fr-FR","potentialAction":[{"@type":"CommentAction","name":"Comment","target":["https:\/\/dpress.ma\/fr\/2026\/04\/29\/rabat-lemi-accueille-son-7e-entrepreneurial-summit\/#respond"]}]},{"@type":"WebPage","@id":"https:\/\/dpress.ma\/fr\/2026\/04\/29\/rabat-lemi-accueille-son-7e-entrepreneurial-summit\/","url":"https:\/\/dpress.ma\/fr\/2026\/04\/29\/rabat-lemi-accueille-son-7e-entrepreneurial-summit\/","name":"Rabat: L\u2019EMI accueille son 7\u00e8 Entrepreneurial Summit - Dpress.ma\/fr","isPartOf":{"@id":"https:\/\/dpress.ma\/fr\/#website"},"primaryImageOfPage":{"@id":"https:\/\/dpress.ma\/fr\/2026\/04\/29\/rabat-lemi-accueille-son-7e-entrepreneurial-summit\/#primaryimage"},"image":{"@id":"https:\/\/dpress.ma\/fr\/2026\/04\/29\/rabat-lemi-accueille-son-7e-entrepreneurial-summit\/#primaryimage"},"thumbnailUrl":"https:\/\/dpress.ma\/fr\/wp-content\/uploads\/sites\/2\/2026\/04\/342.jpg","datePublished":"2026-04-29T14:07:03+00:00","dateModified":"2026-04-29T14:07:05+00:00","author":{"@id":"https:\/\/dpress.ma\/fr\/#\/schema\/person\/4898febf3ccd59e6578d838656a306a0"},"breadcrumb":{"@id":"https:\/\/dpress.ma\/fr\/2026\/04\/29\/rabat-lemi-accueille-son-7e-entrepreneurial-summit\/#breadcrumb"},"inLanguage":"fr-FR","potentialAction":[{"@type":"ReadAction","target":["https:\/\/dpress.ma\/fr\/2026\/04\/29\/rabat-lemi-accueille-son-7e-entrepreneurial-summit\/"]}]},{"@type":"ImageObject","inLanguage":"fr-FR","@id":"https:\/\/dpress.ma\/fr\/2026\/04\/29\/rabat-lemi-accueille-son-7e-entrepreneurial-summit\/#primaryimage","url":"https:\/\/dpress.ma\/fr\/wp-content\/uploads\/sites\/2\/2026\/04\/342.jpg","contentUrl":"https:\/\/dpress.ma\/fr\/wp-content\/uploads\/sites\/2\/2026\/04\/342.jpg","width":2539,"height":1594},{"@type":"BreadcrumbList","@id":"https:\/\/dpress.ma\/fr\/2026\/04\/29\/rabat-lemi-accueille-son-7e-entrepreneurial-summit\/#breadcrumb","itemListElement":[{"@type":"ListItem","position":1,"name":"Home","item":"https:\/\/dpress.ma\/fr\/"},{"@type":"ListItem","position":2,"name":"Rabat: L\u2019EMI accueille son 7\u00e8 Entrepreneurial Summit"}]},{"@type":"WebSite","@id":"https:\/\/dpress.ma\/fr\/#website","url":"https:\/\/dpress.ma\/fr\/","name":"Dpress.ma\/fr","description":"","potentialAction":[{"@type":"SearchAction","target":{"@type":"EntryPoint","urlTemplate":"https:\/\/dpress.ma\/fr\/?s={search_term_string}"},"query-input":{"@type":"PropertyValueSpecification","valueRequired":true,"valueName":"search_term_string"}}],"inLanguage":"fr-FR"},{"@type":"Person","@id":"https:\/\/dpress.ma\/fr\/#\/schema\/person\/4898febf3ccd59e6578d838656a306a0","name":"Dpress.ma","image":{"@type":"ImageObject","inLanguage":"fr-FR","@id":"https:\/\/secure.gravatar.com\/avatar\/72ecc30e9db047a2e0e7176561eb9d564ed77c8108376495b19bd8336405198a?s=96&d=mm&r=g","url":"https:\/\/secure.gravatar.com\/avatar\/72ecc30e9db047a2e0e7176561eb9d564ed77c8108376495b19bd8336405198a?s=96&d=mm&r=g","contentUrl":"https:\/\/secure.gravatar.com\/avatar\/72ecc30e9db047a2e0e7176561eb9d564ed77c8108376495b19bd8336405198a?s=96&d=mm&r=g","caption":"Dpress.ma"},"sameAs":["https:\/\/www.dpress.ma"],"url":"https:\/\/dpress.ma\/fr\/author\/dpress-ma\/"}]}},"amp_enabled":true,"_links":{"self":[{"href":"https:\/\/dpress.ma\/fr\/wp-json\/wp\/v2\/posts\/29612","targetHints":{"allow":["GET"]}}],"collection":[{"href":"https:\/\/dpress.ma\/fr\/wp-json\/wp\/v2\/posts"}],"about":[{"href":"https:\/\/dpress.ma\/fr\/wp-json\/wp\/v2\/types\/post"}],"author":[{"embeddable":true,"href":"https:\/\/dpress.ma\/fr\/wp-json\/wp\/v2\/users\/2"}],"replies":[{"embeddable":true,"href":"https:\/\/dpress.ma\/fr\/wp-json\/wp\/v2\/comments?post=29612"}],"version-history":[{"count":1,"href":"https:\/\/dpress.ma\/fr\/wp-json\/wp\/v2\/posts\/29612\/revisions"}],"predecessor-version":[{"id":29614,"href":"https:\/\/dpress.ma\/fr\/wp-json\/wp\/v2\/posts\/29612\/revisions\/29614"}],"wp:featuredmedia":[{"embeddable":true,"href":"https:\/\/dpress.ma\/fr\/wp-json\/wp\/v2\/media\/29613"}],"wp:attachment":[{"href":"https:\/\/dpress.ma\/fr\/wp-json\/wp\/v2\/media?parent=29612"}],"wp:term":[{"taxonomy":"category","embeddable":true,"href":"https:\/\/dpress.ma\/fr\/wp-json\/wp\/v2\/categories?post=29612"},{"taxonomy":"post_tag","embeddable":true,"href":"https:\/\/dpress.ma\/fr\/wp-json\/wp\/v2\/tags?post=29612"}],"curies":[{"name":"wp","href":"https:\/\/api.w.org\/{rel}","templated":true}]}}